{"id":310935,"date":"2025-06-20T05:59:42","date_gmt":"2025-06-20T09:59:42","guid":{"rendered":"https:\/\/www.eldiario.net\/portal\/?p=310935"},"modified":"2025-06-20T05:59:42","modified_gmt":"2025-06-20T09:59:42","slug":"descenso-de-temperaturas-continuara-hasta-el-domingo","status":"publish","type":"post","link":"https:\/\/www.eldiario.net\/portal\/2025\/06\/20\/descenso-de-temperaturas-continuara-hasta-el-domingo\/","title":{"rendered":"Descenso de temperaturas  continuar\u00e1 hasta el domingo"},"content":{"rendered":"<p class=\"v1MsoNormal\"><span lang=\"ES\">Se espera que las lluvias permanezcan durante toda la jornada del feriado en la capital oriental. Tambi\u00e9n se prev\u00e9n precipitaciones el domingo.<\/span><\/p>\n<p class=\"v1MsoNormal\"><span lang=\"ES\">Seg\u00fan los pron\u00f3sticos meteorol\u00f3gicos, actualmente se registra una temperatura de 13 \u00b0C, con cielos completamente cubiertos y alta probabilidad de lluvias durante todo el d\u00eda. La m\u00ednima alcanz\u00f3 los 11 \u00b0C y se presentan vientos del sureste a 47 km\/h.<\/span><\/p>\n<p class=\"v1MsoNormal\"><span lang=\"ES\">Durante la tarde, se prev\u00e9n temperaturas entre 14 y 15 \u00b0C, con vientos del sureste a 42 km\/h. Por la noche, la m\u00ednima ser\u00e1 de 13 \u00b0C y la m\u00e1xima de 14 \u00b0C.<\/span><\/p>\n<p class=\"v1MsoNormal\"><span lang=\"ES\">Asimismo, Marisol Portugal, jefa de la Unidad de Pron\u00f3sticos, se\u00f1al\u00f3 que por los ingresos de frentes fr\u00edos en esta temporada invernal los descensos m\u00e1s abruptos de temperatura se registrar\u00e1n hasta el mes de agosto. Y recalc\u00f3 que las zonas del pa\u00eds con las temperaturas m\u00e1s bajas son el sector suroeste y el altiplano con 15 grados bajo cero.<\/span><\/p>\n<p class=\"v1MsoNormal\"><span lang=\"ES\">\u201cEstamos en per\u00edodo de invierno por tanto los descensos de temperatura van a continuar hasta el mes de agosto\u201d, puntualiz\u00f3.<\/span><\/p>\n<p class=\"v1MsoNormal\"><span lang=\"ES\">El Senamhi recomend\u00f3 a la poblaci\u00f3n tomar en cuenta los avisos y alertas climatol\u00f3gicos. Abrigarse y tener a mano el paraguas ya que no se descartan lluvias dispersas.<\/span><\/p>\n<p class=\"v1MsoNormal\"><span lang=\"ES\">\u00a0<\/span><\/p>\n<p class=\"v1MsoNormal\"><span lang=\"ES\">PRON\u00d3STICOS<\/span><\/p>\n<p class=\"v1MsoNormal\"><span lang=\"ES\">Viernes: Persisten las lluvias y los cielos nublados. Se espera una m\u00e1xima de 19 \u00b0C y una m\u00ednima de 14 \u00b0C, con vientos del sureste a 44 km\/h.<\/span><\/p>\n<p class=\"v1MsoNormal\"><span lang=\"ES\">S\u00e1bado: Los cielos estar\u00e1n parcialmente nublados. La temperatura oscilar\u00e1 entre una m\u00ednima de 17 \u00b0C y una m\u00e1xima de 22 \u00b0C, con vientos del noroeste a 49 km\/h.<\/span><\/p>\n<p class=\"v1MsoNormal\"><span lang=\"ES\">Domingo: Se anticipan cielos parcialmente nublados con probabilidad de lluvias. La m\u00ednima se mantendr\u00e1 en 17 \u00b0C y la m\u00e1xima ascender\u00e1 a 25 \u00b0C, con fuertes vientos del noroeste de hasta 86 km\/h.<\/span><\/p>\n","protected":false},"excerpt":{"rendered":"<p>Se espera que las lluvias permanezcan durante toda la jornada del feriado en la capital oriental. Tambi\u00e9n se prev\u00e9n precipitaciones el domingo. Seg\u00fan los pron\u00f3sticos meteorol\u00f3gicos, actualmente se registra una temperatura de 13 \u00b0C, con cielos completamente cubiertos y alta probabilidad de lluvias durante todo el d\u00eda. La m\u00ednima alcanz\u00f3 los 11 \u00b0C y se [&hellip;]<\/p>\n","protected":false},"author":1,"featured_media":310936,"comment_status":"closed","ping_status":"open","sticky":false,"template":"","format":"standard","meta":{"_acf_changed":false,"footnotes":""},"categories":[12],"tags":[],"class_list":["post-310935","post","type-post","status-publish","format-standard","has-post-thumbnail","category-nacional"],"acf":{"antetitulo":"   Sur en Santa Cruz"},"yoast_head":"<!-- This site is optimized with the Yoast SEO plugin v28.4 - https:\/\/yoast.com\/product\/yoast-seo-wordpress\/ -->\n<title>Descenso de temperaturas continuar\u00e1 hasta el domingo - El Diario - Bolivia<\/title>\n<meta name=\"robots\" content=\"index, follow, max-snippet:-1, max-image-preview:large, max-video-preview:-1\" \/>\n<link rel=\"canonical\" href=\"https:\/\/www.eldiario.net\/portal\/2025\/06\/20\/descenso-de-temperaturas-continuara-hasta-el-domingo\/\" \/>\n<meta property=\"og:locale\" content=\"es_ES\" \/>\n<meta property=\"og:type\" content=\"article\" \/>\n<meta property=\"og:title\" content=\"Descenso de temperaturas continuar\u00e1 hasta el domingo - El Diario - Bolivia\" \/>\n<meta property=\"og:description\" content=\"Se espera que las lluvias permanezcan durante toda la jornada del feriado en la capital oriental. Tambi\u00e9n se prev\u00e9n precipitaciones el domingo. Seg\u00fan los pron\u00f3sticos meteorol\u00f3gicos, actualmente se registra una temperatura de 13 \u00b0C, con cielos completamente cubiertos y alta probabilidad de lluvias durante todo el d\u00eda. La m\u00ednima alcanz\u00f3 los 11 \u00b0C y se [&hellip;]\" \/>\n<meta property=\"og:url\" content=\"https:\/\/www.eldiario.net\/portal\/2025\/06\/20\/descenso-de-temperaturas-continuara-hasta-el-domingo\/\" \/>\n<meta property=\"og:site_name\" content=\"El Diario - Bolivia\" \/>\n<meta property=\"article:publisher\" content=\"https:\/\/www.facebook.com\/eldiario.bolivia\/\" \/>\n<meta property=\"article:published_time\" content=\"2025-06-20T09:59:42+00:00\" \/>\n<meta property=\"og:image\" content=\"https:\/\/www.eldiario.net\/portal\/wp-content\/uploads\/2025\/06\/frio-unitel.webp\" \/>\n\t<meta property=\"og:image:width\" content=\"800\" \/>\n\t<meta property=\"og:image:height\" content=\"450\" \/>\n\t<meta property=\"og:image:type\" content=\"image\/webp\" \/>\n<meta name=\"author\" content=\"Jeanette\" \/>\n<meta name=\"twitter:card\" content=\"summary_large_image\" \/>\n<meta name=\"twitter:creator\" content=\"@eldiario_net\" \/>\n<meta name=\"twitter:site\" content=\"@eldiario_net\" \/>\n<meta name=\"twitter:label1\" content=\"Escrito por\" \/>\n\t<meta name=\"twitter:data1\" content=\"Jeanette\" \/>\n\t<meta name=\"twitter:label2\" content=\"Tiempo de lectura\" \/>\n\t<meta name=\"twitter:data2\" content=\"2 minutos\" \/>\n<script type=\"application\/ld+json\" class=\"yoast-schema-graph\">{\"@context\":\"https:\\\/\\\/schema.org\",\"@graph\":[{\"@type\":\"Article\",\"@id\":\"https:\\\/\\\/www.eldiario.net\\\/portal\\\/2025\\\/06\\\/20\\\/descenso-de-temperaturas-continuara-hasta-el-domingo\\\/#article\",\"isPartOf\":{\"@id\":\"https:\\\/\\\/www.eldiario.net\\\/portal\\\/2025\\\/06\\\/20\\\/descenso-de-temperaturas-continuara-hasta-el-domingo\\\/\"},\"author\":{\"name\":\"Jeanette\",\"@id\":\"https:\\\/\\\/www.eldiario.net\\\/portal\\\/#\\\/schema\\\/person\\\/f46445640444750d7d753ccd04ae01b7\"},\"headline\":\"Descenso de temperaturas continuar\u00e1 hasta el domingo\",\"datePublished\":\"2025-06-20T09:59:42+00:00\",\"mainEntityOfPage\":{\"@id\":\"https:\\\/\\\/www.eldiario.net\\\/portal\\\/2025\\\/06\\\/20\\\/descenso-de-temperaturas-continuara-hasta-el-domingo\\\/\"},\"wordCount\":314,\"publisher\":{\"@id\":\"https:\\\/\\\/www.eldiario.net\\\/portal\\\/#organization\"},\"image\":{\"@id\":\"https:\\\/\\\/www.eldiario.net\\\/portal\\\/2025\\\/06\\\/20\\\/descenso-de-temperaturas-continuara-hasta-el-domingo\\\/#primaryimage\"},\"thumbnailUrl\":\"https:\\\/\\\/www.eldiario.net\\\/portal\\\/wp-content\\\/uploads\\\/2025\\\/06\\\/frio-unitel.webp\",\"articleSection\":[\"Nacional\"],\"inLanguage\":\"es\"},{\"@type\":\"WebPage\",\"@id\":\"https:\\\/\\\/www.eldiario.net\\\/portal\\\/2025\\\/06\\\/20\\\/descenso-de-temperaturas-continuara-hasta-el-domingo\\\/\",\"url\":\"https:\\\/\\\/www.eldiario.net\\\/portal\\\/2025\\\/06\\\/20\\\/descenso-de-temperaturas-continuara-hasta-el-domingo\\\/\",\"name\":\"Descenso de temperaturas continuar\u00e1 hasta el domingo - El Diario - Bolivia\",\"isPartOf\":{\"@id\":\"https:\\\/\\\/www.eldiario.net\\\/portal\\\/#website\"},\"primaryImageOfPage\":{\"@id\":\"https:\\\/\\\/www.eldiario.net\\\/portal\\\/2025\\\/06\\\/20\\\/descenso-de-temperaturas-continuara-hasta-el-domingo\\\/#primaryimage\"},\"image\":{\"@id\":\"https:\\\/\\\/www.eldiario.net\\\/portal\\\/2025\\\/06\\\/20\\\/descenso-de-temperaturas-continuara-hasta-el-domingo\\\/#primaryimage\"},\"thumbnailUrl\":\"https:\\\/\\\/www.eldiario.net\\\/portal\\\/wp-content\\\/uploads\\\/2025\\\/06\\\/frio-unitel.webp\",\"datePublished\":\"2025-06-20T09:59:42+00:00\",\"breadcrumb\":{\"@id\":\"https:\\\/\\\/www.eldiario.net\\\/portal\\\/2025\\\/06\\\/20\\\/descenso-de-temperaturas-continuara-hasta-el-domingo\\\/#breadcrumb\"},\"inLanguage\":\"es\",\"potentialAction\":[{\"@type\":\"ReadAction\",\"target\":[\"https:\\\/\\\/www.eldiario.net\\\/portal\\\/2025\\\/06\\\/20\\\/descenso-de-temperaturas-continuara-hasta-el-domingo\\\/\"]}]},{\"@type\":\"ImageObject\",\"inLanguage\":\"es\",\"@id\":\"https:\\\/\\\/www.eldiario.net\\\/portal\\\/2025\\\/06\\\/20\\\/descenso-de-temperaturas-continuara-hasta-el-domingo\\\/#primaryimage\",\"url\":\"https:\\\/\\\/www.eldiario.net\\\/portal\\\/wp-content\\\/uploads\\\/2025\\\/06\\\/frio-unitel.webp\",\"contentUrl\":\"https:\\\/\\\/www.eldiario.net\\\/portal\\\/wp-content\\\/uploads\\\/2025\\\/06\\\/frio-unitel.webp\",\"width\":800,\"height\":450,\"caption\":\"Un nuevo frente fr\u00edo de corta duraci\u00f3n en Santa Cruz. CREDITO: Unitel\"},{\"@type\":\"BreadcrumbList\",\"@id\":\"https:\\\/\\\/www.eldiario.net\\\/portal\\\/2025\\\/06\\\/20\\\/descenso-de-temperaturas-continuara-hasta-el-domingo\\\/#breadcrumb\",\"itemListElement\":[{\"@type\":\"ListItem\",\"position\":1,\"name\":\"Portada\",\"item\":\"https:\\\/\\\/www.eldiario.net\\\/portal\\\/\"},{\"@type\":\"ListItem\",\"position\":2,\"name\":\"Descenso de temperaturas continuar\u00e1 hasta el domingo\"}]},{\"@type\":\"WebSite\",\"@id\":\"https:\\\/\\\/www.eldiario.net\\\/portal\\\/#website\",\"url\":\"https:\\\/\\\/www.eldiario.net\\\/portal\\\/\",\"name\":\"El Diario - Decano de la prensa nacional\",\"description\":\"El Diario - Decano de la prensa nacional\",\"publisher\":{\"@id\":\"https:\\\/\\\/www.eldiario.net\\\/portal\\\/#organization\"},\"potentialAction\":[{\"@type\":\"SearchAction\",\"target\":{\"@type\":\"EntryPoint\",\"urlTemplate\":\"https:\\\/\\\/www.eldiario.net\\\/portal\\\/?s={search_term_string}\"},\"query-input\":{\"@type\":\"PropertyValueSpecification\",\"valueRequired\":true,\"valueName\":\"search_term_string\"}}],\"inLanguage\":\"es\"},{\"@type\":\"Organization\",\"@id\":\"https:\\\/\\\/www.eldiario.net\\\/portal\\\/#organization\",\"name\":\"El Diario - Decano de la prensa nacional\",\"url\":\"https:\\\/\\\/www.eldiario.net\\\/portal\\\/\",\"logo\":{\"@type\":\"ImageObject\",\"inLanguage\":\"es\",\"@id\":\"https:\\\/\\\/www.eldiario.net\\\/portal\\\/#\\\/schema\\\/logo\\\/image\\\/\",\"url\":\"https:\\\/\\\/www.eldiario.net\\\/portal\\\/wp-content\\\/uploads\\\/2023\\\/07\\\/logo_ED.jpg\",\"contentUrl\":\"https:\\\/\\\/www.eldiario.net\\\/portal\\\/wp-content\\\/uploads\\\/2023\\\/07\\\/logo_ED.jpg\",\"width\":272,\"height\":52,\"caption\":\"El Diario - Decano de la prensa nacional\"},\"image\":{\"@id\":\"https:\\\/\\\/www.eldiario.net\\\/portal\\\/#\\\/schema\\\/logo\\\/image\\\/\"},\"sameAs\":[\"https:\\\/\\\/www.facebook.com\\\/eldiario.bolivia\\\/\",\"https:\\\/\\\/x.com\\\/eldiario_net\"]},{\"@type\":\"Person\",\"@id\":\"https:\\\/\\\/www.eldiario.net\\\/portal\\\/#\\\/schema\\\/person\\\/f46445640444750d7d753ccd04ae01b7\",\"name\":\"Jeanette\",\"image\":{\"@type\":\"ImageObject\",\"inLanguage\":\"es\",\"@id\":\"https:\\\/\\\/secure.gravatar.com\\\/avatar\\\/3ea2118a5f7dad2b7138b1187a6b7ee55f160b9968b66013c3a3ef39dd7e5798?s=96&d=mm&r=g\",\"url\":\"https:\\\/\\\/secure.gravatar.com\\\/avatar\\\/3ea2118a5f7dad2b7138b1187a6b7ee55f160b9968b66013c3a3ef39dd7e5798?s=96&d=mm&r=g\",\"contentUrl\":\"https:\\\/\\\/secure.gravatar.com\\\/avatar\\\/3ea2118a5f7dad2b7138b1187a6b7ee55f160b9968b66013c3a3ef39dd7e5798?s=96&d=mm&r=g\",\"caption\":\"Jeanette\"},\"sameAs\":[\"https:\\\/\\\/www.eldiario.net\\\/portal\"],\"url\":\"https:\\\/\\\/www.eldiario.net\\\/portal\\\/author\\\/jeanette\\\/\"}]}<\/script>\n<!-- \/ Yoast SEO plugin. -->","yoast_head_json":{"title":"Descenso de temperaturas continuar\u00e1 hasta el domingo - El Diario - Bolivia","robots":{"index":"index","follow":"follow","max-snippet":"max-snippet:-1","max-image-preview":"max-image-preview:large","max-video-preview":"max-video-preview:-1"},"canonical":"https:\/\/www.eldiario.net\/portal\/2025\/06\/20\/descenso-de-temperaturas-continuara-hasta-el-domingo\/","og_locale":"es_ES","og_type":"article","og_title":"Descenso de temperaturas continuar\u00e1 hasta el domingo - El Diario - Bolivia","og_description":"Se espera que las lluvias permanezcan durante toda la jornada del feriado en la capital oriental. Tambi\u00e9n se prev\u00e9n precipitaciones el domingo. Seg\u00fan los pron\u00f3sticos meteorol\u00f3gicos, actualmente se registra una temperatura de 13 \u00b0C, con cielos completamente cubiertos y alta probabilidad de lluvias durante todo el d\u00eda. La m\u00ednima alcanz\u00f3 los 11 \u00b0C y se [&hellip;]","og_url":"https:\/\/www.eldiario.net\/portal\/2025\/06\/20\/descenso-de-temperaturas-continuara-hasta-el-domingo\/","og_site_name":"El Diario - Bolivia","article_publisher":"https:\/\/www.facebook.com\/eldiario.bolivia\/","article_published_time":"2025-06-20T09:59:42+00:00","og_image":[{"width":800,"height":450,"url":"https:\/\/www.eldiario.net\/portal\/wp-content\/uploads\/2025\/06\/frio-unitel.webp","type":"image\/webp"}],"author":"Jeanette","twitter_card":"summary_large_image","twitter_creator":"@eldiario_net","twitter_site":"@eldiario_net","twitter_misc":{"Escrito por":"Jeanette","Tiempo de lectura":"2 minutos"},"schema":{"@context":"https:\/\/schema.org","@graph":[{"@type":"Article","@id":"https:\/\/www.eldiario.net\/portal\/2025\/06\/20\/descenso-de-temperaturas-continuara-hasta-el-domingo\/#article","isPartOf":{"@id":"https:\/\/www.eldiario.net\/portal\/2025\/06\/20\/descenso-de-temperaturas-continuara-hasta-el-domingo\/"},"author":{"name":"Jeanette","@id":"https:\/\/www.eldiario.net\/portal\/#\/schema\/person\/f46445640444750d7d753ccd04ae01b7"},"headline":"Descenso de temperaturas continuar\u00e1 hasta el domingo","datePublished":"2025-06-20T09:59:42+00:00","mainEntityOfPage":{"@id":"https:\/\/www.eldiario.net\/portal\/2025\/06\/20\/descenso-de-temperaturas-continuara-hasta-el-domingo\/"},"wordCount":314,"publisher":{"@id":"https:\/\/www.eldiario.net\/portal\/#organization"},"image":{"@id":"https:\/\/www.eldiario.net\/portal\/2025\/06\/20\/descenso-de-temperaturas-continuara-hasta-el-domingo\/#primaryimage"},"thumbnailUrl":"https:\/\/www.eldiario.net\/portal\/wp-content\/uploads\/2025\/06\/frio-unitel.webp","articleSection":["Nacional"],"inLanguage":"es"},{"@type":"WebPage","@id":"https:\/\/www.eldiario.net\/portal\/2025\/06\/20\/descenso-de-temperaturas-continuara-hasta-el-domingo\/","url":"https:\/\/www.eldiario.net\/portal\/2025\/06\/20\/descenso-de-temperaturas-continuara-hasta-el-domingo\/","name":"Descenso de temperaturas continuar\u00e1 hasta el domingo - El Diario - Bolivia","isPartOf":{"@id":"https:\/\/www.eldiario.net\/portal\/#website"},"primaryImageOfPage":{"@id":"https:\/\/www.eldiario.net\/portal\/2025\/06\/20\/descenso-de-temperaturas-continuara-hasta-el-domingo\/#primaryimage"},"image":{"@id":"https:\/\/www.eldiario.net\/portal\/2025\/06\/20\/descenso-de-temperaturas-continuara-hasta-el-domingo\/#primaryimage"},"thumbnailUrl":"https:\/\/www.eldiario.net\/portal\/wp-content\/uploads\/2025\/06\/frio-unitel.webp","datePublished":"2025-06-20T09:59:42+00:00","breadcrumb":{"@id":"https:\/\/www.eldiario.net\/portal\/2025\/06\/20\/descenso-de-temperaturas-continuara-hasta-el-domingo\/#breadcrumb"},"inLanguage":"es","potentialAction":[{"@type":"ReadAction","target":["https:\/\/www.eldiario.net\/portal\/2025\/06\/20\/descenso-de-temperaturas-continuara-hasta-el-domingo\/"]}]},{"@type":"ImageObject","inLanguage":"es","@id":"https:\/\/www.eldiario.net\/portal\/2025\/06\/20\/descenso-de-temperaturas-continuara-hasta-el-domingo\/#primaryimage","url":"https:\/\/www.eldiario.net\/portal\/wp-content\/uploads\/2025\/06\/frio-unitel.webp","contentUrl":"https:\/\/www.eldiario.net\/portal\/wp-content\/uploads\/2025\/06\/frio-unitel.webp","width":800,"height":450,"caption":"Un nuevo frente fr\u00edo de corta duraci\u00f3n en Santa Cruz. CREDITO: Unitel"},{"@type":"BreadcrumbList","@id":"https:\/\/www.eldiario.net\/portal\/2025\/06\/20\/descenso-de-temperaturas-continuara-hasta-el-domingo\/#breadcrumb","itemListElement":[{"@type":"ListItem","position":1,"name":"Portada","item":"https:\/\/www.eldiario.net\/portal\/"},{"@type":"ListItem","position":2,"name":"Descenso de temperaturas continuar\u00e1 hasta el domingo"}]},{"@type":"WebSite","@id":"https:\/\/www.eldiario.net\/portal\/#website","url":"https:\/\/www.eldiario.net\/portal\/","name":"El Diario - Decano de la prensa nacional","description":"El Diario - Decano de la prensa nacional","publisher":{"@id":"https:\/\/www.eldiario.net\/portal\/#organization"},"potentialAction":[{"@type":"SearchAction","target":{"@type":"EntryPoint","urlTemplate":"https:\/\/www.eldiario.net\/portal\/?s={search_term_string}"},"query-input":{"@type":"PropertyValueSpecification","valueRequired":true,"valueName":"search_term_string"}}],"inLanguage":"es"},{"@type":"Organization","@id":"https:\/\/www.eldiario.net\/portal\/#organization","name":"El Diario - Decano de la prensa nacional","url":"https:\/\/www.eldiario.net\/portal\/","logo":{"@type":"ImageObject","inLanguage":"es","@id":"https:\/\/www.eldiario.net\/portal\/#\/schema\/logo\/image\/","url":"https:\/\/www.eldiario.net\/portal\/wp-content\/uploads\/2023\/07\/logo_ED.jpg","contentUrl":"https:\/\/www.eldiario.net\/portal\/wp-content\/uploads\/2023\/07\/logo_ED.jpg","width":272,"height":52,"caption":"El Diario - Decano de la prensa nacional"},"image":{"@id":"https:\/\/www.eldiario.net\/portal\/#\/schema\/logo\/image\/"},"sameAs":["https:\/\/www.facebook.com\/eldiario.bolivia\/","https:\/\/x.com\/eldiario_net"]},{"@type":"Person","@id":"https:\/\/www.eldiario.net\/portal\/#\/schema\/person\/f46445640444750d7d753ccd04ae01b7","name":"Jeanette","image":{"@type":"ImageObject","inLanguage":"es","@id":"https:\/\/secure.gravatar.com\/avatar\/3ea2118a5f7dad2b7138b1187a6b7ee55f160b9968b66013c3a3ef39dd7e5798?s=96&d=mm&r=g","url":"https:\/\/secure.gravatar.com\/avatar\/3ea2118a5f7dad2b7138b1187a6b7ee55f160b9968b66013c3a3ef39dd7e5798?s=96&d=mm&r=g","contentUrl":"https:\/\/secure.gravatar.com\/avatar\/3ea2118a5f7dad2b7138b1187a6b7ee55f160b9968b66013c3a3ef39dd7e5798?s=96&d=mm&r=g","caption":"Jeanette"},"sameAs":["https:\/\/www.eldiario.net\/portal"],"url":"https:\/\/www.eldiario.net\/portal\/author\/jeanette\/"}]}},"_links":{"self":[{"href":"https:\/\/www.eldiario.net\/portal\/wp-json\/wp\/v2\/posts\/310935","targetHints":{"allow":["GET"]}}],"collection":[{"href":"https:\/\/www.eldiario.net\/portal\/wp-json\/wp\/v2\/posts"}],"about":[{"href":"https:\/\/www.eldiario.net\/portal\/wp-json\/wp\/v2\/types\/post"}],"author":[{"embeddable":true,"href":"https:\/\/www.eldiario.net\/portal\/wp-json\/wp\/v2\/users\/1"}],"replies":[{"embeddable":true,"href":"https:\/\/www.eldiario.net\/portal\/wp-json\/wp\/v2\/comments?post=310935"}],"version-history":[{"count":1,"href":"https:\/\/www.eldiario.net\/portal\/wp-json\/wp\/v2\/posts\/310935\/revisions"}],"predecessor-version":[{"id":310937,"href":"https:\/\/www.eldiario.net\/portal\/wp-json\/wp\/v2\/posts\/310935\/revisions\/310937"}],"wp:featuredmedia":[{"embeddable":true,"href":"https:\/\/www.eldiario.net\/portal\/wp-json\/wp\/v2\/media\/310936"}],"wp:attachment":[{"href":"https:\/\/www.eldiario.net\/portal\/wp-json\/wp\/v2\/media?parent=310935"}],"wp:term":[{"taxonomy":"category","embeddable":true,"href":"https:\/\/www.eldiario.net\/portal\/wp-json\/wp\/v2\/categories?post=310935"},{"taxonomy":"post_tag","embeddable":true,"href":"https:\/\/www.eldiario.net\/portal\/wp-json\/wp\/v2\/tags?post=310935"}],"curies":[{"name":"wp","href":"https:\/\/api.w.org\/{rel}","templated":true}]}}