{"id":310932,"date":"2025-06-20T05:58:52","date_gmt":"2025-06-20T09:58:52","guid":{"rendered":"https:\/\/www.eldiario.net\/portal\/?p=310932"},"modified":"2025-06-20T05:58:52","modified_gmt":"2025-06-20T09:58:52","slug":"casos-de-sarampion-se-duplican-en-santa-cruz","status":"publish","type":"post","link":"https:\/\/www.eldiario.net\/portal\/2025\/06\/20\/casos-de-sarampion-se-duplican-en-santa-cruz\/","title":{"rendered":"Casos de Sarampi\u00f3n se  duplican en Santa Cruz"},"content":{"rendered":"<p class=\"v1MsoNormal\"><span lang=\"ES\">El director del Servicio Departamental de Salud (Sedes) Santa Cruz, Jaime Bilbao, alert\u00f3 sobre la existencia de seis casos sospechosos en una colonia rural. Por esta raz\u00f3n, se est\u00e1n desplegando brigadas m\u00e9dicas a las zonas afectadas para realizar bloqueos sanitarios y campa\u00f1as de vacunaci\u00f3n.<\/span><\/p>\n<p class=\"v1MsoNormal\"><span lang=\"ES\">El sarampi\u00f3n ha vuelto a causar preocupaci\u00f3n en Bolivia, especialmente en el departamento de Santa Cruz, donde los casos confirmados se duplicaron en pocos d\u00edas.<\/span><\/p>\n<p class=\"v1MsoNormal\"><span lang=\"ES\">La cifra oficial asciende ahora a 14 personas contagiadas, seg\u00fan confirm\u00f3 el viceministro de Promoci\u00f3n, Vigilancia Epidemiol\u00f3gica y Medicina Tradicional, Max Enr\u00edquez Nava, quien se\u00f1al\u00f3 que Santa Cruz se ha convertido en el epicentro del brote.<\/span><\/p>\n<p class=\"v1MsoNormal\"><span lang=\"ES\">De los 14 casos confirmados, seis son de la ciudad capital, mientras que los otros ocho se han reportado en diferentes provincias, incluyendo Porongo, San Miguel de Velasco, San Pedro, Montero, Vallegrande, La Guardia, Santa Rosa del Sara y San Juan.<\/span><\/p>\n<p class=\"v1MsoNormal\"><span lang=\"ES\">El sarampi\u00f3n ha vuelto a causar preocupaci\u00f3n en Bolivia, especialmente en el departamento de Santa Cruz, donde los casos confirmados se duplicaron en pocos d\u00edas.<\/span><\/p>\n<p class=\"v1MsoNormal\"><span lang=\"ES\">\u201cSeguimos teniendo casos positivos. Hasta hace tres d\u00edas ten\u00edamos ocho confirmados; ahora se han sumado seis m\u00e1s, y la mayor\u00eda son de zonas rurales\u201d, inform\u00f3 Jaime Bilbao, director del Servicio Departamental de Salud (Sedes) Santa Cruz.<\/span><\/p>\n<p class=\"v1MsoNormal\"><span lang=\"ES\">Bilbao tambi\u00e9n alert\u00f3 sobre la existencia de seis casos sospechosos en una colonia rural, en coordinaci\u00f3n con el Ministerio de Salud y los gobiernos municipales correspondientes. Por esta raz\u00f3n, se est\u00e1n desplegando brigadas m\u00e9dicas a las zonas afectadas para realizar bloqueos sanitarios y campa\u00f1as de vacunaci\u00f3n.<\/span><\/p>\n<p class=\"v1MsoNormal\"><span lang=\"ES\">\u201cSe est\u00e1 mandando a los contactos m\u00e1s cercanos y ah\u00ed se procede a hacer un bloqueo. Los padres deben llevar a sus hijos a completar o iniciar sus esquemas de vacunaci\u00f3n\u201d, inst\u00f3 el viceministro Enr\u00edquez.<\/span><\/p>\n<p class=\"v1MsoNormal\"><span lang=\"ES\">Ante este panorama, el Ministerio de Salud activ\u00f3 una alerta epidemiol\u00f3gica nacional e intensific\u00f3 la vigilancia en todo el pa\u00eds, aunque los esfuerzos est\u00e1n concentrados en Santa Cruz, donde se han movilizado equipos de respuesta r\u00e1pida para controlar la propagaci\u00f3n del virus.<\/span><\/p>\n<p class=\"v1MsoNormal\"><span lang=\"ES\">Las autoridades de salud recalcan la importancia de la vacunaci\u00f3n infantil como principal medida de protecci\u00f3n. El llamado es urgente: los menores deben contar con su esquema de vacunaci\u00f3n completo para evitar complicaciones graves y nuevos contagios. (Red Uno)<\/span><\/p>\n","protected":false},"excerpt":{"rendered":"<p>El director del Servicio Departamental de Salud (Sedes) Santa Cruz, Jaime Bilbao, alert\u00f3 sobre la existencia de seis casos sospechosos en una colonia rural. Por esta raz\u00f3n, se est\u00e1n desplegando brigadas m\u00e9dicas a las zonas afectadas para realizar bloqueos sanitarios y campa\u00f1as de vacunaci\u00f3n. El sarampi\u00f3n ha vuelto a causar preocupaci\u00f3n en Bolivia, especialmente en [&hellip;]<\/p>\n","protected":false},"author":1,"featured_media":310933,"comment_status":"closed","ping_status":"open","sticky":false,"template":"","format":"standard","meta":{"_acf_changed":false,"footnotes":""},"categories":[12],"tags":[],"class_list":["post-310932","post","type-post","status-publish","format-standard","has-post-thumbnail","category-nacional"],"acf":{"antetitulo":"Ya suman 14"},"yoast_head":"<!-- This site is optimized with the Yoast SEO plugin v28.4 - https:\/\/yoast.com\/product\/yoast-seo-wordpress\/ -->\n<title>Casos de Sarampi\u00f3n se duplican en Santa Cruz - El Diario - Bolivia<\/title>\n<meta name=\"robots\" content=\"index, follow, max-snippet:-1, max-image-preview:large, max-video-preview:-1\" \/>\n<link rel=\"canonical\" href=\"https:\/\/www.eldiario.net\/portal\/2025\/06\/20\/casos-de-sarampion-se-duplican-en-santa-cruz\/\" \/>\n<meta property=\"og:locale\" content=\"es_ES\" \/>\n<meta property=\"og:type\" content=\"article\" \/>\n<meta property=\"og:title\" content=\"Casos de Sarampi\u00f3n se duplican en Santa Cruz - El Diario - Bolivia\" \/>\n<meta property=\"og:description\" content=\"El director del Servicio Departamental de Salud (Sedes) Santa Cruz, Jaime Bilbao, alert\u00f3 sobre la existencia de seis casos sospechosos en una colonia rural. Por esta raz\u00f3n, se est\u00e1n desplegando brigadas m\u00e9dicas a las zonas afectadas para realizar bloqueos sanitarios y campa\u00f1as de vacunaci\u00f3n. El sarampi\u00f3n ha vuelto a causar preocupaci\u00f3n en Bolivia, especialmente en [&hellip;]\" \/>\n<meta property=\"og:url\" content=\"https:\/\/www.eldiario.net\/portal\/2025\/06\/20\/casos-de-sarampion-se-duplican-en-santa-cruz\/\" \/>\n<meta property=\"og:site_name\" content=\"El Diario - Bolivia\" \/>\n<meta property=\"article:publisher\" content=\"https:\/\/www.facebook.com\/eldiario.bolivia\/\" \/>\n<meta property=\"article:published_time\" content=\"2025-06-20T09:58:52+00:00\" \/>\n<meta property=\"og:image\" content=\"https:\/\/www.eldiario.net\/portal\/wp-content\/uploads\/2025\/06\/Sarampion-red-uno.webp\" \/>\n\t<meta property=\"og:image:width\" content=\"800\" \/>\n\t<meta property=\"og:image:height\" content=\"450\" \/>\n\t<meta property=\"og:image:type\" content=\"image\/webp\" \/>\n<meta name=\"author\" content=\"Jeanette\" \/>\n<meta name=\"twitter:card\" content=\"summary_large_image\" \/>\n<meta name=\"twitter:creator\" content=\"@eldiario_net\" \/>\n<meta name=\"twitter:site\" content=\"@eldiario_net\" \/>\n<meta name=\"twitter:label1\" content=\"Escrito por\" \/>\n\t<meta name=\"twitter:data1\" content=\"Jeanette\" \/>\n\t<meta name=\"twitter:label2\" content=\"Tiempo de lectura\" \/>\n\t<meta name=\"twitter:data2\" content=\"2 minutos\" \/>\n<script type=\"application\/ld+json\" class=\"yoast-schema-graph\">{\"@context\":\"https:\\\/\\\/schema.org\",\"@graph\":[{\"@type\":\"Article\",\"@id\":\"https:\\\/\\\/www.eldiario.net\\\/portal\\\/2025\\\/06\\\/20\\\/casos-de-sarampion-se-duplican-en-santa-cruz\\\/#article\",\"isPartOf\":{\"@id\":\"https:\\\/\\\/www.eldiario.net\\\/portal\\\/2025\\\/06\\\/20\\\/casos-de-sarampion-se-duplican-en-santa-cruz\\\/\"},\"author\":{\"name\":\"Jeanette\",\"@id\":\"https:\\\/\\\/www.eldiario.net\\\/portal\\\/#\\\/schema\\\/person\\\/f46445640444750d7d753ccd04ae01b7\"},\"headline\":\"Casos de Sarampi\u00f3n se duplican en Santa Cruz\",\"datePublished\":\"2025-06-20T09:58:52+00:00\",\"mainEntityOfPage\":{\"@id\":\"https:\\\/\\\/www.eldiario.net\\\/portal\\\/2025\\\/06\\\/20\\\/casos-de-sarampion-se-duplican-en-santa-cruz\\\/\"},\"wordCount\":414,\"publisher\":{\"@id\":\"https:\\\/\\\/www.eldiario.net\\\/portal\\\/#organization\"},\"image\":{\"@id\":\"https:\\\/\\\/www.eldiario.net\\\/portal\\\/2025\\\/06\\\/20\\\/casos-de-sarampion-se-duplican-en-santa-cruz\\\/#primaryimage\"},\"thumbnailUrl\":\"https:\\\/\\\/www.eldiario.net\\\/portal\\\/wp-content\\\/uploads\\\/2025\\\/06\\\/Sarampion-red-uno.webp\",\"articleSection\":[\"Nacional\"],\"inLanguage\":\"es\"},{\"@type\":\"WebPage\",\"@id\":\"https:\\\/\\\/www.eldiario.net\\\/portal\\\/2025\\\/06\\\/20\\\/casos-de-sarampion-se-duplican-en-santa-cruz\\\/\",\"url\":\"https:\\\/\\\/www.eldiario.net\\\/portal\\\/2025\\\/06\\\/20\\\/casos-de-sarampion-se-duplican-en-santa-cruz\\\/\",\"name\":\"Casos de Sarampi\u00f3n se duplican en Santa Cruz - El Diario - Bolivia\",\"isPartOf\":{\"@id\":\"https:\\\/\\\/www.eldiario.net\\\/portal\\\/#website\"},\"primaryImageOfPage\":{\"@id\":\"https:\\\/\\\/www.eldiario.net\\\/portal\\\/2025\\\/06\\\/20\\\/casos-de-sarampion-se-duplican-en-santa-cruz\\\/#primaryimage\"},\"image\":{\"@id\":\"https:\\\/\\\/www.eldiario.net\\\/portal\\\/2025\\\/06\\\/20\\\/casos-de-sarampion-se-duplican-en-santa-cruz\\\/#primaryimage\"},\"thumbnailUrl\":\"https:\\\/\\\/www.eldiario.net\\\/portal\\\/wp-content\\\/uploads\\\/2025\\\/06\\\/Sarampion-red-uno.webp\",\"datePublished\":\"2025-06-20T09:58:52+00:00\",\"breadcrumb\":{\"@id\":\"https:\\\/\\\/www.eldiario.net\\\/portal\\\/2025\\\/06\\\/20\\\/casos-de-sarampion-se-duplican-en-santa-cruz\\\/#breadcrumb\"},\"inLanguage\":\"es\",\"potentialAction\":[{\"@type\":\"ReadAction\",\"target\":[\"https:\\\/\\\/www.eldiario.net\\\/portal\\\/2025\\\/06\\\/20\\\/casos-de-sarampion-se-duplican-en-santa-cruz\\\/\"]}]},{\"@type\":\"ImageObject\",\"inLanguage\":\"es\",\"@id\":\"https:\\\/\\\/www.eldiario.net\\\/portal\\\/2025\\\/06\\\/20\\\/casos-de-sarampion-se-duplican-en-santa-cruz\\\/#primaryimage\",\"url\":\"https:\\\/\\\/www.eldiario.net\\\/portal\\\/wp-content\\\/uploads\\\/2025\\\/06\\\/Sarampion-red-uno.webp\",\"contentUrl\":\"https:\\\/\\\/www.eldiario.net\\\/portal\\\/wp-content\\\/uploads\\\/2025\\\/06\\\/Sarampion-red-uno.webp\",\"width\":800,\"height\":450,\"caption\":\"Se duplican los casos de sarampi\u00f3n y Santa Cruz es el epicentro. FOTO: Red Uno.\"},{\"@type\":\"BreadcrumbList\",\"@id\":\"https:\\\/\\\/www.eldiario.net\\\/portal\\\/2025\\\/06\\\/20\\\/casos-de-sarampion-se-duplican-en-santa-cruz\\\/#breadcrumb\",\"itemListElement\":[{\"@type\":\"ListItem\",\"position\":1,\"name\":\"Portada\",\"item\":\"https:\\\/\\\/www.eldiario.net\\\/portal\\\/\"},{\"@type\":\"ListItem\",\"position\":2,\"name\":\"Casos de Sarampi\u00f3n se duplican en Santa Cruz\"}]},{\"@type\":\"WebSite\",\"@id\":\"https:\\\/\\\/www.eldiario.net\\\/portal\\\/#website\",\"url\":\"https:\\\/\\\/www.eldiario.net\\\/portal\\\/\",\"name\":\"El Diario - Decano de la prensa nacional\",\"description\":\"El Diario - Decano de la prensa nacional\",\"publisher\":{\"@id\":\"https:\\\/\\\/www.eldiario.net\\\/portal\\\/#organization\"},\"potentialAction\":[{\"@type\":\"SearchAction\",\"target\":{\"@type\":\"EntryPoint\",\"urlTemplate\":\"https:\\\/\\\/www.eldiario.net\\\/portal\\\/?s={search_term_string}\"},\"query-input\":{\"@type\":\"PropertyValueSpecification\",\"valueRequired\":true,\"valueName\":\"search_term_string\"}}],\"inLanguage\":\"es\"},{\"@type\":\"Organization\",\"@id\":\"https:\\\/\\\/www.eldiario.net\\\/portal\\\/#organization\",\"name\":\"El Diario - Decano de la prensa nacional\",\"url\":\"https:\\\/\\\/www.eldiario.net\\\/portal\\\/\",\"logo\":{\"@type\":\"ImageObject\",\"inLanguage\":\"es\",\"@id\":\"https:\\\/\\\/www.eldiario.net\\\/portal\\\/#\\\/schema\\\/logo\\\/image\\\/\",\"url\":\"https:\\\/\\\/www.eldiario.net\\\/portal\\\/wp-content\\\/uploads\\\/2023\\\/07\\\/logo_ED.jpg\",\"contentUrl\":\"https:\\\/\\\/www.eldiario.net\\\/portal\\\/wp-content\\\/uploads\\\/2023\\\/07\\\/logo_ED.jpg\",\"width\":272,\"height\":52,\"caption\":\"El Diario - Decano de la prensa nacional\"},\"image\":{\"@id\":\"https:\\\/\\\/www.eldiario.net\\\/portal\\\/#\\\/schema\\\/logo\\\/image\\\/\"},\"sameAs\":[\"https:\\\/\\\/www.facebook.com\\\/eldiario.bolivia\\\/\",\"https:\\\/\\\/x.com\\\/eldiario_net\"]},{\"@type\":\"Person\",\"@id\":\"https:\\\/\\\/www.eldiario.net\\\/portal\\\/#\\\/schema\\\/person\\\/f46445640444750d7d753ccd04ae01b7\",\"name\":\"Jeanette\",\"image\":{\"@type\":\"ImageObject\",\"inLanguage\":\"es\",\"@id\":\"https:\\\/\\\/secure.gravatar.com\\\/avatar\\\/3ea2118a5f7dad2b7138b1187a6b7ee55f160b9968b66013c3a3ef39dd7e5798?s=96&d=mm&r=g\",\"url\":\"https:\\\/\\\/secure.gravatar.com\\\/avatar\\\/3ea2118a5f7dad2b7138b1187a6b7ee55f160b9968b66013c3a3ef39dd7e5798?s=96&d=mm&r=g\",\"contentUrl\":\"https:\\\/\\\/secure.gravatar.com\\\/avatar\\\/3ea2118a5f7dad2b7138b1187a6b7ee55f160b9968b66013c3a3ef39dd7e5798?s=96&d=mm&r=g\",\"caption\":\"Jeanette\"},\"sameAs\":[\"https:\\\/\\\/www.eldiario.net\\\/portal\"],\"url\":\"https:\\\/\\\/www.eldiario.net\\\/portal\\\/author\\\/jeanette\\\/\"}]}<\/script>\n<!-- \/ Yoast SEO plugin. -->","yoast_head_json":{"title":"Casos de Sarampi\u00f3n se duplican en Santa Cruz - El Diario - Bolivia","robots":{"index":"index","follow":"follow","max-snippet":"max-snippet:-1","max-image-preview":"max-image-preview:large","max-video-preview":"max-video-preview:-1"},"canonical":"https:\/\/www.eldiario.net\/portal\/2025\/06\/20\/casos-de-sarampion-se-duplican-en-santa-cruz\/","og_locale":"es_ES","og_type":"article","og_title":"Casos de Sarampi\u00f3n se duplican en Santa Cruz - El Diario - Bolivia","og_description":"El director del Servicio Departamental de Salud (Sedes) Santa Cruz, Jaime Bilbao, alert\u00f3 sobre la existencia de seis casos sospechosos en una colonia rural. Por esta raz\u00f3n, se est\u00e1n desplegando brigadas m\u00e9dicas a las zonas afectadas para realizar bloqueos sanitarios y campa\u00f1as de vacunaci\u00f3n. El sarampi\u00f3n ha vuelto a causar preocupaci\u00f3n en Bolivia, especialmente en [&hellip;]","og_url":"https:\/\/www.eldiario.net\/portal\/2025\/06\/20\/casos-de-sarampion-se-duplican-en-santa-cruz\/","og_site_name":"El Diario - Bolivia","article_publisher":"https:\/\/www.facebook.com\/eldiario.bolivia\/","article_published_time":"2025-06-20T09:58:52+00:00","og_image":[{"width":800,"height":450,"url":"https:\/\/www.eldiario.net\/portal\/wp-content\/uploads\/2025\/06\/Sarampion-red-uno.webp","type":"image\/webp"}],"author":"Jeanette","twitter_card":"summary_large_image","twitter_creator":"@eldiario_net","twitter_site":"@eldiario_net","twitter_misc":{"Escrito por":"Jeanette","Tiempo de lectura":"2 minutos"},"schema":{"@context":"https:\/\/schema.org","@graph":[{"@type":"Article","@id":"https:\/\/www.eldiario.net\/portal\/2025\/06\/20\/casos-de-sarampion-se-duplican-en-santa-cruz\/#article","isPartOf":{"@id":"https:\/\/www.eldiario.net\/portal\/2025\/06\/20\/casos-de-sarampion-se-duplican-en-santa-cruz\/"},"author":{"name":"Jeanette","@id":"https:\/\/www.eldiario.net\/portal\/#\/schema\/person\/f46445640444750d7d753ccd04ae01b7"},"headline":"Casos de Sarampi\u00f3n se duplican en Santa Cruz","datePublished":"2025-06-20T09:58:52+00:00","mainEntityOfPage":{"@id":"https:\/\/www.eldiario.net\/portal\/2025\/06\/20\/casos-de-sarampion-se-duplican-en-santa-cruz\/"},"wordCount":414,"publisher":{"@id":"https:\/\/www.eldiario.net\/portal\/#organization"},"image":{"@id":"https:\/\/www.eldiario.net\/portal\/2025\/06\/20\/casos-de-sarampion-se-duplican-en-santa-cruz\/#primaryimage"},"thumbnailUrl":"https:\/\/www.eldiario.net\/portal\/wp-content\/uploads\/2025\/06\/Sarampion-red-uno.webp","articleSection":["Nacional"],"inLanguage":"es"},{"@type":"WebPage","@id":"https:\/\/www.eldiario.net\/portal\/2025\/06\/20\/casos-de-sarampion-se-duplican-en-santa-cruz\/","url":"https:\/\/www.eldiario.net\/portal\/2025\/06\/20\/casos-de-sarampion-se-duplican-en-santa-cruz\/","name":"Casos de Sarampi\u00f3n se duplican en Santa Cruz - El Diario - Bolivia","isPartOf":{"@id":"https:\/\/www.eldiario.net\/portal\/#website"},"primaryImageOfPage":{"@id":"https:\/\/www.eldiario.net\/portal\/2025\/06\/20\/casos-de-sarampion-se-duplican-en-santa-cruz\/#primaryimage"},"image":{"@id":"https:\/\/www.eldiario.net\/portal\/2025\/06\/20\/casos-de-sarampion-se-duplican-en-santa-cruz\/#primaryimage"},"thumbnailUrl":"https:\/\/www.eldiario.net\/portal\/wp-content\/uploads\/2025\/06\/Sarampion-red-uno.webp","datePublished":"2025-06-20T09:58:52+00:00","breadcrumb":{"@id":"https:\/\/www.eldiario.net\/portal\/2025\/06\/20\/casos-de-sarampion-se-duplican-en-santa-cruz\/#breadcrumb"},"inLanguage":"es","potentialAction":[{"@type":"ReadAction","target":["https:\/\/www.eldiario.net\/portal\/2025\/06\/20\/casos-de-sarampion-se-duplican-en-santa-cruz\/"]}]},{"@type":"ImageObject","inLanguage":"es","@id":"https:\/\/www.eldiario.net\/portal\/2025\/06\/20\/casos-de-sarampion-se-duplican-en-santa-cruz\/#primaryimage","url":"https:\/\/www.eldiario.net\/portal\/wp-content\/uploads\/2025\/06\/Sarampion-red-uno.webp","contentUrl":"https:\/\/www.eldiario.net\/portal\/wp-content\/uploads\/2025\/06\/Sarampion-red-uno.webp","width":800,"height":450,"caption":"Se duplican los casos de sarampi\u00f3n y Santa Cruz es el epicentro. FOTO: Red Uno."},{"@type":"BreadcrumbList","@id":"https:\/\/www.eldiario.net\/portal\/2025\/06\/20\/casos-de-sarampion-se-duplican-en-santa-cruz\/#breadcrumb","itemListElement":[{"@type":"ListItem","position":1,"name":"Portada","item":"https:\/\/www.eldiario.net\/portal\/"},{"@type":"ListItem","position":2,"name":"Casos de Sarampi\u00f3n se duplican en Santa Cruz"}]},{"@type":"WebSite","@id":"https:\/\/www.eldiario.net\/portal\/#website","url":"https:\/\/www.eldiario.net\/portal\/","name":"El Diario - Decano de la prensa nacional","description":"El Diario - Decano de la prensa nacional","publisher":{"@id":"https:\/\/www.eldiario.net\/portal\/#organization"},"potentialAction":[{"@type":"SearchAction","target":{"@type":"EntryPoint","urlTemplate":"https:\/\/www.eldiario.net\/portal\/?s={search_term_string}"},"query-input":{"@type":"PropertyValueSpecification","valueRequired":true,"valueName":"search_term_string"}}],"inLanguage":"es"},{"@type":"Organization","@id":"https:\/\/www.eldiario.net\/portal\/#organization","name":"El Diario - Decano de la prensa nacional","url":"https:\/\/www.eldiario.net\/portal\/","logo":{"@type":"ImageObject","inLanguage":"es","@id":"https:\/\/www.eldiario.net\/portal\/#\/schema\/logo\/image\/","url":"https:\/\/www.eldiario.net\/portal\/wp-content\/uploads\/2023\/07\/logo_ED.jpg","contentUrl":"https:\/\/www.eldiario.net\/portal\/wp-content\/uploads\/2023\/07\/logo_ED.jpg","width":272,"height":52,"caption":"El Diario - Decano de la prensa nacional"},"image":{"@id":"https:\/\/www.eldiario.net\/portal\/#\/schema\/logo\/image\/"},"sameAs":["https:\/\/www.facebook.com\/eldiario.bolivia\/","https:\/\/x.com\/eldiario_net"]},{"@type":"Person","@id":"https:\/\/www.eldiario.net\/portal\/#\/schema\/person\/f46445640444750d7d753ccd04ae01b7","name":"Jeanette","image":{"@type":"ImageObject","inLanguage":"es","@id":"https:\/\/secure.gravatar.com\/avatar\/3ea2118a5f7dad2b7138b1187a6b7ee55f160b9968b66013c3a3ef39dd7e5798?s=96&d=mm&r=g","url":"https:\/\/secure.gravatar.com\/avatar\/3ea2118a5f7dad2b7138b1187a6b7ee55f160b9968b66013c3a3ef39dd7e5798?s=96&d=mm&r=g","contentUrl":"https:\/\/secure.gravatar.com\/avatar\/3ea2118a5f7dad2b7138b1187a6b7ee55f160b9968b66013c3a3ef39dd7e5798?s=96&d=mm&r=g","caption":"Jeanette"},"sameAs":["https:\/\/www.eldiario.net\/portal"],"url":"https:\/\/www.eldiario.net\/portal\/author\/jeanette\/"}]}},"_links":{"self":[{"href":"https:\/\/www.eldiario.net\/portal\/wp-json\/wp\/v2\/posts\/310932","targetHints":{"allow":["GET"]}}],"collection":[{"href":"https:\/\/www.eldiario.net\/portal\/wp-json\/wp\/v2\/posts"}],"about":[{"href":"https:\/\/www.eldiario.net\/portal\/wp-json\/wp\/v2\/types\/post"}],"author":[{"embeddable":true,"href":"https:\/\/www.eldiario.net\/portal\/wp-json\/wp\/v2\/users\/1"}],"replies":[{"embeddable":true,"href":"https:\/\/www.eldiario.net\/portal\/wp-json\/wp\/v2\/comments?post=310932"}],"version-history":[{"count":1,"href":"https:\/\/www.eldiario.net\/portal\/wp-json\/wp\/v2\/posts\/310932\/revisions"}],"predecessor-version":[{"id":310934,"href":"https:\/\/www.eldiario.net\/portal\/wp-json\/wp\/v2\/posts\/310932\/revisions\/310934"}],"wp:featuredmedia":[{"embeddable":true,"href":"https:\/\/www.eldiario.net\/portal\/wp-json\/wp\/v2\/media\/310933"}],"wp:attachment":[{"href":"https:\/\/www.eldiario.net\/portal\/wp-json\/wp\/v2\/media?parent=310932"}],"wp:term":[{"taxonomy":"category","embeddable":true,"href":"https:\/\/www.eldiario.net\/portal\/wp-json\/wp\/v2\/categories?post=310932"},{"taxonomy":"post_tag","embeddable":true,"href":"https:\/\/www.eldiario.net\/portal\/wp-json\/wp\/v2\/tags?post=310932"}],"curies":[{"name":"wp","href":"https:\/\/api.w.org\/{rel}","templated":true}]}}