{"id":310929,"date":"2025-06-20T05:58:03","date_gmt":"2025-06-20T09:58:03","guid":{"rendered":"https:\/\/www.eldiario.net\/portal\/?p=310929"},"modified":"2025-06-20T05:58:03","modified_gmt":"2025-06-20T09:58:03","slug":"75-de-incendios-forestales-ocurrio-en-tierras-fiscales-de-santa-cruz-en-2024","status":"publish","type":"post","link":"https:\/\/www.eldiario.net\/portal\/2025\/06\/20\/75-de-incendios-forestales-ocurrio-en-tierras-fiscales-de-santa-cruz-en-2024\/","title":{"rendered":"75% de incendios forestales ocurri\u00f3 en  tierras fiscales de Santa Cruz en 2024"},"content":{"rendered":"<p class=\"v1MsoNormal\"><span lang=\"ES\">El 75% de los incendios forestales registrados en el departamento de Santa Cruz durante de la gesti\u00f3n 2024 ocurri\u00f3 en tierras fiscales o en proceso de saneamiento, sin presencia efectiva del Estado, revela un estudio elaborado por el Colegio de Ingenieros Agr\u00f3nomos de Bolivia (Ciab)<\/span><\/p>\n<p class=\"v1MsoNormal\"><span lang=\"ES\">\u201cEl incendio no es agropecuario. Es pol\u00edtico, social e institucional\u201d, afirm\u00f3 el ingeniero agr\u00f3nomo Juvenal Bonilla, presidente del CIAB. Seg\u00fan explic\u00f3, las zonas con actividad agropecuaria formalizada presentan los \u00edndices m\u00e1s bajos de quemas incontroladas.<\/span><\/p>\n<p class=\"v1MsoNormal\"><span lang=\"ES\">Los incendios forestales no son un problema exclusivo de Bolivia, se\u00f1ala el estudio. Representan una amenaza global exacerbada por condiciones clim\u00e1ticas extremas como la sequ\u00eda y fuertes vientos. Estos factores crean un escenario propicio para que los fuegos se propaguen r\u00e1pidamente hasta ser devastadores que afectan a diversos pa\u00edses.<\/span><\/p>\n<p class=\"v1MsoNormal\"><span lang=\"ES\">\u201cLa situaci\u00f3n en Bolivia es un reflejo de una problem\u00e1tica m\u00e1s amplia que exige soluciones tanto locales como internacionales\u201d, indic\u00f3 Bonilla.<\/span><\/p>\n<p class=\"v1MsoNormal\"><span lang=\"ES\">En 2024, Santa Cruz registr\u00f3 7,6 millones de hect\u00e1reas incendiadas, lo que representa una de cada cinco hect\u00e1reas del departamento. A pesar de la magnitud del evento, cabe apuntar que el estudio muestra que una constante de los \u00faltimos 15 a\u00f1os es que -luego de los incendios- no se dio un cambio de uso de suelo. Por ejemplo, despu\u00e9s de los incendios de 2019 (4,2 millones de hect\u00e1reas) la superficie cultivada creci\u00f3 un 0,45% anual hasta 2024, lo que demuestra una desvinculaci\u00f3n entre incendios y expansi\u00f3n agr\u00edcola.<\/span><\/p>\n<p class=\"v1MsoNormal\"><span lang=\"ES\">El informe destaca que en m\u00e1s del 90% de los casos, en los cuatro a\u00f1os posteriores a los de mayores incendios ocurridos desde 2010, las \u00e1reas afectadas paulatinamente retornaron a su cobertura natural, sin que se produzca un cambio de uso de suelo. \u201cNo hay evidencia de que los incendios masivos respondan a la intenci\u00f3n de habilitar tierras al cultivo\u201d, remarc\u00f3 Bonilla.<\/span><\/p>\n<p class=\"v1MsoNormal\"><span lang=\"ES\">Los municipios con mayor recurrencia de incendios \u2013San Mat\u00edas, Puerto Su\u00e1rez, Concepci\u00f3n y San Ignacio de Velasco\u2013 presentan caracter\u00edsticas comunes: tierras sin saneamiento concluido, ocupaciones irregulares y escasa fiscalizaci\u00f3n. \u201cDonde no hay Estado, hay incendio. El fuego avanza donde la institucionalidad se retira\u201d, agreg\u00f3 Bonilla.<\/span><\/p>\n<p class=\"v1MsoNormal\"><span lang=\"ES\">Adem\u00e1s del impacto ambiental, los incendios de 2024 tuvieron efectos directos sobre la salud p\u00fablica. Se reportaron m\u00e1s de 5.000 casos de enfermedades respiratorias vinculadas a la exposici\u00f3n al humo en provincias cruce\u00f1as, de acuerdo con registros m\u00e9dicos departamentales.<\/span><\/p>\n<p class=\"v1MsoNormal\"><span lang=\"ES\">El informe tambi\u00e9n revela que septiembre fue el mes m\u00e1s cr\u00edtico del a\u00f1o, con miles de focos de calor detectados por im\u00e1genes satelitales. Fue el registro m\u00e1s alto desde que se tiene monitoreo digital de incendios.<\/span><\/p>\n<p class=\"v1MsoNormal\"><span lang=\"ES\">El estudio sostiene que Bolivia cuenta con normativa para prevenir y controlar el uso del fuego, pero su aplicaci\u00f3n es limitada. \u201cEl problema no es la falta de leyes, sino la falta de recursos y voluntad pol\u00edtica para hacerlas cumplir\u201d, advirti\u00f3 Bonilla.<\/span><\/p>\n<p class=\"v1MsoNormal\"><span lang=\"ES\">Los autores del estudio recomiendan al Gobierno Nacional y a los gobiernos subnacionales fortalecer el Manejo Integral del Fuego, mejorar la vigilancia en tierras fiscales y garantizar el control efectivo del territorio. Proponen tambi\u00e9n mayor transparencia en los procesos de titulaci\u00f3n y ocupaci\u00f3n.<\/span><\/p>\n<p class=\"v1MsoNormal\"><span lang=\"ES\">\u201cSi el 75% de los incendios ocurre en tierras sin regulaci\u00f3n, la pregunta no es qui\u00e9n quema, sino por qu\u00e9 nadie controla esas tierras\u201d, concluy\u00f3 Bonilla, quien convoc\u00f3 a las autoridades a utilizar esta informaci\u00f3n t\u00e9cnica como base para nuevas estrategias de prevenci\u00f3n. (CIAB)<\/span><\/p>\n","protected":false},"excerpt":{"rendered":"<p>El 75% de los incendios forestales registrados en el departamento de Santa Cruz durante de la gesti\u00f3n 2024 ocurri\u00f3 en tierras fiscales o en proceso de saneamiento, sin presencia efectiva del Estado, revela un estudio elaborado por el Colegio de Ingenieros Agr\u00f3nomos de Bolivia (Ciab) \u201cEl incendio no es agropecuario. Es pol\u00edtico, social e institucional\u201d, [&hellip;]<\/p>\n","protected":false},"author":1,"featured_media":310930,"comment_status":"closed","ping_status":"open","sticky":false,"template":"","format":"standard","meta":{"_acf_changed":false,"footnotes":""},"categories":[12],"tags":[],"class_list":["post-310929","post","type-post","status-publish","format-standard","has-post-thumbnail","category-nacional"],"acf":{"antetitulo":"Estudio de Ciab"},"yoast_head":"<!-- This site is optimized with the Yoast SEO plugin v28.4 - https:\/\/yoast.com\/product\/yoast-seo-wordpress\/ -->\n<title>75% de incendios forestales ocurri\u00f3 en tierras fiscales de Santa Cruz en 2024 - El Diario - Bolivia<\/title>\n<meta name=\"robots\" content=\"index, follow, max-snippet:-1, max-image-preview:large, max-video-preview:-1\" \/>\n<link rel=\"canonical\" href=\"https:\/\/www.eldiario.net\/portal\/2025\/06\/20\/75-de-incendios-forestales-ocurrio-en-tierras-fiscales-de-santa-cruz-en-2024\/\" \/>\n<meta property=\"og:locale\" content=\"es_ES\" \/>\n<meta property=\"og:type\" content=\"article\" \/>\n<meta property=\"og:title\" content=\"75% de incendios forestales ocurri\u00f3 en tierras fiscales de Santa Cruz en 2024 - El Diario - Bolivia\" \/>\n<meta property=\"og:description\" content=\"El 75% de los incendios forestales registrados en el departamento de Santa Cruz durante de la gesti\u00f3n 2024 ocurri\u00f3 en tierras fiscales o en proceso de saneamiento, sin presencia efectiva del Estado, revela un estudio elaborado por el Colegio de Ingenieros Agr\u00f3nomos de Bolivia (Ciab) \u201cEl incendio no es agropecuario. Es pol\u00edtico, social e institucional\u201d, [&hellip;]\" \/>\n<meta property=\"og:url\" content=\"https:\/\/www.eldiario.net\/portal\/2025\/06\/20\/75-de-incendios-forestales-ocurrio-en-tierras-fiscales-de-santa-cruz-en-2024\/\" \/>\n<meta property=\"og:site_name\" content=\"El Diario - Bolivia\" \/>\n<meta property=\"article:publisher\" content=\"https:\/\/www.facebook.com\/eldiario.bolivia\/\" \/>\n<meta property=\"article:published_time\" content=\"2025-06-20T09:58:03+00:00\" \/>\n<meta property=\"og:image\" content=\"https:\/\/www.eldiario.net\/portal\/wp-content\/uploads\/2025\/06\/investigadores-ciab.webp\" \/>\n\t<meta property=\"og:image:width\" content=\"1280\" \/>\n\t<meta property=\"og:image:height\" content=\"1037\" \/>\n\t<meta property=\"og:image:type\" content=\"image\/webp\" \/>\n<meta name=\"author\" content=\"Jeanette\" \/>\n<meta name=\"twitter:card\" content=\"summary_large_image\" \/>\n<meta name=\"twitter:creator\" content=\"@eldiario_net\" \/>\n<meta name=\"twitter:site\" content=\"@eldiario_net\" \/>\n<meta name=\"twitter:label1\" content=\"Escrito por\" \/>\n\t<meta name=\"twitter:data1\" content=\"Jeanette\" \/>\n\t<meta name=\"twitter:label2\" content=\"Tiempo de lectura\" \/>\n\t<meta name=\"twitter:data2\" content=\"3 minutos\" \/>\n<script type=\"application\/ld+json\" class=\"yoast-schema-graph\">{\"@context\":\"https:\\\/\\\/schema.org\",\"@graph\":[{\"@type\":\"Article\",\"@id\":\"https:\\\/\\\/www.eldiario.net\\\/portal\\\/2025\\\/06\\\/20\\\/75-de-incendios-forestales-ocurrio-en-tierras-fiscales-de-santa-cruz-en-2024\\\/#article\",\"isPartOf\":{\"@id\":\"https:\\\/\\\/www.eldiario.net\\\/portal\\\/2025\\\/06\\\/20\\\/75-de-incendios-forestales-ocurrio-en-tierras-fiscales-de-santa-cruz-en-2024\\\/\"},\"author\":{\"name\":\"Jeanette\",\"@id\":\"https:\\\/\\\/www.eldiario.net\\\/portal\\\/#\\\/schema\\\/person\\\/f46445640444750d7d753ccd04ae01b7\"},\"headline\":\"75% de incendios forestales ocurri\u00f3 en tierras fiscales de Santa Cruz en 2024\",\"datePublished\":\"2025-06-20T09:58:03+00:00\",\"mainEntityOfPage\":{\"@id\":\"https:\\\/\\\/www.eldiario.net\\\/portal\\\/2025\\\/06\\\/20\\\/75-de-incendios-forestales-ocurrio-en-tierras-fiscales-de-santa-cruz-en-2024\\\/\"},\"wordCount\":597,\"publisher\":{\"@id\":\"https:\\\/\\\/www.eldiario.net\\\/portal\\\/#organization\"},\"image\":{\"@id\":\"https:\\\/\\\/www.eldiario.net\\\/portal\\\/2025\\\/06\\\/20\\\/75-de-incendios-forestales-ocurrio-en-tierras-fiscales-de-santa-cruz-en-2024\\\/#primaryimage\"},\"thumbnailUrl\":\"https:\\\/\\\/www.eldiario.net\\\/portal\\\/wp-content\\\/uploads\\\/2025\\\/06\\\/investigadores-ciab.webp\",\"articleSection\":[\"Nacional\"],\"inLanguage\":\"es\"},{\"@type\":\"WebPage\",\"@id\":\"https:\\\/\\\/www.eldiario.net\\\/portal\\\/2025\\\/06\\\/20\\\/75-de-incendios-forestales-ocurrio-en-tierras-fiscales-de-santa-cruz-en-2024\\\/\",\"url\":\"https:\\\/\\\/www.eldiario.net\\\/portal\\\/2025\\\/06\\\/20\\\/75-de-incendios-forestales-ocurrio-en-tierras-fiscales-de-santa-cruz-en-2024\\\/\",\"name\":\"75% de incendios forestales ocurri\u00f3 en tierras fiscales de Santa Cruz en 2024 - El Diario - Bolivia\",\"isPartOf\":{\"@id\":\"https:\\\/\\\/www.eldiario.net\\\/portal\\\/#website\"},\"primaryImageOfPage\":{\"@id\":\"https:\\\/\\\/www.eldiario.net\\\/portal\\\/2025\\\/06\\\/20\\\/75-de-incendios-forestales-ocurrio-en-tierras-fiscales-de-santa-cruz-en-2024\\\/#primaryimage\"},\"image\":{\"@id\":\"https:\\\/\\\/www.eldiario.net\\\/portal\\\/2025\\\/06\\\/20\\\/75-de-incendios-forestales-ocurrio-en-tierras-fiscales-de-santa-cruz-en-2024\\\/#primaryimage\"},\"thumbnailUrl\":\"https:\\\/\\\/www.eldiario.net\\\/portal\\\/wp-content\\\/uploads\\\/2025\\\/06\\\/investigadores-ciab.webp\",\"datePublished\":\"2025-06-20T09:58:03+00:00\",\"breadcrumb\":{\"@id\":\"https:\\\/\\\/www.eldiario.net\\\/portal\\\/2025\\\/06\\\/20\\\/75-de-incendios-forestales-ocurrio-en-tierras-fiscales-de-santa-cruz-en-2024\\\/#breadcrumb\"},\"inLanguage\":\"es\",\"potentialAction\":[{\"@type\":\"ReadAction\",\"target\":[\"https:\\\/\\\/www.eldiario.net\\\/portal\\\/2025\\\/06\\\/20\\\/75-de-incendios-forestales-ocurrio-en-tierras-fiscales-de-santa-cruz-en-2024\\\/\"]}]},{\"@type\":\"ImageObject\",\"inLanguage\":\"es\",\"@id\":\"https:\\\/\\\/www.eldiario.net\\\/portal\\\/2025\\\/06\\\/20\\\/75-de-incendios-forestales-ocurrio-en-tierras-fiscales-de-santa-cruz-en-2024\\\/#primaryimage\",\"url\":\"https:\\\/\\\/www.eldiario.net\\\/portal\\\/wp-content\\\/uploads\\\/2025\\\/06\\\/investigadores-ciab.webp\",\"contentUrl\":\"https:\\\/\\\/www.eldiario.net\\\/portal\\\/wp-content\\\/uploads\\\/2025\\\/06\\\/investigadores-ciab.webp\",\"width\":1280,\"height\":1037,\"caption\":\"Los incendios, seg\u00fan los autores, est\u00e1n m\u00e1s vinculados a la informalidad y al vac\u00edo institucional que a la actividad agropecuaria. CR\u00c9DITO: CIAB\"},{\"@type\":\"BreadcrumbList\",\"@id\":\"https:\\\/\\\/www.eldiario.net\\\/portal\\\/2025\\\/06\\\/20\\\/75-de-incendios-forestales-ocurrio-en-tierras-fiscales-de-santa-cruz-en-2024\\\/#breadcrumb\",\"itemListElement\":[{\"@type\":\"ListItem\",\"position\":1,\"name\":\"Portada\",\"item\":\"https:\\\/\\\/www.eldiario.net\\\/portal\\\/\"},{\"@type\":\"ListItem\",\"position\":2,\"name\":\"75% de incendios forestales ocurri\u00f3 en tierras fiscales de Santa Cruz en 2024\"}]},{\"@type\":\"WebSite\",\"@id\":\"https:\\\/\\\/www.eldiario.net\\\/portal\\\/#website\",\"url\":\"https:\\\/\\\/www.eldiario.net\\\/portal\\\/\",\"name\":\"El Diario - Decano de la prensa nacional\",\"description\":\"El Diario - Decano de la prensa nacional\",\"publisher\":{\"@id\":\"https:\\\/\\\/www.eldiario.net\\\/portal\\\/#organization\"},\"potentialAction\":[{\"@type\":\"SearchAction\",\"target\":{\"@type\":\"EntryPoint\",\"urlTemplate\":\"https:\\\/\\\/www.eldiario.net\\\/portal\\\/?s={search_term_string}\"},\"query-input\":{\"@type\":\"PropertyValueSpecification\",\"valueRequired\":true,\"valueName\":\"search_term_string\"}}],\"inLanguage\":\"es\"},{\"@type\":\"Organization\",\"@id\":\"https:\\\/\\\/www.eldiario.net\\\/portal\\\/#organization\",\"name\":\"El Diario - Decano de la prensa nacional\",\"url\":\"https:\\\/\\\/www.eldiario.net\\\/portal\\\/\",\"logo\":{\"@type\":\"ImageObject\",\"inLanguage\":\"es\",\"@id\":\"https:\\\/\\\/www.eldiario.net\\\/portal\\\/#\\\/schema\\\/logo\\\/image\\\/\",\"url\":\"https:\\\/\\\/www.eldiario.net\\\/portal\\\/wp-content\\\/uploads\\\/2023\\\/07\\\/logo_ED.jpg\",\"contentUrl\":\"https:\\\/\\\/www.eldiario.net\\\/portal\\\/wp-content\\\/uploads\\\/2023\\\/07\\\/logo_ED.jpg\",\"width\":272,\"height\":52,\"caption\":\"El Diario - Decano de la prensa nacional\"},\"image\":{\"@id\":\"https:\\\/\\\/www.eldiario.net\\\/portal\\\/#\\\/schema\\\/logo\\\/image\\\/\"},\"sameAs\":[\"https:\\\/\\\/www.facebook.com\\\/eldiario.bolivia\\\/\",\"https:\\\/\\\/x.com\\\/eldiario_net\"]},{\"@type\":\"Person\",\"@id\":\"https:\\\/\\\/www.eldiario.net\\\/portal\\\/#\\\/schema\\\/person\\\/f46445640444750d7d753ccd04ae01b7\",\"name\":\"Jeanette\",\"image\":{\"@type\":\"ImageObject\",\"inLanguage\":\"es\",\"@id\":\"https:\\\/\\\/secure.gravatar.com\\\/avatar\\\/3ea2118a5f7dad2b7138b1187a6b7ee55f160b9968b66013c3a3ef39dd7e5798?s=96&d=mm&r=g\",\"url\":\"https:\\\/\\\/secure.gravatar.com\\\/avatar\\\/3ea2118a5f7dad2b7138b1187a6b7ee55f160b9968b66013c3a3ef39dd7e5798?s=96&d=mm&r=g\",\"contentUrl\":\"https:\\\/\\\/secure.gravatar.com\\\/avatar\\\/3ea2118a5f7dad2b7138b1187a6b7ee55f160b9968b66013c3a3ef39dd7e5798?s=96&d=mm&r=g\",\"caption\":\"Jeanette\"},\"sameAs\":[\"https:\\\/\\\/www.eldiario.net\\\/portal\"],\"url\":\"https:\\\/\\\/www.eldiario.net\\\/portal\\\/author\\\/jeanette\\\/\"}]}<\/script>\n<!-- \/ Yoast SEO plugin. -->","yoast_head_json":{"title":"75% de incendios forestales ocurri\u00f3 en tierras fiscales de Santa Cruz en 2024 - El Diario - Bolivia","robots":{"index":"index","follow":"follow","max-snippet":"max-snippet:-1","max-image-preview":"max-image-preview:large","max-video-preview":"max-video-preview:-1"},"canonical":"https:\/\/www.eldiario.net\/portal\/2025\/06\/20\/75-de-incendios-forestales-ocurrio-en-tierras-fiscales-de-santa-cruz-en-2024\/","og_locale":"es_ES","og_type":"article","og_title":"75% de incendios forestales ocurri\u00f3 en tierras fiscales de Santa Cruz en 2024 - El Diario - Bolivia","og_description":"El 75% de los incendios forestales registrados en el departamento de Santa Cruz durante de la gesti\u00f3n 2024 ocurri\u00f3 en tierras fiscales o en proceso de saneamiento, sin presencia efectiva del Estado, revela un estudio elaborado por el Colegio de Ingenieros Agr\u00f3nomos de Bolivia (Ciab) \u201cEl incendio no es agropecuario. Es pol\u00edtico, social e institucional\u201d, [&hellip;]","og_url":"https:\/\/www.eldiario.net\/portal\/2025\/06\/20\/75-de-incendios-forestales-ocurrio-en-tierras-fiscales-de-santa-cruz-en-2024\/","og_site_name":"El Diario - Bolivia","article_publisher":"https:\/\/www.facebook.com\/eldiario.bolivia\/","article_published_time":"2025-06-20T09:58:03+00:00","og_image":[{"width":1280,"height":1037,"url":"https:\/\/www.eldiario.net\/portal\/wp-content\/uploads\/2025\/06\/investigadores-ciab.webp","type":"image\/webp"}],"author":"Jeanette","twitter_card":"summary_large_image","twitter_creator":"@eldiario_net","twitter_site":"@eldiario_net","twitter_misc":{"Escrito por":"Jeanette","Tiempo de lectura":"3 minutos"},"schema":{"@context":"https:\/\/schema.org","@graph":[{"@type":"Article","@id":"https:\/\/www.eldiario.net\/portal\/2025\/06\/20\/75-de-incendios-forestales-ocurrio-en-tierras-fiscales-de-santa-cruz-en-2024\/#article","isPartOf":{"@id":"https:\/\/www.eldiario.net\/portal\/2025\/06\/20\/75-de-incendios-forestales-ocurrio-en-tierras-fiscales-de-santa-cruz-en-2024\/"},"author":{"name":"Jeanette","@id":"https:\/\/www.eldiario.net\/portal\/#\/schema\/person\/f46445640444750d7d753ccd04ae01b7"},"headline":"75% de incendios forestales ocurri\u00f3 en tierras fiscales de Santa Cruz en 2024","datePublished":"2025-06-20T09:58:03+00:00","mainEntityOfPage":{"@id":"https:\/\/www.eldiario.net\/portal\/2025\/06\/20\/75-de-incendios-forestales-ocurrio-en-tierras-fiscales-de-santa-cruz-en-2024\/"},"wordCount":597,"publisher":{"@id":"https:\/\/www.eldiario.net\/portal\/#organization"},"image":{"@id":"https:\/\/www.eldiario.net\/portal\/2025\/06\/20\/75-de-incendios-forestales-ocurrio-en-tierras-fiscales-de-santa-cruz-en-2024\/#primaryimage"},"thumbnailUrl":"https:\/\/www.eldiario.net\/portal\/wp-content\/uploads\/2025\/06\/investigadores-ciab.webp","articleSection":["Nacional"],"inLanguage":"es"},{"@type":"WebPage","@id":"https:\/\/www.eldiario.net\/portal\/2025\/06\/20\/75-de-incendios-forestales-ocurrio-en-tierras-fiscales-de-santa-cruz-en-2024\/","url":"https:\/\/www.eldiario.net\/portal\/2025\/06\/20\/75-de-incendios-forestales-ocurrio-en-tierras-fiscales-de-santa-cruz-en-2024\/","name":"75% de incendios forestales ocurri\u00f3 en tierras fiscales de Santa Cruz en 2024 - El Diario - Bolivia","isPartOf":{"@id":"https:\/\/www.eldiario.net\/portal\/#website"},"primaryImageOfPage":{"@id":"https:\/\/www.eldiario.net\/portal\/2025\/06\/20\/75-de-incendios-forestales-ocurrio-en-tierras-fiscales-de-santa-cruz-en-2024\/#primaryimage"},"image":{"@id":"https:\/\/www.eldiario.net\/portal\/2025\/06\/20\/75-de-incendios-forestales-ocurrio-en-tierras-fiscales-de-santa-cruz-en-2024\/#primaryimage"},"thumbnailUrl":"https:\/\/www.eldiario.net\/portal\/wp-content\/uploads\/2025\/06\/investigadores-ciab.webp","datePublished":"2025-06-20T09:58:03+00:00","breadcrumb":{"@id":"https:\/\/www.eldiario.net\/portal\/2025\/06\/20\/75-de-incendios-forestales-ocurrio-en-tierras-fiscales-de-santa-cruz-en-2024\/#breadcrumb"},"inLanguage":"es","potentialAction":[{"@type":"ReadAction","target":["https:\/\/www.eldiario.net\/portal\/2025\/06\/20\/75-de-incendios-forestales-ocurrio-en-tierras-fiscales-de-santa-cruz-en-2024\/"]}]},{"@type":"ImageObject","inLanguage":"es","@id":"https:\/\/www.eldiario.net\/portal\/2025\/06\/20\/75-de-incendios-forestales-ocurrio-en-tierras-fiscales-de-santa-cruz-en-2024\/#primaryimage","url":"https:\/\/www.eldiario.net\/portal\/wp-content\/uploads\/2025\/06\/investigadores-ciab.webp","contentUrl":"https:\/\/www.eldiario.net\/portal\/wp-content\/uploads\/2025\/06\/investigadores-ciab.webp","width":1280,"height":1037,"caption":"Los incendios, seg\u00fan los autores, est\u00e1n m\u00e1s vinculados a la informalidad y al vac\u00edo institucional que a la actividad agropecuaria. CR\u00c9DITO: CIAB"},{"@type":"BreadcrumbList","@id":"https:\/\/www.eldiario.net\/portal\/2025\/06\/20\/75-de-incendios-forestales-ocurrio-en-tierras-fiscales-de-santa-cruz-en-2024\/#breadcrumb","itemListElement":[{"@type":"ListItem","position":1,"name":"Portada","item":"https:\/\/www.eldiario.net\/portal\/"},{"@type":"ListItem","position":2,"name":"75% de incendios forestales ocurri\u00f3 en tierras fiscales de Santa Cruz en 2024"}]},{"@type":"WebSite","@id":"https:\/\/www.eldiario.net\/portal\/#website","url":"https:\/\/www.eldiario.net\/portal\/","name":"El Diario - Decano de la prensa nacional","description":"El Diario - Decano de la prensa nacional","publisher":{"@id":"https:\/\/www.eldiario.net\/portal\/#organization"},"potentialAction":[{"@type":"SearchAction","target":{"@type":"EntryPoint","urlTemplate":"https:\/\/www.eldiario.net\/portal\/?s={search_term_string}"},"query-input":{"@type":"PropertyValueSpecification","valueRequired":true,"valueName":"search_term_string"}}],"inLanguage":"es"},{"@type":"Organization","@id":"https:\/\/www.eldiario.net\/portal\/#organization","name":"El Diario - Decano de la prensa nacional","url":"https:\/\/www.eldiario.net\/portal\/","logo":{"@type":"ImageObject","inLanguage":"es","@id":"https:\/\/www.eldiario.net\/portal\/#\/schema\/logo\/image\/","url":"https:\/\/www.eldiario.net\/portal\/wp-content\/uploads\/2023\/07\/logo_ED.jpg","contentUrl":"https:\/\/www.eldiario.net\/portal\/wp-content\/uploads\/2023\/07\/logo_ED.jpg","width":272,"height":52,"caption":"El Diario - Decano de la prensa nacional"},"image":{"@id":"https:\/\/www.eldiario.net\/portal\/#\/schema\/logo\/image\/"},"sameAs":["https:\/\/www.facebook.com\/eldiario.bolivia\/","https:\/\/x.com\/eldiario_net"]},{"@type":"Person","@id":"https:\/\/www.eldiario.net\/portal\/#\/schema\/person\/f46445640444750d7d753ccd04ae01b7","name":"Jeanette","image":{"@type":"ImageObject","inLanguage":"es","@id":"https:\/\/secure.gravatar.com\/avatar\/3ea2118a5f7dad2b7138b1187a6b7ee55f160b9968b66013c3a3ef39dd7e5798?s=96&d=mm&r=g","url":"https:\/\/secure.gravatar.com\/avatar\/3ea2118a5f7dad2b7138b1187a6b7ee55f160b9968b66013c3a3ef39dd7e5798?s=96&d=mm&r=g","contentUrl":"https:\/\/secure.gravatar.com\/avatar\/3ea2118a5f7dad2b7138b1187a6b7ee55f160b9968b66013c3a3ef39dd7e5798?s=96&d=mm&r=g","caption":"Jeanette"},"sameAs":["https:\/\/www.eldiario.net\/portal"],"url":"https:\/\/www.eldiario.net\/portal\/author\/jeanette\/"}]}},"_links":{"self":[{"href":"https:\/\/www.eldiario.net\/portal\/wp-json\/wp\/v2\/posts\/310929","targetHints":{"allow":["GET"]}}],"collection":[{"href":"https:\/\/www.eldiario.net\/portal\/wp-json\/wp\/v2\/posts"}],"about":[{"href":"https:\/\/www.eldiario.net\/portal\/wp-json\/wp\/v2\/types\/post"}],"author":[{"embeddable":true,"href":"https:\/\/www.eldiario.net\/portal\/wp-json\/wp\/v2\/users\/1"}],"replies":[{"embeddable":true,"href":"https:\/\/www.eldiario.net\/portal\/wp-json\/wp\/v2\/comments?post=310929"}],"version-history":[{"count":1,"href":"https:\/\/www.eldiario.net\/portal\/wp-json\/wp\/v2\/posts\/310929\/revisions"}],"predecessor-version":[{"id":310931,"href":"https:\/\/www.eldiario.net\/portal\/wp-json\/wp\/v2\/posts\/310929\/revisions\/310931"}],"wp:featuredmedia":[{"embeddable":true,"href":"https:\/\/www.eldiario.net\/portal\/wp-json\/wp\/v2\/media\/310930"}],"wp:attachment":[{"href":"https:\/\/www.eldiario.net\/portal\/wp-json\/wp\/v2\/media?parent=310929"}],"wp:term":[{"taxonomy":"category","embeddable":true,"href":"https:\/\/www.eldiario.net\/portal\/wp-json\/wp\/v2\/categories?post=310929"},{"taxonomy":"post_tag","embeddable":true,"href":"https:\/\/www.eldiario.net\/portal\/wp-json\/wp\/v2\/tags?post=310929"}],"curies":[{"name":"wp","href":"https:\/\/api.w.org\/{rel}","templated":true}]}}