{"id":310923,"date":"2025-06-20T05:55:00","date_gmt":"2025-06-20T09:55:00","guid":{"rendered":"https:\/\/www.eldiario.net\/portal\/?p=310923"},"modified":"2025-06-20T05:55:00","modified_gmt":"2025-06-20T09:55:00","slug":"ninguna-causa-politica-justifica-la-perdida-de-vidas-humanas","status":"publish","type":"post","link":"https:\/\/www.eldiario.net\/portal\/2025\/06\/20\/ninguna-causa-politica-justifica-la-perdida-de-vidas-humanas\/","title":{"rendered":"Ninguna causa pol\u00edtica justifica la p\u00e9rdida de vidas humanas"},"content":{"rendered":"<p>En la homil\u00eda por la festividad cat\u00f3lica de Corpus Christi, el obispo de Tarija, monse\u00f1or Jorge Sald\u00edas, conden\u00f3 los hechos de violencia y muerte protagonizados por \u00f3rdenes de Evo Morales y afirm\u00f3 que ninguna causa pol\u00edtica la justifica.<br \/>\n\u201cNinguna causa pol\u00edtica o social justifica la p\u00e9rdida de vidas humanas\u201d, asegur\u00f3 en alusi\u00f3n a lo ocurrido en Llallagua (Potos\u00ed) y Cochabamba, donde fueron asesinadas seis personas, entre ellas cuatro polic\u00edas.<br \/>\nEn Llallagua fueron emboscados y asesinados tres polic\u00edas y un estudiante de secundaria por \u00f3rdenes de Morales que cercaron con bloqueos a la poblaci\u00f3n en demanda de habilitar la candidatura del expresidente. Asimismo, en Cochabamba fue asesinado otro uniformado y se report\u00f3 la muerte de un comunario por mala manipulaci\u00f3n de explosivos.<br \/>\n\u201cLa vida es algo sagrado, queremos personas que realmente amen aquello que el Se\u00f1or les ha concedido y nos concede a todos como templos del Esp\u00edritu Santo\u201d, refiri\u00f3 por otra parte el rector de la Catedral Metropolitana de La Paz, Iv\u00e1n Bravo.<br \/>\nLos bloqueos de sectores \u201cevistas\u201d provocaron millonarias p\u00e9rdidas econ\u00f3micas y perjuicios a miles de bolivianos, que pasaron los 1.000 millones de d\u00f3lares.<br \/>\n\u201cBolivia necesita sabias soluciones para ser una sociedad mejor y m\u00e1s cristiana\u201d, afirm\u00f3 el monse\u00f1or Sald\u00edas y convoc\u00f3 a las familias bolivianas ayudar al pr\u00f3jimo ante la crisis econ\u00f3mica que atraviesa el pa\u00eds.<br \/>\nCorpus<br \/>\nEl Corpus Christi es una fiesta cat\u00f3lica occidental que se celebra cada a\u00f1o el segundo jueves despu\u00e9s de Pentecost\u00e9s, seg\u00fan la Encyclopaedia Britannica, una plataforma de datos del Reino Unido centrada en la educaci\u00f3n. Este a\u00f1o, la festividad cay\u00f3 en 19 de junio y se celebra en varios pa\u00edses donde predomina la fe cat\u00f3lica, se\u00f1ala Nationalgeographicla.com\/.<br \/>\nSeg\u00fan la Britannica, la celebraci\u00f3n se asocia a la conmemoraci\u00f3n de la \u00daltima Cena de Jesucristo, profeta de la religi\u00f3n, con sus ap\u00f3stoles antes de su crucifixi\u00f3n. Sin embargo, para los cat\u00f3licos, el Corpus Christi no se centra en la pasi\u00f3n y muerte de Jes\u00fas, sino en la consideraci\u00f3n de que est\u00e1 entre la humanidad para siempre.<br \/>\nLa misa cat\u00f3lica es el elemento central de la celebraci\u00f3n, que se acent\u00faa en el momento de la comuni\u00f3n, cuando los fieles reciben la hostia consagrada, un trozo de pan \u00e1cimo que, seg\u00fan la fe cat\u00f3lica, es sin\u00f3nimo del cuerpo de Cristo. El nombre de la fiesta, que en lat\u00edn significa \u201ccuerpo de Cristo\u201d, procede de esta importancia de compartir la comida con los suyos, como hizo el profeta, indica la publicaci\u00f3n de Nationalgeographicla.com\/.<\/p>\n","protected":false},"excerpt":{"rendered":"<p>En la homil\u00eda por la festividad cat\u00f3lica de Corpus Christi, el obispo de Tarija, monse\u00f1or Jorge Sald\u00edas, conden\u00f3 los hechos de violencia y muerte protagonizados por \u00f3rdenes de Evo Morales y afirm\u00f3 que ninguna causa pol\u00edtica la justifica. \u201cNinguna causa pol\u00edtica o social justifica la p\u00e9rdida de vidas humanas\u201d, asegur\u00f3 en alusi\u00f3n a lo ocurrido [&hellip;]<\/p>\n","protected":false},"author":1,"featured_media":310924,"comment_status":"closed","ping_status":"open","sticky":false,"template":"","format":"standard","meta":{"_acf_changed":false,"footnotes":""},"categories":[12],"tags":[],"class_list":["post-310923","post","type-post","status-publish","format-standard","has-post-thumbnail","category-nacional"],"acf":{"antetitulo":"Obispo de Tarija"},"yoast_head":"<!-- This site is optimized with the Yoast SEO plugin v28.4 - https:\/\/yoast.com\/product\/yoast-seo-wordpress\/ -->\n<title>Ninguna causa pol\u00edtica justifica la p\u00e9rdida de vidas humanas - El Diario - Bolivia<\/title>\n<meta name=\"robots\" content=\"index, follow, max-snippet:-1, max-image-preview:large, max-video-preview:-1\" \/>\n<link rel=\"canonical\" href=\"https:\/\/www.eldiario.net\/portal\/2025\/06\/20\/ninguna-causa-politica-justifica-la-perdida-de-vidas-humanas\/\" \/>\n<meta property=\"og:locale\" content=\"es_ES\" \/>\n<meta property=\"og:type\" content=\"article\" \/>\n<meta property=\"og:title\" content=\"Ninguna causa pol\u00edtica justifica la p\u00e9rdida de vidas humanas - El Diario - Bolivia\" \/>\n<meta property=\"og:description\" content=\"En la homil\u00eda por la festividad cat\u00f3lica de Corpus Christi, el obispo de Tarija, monse\u00f1or Jorge Sald\u00edas, conden\u00f3 los hechos de violencia y muerte protagonizados por \u00f3rdenes de Evo Morales y afirm\u00f3 que ninguna causa pol\u00edtica la justifica. \u201cNinguna causa pol\u00edtica o social justifica la p\u00e9rdida de vidas humanas\u201d, asegur\u00f3 en alusi\u00f3n a lo ocurrido [&hellip;]\" \/>\n<meta property=\"og:url\" content=\"https:\/\/www.eldiario.net\/portal\/2025\/06\/20\/ninguna-causa-politica-justifica-la-perdida-de-vidas-humanas\/\" \/>\n<meta property=\"og:site_name\" content=\"El Diario - Bolivia\" \/>\n<meta property=\"article:publisher\" content=\"https:\/\/www.facebook.com\/eldiario.bolivia\/\" \/>\n<meta property=\"article:published_time\" content=\"2025-06-20T09:55:00+00:00\" \/>\n<meta property=\"og:image\" content=\"https:\/\/www.eldiario.net\/portal\/wp-content\/uploads\/2025\/06\/cristi.webp\" \/>\n\t<meta property=\"og:image:width\" content=\"1146\" \/>\n\t<meta property=\"og:image:height\" content=\"622\" \/>\n\t<meta property=\"og:image:type\" content=\"image\/webp\" \/>\n<meta name=\"author\" content=\"Jeanette\" \/>\n<meta name=\"twitter:card\" content=\"summary_large_image\" \/>\n<meta name=\"twitter:creator\" content=\"@eldiario_net\" \/>\n<meta name=\"twitter:site\" content=\"@eldiario_net\" \/>\n<meta name=\"twitter:label1\" content=\"Escrito por\" \/>\n\t<meta name=\"twitter:data1\" content=\"Jeanette\" \/>\n\t<meta name=\"twitter:label2\" content=\"Tiempo de lectura\" \/>\n\t<meta name=\"twitter:data2\" content=\"3 minutos\" \/>\n<script type=\"application\/ld+json\" class=\"yoast-schema-graph\">{\"@context\":\"https:\\\/\\\/schema.org\",\"@graph\":[{\"@type\":\"Article\",\"@id\":\"https:\\\/\\\/www.eldiario.net\\\/portal\\\/2025\\\/06\\\/20\\\/ninguna-causa-politica-justifica-la-perdida-de-vidas-humanas\\\/#article\",\"isPartOf\":{\"@id\":\"https:\\\/\\\/www.eldiario.net\\\/portal\\\/2025\\\/06\\\/20\\\/ninguna-causa-politica-justifica-la-perdida-de-vidas-humanas\\\/\"},\"author\":{\"name\":\"Jeanette\",\"@id\":\"https:\\\/\\\/www.eldiario.net\\\/portal\\\/#\\\/schema\\\/person\\\/f46445640444750d7d753ccd04ae01b7\"},\"headline\":\"Ninguna causa pol\u00edtica justifica la p\u00e9rdida de vidas humanas\",\"datePublished\":\"2025-06-20T09:55:00+00:00\",\"mainEntityOfPage\":{\"@id\":\"https:\\\/\\\/www.eldiario.net\\\/portal\\\/2025\\\/06\\\/20\\\/ninguna-causa-politica-justifica-la-perdida-de-vidas-humanas\\\/\"},\"wordCount\":470,\"publisher\":{\"@id\":\"https:\\\/\\\/www.eldiario.net\\\/portal\\\/#organization\"},\"image\":{\"@id\":\"https:\\\/\\\/www.eldiario.net\\\/portal\\\/2025\\\/06\\\/20\\\/ninguna-causa-politica-justifica-la-perdida-de-vidas-humanas\\\/#primaryimage\"},\"thumbnailUrl\":\"https:\\\/\\\/www.eldiario.net\\\/portal\\\/wp-content\\\/uploads\\\/2025\\\/06\\\/cristi.webp\",\"articleSection\":[\"Nacional\"],\"inLanguage\":\"es\"},{\"@type\":\"WebPage\",\"@id\":\"https:\\\/\\\/www.eldiario.net\\\/portal\\\/2025\\\/06\\\/20\\\/ninguna-causa-politica-justifica-la-perdida-de-vidas-humanas\\\/\",\"url\":\"https:\\\/\\\/www.eldiario.net\\\/portal\\\/2025\\\/06\\\/20\\\/ninguna-causa-politica-justifica-la-perdida-de-vidas-humanas\\\/\",\"name\":\"Ninguna causa pol\u00edtica justifica la p\u00e9rdida de vidas humanas - El Diario - Bolivia\",\"isPartOf\":{\"@id\":\"https:\\\/\\\/www.eldiario.net\\\/portal\\\/#website\"},\"primaryImageOfPage\":{\"@id\":\"https:\\\/\\\/www.eldiario.net\\\/portal\\\/2025\\\/06\\\/20\\\/ninguna-causa-politica-justifica-la-perdida-de-vidas-humanas\\\/#primaryimage\"},\"image\":{\"@id\":\"https:\\\/\\\/www.eldiario.net\\\/portal\\\/2025\\\/06\\\/20\\\/ninguna-causa-politica-justifica-la-perdida-de-vidas-humanas\\\/#primaryimage\"},\"thumbnailUrl\":\"https:\\\/\\\/www.eldiario.net\\\/portal\\\/wp-content\\\/uploads\\\/2025\\\/06\\\/cristi.webp\",\"datePublished\":\"2025-06-20T09:55:00+00:00\",\"breadcrumb\":{\"@id\":\"https:\\\/\\\/www.eldiario.net\\\/portal\\\/2025\\\/06\\\/20\\\/ninguna-causa-politica-justifica-la-perdida-de-vidas-humanas\\\/#breadcrumb\"},\"inLanguage\":\"es\",\"potentialAction\":[{\"@type\":\"ReadAction\",\"target\":[\"https:\\\/\\\/www.eldiario.net\\\/portal\\\/2025\\\/06\\\/20\\\/ninguna-causa-politica-justifica-la-perdida-de-vidas-humanas\\\/\"]}]},{\"@type\":\"ImageObject\",\"inLanguage\":\"es\",\"@id\":\"https:\\\/\\\/www.eldiario.net\\\/portal\\\/2025\\\/06\\\/20\\\/ninguna-causa-politica-justifica-la-perdida-de-vidas-humanas\\\/#primaryimage\",\"url\":\"https:\\\/\\\/www.eldiario.net\\\/portal\\\/wp-content\\\/uploads\\\/2025\\\/06\\\/cristi.webp\",\"contentUrl\":\"https:\\\/\\\/www.eldiario.net\\\/portal\\\/wp-content\\\/uploads\\\/2025\\\/06\\\/cristi.webp\",\"width\":1146,\"height\":622,\"caption\":\"Obispo de Tarija, monse\u00f1or Jorge Sald\u00edas.\"},{\"@type\":\"BreadcrumbList\",\"@id\":\"https:\\\/\\\/www.eldiario.net\\\/portal\\\/2025\\\/06\\\/20\\\/ninguna-causa-politica-justifica-la-perdida-de-vidas-humanas\\\/#breadcrumb\",\"itemListElement\":[{\"@type\":\"ListItem\",\"position\":1,\"name\":\"Portada\",\"item\":\"https:\\\/\\\/www.eldiario.net\\\/portal\\\/\"},{\"@type\":\"ListItem\",\"position\":2,\"name\":\"Ninguna causa pol\u00edtica justifica la p\u00e9rdida de vidas humanas\"}]},{\"@type\":\"WebSite\",\"@id\":\"https:\\\/\\\/www.eldiario.net\\\/portal\\\/#website\",\"url\":\"https:\\\/\\\/www.eldiario.net\\\/portal\\\/\",\"name\":\"El Diario - Decano de la prensa nacional\",\"description\":\"El Diario - Decano de la prensa nacional\",\"publisher\":{\"@id\":\"https:\\\/\\\/www.eldiario.net\\\/portal\\\/#organization\"},\"potentialAction\":[{\"@type\":\"SearchAction\",\"target\":{\"@type\":\"EntryPoint\",\"urlTemplate\":\"https:\\\/\\\/www.eldiario.net\\\/portal\\\/?s={search_term_string}\"},\"query-input\":{\"@type\":\"PropertyValueSpecification\",\"valueRequired\":true,\"valueName\":\"search_term_string\"}}],\"inLanguage\":\"es\"},{\"@type\":\"Organization\",\"@id\":\"https:\\\/\\\/www.eldiario.net\\\/portal\\\/#organization\",\"name\":\"El Diario - Decano de la prensa nacional\",\"url\":\"https:\\\/\\\/www.eldiario.net\\\/portal\\\/\",\"logo\":{\"@type\":\"ImageObject\",\"inLanguage\":\"es\",\"@id\":\"https:\\\/\\\/www.eldiario.net\\\/portal\\\/#\\\/schema\\\/logo\\\/image\\\/\",\"url\":\"https:\\\/\\\/www.eldiario.net\\\/portal\\\/wp-content\\\/uploads\\\/2023\\\/07\\\/logo_ED.jpg\",\"contentUrl\":\"https:\\\/\\\/www.eldiario.net\\\/portal\\\/wp-content\\\/uploads\\\/2023\\\/07\\\/logo_ED.jpg\",\"width\":272,\"height\":52,\"caption\":\"El Diario - Decano de la prensa nacional\"},\"image\":{\"@id\":\"https:\\\/\\\/www.eldiario.net\\\/portal\\\/#\\\/schema\\\/logo\\\/image\\\/\"},\"sameAs\":[\"https:\\\/\\\/www.facebook.com\\\/eldiario.bolivia\\\/\",\"https:\\\/\\\/x.com\\\/eldiario_net\"]},{\"@type\":\"Person\",\"@id\":\"https:\\\/\\\/www.eldiario.net\\\/portal\\\/#\\\/schema\\\/person\\\/f46445640444750d7d753ccd04ae01b7\",\"name\":\"Jeanette\",\"image\":{\"@type\":\"ImageObject\",\"inLanguage\":\"es\",\"@id\":\"https:\\\/\\\/secure.gravatar.com\\\/avatar\\\/3ea2118a5f7dad2b7138b1187a6b7ee55f160b9968b66013c3a3ef39dd7e5798?s=96&d=mm&r=g\",\"url\":\"https:\\\/\\\/secure.gravatar.com\\\/avatar\\\/3ea2118a5f7dad2b7138b1187a6b7ee55f160b9968b66013c3a3ef39dd7e5798?s=96&d=mm&r=g\",\"contentUrl\":\"https:\\\/\\\/secure.gravatar.com\\\/avatar\\\/3ea2118a5f7dad2b7138b1187a6b7ee55f160b9968b66013c3a3ef39dd7e5798?s=96&d=mm&r=g\",\"caption\":\"Jeanette\"},\"sameAs\":[\"https:\\\/\\\/www.eldiario.net\\\/portal\"],\"url\":\"https:\\\/\\\/www.eldiario.net\\\/portal\\\/author\\\/jeanette\\\/\"}]}<\/script>\n<!-- \/ Yoast SEO plugin. -->","yoast_head_json":{"title":"Ninguna causa pol\u00edtica justifica la p\u00e9rdida de vidas humanas - El Diario - Bolivia","robots":{"index":"index","follow":"follow","max-snippet":"max-snippet:-1","max-image-preview":"max-image-preview:large","max-video-preview":"max-video-preview:-1"},"canonical":"https:\/\/www.eldiario.net\/portal\/2025\/06\/20\/ninguna-causa-politica-justifica-la-perdida-de-vidas-humanas\/","og_locale":"es_ES","og_type":"article","og_title":"Ninguna causa pol\u00edtica justifica la p\u00e9rdida de vidas humanas - El Diario - Bolivia","og_description":"En la homil\u00eda por la festividad cat\u00f3lica de Corpus Christi, el obispo de Tarija, monse\u00f1or Jorge Sald\u00edas, conden\u00f3 los hechos de violencia y muerte protagonizados por \u00f3rdenes de Evo Morales y afirm\u00f3 que ninguna causa pol\u00edtica la justifica. \u201cNinguna causa pol\u00edtica o social justifica la p\u00e9rdida de vidas humanas\u201d, asegur\u00f3 en alusi\u00f3n a lo ocurrido [&hellip;]","og_url":"https:\/\/www.eldiario.net\/portal\/2025\/06\/20\/ninguna-causa-politica-justifica-la-perdida-de-vidas-humanas\/","og_site_name":"El Diario - Bolivia","article_publisher":"https:\/\/www.facebook.com\/eldiario.bolivia\/","article_published_time":"2025-06-20T09:55:00+00:00","og_image":[{"width":1146,"height":622,"url":"https:\/\/www.eldiario.net\/portal\/wp-content\/uploads\/2025\/06\/cristi.webp","type":"image\/webp"}],"author":"Jeanette","twitter_card":"summary_large_image","twitter_creator":"@eldiario_net","twitter_site":"@eldiario_net","twitter_misc":{"Escrito por":"Jeanette","Tiempo de lectura":"3 minutos"},"schema":{"@context":"https:\/\/schema.org","@graph":[{"@type":"Article","@id":"https:\/\/www.eldiario.net\/portal\/2025\/06\/20\/ninguna-causa-politica-justifica-la-perdida-de-vidas-humanas\/#article","isPartOf":{"@id":"https:\/\/www.eldiario.net\/portal\/2025\/06\/20\/ninguna-causa-politica-justifica-la-perdida-de-vidas-humanas\/"},"author":{"name":"Jeanette","@id":"https:\/\/www.eldiario.net\/portal\/#\/schema\/person\/f46445640444750d7d753ccd04ae01b7"},"headline":"Ninguna causa pol\u00edtica justifica la p\u00e9rdida de vidas humanas","datePublished":"2025-06-20T09:55:00+00:00","mainEntityOfPage":{"@id":"https:\/\/www.eldiario.net\/portal\/2025\/06\/20\/ninguna-causa-politica-justifica-la-perdida-de-vidas-humanas\/"},"wordCount":470,"publisher":{"@id":"https:\/\/www.eldiario.net\/portal\/#organization"},"image":{"@id":"https:\/\/www.eldiario.net\/portal\/2025\/06\/20\/ninguna-causa-politica-justifica-la-perdida-de-vidas-humanas\/#primaryimage"},"thumbnailUrl":"https:\/\/www.eldiario.net\/portal\/wp-content\/uploads\/2025\/06\/cristi.webp","articleSection":["Nacional"],"inLanguage":"es"},{"@type":"WebPage","@id":"https:\/\/www.eldiario.net\/portal\/2025\/06\/20\/ninguna-causa-politica-justifica-la-perdida-de-vidas-humanas\/","url":"https:\/\/www.eldiario.net\/portal\/2025\/06\/20\/ninguna-causa-politica-justifica-la-perdida-de-vidas-humanas\/","name":"Ninguna causa pol\u00edtica justifica la p\u00e9rdida de vidas humanas - El Diario - Bolivia","isPartOf":{"@id":"https:\/\/www.eldiario.net\/portal\/#website"},"primaryImageOfPage":{"@id":"https:\/\/www.eldiario.net\/portal\/2025\/06\/20\/ninguna-causa-politica-justifica-la-perdida-de-vidas-humanas\/#primaryimage"},"image":{"@id":"https:\/\/www.eldiario.net\/portal\/2025\/06\/20\/ninguna-causa-politica-justifica-la-perdida-de-vidas-humanas\/#primaryimage"},"thumbnailUrl":"https:\/\/www.eldiario.net\/portal\/wp-content\/uploads\/2025\/06\/cristi.webp","datePublished":"2025-06-20T09:55:00+00:00","breadcrumb":{"@id":"https:\/\/www.eldiario.net\/portal\/2025\/06\/20\/ninguna-causa-politica-justifica-la-perdida-de-vidas-humanas\/#breadcrumb"},"inLanguage":"es","potentialAction":[{"@type":"ReadAction","target":["https:\/\/www.eldiario.net\/portal\/2025\/06\/20\/ninguna-causa-politica-justifica-la-perdida-de-vidas-humanas\/"]}]},{"@type":"ImageObject","inLanguage":"es","@id":"https:\/\/www.eldiario.net\/portal\/2025\/06\/20\/ninguna-causa-politica-justifica-la-perdida-de-vidas-humanas\/#primaryimage","url":"https:\/\/www.eldiario.net\/portal\/wp-content\/uploads\/2025\/06\/cristi.webp","contentUrl":"https:\/\/www.eldiario.net\/portal\/wp-content\/uploads\/2025\/06\/cristi.webp","width":1146,"height":622,"caption":"Obispo de Tarija, monse\u00f1or Jorge Sald\u00edas."},{"@type":"BreadcrumbList","@id":"https:\/\/www.eldiario.net\/portal\/2025\/06\/20\/ninguna-causa-politica-justifica-la-perdida-de-vidas-humanas\/#breadcrumb","itemListElement":[{"@type":"ListItem","position":1,"name":"Portada","item":"https:\/\/www.eldiario.net\/portal\/"},{"@type":"ListItem","position":2,"name":"Ninguna causa pol\u00edtica justifica la p\u00e9rdida de vidas humanas"}]},{"@type":"WebSite","@id":"https:\/\/www.eldiario.net\/portal\/#website","url":"https:\/\/www.eldiario.net\/portal\/","name":"El Diario - Decano de la prensa nacional","description":"El Diario - Decano de la prensa nacional","publisher":{"@id":"https:\/\/www.eldiario.net\/portal\/#organization"},"potentialAction":[{"@type":"SearchAction","target":{"@type":"EntryPoint","urlTemplate":"https:\/\/www.eldiario.net\/portal\/?s={search_term_string}"},"query-input":{"@type":"PropertyValueSpecification","valueRequired":true,"valueName":"search_term_string"}}],"inLanguage":"es"},{"@type":"Organization","@id":"https:\/\/www.eldiario.net\/portal\/#organization","name":"El Diario - Decano de la prensa nacional","url":"https:\/\/www.eldiario.net\/portal\/","logo":{"@type":"ImageObject","inLanguage":"es","@id":"https:\/\/www.eldiario.net\/portal\/#\/schema\/logo\/image\/","url":"https:\/\/www.eldiario.net\/portal\/wp-content\/uploads\/2023\/07\/logo_ED.jpg","contentUrl":"https:\/\/www.eldiario.net\/portal\/wp-content\/uploads\/2023\/07\/logo_ED.jpg","width":272,"height":52,"caption":"El Diario - Decano de la prensa nacional"},"image":{"@id":"https:\/\/www.eldiario.net\/portal\/#\/schema\/logo\/image\/"},"sameAs":["https:\/\/www.facebook.com\/eldiario.bolivia\/","https:\/\/x.com\/eldiario_net"]},{"@type":"Person","@id":"https:\/\/www.eldiario.net\/portal\/#\/schema\/person\/f46445640444750d7d753ccd04ae01b7","name":"Jeanette","image":{"@type":"ImageObject","inLanguage":"es","@id":"https:\/\/secure.gravatar.com\/avatar\/3ea2118a5f7dad2b7138b1187a6b7ee55f160b9968b66013c3a3ef39dd7e5798?s=96&d=mm&r=g","url":"https:\/\/secure.gravatar.com\/avatar\/3ea2118a5f7dad2b7138b1187a6b7ee55f160b9968b66013c3a3ef39dd7e5798?s=96&d=mm&r=g","contentUrl":"https:\/\/secure.gravatar.com\/avatar\/3ea2118a5f7dad2b7138b1187a6b7ee55f160b9968b66013c3a3ef39dd7e5798?s=96&d=mm&r=g","caption":"Jeanette"},"sameAs":["https:\/\/www.eldiario.net\/portal"],"url":"https:\/\/www.eldiario.net\/portal\/author\/jeanette\/"}]}},"_links":{"self":[{"href":"https:\/\/www.eldiario.net\/portal\/wp-json\/wp\/v2\/posts\/310923","targetHints":{"allow":["GET"]}}],"collection":[{"href":"https:\/\/www.eldiario.net\/portal\/wp-json\/wp\/v2\/posts"}],"about":[{"href":"https:\/\/www.eldiario.net\/portal\/wp-json\/wp\/v2\/types\/post"}],"author":[{"embeddable":true,"href":"https:\/\/www.eldiario.net\/portal\/wp-json\/wp\/v2\/users\/1"}],"replies":[{"embeddable":true,"href":"https:\/\/www.eldiario.net\/portal\/wp-json\/wp\/v2\/comments?post=310923"}],"version-history":[{"count":1,"href":"https:\/\/www.eldiario.net\/portal\/wp-json\/wp\/v2\/posts\/310923\/revisions"}],"predecessor-version":[{"id":310925,"href":"https:\/\/www.eldiario.net\/portal\/wp-json\/wp\/v2\/posts\/310923\/revisions\/310925"}],"wp:featuredmedia":[{"embeddable":true,"href":"https:\/\/www.eldiario.net\/portal\/wp-json\/wp\/v2\/media\/310924"}],"wp:attachment":[{"href":"https:\/\/www.eldiario.net\/portal\/wp-json\/wp\/v2\/media?parent=310923"}],"wp:term":[{"taxonomy":"category","embeddable":true,"href":"https:\/\/www.eldiario.net\/portal\/wp-json\/wp\/v2\/categories?post=310923"},{"taxonomy":"post_tag","embeddable":true,"href":"https:\/\/www.eldiario.net\/portal\/wp-json\/wp\/v2\/tags?post=310923"}],"curies":[{"name":"wp","href":"https:\/\/api.w.org\/{rel}","templated":true}]}}