{"id":310907,"date":"2025-06-20T05:45:59","date_gmt":"2025-06-20T09:45:59","guid":{"rendered":"https:\/\/www.eldiario.net\/portal\/?p=310907"},"modified":"2025-06-20T05:45:59","modified_gmt":"2025-06-20T09:45:59","slug":"gobernador-de-chuquisaca-en-estado-critico-tras-caida","status":"publish","type":"post","link":"https:\/\/www.eldiario.net\/portal\/2025\/06\/20\/gobernador-de-chuquisaca-en-estado-critico-tras-caida\/","title":{"rendered":"Gobernador de Chuquisaca en estado cr\u00edtico tras ca\u00edda"},"content":{"rendered":"<p>Luego de sufrir una ca\u00edda desde el segundo piso de su domicilio, el gobernador de Chuquisaca, Dami\u00e1n Condori Herrera, fue intervenido quir\u00fargicamente debido a un cuadro de Traumatismo Enc\u00e9falo Craneal (TEC) severo y contusiones m\u00faltiples, producto de su precipitaci\u00f3n en horas de la madrugada de ayer.<br \/>\nEn horas de la tarde, se inform\u00f3 que la autoridad permanec\u00eda internada en la Unidad de Terapia Intensiva del hospital \u201cChuquisaca\u201d de la zona de Lajastambo, con diagn\u00f3stico reservado.<br \/>\nDesde el Servicio Departamental de Salud de Chuquisaca se inform\u00f3 sobre la determinaci\u00f3n de mantener la atenci\u00f3n m\u00e9dica de la autoridad departamental en la capital, mientras se eval\u00faa constantemente su evoluci\u00f3n cl\u00ednica.<br \/>\nAsimismo, se detall\u00f3 que el hecho se registr\u00f3 en horas de la madrugada del jueves, posteriormente Condori fue trasladado hasta ese nosocomio con diagn\u00f3stico de politraumatismo y traumatismo enc\u00e9falo craneal severo, con deterior de la funci\u00f3n neurol\u00f3gica, por lo que tras la respectiva valoraci\u00f3n del personal de turno, se procedi\u00f3 a una intervenci\u00f3n quir\u00fargica de forma inmediata.<br \/>\n\u201cLa cirug\u00eda fue compleja, pero \u00f3ptima en el tema de tiempos, actualmente el gobernador se encuentra en terapia intensiva del hospital en una situaci\u00f3n muy delicada como acontece en cuadro similares\u201d, explic\u00f3 el director t\u00e9cnico del Sedes Chuquisaca, Juan Jos\u00e9 Fern\u00e1ndez.<br \/>\nLa tr\u00e1gica noticia hab\u00eda sido confirmada durante una reuni\u00f3n de gabinete de la Gobernaci\u00f3n, por parte del asamble\u00edsta departamental Luis Ayll\u00f3n Salgueiro, quien dio a conocer el hecho a los presentes.<br \/>\nEl equipo m\u00e9dico que atiende a la autoridad departamental se\u00f1al\u00f3 que debido al delicado cuadro de salud, se har\u00e1 un seguimiento minucioso del caso y se informar\u00e1 debidamente cuando se tengan datos respecto a la evoluci\u00f3n del paciente.<\/p>\n","protected":false},"excerpt":{"rendered":"<p>Luego de sufrir una ca\u00edda desde el segundo piso de su domicilio, el gobernador de Chuquisaca, Dami\u00e1n Condori Herrera, fue intervenido quir\u00fargicamente debido a un cuadro de Traumatismo Enc\u00e9falo Craneal (TEC) severo y contusiones m\u00faltiples, producto de su precipitaci\u00f3n en horas de la madrugada de ayer. En horas de la tarde, se inform\u00f3 que la [&hellip;]<\/p>\n","protected":false},"author":1,"featured_media":310908,"comment_status":"closed","ping_status":"open","sticky":false,"template":"","format":"standard","meta":{"_acf_changed":false,"footnotes":""},"categories":[15],"tags":[],"class_list":["post-310907","post","type-post","status-publish","format-standard","has-post-thumbnail","category-portada"],"acf":{"antetitulo":"Con diagn\u00f3stico reservado"},"yoast_head":"<!-- This site is optimized with the Yoast SEO plugin v28.4 - https:\/\/yoast.com\/product\/yoast-seo-wordpress\/ -->\n<title>Gobernador de Chuquisaca en estado cr\u00edtico tras ca\u00edda - El Diario - Bolivia<\/title>\n<meta name=\"robots\" content=\"index, follow, max-snippet:-1, max-image-preview:large, max-video-preview:-1\" \/>\n<link rel=\"canonical\" href=\"https:\/\/www.eldiario.net\/portal\/2025\/06\/20\/gobernador-de-chuquisaca-en-estado-critico-tras-caida\/\" \/>\n<meta property=\"og:locale\" content=\"es_ES\" \/>\n<meta property=\"og:type\" content=\"article\" \/>\n<meta property=\"og:title\" content=\"Gobernador de Chuquisaca en estado cr\u00edtico tras ca\u00edda - El Diario - Bolivia\" \/>\n<meta property=\"og:description\" content=\"Luego de sufrir una ca\u00edda desde el segundo piso de su domicilio, el gobernador de Chuquisaca, Dami\u00e1n Condori Herrera, fue intervenido quir\u00fargicamente debido a un cuadro de Traumatismo Enc\u00e9falo Craneal (TEC) severo y contusiones m\u00faltiples, producto de su precipitaci\u00f3n en horas de la madrugada de ayer. En horas de la tarde, se inform\u00f3 que la [&hellip;]\" \/>\n<meta property=\"og:url\" content=\"https:\/\/www.eldiario.net\/portal\/2025\/06\/20\/gobernador-de-chuquisaca-en-estado-critico-tras-caida\/\" \/>\n<meta property=\"og:site_name\" content=\"El Diario - Bolivia\" \/>\n<meta property=\"article:publisher\" content=\"https:\/\/www.facebook.com\/eldiario.bolivia\/\" \/>\n<meta property=\"article:published_time\" content=\"2025-06-20T09:45:59+00:00\" \/>\n<meta property=\"og:image\" content=\"https:\/\/www.eldiario.net\/portal\/wp-content\/uploads\/2025\/06\/P-4-10-cm-x-7-7.webp\" \/>\n\t<meta property=\"og:image:width\" content=\"1200\" \/>\n\t<meta property=\"og:image:height\" content=\"800\" \/>\n\t<meta property=\"og:image:type\" content=\"image\/webp\" \/>\n<meta name=\"author\" content=\"Jeanette\" \/>\n<meta name=\"twitter:card\" content=\"summary_large_image\" \/>\n<meta name=\"twitter:creator\" content=\"@eldiario_net\" \/>\n<meta name=\"twitter:site\" content=\"@eldiario_net\" \/>\n<meta name=\"twitter:label1\" content=\"Escrito por\" \/>\n\t<meta name=\"twitter:data1\" content=\"Jeanette\" \/>\n\t<meta name=\"twitter:label2\" content=\"Tiempo de lectura\" \/>\n\t<meta name=\"twitter:data2\" content=\"2 minutos\" \/>\n<script type=\"application\/ld+json\" class=\"yoast-schema-graph\">{\"@context\":\"https:\\\/\\\/schema.org\",\"@graph\":[{\"@type\":\"Article\",\"@id\":\"https:\\\/\\\/www.eldiario.net\\\/portal\\\/2025\\\/06\\\/20\\\/gobernador-de-chuquisaca-en-estado-critico-tras-caida\\\/#article\",\"isPartOf\":{\"@id\":\"https:\\\/\\\/www.eldiario.net\\\/portal\\\/2025\\\/06\\\/20\\\/gobernador-de-chuquisaca-en-estado-critico-tras-caida\\\/\"},\"author\":{\"name\":\"Jeanette\",\"@id\":\"https:\\\/\\\/www.eldiario.net\\\/portal\\\/#\\\/schema\\\/person\\\/f46445640444750d7d753ccd04ae01b7\"},\"headline\":\"Gobernador de Chuquisaca en estado cr\u00edtico tras ca\u00edda\",\"datePublished\":\"2025-06-20T09:45:59+00:00\",\"mainEntityOfPage\":{\"@id\":\"https:\\\/\\\/www.eldiario.net\\\/portal\\\/2025\\\/06\\\/20\\\/gobernador-de-chuquisaca-en-estado-critico-tras-caida\\\/\"},\"wordCount\":318,\"publisher\":{\"@id\":\"https:\\\/\\\/www.eldiario.net\\\/portal\\\/#organization\"},\"image\":{\"@id\":\"https:\\\/\\\/www.eldiario.net\\\/portal\\\/2025\\\/06\\\/20\\\/gobernador-de-chuquisaca-en-estado-critico-tras-caida\\\/#primaryimage\"},\"thumbnailUrl\":\"https:\\\/\\\/www.eldiario.net\\\/portal\\\/wp-content\\\/uploads\\\/2025\\\/06\\\/P-4-10-cm-x-7-7.webp\",\"articleSection\":[\"Portada\"],\"inLanguage\":\"es\"},{\"@type\":\"WebPage\",\"@id\":\"https:\\\/\\\/www.eldiario.net\\\/portal\\\/2025\\\/06\\\/20\\\/gobernador-de-chuquisaca-en-estado-critico-tras-caida\\\/\",\"url\":\"https:\\\/\\\/www.eldiario.net\\\/portal\\\/2025\\\/06\\\/20\\\/gobernador-de-chuquisaca-en-estado-critico-tras-caida\\\/\",\"name\":\"Gobernador de Chuquisaca en estado cr\u00edtico tras ca\u00edda - El Diario - Bolivia\",\"isPartOf\":{\"@id\":\"https:\\\/\\\/www.eldiario.net\\\/portal\\\/#website\"},\"primaryImageOfPage\":{\"@id\":\"https:\\\/\\\/www.eldiario.net\\\/portal\\\/2025\\\/06\\\/20\\\/gobernador-de-chuquisaca-en-estado-critico-tras-caida\\\/#primaryimage\"},\"image\":{\"@id\":\"https:\\\/\\\/www.eldiario.net\\\/portal\\\/2025\\\/06\\\/20\\\/gobernador-de-chuquisaca-en-estado-critico-tras-caida\\\/#primaryimage\"},\"thumbnailUrl\":\"https:\\\/\\\/www.eldiario.net\\\/portal\\\/wp-content\\\/uploads\\\/2025\\\/06\\\/P-4-10-cm-x-7-7.webp\",\"datePublished\":\"2025-06-20T09:45:59+00:00\",\"breadcrumb\":{\"@id\":\"https:\\\/\\\/www.eldiario.net\\\/portal\\\/2025\\\/06\\\/20\\\/gobernador-de-chuquisaca-en-estado-critico-tras-caida\\\/#breadcrumb\"},\"inLanguage\":\"es\",\"potentialAction\":[{\"@type\":\"ReadAction\",\"target\":[\"https:\\\/\\\/www.eldiario.net\\\/portal\\\/2025\\\/06\\\/20\\\/gobernador-de-chuquisaca-en-estado-critico-tras-caida\\\/\"]}]},{\"@type\":\"ImageObject\",\"inLanguage\":\"es\",\"@id\":\"https:\\\/\\\/www.eldiario.net\\\/portal\\\/2025\\\/06\\\/20\\\/gobernador-de-chuquisaca-en-estado-critico-tras-caida\\\/#primaryimage\",\"url\":\"https:\\\/\\\/www.eldiario.net\\\/portal\\\/wp-content\\\/uploads\\\/2025\\\/06\\\/P-4-10-cm-x-7-7.webp\",\"contentUrl\":\"https:\\\/\\\/www.eldiario.net\\\/portal\\\/wp-content\\\/uploads\\\/2025\\\/06\\\/P-4-10-cm-x-7-7.webp\",\"width\":1200,\"height\":800,\"caption\":\"Dami\u00e1n Condori, Gobernador de Chuquisaca.\"},{\"@type\":\"BreadcrumbList\",\"@id\":\"https:\\\/\\\/www.eldiario.net\\\/portal\\\/2025\\\/06\\\/20\\\/gobernador-de-chuquisaca-en-estado-critico-tras-caida\\\/#breadcrumb\",\"itemListElement\":[{\"@type\":\"ListItem\",\"position\":1,\"name\":\"Portada\",\"item\":\"https:\\\/\\\/www.eldiario.net\\\/portal\\\/\"},{\"@type\":\"ListItem\",\"position\":2,\"name\":\"Gobernador de Chuquisaca en estado cr\u00edtico tras ca\u00edda\"}]},{\"@type\":\"WebSite\",\"@id\":\"https:\\\/\\\/www.eldiario.net\\\/portal\\\/#website\",\"url\":\"https:\\\/\\\/www.eldiario.net\\\/portal\\\/\",\"name\":\"El Diario - Decano de la prensa nacional\",\"description\":\"El Diario - Decano de la prensa nacional\",\"publisher\":{\"@id\":\"https:\\\/\\\/www.eldiario.net\\\/portal\\\/#organization\"},\"potentialAction\":[{\"@type\":\"SearchAction\",\"target\":{\"@type\":\"EntryPoint\",\"urlTemplate\":\"https:\\\/\\\/www.eldiario.net\\\/portal\\\/?s={search_term_string}\"},\"query-input\":{\"@type\":\"PropertyValueSpecification\",\"valueRequired\":true,\"valueName\":\"search_term_string\"}}],\"inLanguage\":\"es\"},{\"@type\":\"Organization\",\"@id\":\"https:\\\/\\\/www.eldiario.net\\\/portal\\\/#organization\",\"name\":\"El Diario - Decano de la prensa nacional\",\"url\":\"https:\\\/\\\/www.eldiario.net\\\/portal\\\/\",\"logo\":{\"@type\":\"ImageObject\",\"inLanguage\":\"es\",\"@id\":\"https:\\\/\\\/www.eldiario.net\\\/portal\\\/#\\\/schema\\\/logo\\\/image\\\/\",\"url\":\"https:\\\/\\\/www.eldiario.net\\\/portal\\\/wp-content\\\/uploads\\\/2023\\\/07\\\/logo_ED.jpg\",\"contentUrl\":\"https:\\\/\\\/www.eldiario.net\\\/portal\\\/wp-content\\\/uploads\\\/2023\\\/07\\\/logo_ED.jpg\",\"width\":272,\"height\":52,\"caption\":\"El Diario - Decano de la prensa nacional\"},\"image\":{\"@id\":\"https:\\\/\\\/www.eldiario.net\\\/portal\\\/#\\\/schema\\\/logo\\\/image\\\/\"},\"sameAs\":[\"https:\\\/\\\/www.facebook.com\\\/eldiario.bolivia\\\/\",\"https:\\\/\\\/x.com\\\/eldiario_net\"]},{\"@type\":\"Person\",\"@id\":\"https:\\\/\\\/www.eldiario.net\\\/portal\\\/#\\\/schema\\\/person\\\/f46445640444750d7d753ccd04ae01b7\",\"name\":\"Jeanette\",\"image\":{\"@type\":\"ImageObject\",\"inLanguage\":\"es\",\"@id\":\"https:\\\/\\\/secure.gravatar.com\\\/avatar\\\/3ea2118a5f7dad2b7138b1187a6b7ee55f160b9968b66013c3a3ef39dd7e5798?s=96&d=mm&r=g\",\"url\":\"https:\\\/\\\/secure.gravatar.com\\\/avatar\\\/3ea2118a5f7dad2b7138b1187a6b7ee55f160b9968b66013c3a3ef39dd7e5798?s=96&d=mm&r=g\",\"contentUrl\":\"https:\\\/\\\/secure.gravatar.com\\\/avatar\\\/3ea2118a5f7dad2b7138b1187a6b7ee55f160b9968b66013c3a3ef39dd7e5798?s=96&d=mm&r=g\",\"caption\":\"Jeanette\"},\"sameAs\":[\"https:\\\/\\\/www.eldiario.net\\\/portal\"],\"url\":\"https:\\\/\\\/www.eldiario.net\\\/portal\\\/author\\\/jeanette\\\/\"}]}<\/script>\n<!-- \/ Yoast SEO plugin. -->","yoast_head_json":{"title":"Gobernador de Chuquisaca en estado cr\u00edtico tras ca\u00edda - El Diario - Bolivia","robots":{"index":"index","follow":"follow","max-snippet":"max-snippet:-1","max-image-preview":"max-image-preview:large","max-video-preview":"max-video-preview:-1"},"canonical":"https:\/\/www.eldiario.net\/portal\/2025\/06\/20\/gobernador-de-chuquisaca-en-estado-critico-tras-caida\/","og_locale":"es_ES","og_type":"article","og_title":"Gobernador de Chuquisaca en estado cr\u00edtico tras ca\u00edda - El Diario - Bolivia","og_description":"Luego de sufrir una ca\u00edda desde el segundo piso de su domicilio, el gobernador de Chuquisaca, Dami\u00e1n Condori Herrera, fue intervenido quir\u00fargicamente debido a un cuadro de Traumatismo Enc\u00e9falo Craneal (TEC) severo y contusiones m\u00faltiples, producto de su precipitaci\u00f3n en horas de la madrugada de ayer. En horas de la tarde, se inform\u00f3 que la [&hellip;]","og_url":"https:\/\/www.eldiario.net\/portal\/2025\/06\/20\/gobernador-de-chuquisaca-en-estado-critico-tras-caida\/","og_site_name":"El Diario - Bolivia","article_publisher":"https:\/\/www.facebook.com\/eldiario.bolivia\/","article_published_time":"2025-06-20T09:45:59+00:00","og_image":[{"width":1200,"height":800,"url":"https:\/\/www.eldiario.net\/portal\/wp-content\/uploads\/2025\/06\/P-4-10-cm-x-7-7.webp","type":"image\/webp"}],"author":"Jeanette","twitter_card":"summary_large_image","twitter_creator":"@eldiario_net","twitter_site":"@eldiario_net","twitter_misc":{"Escrito por":"Jeanette","Tiempo de lectura":"2 minutos"},"schema":{"@context":"https:\/\/schema.org","@graph":[{"@type":"Article","@id":"https:\/\/www.eldiario.net\/portal\/2025\/06\/20\/gobernador-de-chuquisaca-en-estado-critico-tras-caida\/#article","isPartOf":{"@id":"https:\/\/www.eldiario.net\/portal\/2025\/06\/20\/gobernador-de-chuquisaca-en-estado-critico-tras-caida\/"},"author":{"name":"Jeanette","@id":"https:\/\/www.eldiario.net\/portal\/#\/schema\/person\/f46445640444750d7d753ccd04ae01b7"},"headline":"Gobernador de Chuquisaca en estado cr\u00edtico tras ca\u00edda","datePublished":"2025-06-20T09:45:59+00:00","mainEntityOfPage":{"@id":"https:\/\/www.eldiario.net\/portal\/2025\/06\/20\/gobernador-de-chuquisaca-en-estado-critico-tras-caida\/"},"wordCount":318,"publisher":{"@id":"https:\/\/www.eldiario.net\/portal\/#organization"},"image":{"@id":"https:\/\/www.eldiario.net\/portal\/2025\/06\/20\/gobernador-de-chuquisaca-en-estado-critico-tras-caida\/#primaryimage"},"thumbnailUrl":"https:\/\/www.eldiario.net\/portal\/wp-content\/uploads\/2025\/06\/P-4-10-cm-x-7-7.webp","articleSection":["Portada"],"inLanguage":"es"},{"@type":"WebPage","@id":"https:\/\/www.eldiario.net\/portal\/2025\/06\/20\/gobernador-de-chuquisaca-en-estado-critico-tras-caida\/","url":"https:\/\/www.eldiario.net\/portal\/2025\/06\/20\/gobernador-de-chuquisaca-en-estado-critico-tras-caida\/","name":"Gobernador de Chuquisaca en estado cr\u00edtico tras ca\u00edda - El Diario - Bolivia","isPartOf":{"@id":"https:\/\/www.eldiario.net\/portal\/#website"},"primaryImageOfPage":{"@id":"https:\/\/www.eldiario.net\/portal\/2025\/06\/20\/gobernador-de-chuquisaca-en-estado-critico-tras-caida\/#primaryimage"},"image":{"@id":"https:\/\/www.eldiario.net\/portal\/2025\/06\/20\/gobernador-de-chuquisaca-en-estado-critico-tras-caida\/#primaryimage"},"thumbnailUrl":"https:\/\/www.eldiario.net\/portal\/wp-content\/uploads\/2025\/06\/P-4-10-cm-x-7-7.webp","datePublished":"2025-06-20T09:45:59+00:00","breadcrumb":{"@id":"https:\/\/www.eldiario.net\/portal\/2025\/06\/20\/gobernador-de-chuquisaca-en-estado-critico-tras-caida\/#breadcrumb"},"inLanguage":"es","potentialAction":[{"@type":"ReadAction","target":["https:\/\/www.eldiario.net\/portal\/2025\/06\/20\/gobernador-de-chuquisaca-en-estado-critico-tras-caida\/"]}]},{"@type":"ImageObject","inLanguage":"es","@id":"https:\/\/www.eldiario.net\/portal\/2025\/06\/20\/gobernador-de-chuquisaca-en-estado-critico-tras-caida\/#primaryimage","url":"https:\/\/www.eldiario.net\/portal\/wp-content\/uploads\/2025\/06\/P-4-10-cm-x-7-7.webp","contentUrl":"https:\/\/www.eldiario.net\/portal\/wp-content\/uploads\/2025\/06\/P-4-10-cm-x-7-7.webp","width":1200,"height":800,"caption":"Dami\u00e1n Condori, Gobernador de Chuquisaca."},{"@type":"BreadcrumbList","@id":"https:\/\/www.eldiario.net\/portal\/2025\/06\/20\/gobernador-de-chuquisaca-en-estado-critico-tras-caida\/#breadcrumb","itemListElement":[{"@type":"ListItem","position":1,"name":"Portada","item":"https:\/\/www.eldiario.net\/portal\/"},{"@type":"ListItem","position":2,"name":"Gobernador de Chuquisaca en estado cr\u00edtico tras ca\u00edda"}]},{"@type":"WebSite","@id":"https:\/\/www.eldiario.net\/portal\/#website","url":"https:\/\/www.eldiario.net\/portal\/","name":"El Diario - Decano de la prensa nacional","description":"El Diario - Decano de la prensa nacional","publisher":{"@id":"https:\/\/www.eldiario.net\/portal\/#organization"},"potentialAction":[{"@type":"SearchAction","target":{"@type":"EntryPoint","urlTemplate":"https:\/\/www.eldiario.net\/portal\/?s={search_term_string}"},"query-input":{"@type":"PropertyValueSpecification","valueRequired":true,"valueName":"search_term_string"}}],"inLanguage":"es"},{"@type":"Organization","@id":"https:\/\/www.eldiario.net\/portal\/#organization","name":"El Diario - Decano de la prensa nacional","url":"https:\/\/www.eldiario.net\/portal\/","logo":{"@type":"ImageObject","inLanguage":"es","@id":"https:\/\/www.eldiario.net\/portal\/#\/schema\/logo\/image\/","url":"https:\/\/www.eldiario.net\/portal\/wp-content\/uploads\/2023\/07\/logo_ED.jpg","contentUrl":"https:\/\/www.eldiario.net\/portal\/wp-content\/uploads\/2023\/07\/logo_ED.jpg","width":272,"height":52,"caption":"El Diario - Decano de la prensa nacional"},"image":{"@id":"https:\/\/www.eldiario.net\/portal\/#\/schema\/logo\/image\/"},"sameAs":["https:\/\/www.facebook.com\/eldiario.bolivia\/","https:\/\/x.com\/eldiario_net"]},{"@type":"Person","@id":"https:\/\/www.eldiario.net\/portal\/#\/schema\/person\/f46445640444750d7d753ccd04ae01b7","name":"Jeanette","image":{"@type":"ImageObject","inLanguage":"es","@id":"https:\/\/secure.gravatar.com\/avatar\/3ea2118a5f7dad2b7138b1187a6b7ee55f160b9968b66013c3a3ef39dd7e5798?s=96&d=mm&r=g","url":"https:\/\/secure.gravatar.com\/avatar\/3ea2118a5f7dad2b7138b1187a6b7ee55f160b9968b66013c3a3ef39dd7e5798?s=96&d=mm&r=g","contentUrl":"https:\/\/secure.gravatar.com\/avatar\/3ea2118a5f7dad2b7138b1187a6b7ee55f160b9968b66013c3a3ef39dd7e5798?s=96&d=mm&r=g","caption":"Jeanette"},"sameAs":["https:\/\/www.eldiario.net\/portal"],"url":"https:\/\/www.eldiario.net\/portal\/author\/jeanette\/"}]}},"_links":{"self":[{"href":"https:\/\/www.eldiario.net\/portal\/wp-json\/wp\/v2\/posts\/310907","targetHints":{"allow":["GET"]}}],"collection":[{"href":"https:\/\/www.eldiario.net\/portal\/wp-json\/wp\/v2\/posts"}],"about":[{"href":"https:\/\/www.eldiario.net\/portal\/wp-json\/wp\/v2\/types\/post"}],"author":[{"embeddable":true,"href":"https:\/\/www.eldiario.net\/portal\/wp-json\/wp\/v2\/users\/1"}],"replies":[{"embeddable":true,"href":"https:\/\/www.eldiario.net\/portal\/wp-json\/wp\/v2\/comments?post=310907"}],"version-history":[{"count":1,"href":"https:\/\/www.eldiario.net\/portal\/wp-json\/wp\/v2\/posts\/310907\/revisions"}],"predecessor-version":[{"id":310909,"href":"https:\/\/www.eldiario.net\/portal\/wp-json\/wp\/v2\/posts\/310907\/revisions\/310909"}],"wp:featuredmedia":[{"embeddable":true,"href":"https:\/\/www.eldiario.net\/portal\/wp-json\/wp\/v2\/media\/310908"}],"wp:attachment":[{"href":"https:\/\/www.eldiario.net\/portal\/wp-json\/wp\/v2\/media?parent=310907"}],"wp:term":[{"taxonomy":"category","embeddable":true,"href":"https:\/\/www.eldiario.net\/portal\/wp-json\/wp\/v2\/categories?post=310907"},{"taxonomy":"post_tag","embeddable":true,"href":"https:\/\/www.eldiario.net\/portal\/wp-json\/wp\/v2\/tags?post=310907"}],"curies":[{"name":"wp","href":"https:\/\/api.w.org\/{rel}","templated":true}]}}