{"id":310904,"date":"2025-06-20T05:44:40","date_gmt":"2025-06-20T09:44:40","guid":{"rendered":"https:\/\/www.eldiario.net\/portal\/?p=310904"},"modified":"2025-06-20T05:44:40","modified_gmt":"2025-06-20T09:44:40","slug":"manfred-propone-buses-electricos-para-paliar-la-crisis-de-la-gasolina","status":"publish","type":"post","link":"https:\/\/www.eldiario.net\/portal\/2025\/06\/20\/manfred-propone-buses-electricos-para-paliar-la-crisis-de-la-gasolina\/","title":{"rendered":"Manfred propone buses el\u00e9ctricos  para paliar la crisis de la gasolina"},"content":{"rendered":"<p>Manfred Reyes Villa, candidato presidencial de S\u00daMATE propone la vigencia de un plan de transporte p\u00fablico con buses el\u00e9ctricos, para de esta manera impulsar el cambio de la matriz energ\u00e9tica y adem\u00e1s paliar la crisis por la escasez de gasolina y di\u00e9sel.<br \/>\nEn una entrevista de este medio de comunicaci\u00f3n que se difunde tambi\u00e9n por el canal YouTube EDI TV y la radio digital Impacto Bolivia, Reyes Villa record\u00f3 que su gobierno municipal ya trajo a Cochabamba un bus el\u00e9ctrico, especialmente construido para su ciudad y que esa experiencia es posible de replicar en las dem\u00e1s urbes del pa\u00eds.<br \/>\nRespecto al abastecimiento de electricidad para su proyecto, manifest\u00f3 que existe la suficiente capacidad para producir este energ\u00e9tico y tambi\u00e9n se puede impulsar proyectos hidroel\u00e9ctricos como el Ivirizu de Cochabamba y el Rositas de Santa Cruz.<br \/>\nEl candidato de S\u00daMATE anunci\u00f3 el levantamiento de la subvenci\u00f3n de los combustibles y el ascenso del precio de la gasolina a Bs 5 por litro, lo que estar\u00e1 vinculado a la mejora del octanaje de ese combustible.<br \/>\nCon relaci\u00f3n al tipo cambiario, anunci\u00f3 la vigencia del Bols\u00edn, el cual tendr\u00e1 sentido si se estabiliza previamente la econom\u00eda con el ingreso de 10.000 millones de d\u00f3lares por concepto de un bono anticipado por el litio. \u201cNi bien estemos nosotros en el gobierno, se aplicar\u00e1 esta propuesta porque Bolivia no puede esperar mucho tiempo, por eso no creo yo en que se acuda al Fondo Monetario Internacional o la Corporaci\u00f3n Andina de Fomento o al Banco Mundial, a organismos donde se tarda demasiado tiempo y adem\u00e1s con el riesgo pa\u00eds que tenemos en contra porque Bolivia se encuentra con 2.024 puntos y calificaci\u00f3n de triple C menos, entonces es bastante complicado. Se tardar\u00eda demasiado, adem\u00e1s se perder\u00eda la soberan\u00eda econ\u00f3mica porque cuando un banco te da fondos, tambi\u00e9n te da condicionamientos, en otras palabras, te indica cu\u00e1l debe ser la pol\u00edtica econ\u00f3mica a emplear en tu pa\u00eds\u201d, concluy\u00f3.<br \/>\nEn la entrevista que se presenta en su integridad en el interior de las p\u00e1ginas de este peri\u00f3dico, Manfred anunci\u00f3 un plan para que cada ciudadano pueda vender al Estado energ\u00eda limpia generada principalmente a trav\u00e9s de paneles solares.<br \/>\nTambi\u00e9n se\u00f1al\u00f3 que si llega el gobierno rebajar\u00e1 el Impuesto al Valor Agregado al 10 por ciento, el Impuesto a las Utilidades de las Empresas al 18% y har\u00e1 desaparecer el Impuesto a las Utilidades y el Impuesto a las Grandes Fortunas.<br \/>\nRespecto a la Gestora, manifest\u00f3 que ser\u00e1 institucionalizada para que los fondos que tiene redunden en un aumento de las rentas de los jubilados, adem\u00e1s abri\u00f3 la posibilidad de alianzas p\u00fablico-privadas para que otros fondos de pensiones se incorporen al mercado boliviano.<\/p>\n<p>PIE DE FOTO<\/p>\n","protected":false},"excerpt":{"rendered":"<p>Manfred Reyes Villa, candidato presidencial de S\u00daMATE propone la vigencia de un plan de transporte p\u00fablico con buses el\u00e9ctricos, para de esta manera impulsar el cambio de la matriz energ\u00e9tica y adem\u00e1s paliar la crisis por la escasez de gasolina y di\u00e9sel. En una entrevista de este medio de comunicaci\u00f3n que se difunde tambi\u00e9n por [&hellip;]<\/p>\n","protected":false},"author":1,"featured_media":310905,"comment_status":"closed","ping_status":"open","sticky":false,"template":"","format":"standard","meta":{"_acf_changed":false,"footnotes":""},"categories":[15],"tags":[],"class_list":["post-310904","post","type-post","status-publish","format-standard","has-post-thumbnail","category-portada"],"acf":{"antetitulo":"Voto Consciente"},"yoast_head":"<!-- This site is optimized with the Yoast SEO plugin v28.4 - https:\/\/yoast.com\/product\/yoast-seo-wordpress\/ -->\n<title>Manfred propone buses el\u00e9ctricos para paliar la crisis de la gasolina - El Diario - Bolivia<\/title>\n<meta name=\"robots\" content=\"index, follow, max-snippet:-1, max-image-preview:large, max-video-preview:-1\" \/>\n<link rel=\"canonical\" href=\"https:\/\/www.eldiario.net\/portal\/2025\/06\/20\/manfred-propone-buses-electricos-para-paliar-la-crisis-de-la-gasolina\/\" \/>\n<meta property=\"og:locale\" content=\"es_ES\" \/>\n<meta property=\"og:type\" content=\"article\" \/>\n<meta property=\"og:title\" content=\"Manfred propone buses el\u00e9ctricos para paliar la crisis de la gasolina - El Diario - Bolivia\" \/>\n<meta property=\"og:description\" content=\"Manfred Reyes Villa, candidato presidencial de S\u00daMATE propone la vigencia de un plan de transporte p\u00fablico con buses el\u00e9ctricos, para de esta manera impulsar el cambio de la matriz energ\u00e9tica y adem\u00e1s paliar la crisis por la escasez de gasolina y di\u00e9sel. En una entrevista de este medio de comunicaci\u00f3n que se difunde tambi\u00e9n por [&hellip;]\" \/>\n<meta property=\"og:url\" content=\"https:\/\/www.eldiario.net\/portal\/2025\/06\/20\/manfred-propone-buses-electricos-para-paliar-la-crisis-de-la-gasolina\/\" \/>\n<meta property=\"og:site_name\" content=\"El Diario - Bolivia\" \/>\n<meta property=\"article:publisher\" content=\"https:\/\/www.facebook.com\/eldiario.bolivia\/\" \/>\n<meta property=\"article:published_time\" content=\"2025-06-20T09:44:40+00:00\" \/>\n<meta property=\"og:image\" content=\"https:\/\/www.eldiario.net\/portal\/wp-content\/uploads\/2025\/06\/P-5-10-cm-x-8.webp\" \/>\n\t<meta property=\"og:image:width\" content=\"992\" \/>\n\t<meta property=\"og:image:height\" content=\"558\" \/>\n\t<meta property=\"og:image:type\" content=\"image\/webp\" \/>\n<meta name=\"author\" content=\"Jeanette\" \/>\n<meta name=\"twitter:card\" content=\"summary_large_image\" \/>\n<meta name=\"twitter:creator\" content=\"@eldiario_net\" \/>\n<meta name=\"twitter:site\" content=\"@eldiario_net\" \/>\n<meta name=\"twitter:label1\" content=\"Escrito por\" \/>\n\t<meta name=\"twitter:data1\" content=\"Jeanette\" \/>\n\t<meta name=\"twitter:label2\" content=\"Tiempo de lectura\" \/>\n\t<meta name=\"twitter:data2\" content=\"3 minutos\" \/>\n<script type=\"application\/ld+json\" class=\"yoast-schema-graph\">{\"@context\":\"https:\\\/\\\/schema.org\",\"@graph\":[{\"@type\":\"Article\",\"@id\":\"https:\\\/\\\/www.eldiario.net\\\/portal\\\/2025\\\/06\\\/20\\\/manfred-propone-buses-electricos-para-paliar-la-crisis-de-la-gasolina\\\/#article\",\"isPartOf\":{\"@id\":\"https:\\\/\\\/www.eldiario.net\\\/portal\\\/2025\\\/06\\\/20\\\/manfred-propone-buses-electricos-para-paliar-la-crisis-de-la-gasolina\\\/\"},\"author\":{\"name\":\"Jeanette\",\"@id\":\"https:\\\/\\\/www.eldiario.net\\\/portal\\\/#\\\/schema\\\/person\\\/f46445640444750d7d753ccd04ae01b7\"},\"headline\":\"Manfred propone buses el\u00e9ctricos para paliar la crisis de la gasolina\",\"datePublished\":\"2025-06-20T09:44:40+00:00\",\"mainEntityOfPage\":{\"@id\":\"https:\\\/\\\/www.eldiario.net\\\/portal\\\/2025\\\/06\\\/20\\\/manfred-propone-buses-electricos-para-paliar-la-crisis-de-la-gasolina\\\/\"},\"wordCount\":497,\"publisher\":{\"@id\":\"https:\\\/\\\/www.eldiario.net\\\/portal\\\/#organization\"},\"image\":{\"@id\":\"https:\\\/\\\/www.eldiario.net\\\/portal\\\/2025\\\/06\\\/20\\\/manfred-propone-buses-electricos-para-paliar-la-crisis-de-la-gasolina\\\/#primaryimage\"},\"thumbnailUrl\":\"https:\\\/\\\/www.eldiario.net\\\/portal\\\/wp-content\\\/uploads\\\/2025\\\/06\\\/P-5-10-cm-x-8.webp\",\"articleSection\":[\"Portada\"],\"inLanguage\":\"es\"},{\"@type\":\"WebPage\",\"@id\":\"https:\\\/\\\/www.eldiario.net\\\/portal\\\/2025\\\/06\\\/20\\\/manfred-propone-buses-electricos-para-paliar-la-crisis-de-la-gasolina\\\/\",\"url\":\"https:\\\/\\\/www.eldiario.net\\\/portal\\\/2025\\\/06\\\/20\\\/manfred-propone-buses-electricos-para-paliar-la-crisis-de-la-gasolina\\\/\",\"name\":\"Manfred propone buses el\u00e9ctricos para paliar la crisis de la gasolina - El Diario - Bolivia\",\"isPartOf\":{\"@id\":\"https:\\\/\\\/www.eldiario.net\\\/portal\\\/#website\"},\"primaryImageOfPage\":{\"@id\":\"https:\\\/\\\/www.eldiario.net\\\/portal\\\/2025\\\/06\\\/20\\\/manfred-propone-buses-electricos-para-paliar-la-crisis-de-la-gasolina\\\/#primaryimage\"},\"image\":{\"@id\":\"https:\\\/\\\/www.eldiario.net\\\/portal\\\/2025\\\/06\\\/20\\\/manfred-propone-buses-electricos-para-paliar-la-crisis-de-la-gasolina\\\/#primaryimage\"},\"thumbnailUrl\":\"https:\\\/\\\/www.eldiario.net\\\/portal\\\/wp-content\\\/uploads\\\/2025\\\/06\\\/P-5-10-cm-x-8.webp\",\"datePublished\":\"2025-06-20T09:44:40+00:00\",\"breadcrumb\":{\"@id\":\"https:\\\/\\\/www.eldiario.net\\\/portal\\\/2025\\\/06\\\/20\\\/manfred-propone-buses-electricos-para-paliar-la-crisis-de-la-gasolina\\\/#breadcrumb\"},\"inLanguage\":\"es\",\"potentialAction\":[{\"@type\":\"ReadAction\",\"target\":[\"https:\\\/\\\/www.eldiario.net\\\/portal\\\/2025\\\/06\\\/20\\\/manfred-propone-buses-electricos-para-paliar-la-crisis-de-la-gasolina\\\/\"]}]},{\"@type\":\"ImageObject\",\"inLanguage\":\"es\",\"@id\":\"https:\\\/\\\/www.eldiario.net\\\/portal\\\/2025\\\/06\\\/20\\\/manfred-propone-buses-electricos-para-paliar-la-crisis-de-la-gasolina\\\/#primaryimage\",\"url\":\"https:\\\/\\\/www.eldiario.net\\\/portal\\\/wp-content\\\/uploads\\\/2025\\\/06\\\/P-5-10-cm-x-8.webp\",\"contentUrl\":\"https:\\\/\\\/www.eldiario.net\\\/portal\\\/wp-content\\\/uploads\\\/2025\\\/06\\\/P-5-10-cm-x-8.webp\",\"width\":992,\"height\":558,\"caption\":\"Manfred Reyes Villa, candidato presidencial de S\u00daMATE.\"},{\"@type\":\"BreadcrumbList\",\"@id\":\"https:\\\/\\\/www.eldiario.net\\\/portal\\\/2025\\\/06\\\/20\\\/manfred-propone-buses-electricos-para-paliar-la-crisis-de-la-gasolina\\\/#breadcrumb\",\"itemListElement\":[{\"@type\":\"ListItem\",\"position\":1,\"name\":\"Portada\",\"item\":\"https:\\\/\\\/www.eldiario.net\\\/portal\\\/\"},{\"@type\":\"ListItem\",\"position\":2,\"name\":\"Manfred propone buses el\u00e9ctricos para paliar la crisis de la gasolina\"}]},{\"@type\":\"WebSite\",\"@id\":\"https:\\\/\\\/www.eldiario.net\\\/portal\\\/#website\",\"url\":\"https:\\\/\\\/www.eldiario.net\\\/portal\\\/\",\"name\":\"El Diario - Decano de la prensa nacional\",\"description\":\"El Diario - Decano de la prensa nacional\",\"publisher\":{\"@id\":\"https:\\\/\\\/www.eldiario.net\\\/portal\\\/#organization\"},\"potentialAction\":[{\"@type\":\"SearchAction\",\"target\":{\"@type\":\"EntryPoint\",\"urlTemplate\":\"https:\\\/\\\/www.eldiario.net\\\/portal\\\/?s={search_term_string}\"},\"query-input\":{\"@type\":\"PropertyValueSpecification\",\"valueRequired\":true,\"valueName\":\"search_term_string\"}}],\"inLanguage\":\"es\"},{\"@type\":\"Organization\",\"@id\":\"https:\\\/\\\/www.eldiario.net\\\/portal\\\/#organization\",\"name\":\"El Diario - Decano de la prensa nacional\",\"url\":\"https:\\\/\\\/www.eldiario.net\\\/portal\\\/\",\"logo\":{\"@type\":\"ImageObject\",\"inLanguage\":\"es\",\"@id\":\"https:\\\/\\\/www.eldiario.net\\\/portal\\\/#\\\/schema\\\/logo\\\/image\\\/\",\"url\":\"https:\\\/\\\/www.eldiario.net\\\/portal\\\/wp-content\\\/uploads\\\/2023\\\/07\\\/logo_ED.jpg\",\"contentUrl\":\"https:\\\/\\\/www.eldiario.net\\\/portal\\\/wp-content\\\/uploads\\\/2023\\\/07\\\/logo_ED.jpg\",\"width\":272,\"height\":52,\"caption\":\"El Diario - Decano de la prensa nacional\"},\"image\":{\"@id\":\"https:\\\/\\\/www.eldiario.net\\\/portal\\\/#\\\/schema\\\/logo\\\/image\\\/\"},\"sameAs\":[\"https:\\\/\\\/www.facebook.com\\\/eldiario.bolivia\\\/\",\"https:\\\/\\\/x.com\\\/eldiario_net\"]},{\"@type\":\"Person\",\"@id\":\"https:\\\/\\\/www.eldiario.net\\\/portal\\\/#\\\/schema\\\/person\\\/f46445640444750d7d753ccd04ae01b7\",\"name\":\"Jeanette\",\"image\":{\"@type\":\"ImageObject\",\"inLanguage\":\"es\",\"@id\":\"https:\\\/\\\/secure.gravatar.com\\\/avatar\\\/3ea2118a5f7dad2b7138b1187a6b7ee55f160b9968b66013c3a3ef39dd7e5798?s=96&d=mm&r=g\",\"url\":\"https:\\\/\\\/secure.gravatar.com\\\/avatar\\\/3ea2118a5f7dad2b7138b1187a6b7ee55f160b9968b66013c3a3ef39dd7e5798?s=96&d=mm&r=g\",\"contentUrl\":\"https:\\\/\\\/secure.gravatar.com\\\/avatar\\\/3ea2118a5f7dad2b7138b1187a6b7ee55f160b9968b66013c3a3ef39dd7e5798?s=96&d=mm&r=g\",\"caption\":\"Jeanette\"},\"sameAs\":[\"https:\\\/\\\/www.eldiario.net\\\/portal\"],\"url\":\"https:\\\/\\\/www.eldiario.net\\\/portal\\\/author\\\/jeanette\\\/\"}]}<\/script>\n<!-- \/ Yoast SEO plugin. -->","yoast_head_json":{"title":"Manfred propone buses el\u00e9ctricos para paliar la crisis de la gasolina - El Diario - Bolivia","robots":{"index":"index","follow":"follow","max-snippet":"max-snippet:-1","max-image-preview":"max-image-preview:large","max-video-preview":"max-video-preview:-1"},"canonical":"https:\/\/www.eldiario.net\/portal\/2025\/06\/20\/manfred-propone-buses-electricos-para-paliar-la-crisis-de-la-gasolina\/","og_locale":"es_ES","og_type":"article","og_title":"Manfred propone buses el\u00e9ctricos para paliar la crisis de la gasolina - El Diario - Bolivia","og_description":"Manfred Reyes Villa, candidato presidencial de S\u00daMATE propone la vigencia de un plan de transporte p\u00fablico con buses el\u00e9ctricos, para de esta manera impulsar el cambio de la matriz energ\u00e9tica y adem\u00e1s paliar la crisis por la escasez de gasolina y di\u00e9sel. En una entrevista de este medio de comunicaci\u00f3n que se difunde tambi\u00e9n por [&hellip;]","og_url":"https:\/\/www.eldiario.net\/portal\/2025\/06\/20\/manfred-propone-buses-electricos-para-paliar-la-crisis-de-la-gasolina\/","og_site_name":"El Diario - Bolivia","article_publisher":"https:\/\/www.facebook.com\/eldiario.bolivia\/","article_published_time":"2025-06-20T09:44:40+00:00","og_image":[{"width":992,"height":558,"url":"https:\/\/www.eldiario.net\/portal\/wp-content\/uploads\/2025\/06\/P-5-10-cm-x-8.webp","type":"image\/webp"}],"author":"Jeanette","twitter_card":"summary_large_image","twitter_creator":"@eldiario_net","twitter_site":"@eldiario_net","twitter_misc":{"Escrito por":"Jeanette","Tiempo de lectura":"3 minutos"},"schema":{"@context":"https:\/\/schema.org","@graph":[{"@type":"Article","@id":"https:\/\/www.eldiario.net\/portal\/2025\/06\/20\/manfred-propone-buses-electricos-para-paliar-la-crisis-de-la-gasolina\/#article","isPartOf":{"@id":"https:\/\/www.eldiario.net\/portal\/2025\/06\/20\/manfred-propone-buses-electricos-para-paliar-la-crisis-de-la-gasolina\/"},"author":{"name":"Jeanette","@id":"https:\/\/www.eldiario.net\/portal\/#\/schema\/person\/f46445640444750d7d753ccd04ae01b7"},"headline":"Manfred propone buses el\u00e9ctricos para paliar la crisis de la gasolina","datePublished":"2025-06-20T09:44:40+00:00","mainEntityOfPage":{"@id":"https:\/\/www.eldiario.net\/portal\/2025\/06\/20\/manfred-propone-buses-electricos-para-paliar-la-crisis-de-la-gasolina\/"},"wordCount":497,"publisher":{"@id":"https:\/\/www.eldiario.net\/portal\/#organization"},"image":{"@id":"https:\/\/www.eldiario.net\/portal\/2025\/06\/20\/manfred-propone-buses-electricos-para-paliar-la-crisis-de-la-gasolina\/#primaryimage"},"thumbnailUrl":"https:\/\/www.eldiario.net\/portal\/wp-content\/uploads\/2025\/06\/P-5-10-cm-x-8.webp","articleSection":["Portada"],"inLanguage":"es"},{"@type":"WebPage","@id":"https:\/\/www.eldiario.net\/portal\/2025\/06\/20\/manfred-propone-buses-electricos-para-paliar-la-crisis-de-la-gasolina\/","url":"https:\/\/www.eldiario.net\/portal\/2025\/06\/20\/manfred-propone-buses-electricos-para-paliar-la-crisis-de-la-gasolina\/","name":"Manfred propone buses el\u00e9ctricos para paliar la crisis de la gasolina - El Diario - Bolivia","isPartOf":{"@id":"https:\/\/www.eldiario.net\/portal\/#website"},"primaryImageOfPage":{"@id":"https:\/\/www.eldiario.net\/portal\/2025\/06\/20\/manfred-propone-buses-electricos-para-paliar-la-crisis-de-la-gasolina\/#primaryimage"},"image":{"@id":"https:\/\/www.eldiario.net\/portal\/2025\/06\/20\/manfred-propone-buses-electricos-para-paliar-la-crisis-de-la-gasolina\/#primaryimage"},"thumbnailUrl":"https:\/\/www.eldiario.net\/portal\/wp-content\/uploads\/2025\/06\/P-5-10-cm-x-8.webp","datePublished":"2025-06-20T09:44:40+00:00","breadcrumb":{"@id":"https:\/\/www.eldiario.net\/portal\/2025\/06\/20\/manfred-propone-buses-electricos-para-paliar-la-crisis-de-la-gasolina\/#breadcrumb"},"inLanguage":"es","potentialAction":[{"@type":"ReadAction","target":["https:\/\/www.eldiario.net\/portal\/2025\/06\/20\/manfred-propone-buses-electricos-para-paliar-la-crisis-de-la-gasolina\/"]}]},{"@type":"ImageObject","inLanguage":"es","@id":"https:\/\/www.eldiario.net\/portal\/2025\/06\/20\/manfred-propone-buses-electricos-para-paliar-la-crisis-de-la-gasolina\/#primaryimage","url":"https:\/\/www.eldiario.net\/portal\/wp-content\/uploads\/2025\/06\/P-5-10-cm-x-8.webp","contentUrl":"https:\/\/www.eldiario.net\/portal\/wp-content\/uploads\/2025\/06\/P-5-10-cm-x-8.webp","width":992,"height":558,"caption":"Manfred Reyes Villa, candidato presidencial de S\u00daMATE."},{"@type":"BreadcrumbList","@id":"https:\/\/www.eldiario.net\/portal\/2025\/06\/20\/manfred-propone-buses-electricos-para-paliar-la-crisis-de-la-gasolina\/#breadcrumb","itemListElement":[{"@type":"ListItem","position":1,"name":"Portada","item":"https:\/\/www.eldiario.net\/portal\/"},{"@type":"ListItem","position":2,"name":"Manfred propone buses el\u00e9ctricos para paliar la crisis de la gasolina"}]},{"@type":"WebSite","@id":"https:\/\/www.eldiario.net\/portal\/#website","url":"https:\/\/www.eldiario.net\/portal\/","name":"El Diario - Decano de la prensa nacional","description":"El Diario - Decano de la prensa nacional","publisher":{"@id":"https:\/\/www.eldiario.net\/portal\/#organization"},"potentialAction":[{"@type":"SearchAction","target":{"@type":"EntryPoint","urlTemplate":"https:\/\/www.eldiario.net\/portal\/?s={search_term_string}"},"query-input":{"@type":"PropertyValueSpecification","valueRequired":true,"valueName":"search_term_string"}}],"inLanguage":"es"},{"@type":"Organization","@id":"https:\/\/www.eldiario.net\/portal\/#organization","name":"El Diario - Decano de la prensa nacional","url":"https:\/\/www.eldiario.net\/portal\/","logo":{"@type":"ImageObject","inLanguage":"es","@id":"https:\/\/www.eldiario.net\/portal\/#\/schema\/logo\/image\/","url":"https:\/\/www.eldiario.net\/portal\/wp-content\/uploads\/2023\/07\/logo_ED.jpg","contentUrl":"https:\/\/www.eldiario.net\/portal\/wp-content\/uploads\/2023\/07\/logo_ED.jpg","width":272,"height":52,"caption":"El Diario - Decano de la prensa nacional"},"image":{"@id":"https:\/\/www.eldiario.net\/portal\/#\/schema\/logo\/image\/"},"sameAs":["https:\/\/www.facebook.com\/eldiario.bolivia\/","https:\/\/x.com\/eldiario_net"]},{"@type":"Person","@id":"https:\/\/www.eldiario.net\/portal\/#\/schema\/person\/f46445640444750d7d753ccd04ae01b7","name":"Jeanette","image":{"@type":"ImageObject","inLanguage":"es","@id":"https:\/\/secure.gravatar.com\/avatar\/3ea2118a5f7dad2b7138b1187a6b7ee55f160b9968b66013c3a3ef39dd7e5798?s=96&d=mm&r=g","url":"https:\/\/secure.gravatar.com\/avatar\/3ea2118a5f7dad2b7138b1187a6b7ee55f160b9968b66013c3a3ef39dd7e5798?s=96&d=mm&r=g","contentUrl":"https:\/\/secure.gravatar.com\/avatar\/3ea2118a5f7dad2b7138b1187a6b7ee55f160b9968b66013c3a3ef39dd7e5798?s=96&d=mm&r=g","caption":"Jeanette"},"sameAs":["https:\/\/www.eldiario.net\/portal"],"url":"https:\/\/www.eldiario.net\/portal\/author\/jeanette\/"}]}},"_links":{"self":[{"href":"https:\/\/www.eldiario.net\/portal\/wp-json\/wp\/v2\/posts\/310904","targetHints":{"allow":["GET"]}}],"collection":[{"href":"https:\/\/www.eldiario.net\/portal\/wp-json\/wp\/v2\/posts"}],"about":[{"href":"https:\/\/www.eldiario.net\/portal\/wp-json\/wp\/v2\/types\/post"}],"author":[{"embeddable":true,"href":"https:\/\/www.eldiario.net\/portal\/wp-json\/wp\/v2\/users\/1"}],"replies":[{"embeddable":true,"href":"https:\/\/www.eldiario.net\/portal\/wp-json\/wp\/v2\/comments?post=310904"}],"version-history":[{"count":1,"href":"https:\/\/www.eldiario.net\/portal\/wp-json\/wp\/v2\/posts\/310904\/revisions"}],"predecessor-version":[{"id":310906,"href":"https:\/\/www.eldiario.net\/portal\/wp-json\/wp\/v2\/posts\/310904\/revisions\/310906"}],"wp:featuredmedia":[{"embeddable":true,"href":"https:\/\/www.eldiario.net\/portal\/wp-json\/wp\/v2\/media\/310905"}],"wp:attachment":[{"href":"https:\/\/www.eldiario.net\/portal\/wp-json\/wp\/v2\/media?parent=310904"}],"wp:term":[{"taxonomy":"category","embeddable":true,"href":"https:\/\/www.eldiario.net\/portal\/wp-json\/wp\/v2\/categories?post=310904"},{"taxonomy":"post_tag","embeddable":true,"href":"https:\/\/www.eldiario.net\/portal\/wp-json\/wp\/v2\/tags?post=310904"}],"curies":[{"name":"wp","href":"https:\/\/api.w.org\/{rel}","templated":true}]}}