{"id":310901,"date":"2025-06-20T05:43:33","date_gmt":"2025-06-20T09:43:33","guid":{"rendered":"https:\/\/www.eldiario.net\/portal\/?p=310901"},"modified":"2025-06-20T05:43:33","modified_gmt":"2025-06-20T09:43:33","slug":"independencia-judicial-fue-destruida-por-el-masismo","status":"publish","type":"post","link":"https:\/\/www.eldiario.net\/portal\/2025\/06\/20\/independencia-judicial-fue-destruida-por-el-masismo\/","title":{"rendered":"Independencia judicial fue destruida por el \u201cmasismo\u201d"},"content":{"rendered":"<p>El jefe de bancada por la agrupaci\u00f3n Creemos en la C\u00e1mara de Senadores, Henry Montero, se\u00f1al\u00f3 que el caso por el presunto consorcio judicial en el que se involucra al exministro C\u00e9sar Siles, adem\u00e1s de varios jueces y vocales, es consecuencia de la destrucci\u00f3n de las instituciones provocada por los gobiernos del Movimiento al Socialismo (MAS), partido que utiliz\u00f3 la justicia para beneficiar a unos y perseguir pol\u00edticamente a otros.<br \/>\n\u201cLo dec\u00eda el exministro Lima, que la justicia no era independiente que se volv\u00eda oficialista y estaban acostumbrados a poder manipular y utilizar a jueces, fiscales para tener beneficios en lo pol\u00edtico partidario y eso es el resultado de la intromisi\u00f3n y la destrucci\u00f3n de las instituciones por parte del masismo\u201d, afirm\u00f3 Montero.<br \/>\nEl parlamentario record\u00f3 que el \u201cmasismo\u201d utiliz\u00f3 no solamente a la justicia y la Fiscal\u00eda sino tambi\u00e9n al Tribunal Constitucional y otras entidades del Estado para buscar la perpetuaci\u00f3n de un violador del art\u00edculo 168, de la Constituci\u00f3n Pol\u00edtica del Estado (CPE), para proteger a corruptos que desfalcaron los recursos millonarios del Fondo Ind\u00edgena, para liberar a los asaltantes y destructores de los recintos policiales y para mantener impunidad respecto a los hechos de octubre de 2019, entre otros casos.<br \/>\nSeg\u00fan Montero, en casi dos d\u00e9cadas del MAS en el poder, se aliment\u00f3, consumi\u00f3 y destruy\u00f3 las instituciones. \u201cEste caso lo que est\u00e1 ocurriendo (con el telefonazo de Siles) es lamentable porque se est\u00e1 beneficiando a unos y se encarcela a otros; entonces, esperemos que el Ministerio P\u00fablico act\u00fae con celeridad.<br \/>\nPara el senador de Creemos, la justicia y el Ministerio P\u00fablico se utilizaron para encarcelar a unos con \u201cpruebas de recortes de peri\u00f3dicos\u201d y falacias como es el caso del gobernador de Santa Cruz, la expresidenta Jeanine A\u00f1ez y decenas de presos pol\u00edticos del MAS; sin embargo, los \u201cmasistas\u201d osan con levantar armas, anular las elecciones y hasta asesinan polic\u00edas, pero se encuentran libres.<br \/>\nEsta semana, la diputada Mar\u00eda Ren\u00e9 \u00c1lvarez se\u00f1al\u00f3 que la manipulaci\u00f3n grosera de la justicia fue la que se encarg\u00f3 de perseguir a l\u00edderes de oposici\u00f3n y beneficiar a la c\u00fapula del \u201cmasismo\u201d durante los \u00faltimos a\u00f1os.<br \/>\nA trav\u00e9s de sus redes sociales, la legisladora representante de la Chiquitania observ\u00f3 que el nuevo caso de \u201cconsorcio judicial\u201d solo termin\u00f3 de evidenciar la forma en que el poder pol\u00edtico manipula a la justicia, constituy\u00e9ndose en verdaderas mafias al interior de instancias estatales.<br \/>\n\u201cEl audio que involucra al exministro de Justicia con un consorcio judicial que opera desde el Ejecutivo, vulnerando la independencia entre los \u00f3rganos del Estado, confirma el estado del crimen organizado dentro de las instituciones estatales\u201d, expres\u00f3 \u00c1lvarez.<br \/>\nAsimismo, demand\u00f3 que las investigaciones a realizarse por parte de instancias como el Tribunal Supremo de Justicia, deben contar con todos los respaldos y el apoyo respectivo de las instancias de justicia, con la finalidad de desmantelar en su totalidad al \u201cgrupo criminal\u201d de jueces, abogados, fiscales y autoridades que manipulan el aparato de justicia bajo intereses pol\u00edticos.<br \/>\n\u201cEsa manipulaci\u00f3n grosera ha perseguido a los l\u00edderes de oposici\u00f3n y ha beneficiado a la c\u00fapula del \u2018masismo\u2019 y los socialistas durante los \u00faltimos a\u00f1os\u201d, dijo.<br \/>\nEn ese sentido, \u00c1lvarez asegur\u00f3 que, solo con la llegada de una nueva administraci\u00f3n se lograr\u00e1 que las investigaciones develen toda la estructura corrupta que todav\u00eda opera en instancias de justicia, devolviendo institucionalidad e independencia a la justicia boliviana.<\/p>\n","protected":false},"excerpt":{"rendered":"<p>El jefe de bancada por la agrupaci\u00f3n Creemos en la C\u00e1mara de Senadores, Henry Montero, se\u00f1al\u00f3 que el caso por el presunto consorcio judicial en el que se involucra al exministro C\u00e9sar Siles, adem\u00e1s de varios jueces y vocales, es consecuencia de la destrucci\u00f3n de las instituciones provocada por los gobiernos del Movimiento al Socialismo [&hellip;]<\/p>\n","protected":false},"author":1,"featured_media":310902,"comment_status":"closed","ping_status":"open","sticky":false,"template":"","format":"standard","meta":{"_acf_changed":false,"footnotes":""},"categories":[39],"tags":[],"class_list":["post-310901","post","type-post","status-publish","format-standard","has-post-thumbnail","category-sociedad"],"acf":{"antetitulo":"Intromisi\u00f3n pol\u00edtica en instituciones"},"yoast_head":"<!-- This site is optimized with the Yoast SEO plugin v28.4 - https:\/\/yoast.com\/product\/yoast-seo-wordpress\/ -->\n<title>Independencia judicial fue destruida por el \u201cmasismo\u201d - El Diario - Bolivia<\/title>\n<meta name=\"robots\" content=\"index, follow, max-snippet:-1, max-image-preview:large, max-video-preview:-1\" \/>\n<link rel=\"canonical\" href=\"https:\/\/www.eldiario.net\/portal\/2025\/06\/20\/independencia-judicial-fue-destruida-por-el-masismo\/\" \/>\n<meta property=\"og:locale\" content=\"es_ES\" \/>\n<meta property=\"og:type\" content=\"article\" \/>\n<meta property=\"og:title\" content=\"Independencia judicial fue destruida por el \u201cmasismo\u201d - El Diario - Bolivia\" \/>\n<meta property=\"og:description\" content=\"El jefe de bancada por la agrupaci\u00f3n Creemos en la C\u00e1mara de Senadores, Henry Montero, se\u00f1al\u00f3 que el caso por el presunto consorcio judicial en el que se involucra al exministro C\u00e9sar Siles, adem\u00e1s de varios jueces y vocales, es consecuencia de la destrucci\u00f3n de las instituciones provocada por los gobiernos del Movimiento al Socialismo [&hellip;]\" \/>\n<meta property=\"og:url\" content=\"https:\/\/www.eldiario.net\/portal\/2025\/06\/20\/independencia-judicial-fue-destruida-por-el-masismo\/\" \/>\n<meta property=\"og:site_name\" content=\"El Diario - Bolivia\" \/>\n<meta property=\"article:publisher\" content=\"https:\/\/www.facebook.com\/eldiario.bolivia\/\" \/>\n<meta property=\"article:published_time\" content=\"2025-06-20T09:43:33+00:00\" \/>\n<meta property=\"og:image\" content=\"https:\/\/www.eldiario.net\/portal\/wp-content\/uploads\/2025\/06\/MONTERO-1.webp\" \/>\n\t<meta property=\"og:image:width\" content=\"1278\" \/>\n\t<meta property=\"og:image:height\" content=\"993\" \/>\n\t<meta property=\"og:image:type\" content=\"image\/webp\" \/>\n<meta name=\"author\" content=\"Jeanette\" \/>\n<meta name=\"twitter:card\" content=\"summary_large_image\" \/>\n<meta name=\"twitter:creator\" content=\"@eldiario_net\" \/>\n<meta name=\"twitter:site\" content=\"@eldiario_net\" \/>\n<meta name=\"twitter:label1\" content=\"Escrito por\" \/>\n\t<meta name=\"twitter:data1\" content=\"Jeanette\" \/>\n\t<meta name=\"twitter:label2\" content=\"Tiempo de lectura\" \/>\n\t<meta name=\"twitter:data2\" content=\"3 minutos\" \/>\n<script type=\"application\/ld+json\" class=\"yoast-schema-graph\">{\"@context\":\"https:\\\/\\\/schema.org\",\"@graph\":[{\"@type\":\"Article\",\"@id\":\"https:\\\/\\\/www.eldiario.net\\\/portal\\\/2025\\\/06\\\/20\\\/independencia-judicial-fue-destruida-por-el-masismo\\\/#article\",\"isPartOf\":{\"@id\":\"https:\\\/\\\/www.eldiario.net\\\/portal\\\/2025\\\/06\\\/20\\\/independencia-judicial-fue-destruida-por-el-masismo\\\/\"},\"author\":{\"name\":\"Jeanette\",\"@id\":\"https:\\\/\\\/www.eldiario.net\\\/portal\\\/#\\\/schema\\\/person\\\/f46445640444750d7d753ccd04ae01b7\"},\"headline\":\"Independencia judicial fue destruida por el \u201cmasismo\u201d\",\"datePublished\":\"2025-06-20T09:43:33+00:00\",\"mainEntityOfPage\":{\"@id\":\"https:\\\/\\\/www.eldiario.net\\\/portal\\\/2025\\\/06\\\/20\\\/independencia-judicial-fue-destruida-por-el-masismo\\\/\"},\"wordCount\":611,\"publisher\":{\"@id\":\"https:\\\/\\\/www.eldiario.net\\\/portal\\\/#organization\"},\"image\":{\"@id\":\"https:\\\/\\\/www.eldiario.net\\\/portal\\\/2025\\\/06\\\/20\\\/independencia-judicial-fue-destruida-por-el-masismo\\\/#primaryimage\"},\"thumbnailUrl\":\"https:\\\/\\\/www.eldiario.net\\\/portal\\\/wp-content\\\/uploads\\\/2025\\\/06\\\/MONTERO-1.webp\",\"articleSection\":[\"Sociedad - Seguridad\"],\"inLanguage\":\"es\"},{\"@type\":\"WebPage\",\"@id\":\"https:\\\/\\\/www.eldiario.net\\\/portal\\\/2025\\\/06\\\/20\\\/independencia-judicial-fue-destruida-por-el-masismo\\\/\",\"url\":\"https:\\\/\\\/www.eldiario.net\\\/portal\\\/2025\\\/06\\\/20\\\/independencia-judicial-fue-destruida-por-el-masismo\\\/\",\"name\":\"Independencia judicial fue destruida por el \u201cmasismo\u201d - El Diario - Bolivia\",\"isPartOf\":{\"@id\":\"https:\\\/\\\/www.eldiario.net\\\/portal\\\/#website\"},\"primaryImageOfPage\":{\"@id\":\"https:\\\/\\\/www.eldiario.net\\\/portal\\\/2025\\\/06\\\/20\\\/independencia-judicial-fue-destruida-por-el-masismo\\\/#primaryimage\"},\"image\":{\"@id\":\"https:\\\/\\\/www.eldiario.net\\\/portal\\\/2025\\\/06\\\/20\\\/independencia-judicial-fue-destruida-por-el-masismo\\\/#primaryimage\"},\"thumbnailUrl\":\"https:\\\/\\\/www.eldiario.net\\\/portal\\\/wp-content\\\/uploads\\\/2025\\\/06\\\/MONTERO-1.webp\",\"datePublished\":\"2025-06-20T09:43:33+00:00\",\"breadcrumb\":{\"@id\":\"https:\\\/\\\/www.eldiario.net\\\/portal\\\/2025\\\/06\\\/20\\\/independencia-judicial-fue-destruida-por-el-masismo\\\/#breadcrumb\"},\"inLanguage\":\"es\",\"potentialAction\":[{\"@type\":\"ReadAction\",\"target\":[\"https:\\\/\\\/www.eldiario.net\\\/portal\\\/2025\\\/06\\\/20\\\/independencia-judicial-fue-destruida-por-el-masismo\\\/\"]}]},{\"@type\":\"ImageObject\",\"inLanguage\":\"es\",\"@id\":\"https:\\\/\\\/www.eldiario.net\\\/portal\\\/2025\\\/06\\\/20\\\/independencia-judicial-fue-destruida-por-el-masismo\\\/#primaryimage\",\"url\":\"https:\\\/\\\/www.eldiario.net\\\/portal\\\/wp-content\\\/uploads\\\/2025\\\/06\\\/MONTERO-1.webp\",\"contentUrl\":\"https:\\\/\\\/www.eldiario.net\\\/portal\\\/wp-content\\\/uploads\\\/2025\\\/06\\\/MONTERO-1.webp\",\"width\":1278,\"height\":993,\"caption\":\"Senador de Creemos, Henry Montero.\"},{\"@type\":\"BreadcrumbList\",\"@id\":\"https:\\\/\\\/www.eldiario.net\\\/portal\\\/2025\\\/06\\\/20\\\/independencia-judicial-fue-destruida-por-el-masismo\\\/#breadcrumb\",\"itemListElement\":[{\"@type\":\"ListItem\",\"position\":1,\"name\":\"Portada\",\"item\":\"https:\\\/\\\/www.eldiario.net\\\/portal\\\/\"},{\"@type\":\"ListItem\",\"position\":2,\"name\":\"Independencia judicial fue destruida por el \u201cmasismo\u201d\"}]},{\"@type\":\"WebSite\",\"@id\":\"https:\\\/\\\/www.eldiario.net\\\/portal\\\/#website\",\"url\":\"https:\\\/\\\/www.eldiario.net\\\/portal\\\/\",\"name\":\"El Diario - Decano de la prensa nacional\",\"description\":\"El Diario - Decano de la prensa nacional\",\"publisher\":{\"@id\":\"https:\\\/\\\/www.eldiario.net\\\/portal\\\/#organization\"},\"potentialAction\":[{\"@type\":\"SearchAction\",\"target\":{\"@type\":\"EntryPoint\",\"urlTemplate\":\"https:\\\/\\\/www.eldiario.net\\\/portal\\\/?s={search_term_string}\"},\"query-input\":{\"@type\":\"PropertyValueSpecification\",\"valueRequired\":true,\"valueName\":\"search_term_string\"}}],\"inLanguage\":\"es\"},{\"@type\":\"Organization\",\"@id\":\"https:\\\/\\\/www.eldiario.net\\\/portal\\\/#organization\",\"name\":\"El Diario - Decano de la prensa nacional\",\"url\":\"https:\\\/\\\/www.eldiario.net\\\/portal\\\/\",\"logo\":{\"@type\":\"ImageObject\",\"inLanguage\":\"es\",\"@id\":\"https:\\\/\\\/www.eldiario.net\\\/portal\\\/#\\\/schema\\\/logo\\\/image\\\/\",\"url\":\"https:\\\/\\\/www.eldiario.net\\\/portal\\\/wp-content\\\/uploads\\\/2023\\\/07\\\/logo_ED.jpg\",\"contentUrl\":\"https:\\\/\\\/www.eldiario.net\\\/portal\\\/wp-content\\\/uploads\\\/2023\\\/07\\\/logo_ED.jpg\",\"width\":272,\"height\":52,\"caption\":\"El Diario - Decano de la prensa nacional\"},\"image\":{\"@id\":\"https:\\\/\\\/www.eldiario.net\\\/portal\\\/#\\\/schema\\\/logo\\\/image\\\/\"},\"sameAs\":[\"https:\\\/\\\/www.facebook.com\\\/eldiario.bolivia\\\/\",\"https:\\\/\\\/x.com\\\/eldiario_net\"]},{\"@type\":\"Person\",\"@id\":\"https:\\\/\\\/www.eldiario.net\\\/portal\\\/#\\\/schema\\\/person\\\/f46445640444750d7d753ccd04ae01b7\",\"name\":\"Jeanette\",\"image\":{\"@type\":\"ImageObject\",\"inLanguage\":\"es\",\"@id\":\"https:\\\/\\\/secure.gravatar.com\\\/avatar\\\/3ea2118a5f7dad2b7138b1187a6b7ee55f160b9968b66013c3a3ef39dd7e5798?s=96&d=mm&r=g\",\"url\":\"https:\\\/\\\/secure.gravatar.com\\\/avatar\\\/3ea2118a5f7dad2b7138b1187a6b7ee55f160b9968b66013c3a3ef39dd7e5798?s=96&d=mm&r=g\",\"contentUrl\":\"https:\\\/\\\/secure.gravatar.com\\\/avatar\\\/3ea2118a5f7dad2b7138b1187a6b7ee55f160b9968b66013c3a3ef39dd7e5798?s=96&d=mm&r=g\",\"caption\":\"Jeanette\"},\"sameAs\":[\"https:\\\/\\\/www.eldiario.net\\\/portal\"],\"url\":\"https:\\\/\\\/www.eldiario.net\\\/portal\\\/author\\\/jeanette\\\/\"}]}<\/script>\n<!-- \/ Yoast SEO plugin. -->","yoast_head_json":{"title":"Independencia judicial fue destruida por el \u201cmasismo\u201d - El Diario - Bolivia","robots":{"index":"index","follow":"follow","max-snippet":"max-snippet:-1","max-image-preview":"max-image-preview:large","max-video-preview":"max-video-preview:-1"},"canonical":"https:\/\/www.eldiario.net\/portal\/2025\/06\/20\/independencia-judicial-fue-destruida-por-el-masismo\/","og_locale":"es_ES","og_type":"article","og_title":"Independencia judicial fue destruida por el \u201cmasismo\u201d - El Diario - Bolivia","og_description":"El jefe de bancada por la agrupaci\u00f3n Creemos en la C\u00e1mara de Senadores, Henry Montero, se\u00f1al\u00f3 que el caso por el presunto consorcio judicial en el que se involucra al exministro C\u00e9sar Siles, adem\u00e1s de varios jueces y vocales, es consecuencia de la destrucci\u00f3n de las instituciones provocada por los gobiernos del Movimiento al Socialismo [&hellip;]","og_url":"https:\/\/www.eldiario.net\/portal\/2025\/06\/20\/independencia-judicial-fue-destruida-por-el-masismo\/","og_site_name":"El Diario - Bolivia","article_publisher":"https:\/\/www.facebook.com\/eldiario.bolivia\/","article_published_time":"2025-06-20T09:43:33+00:00","og_image":[{"width":1278,"height":993,"url":"https:\/\/www.eldiario.net\/portal\/wp-content\/uploads\/2025\/06\/MONTERO-1.webp","type":"image\/webp"}],"author":"Jeanette","twitter_card":"summary_large_image","twitter_creator":"@eldiario_net","twitter_site":"@eldiario_net","twitter_misc":{"Escrito por":"Jeanette","Tiempo de lectura":"3 minutos"},"schema":{"@context":"https:\/\/schema.org","@graph":[{"@type":"Article","@id":"https:\/\/www.eldiario.net\/portal\/2025\/06\/20\/independencia-judicial-fue-destruida-por-el-masismo\/#article","isPartOf":{"@id":"https:\/\/www.eldiario.net\/portal\/2025\/06\/20\/independencia-judicial-fue-destruida-por-el-masismo\/"},"author":{"name":"Jeanette","@id":"https:\/\/www.eldiario.net\/portal\/#\/schema\/person\/f46445640444750d7d753ccd04ae01b7"},"headline":"Independencia judicial fue destruida por el \u201cmasismo\u201d","datePublished":"2025-06-20T09:43:33+00:00","mainEntityOfPage":{"@id":"https:\/\/www.eldiario.net\/portal\/2025\/06\/20\/independencia-judicial-fue-destruida-por-el-masismo\/"},"wordCount":611,"publisher":{"@id":"https:\/\/www.eldiario.net\/portal\/#organization"},"image":{"@id":"https:\/\/www.eldiario.net\/portal\/2025\/06\/20\/independencia-judicial-fue-destruida-por-el-masismo\/#primaryimage"},"thumbnailUrl":"https:\/\/www.eldiario.net\/portal\/wp-content\/uploads\/2025\/06\/MONTERO-1.webp","articleSection":["Sociedad - Seguridad"],"inLanguage":"es"},{"@type":"WebPage","@id":"https:\/\/www.eldiario.net\/portal\/2025\/06\/20\/independencia-judicial-fue-destruida-por-el-masismo\/","url":"https:\/\/www.eldiario.net\/portal\/2025\/06\/20\/independencia-judicial-fue-destruida-por-el-masismo\/","name":"Independencia judicial fue destruida por el \u201cmasismo\u201d - El Diario - Bolivia","isPartOf":{"@id":"https:\/\/www.eldiario.net\/portal\/#website"},"primaryImageOfPage":{"@id":"https:\/\/www.eldiario.net\/portal\/2025\/06\/20\/independencia-judicial-fue-destruida-por-el-masismo\/#primaryimage"},"image":{"@id":"https:\/\/www.eldiario.net\/portal\/2025\/06\/20\/independencia-judicial-fue-destruida-por-el-masismo\/#primaryimage"},"thumbnailUrl":"https:\/\/www.eldiario.net\/portal\/wp-content\/uploads\/2025\/06\/MONTERO-1.webp","datePublished":"2025-06-20T09:43:33+00:00","breadcrumb":{"@id":"https:\/\/www.eldiario.net\/portal\/2025\/06\/20\/independencia-judicial-fue-destruida-por-el-masismo\/#breadcrumb"},"inLanguage":"es","potentialAction":[{"@type":"ReadAction","target":["https:\/\/www.eldiario.net\/portal\/2025\/06\/20\/independencia-judicial-fue-destruida-por-el-masismo\/"]}]},{"@type":"ImageObject","inLanguage":"es","@id":"https:\/\/www.eldiario.net\/portal\/2025\/06\/20\/independencia-judicial-fue-destruida-por-el-masismo\/#primaryimage","url":"https:\/\/www.eldiario.net\/portal\/wp-content\/uploads\/2025\/06\/MONTERO-1.webp","contentUrl":"https:\/\/www.eldiario.net\/portal\/wp-content\/uploads\/2025\/06\/MONTERO-1.webp","width":1278,"height":993,"caption":"Senador de Creemos, Henry Montero."},{"@type":"BreadcrumbList","@id":"https:\/\/www.eldiario.net\/portal\/2025\/06\/20\/independencia-judicial-fue-destruida-por-el-masismo\/#breadcrumb","itemListElement":[{"@type":"ListItem","position":1,"name":"Portada","item":"https:\/\/www.eldiario.net\/portal\/"},{"@type":"ListItem","position":2,"name":"Independencia judicial fue destruida por el \u201cmasismo\u201d"}]},{"@type":"WebSite","@id":"https:\/\/www.eldiario.net\/portal\/#website","url":"https:\/\/www.eldiario.net\/portal\/","name":"El Diario - Decano de la prensa nacional","description":"El Diario - Decano de la prensa nacional","publisher":{"@id":"https:\/\/www.eldiario.net\/portal\/#organization"},"potentialAction":[{"@type":"SearchAction","target":{"@type":"EntryPoint","urlTemplate":"https:\/\/www.eldiario.net\/portal\/?s={search_term_string}"},"query-input":{"@type":"PropertyValueSpecification","valueRequired":true,"valueName":"search_term_string"}}],"inLanguage":"es"},{"@type":"Organization","@id":"https:\/\/www.eldiario.net\/portal\/#organization","name":"El Diario - Decano de la prensa nacional","url":"https:\/\/www.eldiario.net\/portal\/","logo":{"@type":"ImageObject","inLanguage":"es","@id":"https:\/\/www.eldiario.net\/portal\/#\/schema\/logo\/image\/","url":"https:\/\/www.eldiario.net\/portal\/wp-content\/uploads\/2023\/07\/logo_ED.jpg","contentUrl":"https:\/\/www.eldiario.net\/portal\/wp-content\/uploads\/2023\/07\/logo_ED.jpg","width":272,"height":52,"caption":"El Diario - Decano de la prensa nacional"},"image":{"@id":"https:\/\/www.eldiario.net\/portal\/#\/schema\/logo\/image\/"},"sameAs":["https:\/\/www.facebook.com\/eldiario.bolivia\/","https:\/\/x.com\/eldiario_net"]},{"@type":"Person","@id":"https:\/\/www.eldiario.net\/portal\/#\/schema\/person\/f46445640444750d7d753ccd04ae01b7","name":"Jeanette","image":{"@type":"ImageObject","inLanguage":"es","@id":"https:\/\/secure.gravatar.com\/avatar\/3ea2118a5f7dad2b7138b1187a6b7ee55f160b9968b66013c3a3ef39dd7e5798?s=96&d=mm&r=g","url":"https:\/\/secure.gravatar.com\/avatar\/3ea2118a5f7dad2b7138b1187a6b7ee55f160b9968b66013c3a3ef39dd7e5798?s=96&d=mm&r=g","contentUrl":"https:\/\/secure.gravatar.com\/avatar\/3ea2118a5f7dad2b7138b1187a6b7ee55f160b9968b66013c3a3ef39dd7e5798?s=96&d=mm&r=g","caption":"Jeanette"},"sameAs":["https:\/\/www.eldiario.net\/portal"],"url":"https:\/\/www.eldiario.net\/portal\/author\/jeanette\/"}]}},"_links":{"self":[{"href":"https:\/\/www.eldiario.net\/portal\/wp-json\/wp\/v2\/posts\/310901","targetHints":{"allow":["GET"]}}],"collection":[{"href":"https:\/\/www.eldiario.net\/portal\/wp-json\/wp\/v2\/posts"}],"about":[{"href":"https:\/\/www.eldiario.net\/portal\/wp-json\/wp\/v2\/types\/post"}],"author":[{"embeddable":true,"href":"https:\/\/www.eldiario.net\/portal\/wp-json\/wp\/v2\/users\/1"}],"replies":[{"embeddable":true,"href":"https:\/\/www.eldiario.net\/portal\/wp-json\/wp\/v2\/comments?post=310901"}],"version-history":[{"count":1,"href":"https:\/\/www.eldiario.net\/portal\/wp-json\/wp\/v2\/posts\/310901\/revisions"}],"predecessor-version":[{"id":310903,"href":"https:\/\/www.eldiario.net\/portal\/wp-json\/wp\/v2\/posts\/310901\/revisions\/310903"}],"wp:featuredmedia":[{"embeddable":true,"href":"https:\/\/www.eldiario.net\/portal\/wp-json\/wp\/v2\/media\/310902"}],"wp:attachment":[{"href":"https:\/\/www.eldiario.net\/portal\/wp-json\/wp\/v2\/media?parent=310901"}],"wp:term":[{"taxonomy":"category","embeddable":true,"href":"https:\/\/www.eldiario.net\/portal\/wp-json\/wp\/v2\/categories?post=310901"},{"taxonomy":"post_tag","embeddable":true,"href":"https:\/\/www.eldiario.net\/portal\/wp-json\/wp\/v2\/tags?post=310901"}],"curies":[{"name":"wp","href":"https:\/\/api.w.org\/{rel}","templated":true}]}}