{"id":309677,"date":"2025-06-15T00:25:31","date_gmt":"2025-06-15T04:25:31","guid":{"rendered":"https:\/\/www.eldiario.net\/portal\/?p=309677"},"modified":"2025-06-14T15:28:18","modified_gmt":"2025-06-14T19:28:18","slug":"una-historia-con-guinos-autobiograficos","status":"publish","type":"post","link":"https:\/\/www.eldiario.net\/portal\/2025\/06\/15\/una-historia-con-guinos-autobiograficos\/","title":{"rendered":"Una historia con gui\u00f1os autobiogr\u00e1ficos"},"content":{"rendered":"<p>Elio es un proyecto surgido de la mente y el coraz\u00f3n de Molina, quien tuvo la primera idea para la historia. \u00bb Creo que gran parte de Elio est\u00e1 basada en Adrian. \u00c9l mismo era hijo de militar. Su padre era dentista, y buscamos ambientar la pel\u00edcula en una base de la Fuerza A\u00e9rea, como aquella donde naci\u00f3 Adrian \u00ab, comenta Mary Alice Drumm, productora de la pel\u00edcula.<br \/>\nEn el mismo sentido, y en referencia al esp\u00edritu de Elio, Sharafian se\u00f1ala: \u00bb Creo que algo que compartimos Adrian, Domee y yo es esa sensaci\u00f3n de ser un ni\u00f1o raro. Recuerdo que, durante incluso el desarrollo, Adrian hablaba de esa sensaci\u00f3n cuando comenz\u00f3 a estudiar animaci\u00f3n, y de repente sinti\u00f3 que hab\u00eda descubierto a los dem\u00e1s bichos raros, y que pod\u00eda ser \u00e9l mismo. Domee y yo hemos tenido experiencias similares, y creo que mucha gente en Pixar tambi\u00e9n. As\u00ed que siempre hubo algo que creo que nos conect\u00f3 a los tres, y todav\u00eda conecta, creo, a casi todos los que trabajan aqu\u00ed en Pixar, ese tipo de curiosidad y el deseo de pertenecer\u201d.<br \/>\nSobre Elio<br \/>\nDurante siglos, los humanos han enviado mensajes al universo en busca de respuestas, en la nueva pel\u00edcula de Disney y Pixar Elio, \u00a1el universo responde! Esta aventura presenta a Elio, un ni\u00f1o fan del espacio con una imaginaci\u00f3n muy activa y una gran obsesi\u00f3n por los extraterrestres. Cuando se encuentra involuntariamente teletransportado al Comuniverso, una organizaci\u00f3n interplanetaria con representantes de las galaxias de todas partes del universo, Elio se apunta sin dudarlo en esta \u00e9pica misi\u00f3n. Identificado por error como el embajador de la Tierra para el resto del universo, y sin absolutamente ninguna preparaci\u00f3n para esa clase de presi\u00f3n, Elio debe forjar nuevos v\u00ednculos con exc\u00e9ntricas formas de vida extraterrestre, navegar una crisis de proporciones intergal\u00e1cticas y de alguna manera descubrir qui\u00e9n est\u00e1 destinado a ser en realidad. Dirigida por Madeline Sharafian (MADRIGUERA de Sparkshort), Domee Shi (BAO, RED) y Adrian Molina (coguionista y codirector de COCO), y producida por Mary Alice Drumm (productora asociada de COCO), la pel\u00edcula en su versi\u00f3n en ingl\u00e9s cuenta con las voces de Zoe Salda\u00f1a como T\u00eda Olga, Brad Garrett como el Lord Grigon, Jameela Jamil como la Embajadora Questa, Shirley Henderson como OOOOO y Yonas Kibreab como el personaje protag\u00f3nico.<\/p>\n","protected":false},"excerpt":{"rendered":"<p>Elio es un proyecto surgido de la mente y el coraz\u00f3n de Molina, quien tuvo la primera idea para la historia. \u00bb Creo que gran parte de Elio est\u00e1 basada en Adrian. \u00c9l mismo era hijo de militar. Su padre era dentista, y buscamos ambientar la pel\u00edcula en una base de la Fuerza A\u00e9rea, como [&hellip;]<\/p>\n","protected":false},"author":1,"featured_media":309678,"comment_status":"closed","ping_status":"open","sticky":false,"template":"","format":"standard","meta":{"_acf_changed":false,"footnotes":""},"categories":[45],"tags":[],"class_list":["post-309677","post","type-post","status-publish","format-standard","has-post-thumbnail","category-cine-mundo"],"acf":{"antetitulo":""},"yoast_head":"<!-- This site is optimized with the Yoast SEO plugin v28.3 - https:\/\/yoast.com\/product\/yoast-seo-wordpress\/ -->\n<title>Una historia con gui\u00f1os autobiogr\u00e1ficos - El Diario - Bolivia<\/title>\n<meta name=\"robots\" content=\"index, follow, max-snippet:-1, max-image-preview:large, max-video-preview:-1\" \/>\n<link rel=\"canonical\" href=\"https:\/\/www.eldiario.net\/portal\/2025\/06\/15\/una-historia-con-guinos-autobiograficos\/\" \/>\n<meta property=\"og:locale\" content=\"es_ES\" \/>\n<meta property=\"og:type\" content=\"article\" \/>\n<meta property=\"og:title\" content=\"Una historia con gui\u00f1os autobiogr\u00e1ficos - El Diario - Bolivia\" \/>\n<meta property=\"og:description\" content=\"Elio es un proyecto surgido de la mente y el coraz\u00f3n de Molina, quien tuvo la primera idea para la historia. \u00bb Creo que gran parte de Elio est\u00e1 basada en Adrian. \u00c9l mismo era hijo de militar. Su padre era dentista, y buscamos ambientar la pel\u00edcula en una base de la Fuerza A\u00e9rea, como [&hellip;]\" \/>\n<meta property=\"og:url\" content=\"https:\/\/www.eldiario.net\/portal\/2025\/06\/15\/una-historia-con-guinos-autobiograficos\/\" \/>\n<meta property=\"og:site_name\" content=\"El Diario - Bolivia\" \/>\n<meta property=\"article:publisher\" content=\"https:\/\/www.facebook.com\/eldiario.bolivia\/\" \/>\n<meta property=\"article:published_time\" content=\"2025-06-15T04:25:31+00:00\" \/>\n<meta property=\"og:image\" content=\"https:\/\/www.eldiario.net\/portal\/wp-content\/uploads\/2025\/06\/Una-historia-con-guinos-autobiograficos-scaled.webp\" \/>\n\t<meta property=\"og:image:width\" content=\"2560\" \/>\n\t<meta property=\"og:image:height\" content=\"1070\" \/>\n\t<meta property=\"og:image:type\" content=\"image\/webp\" \/>\n<meta name=\"author\" content=\"Jeanette\" \/>\n<meta name=\"twitter:card\" content=\"summary_large_image\" \/>\n<meta name=\"twitter:creator\" content=\"@eldiario_net\" \/>\n<meta name=\"twitter:site\" content=\"@eldiario_net\" \/>\n<meta name=\"twitter:label1\" content=\"Escrito por\" \/>\n\t<meta name=\"twitter:data1\" content=\"Jeanette\" \/>\n\t<meta name=\"twitter:label2\" content=\"Tiempo de lectura\" \/>\n\t<meta name=\"twitter:data2\" content=\"1 minuto\" \/>\n<script type=\"application\/ld+json\" class=\"yoast-schema-graph\">{\"@context\":\"https:\\\/\\\/schema.org\",\"@graph\":[{\"@type\":\"Article\",\"@id\":\"https:\\\/\\\/www.eldiario.net\\\/portal\\\/2025\\\/06\\\/15\\\/una-historia-con-guinos-autobiograficos\\\/#article\",\"isPartOf\":{\"@id\":\"https:\\\/\\\/www.eldiario.net\\\/portal\\\/2025\\\/06\\\/15\\\/una-historia-con-guinos-autobiograficos\\\/\"},\"author\":{\"name\":\"Jeanette\",\"@id\":\"https:\\\/\\\/www.eldiario.net\\\/portal\\\/#\\\/schema\\\/person\\\/f46445640444750d7d753ccd04ae01b7\"},\"headline\":\"Una historia con gui\u00f1os autobiogr\u00e1ficos\",\"datePublished\":\"2025-06-15T04:25:31+00:00\",\"mainEntityOfPage\":{\"@id\":\"https:\\\/\\\/www.eldiario.net\\\/portal\\\/2025\\\/06\\\/15\\\/una-historia-con-guinos-autobiograficos\\\/\"},\"wordCount\":420,\"publisher\":{\"@id\":\"https:\\\/\\\/www.eldiario.net\\\/portal\\\/#organization\"},\"image\":{\"@id\":\"https:\\\/\\\/www.eldiario.net\\\/portal\\\/2025\\\/06\\\/15\\\/una-historia-con-guinos-autobiograficos\\\/#primaryimage\"},\"thumbnailUrl\":\"https:\\\/\\\/www.eldiario.net\\\/portal\\\/wp-content\\\/uploads\\\/2025\\\/06\\\/Una-historia-con-guinos-autobiograficos-scaled.webp\",\"articleSection\":[\"Cine Mundo\"],\"inLanguage\":\"es\"},{\"@type\":\"WebPage\",\"@id\":\"https:\\\/\\\/www.eldiario.net\\\/portal\\\/2025\\\/06\\\/15\\\/una-historia-con-guinos-autobiograficos\\\/\",\"url\":\"https:\\\/\\\/www.eldiario.net\\\/portal\\\/2025\\\/06\\\/15\\\/una-historia-con-guinos-autobiograficos\\\/\",\"name\":\"Una historia con gui\u00f1os autobiogr\u00e1ficos - El Diario - Bolivia\",\"isPartOf\":{\"@id\":\"https:\\\/\\\/www.eldiario.net\\\/portal\\\/#website\"},\"primaryImageOfPage\":{\"@id\":\"https:\\\/\\\/www.eldiario.net\\\/portal\\\/2025\\\/06\\\/15\\\/una-historia-con-guinos-autobiograficos\\\/#primaryimage\"},\"image\":{\"@id\":\"https:\\\/\\\/www.eldiario.net\\\/portal\\\/2025\\\/06\\\/15\\\/una-historia-con-guinos-autobiograficos\\\/#primaryimage\"},\"thumbnailUrl\":\"https:\\\/\\\/www.eldiario.net\\\/portal\\\/wp-content\\\/uploads\\\/2025\\\/06\\\/Una-historia-con-guinos-autobiograficos-scaled.webp\",\"datePublished\":\"2025-06-15T04:25:31+00:00\",\"breadcrumb\":{\"@id\":\"https:\\\/\\\/www.eldiario.net\\\/portal\\\/2025\\\/06\\\/15\\\/una-historia-con-guinos-autobiograficos\\\/#breadcrumb\"},\"inLanguage\":\"es\",\"potentialAction\":[{\"@type\":\"ReadAction\",\"target\":[\"https:\\\/\\\/www.eldiario.net\\\/portal\\\/2025\\\/06\\\/15\\\/una-historia-con-guinos-autobiograficos\\\/\"]}]},{\"@type\":\"ImageObject\",\"inLanguage\":\"es\",\"@id\":\"https:\\\/\\\/www.eldiario.net\\\/portal\\\/2025\\\/06\\\/15\\\/una-historia-con-guinos-autobiograficos\\\/#primaryimage\",\"url\":\"https:\\\/\\\/www.eldiario.net\\\/portal\\\/wp-content\\\/uploads\\\/2025\\\/06\\\/Una-historia-con-guinos-autobiograficos-scaled.webp\",\"contentUrl\":\"https:\\\/\\\/www.eldiario.net\\\/portal\\\/wp-content\\\/uploads\\\/2025\\\/06\\\/Una-historia-con-guinos-autobiograficos-scaled.webp\",\"width\":2560,\"height\":1070},{\"@type\":\"BreadcrumbList\",\"@id\":\"https:\\\/\\\/www.eldiario.net\\\/portal\\\/2025\\\/06\\\/15\\\/una-historia-con-guinos-autobiograficos\\\/#breadcrumb\",\"itemListElement\":[{\"@type\":\"ListItem\",\"position\":1,\"name\":\"Portada\",\"item\":\"https:\\\/\\\/www.eldiario.net\\\/portal\\\/\"},{\"@type\":\"ListItem\",\"position\":2,\"name\":\"Una historia con gui\u00f1os autobiogr\u00e1ficos\"}]},{\"@type\":\"WebSite\",\"@id\":\"https:\\\/\\\/www.eldiario.net\\\/portal\\\/#website\",\"url\":\"https:\\\/\\\/www.eldiario.net\\\/portal\\\/\",\"name\":\"El Diario - Decano de la prensa nacional\",\"description\":\"El Diario - Decano de la prensa nacional\",\"publisher\":{\"@id\":\"https:\\\/\\\/www.eldiario.net\\\/portal\\\/#organization\"},\"potentialAction\":[{\"@type\":\"SearchAction\",\"target\":{\"@type\":\"EntryPoint\",\"urlTemplate\":\"https:\\\/\\\/www.eldiario.net\\\/portal\\\/?s={search_term_string}\"},\"query-input\":{\"@type\":\"PropertyValueSpecification\",\"valueRequired\":true,\"valueName\":\"search_term_string\"}}],\"inLanguage\":\"es\"},{\"@type\":\"Organization\",\"@id\":\"https:\\\/\\\/www.eldiario.net\\\/portal\\\/#organization\",\"name\":\"El Diario - Decano de la prensa nacional\",\"url\":\"https:\\\/\\\/www.eldiario.net\\\/portal\\\/\",\"logo\":{\"@type\":\"ImageObject\",\"inLanguage\":\"es\",\"@id\":\"https:\\\/\\\/www.eldiario.net\\\/portal\\\/#\\\/schema\\\/logo\\\/image\\\/\",\"url\":\"https:\\\/\\\/www.eldiario.net\\\/portal\\\/wp-content\\\/uploads\\\/2023\\\/07\\\/logo_ED.jpg\",\"contentUrl\":\"https:\\\/\\\/www.eldiario.net\\\/portal\\\/wp-content\\\/uploads\\\/2023\\\/07\\\/logo_ED.jpg\",\"width\":272,\"height\":52,\"caption\":\"El Diario - Decano de la prensa nacional\"},\"image\":{\"@id\":\"https:\\\/\\\/www.eldiario.net\\\/portal\\\/#\\\/schema\\\/logo\\\/image\\\/\"},\"sameAs\":[\"https:\\\/\\\/www.facebook.com\\\/eldiario.bolivia\\\/\",\"https:\\\/\\\/x.com\\\/eldiario_net\"]},{\"@type\":\"Person\",\"@id\":\"https:\\\/\\\/www.eldiario.net\\\/portal\\\/#\\\/schema\\\/person\\\/f46445640444750d7d753ccd04ae01b7\",\"name\":\"Jeanette\",\"image\":{\"@type\":\"ImageObject\",\"inLanguage\":\"es\",\"@id\":\"https:\\\/\\\/secure.gravatar.com\\\/avatar\\\/3ea2118a5f7dad2b7138b1187a6b7ee55f160b9968b66013c3a3ef39dd7e5798?s=96&d=mm&r=g\",\"url\":\"https:\\\/\\\/secure.gravatar.com\\\/avatar\\\/3ea2118a5f7dad2b7138b1187a6b7ee55f160b9968b66013c3a3ef39dd7e5798?s=96&d=mm&r=g\",\"contentUrl\":\"https:\\\/\\\/secure.gravatar.com\\\/avatar\\\/3ea2118a5f7dad2b7138b1187a6b7ee55f160b9968b66013c3a3ef39dd7e5798?s=96&d=mm&r=g\",\"caption\":\"Jeanette\"},\"sameAs\":[\"https:\\\/\\\/www.eldiario.net\\\/portal\"],\"url\":\"https:\\\/\\\/www.eldiario.net\\\/portal\\\/author\\\/jeanette\\\/\"}]}<\/script>\n<!-- \/ Yoast SEO plugin. -->","yoast_head_json":{"title":"Una historia con gui\u00f1os autobiogr\u00e1ficos - El Diario - Bolivia","robots":{"index":"index","follow":"follow","max-snippet":"max-snippet:-1","max-image-preview":"max-image-preview:large","max-video-preview":"max-video-preview:-1"},"canonical":"https:\/\/www.eldiario.net\/portal\/2025\/06\/15\/una-historia-con-guinos-autobiograficos\/","og_locale":"es_ES","og_type":"article","og_title":"Una historia con gui\u00f1os autobiogr\u00e1ficos - El Diario - Bolivia","og_description":"Elio es un proyecto surgido de la mente y el coraz\u00f3n de Molina, quien tuvo la primera idea para la historia. \u00bb Creo que gran parte de Elio est\u00e1 basada en Adrian. \u00c9l mismo era hijo de militar. Su padre era dentista, y buscamos ambientar la pel\u00edcula en una base de la Fuerza A\u00e9rea, como [&hellip;]","og_url":"https:\/\/www.eldiario.net\/portal\/2025\/06\/15\/una-historia-con-guinos-autobiograficos\/","og_site_name":"El Diario - Bolivia","article_publisher":"https:\/\/www.facebook.com\/eldiario.bolivia\/","article_published_time":"2025-06-15T04:25:31+00:00","og_image":[{"width":2560,"height":1070,"url":"https:\/\/www.eldiario.net\/portal\/wp-content\/uploads\/2025\/06\/Una-historia-con-guinos-autobiograficos-scaled.webp","type":"image\/webp"}],"author":"Jeanette","twitter_card":"summary_large_image","twitter_creator":"@eldiario_net","twitter_site":"@eldiario_net","twitter_misc":{"Escrito por":"Jeanette","Tiempo de lectura":"1 minuto"},"schema":{"@context":"https:\/\/schema.org","@graph":[{"@type":"Article","@id":"https:\/\/www.eldiario.net\/portal\/2025\/06\/15\/una-historia-con-guinos-autobiograficos\/#article","isPartOf":{"@id":"https:\/\/www.eldiario.net\/portal\/2025\/06\/15\/una-historia-con-guinos-autobiograficos\/"},"author":{"name":"Jeanette","@id":"https:\/\/www.eldiario.net\/portal\/#\/schema\/person\/f46445640444750d7d753ccd04ae01b7"},"headline":"Una historia con gui\u00f1os autobiogr\u00e1ficos","datePublished":"2025-06-15T04:25:31+00:00","mainEntityOfPage":{"@id":"https:\/\/www.eldiario.net\/portal\/2025\/06\/15\/una-historia-con-guinos-autobiograficos\/"},"wordCount":420,"publisher":{"@id":"https:\/\/www.eldiario.net\/portal\/#organization"},"image":{"@id":"https:\/\/www.eldiario.net\/portal\/2025\/06\/15\/una-historia-con-guinos-autobiograficos\/#primaryimage"},"thumbnailUrl":"https:\/\/www.eldiario.net\/portal\/wp-content\/uploads\/2025\/06\/Una-historia-con-guinos-autobiograficos-scaled.webp","articleSection":["Cine Mundo"],"inLanguage":"es"},{"@type":"WebPage","@id":"https:\/\/www.eldiario.net\/portal\/2025\/06\/15\/una-historia-con-guinos-autobiograficos\/","url":"https:\/\/www.eldiario.net\/portal\/2025\/06\/15\/una-historia-con-guinos-autobiograficos\/","name":"Una historia con gui\u00f1os autobiogr\u00e1ficos - El Diario - Bolivia","isPartOf":{"@id":"https:\/\/www.eldiario.net\/portal\/#website"},"primaryImageOfPage":{"@id":"https:\/\/www.eldiario.net\/portal\/2025\/06\/15\/una-historia-con-guinos-autobiograficos\/#primaryimage"},"image":{"@id":"https:\/\/www.eldiario.net\/portal\/2025\/06\/15\/una-historia-con-guinos-autobiograficos\/#primaryimage"},"thumbnailUrl":"https:\/\/www.eldiario.net\/portal\/wp-content\/uploads\/2025\/06\/Una-historia-con-guinos-autobiograficos-scaled.webp","datePublished":"2025-06-15T04:25:31+00:00","breadcrumb":{"@id":"https:\/\/www.eldiario.net\/portal\/2025\/06\/15\/una-historia-con-guinos-autobiograficos\/#breadcrumb"},"inLanguage":"es","potentialAction":[{"@type":"ReadAction","target":["https:\/\/www.eldiario.net\/portal\/2025\/06\/15\/una-historia-con-guinos-autobiograficos\/"]}]},{"@type":"ImageObject","inLanguage":"es","@id":"https:\/\/www.eldiario.net\/portal\/2025\/06\/15\/una-historia-con-guinos-autobiograficos\/#primaryimage","url":"https:\/\/www.eldiario.net\/portal\/wp-content\/uploads\/2025\/06\/Una-historia-con-guinos-autobiograficos-scaled.webp","contentUrl":"https:\/\/www.eldiario.net\/portal\/wp-content\/uploads\/2025\/06\/Una-historia-con-guinos-autobiograficos-scaled.webp","width":2560,"height":1070},{"@type":"BreadcrumbList","@id":"https:\/\/www.eldiario.net\/portal\/2025\/06\/15\/una-historia-con-guinos-autobiograficos\/#breadcrumb","itemListElement":[{"@type":"ListItem","position":1,"name":"Portada","item":"https:\/\/www.eldiario.net\/portal\/"},{"@type":"ListItem","position":2,"name":"Una historia con gui\u00f1os autobiogr\u00e1ficos"}]},{"@type":"WebSite","@id":"https:\/\/www.eldiario.net\/portal\/#website","url":"https:\/\/www.eldiario.net\/portal\/","name":"El Diario - Decano de la prensa nacional","description":"El Diario - Decano de la prensa nacional","publisher":{"@id":"https:\/\/www.eldiario.net\/portal\/#organization"},"potentialAction":[{"@type":"SearchAction","target":{"@type":"EntryPoint","urlTemplate":"https:\/\/www.eldiario.net\/portal\/?s={search_term_string}"},"query-input":{"@type":"PropertyValueSpecification","valueRequired":true,"valueName":"search_term_string"}}],"inLanguage":"es"},{"@type":"Organization","@id":"https:\/\/www.eldiario.net\/portal\/#organization","name":"El Diario - Decano de la prensa nacional","url":"https:\/\/www.eldiario.net\/portal\/","logo":{"@type":"ImageObject","inLanguage":"es","@id":"https:\/\/www.eldiario.net\/portal\/#\/schema\/logo\/image\/","url":"https:\/\/www.eldiario.net\/portal\/wp-content\/uploads\/2023\/07\/logo_ED.jpg","contentUrl":"https:\/\/www.eldiario.net\/portal\/wp-content\/uploads\/2023\/07\/logo_ED.jpg","width":272,"height":52,"caption":"El Diario - Decano de la prensa nacional"},"image":{"@id":"https:\/\/www.eldiario.net\/portal\/#\/schema\/logo\/image\/"},"sameAs":["https:\/\/www.facebook.com\/eldiario.bolivia\/","https:\/\/x.com\/eldiario_net"]},{"@type":"Person","@id":"https:\/\/www.eldiario.net\/portal\/#\/schema\/person\/f46445640444750d7d753ccd04ae01b7","name":"Jeanette","image":{"@type":"ImageObject","inLanguage":"es","@id":"https:\/\/secure.gravatar.com\/avatar\/3ea2118a5f7dad2b7138b1187a6b7ee55f160b9968b66013c3a3ef39dd7e5798?s=96&d=mm&r=g","url":"https:\/\/secure.gravatar.com\/avatar\/3ea2118a5f7dad2b7138b1187a6b7ee55f160b9968b66013c3a3ef39dd7e5798?s=96&d=mm&r=g","contentUrl":"https:\/\/secure.gravatar.com\/avatar\/3ea2118a5f7dad2b7138b1187a6b7ee55f160b9968b66013c3a3ef39dd7e5798?s=96&d=mm&r=g","caption":"Jeanette"},"sameAs":["https:\/\/www.eldiario.net\/portal"],"url":"https:\/\/www.eldiario.net\/portal\/author\/jeanette\/"}]}},"_links":{"self":[{"href":"https:\/\/www.eldiario.net\/portal\/wp-json\/wp\/v2\/posts\/309677","targetHints":{"allow":["GET"]}}],"collection":[{"href":"https:\/\/www.eldiario.net\/portal\/wp-json\/wp\/v2\/posts"}],"about":[{"href":"https:\/\/www.eldiario.net\/portal\/wp-json\/wp\/v2\/types\/post"}],"author":[{"embeddable":true,"href":"https:\/\/www.eldiario.net\/portal\/wp-json\/wp\/v2\/users\/1"}],"replies":[{"embeddable":true,"href":"https:\/\/www.eldiario.net\/portal\/wp-json\/wp\/v2\/comments?post=309677"}],"version-history":[{"count":1,"href":"https:\/\/www.eldiario.net\/portal\/wp-json\/wp\/v2\/posts\/309677\/revisions"}],"predecessor-version":[{"id":309679,"href":"https:\/\/www.eldiario.net\/portal\/wp-json\/wp\/v2\/posts\/309677\/revisions\/309679"}],"wp:featuredmedia":[{"embeddable":true,"href":"https:\/\/www.eldiario.net\/portal\/wp-json\/wp\/v2\/media\/309678"}],"wp:attachment":[{"href":"https:\/\/www.eldiario.net\/portal\/wp-json\/wp\/v2\/media?parent=309677"}],"wp:term":[{"taxonomy":"category","embeddable":true,"href":"https:\/\/www.eldiario.net\/portal\/wp-json\/wp\/v2\/categories?post=309677"},{"taxonomy":"post_tag","embeddable":true,"href":"https:\/\/www.eldiario.net\/portal\/wp-json\/wp\/v2\/tags?post=309677"}],"curies":[{"name":"wp","href":"https:\/\/api.w.org\/{rel}","templated":true}]}}