{"id":309674,"date":"2025-06-15T00:24:01","date_gmt":"2025-06-15T04:24:01","guid":{"rendered":"https:\/\/www.eldiario.net\/portal\/?p=309674"},"modified":"2025-06-14T15:24:55","modified_gmt":"2025-06-14T19:24:55","slug":"que-es-el-xerodermia-pigmentosa","status":"publish","type":"post","link":"https:\/\/www.eldiario.net\/portal\/2025\/06\/15\/que-es-el-xerodermia-pigmentosa\/","title":{"rendered":"\u00bfQUE ES EL XERODERMIA PIGMENTOSA?"},"content":{"rendered":"<p>Lic. Lupe Fern\u00e1ndez Calix &#8211; Enfermera U.M.S.A.<\/p>\n<p>Es una enfermedad poco frecuente hereditaria de la piel \u00a0\u00a0transmitida de padres a hijos \u00a0\u00a0esta patolog\u00eda se caracteriza por la existencia de la sensibilidad extrema a luz solar afectando a la piel y a el tejido que cubre el ojo. La luz ultravioleta (UV)y la luz solar da\u00f1a el material \u00a0gen\u00e9tico (ADN) la piel se vuelva muy delgada y se observa la aparici\u00f3n de manchas o coloraci\u00f3n moteada por tan \u00a0solo ser \u00a0expuesta unos minutos a los \u00a0rayos solares y UV ,de forma\u00a0 inmediata \u00a0se \u00a0observa la \u00a0\u00a0aparici\u00f3n de pecas, sequedad tambi\u00e9n existe casos con ampollas\u00a0 algunas con \u00a0supuraci\u00f3n (presencia de pus) en el \u00e1rea, existe a su ves perdida de la audici\u00f3n, retraso en el crecimiento, cataratas ,convulsiones y c\u00e1nceres cerebrales y C\u00e1ncer de Piel.<\/p>\n<p><strong>\u00bfSIGNOS Y SINTOMAS? <\/strong><\/p>\n<p>Ojo seco<\/p>\n<p>\u00dalceras en c\u00f3rnea<\/p>\n<p>Hinchaz\u00f3n en p\u00e1rpados<\/p>\n<p>C\u00e1ncer de c\u00f3rnea o en p\u00e1rpados<\/p>\n<p>Ampollas en la piel (una ves expuesta al sol)<\/p>\n<p>Parches de piel decolorada provocando envejecimiento prematuro<\/p>\n<p>Formaci\u00f3n de costras.<\/p>\n<p>Descamaci\u00f3n de piel.<\/p>\n<p>La superficie de la piel supura.<\/p>\n<p>Fotofobia (molestia a la luz)<\/p>\n<p>C\u00e1ncer de piel.<\/p>\n<p><strong>\u00bfCOMO ALIVIAR LOS S\u00cdNTOMAS?<\/strong><\/p>\n<p>Apoyo Psicol\u00f3gico.<\/p>\n<p>Uso de lentes, gorros o sombreros que cubra la cabeza por detr\u00e1s de la nuca, paraguas.<\/p>\n<p>Llevar una pantalla protectora que cubra la cara<\/p>\n<p>Uso de ropa de camisa y pantalones mangas largas y calzados cerrados.<\/p>\n<p>Controles estrictos de ni\u00f1os sano en Centros de Salud.<\/p>\n<p>Aplicaci\u00f3n de protector solar (con consentimiento dermatol\u00f3gico) aplicarse dos o tres veces al d\u00eda<\/p>\n<p>No a la automedicaci\u00f3n.<\/p>\n<p>Utilizaci\u00f3n de autom\u00f3viles con vidrios de protecci\u00f3n ultravioleta<\/p>\n<p>No exponerse a la luz solar.<\/p>\n<p>En la actualidad el aumento de casos de esta enfermedad a nivel mundial como en pel\u00edculas personas que solo pueden disfrutar de la naturaleza solo con una vida nocturna que afecta psicol\u00f3gicamente a ni\u00f1os, j\u00f3venes \u00a0\u00a0es importante el apoyo familiar y la aceptaci\u00f3n del entorno social cada vez m\u00e1s amplia hace que el ni\u00f1o que la padece pueda desarrollar una vida cotidiana normal.<\/p>\n<p><strong>\u201cVALORA Y APRECIA TU SALUD TODOS LOS D\u00cdAS\u201d<\/strong><\/p>\n<p><strong>\u00a0<\/strong><\/p>\n<p><strong>\u00a0<\/strong><\/p>\n<p>&nbsp;<\/p>\n","protected":false},"excerpt":{"rendered":"<p>Lic. Lupe Fern\u00e1ndez Calix &#8211; Enfermera U.M.S.A. Es una enfermedad poco frecuente hereditaria de la piel \u00a0\u00a0transmitida de padres a hijos \u00a0\u00a0esta patolog\u00eda se caracteriza por la existencia de la sensibilidad extrema a luz solar afectando a la piel y a el tejido que cubre el ojo. La luz ultravioleta (UV)y la luz solar da\u00f1a [&hellip;]<\/p>\n","protected":false},"author":1,"featured_media":309675,"comment_status":"closed","ping_status":"open","sticky":false,"template":"","format":"standard","meta":{"_acf_changed":false,"footnotes":""},"categories":[52],"tags":[],"class_list":["post-309674","post","type-post","status-publish","format-standard","has-post-thumbnail","category-de-salud-mas-vida"],"acf":{"antetitulo":""},"yoast_head":"<!-- This site is optimized with the Yoast SEO plugin v28.3 - https:\/\/yoast.com\/product\/yoast-seo-wordpress\/ -->\n<title>\u00bfQUE ES EL XERODERMIA PIGMENTOSA? - El Diario - Bolivia<\/title>\n<meta name=\"robots\" content=\"index, follow, max-snippet:-1, max-image-preview:large, max-video-preview:-1\" \/>\n<link rel=\"canonical\" href=\"https:\/\/www.eldiario.net\/portal\/2025\/06\/15\/que-es-el-xerodermia-pigmentosa\/\" \/>\n<meta property=\"og:locale\" content=\"es_ES\" \/>\n<meta property=\"og:type\" content=\"article\" \/>\n<meta property=\"og:title\" content=\"\u00bfQUE ES EL XERODERMIA PIGMENTOSA? - El Diario - Bolivia\" \/>\n<meta property=\"og:description\" content=\"Lic. Lupe Fern\u00e1ndez Calix &#8211; Enfermera U.M.S.A. Es una enfermedad poco frecuente hereditaria de la piel \u00a0\u00a0transmitida de padres a hijos \u00a0\u00a0esta patolog\u00eda se caracteriza por la existencia de la sensibilidad extrema a luz solar afectando a la piel y a el tejido que cubre el ojo. La luz ultravioleta (UV)y la luz solar da\u00f1a [&hellip;]\" \/>\n<meta property=\"og:url\" content=\"https:\/\/www.eldiario.net\/portal\/2025\/06\/15\/que-es-el-xerodermia-pigmentosa\/\" \/>\n<meta property=\"og:site_name\" content=\"El Diario - Bolivia\" \/>\n<meta property=\"article:publisher\" content=\"https:\/\/www.facebook.com\/eldiario.bolivia\/\" \/>\n<meta property=\"article:published_time\" content=\"2025-06-15T04:24:01+00:00\" \/>\n<meta property=\"og:image\" content=\"https:\/\/www.eldiario.net\/portal\/wp-content\/uploads\/2025\/06\/\u00bfQUE-ES-EL-XERODERMIA-PIGMENTOSA.webp\" \/>\n\t<meta property=\"og:image:width\" content=\"480\" \/>\n\t<meta property=\"og:image:height\" content=\"269\" \/>\n\t<meta property=\"og:image:type\" content=\"image\/webp\" \/>\n<meta name=\"author\" content=\"Jeanette\" \/>\n<meta name=\"twitter:card\" content=\"summary_large_image\" \/>\n<meta name=\"twitter:creator\" content=\"@eldiario_net\" \/>\n<meta name=\"twitter:site\" content=\"@eldiario_net\" \/>\n<meta name=\"twitter:label1\" content=\"Escrito por\" \/>\n\t<meta name=\"twitter:data1\" content=\"Jeanette\" \/>\n\t<meta name=\"twitter:label2\" content=\"Tiempo de lectura\" \/>\n\t<meta name=\"twitter:data2\" content=\"2 minutos\" \/>\n<script type=\"application\/ld+json\" class=\"yoast-schema-graph\">{\"@context\":\"https:\\\/\\\/schema.org\",\"@graph\":[{\"@type\":\"Article\",\"@id\":\"https:\\\/\\\/www.eldiario.net\\\/portal\\\/2025\\\/06\\\/15\\\/que-es-el-xerodermia-pigmentosa\\\/#article\",\"isPartOf\":{\"@id\":\"https:\\\/\\\/www.eldiario.net\\\/portal\\\/2025\\\/06\\\/15\\\/que-es-el-xerodermia-pigmentosa\\\/\"},\"author\":{\"name\":\"Jeanette\",\"@id\":\"https:\\\/\\\/www.eldiario.net\\\/portal\\\/#\\\/schema\\\/person\\\/f46445640444750d7d753ccd04ae01b7\"},\"headline\":\"\u00bfQUE ES EL XERODERMIA PIGMENTOSA?\",\"datePublished\":\"2025-06-15T04:24:01+00:00\",\"mainEntityOfPage\":{\"@id\":\"https:\\\/\\\/www.eldiario.net\\\/portal\\\/2025\\\/06\\\/15\\\/que-es-el-xerodermia-pigmentosa\\\/\"},\"wordCount\":390,\"publisher\":{\"@id\":\"https:\\\/\\\/www.eldiario.net\\\/portal\\\/#organization\"},\"image\":{\"@id\":\"https:\\\/\\\/www.eldiario.net\\\/portal\\\/2025\\\/06\\\/15\\\/que-es-el-xerodermia-pigmentosa\\\/#primaryimage\"},\"thumbnailUrl\":\"https:\\\/\\\/www.eldiario.net\\\/portal\\\/wp-content\\\/uploads\\\/2025\\\/06\\\/\u00bfQUE-ES-EL-XERODERMIA-PIGMENTOSA.webp\",\"articleSection\":[\"De Salud + vida\"],\"inLanguage\":\"es\"},{\"@type\":\"WebPage\",\"@id\":\"https:\\\/\\\/www.eldiario.net\\\/portal\\\/2025\\\/06\\\/15\\\/que-es-el-xerodermia-pigmentosa\\\/\",\"url\":\"https:\\\/\\\/www.eldiario.net\\\/portal\\\/2025\\\/06\\\/15\\\/que-es-el-xerodermia-pigmentosa\\\/\",\"name\":\"\u00bfQUE ES EL XERODERMIA PIGMENTOSA? - El Diario - Bolivia\",\"isPartOf\":{\"@id\":\"https:\\\/\\\/www.eldiario.net\\\/portal\\\/#website\"},\"primaryImageOfPage\":{\"@id\":\"https:\\\/\\\/www.eldiario.net\\\/portal\\\/2025\\\/06\\\/15\\\/que-es-el-xerodermia-pigmentosa\\\/#primaryimage\"},\"image\":{\"@id\":\"https:\\\/\\\/www.eldiario.net\\\/portal\\\/2025\\\/06\\\/15\\\/que-es-el-xerodermia-pigmentosa\\\/#primaryimage\"},\"thumbnailUrl\":\"https:\\\/\\\/www.eldiario.net\\\/portal\\\/wp-content\\\/uploads\\\/2025\\\/06\\\/\u00bfQUE-ES-EL-XERODERMIA-PIGMENTOSA.webp\",\"datePublished\":\"2025-06-15T04:24:01+00:00\",\"breadcrumb\":{\"@id\":\"https:\\\/\\\/www.eldiario.net\\\/portal\\\/2025\\\/06\\\/15\\\/que-es-el-xerodermia-pigmentosa\\\/#breadcrumb\"},\"inLanguage\":\"es\",\"potentialAction\":[{\"@type\":\"ReadAction\",\"target\":[\"https:\\\/\\\/www.eldiario.net\\\/portal\\\/2025\\\/06\\\/15\\\/que-es-el-xerodermia-pigmentosa\\\/\"]}]},{\"@type\":\"ImageObject\",\"inLanguage\":\"es\",\"@id\":\"https:\\\/\\\/www.eldiario.net\\\/portal\\\/2025\\\/06\\\/15\\\/que-es-el-xerodermia-pigmentosa\\\/#primaryimage\",\"url\":\"https:\\\/\\\/www.eldiario.net\\\/portal\\\/wp-content\\\/uploads\\\/2025\\\/06\\\/\u00bfQUE-ES-EL-XERODERMIA-PIGMENTOSA.webp\",\"contentUrl\":\"https:\\\/\\\/www.eldiario.net\\\/portal\\\/wp-content\\\/uploads\\\/2025\\\/06\\\/\u00bfQUE-ES-EL-XERODERMIA-PIGMENTOSA.webp\",\"width\":480,\"height\":269},{\"@type\":\"BreadcrumbList\",\"@id\":\"https:\\\/\\\/www.eldiario.net\\\/portal\\\/2025\\\/06\\\/15\\\/que-es-el-xerodermia-pigmentosa\\\/#breadcrumb\",\"itemListElement\":[{\"@type\":\"ListItem\",\"position\":1,\"name\":\"Portada\",\"item\":\"https:\\\/\\\/www.eldiario.net\\\/portal\\\/\"},{\"@type\":\"ListItem\",\"position\":2,\"name\":\"\u00bfQUE ES EL XERODERMIA PIGMENTOSA?\"}]},{\"@type\":\"WebSite\",\"@id\":\"https:\\\/\\\/www.eldiario.net\\\/portal\\\/#website\",\"url\":\"https:\\\/\\\/www.eldiario.net\\\/portal\\\/\",\"name\":\"El Diario - Decano de la prensa nacional\",\"description\":\"El Diario - Decano de la prensa nacional\",\"publisher\":{\"@id\":\"https:\\\/\\\/www.eldiario.net\\\/portal\\\/#organization\"},\"potentialAction\":[{\"@type\":\"SearchAction\",\"target\":{\"@type\":\"EntryPoint\",\"urlTemplate\":\"https:\\\/\\\/www.eldiario.net\\\/portal\\\/?s={search_term_string}\"},\"query-input\":{\"@type\":\"PropertyValueSpecification\",\"valueRequired\":true,\"valueName\":\"search_term_string\"}}],\"inLanguage\":\"es\"},{\"@type\":\"Organization\",\"@id\":\"https:\\\/\\\/www.eldiario.net\\\/portal\\\/#organization\",\"name\":\"El Diario - Decano de la prensa nacional\",\"url\":\"https:\\\/\\\/www.eldiario.net\\\/portal\\\/\",\"logo\":{\"@type\":\"ImageObject\",\"inLanguage\":\"es\",\"@id\":\"https:\\\/\\\/www.eldiario.net\\\/portal\\\/#\\\/schema\\\/logo\\\/image\\\/\",\"url\":\"https:\\\/\\\/www.eldiario.net\\\/portal\\\/wp-content\\\/uploads\\\/2023\\\/07\\\/logo_ED.jpg\",\"contentUrl\":\"https:\\\/\\\/www.eldiario.net\\\/portal\\\/wp-content\\\/uploads\\\/2023\\\/07\\\/logo_ED.jpg\",\"width\":272,\"height\":52,\"caption\":\"El Diario - Decano de la prensa nacional\"},\"image\":{\"@id\":\"https:\\\/\\\/www.eldiario.net\\\/portal\\\/#\\\/schema\\\/logo\\\/image\\\/\"},\"sameAs\":[\"https:\\\/\\\/www.facebook.com\\\/eldiario.bolivia\\\/\",\"https:\\\/\\\/x.com\\\/eldiario_net\"]},{\"@type\":\"Person\",\"@id\":\"https:\\\/\\\/www.eldiario.net\\\/portal\\\/#\\\/schema\\\/person\\\/f46445640444750d7d753ccd04ae01b7\",\"name\":\"Jeanette\",\"image\":{\"@type\":\"ImageObject\",\"inLanguage\":\"es\",\"@id\":\"https:\\\/\\\/secure.gravatar.com\\\/avatar\\\/3ea2118a5f7dad2b7138b1187a6b7ee55f160b9968b66013c3a3ef39dd7e5798?s=96&d=mm&r=g\",\"url\":\"https:\\\/\\\/secure.gravatar.com\\\/avatar\\\/3ea2118a5f7dad2b7138b1187a6b7ee55f160b9968b66013c3a3ef39dd7e5798?s=96&d=mm&r=g\",\"contentUrl\":\"https:\\\/\\\/secure.gravatar.com\\\/avatar\\\/3ea2118a5f7dad2b7138b1187a6b7ee55f160b9968b66013c3a3ef39dd7e5798?s=96&d=mm&r=g\",\"caption\":\"Jeanette\"},\"sameAs\":[\"https:\\\/\\\/www.eldiario.net\\\/portal\"],\"url\":\"https:\\\/\\\/www.eldiario.net\\\/portal\\\/author\\\/jeanette\\\/\"}]}<\/script>\n<!-- \/ Yoast SEO plugin. -->","yoast_head_json":{"title":"\u00bfQUE ES EL XERODERMIA PIGMENTOSA? - El Diario - Bolivia","robots":{"index":"index","follow":"follow","max-snippet":"max-snippet:-1","max-image-preview":"max-image-preview:large","max-video-preview":"max-video-preview:-1"},"canonical":"https:\/\/www.eldiario.net\/portal\/2025\/06\/15\/que-es-el-xerodermia-pigmentosa\/","og_locale":"es_ES","og_type":"article","og_title":"\u00bfQUE ES EL XERODERMIA PIGMENTOSA? - El Diario - Bolivia","og_description":"Lic. Lupe Fern\u00e1ndez Calix &#8211; Enfermera U.M.S.A. Es una enfermedad poco frecuente hereditaria de la piel \u00a0\u00a0transmitida de padres a hijos \u00a0\u00a0esta patolog\u00eda se caracteriza por la existencia de la sensibilidad extrema a luz solar afectando a la piel y a el tejido que cubre el ojo. La luz ultravioleta (UV)y la luz solar da\u00f1a [&hellip;]","og_url":"https:\/\/www.eldiario.net\/portal\/2025\/06\/15\/que-es-el-xerodermia-pigmentosa\/","og_site_name":"El Diario - Bolivia","article_publisher":"https:\/\/www.facebook.com\/eldiario.bolivia\/","article_published_time":"2025-06-15T04:24:01+00:00","og_image":[{"width":480,"height":269,"url":"https:\/\/www.eldiario.net\/portal\/wp-content\/uploads\/2025\/06\/\u00bfQUE-ES-EL-XERODERMIA-PIGMENTOSA.webp","type":"image\/webp"}],"author":"Jeanette","twitter_card":"summary_large_image","twitter_creator":"@eldiario_net","twitter_site":"@eldiario_net","twitter_misc":{"Escrito por":"Jeanette","Tiempo de lectura":"2 minutos"},"schema":{"@context":"https:\/\/schema.org","@graph":[{"@type":"Article","@id":"https:\/\/www.eldiario.net\/portal\/2025\/06\/15\/que-es-el-xerodermia-pigmentosa\/#article","isPartOf":{"@id":"https:\/\/www.eldiario.net\/portal\/2025\/06\/15\/que-es-el-xerodermia-pigmentosa\/"},"author":{"name":"Jeanette","@id":"https:\/\/www.eldiario.net\/portal\/#\/schema\/person\/f46445640444750d7d753ccd04ae01b7"},"headline":"\u00bfQUE ES EL XERODERMIA PIGMENTOSA?","datePublished":"2025-06-15T04:24:01+00:00","mainEntityOfPage":{"@id":"https:\/\/www.eldiario.net\/portal\/2025\/06\/15\/que-es-el-xerodermia-pigmentosa\/"},"wordCount":390,"publisher":{"@id":"https:\/\/www.eldiario.net\/portal\/#organization"},"image":{"@id":"https:\/\/www.eldiario.net\/portal\/2025\/06\/15\/que-es-el-xerodermia-pigmentosa\/#primaryimage"},"thumbnailUrl":"https:\/\/www.eldiario.net\/portal\/wp-content\/uploads\/2025\/06\/\u00bfQUE-ES-EL-XERODERMIA-PIGMENTOSA.webp","articleSection":["De Salud + vida"],"inLanguage":"es"},{"@type":"WebPage","@id":"https:\/\/www.eldiario.net\/portal\/2025\/06\/15\/que-es-el-xerodermia-pigmentosa\/","url":"https:\/\/www.eldiario.net\/portal\/2025\/06\/15\/que-es-el-xerodermia-pigmentosa\/","name":"\u00bfQUE ES EL XERODERMIA PIGMENTOSA? - El Diario - Bolivia","isPartOf":{"@id":"https:\/\/www.eldiario.net\/portal\/#website"},"primaryImageOfPage":{"@id":"https:\/\/www.eldiario.net\/portal\/2025\/06\/15\/que-es-el-xerodermia-pigmentosa\/#primaryimage"},"image":{"@id":"https:\/\/www.eldiario.net\/portal\/2025\/06\/15\/que-es-el-xerodermia-pigmentosa\/#primaryimage"},"thumbnailUrl":"https:\/\/www.eldiario.net\/portal\/wp-content\/uploads\/2025\/06\/\u00bfQUE-ES-EL-XERODERMIA-PIGMENTOSA.webp","datePublished":"2025-06-15T04:24:01+00:00","breadcrumb":{"@id":"https:\/\/www.eldiario.net\/portal\/2025\/06\/15\/que-es-el-xerodermia-pigmentosa\/#breadcrumb"},"inLanguage":"es","potentialAction":[{"@type":"ReadAction","target":["https:\/\/www.eldiario.net\/portal\/2025\/06\/15\/que-es-el-xerodermia-pigmentosa\/"]}]},{"@type":"ImageObject","inLanguage":"es","@id":"https:\/\/www.eldiario.net\/portal\/2025\/06\/15\/que-es-el-xerodermia-pigmentosa\/#primaryimage","url":"https:\/\/www.eldiario.net\/portal\/wp-content\/uploads\/2025\/06\/\u00bfQUE-ES-EL-XERODERMIA-PIGMENTOSA.webp","contentUrl":"https:\/\/www.eldiario.net\/portal\/wp-content\/uploads\/2025\/06\/\u00bfQUE-ES-EL-XERODERMIA-PIGMENTOSA.webp","width":480,"height":269},{"@type":"BreadcrumbList","@id":"https:\/\/www.eldiario.net\/portal\/2025\/06\/15\/que-es-el-xerodermia-pigmentosa\/#breadcrumb","itemListElement":[{"@type":"ListItem","position":1,"name":"Portada","item":"https:\/\/www.eldiario.net\/portal\/"},{"@type":"ListItem","position":2,"name":"\u00bfQUE ES EL XERODERMIA PIGMENTOSA?"}]},{"@type":"WebSite","@id":"https:\/\/www.eldiario.net\/portal\/#website","url":"https:\/\/www.eldiario.net\/portal\/","name":"El Diario - Decano de la prensa nacional","description":"El Diario - Decano de la prensa nacional","publisher":{"@id":"https:\/\/www.eldiario.net\/portal\/#organization"},"potentialAction":[{"@type":"SearchAction","target":{"@type":"EntryPoint","urlTemplate":"https:\/\/www.eldiario.net\/portal\/?s={search_term_string}"},"query-input":{"@type":"PropertyValueSpecification","valueRequired":true,"valueName":"search_term_string"}}],"inLanguage":"es"},{"@type":"Organization","@id":"https:\/\/www.eldiario.net\/portal\/#organization","name":"El Diario - Decano de la prensa nacional","url":"https:\/\/www.eldiario.net\/portal\/","logo":{"@type":"ImageObject","inLanguage":"es","@id":"https:\/\/www.eldiario.net\/portal\/#\/schema\/logo\/image\/","url":"https:\/\/www.eldiario.net\/portal\/wp-content\/uploads\/2023\/07\/logo_ED.jpg","contentUrl":"https:\/\/www.eldiario.net\/portal\/wp-content\/uploads\/2023\/07\/logo_ED.jpg","width":272,"height":52,"caption":"El Diario - Decano de la prensa nacional"},"image":{"@id":"https:\/\/www.eldiario.net\/portal\/#\/schema\/logo\/image\/"},"sameAs":["https:\/\/www.facebook.com\/eldiario.bolivia\/","https:\/\/x.com\/eldiario_net"]},{"@type":"Person","@id":"https:\/\/www.eldiario.net\/portal\/#\/schema\/person\/f46445640444750d7d753ccd04ae01b7","name":"Jeanette","image":{"@type":"ImageObject","inLanguage":"es","@id":"https:\/\/secure.gravatar.com\/avatar\/3ea2118a5f7dad2b7138b1187a6b7ee55f160b9968b66013c3a3ef39dd7e5798?s=96&d=mm&r=g","url":"https:\/\/secure.gravatar.com\/avatar\/3ea2118a5f7dad2b7138b1187a6b7ee55f160b9968b66013c3a3ef39dd7e5798?s=96&d=mm&r=g","contentUrl":"https:\/\/secure.gravatar.com\/avatar\/3ea2118a5f7dad2b7138b1187a6b7ee55f160b9968b66013c3a3ef39dd7e5798?s=96&d=mm&r=g","caption":"Jeanette"},"sameAs":["https:\/\/www.eldiario.net\/portal"],"url":"https:\/\/www.eldiario.net\/portal\/author\/jeanette\/"}]}},"_links":{"self":[{"href":"https:\/\/www.eldiario.net\/portal\/wp-json\/wp\/v2\/posts\/309674","targetHints":{"allow":["GET"]}}],"collection":[{"href":"https:\/\/www.eldiario.net\/portal\/wp-json\/wp\/v2\/posts"}],"about":[{"href":"https:\/\/www.eldiario.net\/portal\/wp-json\/wp\/v2\/types\/post"}],"author":[{"embeddable":true,"href":"https:\/\/www.eldiario.net\/portal\/wp-json\/wp\/v2\/users\/1"}],"replies":[{"embeddable":true,"href":"https:\/\/www.eldiario.net\/portal\/wp-json\/wp\/v2\/comments?post=309674"}],"version-history":[{"count":1,"href":"https:\/\/www.eldiario.net\/portal\/wp-json\/wp\/v2\/posts\/309674\/revisions"}],"predecessor-version":[{"id":309676,"href":"https:\/\/www.eldiario.net\/portal\/wp-json\/wp\/v2\/posts\/309674\/revisions\/309676"}],"wp:featuredmedia":[{"embeddable":true,"href":"https:\/\/www.eldiario.net\/portal\/wp-json\/wp\/v2\/media\/309675"}],"wp:attachment":[{"href":"https:\/\/www.eldiario.net\/portal\/wp-json\/wp\/v2\/media?parent=309674"}],"wp:term":[{"taxonomy":"category","embeddable":true,"href":"https:\/\/www.eldiario.net\/portal\/wp-json\/wp\/v2\/categories?post=309674"},{"taxonomy":"post_tag","embeddable":true,"href":"https:\/\/www.eldiario.net\/portal\/wp-json\/wp\/v2\/tags?post=309674"}],"curies":[{"name":"wp","href":"https:\/\/api.w.org\/{rel}","templated":true}]}}