{"id":309371,"date":"2025-06-13T06:18:00","date_gmt":"2025-06-13T10:18:00","guid":{"rendered":"https:\/\/www.eldiario.net\/portal\/?p=309371"},"modified":"2025-06-13T06:18:00","modified_gmt":"2025-06-13T10:18:00","slug":"a-pedido-del-publico-vuelve-warmi-luz","status":"publish","type":"post","link":"https:\/\/www.eldiario.net\/portal\/2025\/06\/13\/a-pedido-del-publico-vuelve-warmi-luz\/","title":{"rendered":"A pedido del p\u00fablico  vuelve \u201cWarmi Luz\u201d"},"content":{"rendered":"<p>A pedido del p\u00fablico, vuelve a escena \u201cWarmi Luz: La mujer de pollera gris\u201d, de la mano de Biafra Producciones, esta vez al Teatro 16 de Julio, donde la obra ser\u00e1 presentada el jueves 19 y el viernes 20 de junio, a horas 19:00.<\/p>\n<p>\u201cWarmi Luz, La mujer de pollera gris brilla en los escenarios como un homenaje que trasciende el teatro. Es un \u00e9xito taquillero que convierte la resiliencia en arte y la identidad en poes\u00eda\u201d, resalta la nota de prensa de Biafra Producciones, compa\u00f1\u00eda teatral creada por la reconocida actriz boliviana Biafra Saavedra.<\/p>\n<p>\u200e\u200e\u200e\u200eDesde su estreno, el 23 de mayo de 2025, \u00abWarmi Luz: La mujer de pollera gris\u00bb ha conquistado el Teatro Municipal \u201cAlberto Saavedra P\u00e9rez\u201d y tambi\u00e9n el coraz\u00f3n del p\u00fablico pace\u00f1o.<\/p>\n<p>Inspirada en la emotiva canci\u00f3n \u201cWarmi Luz\u201d de Willy Sullcata, la obra se erige como un puente entre la tradici\u00f3n y la modernidad, entre el dolor y la redenci\u00f3n, tejiendo una narrativa que celebra la fortaleza de las mujeres ind\u00edgenas mientras confrontan las cicatrices sociales de Bolivia.<\/p>\n<p><strong>UN \u00c9XITO CON ALMA DE POLLERA\u00a0 <\/strong><\/p>\n<p>\u200eCon funciones agotadas en su estreno, el montaje de la obra logr\u00f3 lo improbable dentro del concepto del teatro nacional: convertir un drama \u00edntimo en un fen\u00f3meno colectivo. La historia de Dolores, interpretada con una mezcla de ternura y firmeza por Biafra Saavedra, resuena en un pa\u00eds donde la pollera es s\u00edmbolo de resistencia y orgullo. Las escenas, pintadas con un lenguaje po\u00e9tico que oscila entre el idioma ind\u00edgena y el espa\u00f1ol, capturan la esencia de un homenaje \u00aba todas las mujeres de pollera\u00bb, como lo proclaman sus promotores.<\/p>\n<p>\u200e<strong>CR\u00cdTICA Y P\u00daBLICO: UNA OVACI\u00d3N UN\u00c1NIME<\/strong><\/p>\n<p>\u200eLos espectadores destacan la capacidad de la obra para equilibrar crudeza y belleza. La escena donde Abel ni\u00f1o reza por el regreso de su padre, iluminado por un cenital que simula la c\u00e1lida luz del altiplano, ha sido descrita como \u00abun instante de pura poes\u00eda esc\u00e9nica\u00bb. Incluso los momentos m\u00e1s dolorosos \u2014el recuerdo envuelto en im\u00e1genes surrealistas de un hijo hu\u00e9rfano\u2014 est\u00e1n matizados por un tratamiento visual que evoca la tradici\u00f3n del llanto de la guitarra acompa\u00f1ada de la voz poderosa del t\u00edo Yayo, &#8211; Interpretado por Rolando Siles-, metaforizando el dolor a trav\u00e9s de la m\u00fasica andina.<\/p>\n<p>\u200e<strong>PALABRAS QUE VUELAN COMO PHUYUS<\/strong><\/p>\n<p>\u200eEl director de \u201cWarmi Luz\u201d, Enrique Calder\u00f3n (quien tambi\u00e9n interpreta a Inocencio Sacaca en la obra) describe el proyecto como \u00abun canto a las warmis que cargan sue\u00f1os en sus aguayos\u00bb. La met\u00e1fora no es casual: al igual que las nubes (phuyus) que cruzan el cielo pace\u00f1o, la obra flota entre lo terrenal y lo espiritual, recordando que \u00ablas polleras viejas tienen alma\u00bb \u2014como dice un verso clave\u2014.<\/p>\n<p>\u200e\u200e\u00bbWarmi Luz\u00bb no es solo teatro; es un espejo que Bolivia necesitaba. Una historia que, como la canci\u00f3n que la inspir\u00f3, sigue resonando \u00aben el viento del Ande\u00bb, llevando consigo el eco de las que ya no est\u00e1n y la esperanza de las que siguen luchando.<\/p>\n<p>La cita es el 19 y 20 de junio en el Teatro 16 de Julio de La Paz, luego de lo cual el elenco tiene programada una gira nacional desde septiembre por Sucre, Potos\u00ed y Oruro.<\/p>\n<p>Mayor informaci\u00f3n en el n\u00famero de celular 720-20044.<\/p>\n<p><strong>PARA RECORDAR<\/strong><\/p>\n<p>Biafra Saavedra estren\u00f3 \u201cWarmi Luz\u201d en el Teatro Municipal, en mayo, celebrando 35 a\u00f1os de vida art\u00edstica. Es una tragedia boliviana que remueve los corazones, puesto que explora el amor, la identidad y la redenci\u00f3n\u200e.<\/p>\n<p>La trama se teje entre la pobreza, la ausencia paterna, el desprecio social y la resistencia cultural, culminando en un desgarrador acto de violencia y un final que busca reconciliaci\u00f3n.<\/p>\n<p><strong>SINOPSIS DE LA OBRA\u200e<\/strong><\/p>\n<p>Dolores cr\u00eda a su hijo Abel en un hogar modesto, donde el ni\u00f1o anhela el regreso de su padre, Ponciano, quien los abandon\u00f3. La llegada inesperada de Ponciano desencadena conflictos, revelando su desprecio por la identidad de Dolores.<\/p>\n<p>\u200e\u200e\u201dWarmi Luz\u201d explora temas como el clasismo, la maternidad sacrificada y la b\u00fasqueda de justicia, mientras Inocencio, un amigo tartamudo de la familia, se convierte en un personaje central en la vida de los protagonistas.<\/p>\n<p>\u200e\u200eEl desenlace tiene un tono surrealista. Abel, ahogado en sus penas, dialoga con su yo ni\u00f1o, mientras los personajes reflexionan sobre el perd\u00f3n y la identidad. Margarita, la vecina que antes rechazaba sus ra\u00edces, intenta transformar su pensamiento, tratando de dar una se\u00f1al de redenci\u00f3n. La obra cierra dejando una pregunta abierta sobre la justicia en un sistema corrupto.<\/p>\n<p>\u200e\u200e\u200e\u200eEl elenco est\u00e1 conformado por Biafra Saavedra (como Dolores), Santiago Touchard (Abel ni\u00f1o), Consuelo Valbuena (Macedonia), Vianca Touchard (Margarita ni\u00f1a), Geofrey Valdivieso (Grifonio Valdez), Enrique Calder\u00f3n (Inocencio Sacaca), Erick Calancha (Ponciano), Diego Quinteros (Abel joven), Andrea Quinteros (Margarita joven), Rolando Siles (Yayo) y Franklin Poma (Polic\u00eda).\u00a0 En la direcci\u00f3n y puesta en escena est\u00e1 Enrique Calder\u00f3n Saavedra y en la producci\u00f3n general Biafra Saavedra.<\/p>\n\r\n                <style type=\"text\/css\">\r\n                    \r\n                    #tdi_1  .td-doubleSlider-2 .td-item1 {\r\n                        background: url(https:\/\/www.eldiario.net\/portal\/wp-content\/uploads\/2025\/06\/1.PRINCIPAL-Biafra-Saavedra--80x60.webp) 0 0 no-repeat;\r\n                    }\r\n                    #tdi_1  .td-doubleSlider-2 .td-item2 {\r\n                        background: url(https:\/\/www.eldiario.net\/portal\/wp-content\/uploads\/2025\/06\/2.-Warmi-pie-de-foto-Erick-Calancha--80x60.webp) 0 0 no-repeat;\r\n                    }\r\n                    #tdi_1  .td-doubleSlider-2 .td-item3 {\r\n                        background: url(https:\/\/www.eldiario.net\/portal\/wp-content\/uploads\/2025\/06\/3.Warmi-pie-de-foto-Vianca-Tourchad-Morales--80x60.webp) 0 0 no-repeat;\r\n                    }\r\n                    #tdi_1  .td-doubleSlider-2 .td-item4 {\r\n                        background: url(https:\/\/www.eldiario.net\/portal\/wp-content\/uploads\/2025\/06\/4.-Warmi-pie-de-foto-Consuelo-Valbuena--80x60.webp) 0 0 no-repeat;\r\n                    }\r\n                    #tdi_1  .td-doubleSlider-2 .td-item5 {\r\n                        background: url(https:\/\/www.eldiario.net\/portal\/wp-content\/uploads\/2025\/06\/5.-Warmi--80x60.webp) 0 0 no-repeat;\r\n                    }\r\n                <\/style>\r\n\r\n                <div id=\"tdi_1\" class=\"td-gallery td-slide-on-2-columns\">\r\n                    <div class=\"post_td_gallery\">\r\n                        <div class=\"td-gallery-slide-top\">\r\n                           <div class=\"td-gallery-title\"><\/div>\r\n\r\n                            <div class=\"td-gallery-controls-wrapper\">\r\n                                <div class=\"td-gallery-slide-count\"><span class=\"td-gallery-slide-item-focus\">1<\/span> de 5<\/div>\r\n                                <div class=\"td-gallery-slide-prev-next-but\">\r\n                                    <i class = \"td-icon-left doubleSliderPrevButton\"><\/i>\r\n                                    <i class = \"td-icon-right doubleSliderNextButton\"><\/i>\r\n                                <\/div>\r\n                            <\/div>\r\n                        <\/div>\r\n\r\n                        <div class = \"td-doubleSlider-1 \">\r\n                            <div class = \"td-slider\">\r\n                                \r\n                    <div class = \"td-slide-item td-item1\">\r\n                        <figure class=\"td-slide-galery-figure td-slide-popup-gallery\">\r\n                            <a class=\"slide-gallery-image-link\" href=\"https:\/\/www.eldiario.net\/portal\/wp-content\/uploads\/2025\/06\/1.PRINCIPAL-Biafra-Saavedra-.webp\" title=\"1.PRINCIPAL- Biafra Saavedra-\"  data-caption=\"\"  data-description=\"\">\r\n                                <img decoding=\"async\" src=\"https:\/\/www.eldiario.net\/portal\/wp-content\/uploads\/2025\/06\/1.PRINCIPAL-Biafra-Saavedra--280x420.webp\" srcset=\"https:\/\/www.eldiario.net\/portal\/wp-content\/uploads\/2025\/06\/1.PRINCIPAL-Biafra-Saavedra--280x420.webp 280w, https:\/\/www.eldiario.net\/portal\/wp-content\/uploads\/2025\/06\/1.PRINCIPAL-Biafra-Saavedra--200x300.webp 200w, https:\/\/www.eldiario.net\/portal\/wp-content\/uploads\/2025\/06\/1.PRINCIPAL-Biafra-Saavedra--682x1024.webp 682w, https:\/\/www.eldiario.net\/portal\/wp-content\/uploads\/2025\/06\/1.PRINCIPAL-Biafra-Saavedra--768x1153.webp 768w, https:\/\/www.eldiario.net\/portal\/wp-content\/uploads\/2025\/06\/1.PRINCIPAL-Biafra-Saavedra--696x1045.webp 696w, https:\/\/www.eldiario.net\/portal\/wp-content\/uploads\/2025\/06\/1.PRINCIPAL-Biafra-Saavedra-.webp 933w\" sizes=\"(max-width: 280px) 100vw, 280px\" alt=\"\">\r\n                            <\/a>\r\n                            \r\n                        <\/figure>\r\n                    <\/div>\r\n                    <div class = \"td-slide-item td-item2\">\r\n                        <figure class=\"td-slide-galery-figure td-slide-popup-gallery\">\r\n                            <a class=\"slide-gallery-image-link\" href=\"https:\/\/www.eldiario.net\/portal\/wp-content\/uploads\/2025\/06\/2.-Warmi-pie-de-foto-Erick-Calancha-.webp\" title=\"2. Warmi pie de foto Erick Calancha-\"  data-caption=\"\"  data-description=\"\">\r\n                                <img decoding=\"async\" src=\"https:\/\/www.eldiario.net\/portal\/wp-content\/uploads\/2025\/06\/2.-Warmi-pie-de-foto-Erick-Calancha--631x420.webp\" srcset=\"https:\/\/www.eldiario.net\/portal\/wp-content\/uploads\/2025\/06\/2.-Warmi-pie-de-foto-Erick-Calancha--631x420.webp 631w, https:\/\/www.eldiario.net\/portal\/wp-content\/uploads\/2025\/06\/2.-Warmi-pie-de-foto-Erick-Calancha--300x200.webp 300w, https:\/\/www.eldiario.net\/portal\/wp-content\/uploads\/2025\/06\/2.-Warmi-pie-de-foto-Erick-Calancha--1024x681.webp 1024w, https:\/\/www.eldiario.net\/portal\/wp-content\/uploads\/2025\/06\/2.-Warmi-pie-de-foto-Erick-Calancha--768x511.webp 768w, https:\/\/www.eldiario.net\/portal\/wp-content\/uploads\/2025\/06\/2.-Warmi-pie-de-foto-Erick-Calancha--696x463.webp 696w, https:\/\/www.eldiario.net\/portal\/wp-content\/uploads\/2025\/06\/2.-Warmi-pie-de-foto-Erick-Calancha--1068x711.webp 1068w, https:\/\/www.eldiario.net\/portal\/wp-content\/uploads\/2025\/06\/2.-Warmi-pie-de-foto-Erick-Calancha-.webp 1512w\" sizes=\"(max-width: 631px) 100vw, 631px\" alt=\"\">\r\n                            <\/a>\r\n                            \r\n                        <\/figure>\r\n                    <\/div>\r\n                    <div class = \"td-slide-item td-item3\">\r\n                        <figure class=\"td-slide-galery-figure td-slide-popup-gallery\">\r\n                            <a class=\"slide-gallery-image-link\" href=\"https:\/\/www.eldiario.net\/portal\/wp-content\/uploads\/2025\/06\/3.Warmi-pie-de-foto-Vianca-Tourchad-Morales-.webp\" title=\"3.Warmi pie de foto Vianca Tourchad Morales-\"  data-caption=\"\"  data-description=\"\">\r\n                                <img decoding=\"async\" src=\"https:\/\/www.eldiario.net\/portal\/wp-content\/uploads\/2025\/06\/3.Warmi-pie-de-foto-Vianca-Tourchad-Morales--279x420.webp\" srcset=\"https:\/\/www.eldiario.net\/portal\/wp-content\/uploads\/2025\/06\/3.Warmi-pie-de-foto-Vianca-Tourchad-Morales--279x420.webp 279w, https:\/\/www.eldiario.net\/portal\/wp-content\/uploads\/2025\/06\/3.Warmi-pie-de-foto-Vianca-Tourchad-Morales--200x300.webp 200w, https:\/\/www.eldiario.net\/portal\/wp-content\/uploads\/2025\/06\/3.Warmi-pie-de-foto-Vianca-Tourchad-Morales--681x1024.webp 681w, https:\/\/www.eldiario.net\/portal\/wp-content\/uploads\/2025\/06\/3.Warmi-pie-de-foto-Vianca-Tourchad-Morales--768x1154.webp 768w, https:\/\/www.eldiario.net\/portal\/wp-content\/uploads\/2025\/06\/3.Warmi-pie-de-foto-Vianca-Tourchad-Morales--696x1046.webp 696w, https:\/\/www.eldiario.net\/portal\/wp-content\/uploads\/2025\/06\/3.Warmi-pie-de-foto-Vianca-Tourchad-Morales-.webp 1006w\" sizes=\"(max-width: 279px) 100vw, 279px\" alt=\"\">\r\n                            <\/a>\r\n                            \r\n                        <\/figure>\r\n                    <\/div>\r\n                    <div class = \"td-slide-item td-item4\">\r\n                        <figure class=\"td-slide-galery-figure td-slide-popup-gallery\">\r\n                            <a class=\"slide-gallery-image-link\" href=\"https:\/\/www.eldiario.net\/portal\/wp-content\/uploads\/2025\/06\/4.-Warmi-pie-de-foto-Consuelo-Valbuena-.webp\" title=\"4. Warmi pie de foto Consuelo Valbuena-\"  data-caption=\"\"  data-description=\"\">\r\n                                <img decoding=\"async\" src=\"https:\/\/www.eldiario.net\/portal\/wp-content\/uploads\/2025\/06\/4.-Warmi-pie-de-foto-Consuelo-Valbuena--525x420.webp\" srcset=\"https:\/\/www.eldiario.net\/portal\/wp-content\/uploads\/2025\/06\/4.-Warmi-pie-de-foto-Consuelo-Valbuena--525x420.webp 525w, https:\/\/www.eldiario.net\/portal\/wp-content\/uploads\/2025\/06\/4.-Warmi-pie-de-foto-Consuelo-Valbuena--300x240.webp 300w, https:\/\/www.eldiario.net\/portal\/wp-content\/uploads\/2025\/06\/4.-Warmi-pie-de-foto-Consuelo-Valbuena--1024x819.webp 1024w, https:\/\/www.eldiario.net\/portal\/wp-content\/uploads\/2025\/06\/4.-Warmi-pie-de-foto-Consuelo-Valbuena--768x614.webp 768w, https:\/\/www.eldiario.net\/portal\/wp-content\/uploads\/2025\/06\/4.-Warmi-pie-de-foto-Consuelo-Valbuena--1536x1229.webp 1536w, https:\/\/www.eldiario.net\/portal\/wp-content\/uploads\/2025\/06\/4.-Warmi-pie-de-foto-Consuelo-Valbuena--696x557.webp 696w, https:\/\/www.eldiario.net\/portal\/wp-content\/uploads\/2025\/06\/4.-Warmi-pie-de-foto-Consuelo-Valbuena--1068x854.webp 1068w, https:\/\/www.eldiario.net\/portal\/wp-content\/uploads\/2025\/06\/4.-Warmi-pie-de-foto-Consuelo-Valbuena-.webp 1600w\" sizes=\"(max-width: 525px) 100vw, 525px\" alt=\"\">\r\n                            <\/a>\r\n                            \r\n                        <\/figure>\r\n                    <\/div>\r\n                    <div class = \"td-slide-item td-item5\">\r\n                        <figure class=\"td-slide-galery-figure td-slide-popup-gallery\">\r\n                            <a class=\"slide-gallery-image-link\" href=\"https:\/\/www.eldiario.net\/portal\/wp-content\/uploads\/2025\/06\/5.-Warmi-.webp\" title=\"5. Warmi-\"  data-caption=\"\"  data-description=\"\">\r\n                                <img decoding=\"async\" src=\"https:\/\/www.eldiario.net\/portal\/wp-content\/uploads\/2025\/06\/5.-Warmi--279x420.webp\" srcset=\"https:\/\/www.eldiario.net\/portal\/wp-content\/uploads\/2025\/06\/5.-Warmi--279x420.webp 279w, https:\/\/www.eldiario.net\/portal\/wp-content\/uploads\/2025\/06\/5.-Warmi--200x300.webp 200w, https:\/\/www.eldiario.net\/portal\/wp-content\/uploads\/2025\/06\/5.-Warmi--681x1024.webp 681w, https:\/\/www.eldiario.net\/portal\/wp-content\/uploads\/2025\/06\/5.-Warmi--768x1154.webp 768w, https:\/\/www.eldiario.net\/portal\/wp-content\/uploads\/2025\/06\/5.-Warmi--696x1046.webp 696w, https:\/\/www.eldiario.net\/portal\/wp-content\/uploads\/2025\/06\/5.-Warmi-.webp 1006w\" sizes=\"(max-width: 279px) 100vw, 279px\" alt=\"\">\r\n                            <\/a>\r\n                            \r\n                        <\/figure>\r\n                    <\/div>\r\n                            <\/div>\r\n                        <\/div>\r\n\r\n                        <div class = \"td-doubleSlider-2\">\r\n                            <div class = \"td-slider\">\r\n                                \r\n                    <div class = \"td-button td-item1\">\r\n                        <div class = \"td-border\"><\/div>\r\n                    <\/div>\r\n                    <div class = \"td-button td-item2\">\r\n                        <div class = \"td-border\"><\/div>\r\n                    <\/div>\r\n                    <div class = \"td-button td-item3\">\r\n                        <div class = \"td-border\"><\/div>\r\n                    <\/div>\r\n                    <div class = \"td-button td-item4\">\r\n                        <div class = \"td-border\"><\/div>\r\n                    <\/div>\r\n                    <div class = \"td-button td-item5\">\r\n                        <div class = \"td-border\"><\/div>\r\n                    <\/div>\r\n                            <\/div>\r\n                        <\/div>\r\n\r\n                    <\/div>\r\n\r\n                <\/div>\r\n                \n","protected":false},"excerpt":{"rendered":"<p>A pedido del p\u00fablico, vuelve a escena \u201cWarmi Luz: La mujer de pollera gris\u201d, de la mano de Biafra Producciones, esta vez al Teatro 16 de Julio, donde la obra ser\u00e1 presentada el jueves 19 y el viernes 20 de junio, a horas 19:00. \u201cWarmi Luz, La mujer de pollera gris brilla en los escenarios [&hellip;]<\/p>\n","protected":false},"author":1,"featured_media":309372,"comment_status":"closed","ping_status":"open","sticky":false,"template":"","format":"standard","meta":{"_acf_changed":false,"footnotes":""},"categories":[41],"tags":[],"class_list":["post-309371","post","type-post","status-publish","format-standard","has-post-thumbnail","category-la-guia"],"acf":{"antetitulo":""},"yoast_head":"<!-- This site is optimized with the Yoast SEO plugin v28.4 - https:\/\/yoast.com\/product\/yoast-seo-wordpress\/ -->\n<title>A pedido del p\u00fablico vuelve \u201cWarmi Luz\u201d - El Diario - Bolivia<\/title>\n<meta name=\"robots\" content=\"index, follow, max-snippet:-1, max-image-preview:large, max-video-preview:-1\" \/>\n<link rel=\"canonical\" href=\"https:\/\/www.eldiario.net\/portal\/2025\/06\/13\/a-pedido-del-publico-vuelve-warmi-luz\/\" \/>\n<meta property=\"og:locale\" content=\"es_ES\" \/>\n<meta property=\"og:type\" content=\"article\" \/>\n<meta property=\"og:title\" content=\"A pedido del p\u00fablico vuelve \u201cWarmi Luz\u201d - El Diario - Bolivia\" \/>\n<meta property=\"og:description\" content=\"A pedido del p\u00fablico, vuelve a escena \u201cWarmi Luz: La mujer de pollera gris\u201d, de la mano de Biafra Producciones, esta vez al Teatro 16 de Julio, donde la obra ser\u00e1 presentada el jueves 19 y el viernes 20 de junio, a horas 19:00. \u201cWarmi Luz, La mujer de pollera gris brilla en los escenarios [&hellip;]\" \/>\n<meta property=\"og:url\" content=\"https:\/\/www.eldiario.net\/portal\/2025\/06\/13\/a-pedido-del-publico-vuelve-warmi-luz\/\" \/>\n<meta property=\"og:site_name\" content=\"El Diario - Bolivia\" \/>\n<meta property=\"article:publisher\" content=\"https:\/\/www.facebook.com\/eldiario.bolivia\/\" \/>\n<meta property=\"article:published_time\" content=\"2025-06-13T10:18:00+00:00\" \/>\n<meta property=\"og:image\" content=\"https:\/\/www.eldiario.net\/portal\/wp-content\/uploads\/2025\/06\/1.PRINCIPAL-Biafra-Saavedra-.webp\" \/>\n\t<meta property=\"og:image:width\" content=\"933\" \/>\n\t<meta property=\"og:image:height\" content=\"1401\" \/>\n\t<meta property=\"og:image:type\" content=\"image\/webp\" \/>\n<meta name=\"author\" content=\"Jeanette\" \/>\n<meta name=\"twitter:card\" content=\"summary_large_image\" \/>\n<meta name=\"twitter:creator\" content=\"@eldiario_net\" \/>\n<meta name=\"twitter:site\" content=\"@eldiario_net\" \/>\n<meta name=\"twitter:label1\" content=\"Escrito por\" \/>\n\t<meta name=\"twitter:data1\" content=\"Jeanette\" \/>\n\t<meta name=\"twitter:label2\" content=\"Tiempo de lectura\" \/>\n\t<meta name=\"twitter:data2\" content=\"4 minutos\" \/>\n<script type=\"application\/ld+json\" class=\"yoast-schema-graph\">{\"@context\":\"https:\\\/\\\/schema.org\",\"@graph\":[{\"@type\":\"Article\",\"@id\":\"https:\\\/\\\/www.eldiario.net\\\/portal\\\/2025\\\/06\\\/13\\\/a-pedido-del-publico-vuelve-warmi-luz\\\/#article\",\"isPartOf\":{\"@id\":\"https:\\\/\\\/www.eldiario.net\\\/portal\\\/2025\\\/06\\\/13\\\/a-pedido-del-publico-vuelve-warmi-luz\\\/\"},\"author\":{\"name\":\"Jeanette\",\"@id\":\"https:\\\/\\\/www.eldiario.net\\\/portal\\\/#\\\/schema\\\/person\\\/2c57cf2b7a7ae032e449e4c9b1019eac\"},\"headline\":\"A pedido del p\u00fablico vuelve \u201cWarmi Luz\u201d\",\"datePublished\":\"2025-06-13T10:18:00+00:00\",\"mainEntityOfPage\":{\"@id\":\"https:\\\/\\\/www.eldiario.net\\\/portal\\\/2025\\\/06\\\/13\\\/a-pedido-del-publico-vuelve-warmi-luz\\\/\"},\"wordCount\":872,\"publisher\":{\"@id\":\"https:\\\/\\\/www.eldiario.net\\\/portal\\\/#organization\"},\"image\":{\"@id\":\"https:\\\/\\\/www.eldiario.net\\\/portal\\\/2025\\\/06\\\/13\\\/a-pedido-del-publico-vuelve-warmi-luz\\\/#primaryimage\"},\"thumbnailUrl\":\"https:\\\/\\\/www.eldiario.net\\\/portal\\\/wp-content\\\/uploads\\\/2025\\\/06\\\/1.PRINCIPAL-Biafra-Saavedra-.webp\",\"articleSection\":[\"La Gu\u00eda\"],\"inLanguage\":\"es\"},{\"@type\":\"WebPage\",\"@id\":\"https:\\\/\\\/www.eldiario.net\\\/portal\\\/2025\\\/06\\\/13\\\/a-pedido-del-publico-vuelve-warmi-luz\\\/\",\"url\":\"https:\\\/\\\/www.eldiario.net\\\/portal\\\/2025\\\/06\\\/13\\\/a-pedido-del-publico-vuelve-warmi-luz\\\/\",\"name\":\"A pedido del p\u00fablico vuelve \u201cWarmi Luz\u201d - El Diario - Bolivia\",\"isPartOf\":{\"@id\":\"https:\\\/\\\/www.eldiario.net\\\/portal\\\/#website\"},\"primaryImageOfPage\":{\"@id\":\"https:\\\/\\\/www.eldiario.net\\\/portal\\\/2025\\\/06\\\/13\\\/a-pedido-del-publico-vuelve-warmi-luz\\\/#primaryimage\"},\"image\":{\"@id\":\"https:\\\/\\\/www.eldiario.net\\\/portal\\\/2025\\\/06\\\/13\\\/a-pedido-del-publico-vuelve-warmi-luz\\\/#primaryimage\"},\"thumbnailUrl\":\"https:\\\/\\\/www.eldiario.net\\\/portal\\\/wp-content\\\/uploads\\\/2025\\\/06\\\/1.PRINCIPAL-Biafra-Saavedra-.webp\",\"datePublished\":\"2025-06-13T10:18:00+00:00\",\"breadcrumb\":{\"@id\":\"https:\\\/\\\/www.eldiario.net\\\/portal\\\/2025\\\/06\\\/13\\\/a-pedido-del-publico-vuelve-warmi-luz\\\/#breadcrumb\"},\"inLanguage\":\"es\",\"potentialAction\":[{\"@type\":\"ReadAction\",\"target\":[\"https:\\\/\\\/www.eldiario.net\\\/portal\\\/2025\\\/06\\\/13\\\/a-pedido-del-publico-vuelve-warmi-luz\\\/\"]}]},{\"@type\":\"ImageObject\",\"inLanguage\":\"es\",\"@id\":\"https:\\\/\\\/www.eldiario.net\\\/portal\\\/2025\\\/06\\\/13\\\/a-pedido-del-publico-vuelve-warmi-luz\\\/#primaryimage\",\"url\":\"https:\\\/\\\/www.eldiario.net\\\/portal\\\/wp-content\\\/uploads\\\/2025\\\/06\\\/1.PRINCIPAL-Biafra-Saavedra-.webp\",\"contentUrl\":\"https:\\\/\\\/www.eldiario.net\\\/portal\\\/wp-content\\\/uploads\\\/2025\\\/06\\\/1.PRINCIPAL-Biafra-Saavedra-.webp\",\"width\":933,\"height\":1401},{\"@type\":\"BreadcrumbList\",\"@id\":\"https:\\\/\\\/www.eldiario.net\\\/portal\\\/2025\\\/06\\\/13\\\/a-pedido-del-publico-vuelve-warmi-luz\\\/#breadcrumb\",\"itemListElement\":[{\"@type\":\"ListItem\",\"position\":1,\"name\":\"Portada\",\"item\":\"https:\\\/\\\/www.eldiario.net\\\/portal\\\/\"},{\"@type\":\"ListItem\",\"position\":2,\"name\":\"A pedido del p\u00fablico vuelve \u201cWarmi Luz\u201d\"}]},{\"@type\":\"WebSite\",\"@id\":\"https:\\\/\\\/www.eldiario.net\\\/portal\\\/#website\",\"url\":\"https:\\\/\\\/www.eldiario.net\\\/portal\\\/\",\"name\":\"El Diario - Decano de la prensa nacional\",\"description\":\"El Diario - Decano de la prensa nacional\",\"publisher\":{\"@id\":\"https:\\\/\\\/www.eldiario.net\\\/portal\\\/#organization\"},\"potentialAction\":[{\"@type\":\"SearchAction\",\"target\":{\"@type\":\"EntryPoint\",\"urlTemplate\":\"https:\\\/\\\/www.eldiario.net\\\/portal\\\/?s={search_term_string}\"},\"query-input\":{\"@type\":\"PropertyValueSpecification\",\"valueRequired\":true,\"valueName\":\"search_term_string\"}}],\"inLanguage\":\"es\"},{\"@type\":\"Organization\",\"@id\":\"https:\\\/\\\/www.eldiario.net\\\/portal\\\/#organization\",\"name\":\"El Diario - Decano de la prensa nacional\",\"url\":\"https:\\\/\\\/www.eldiario.net\\\/portal\\\/\",\"logo\":{\"@type\":\"ImageObject\",\"inLanguage\":\"es\",\"@id\":\"https:\\\/\\\/www.eldiario.net\\\/portal\\\/#\\\/schema\\\/logo\\\/image\\\/\",\"url\":\"https:\\\/\\\/www.eldiario.net\\\/portal\\\/wp-content\\\/uploads\\\/2023\\\/07\\\/logo_ED.jpg\",\"contentUrl\":\"https:\\\/\\\/www.eldiario.net\\\/portal\\\/wp-content\\\/uploads\\\/2023\\\/07\\\/logo_ED.jpg\",\"width\":272,\"height\":52,\"caption\":\"El Diario - Decano de la prensa nacional\"},\"image\":{\"@id\":\"https:\\\/\\\/www.eldiario.net\\\/portal\\\/#\\\/schema\\\/logo\\\/image\\\/\"},\"sameAs\":[\"https:\\\/\\\/www.facebook.com\\\/eldiario.bolivia\\\/\",\"https:\\\/\\\/x.com\\\/eldiario_net\"]},{\"@type\":\"Person\",\"@id\":\"https:\\\/\\\/www.eldiario.net\\\/portal\\\/#\\\/schema\\\/person\\\/2c57cf2b7a7ae032e449e4c9b1019eac\",\"name\":\"Jeanette\",\"image\":{\"@type\":\"ImageObject\",\"inLanguage\":\"es\",\"@id\":\"https:\\\/\\\/secure.gravatar.com\\\/avatar\\\/3ea2118a5f7dad2b7138b1187a6b7ee55f160b9968b66013c3a3ef39dd7e5798?s=96&d=mm&r=g\",\"url\":\"https:\\\/\\\/secure.gravatar.com\\\/avatar\\\/3ea2118a5f7dad2b7138b1187a6b7ee55f160b9968b66013c3a3ef39dd7e5798?s=96&d=mm&r=g\",\"contentUrl\":\"https:\\\/\\\/secure.gravatar.com\\\/avatar\\\/3ea2118a5f7dad2b7138b1187a6b7ee55f160b9968b66013c3a3ef39dd7e5798?s=96&d=mm&r=g\",\"caption\":\"Jeanette\"},\"sameAs\":[\"https:\\\/\\\/www.eldiario.net\\\/portal\"],\"url\":\"https:\\\/\\\/www.eldiario.net\\\/portal\\\/author\\\/jeanette\\\/\"}]}<\/script>\n<!-- \/ Yoast SEO plugin. -->","yoast_head_json":{"title":"A pedido del p\u00fablico vuelve \u201cWarmi Luz\u201d - El Diario - Bolivia","robots":{"index":"index","follow":"follow","max-snippet":"max-snippet:-1","max-image-preview":"max-image-preview:large","max-video-preview":"max-video-preview:-1"},"canonical":"https:\/\/www.eldiario.net\/portal\/2025\/06\/13\/a-pedido-del-publico-vuelve-warmi-luz\/","og_locale":"es_ES","og_type":"article","og_title":"A pedido del p\u00fablico vuelve \u201cWarmi Luz\u201d - El Diario - Bolivia","og_description":"A pedido del p\u00fablico, vuelve a escena \u201cWarmi Luz: La mujer de pollera gris\u201d, de la mano de Biafra Producciones, esta vez al Teatro 16 de Julio, donde la obra ser\u00e1 presentada el jueves 19 y el viernes 20 de junio, a horas 19:00. \u201cWarmi Luz, La mujer de pollera gris brilla en los escenarios [&hellip;]","og_url":"https:\/\/www.eldiario.net\/portal\/2025\/06\/13\/a-pedido-del-publico-vuelve-warmi-luz\/","og_site_name":"El Diario - Bolivia","article_publisher":"https:\/\/www.facebook.com\/eldiario.bolivia\/","article_published_time":"2025-06-13T10:18:00+00:00","og_image":[{"width":933,"height":1401,"url":"https:\/\/www.eldiario.net\/portal\/wp-content\/uploads\/2025\/06\/1.PRINCIPAL-Biafra-Saavedra-.webp","type":"image\/webp"}],"author":"Jeanette","twitter_card":"summary_large_image","twitter_creator":"@eldiario_net","twitter_site":"@eldiario_net","twitter_misc":{"Escrito por":"Jeanette","Tiempo de lectura":"4 minutos"},"schema":{"@context":"https:\/\/schema.org","@graph":[{"@type":"Article","@id":"https:\/\/www.eldiario.net\/portal\/2025\/06\/13\/a-pedido-del-publico-vuelve-warmi-luz\/#article","isPartOf":{"@id":"https:\/\/www.eldiario.net\/portal\/2025\/06\/13\/a-pedido-del-publico-vuelve-warmi-luz\/"},"author":{"name":"Jeanette","@id":"https:\/\/www.eldiario.net\/portal\/#\/schema\/person\/2c57cf2b7a7ae032e449e4c9b1019eac"},"headline":"A pedido del p\u00fablico vuelve \u201cWarmi Luz\u201d","datePublished":"2025-06-13T10:18:00+00:00","mainEntityOfPage":{"@id":"https:\/\/www.eldiario.net\/portal\/2025\/06\/13\/a-pedido-del-publico-vuelve-warmi-luz\/"},"wordCount":872,"publisher":{"@id":"https:\/\/www.eldiario.net\/portal\/#organization"},"image":{"@id":"https:\/\/www.eldiario.net\/portal\/2025\/06\/13\/a-pedido-del-publico-vuelve-warmi-luz\/#primaryimage"},"thumbnailUrl":"https:\/\/www.eldiario.net\/portal\/wp-content\/uploads\/2025\/06\/1.PRINCIPAL-Biafra-Saavedra-.webp","articleSection":["La Gu\u00eda"],"inLanguage":"es"},{"@type":"WebPage","@id":"https:\/\/www.eldiario.net\/portal\/2025\/06\/13\/a-pedido-del-publico-vuelve-warmi-luz\/","url":"https:\/\/www.eldiario.net\/portal\/2025\/06\/13\/a-pedido-del-publico-vuelve-warmi-luz\/","name":"A pedido del p\u00fablico vuelve \u201cWarmi Luz\u201d - El Diario - Bolivia","isPartOf":{"@id":"https:\/\/www.eldiario.net\/portal\/#website"},"primaryImageOfPage":{"@id":"https:\/\/www.eldiario.net\/portal\/2025\/06\/13\/a-pedido-del-publico-vuelve-warmi-luz\/#primaryimage"},"image":{"@id":"https:\/\/www.eldiario.net\/portal\/2025\/06\/13\/a-pedido-del-publico-vuelve-warmi-luz\/#primaryimage"},"thumbnailUrl":"https:\/\/www.eldiario.net\/portal\/wp-content\/uploads\/2025\/06\/1.PRINCIPAL-Biafra-Saavedra-.webp","datePublished":"2025-06-13T10:18:00+00:00","breadcrumb":{"@id":"https:\/\/www.eldiario.net\/portal\/2025\/06\/13\/a-pedido-del-publico-vuelve-warmi-luz\/#breadcrumb"},"inLanguage":"es","potentialAction":[{"@type":"ReadAction","target":["https:\/\/www.eldiario.net\/portal\/2025\/06\/13\/a-pedido-del-publico-vuelve-warmi-luz\/"]}]},{"@type":"ImageObject","inLanguage":"es","@id":"https:\/\/www.eldiario.net\/portal\/2025\/06\/13\/a-pedido-del-publico-vuelve-warmi-luz\/#primaryimage","url":"https:\/\/www.eldiario.net\/portal\/wp-content\/uploads\/2025\/06\/1.PRINCIPAL-Biafra-Saavedra-.webp","contentUrl":"https:\/\/www.eldiario.net\/portal\/wp-content\/uploads\/2025\/06\/1.PRINCIPAL-Biafra-Saavedra-.webp","width":933,"height":1401},{"@type":"BreadcrumbList","@id":"https:\/\/www.eldiario.net\/portal\/2025\/06\/13\/a-pedido-del-publico-vuelve-warmi-luz\/#breadcrumb","itemListElement":[{"@type":"ListItem","position":1,"name":"Portada","item":"https:\/\/www.eldiario.net\/portal\/"},{"@type":"ListItem","position":2,"name":"A pedido del p\u00fablico vuelve \u201cWarmi Luz\u201d"}]},{"@type":"WebSite","@id":"https:\/\/www.eldiario.net\/portal\/#website","url":"https:\/\/www.eldiario.net\/portal\/","name":"El Diario - Decano de la prensa nacional","description":"El Diario - Decano de la prensa nacional","publisher":{"@id":"https:\/\/www.eldiario.net\/portal\/#organization"},"potentialAction":[{"@type":"SearchAction","target":{"@type":"EntryPoint","urlTemplate":"https:\/\/www.eldiario.net\/portal\/?s={search_term_string}"},"query-input":{"@type":"PropertyValueSpecification","valueRequired":true,"valueName":"search_term_string"}}],"inLanguage":"es"},{"@type":"Organization","@id":"https:\/\/www.eldiario.net\/portal\/#organization","name":"El Diario - Decano de la prensa nacional","url":"https:\/\/www.eldiario.net\/portal\/","logo":{"@type":"ImageObject","inLanguage":"es","@id":"https:\/\/www.eldiario.net\/portal\/#\/schema\/logo\/image\/","url":"https:\/\/www.eldiario.net\/portal\/wp-content\/uploads\/2023\/07\/logo_ED.jpg","contentUrl":"https:\/\/www.eldiario.net\/portal\/wp-content\/uploads\/2023\/07\/logo_ED.jpg","width":272,"height":52,"caption":"El Diario - Decano de la prensa nacional"},"image":{"@id":"https:\/\/www.eldiario.net\/portal\/#\/schema\/logo\/image\/"},"sameAs":["https:\/\/www.facebook.com\/eldiario.bolivia\/","https:\/\/x.com\/eldiario_net"]},{"@type":"Person","@id":"https:\/\/www.eldiario.net\/portal\/#\/schema\/person\/2c57cf2b7a7ae032e449e4c9b1019eac","name":"Jeanette","image":{"@type":"ImageObject","inLanguage":"es","@id":"https:\/\/secure.gravatar.com\/avatar\/3ea2118a5f7dad2b7138b1187a6b7ee55f160b9968b66013c3a3ef39dd7e5798?s=96&d=mm&r=g","url":"https:\/\/secure.gravatar.com\/avatar\/3ea2118a5f7dad2b7138b1187a6b7ee55f160b9968b66013c3a3ef39dd7e5798?s=96&d=mm&r=g","contentUrl":"https:\/\/secure.gravatar.com\/avatar\/3ea2118a5f7dad2b7138b1187a6b7ee55f160b9968b66013c3a3ef39dd7e5798?s=96&d=mm&r=g","caption":"Jeanette"},"sameAs":["https:\/\/www.eldiario.net\/portal"],"url":"https:\/\/www.eldiario.net\/portal\/author\/jeanette\/"}]}},"_links":{"self":[{"href":"https:\/\/www.eldiario.net\/portal\/wp-json\/wp\/v2\/posts\/309371","targetHints":{"allow":["GET"]}}],"collection":[{"href":"https:\/\/www.eldiario.net\/portal\/wp-json\/wp\/v2\/posts"}],"about":[{"href":"https:\/\/www.eldiario.net\/portal\/wp-json\/wp\/v2\/types\/post"}],"author":[{"embeddable":true,"href":"https:\/\/www.eldiario.net\/portal\/wp-json\/wp\/v2\/users\/1"}],"replies":[{"embeddable":true,"href":"https:\/\/www.eldiario.net\/portal\/wp-json\/wp\/v2\/comments?post=309371"}],"version-history":[{"count":1,"href":"https:\/\/www.eldiario.net\/portal\/wp-json\/wp\/v2\/posts\/309371\/revisions"}],"predecessor-version":[{"id":309377,"href":"https:\/\/www.eldiario.net\/portal\/wp-json\/wp\/v2\/posts\/309371\/revisions\/309377"}],"wp:featuredmedia":[{"embeddable":true,"href":"https:\/\/www.eldiario.net\/portal\/wp-json\/wp\/v2\/media\/309372"}],"wp:attachment":[{"href":"https:\/\/www.eldiario.net\/portal\/wp-json\/wp\/v2\/media?parent=309371"}],"wp:term":[{"taxonomy":"category","embeddable":true,"href":"https:\/\/www.eldiario.net\/portal\/wp-json\/wp\/v2\/categories?post=309371"},{"taxonomy":"post_tag","embeddable":true,"href":"https:\/\/www.eldiario.net\/portal\/wp-json\/wp\/v2\/tags?post=309371"}],"curies":[{"name":"wp","href":"https:\/\/api.w.org\/{rel}","templated":true}]}}