{"id":309307,"date":"2025-06-13T05:48:21","date_gmt":"2025-06-13T09:48:21","guid":{"rendered":"https:\/\/www.eldiario.net\/portal\/?p=309307"},"modified":"2025-06-13T05:48:21","modified_gmt":"2025-06-13T09:48:21","slug":"venezuela-y-uruguay-acuerdan-reanudar-servicios-consulares","status":"publish","type":"post","link":"https:\/\/www.eldiario.net\/portal\/2025\/06\/13\/venezuela-y-uruguay-acuerdan-reanudar-servicios-consulares\/","title":{"rendered":"Venezuela y Uruguay acuerdan reanudar servicios consulares"},"content":{"rendered":"<p>Uruguay y Venezuela acordaron reanudar los servicios consulares en ambos pa\u00edses, casi un a\u00f1o despu\u00e9s de la salida del personal diplom\u00e1tico de ambas representaciones en medio del desconocimiento a la reelecci\u00f3n del presidente Nicol\u00e1s Maduro. La decisi\u00f3n, informada ayer coincide con un cambio de postura de Uruguay sobre Venezuela tras la llegada al poder del izquierdista, Yamand\u00fa Orsi.<br \/>\nSu antecesor, Luis Lacalle Pou, rechaz\u00f3 la proclamaci\u00f3n de Maduro y apoy\u00f3 el reclamo de fraude encabezado por la l\u00edder opositora Mar\u00eda Corina Machado. La administraci\u00f3n del presidente Orsi, si bien se\u00f1al\u00f3 que tampoco reconoce el resultado de las \u00faltimas presidenciales venezolanas, argumenta que la atenci\u00f3n de los 50.000 uruguayos que viven en Venezuela es una prioridad.<br \/>\n\u201cNosotros lo \u00fanico que hicimos, lo que est\u00e1bamos pidiendo, buscando y anunciando hace ya unos cuantos d\u00edas, era que ten\u00edamos que activar el mecanismo consular, que para ser bien preciso, no significa el reconocimiento del resultado electoral de las elecciones presidenciales en Venezuela, donde mantenemos la misma posici\u00f3n de siempre\u201d, se\u00f1al\u00f3 el canciller uruguayo, Mario Lubetkin, a la agencia Efe.<\/p>\n<p>CAMINOS DIFERENTES<br \/>\nLubetkin explic\u00f3 que lo consular y las relaciones diplom\u00e1ticas \u201cvan por dos caminos diferentes\u201d. \u201cTiene que haber una instancia que va fuera de todo lo que significan las relaciones diplom\u00e1ticas, para facilitar la vida de los uruguayos como lo hacemos en todo el mundo. Por eso estuvimos buscando un camino que no fue r\u00e1pido, pero que finalmente lo logramos\u201d, apunt\u00f3.<br \/>\nSu par venezolano, Yv\u00e1n Gil Pinto, en tanto, confirm\u00f3 la decisi\u00f3n de \u201creactivar en los pr\u00f3ximos d\u00edas los servicios consulares de Uruguay en Caracas y de Venezuela en Montevideo\u201d.<br \/>\nMaduro fue proclamado vencedor de las presidenciales del 28 de julio por la autoridad electoral venezolana, que no public\u00f3 el detalle del escrutinio como manda la ley. Tras la condena de Lacalle Pou a esa decisi\u00f3n, Maduro expuls\u00f3 a los representantes uruguayos de Caracas y orden\u00f3 el regreso de sus diplom\u00e1ticos en Montevideo. La embajada uruguaya sigui\u00f3 abierta con personal local, pero con actividad restringida. (Dw)<\/p>\n<p>PIE DE FOTO<\/p>\n<p>CREDITO:<\/p>\n","protected":false},"excerpt":{"rendered":"<p>Uruguay y Venezuela acordaron reanudar los servicios consulares en ambos pa\u00edses, casi un a\u00f1o despu\u00e9s de la salida del personal diplom\u00e1tico de ambas representaciones en medio del desconocimiento a la reelecci\u00f3n del presidente Nicol\u00e1s Maduro. La decisi\u00f3n, informada ayer coincide con un cambio de postura de Uruguay sobre Venezuela tras la llegada al poder del [&hellip;]<\/p>\n","protected":false},"author":1,"featured_media":309308,"comment_status":"closed","ping_status":"open","sticky":false,"template":"","format":"standard","meta":{"_acf_changed":false,"footnotes":""},"categories":[3],"tags":[],"class_list":["post-309307","post","type-post","status-publish","format-standard","has-post-thumbnail","category-internacional"],"acf":{"antetitulo":""},"yoast_head":"<!-- This site is optimized with the Yoast SEO plugin v28.4 - https:\/\/yoast.com\/product\/yoast-seo-wordpress\/ -->\n<title>Venezuela y Uruguay acuerdan reanudar servicios consulares - El Diario - Bolivia<\/title>\n<meta name=\"robots\" content=\"index, follow, max-snippet:-1, max-image-preview:large, max-video-preview:-1\" \/>\n<link rel=\"canonical\" href=\"https:\/\/www.eldiario.net\/portal\/2025\/06\/13\/venezuela-y-uruguay-acuerdan-reanudar-servicios-consulares\/\" \/>\n<meta property=\"og:locale\" content=\"es_ES\" \/>\n<meta property=\"og:type\" content=\"article\" \/>\n<meta property=\"og:title\" content=\"Venezuela y Uruguay acuerdan reanudar servicios consulares - El Diario - Bolivia\" \/>\n<meta property=\"og:description\" content=\"Uruguay y Venezuela acordaron reanudar los servicios consulares en ambos pa\u00edses, casi un a\u00f1o despu\u00e9s de la salida del personal diplom\u00e1tico de ambas representaciones en medio del desconocimiento a la reelecci\u00f3n del presidente Nicol\u00e1s Maduro. La decisi\u00f3n, informada ayer coincide con un cambio de postura de Uruguay sobre Venezuela tras la llegada al poder del [&hellip;]\" \/>\n<meta property=\"og:url\" content=\"https:\/\/www.eldiario.net\/portal\/2025\/06\/13\/venezuela-y-uruguay-acuerdan-reanudar-servicios-consulares\/\" \/>\n<meta property=\"og:site_name\" content=\"El Diario - Bolivia\" \/>\n<meta property=\"article:publisher\" content=\"https:\/\/www.facebook.com\/eldiario.bolivia\/\" \/>\n<meta property=\"article:published_time\" content=\"2025-06-13T09:48:21+00:00\" \/>\n<meta property=\"og:image\" content=\"https:\/\/www.eldiario.net\/portal\/wp-content\/uploads\/2025\/06\/URUGUAY-AFP.webp\" \/>\n\t<meta property=\"og:image:width\" content=\"1200\" \/>\n\t<meta property=\"og:image:height\" content=\"525\" \/>\n\t<meta property=\"og:image:type\" content=\"image\/webp\" \/>\n<meta name=\"author\" content=\"Jeanette\" \/>\n<meta name=\"twitter:card\" content=\"summary_large_image\" \/>\n<meta name=\"twitter:creator\" content=\"@eldiario_net\" \/>\n<meta name=\"twitter:site\" content=\"@eldiario_net\" \/>\n<meta name=\"twitter:label1\" content=\"Escrito por\" \/>\n\t<meta name=\"twitter:data1\" content=\"Jeanette\" \/>\n\t<meta name=\"twitter:label2\" content=\"Tiempo de lectura\" \/>\n\t<meta name=\"twitter:data2\" content=\"2 minutos\" \/>\n<script type=\"application\/ld+json\" class=\"yoast-schema-graph\">{\"@context\":\"https:\\\/\\\/schema.org\",\"@graph\":[{\"@type\":\"Article\",\"@id\":\"https:\\\/\\\/www.eldiario.net\\\/portal\\\/2025\\\/06\\\/13\\\/venezuela-y-uruguay-acuerdan-reanudar-servicios-consulares\\\/#article\",\"isPartOf\":{\"@id\":\"https:\\\/\\\/www.eldiario.net\\\/portal\\\/2025\\\/06\\\/13\\\/venezuela-y-uruguay-acuerdan-reanudar-servicios-consulares\\\/\"},\"author\":{\"name\":\"Jeanette\",\"@id\":\"https:\\\/\\\/www.eldiario.net\\\/portal\\\/#\\\/schema\\\/person\\\/f46445640444750d7d753ccd04ae01b7\"},\"headline\":\"Venezuela y Uruguay acuerdan reanudar servicios consulares\",\"datePublished\":\"2025-06-13T09:48:21+00:00\",\"mainEntityOfPage\":{\"@id\":\"https:\\\/\\\/www.eldiario.net\\\/portal\\\/2025\\\/06\\\/13\\\/venezuela-y-uruguay-acuerdan-reanudar-servicios-consulares\\\/\"},\"wordCount\":368,\"publisher\":{\"@id\":\"https:\\\/\\\/www.eldiario.net\\\/portal\\\/#organization\"},\"image\":{\"@id\":\"https:\\\/\\\/www.eldiario.net\\\/portal\\\/2025\\\/06\\\/13\\\/venezuela-y-uruguay-acuerdan-reanudar-servicios-consulares\\\/#primaryimage\"},\"thumbnailUrl\":\"https:\\\/\\\/www.eldiario.net\\\/portal\\\/wp-content\\\/uploads\\\/2025\\\/06\\\/URUGUAY-AFP.webp\",\"articleSection\":[\"Internacional\"],\"inLanguage\":\"es\"},{\"@type\":\"WebPage\",\"@id\":\"https:\\\/\\\/www.eldiario.net\\\/portal\\\/2025\\\/06\\\/13\\\/venezuela-y-uruguay-acuerdan-reanudar-servicios-consulares\\\/\",\"url\":\"https:\\\/\\\/www.eldiario.net\\\/portal\\\/2025\\\/06\\\/13\\\/venezuela-y-uruguay-acuerdan-reanudar-servicios-consulares\\\/\",\"name\":\"Venezuela y Uruguay acuerdan reanudar servicios consulares - El Diario - Bolivia\",\"isPartOf\":{\"@id\":\"https:\\\/\\\/www.eldiario.net\\\/portal\\\/#website\"},\"primaryImageOfPage\":{\"@id\":\"https:\\\/\\\/www.eldiario.net\\\/portal\\\/2025\\\/06\\\/13\\\/venezuela-y-uruguay-acuerdan-reanudar-servicios-consulares\\\/#primaryimage\"},\"image\":{\"@id\":\"https:\\\/\\\/www.eldiario.net\\\/portal\\\/2025\\\/06\\\/13\\\/venezuela-y-uruguay-acuerdan-reanudar-servicios-consulares\\\/#primaryimage\"},\"thumbnailUrl\":\"https:\\\/\\\/www.eldiario.net\\\/portal\\\/wp-content\\\/uploads\\\/2025\\\/06\\\/URUGUAY-AFP.webp\",\"datePublished\":\"2025-06-13T09:48:21+00:00\",\"breadcrumb\":{\"@id\":\"https:\\\/\\\/www.eldiario.net\\\/portal\\\/2025\\\/06\\\/13\\\/venezuela-y-uruguay-acuerdan-reanudar-servicios-consulares\\\/#breadcrumb\"},\"inLanguage\":\"es\",\"potentialAction\":[{\"@type\":\"ReadAction\",\"target\":[\"https:\\\/\\\/www.eldiario.net\\\/portal\\\/2025\\\/06\\\/13\\\/venezuela-y-uruguay-acuerdan-reanudar-servicios-consulares\\\/\"]}]},{\"@type\":\"ImageObject\",\"inLanguage\":\"es\",\"@id\":\"https:\\\/\\\/www.eldiario.net\\\/portal\\\/2025\\\/06\\\/13\\\/venezuela-y-uruguay-acuerdan-reanudar-servicios-consulares\\\/#primaryimage\",\"url\":\"https:\\\/\\\/www.eldiario.net\\\/portal\\\/wp-content\\\/uploads\\\/2025\\\/06\\\/URUGUAY-AFP.webp\",\"contentUrl\":\"https:\\\/\\\/www.eldiario.net\\\/portal\\\/wp-content\\\/uploads\\\/2025\\\/06\\\/URUGUAY-AFP.webp\",\"width\":1200,\"height\":525,\"caption\":\"El presidente de Uruguay, Yamand\u00fa Orsi.\"},{\"@type\":\"BreadcrumbList\",\"@id\":\"https:\\\/\\\/www.eldiario.net\\\/portal\\\/2025\\\/06\\\/13\\\/venezuela-y-uruguay-acuerdan-reanudar-servicios-consulares\\\/#breadcrumb\",\"itemListElement\":[{\"@type\":\"ListItem\",\"position\":1,\"name\":\"Portada\",\"item\":\"https:\\\/\\\/www.eldiario.net\\\/portal\\\/\"},{\"@type\":\"ListItem\",\"position\":2,\"name\":\"Venezuela y Uruguay acuerdan reanudar servicios consulares\"}]},{\"@type\":\"WebSite\",\"@id\":\"https:\\\/\\\/www.eldiario.net\\\/portal\\\/#website\",\"url\":\"https:\\\/\\\/www.eldiario.net\\\/portal\\\/\",\"name\":\"El Diario - Decano de la prensa nacional\",\"description\":\"El Diario - Decano de la prensa nacional\",\"publisher\":{\"@id\":\"https:\\\/\\\/www.eldiario.net\\\/portal\\\/#organization\"},\"potentialAction\":[{\"@type\":\"SearchAction\",\"target\":{\"@type\":\"EntryPoint\",\"urlTemplate\":\"https:\\\/\\\/www.eldiario.net\\\/portal\\\/?s={search_term_string}\"},\"query-input\":{\"@type\":\"PropertyValueSpecification\",\"valueRequired\":true,\"valueName\":\"search_term_string\"}}],\"inLanguage\":\"es\"},{\"@type\":\"Organization\",\"@id\":\"https:\\\/\\\/www.eldiario.net\\\/portal\\\/#organization\",\"name\":\"El Diario - Decano de la prensa nacional\",\"url\":\"https:\\\/\\\/www.eldiario.net\\\/portal\\\/\",\"logo\":{\"@type\":\"ImageObject\",\"inLanguage\":\"es\",\"@id\":\"https:\\\/\\\/www.eldiario.net\\\/portal\\\/#\\\/schema\\\/logo\\\/image\\\/\",\"url\":\"https:\\\/\\\/www.eldiario.net\\\/portal\\\/wp-content\\\/uploads\\\/2023\\\/07\\\/logo_ED.jpg\",\"contentUrl\":\"https:\\\/\\\/www.eldiario.net\\\/portal\\\/wp-content\\\/uploads\\\/2023\\\/07\\\/logo_ED.jpg\",\"width\":272,\"height\":52,\"caption\":\"El Diario - Decano de la prensa nacional\"},\"image\":{\"@id\":\"https:\\\/\\\/www.eldiario.net\\\/portal\\\/#\\\/schema\\\/logo\\\/image\\\/\"},\"sameAs\":[\"https:\\\/\\\/www.facebook.com\\\/eldiario.bolivia\\\/\",\"https:\\\/\\\/x.com\\\/eldiario_net\"]},{\"@type\":\"Person\",\"@id\":\"https:\\\/\\\/www.eldiario.net\\\/portal\\\/#\\\/schema\\\/person\\\/f46445640444750d7d753ccd04ae01b7\",\"name\":\"Jeanette\",\"image\":{\"@type\":\"ImageObject\",\"inLanguage\":\"es\",\"@id\":\"https:\\\/\\\/secure.gravatar.com\\\/avatar\\\/3ea2118a5f7dad2b7138b1187a6b7ee55f160b9968b66013c3a3ef39dd7e5798?s=96&d=mm&r=g\",\"url\":\"https:\\\/\\\/secure.gravatar.com\\\/avatar\\\/3ea2118a5f7dad2b7138b1187a6b7ee55f160b9968b66013c3a3ef39dd7e5798?s=96&d=mm&r=g\",\"contentUrl\":\"https:\\\/\\\/secure.gravatar.com\\\/avatar\\\/3ea2118a5f7dad2b7138b1187a6b7ee55f160b9968b66013c3a3ef39dd7e5798?s=96&d=mm&r=g\",\"caption\":\"Jeanette\"},\"sameAs\":[\"https:\\\/\\\/www.eldiario.net\\\/portal\"],\"url\":\"https:\\\/\\\/www.eldiario.net\\\/portal\\\/author\\\/jeanette\\\/\"}]}<\/script>\n<!-- \/ Yoast SEO plugin. -->","yoast_head_json":{"title":"Venezuela y Uruguay acuerdan reanudar servicios consulares - El Diario - Bolivia","robots":{"index":"index","follow":"follow","max-snippet":"max-snippet:-1","max-image-preview":"max-image-preview:large","max-video-preview":"max-video-preview:-1"},"canonical":"https:\/\/www.eldiario.net\/portal\/2025\/06\/13\/venezuela-y-uruguay-acuerdan-reanudar-servicios-consulares\/","og_locale":"es_ES","og_type":"article","og_title":"Venezuela y Uruguay acuerdan reanudar servicios consulares - El Diario - Bolivia","og_description":"Uruguay y Venezuela acordaron reanudar los servicios consulares en ambos pa\u00edses, casi un a\u00f1o despu\u00e9s de la salida del personal diplom\u00e1tico de ambas representaciones en medio del desconocimiento a la reelecci\u00f3n del presidente Nicol\u00e1s Maduro. La decisi\u00f3n, informada ayer coincide con un cambio de postura de Uruguay sobre Venezuela tras la llegada al poder del [&hellip;]","og_url":"https:\/\/www.eldiario.net\/portal\/2025\/06\/13\/venezuela-y-uruguay-acuerdan-reanudar-servicios-consulares\/","og_site_name":"El Diario - Bolivia","article_publisher":"https:\/\/www.facebook.com\/eldiario.bolivia\/","article_published_time":"2025-06-13T09:48:21+00:00","og_image":[{"width":1200,"height":525,"url":"https:\/\/www.eldiario.net\/portal\/wp-content\/uploads\/2025\/06\/URUGUAY-AFP.webp","type":"image\/webp"}],"author":"Jeanette","twitter_card":"summary_large_image","twitter_creator":"@eldiario_net","twitter_site":"@eldiario_net","twitter_misc":{"Escrito por":"Jeanette","Tiempo de lectura":"2 minutos"},"schema":{"@context":"https:\/\/schema.org","@graph":[{"@type":"Article","@id":"https:\/\/www.eldiario.net\/portal\/2025\/06\/13\/venezuela-y-uruguay-acuerdan-reanudar-servicios-consulares\/#article","isPartOf":{"@id":"https:\/\/www.eldiario.net\/portal\/2025\/06\/13\/venezuela-y-uruguay-acuerdan-reanudar-servicios-consulares\/"},"author":{"name":"Jeanette","@id":"https:\/\/www.eldiario.net\/portal\/#\/schema\/person\/f46445640444750d7d753ccd04ae01b7"},"headline":"Venezuela y Uruguay acuerdan reanudar servicios consulares","datePublished":"2025-06-13T09:48:21+00:00","mainEntityOfPage":{"@id":"https:\/\/www.eldiario.net\/portal\/2025\/06\/13\/venezuela-y-uruguay-acuerdan-reanudar-servicios-consulares\/"},"wordCount":368,"publisher":{"@id":"https:\/\/www.eldiario.net\/portal\/#organization"},"image":{"@id":"https:\/\/www.eldiario.net\/portal\/2025\/06\/13\/venezuela-y-uruguay-acuerdan-reanudar-servicios-consulares\/#primaryimage"},"thumbnailUrl":"https:\/\/www.eldiario.net\/portal\/wp-content\/uploads\/2025\/06\/URUGUAY-AFP.webp","articleSection":["Internacional"],"inLanguage":"es"},{"@type":"WebPage","@id":"https:\/\/www.eldiario.net\/portal\/2025\/06\/13\/venezuela-y-uruguay-acuerdan-reanudar-servicios-consulares\/","url":"https:\/\/www.eldiario.net\/portal\/2025\/06\/13\/venezuela-y-uruguay-acuerdan-reanudar-servicios-consulares\/","name":"Venezuela y Uruguay acuerdan reanudar servicios consulares - El Diario - Bolivia","isPartOf":{"@id":"https:\/\/www.eldiario.net\/portal\/#website"},"primaryImageOfPage":{"@id":"https:\/\/www.eldiario.net\/portal\/2025\/06\/13\/venezuela-y-uruguay-acuerdan-reanudar-servicios-consulares\/#primaryimage"},"image":{"@id":"https:\/\/www.eldiario.net\/portal\/2025\/06\/13\/venezuela-y-uruguay-acuerdan-reanudar-servicios-consulares\/#primaryimage"},"thumbnailUrl":"https:\/\/www.eldiario.net\/portal\/wp-content\/uploads\/2025\/06\/URUGUAY-AFP.webp","datePublished":"2025-06-13T09:48:21+00:00","breadcrumb":{"@id":"https:\/\/www.eldiario.net\/portal\/2025\/06\/13\/venezuela-y-uruguay-acuerdan-reanudar-servicios-consulares\/#breadcrumb"},"inLanguage":"es","potentialAction":[{"@type":"ReadAction","target":["https:\/\/www.eldiario.net\/portal\/2025\/06\/13\/venezuela-y-uruguay-acuerdan-reanudar-servicios-consulares\/"]}]},{"@type":"ImageObject","inLanguage":"es","@id":"https:\/\/www.eldiario.net\/portal\/2025\/06\/13\/venezuela-y-uruguay-acuerdan-reanudar-servicios-consulares\/#primaryimage","url":"https:\/\/www.eldiario.net\/portal\/wp-content\/uploads\/2025\/06\/URUGUAY-AFP.webp","contentUrl":"https:\/\/www.eldiario.net\/portal\/wp-content\/uploads\/2025\/06\/URUGUAY-AFP.webp","width":1200,"height":525,"caption":"El presidente de Uruguay, Yamand\u00fa Orsi."},{"@type":"BreadcrumbList","@id":"https:\/\/www.eldiario.net\/portal\/2025\/06\/13\/venezuela-y-uruguay-acuerdan-reanudar-servicios-consulares\/#breadcrumb","itemListElement":[{"@type":"ListItem","position":1,"name":"Portada","item":"https:\/\/www.eldiario.net\/portal\/"},{"@type":"ListItem","position":2,"name":"Venezuela y Uruguay acuerdan reanudar servicios consulares"}]},{"@type":"WebSite","@id":"https:\/\/www.eldiario.net\/portal\/#website","url":"https:\/\/www.eldiario.net\/portal\/","name":"El Diario - Decano de la prensa nacional","description":"El Diario - Decano de la prensa nacional","publisher":{"@id":"https:\/\/www.eldiario.net\/portal\/#organization"},"potentialAction":[{"@type":"SearchAction","target":{"@type":"EntryPoint","urlTemplate":"https:\/\/www.eldiario.net\/portal\/?s={search_term_string}"},"query-input":{"@type":"PropertyValueSpecification","valueRequired":true,"valueName":"search_term_string"}}],"inLanguage":"es"},{"@type":"Organization","@id":"https:\/\/www.eldiario.net\/portal\/#organization","name":"El Diario - Decano de la prensa nacional","url":"https:\/\/www.eldiario.net\/portal\/","logo":{"@type":"ImageObject","inLanguage":"es","@id":"https:\/\/www.eldiario.net\/portal\/#\/schema\/logo\/image\/","url":"https:\/\/www.eldiario.net\/portal\/wp-content\/uploads\/2023\/07\/logo_ED.jpg","contentUrl":"https:\/\/www.eldiario.net\/portal\/wp-content\/uploads\/2023\/07\/logo_ED.jpg","width":272,"height":52,"caption":"El Diario - Decano de la prensa nacional"},"image":{"@id":"https:\/\/www.eldiario.net\/portal\/#\/schema\/logo\/image\/"},"sameAs":["https:\/\/www.facebook.com\/eldiario.bolivia\/","https:\/\/x.com\/eldiario_net"]},{"@type":"Person","@id":"https:\/\/www.eldiario.net\/portal\/#\/schema\/person\/f46445640444750d7d753ccd04ae01b7","name":"Jeanette","image":{"@type":"ImageObject","inLanguage":"es","@id":"https:\/\/secure.gravatar.com\/avatar\/3ea2118a5f7dad2b7138b1187a6b7ee55f160b9968b66013c3a3ef39dd7e5798?s=96&d=mm&r=g","url":"https:\/\/secure.gravatar.com\/avatar\/3ea2118a5f7dad2b7138b1187a6b7ee55f160b9968b66013c3a3ef39dd7e5798?s=96&d=mm&r=g","contentUrl":"https:\/\/secure.gravatar.com\/avatar\/3ea2118a5f7dad2b7138b1187a6b7ee55f160b9968b66013c3a3ef39dd7e5798?s=96&d=mm&r=g","caption":"Jeanette"},"sameAs":["https:\/\/www.eldiario.net\/portal"],"url":"https:\/\/www.eldiario.net\/portal\/author\/jeanette\/"}]}},"_links":{"self":[{"href":"https:\/\/www.eldiario.net\/portal\/wp-json\/wp\/v2\/posts\/309307","targetHints":{"allow":["GET"]}}],"collection":[{"href":"https:\/\/www.eldiario.net\/portal\/wp-json\/wp\/v2\/posts"}],"about":[{"href":"https:\/\/www.eldiario.net\/portal\/wp-json\/wp\/v2\/types\/post"}],"author":[{"embeddable":true,"href":"https:\/\/www.eldiario.net\/portal\/wp-json\/wp\/v2\/users\/1"}],"replies":[{"embeddable":true,"href":"https:\/\/www.eldiario.net\/portal\/wp-json\/wp\/v2\/comments?post=309307"}],"version-history":[{"count":1,"href":"https:\/\/www.eldiario.net\/portal\/wp-json\/wp\/v2\/posts\/309307\/revisions"}],"predecessor-version":[{"id":309309,"href":"https:\/\/www.eldiario.net\/portal\/wp-json\/wp\/v2\/posts\/309307\/revisions\/309309"}],"wp:featuredmedia":[{"embeddable":true,"href":"https:\/\/www.eldiario.net\/portal\/wp-json\/wp\/v2\/media\/309308"}],"wp:attachment":[{"href":"https:\/\/www.eldiario.net\/portal\/wp-json\/wp\/v2\/media?parent=309307"}],"wp:term":[{"taxonomy":"category","embeddable":true,"href":"https:\/\/www.eldiario.net\/portal\/wp-json\/wp\/v2\/categories?post=309307"},{"taxonomy":"post_tag","embeddable":true,"href":"https:\/\/www.eldiario.net\/portal\/wp-json\/wp\/v2\/tags?post=309307"}],"curies":[{"name":"wp","href":"https:\/\/api.w.org\/{rel}","templated":true}]}}