{"id":309304,"date":"2025-06-13T05:47:45","date_gmt":"2025-06-13T09:47:45","guid":{"rendered":"https:\/\/www.eldiario.net\/portal\/?p=309304"},"modified":"2025-06-13T05:47:45","modified_gmt":"2025-06-13T09:47:45","slug":"cual-es-la-estrategia-internacional-para-revertir-condena-de-fernandez","status":"publish","type":"post","link":"https:\/\/www.eldiario.net\/portal\/2025\/06\/13\/cual-es-la-estrategia-internacional-para-revertir-condena-de-fernandez\/","title":{"rendered":"Cu\u00e1l es la estrategia internacional  para revertir condena de Fern\u00e1ndez"},"content":{"rendered":"<p class=\"v1MsoNormal\">Agotadas las instancias en la justicia nacional, la defensa de la presidenta del Partido Justicialista (PJ),\u00a0 Cristina Kirchner, despliega su estrategia en organismos internacionales para denunciar la proscripci\u00f3n a la l\u00edder del peronismo en manos de la Corte Suprema de Justicia argentina, tras la confirmaci\u00f3n de la condena en la causa Vialidad. \u00bfCu\u00e1les son los caminos legales que puede recorrer el expediente?<\/p>\n<p class=\"v1MsoNormal\">El abogado Gregorio Dalb\u00f3n, quien forma parte de la defensa de la expresidenta, present\u00f3 un escrito ante la Corte Penal Internacional en La Haya en el que denunci\u00f3 la persecuci\u00f3n pol\u00edtica, judicial y medi\u00e1tica contra la exmandataria. Tambi\u00e9n planea hacer una presentaci\u00f3n ante la Comisi\u00f3n Interamericana de Derechos Humanos (CIDH).<\/p>\n<p class=\"v1MsoNormal\">En el documento, Dalb\u00f3n detall\u00f3 las irregularidades de las 12 causas penales iniciadas en contra de la expresidenta y fue tajante al definirlas como una \u00abpersecuci\u00f3n por motivos pol\u00edticos\u00bb que busca \u00abanular su capacidad de representaci\u00f3n pol\u00edtica mediante mecanismos judiciales\u00bb.<\/p>\n<p class=\"v1MsoNormal\">Adem\u00e1s, resalt\u00f3 las caracter\u00edsticas de violencia pol\u00edtica de g\u00e9nero que tienen como denominador com\u00fan los ataques contra Cristina Kirchner. Acaso el hecho m\u00e1s destacado, la invisibilizaci\u00f3n institucional del intento de magnicidio ocurrido en 2022.<\/p>\n<p class=\"v1MsoNormal\">\n<p class=\"v1MsoNormal\">RECLAMO INTERNACIONAL<\/p>\n<p class=\"v1MsoNormal\">\u00abEstamos buscando que se aplique el art\u00edculo 366, inciso F, del C\u00f3digo Procesal Penal Federal que, a partir del 2020, dispone que cualquier tipo de revisi\u00f3n que venga recomendada por un organismo de derechos humanos es vinculante\u00bb, se\u00f1al\u00f3 Dalb\u00f3n en di\u00e1logo con P\u00e1gina|12. Seg\u00fan este art\u00edculo, una condena del m\u00e1ximo tribunal puede ser revisada si tribunales internacionales consideran que la sentencia viola los derechos humanos.<\/p>\n<p class=\"v1MsoNormal\">Una vez emitida la recomendaci\u00f3n internacional, la causa volver\u00eda a la C\u00e1mara Federal de Casaci\u00f3n Penal, ya que, seg\u00fan explic\u00f3 el abogado, la Corte Suprema us\u00f3 el art\u00edculo 280, una salida que tienen los cortesanos para evitar pronunciarse respecto de un tema y dejar firme la sentencia del tribunal inferior. \u00abNosotros, obviamente, recusar\u00edamos a la Casaci\u00f3n que la conden\u00f3 para que se forme un nuevo tribunal y que se sortee p\u00fablicamente para hacer una nueva sentencia\u00bb, explic\u00f3 Dalb\u00f3n.<\/p>\n<p class=\"v1MsoNormal\">\u00abSe trata de que haya una recomendaci\u00f3n de un \u00f3rgano gubernamental de derechos humanos que indique que hay violaci\u00f3n a los derechos humanos de la v\u00edctima, en este caso Cristina Fern\u00e1ndez, del debido proceso y de la leg\u00edtima defensa a partir de la condena que qued\u00f3 firme ayer\u00bb, complet\u00f3 el abogado.<\/p>\n<p class=\"v1MsoNormal\">\n<p class=\"v1MsoNormal\">PUEDE HABER NOVEDADES<\/p>\n<p class=\"v1MsoNormal\">Respecto de los plazos, el defensor de la expresidenta estim\u00f3 reci\u00e9n en un a\u00f1o podr\u00eda haber novedades. Si bien no se trata de plazos \u00abgrandes\u00bb, porque no se busca una sentencia, sino una recomendaci\u00f3n de revisi\u00f3n, est\u00e1 descartada una resoluci\u00f3n inmediata.<\/p>\n<p class=\"v1MsoNormal\">\u00abEstamos buscando simplemente una recomendaci\u00f3n de revisi\u00f3n, que es pr\u00e1cticamente como si fuera una medida cautelar (&#8230;) esas cosas no tienen la duraci\u00f3n t\u00edpica de a\u00f1os como una sentencia, que lo \u00fanico que hace es indemnizarte si ve que el proceso ha sido inconstitucional o si el Estado te ha condenado cuando eras inocente\u00bb, analiz\u00f3 el abogado.<\/p>\n<p class=\"v1MsoNormal\">De todas maneras, Dalb\u00f3n se mostr\u00f3 optimista respecto del futuro electoral de Cristina Kirchner: \u00abCreo que Cristina puede llegar con una revisi\u00f3n y con un sorteo de jueces honestos a la elecci\u00f3n de 2027, sin lugar a dudas, y terminar como termin\u00f3 Lula\u00bb.<\/p>\n<p class=\"v1MsoNormal\">\n<p class=\"v1MsoNormal\">PERSECUCI\u00d3N JUDICIAL<\/p>\n<p class=\"v1MsoNormal\">El expresidente de Ecuador Rafael Correa, exiliado en B\u00e9lgica desde el fin de su mandato en 2017, cont\u00f3 este mi\u00e9rcoles en declaraciones televisivas c\u00f3mo fue su experiencia como blanco de la guerra judicial en su pa\u00eds. \u00abYo present\u00e9 mi caso en Naciones Unidas en 2018, cuando me sacaron la primera prisi\u00f3n preventiva\u00bb, comenz\u00f3 su relato.<\/p>\n<p class=\"v1MsoNormal\">Sin embargo, emiti\u00f3 un alerta respecto de los tiempos que llevan ese tipo de reclamos internacionales: \u00abTenemos que esperar siete u ocho a\u00f1os para que un organismo internacional me d\u00e9 la raz\u00f3n y ver si le hacen caso en mi pa\u00eds\u00bb, coment\u00f3 y resalt\u00f3 que el problema excede su caso personal.<\/p>\n<p class=\"v1MsoNormal\">\u00abLos sistemas judiciales en Am\u00e9rica Latina son capaces de cualquier cosa (&#8230;) no solo nos roban la reputaci\u00f3n, la libertad, los derechos, sino que roban la democracia a Ecuador y Argentina\u00bb, afirm\u00f3<\/p>\n<p class=\"v1MsoNormal\">Otro caso de persecuci\u00f3n judicial en Am\u00e9rica Latina es el del presidente brasile\u00f1o, Lula da Silva. El l\u00edder de Partido de los Trabajadores (PT) qued\u00f3 fuera de la contienda electoral en 2018 cuando fue condenado sin pruebas por el juez Sergio Moro. Tres a\u00f1os m\u00e1s tarde, en 2021, la Corte Suprema de Brasil anul\u00f3 aquella condena por considerarla irregular y, finalmente, Lula fue el candidato ganador en las elecciones de 2023.(P\u00e1gina 12)<\/p>\n<p class=\"v1MsoNormal\">\n","protected":false},"excerpt":{"rendered":"<p>Agotadas las instancias en la justicia nacional, la defensa de la presidenta del Partido Justicialista (PJ),\u00a0 Cristina Kirchner, despliega su estrategia en organismos internacionales para denunciar la proscripci\u00f3n a la l\u00edder del peronismo en manos de la Corte Suprema de Justicia argentina, tras la confirmaci\u00f3n de la condena en la causa Vialidad. \u00bfCu\u00e1les son los [&hellip;]<\/p>\n","protected":false},"author":1,"featured_media":309305,"comment_status":"closed","ping_status":"open","sticky":false,"template":"","format":"standard","meta":{"_acf_changed":false,"footnotes":""},"categories":[3],"tags":[],"class_list":["post-309304","post","type-post","status-publish","format-standard","has-post-thumbnail","category-internacional"],"acf":{"antetitulo":"Argentina"},"yoast_head":"<!-- This site is optimized with the Yoast SEO plugin v28.4 - https:\/\/yoast.com\/product\/yoast-seo-wordpress\/ -->\n<title>Cu\u00e1l es la estrategia internacional para revertir condena de Fern\u00e1ndez - El Diario - Bolivia<\/title>\n<meta name=\"robots\" content=\"index, follow, max-snippet:-1, max-image-preview:large, max-video-preview:-1\" \/>\n<link rel=\"canonical\" href=\"https:\/\/www.eldiario.net\/portal\/2025\/06\/13\/cual-es-la-estrategia-internacional-para-revertir-condena-de-fernandez\/\" \/>\n<meta property=\"og:locale\" content=\"es_ES\" \/>\n<meta property=\"og:type\" content=\"article\" \/>\n<meta property=\"og:title\" content=\"Cu\u00e1l es la estrategia internacional para revertir condena de Fern\u00e1ndez - El Diario - Bolivia\" \/>\n<meta property=\"og:description\" content=\"Agotadas las instancias en la justicia nacional, la defensa de la presidenta del Partido Justicialista (PJ),\u00a0 Cristina Kirchner, despliega su estrategia en organismos internacionales para denunciar la proscripci\u00f3n a la l\u00edder del peronismo en manos de la Corte Suprema de Justicia argentina, tras la confirmaci\u00f3n de la condena en la causa Vialidad. \u00bfCu\u00e1les son los [&hellip;]\" \/>\n<meta property=\"og:url\" content=\"https:\/\/www.eldiario.net\/portal\/2025\/06\/13\/cual-es-la-estrategia-internacional-para-revertir-condena-de-fernandez\/\" \/>\n<meta property=\"og:site_name\" content=\"El Diario - Bolivia\" \/>\n<meta property=\"article:publisher\" content=\"https:\/\/www.facebook.com\/eldiario.bolivia\/\" \/>\n<meta property=\"article:published_time\" content=\"2025-06-13T09:47:45+00:00\" \/>\n<meta property=\"og:image\" content=\"https:\/\/www.eldiario.net\/portal\/wp-content\/uploads\/2025\/06\/ARGENTINA-RRSS.webp\" \/>\n\t<meta property=\"og:image:width\" content=\"700\" \/>\n\t<meta property=\"og:image:height\" content=\"467\" \/>\n\t<meta property=\"og:image:type\" content=\"image\/webp\" \/>\n<meta name=\"author\" content=\"Jeanette\" \/>\n<meta name=\"twitter:card\" content=\"summary_large_image\" \/>\n<meta name=\"twitter:creator\" content=\"@eldiario_net\" \/>\n<meta name=\"twitter:site\" content=\"@eldiario_net\" \/>\n<meta name=\"twitter:label1\" content=\"Escrito por\" \/>\n\t<meta name=\"twitter:data1\" content=\"Jeanette\" \/>\n\t<meta name=\"twitter:label2\" content=\"Tiempo de lectura\" \/>\n\t<meta name=\"twitter:data2\" content=\"4 minutos\" \/>\n<script type=\"application\/ld+json\" class=\"yoast-schema-graph\">{\"@context\":\"https:\\\/\\\/schema.org\",\"@graph\":[{\"@type\":\"Article\",\"@id\":\"https:\\\/\\\/www.eldiario.net\\\/portal\\\/2025\\\/06\\\/13\\\/cual-es-la-estrategia-internacional-para-revertir-condena-de-fernandez\\\/#article\",\"isPartOf\":{\"@id\":\"https:\\\/\\\/www.eldiario.net\\\/portal\\\/2025\\\/06\\\/13\\\/cual-es-la-estrategia-internacional-para-revertir-condena-de-fernandez\\\/\"},\"author\":{\"name\":\"Jeanette\",\"@id\":\"https:\\\/\\\/www.eldiario.net\\\/portal\\\/#\\\/schema\\\/person\\\/f46445640444750d7d753ccd04ae01b7\"},\"headline\":\"Cu\u00e1l es la estrategia internacional para revertir condena de Fern\u00e1ndez\",\"datePublished\":\"2025-06-13T09:47:45+00:00\",\"mainEntityOfPage\":{\"@id\":\"https:\\\/\\\/www.eldiario.net\\\/portal\\\/2025\\\/06\\\/13\\\/cual-es-la-estrategia-internacional-para-revertir-condena-de-fernandez\\\/\"},\"wordCount\":818,\"publisher\":{\"@id\":\"https:\\\/\\\/www.eldiario.net\\\/portal\\\/#organization\"},\"image\":{\"@id\":\"https:\\\/\\\/www.eldiario.net\\\/portal\\\/2025\\\/06\\\/13\\\/cual-es-la-estrategia-internacional-para-revertir-condena-de-fernandez\\\/#primaryimage\"},\"thumbnailUrl\":\"https:\\\/\\\/www.eldiario.net\\\/portal\\\/wp-content\\\/uploads\\\/2025\\\/06\\\/ARGENTINA-RRSS.webp\",\"articleSection\":[\"Internacional\"],\"inLanguage\":\"es\"},{\"@type\":\"WebPage\",\"@id\":\"https:\\\/\\\/www.eldiario.net\\\/portal\\\/2025\\\/06\\\/13\\\/cual-es-la-estrategia-internacional-para-revertir-condena-de-fernandez\\\/\",\"url\":\"https:\\\/\\\/www.eldiario.net\\\/portal\\\/2025\\\/06\\\/13\\\/cual-es-la-estrategia-internacional-para-revertir-condena-de-fernandez\\\/\",\"name\":\"Cu\u00e1l es la estrategia internacional para revertir condena de Fern\u00e1ndez - El Diario - Bolivia\",\"isPartOf\":{\"@id\":\"https:\\\/\\\/www.eldiario.net\\\/portal\\\/#website\"},\"primaryImageOfPage\":{\"@id\":\"https:\\\/\\\/www.eldiario.net\\\/portal\\\/2025\\\/06\\\/13\\\/cual-es-la-estrategia-internacional-para-revertir-condena-de-fernandez\\\/#primaryimage\"},\"image\":{\"@id\":\"https:\\\/\\\/www.eldiario.net\\\/portal\\\/2025\\\/06\\\/13\\\/cual-es-la-estrategia-internacional-para-revertir-condena-de-fernandez\\\/#primaryimage\"},\"thumbnailUrl\":\"https:\\\/\\\/www.eldiario.net\\\/portal\\\/wp-content\\\/uploads\\\/2025\\\/06\\\/ARGENTINA-RRSS.webp\",\"datePublished\":\"2025-06-13T09:47:45+00:00\",\"breadcrumb\":{\"@id\":\"https:\\\/\\\/www.eldiario.net\\\/portal\\\/2025\\\/06\\\/13\\\/cual-es-la-estrategia-internacional-para-revertir-condena-de-fernandez\\\/#breadcrumb\"},\"inLanguage\":\"es\",\"potentialAction\":[{\"@type\":\"ReadAction\",\"target\":[\"https:\\\/\\\/www.eldiario.net\\\/portal\\\/2025\\\/06\\\/13\\\/cual-es-la-estrategia-internacional-para-revertir-condena-de-fernandez\\\/\"]}]},{\"@type\":\"ImageObject\",\"inLanguage\":\"es\",\"@id\":\"https:\\\/\\\/www.eldiario.net\\\/portal\\\/2025\\\/06\\\/13\\\/cual-es-la-estrategia-internacional-para-revertir-condena-de-fernandez\\\/#primaryimage\",\"url\":\"https:\\\/\\\/www.eldiario.net\\\/portal\\\/wp-content\\\/uploads\\\/2025\\\/06\\\/ARGENTINA-RRSS.webp\",\"contentUrl\":\"https:\\\/\\\/www.eldiario.net\\\/portal\\\/wp-content\\\/uploads\\\/2025\\\/06\\\/ARGENTINA-RRSS.webp\",\"width\":700,\"height\":467,\"caption\":\"La expresidenta de Argentina, Cristina Fern\u00e1ndez. CREDITO: RRSS\"},{\"@type\":\"BreadcrumbList\",\"@id\":\"https:\\\/\\\/www.eldiario.net\\\/portal\\\/2025\\\/06\\\/13\\\/cual-es-la-estrategia-internacional-para-revertir-condena-de-fernandez\\\/#breadcrumb\",\"itemListElement\":[{\"@type\":\"ListItem\",\"position\":1,\"name\":\"Portada\",\"item\":\"https:\\\/\\\/www.eldiario.net\\\/portal\\\/\"},{\"@type\":\"ListItem\",\"position\":2,\"name\":\"Cu\u00e1l es la estrategia internacional para revertir condena de Fern\u00e1ndez\"}]},{\"@type\":\"WebSite\",\"@id\":\"https:\\\/\\\/www.eldiario.net\\\/portal\\\/#website\",\"url\":\"https:\\\/\\\/www.eldiario.net\\\/portal\\\/\",\"name\":\"El Diario - Decano de la prensa nacional\",\"description\":\"El Diario - Decano de la prensa nacional\",\"publisher\":{\"@id\":\"https:\\\/\\\/www.eldiario.net\\\/portal\\\/#organization\"},\"potentialAction\":[{\"@type\":\"SearchAction\",\"target\":{\"@type\":\"EntryPoint\",\"urlTemplate\":\"https:\\\/\\\/www.eldiario.net\\\/portal\\\/?s={search_term_string}\"},\"query-input\":{\"@type\":\"PropertyValueSpecification\",\"valueRequired\":true,\"valueName\":\"search_term_string\"}}],\"inLanguage\":\"es\"},{\"@type\":\"Organization\",\"@id\":\"https:\\\/\\\/www.eldiario.net\\\/portal\\\/#organization\",\"name\":\"El Diario - Decano de la prensa nacional\",\"url\":\"https:\\\/\\\/www.eldiario.net\\\/portal\\\/\",\"logo\":{\"@type\":\"ImageObject\",\"inLanguage\":\"es\",\"@id\":\"https:\\\/\\\/www.eldiario.net\\\/portal\\\/#\\\/schema\\\/logo\\\/image\\\/\",\"url\":\"https:\\\/\\\/www.eldiario.net\\\/portal\\\/wp-content\\\/uploads\\\/2023\\\/07\\\/logo_ED.jpg\",\"contentUrl\":\"https:\\\/\\\/www.eldiario.net\\\/portal\\\/wp-content\\\/uploads\\\/2023\\\/07\\\/logo_ED.jpg\",\"width\":272,\"height\":52,\"caption\":\"El Diario - Decano de la prensa nacional\"},\"image\":{\"@id\":\"https:\\\/\\\/www.eldiario.net\\\/portal\\\/#\\\/schema\\\/logo\\\/image\\\/\"},\"sameAs\":[\"https:\\\/\\\/www.facebook.com\\\/eldiario.bolivia\\\/\",\"https:\\\/\\\/x.com\\\/eldiario_net\"]},{\"@type\":\"Person\",\"@id\":\"https:\\\/\\\/www.eldiario.net\\\/portal\\\/#\\\/schema\\\/person\\\/f46445640444750d7d753ccd04ae01b7\",\"name\":\"Jeanette\",\"image\":{\"@type\":\"ImageObject\",\"inLanguage\":\"es\",\"@id\":\"https:\\\/\\\/secure.gravatar.com\\\/avatar\\\/3ea2118a5f7dad2b7138b1187a6b7ee55f160b9968b66013c3a3ef39dd7e5798?s=96&d=mm&r=g\",\"url\":\"https:\\\/\\\/secure.gravatar.com\\\/avatar\\\/3ea2118a5f7dad2b7138b1187a6b7ee55f160b9968b66013c3a3ef39dd7e5798?s=96&d=mm&r=g\",\"contentUrl\":\"https:\\\/\\\/secure.gravatar.com\\\/avatar\\\/3ea2118a5f7dad2b7138b1187a6b7ee55f160b9968b66013c3a3ef39dd7e5798?s=96&d=mm&r=g\",\"caption\":\"Jeanette\"},\"sameAs\":[\"https:\\\/\\\/www.eldiario.net\\\/portal\"],\"url\":\"https:\\\/\\\/www.eldiario.net\\\/portal\\\/author\\\/jeanette\\\/\"}]}<\/script>\n<!-- \/ Yoast SEO plugin. -->","yoast_head_json":{"title":"Cu\u00e1l es la estrategia internacional para revertir condena de Fern\u00e1ndez - El Diario - Bolivia","robots":{"index":"index","follow":"follow","max-snippet":"max-snippet:-1","max-image-preview":"max-image-preview:large","max-video-preview":"max-video-preview:-1"},"canonical":"https:\/\/www.eldiario.net\/portal\/2025\/06\/13\/cual-es-la-estrategia-internacional-para-revertir-condena-de-fernandez\/","og_locale":"es_ES","og_type":"article","og_title":"Cu\u00e1l es la estrategia internacional para revertir condena de Fern\u00e1ndez - El Diario - Bolivia","og_description":"Agotadas las instancias en la justicia nacional, la defensa de la presidenta del Partido Justicialista (PJ),\u00a0 Cristina Kirchner, despliega su estrategia en organismos internacionales para denunciar la proscripci\u00f3n a la l\u00edder del peronismo en manos de la Corte Suprema de Justicia argentina, tras la confirmaci\u00f3n de la condena en la causa Vialidad. \u00bfCu\u00e1les son los [&hellip;]","og_url":"https:\/\/www.eldiario.net\/portal\/2025\/06\/13\/cual-es-la-estrategia-internacional-para-revertir-condena-de-fernandez\/","og_site_name":"El Diario - Bolivia","article_publisher":"https:\/\/www.facebook.com\/eldiario.bolivia\/","article_published_time":"2025-06-13T09:47:45+00:00","og_image":[{"width":700,"height":467,"url":"https:\/\/www.eldiario.net\/portal\/wp-content\/uploads\/2025\/06\/ARGENTINA-RRSS.webp","type":"image\/webp"}],"author":"Jeanette","twitter_card":"summary_large_image","twitter_creator":"@eldiario_net","twitter_site":"@eldiario_net","twitter_misc":{"Escrito por":"Jeanette","Tiempo de lectura":"4 minutos"},"schema":{"@context":"https:\/\/schema.org","@graph":[{"@type":"Article","@id":"https:\/\/www.eldiario.net\/portal\/2025\/06\/13\/cual-es-la-estrategia-internacional-para-revertir-condena-de-fernandez\/#article","isPartOf":{"@id":"https:\/\/www.eldiario.net\/portal\/2025\/06\/13\/cual-es-la-estrategia-internacional-para-revertir-condena-de-fernandez\/"},"author":{"name":"Jeanette","@id":"https:\/\/www.eldiario.net\/portal\/#\/schema\/person\/f46445640444750d7d753ccd04ae01b7"},"headline":"Cu\u00e1l es la estrategia internacional para revertir condena de Fern\u00e1ndez","datePublished":"2025-06-13T09:47:45+00:00","mainEntityOfPage":{"@id":"https:\/\/www.eldiario.net\/portal\/2025\/06\/13\/cual-es-la-estrategia-internacional-para-revertir-condena-de-fernandez\/"},"wordCount":818,"publisher":{"@id":"https:\/\/www.eldiario.net\/portal\/#organization"},"image":{"@id":"https:\/\/www.eldiario.net\/portal\/2025\/06\/13\/cual-es-la-estrategia-internacional-para-revertir-condena-de-fernandez\/#primaryimage"},"thumbnailUrl":"https:\/\/www.eldiario.net\/portal\/wp-content\/uploads\/2025\/06\/ARGENTINA-RRSS.webp","articleSection":["Internacional"],"inLanguage":"es"},{"@type":"WebPage","@id":"https:\/\/www.eldiario.net\/portal\/2025\/06\/13\/cual-es-la-estrategia-internacional-para-revertir-condena-de-fernandez\/","url":"https:\/\/www.eldiario.net\/portal\/2025\/06\/13\/cual-es-la-estrategia-internacional-para-revertir-condena-de-fernandez\/","name":"Cu\u00e1l es la estrategia internacional para revertir condena de Fern\u00e1ndez - El Diario - Bolivia","isPartOf":{"@id":"https:\/\/www.eldiario.net\/portal\/#website"},"primaryImageOfPage":{"@id":"https:\/\/www.eldiario.net\/portal\/2025\/06\/13\/cual-es-la-estrategia-internacional-para-revertir-condena-de-fernandez\/#primaryimage"},"image":{"@id":"https:\/\/www.eldiario.net\/portal\/2025\/06\/13\/cual-es-la-estrategia-internacional-para-revertir-condena-de-fernandez\/#primaryimage"},"thumbnailUrl":"https:\/\/www.eldiario.net\/portal\/wp-content\/uploads\/2025\/06\/ARGENTINA-RRSS.webp","datePublished":"2025-06-13T09:47:45+00:00","breadcrumb":{"@id":"https:\/\/www.eldiario.net\/portal\/2025\/06\/13\/cual-es-la-estrategia-internacional-para-revertir-condena-de-fernandez\/#breadcrumb"},"inLanguage":"es","potentialAction":[{"@type":"ReadAction","target":["https:\/\/www.eldiario.net\/portal\/2025\/06\/13\/cual-es-la-estrategia-internacional-para-revertir-condena-de-fernandez\/"]}]},{"@type":"ImageObject","inLanguage":"es","@id":"https:\/\/www.eldiario.net\/portal\/2025\/06\/13\/cual-es-la-estrategia-internacional-para-revertir-condena-de-fernandez\/#primaryimage","url":"https:\/\/www.eldiario.net\/portal\/wp-content\/uploads\/2025\/06\/ARGENTINA-RRSS.webp","contentUrl":"https:\/\/www.eldiario.net\/portal\/wp-content\/uploads\/2025\/06\/ARGENTINA-RRSS.webp","width":700,"height":467,"caption":"La expresidenta de Argentina, Cristina Fern\u00e1ndez. CREDITO: RRSS"},{"@type":"BreadcrumbList","@id":"https:\/\/www.eldiario.net\/portal\/2025\/06\/13\/cual-es-la-estrategia-internacional-para-revertir-condena-de-fernandez\/#breadcrumb","itemListElement":[{"@type":"ListItem","position":1,"name":"Portada","item":"https:\/\/www.eldiario.net\/portal\/"},{"@type":"ListItem","position":2,"name":"Cu\u00e1l es la estrategia internacional para revertir condena de Fern\u00e1ndez"}]},{"@type":"WebSite","@id":"https:\/\/www.eldiario.net\/portal\/#website","url":"https:\/\/www.eldiario.net\/portal\/","name":"El Diario - Decano de la prensa nacional","description":"El Diario - Decano de la prensa nacional","publisher":{"@id":"https:\/\/www.eldiario.net\/portal\/#organization"},"potentialAction":[{"@type":"SearchAction","target":{"@type":"EntryPoint","urlTemplate":"https:\/\/www.eldiario.net\/portal\/?s={search_term_string}"},"query-input":{"@type":"PropertyValueSpecification","valueRequired":true,"valueName":"search_term_string"}}],"inLanguage":"es"},{"@type":"Organization","@id":"https:\/\/www.eldiario.net\/portal\/#organization","name":"El Diario - Decano de la prensa nacional","url":"https:\/\/www.eldiario.net\/portal\/","logo":{"@type":"ImageObject","inLanguage":"es","@id":"https:\/\/www.eldiario.net\/portal\/#\/schema\/logo\/image\/","url":"https:\/\/www.eldiario.net\/portal\/wp-content\/uploads\/2023\/07\/logo_ED.jpg","contentUrl":"https:\/\/www.eldiario.net\/portal\/wp-content\/uploads\/2023\/07\/logo_ED.jpg","width":272,"height":52,"caption":"El Diario - Decano de la prensa nacional"},"image":{"@id":"https:\/\/www.eldiario.net\/portal\/#\/schema\/logo\/image\/"},"sameAs":["https:\/\/www.facebook.com\/eldiario.bolivia\/","https:\/\/x.com\/eldiario_net"]},{"@type":"Person","@id":"https:\/\/www.eldiario.net\/portal\/#\/schema\/person\/f46445640444750d7d753ccd04ae01b7","name":"Jeanette","image":{"@type":"ImageObject","inLanguage":"es","@id":"https:\/\/secure.gravatar.com\/avatar\/3ea2118a5f7dad2b7138b1187a6b7ee55f160b9968b66013c3a3ef39dd7e5798?s=96&d=mm&r=g","url":"https:\/\/secure.gravatar.com\/avatar\/3ea2118a5f7dad2b7138b1187a6b7ee55f160b9968b66013c3a3ef39dd7e5798?s=96&d=mm&r=g","contentUrl":"https:\/\/secure.gravatar.com\/avatar\/3ea2118a5f7dad2b7138b1187a6b7ee55f160b9968b66013c3a3ef39dd7e5798?s=96&d=mm&r=g","caption":"Jeanette"},"sameAs":["https:\/\/www.eldiario.net\/portal"],"url":"https:\/\/www.eldiario.net\/portal\/author\/jeanette\/"}]}},"_links":{"self":[{"href":"https:\/\/www.eldiario.net\/portal\/wp-json\/wp\/v2\/posts\/309304","targetHints":{"allow":["GET"]}}],"collection":[{"href":"https:\/\/www.eldiario.net\/portal\/wp-json\/wp\/v2\/posts"}],"about":[{"href":"https:\/\/www.eldiario.net\/portal\/wp-json\/wp\/v2\/types\/post"}],"author":[{"embeddable":true,"href":"https:\/\/www.eldiario.net\/portal\/wp-json\/wp\/v2\/users\/1"}],"replies":[{"embeddable":true,"href":"https:\/\/www.eldiario.net\/portal\/wp-json\/wp\/v2\/comments?post=309304"}],"version-history":[{"count":1,"href":"https:\/\/www.eldiario.net\/portal\/wp-json\/wp\/v2\/posts\/309304\/revisions"}],"predecessor-version":[{"id":309306,"href":"https:\/\/www.eldiario.net\/portal\/wp-json\/wp\/v2\/posts\/309304\/revisions\/309306"}],"wp:featuredmedia":[{"embeddable":true,"href":"https:\/\/www.eldiario.net\/portal\/wp-json\/wp\/v2\/media\/309305"}],"wp:attachment":[{"href":"https:\/\/www.eldiario.net\/portal\/wp-json\/wp\/v2\/media?parent=309304"}],"wp:term":[{"taxonomy":"category","embeddable":true,"href":"https:\/\/www.eldiario.net\/portal\/wp-json\/wp\/v2\/categories?post=309304"},{"taxonomy":"post_tag","embeddable":true,"href":"https:\/\/www.eldiario.net\/portal\/wp-json\/wp\/v2\/tags?post=309304"}],"curies":[{"name":"wp","href":"https:\/\/api.w.org\/{rel}","templated":true}]}}