{"id":309298,"date":"2025-06-13T05:45:20","date_gmt":"2025-06-13T09:45:20","guid":{"rendered":"https:\/\/www.eldiario.net\/portal\/?p=309298"},"modified":"2025-06-13T05:45:20","modified_gmt":"2025-06-13T09:45:20","slug":"israel-anuncia-una-operacion-preventiva-en-la-capital-irani","status":"publish","type":"post","link":"https:\/\/www.eldiario.net\/portal\/2025\/06\/13\/israel-anuncia-una-operacion-preventiva-en-la-capital-irani\/","title":{"rendered":"Israel anuncia una operaci\u00f3n  preventiva en la capital iran\u00ed"},"content":{"rendered":"<p class=\"v1MsoNormal\">Docenas de cazas del Ej\u00e9rcito de Israel bombardearon en las \u00faltimas horas otros tantos \u00abobjetivos militares\u00bb de Ir\u00e1n en la primera fase de un \u00abataque preventivo\u00bb ordenado por el Gobierno israel\u00ed contra el programa nuclear iran\u00ed, informaron las Fuerzas de Defensa de Israel (FDI).<\/p>\n<p class=\"v1MsoNormal\">El Ej\u00e9rcito israel\u00ed anunci\u00f3 en un primer momento que atac\u00f3 Teher\u00e1n as\u00ed como \u00abdiferentes \u00e1reas\u00bb del pa\u00eds centroasi\u00e1tico, con un comunicado difundido en su cuenta de la red social X en el que justific\u00f3 estas acciones porque \u00abhoy, Ir\u00e1n est\u00e1 m\u00e1s cerca que nunca de obtener un arma nuclear\u00bb, lo que \u00abrepresenta una amenaza existencial para Israel y el mundo en general\u00bb.<\/p>\n<p class=\"v1MsoNormal\">\u00abEl Estado de Israel no tiene otra opci\u00f3n que cumplir con la obligaci\u00f3n de actuar en defensa de sus ciudadanos y continuar\u00e1 haci\u00e9ndolo en todos los lugares donde se le requiera, como lo hemos hecho en el pasado\u00bb, agreg\u00f3, al tiempo que orden\u00f3 a su poblaci\u00f3n suspender toda actividad no esencial.<\/p>\n<p class=\"v1MsoNormal\">Mientras, el ministro de Defensa israel\u00ed, Israel Katz, declar\u00f3 \u00abinmediatamente el estado de emergencia\u00bb en todo el territorio del pa\u00eds, un anuncio que ha hecho tras reunirse con las autoridades militares \u00abhoras antes del inicio de la Operaci\u00f3n &#8216;Am Kalavi&#8217; en Ir\u00e1n\u00bb.<\/p>\n<p class=\"v1MsoNormal\">\u00abTras el ataque preventivo del Estado de Israel contra Ir\u00e1n, se espera en un futuro inmediato un ataque con misiles y aviones no tripulados contra el Estado de Israel y su poblaci\u00f3n civil\u00bb, explic\u00f3 en una nota difundida por su oficina.<\/p>\n<p class=\"v1MsoNormal\">El primer ministro, Benjamin Netanyahu, se\u00f1al\u00f3 que el objetivo del Ej\u00e9rcito israel\u00ed es \u00abgolpear la infraestructura militar de Ir\u00e1n, las f\u00e1bricas iran\u00edes de misiles bal\u00edsticos y las capacidades militares\u00bb en un discurso en v\u00eddeo difundido en X en el que defendi\u00f3 esta agresi\u00f3n en \u00abun momento decisivo de la historia\u00bb.<\/p>\n<p class=\"v1MsoNormal\">Varios medios iran\u00edes, incluida la televisi\u00f3n Press TV, confirmaron un ataque contra las instalaciones nucleares de Natanz, en el centro del pa\u00eds y a unos 300 kil\u00f3metros al sur de Teher\u00e1n.<\/p>\n<p class=\"v1MsoNormal\">La agencia de noticias Mehr, por su parte, mencion\u00f3 ataques asimismo en Khandab y Khorramabad, mientras que en Teher\u00e1n se han visto afectadas varias zonas residenciales, activando el sistema de defensa a\u00e9rea iran\u00ed tras la penetraci\u00f3n en el espacio a\u00e9reo de la provincia capitalina.<\/p>\n<p class=\"v1MsoNormal\">Las autoridades aeroportuarias anunciaron la suspensi\u00f3n, hasta nuevo aviso, de todos los vuelos con salida o destino al aeropuerto Im\u00e1n Jomeini de Teher\u00e1n, tal y como se\u00f1ala por su parte la agencia de noticias IRNA.<\/p>\n<p class=\"v1MsoNormal\">Los ataques llegan horas despu\u00e9s de que el presidente de Estados Unidos, Donald Trump, haya sugerido ayer una actuaci\u00f3n similar a pocos d\u00edas de que se celebre una nueva ronda de contactos entre las delegaciones iran\u00ed y estadounidense en la capital de Om\u00e1n, Mascate, sobre el programa nuclear de Teher\u00e1n.<\/p>\n<p class=\"v1MsoNormal\">\u00abNo quiero decir que sea inminente, pero parece que es algo que muy bien podr\u00eda suceder. Es muy simple, no complicado: Ir\u00e1n no puede tener un arma nuclear\u00bb, se\u00f1al\u00f3 el magnate republicano en declaraciones a la prensa desde Washington.(EP)<\/p>\n<p class=\"v1MsoNormal\">\n","protected":false},"excerpt":{"rendered":"<p>Docenas de cazas del Ej\u00e9rcito de Israel bombardearon en las \u00faltimas horas otros tantos \u00abobjetivos militares\u00bb de Ir\u00e1n en la primera fase de un \u00abataque preventivo\u00bb ordenado por el Gobierno israel\u00ed contra el programa nuclear iran\u00ed, informaron las Fuerzas de Defensa de Israel (FDI). El Ej\u00e9rcito israel\u00ed anunci\u00f3 en un primer momento que atac\u00f3 Teher\u00e1n [&hellip;]<\/p>\n","protected":false},"author":1,"featured_media":309299,"comment_status":"closed","ping_status":"open","sticky":false,"template":"","format":"standard","meta":{"_acf_changed":false,"footnotes":""},"categories":[3],"tags":[],"class_list":["post-309298","post","type-post","status-publish","format-standard","has-post-thumbnail","category-internacional"],"acf":{"antetitulo":""},"yoast_head":"<!-- This site is optimized with the Yoast SEO plugin v28.4 - https:\/\/yoast.com\/product\/yoast-seo-wordpress\/ -->\n<title>Israel anuncia una operaci\u00f3n preventiva en la capital iran\u00ed - El Diario - Bolivia<\/title>\n<meta name=\"robots\" content=\"index, follow, max-snippet:-1, max-image-preview:large, max-video-preview:-1\" \/>\n<link rel=\"canonical\" href=\"https:\/\/www.eldiario.net\/portal\/2025\/06\/13\/israel-anuncia-una-operacion-preventiva-en-la-capital-irani\/\" \/>\n<meta property=\"og:locale\" content=\"es_ES\" \/>\n<meta property=\"og:type\" content=\"article\" \/>\n<meta property=\"og:title\" content=\"Israel anuncia una operaci\u00f3n preventiva en la capital iran\u00ed - El Diario - Bolivia\" \/>\n<meta property=\"og:description\" content=\"Docenas de cazas del Ej\u00e9rcito de Israel bombardearon en las \u00faltimas horas otros tantos \u00abobjetivos militares\u00bb de Ir\u00e1n en la primera fase de un \u00abataque preventivo\u00bb ordenado por el Gobierno israel\u00ed contra el programa nuclear iran\u00ed, informaron las Fuerzas de Defensa de Israel (FDI). El Ej\u00e9rcito israel\u00ed anunci\u00f3 en un primer momento que atac\u00f3 Teher\u00e1n [&hellip;]\" \/>\n<meta property=\"og:url\" content=\"https:\/\/www.eldiario.net\/portal\/2025\/06\/13\/israel-anuncia-una-operacion-preventiva-en-la-capital-irani\/\" \/>\n<meta property=\"og:site_name\" content=\"El Diario - Bolivia\" \/>\n<meta property=\"article:publisher\" content=\"https:\/\/www.facebook.com\/eldiario.bolivia\/\" \/>\n<meta property=\"article:published_time\" content=\"2025-06-13T09:45:20+00:00\" \/>\n<meta property=\"og:image\" content=\"https:\/\/www.eldiario.net\/portal\/wp-content\/uploads\/2025\/06\/IRAN-Infobae.webp\" \/>\n\t<meta property=\"og:image:width\" content=\"992\" \/>\n\t<meta property=\"og:image:height\" content=\"558\" \/>\n\t<meta property=\"og:image:type\" content=\"image\/webp\" \/>\n<meta name=\"author\" content=\"Jeanette\" \/>\n<meta name=\"twitter:card\" content=\"summary_large_image\" \/>\n<meta name=\"twitter:creator\" content=\"@eldiario_net\" \/>\n<meta name=\"twitter:site\" content=\"@eldiario_net\" \/>\n<meta name=\"twitter:label1\" content=\"Escrito por\" \/>\n\t<meta name=\"twitter:data1\" content=\"Jeanette\" \/>\n\t<meta name=\"twitter:label2\" content=\"Tiempo de lectura\" \/>\n\t<meta name=\"twitter:data2\" content=\"3 minutos\" \/>\n<script type=\"application\/ld+json\" class=\"yoast-schema-graph\">{\"@context\":\"https:\\\/\\\/schema.org\",\"@graph\":[{\"@type\":\"Article\",\"@id\":\"https:\\\/\\\/www.eldiario.net\\\/portal\\\/2025\\\/06\\\/13\\\/israel-anuncia-una-operacion-preventiva-en-la-capital-irani\\\/#article\",\"isPartOf\":{\"@id\":\"https:\\\/\\\/www.eldiario.net\\\/portal\\\/2025\\\/06\\\/13\\\/israel-anuncia-una-operacion-preventiva-en-la-capital-irani\\\/\"},\"author\":{\"name\":\"Jeanette\",\"@id\":\"https:\\\/\\\/www.eldiario.net\\\/portal\\\/#\\\/schema\\\/person\\\/f46445640444750d7d753ccd04ae01b7\"},\"headline\":\"Israel anuncia una operaci\u00f3n preventiva en la capital iran\u00ed\",\"datePublished\":\"2025-06-13T09:45:20+00:00\",\"mainEntityOfPage\":{\"@id\":\"https:\\\/\\\/www.eldiario.net\\\/portal\\\/2025\\\/06\\\/13\\\/israel-anuncia-una-operacion-preventiva-en-la-capital-irani\\\/\"},\"wordCount\":545,\"publisher\":{\"@id\":\"https:\\\/\\\/www.eldiario.net\\\/portal\\\/#organization\"},\"image\":{\"@id\":\"https:\\\/\\\/www.eldiario.net\\\/portal\\\/2025\\\/06\\\/13\\\/israel-anuncia-una-operacion-preventiva-en-la-capital-irani\\\/#primaryimage\"},\"thumbnailUrl\":\"https:\\\/\\\/www.eldiario.net\\\/portal\\\/wp-content\\\/uploads\\\/2025\\\/06\\\/IRAN-Infobae.webp\",\"articleSection\":[\"Internacional\"],\"inLanguage\":\"es\"},{\"@type\":\"WebPage\",\"@id\":\"https:\\\/\\\/www.eldiario.net\\\/portal\\\/2025\\\/06\\\/13\\\/israel-anuncia-una-operacion-preventiva-en-la-capital-irani\\\/\",\"url\":\"https:\\\/\\\/www.eldiario.net\\\/portal\\\/2025\\\/06\\\/13\\\/israel-anuncia-una-operacion-preventiva-en-la-capital-irani\\\/\",\"name\":\"Israel anuncia una operaci\u00f3n preventiva en la capital iran\u00ed - El Diario - Bolivia\",\"isPartOf\":{\"@id\":\"https:\\\/\\\/www.eldiario.net\\\/portal\\\/#website\"},\"primaryImageOfPage\":{\"@id\":\"https:\\\/\\\/www.eldiario.net\\\/portal\\\/2025\\\/06\\\/13\\\/israel-anuncia-una-operacion-preventiva-en-la-capital-irani\\\/#primaryimage\"},\"image\":{\"@id\":\"https:\\\/\\\/www.eldiario.net\\\/portal\\\/2025\\\/06\\\/13\\\/israel-anuncia-una-operacion-preventiva-en-la-capital-irani\\\/#primaryimage\"},\"thumbnailUrl\":\"https:\\\/\\\/www.eldiario.net\\\/portal\\\/wp-content\\\/uploads\\\/2025\\\/06\\\/IRAN-Infobae.webp\",\"datePublished\":\"2025-06-13T09:45:20+00:00\",\"breadcrumb\":{\"@id\":\"https:\\\/\\\/www.eldiario.net\\\/portal\\\/2025\\\/06\\\/13\\\/israel-anuncia-una-operacion-preventiva-en-la-capital-irani\\\/#breadcrumb\"},\"inLanguage\":\"es\",\"potentialAction\":[{\"@type\":\"ReadAction\",\"target\":[\"https:\\\/\\\/www.eldiario.net\\\/portal\\\/2025\\\/06\\\/13\\\/israel-anuncia-una-operacion-preventiva-en-la-capital-irani\\\/\"]}]},{\"@type\":\"ImageObject\",\"inLanguage\":\"es\",\"@id\":\"https:\\\/\\\/www.eldiario.net\\\/portal\\\/2025\\\/06\\\/13\\\/israel-anuncia-una-operacion-preventiva-en-la-capital-irani\\\/#primaryimage\",\"url\":\"https:\\\/\\\/www.eldiario.net\\\/portal\\\/wp-content\\\/uploads\\\/2025\\\/06\\\/IRAN-Infobae.webp\",\"contentUrl\":\"https:\\\/\\\/www.eldiario.net\\\/portal\\\/wp-content\\\/uploads\\\/2025\\\/06\\\/IRAN-Infobae.webp\",\"width\":992,\"height\":558,\"caption\":\"Israel inici\u00f3 un ataque preventivo a Ir\u00e1n para destruir su proyecto nuclear CREDITO: Infobae\"},{\"@type\":\"BreadcrumbList\",\"@id\":\"https:\\\/\\\/www.eldiario.net\\\/portal\\\/2025\\\/06\\\/13\\\/israel-anuncia-una-operacion-preventiva-en-la-capital-irani\\\/#breadcrumb\",\"itemListElement\":[{\"@type\":\"ListItem\",\"position\":1,\"name\":\"Portada\",\"item\":\"https:\\\/\\\/www.eldiario.net\\\/portal\\\/\"},{\"@type\":\"ListItem\",\"position\":2,\"name\":\"Israel anuncia una operaci\u00f3n preventiva en la capital iran\u00ed\"}]},{\"@type\":\"WebSite\",\"@id\":\"https:\\\/\\\/www.eldiario.net\\\/portal\\\/#website\",\"url\":\"https:\\\/\\\/www.eldiario.net\\\/portal\\\/\",\"name\":\"El Diario - Decano de la prensa nacional\",\"description\":\"El Diario - Decano de la prensa nacional\",\"publisher\":{\"@id\":\"https:\\\/\\\/www.eldiario.net\\\/portal\\\/#organization\"},\"potentialAction\":[{\"@type\":\"SearchAction\",\"target\":{\"@type\":\"EntryPoint\",\"urlTemplate\":\"https:\\\/\\\/www.eldiario.net\\\/portal\\\/?s={search_term_string}\"},\"query-input\":{\"@type\":\"PropertyValueSpecification\",\"valueRequired\":true,\"valueName\":\"search_term_string\"}}],\"inLanguage\":\"es\"},{\"@type\":\"Organization\",\"@id\":\"https:\\\/\\\/www.eldiario.net\\\/portal\\\/#organization\",\"name\":\"El Diario - Decano de la prensa nacional\",\"url\":\"https:\\\/\\\/www.eldiario.net\\\/portal\\\/\",\"logo\":{\"@type\":\"ImageObject\",\"inLanguage\":\"es\",\"@id\":\"https:\\\/\\\/www.eldiario.net\\\/portal\\\/#\\\/schema\\\/logo\\\/image\\\/\",\"url\":\"https:\\\/\\\/www.eldiario.net\\\/portal\\\/wp-content\\\/uploads\\\/2023\\\/07\\\/logo_ED.jpg\",\"contentUrl\":\"https:\\\/\\\/www.eldiario.net\\\/portal\\\/wp-content\\\/uploads\\\/2023\\\/07\\\/logo_ED.jpg\",\"width\":272,\"height\":52,\"caption\":\"El Diario - Decano de la prensa nacional\"},\"image\":{\"@id\":\"https:\\\/\\\/www.eldiario.net\\\/portal\\\/#\\\/schema\\\/logo\\\/image\\\/\"},\"sameAs\":[\"https:\\\/\\\/www.facebook.com\\\/eldiario.bolivia\\\/\",\"https:\\\/\\\/x.com\\\/eldiario_net\"]},{\"@type\":\"Person\",\"@id\":\"https:\\\/\\\/www.eldiario.net\\\/portal\\\/#\\\/schema\\\/person\\\/f46445640444750d7d753ccd04ae01b7\",\"name\":\"Jeanette\",\"image\":{\"@type\":\"ImageObject\",\"inLanguage\":\"es\",\"@id\":\"https:\\\/\\\/secure.gravatar.com\\\/avatar\\\/3ea2118a5f7dad2b7138b1187a6b7ee55f160b9968b66013c3a3ef39dd7e5798?s=96&d=mm&r=g\",\"url\":\"https:\\\/\\\/secure.gravatar.com\\\/avatar\\\/3ea2118a5f7dad2b7138b1187a6b7ee55f160b9968b66013c3a3ef39dd7e5798?s=96&d=mm&r=g\",\"contentUrl\":\"https:\\\/\\\/secure.gravatar.com\\\/avatar\\\/3ea2118a5f7dad2b7138b1187a6b7ee55f160b9968b66013c3a3ef39dd7e5798?s=96&d=mm&r=g\",\"caption\":\"Jeanette\"},\"sameAs\":[\"https:\\\/\\\/www.eldiario.net\\\/portal\"],\"url\":\"https:\\\/\\\/www.eldiario.net\\\/portal\\\/author\\\/jeanette\\\/\"}]}<\/script>\n<!-- \/ Yoast SEO plugin. -->","yoast_head_json":{"title":"Israel anuncia una operaci\u00f3n preventiva en la capital iran\u00ed - El Diario - Bolivia","robots":{"index":"index","follow":"follow","max-snippet":"max-snippet:-1","max-image-preview":"max-image-preview:large","max-video-preview":"max-video-preview:-1"},"canonical":"https:\/\/www.eldiario.net\/portal\/2025\/06\/13\/israel-anuncia-una-operacion-preventiva-en-la-capital-irani\/","og_locale":"es_ES","og_type":"article","og_title":"Israel anuncia una operaci\u00f3n preventiva en la capital iran\u00ed - El Diario - Bolivia","og_description":"Docenas de cazas del Ej\u00e9rcito de Israel bombardearon en las \u00faltimas horas otros tantos \u00abobjetivos militares\u00bb de Ir\u00e1n en la primera fase de un \u00abataque preventivo\u00bb ordenado por el Gobierno israel\u00ed contra el programa nuclear iran\u00ed, informaron las Fuerzas de Defensa de Israel (FDI). El Ej\u00e9rcito israel\u00ed anunci\u00f3 en un primer momento que atac\u00f3 Teher\u00e1n [&hellip;]","og_url":"https:\/\/www.eldiario.net\/portal\/2025\/06\/13\/israel-anuncia-una-operacion-preventiva-en-la-capital-irani\/","og_site_name":"El Diario - Bolivia","article_publisher":"https:\/\/www.facebook.com\/eldiario.bolivia\/","article_published_time":"2025-06-13T09:45:20+00:00","og_image":[{"width":992,"height":558,"url":"https:\/\/www.eldiario.net\/portal\/wp-content\/uploads\/2025\/06\/IRAN-Infobae.webp","type":"image\/webp"}],"author":"Jeanette","twitter_card":"summary_large_image","twitter_creator":"@eldiario_net","twitter_site":"@eldiario_net","twitter_misc":{"Escrito por":"Jeanette","Tiempo de lectura":"3 minutos"},"schema":{"@context":"https:\/\/schema.org","@graph":[{"@type":"Article","@id":"https:\/\/www.eldiario.net\/portal\/2025\/06\/13\/israel-anuncia-una-operacion-preventiva-en-la-capital-irani\/#article","isPartOf":{"@id":"https:\/\/www.eldiario.net\/portal\/2025\/06\/13\/israel-anuncia-una-operacion-preventiva-en-la-capital-irani\/"},"author":{"name":"Jeanette","@id":"https:\/\/www.eldiario.net\/portal\/#\/schema\/person\/f46445640444750d7d753ccd04ae01b7"},"headline":"Israel anuncia una operaci\u00f3n preventiva en la capital iran\u00ed","datePublished":"2025-06-13T09:45:20+00:00","mainEntityOfPage":{"@id":"https:\/\/www.eldiario.net\/portal\/2025\/06\/13\/israel-anuncia-una-operacion-preventiva-en-la-capital-irani\/"},"wordCount":545,"publisher":{"@id":"https:\/\/www.eldiario.net\/portal\/#organization"},"image":{"@id":"https:\/\/www.eldiario.net\/portal\/2025\/06\/13\/israel-anuncia-una-operacion-preventiva-en-la-capital-irani\/#primaryimage"},"thumbnailUrl":"https:\/\/www.eldiario.net\/portal\/wp-content\/uploads\/2025\/06\/IRAN-Infobae.webp","articleSection":["Internacional"],"inLanguage":"es"},{"@type":"WebPage","@id":"https:\/\/www.eldiario.net\/portal\/2025\/06\/13\/israel-anuncia-una-operacion-preventiva-en-la-capital-irani\/","url":"https:\/\/www.eldiario.net\/portal\/2025\/06\/13\/israel-anuncia-una-operacion-preventiva-en-la-capital-irani\/","name":"Israel anuncia una operaci\u00f3n preventiva en la capital iran\u00ed - El Diario - Bolivia","isPartOf":{"@id":"https:\/\/www.eldiario.net\/portal\/#website"},"primaryImageOfPage":{"@id":"https:\/\/www.eldiario.net\/portal\/2025\/06\/13\/israel-anuncia-una-operacion-preventiva-en-la-capital-irani\/#primaryimage"},"image":{"@id":"https:\/\/www.eldiario.net\/portal\/2025\/06\/13\/israel-anuncia-una-operacion-preventiva-en-la-capital-irani\/#primaryimage"},"thumbnailUrl":"https:\/\/www.eldiario.net\/portal\/wp-content\/uploads\/2025\/06\/IRAN-Infobae.webp","datePublished":"2025-06-13T09:45:20+00:00","breadcrumb":{"@id":"https:\/\/www.eldiario.net\/portal\/2025\/06\/13\/israel-anuncia-una-operacion-preventiva-en-la-capital-irani\/#breadcrumb"},"inLanguage":"es","potentialAction":[{"@type":"ReadAction","target":["https:\/\/www.eldiario.net\/portal\/2025\/06\/13\/israel-anuncia-una-operacion-preventiva-en-la-capital-irani\/"]}]},{"@type":"ImageObject","inLanguage":"es","@id":"https:\/\/www.eldiario.net\/portal\/2025\/06\/13\/israel-anuncia-una-operacion-preventiva-en-la-capital-irani\/#primaryimage","url":"https:\/\/www.eldiario.net\/portal\/wp-content\/uploads\/2025\/06\/IRAN-Infobae.webp","contentUrl":"https:\/\/www.eldiario.net\/portal\/wp-content\/uploads\/2025\/06\/IRAN-Infobae.webp","width":992,"height":558,"caption":"Israel inici\u00f3 un ataque preventivo a Ir\u00e1n para destruir su proyecto nuclear CREDITO: Infobae"},{"@type":"BreadcrumbList","@id":"https:\/\/www.eldiario.net\/portal\/2025\/06\/13\/israel-anuncia-una-operacion-preventiva-en-la-capital-irani\/#breadcrumb","itemListElement":[{"@type":"ListItem","position":1,"name":"Portada","item":"https:\/\/www.eldiario.net\/portal\/"},{"@type":"ListItem","position":2,"name":"Israel anuncia una operaci\u00f3n preventiva en la capital iran\u00ed"}]},{"@type":"WebSite","@id":"https:\/\/www.eldiario.net\/portal\/#website","url":"https:\/\/www.eldiario.net\/portal\/","name":"El Diario - Decano de la prensa nacional","description":"El Diario - Decano de la prensa nacional","publisher":{"@id":"https:\/\/www.eldiario.net\/portal\/#organization"},"potentialAction":[{"@type":"SearchAction","target":{"@type":"EntryPoint","urlTemplate":"https:\/\/www.eldiario.net\/portal\/?s={search_term_string}"},"query-input":{"@type":"PropertyValueSpecification","valueRequired":true,"valueName":"search_term_string"}}],"inLanguage":"es"},{"@type":"Organization","@id":"https:\/\/www.eldiario.net\/portal\/#organization","name":"El Diario - Decano de la prensa nacional","url":"https:\/\/www.eldiario.net\/portal\/","logo":{"@type":"ImageObject","inLanguage":"es","@id":"https:\/\/www.eldiario.net\/portal\/#\/schema\/logo\/image\/","url":"https:\/\/www.eldiario.net\/portal\/wp-content\/uploads\/2023\/07\/logo_ED.jpg","contentUrl":"https:\/\/www.eldiario.net\/portal\/wp-content\/uploads\/2023\/07\/logo_ED.jpg","width":272,"height":52,"caption":"El Diario - Decano de la prensa nacional"},"image":{"@id":"https:\/\/www.eldiario.net\/portal\/#\/schema\/logo\/image\/"},"sameAs":["https:\/\/www.facebook.com\/eldiario.bolivia\/","https:\/\/x.com\/eldiario_net"]},{"@type":"Person","@id":"https:\/\/www.eldiario.net\/portal\/#\/schema\/person\/f46445640444750d7d753ccd04ae01b7","name":"Jeanette","image":{"@type":"ImageObject","inLanguage":"es","@id":"https:\/\/secure.gravatar.com\/avatar\/3ea2118a5f7dad2b7138b1187a6b7ee55f160b9968b66013c3a3ef39dd7e5798?s=96&d=mm&r=g","url":"https:\/\/secure.gravatar.com\/avatar\/3ea2118a5f7dad2b7138b1187a6b7ee55f160b9968b66013c3a3ef39dd7e5798?s=96&d=mm&r=g","contentUrl":"https:\/\/secure.gravatar.com\/avatar\/3ea2118a5f7dad2b7138b1187a6b7ee55f160b9968b66013c3a3ef39dd7e5798?s=96&d=mm&r=g","caption":"Jeanette"},"sameAs":["https:\/\/www.eldiario.net\/portal"],"url":"https:\/\/www.eldiario.net\/portal\/author\/jeanette\/"}]}},"_links":{"self":[{"href":"https:\/\/www.eldiario.net\/portal\/wp-json\/wp\/v2\/posts\/309298","targetHints":{"allow":["GET"]}}],"collection":[{"href":"https:\/\/www.eldiario.net\/portal\/wp-json\/wp\/v2\/posts"}],"about":[{"href":"https:\/\/www.eldiario.net\/portal\/wp-json\/wp\/v2\/types\/post"}],"author":[{"embeddable":true,"href":"https:\/\/www.eldiario.net\/portal\/wp-json\/wp\/v2\/users\/1"}],"replies":[{"embeddable":true,"href":"https:\/\/www.eldiario.net\/portal\/wp-json\/wp\/v2\/comments?post=309298"}],"version-history":[{"count":1,"href":"https:\/\/www.eldiario.net\/portal\/wp-json\/wp\/v2\/posts\/309298\/revisions"}],"predecessor-version":[{"id":309300,"href":"https:\/\/www.eldiario.net\/portal\/wp-json\/wp\/v2\/posts\/309298\/revisions\/309300"}],"wp:featuredmedia":[{"embeddable":true,"href":"https:\/\/www.eldiario.net\/portal\/wp-json\/wp\/v2\/media\/309299"}],"wp:attachment":[{"href":"https:\/\/www.eldiario.net\/portal\/wp-json\/wp\/v2\/media?parent=309298"}],"wp:term":[{"taxonomy":"category","embeddable":true,"href":"https:\/\/www.eldiario.net\/portal\/wp-json\/wp\/v2\/categories?post=309298"},{"taxonomy":"post_tag","embeddable":true,"href":"https:\/\/www.eldiario.net\/portal\/wp-json\/wp\/v2\/tags?post=309298"}],"curies":[{"name":"wp","href":"https:\/\/api.w.org\/{rel}","templated":true}]}}