{"id":309295,"date":"2025-06-13T05:44:20","date_gmt":"2025-06-13T09:44:20","guid":{"rendered":"https:\/\/www.eldiario.net\/portal\/?p=309295"},"modified":"2025-06-13T05:44:20","modified_gmt":"2025-06-13T09:44:20","slug":"congreso-aprueba-ley-de-amnistia-para-policias-acusados-de-violaciones","status":"publish","type":"post","link":"https:\/\/www.eldiario.net\/portal\/2025\/06\/13\/congreso-aprueba-ley-de-amnistia-para-policias-acusados-de-violaciones\/","title":{"rendered":"Congreso aprueba ley de amnist\u00eda  para polic\u00edas acusados de violaciones"},"content":{"rendered":"<p class=\"v1MsoNormal\">El Congreso de la Rep\u00fablica aprob\u00f3 el dictamen que concede una amnist\u00eda a miembros de las Fuerzas Armadas, Polic\u00eda Nacional y comit\u00e9s de autodefensa procesados por delitos cometidos durante el conflicto armado interno (1980-2000), una medida que fue ampliamente criticada por defensores de los derechos humanos. La norma recibi\u00f3 61 votos a favor, 44 en contra y 3 abstenciones en el Pleno del Parlamento.<\/p>\n<p class=\"v1MsoNormal\">La propuesta, impulsada por la Comisi\u00f3n de Constituci\u00f3n presidida por el fujimorista Fernando Rospigliosi , plantea que las personas sin sentencia firme o con procesos abiertos por presuntas violaciones de derechos humanos puedan beneficiarse de la amnist\u00eda, con excepci\u00f3n de aquellos procesados por delitos de terrorismo o corrupci\u00f3n.<\/p>\n<p class=\"v1MsoNormal\">Tambi\u00e9n incluye a sentenciados mayores de edad avanzada, lo que podr\u00eda beneficiar a exjefes militares con condenas por casos emblem\u00e1ticos como Barrios Altos y La Cantuta.<\/p>\n<p class=\"v1MsoNormal\">\n<p class=\"v1MsoNormal\">APOYAN PROYECTO<\/p>\n<p class=\"v1MsoNormal\">El congresista Rospigliosi defendi\u00f3 la medida y argument\u00f3 que se trata de una acci\u00f3n \u00abjusta y necesaria\u00bb. En el debate del hemiciclo sostuvo que muchos militares \u00abest\u00e1n sometidos a interminables procesos judiciales\u00bb y que \u00abson procesos que no sirven a la justicia sino a la revancha\u00bb. A su vez, el legislador Jorge Montoya (Honor y Democracia) calific\u00f3 la ley de injusta. \u00abSe abrieron juicios interminable, es manipulaci\u00f3n de la justicia\u00bb, manifest\u00f3 en el Pleno.<\/p>\n<p class=\"v1MsoNormal\">Por su parte, la congresista Sigrid Baz\u00e1n (Bloque Democr\u00e1tico Popular) rechaz\u00f3 este proyecto y solicit\u00f3 una cuesti\u00f3n previa para que el dictamen regrese a ser evaluado en la Comisi\u00f3n de Constituci\u00f3n; sin embargo, este no prosper\u00f3. \u00abEs un dictamen nefasto, casos como el de Putis, la masacre contra campesinos, esto no se trata de premiar a los malos de la instituci\u00f3n, se trata de separar a estos elementos\u00bb, puntualiz\u00f3 la parlamentaria.<\/p>\n<p class=\"v1MsoNormal\">En ese mismo sentido, el legislador Alex Flores (Bancada Socialista) se sum\u00f3 al rechazo de la ley. \u00abNo podemos pretender amnistiar a los responsables de violaciones a DDHH, hablar de amnist\u00eda es hablar de impunidad y de injusticia, no podemos pasar por alto la muerte de campesinos\u00bb, sentenci\u00f3. Misma opini\u00f3n tuvo su colega de bancada, Jaime Quito, quien se\u00f1al\u00f3 que \u00abnunca se ve a las v\u00edctimas y familiares\u00bb e hizo un llamado a \u00abno permitir la impunidad\u00bb con esta ley.<\/p>\n<p class=\"v1MsoNormal\">Adem\u00e1s, diversas voces advirtieron que esta ley representa un grave retroceso en la lucha contra la impunidad. La Coordinadora Nacional de Derechos Humanos se\u00f1al\u00f3 en un comunicado que esta amnist\u00eda \u00abviola los compromisos internacionales asumidos por el Estado peruano\u00bb y puede colocar al pa\u00eds en una situaci\u00f3n de desacato ante la Corte Interamericana de Derechos Humanos. \u00abNo se puede pasar por alto cr\u00edmenes como las desapariciones, ejecuciones extrajudiciales o torturas cometidas al amparo del poder estatal\u00bb, advirti\u00f3 la entidad.<\/p>\n<p class=\"v1MsoNormal\">Adem\u00e1s de la desaprobaci\u00f3n de organizaciones de derechos humanos, la medida fue rechazada por el propio Ministerio P\u00fablico. La fiscal Delia Espinoza, declar\u00f3 que \u00abla Corte Interamericana ya fue clara: las leyes de amnist\u00eda por cr\u00edmenes de lesa humanidad son inadmisibles. Si esta norma se aprueba, el Per\u00fa va a incumplir sus obligaciones internacionales\u00bb.<\/p>\n<p class=\"v1MsoNormal\">Este nuevo intento de amnist\u00eda, similar a uno que impuls\u00f3 el r\u00e9gimen de Alberto Fujimori en los a\u00f1os 90, podr\u00eda obstaculizar la verdad, la justicia y la reparaci\u00f3n para miles de v\u00edctimas del conflicto armado interno. Aunque el dictamen fue defendido como una medida \u00abhumanitaria\u00bb, para sus cr\u00edticos es una muestra de c\u00f3mo el actual Congreso busca consolidar impunidad para sectores vinculados al poder pol\u00edtico y militar.(La Rep\u00fablica)<\/p>\n<p class=\"v1MsoNormal\">\n","protected":false},"excerpt":{"rendered":"<p>El Congreso de la Rep\u00fablica aprob\u00f3 el dictamen que concede una amnist\u00eda a miembros de las Fuerzas Armadas, Polic\u00eda Nacional y comit\u00e9s de autodefensa procesados por delitos cometidos durante el conflicto armado interno (1980-2000), una medida que fue ampliamente criticada por defensores de los derechos humanos. La norma recibi\u00f3 61 votos a favor, 44 en [&hellip;]<\/p>\n","protected":false},"author":1,"featured_media":309296,"comment_status":"closed","ping_status":"open","sticky":false,"template":"","format":"standard","meta":{"_acf_changed":false,"footnotes":""},"categories":[3],"tags":[],"class_list":["post-309295","post","type-post","status-publish","format-standard","has-post-thumbnail","category-internacional"],"acf":{"antetitulo":"Per\u00fa"},"yoast_head":"<!-- This site is optimized with the Yoast SEO plugin v28.4 - https:\/\/yoast.com\/product\/yoast-seo-wordpress\/ -->\n<title>Congreso aprueba ley de amnist\u00eda para polic\u00edas acusados de violaciones - El Diario - Bolivia<\/title>\n<meta name=\"robots\" content=\"index, follow, max-snippet:-1, max-image-preview:large, max-video-preview:-1\" \/>\n<link rel=\"canonical\" href=\"https:\/\/www.eldiario.net\/portal\/2025\/06\/13\/congreso-aprueba-ley-de-amnistia-para-policias-acusados-de-violaciones\/\" \/>\n<meta property=\"og:locale\" content=\"es_ES\" \/>\n<meta property=\"og:type\" content=\"article\" \/>\n<meta property=\"og:title\" content=\"Congreso aprueba ley de amnist\u00eda para polic\u00edas acusados de violaciones - El Diario - Bolivia\" \/>\n<meta property=\"og:description\" content=\"El Congreso de la Rep\u00fablica aprob\u00f3 el dictamen que concede una amnist\u00eda a miembros de las Fuerzas Armadas, Polic\u00eda Nacional y comit\u00e9s de autodefensa procesados por delitos cometidos durante el conflicto armado interno (1980-2000), una medida que fue ampliamente criticada por defensores de los derechos humanos. La norma recibi\u00f3 61 votos a favor, 44 en [&hellip;]\" \/>\n<meta property=\"og:url\" content=\"https:\/\/www.eldiario.net\/portal\/2025\/06\/13\/congreso-aprueba-ley-de-amnistia-para-policias-acusados-de-violaciones\/\" \/>\n<meta property=\"og:site_name\" content=\"El Diario - Bolivia\" \/>\n<meta property=\"article:publisher\" content=\"https:\/\/www.facebook.com\/eldiario.bolivia\/\" \/>\n<meta property=\"article:published_time\" content=\"2025-06-13T09:44:20+00:00\" \/>\n<meta property=\"og:image\" content=\"https:\/\/www.eldiario.net\/portal\/wp-content\/uploads\/2025\/06\/PERU-La-Republica.webp\" \/>\n\t<meta property=\"og:image:width\" content=\"640\" \/>\n\t<meta property=\"og:image:height\" content=\"371\" \/>\n\t<meta property=\"og:image:type\" content=\"image\/webp\" \/>\n<meta name=\"author\" content=\"Jeanette\" \/>\n<meta name=\"twitter:card\" content=\"summary_large_image\" \/>\n<meta name=\"twitter:creator\" content=\"@eldiario_net\" \/>\n<meta name=\"twitter:site\" content=\"@eldiario_net\" \/>\n<meta name=\"twitter:label1\" content=\"Escrito por\" \/>\n\t<meta name=\"twitter:data1\" content=\"Jeanette\" \/>\n\t<meta name=\"twitter:label2\" content=\"Tiempo de lectura\" \/>\n\t<meta name=\"twitter:data2\" content=\"3 minutos\" \/>\n<script type=\"application\/ld+json\" class=\"yoast-schema-graph\">{\"@context\":\"https:\\\/\\\/schema.org\",\"@graph\":[{\"@type\":\"Article\",\"@id\":\"https:\\\/\\\/www.eldiario.net\\\/portal\\\/2025\\\/06\\\/13\\\/congreso-aprueba-ley-de-amnistia-para-policias-acusados-de-violaciones\\\/#article\",\"isPartOf\":{\"@id\":\"https:\\\/\\\/www.eldiario.net\\\/portal\\\/2025\\\/06\\\/13\\\/congreso-aprueba-ley-de-amnistia-para-policias-acusados-de-violaciones\\\/\"},\"author\":{\"name\":\"Jeanette\",\"@id\":\"https:\\\/\\\/www.eldiario.net\\\/portal\\\/#\\\/schema\\\/person\\\/f46445640444750d7d753ccd04ae01b7\"},\"headline\":\"Congreso aprueba ley de amnist\u00eda para polic\u00edas acusados de violaciones\",\"datePublished\":\"2025-06-13T09:44:20+00:00\",\"mainEntityOfPage\":{\"@id\":\"https:\\\/\\\/www.eldiario.net\\\/portal\\\/2025\\\/06\\\/13\\\/congreso-aprueba-ley-de-amnistia-para-policias-acusados-de-violaciones\\\/\"},\"wordCount\":620,\"publisher\":{\"@id\":\"https:\\\/\\\/www.eldiario.net\\\/portal\\\/#organization\"},\"image\":{\"@id\":\"https:\\\/\\\/www.eldiario.net\\\/portal\\\/2025\\\/06\\\/13\\\/congreso-aprueba-ley-de-amnistia-para-policias-acusados-de-violaciones\\\/#primaryimage\"},\"thumbnailUrl\":\"https:\\\/\\\/www.eldiario.net\\\/portal\\\/wp-content\\\/uploads\\\/2025\\\/06\\\/PERU-La-Republica.webp\",\"articleSection\":[\"Internacional\"],\"inLanguage\":\"es\"},{\"@type\":\"WebPage\",\"@id\":\"https:\\\/\\\/www.eldiario.net\\\/portal\\\/2025\\\/06\\\/13\\\/congreso-aprueba-ley-de-amnistia-para-policias-acusados-de-violaciones\\\/\",\"url\":\"https:\\\/\\\/www.eldiario.net\\\/portal\\\/2025\\\/06\\\/13\\\/congreso-aprueba-ley-de-amnistia-para-policias-acusados-de-violaciones\\\/\",\"name\":\"Congreso aprueba ley de amnist\u00eda para polic\u00edas acusados de violaciones - El Diario - Bolivia\",\"isPartOf\":{\"@id\":\"https:\\\/\\\/www.eldiario.net\\\/portal\\\/#website\"},\"primaryImageOfPage\":{\"@id\":\"https:\\\/\\\/www.eldiario.net\\\/portal\\\/2025\\\/06\\\/13\\\/congreso-aprueba-ley-de-amnistia-para-policias-acusados-de-violaciones\\\/#primaryimage\"},\"image\":{\"@id\":\"https:\\\/\\\/www.eldiario.net\\\/portal\\\/2025\\\/06\\\/13\\\/congreso-aprueba-ley-de-amnistia-para-policias-acusados-de-violaciones\\\/#primaryimage\"},\"thumbnailUrl\":\"https:\\\/\\\/www.eldiario.net\\\/portal\\\/wp-content\\\/uploads\\\/2025\\\/06\\\/PERU-La-Republica.webp\",\"datePublished\":\"2025-06-13T09:44:20+00:00\",\"breadcrumb\":{\"@id\":\"https:\\\/\\\/www.eldiario.net\\\/portal\\\/2025\\\/06\\\/13\\\/congreso-aprueba-ley-de-amnistia-para-policias-acusados-de-violaciones\\\/#breadcrumb\"},\"inLanguage\":\"es\",\"potentialAction\":[{\"@type\":\"ReadAction\",\"target\":[\"https:\\\/\\\/www.eldiario.net\\\/portal\\\/2025\\\/06\\\/13\\\/congreso-aprueba-ley-de-amnistia-para-policias-acusados-de-violaciones\\\/\"]}]},{\"@type\":\"ImageObject\",\"inLanguage\":\"es\",\"@id\":\"https:\\\/\\\/www.eldiario.net\\\/portal\\\/2025\\\/06\\\/13\\\/congreso-aprueba-ley-de-amnistia-para-policias-acusados-de-violaciones\\\/#primaryimage\",\"url\":\"https:\\\/\\\/www.eldiario.net\\\/portal\\\/wp-content\\\/uploads\\\/2025\\\/06\\\/PERU-La-Republica.webp\",\"contentUrl\":\"https:\\\/\\\/www.eldiario.net\\\/portal\\\/wp-content\\\/uploads\\\/2025\\\/06\\\/PERU-La-Republica.webp\",\"width\":640,\"height\":371,\"caption\":\"Congreso aprueba impunidad para polic\u00edas y militares. CREDITO: La Rep\u00fablica\"},{\"@type\":\"BreadcrumbList\",\"@id\":\"https:\\\/\\\/www.eldiario.net\\\/portal\\\/2025\\\/06\\\/13\\\/congreso-aprueba-ley-de-amnistia-para-policias-acusados-de-violaciones\\\/#breadcrumb\",\"itemListElement\":[{\"@type\":\"ListItem\",\"position\":1,\"name\":\"Portada\",\"item\":\"https:\\\/\\\/www.eldiario.net\\\/portal\\\/\"},{\"@type\":\"ListItem\",\"position\":2,\"name\":\"Congreso aprueba ley de amnist\u00eda para polic\u00edas acusados de violaciones\"}]},{\"@type\":\"WebSite\",\"@id\":\"https:\\\/\\\/www.eldiario.net\\\/portal\\\/#website\",\"url\":\"https:\\\/\\\/www.eldiario.net\\\/portal\\\/\",\"name\":\"El Diario - Decano de la prensa nacional\",\"description\":\"El Diario - Decano de la prensa nacional\",\"publisher\":{\"@id\":\"https:\\\/\\\/www.eldiario.net\\\/portal\\\/#organization\"},\"potentialAction\":[{\"@type\":\"SearchAction\",\"target\":{\"@type\":\"EntryPoint\",\"urlTemplate\":\"https:\\\/\\\/www.eldiario.net\\\/portal\\\/?s={search_term_string}\"},\"query-input\":{\"@type\":\"PropertyValueSpecification\",\"valueRequired\":true,\"valueName\":\"search_term_string\"}}],\"inLanguage\":\"es\"},{\"@type\":\"Organization\",\"@id\":\"https:\\\/\\\/www.eldiario.net\\\/portal\\\/#organization\",\"name\":\"El Diario - Decano de la prensa nacional\",\"url\":\"https:\\\/\\\/www.eldiario.net\\\/portal\\\/\",\"logo\":{\"@type\":\"ImageObject\",\"inLanguage\":\"es\",\"@id\":\"https:\\\/\\\/www.eldiario.net\\\/portal\\\/#\\\/schema\\\/logo\\\/image\\\/\",\"url\":\"https:\\\/\\\/www.eldiario.net\\\/portal\\\/wp-content\\\/uploads\\\/2023\\\/07\\\/logo_ED.jpg\",\"contentUrl\":\"https:\\\/\\\/www.eldiario.net\\\/portal\\\/wp-content\\\/uploads\\\/2023\\\/07\\\/logo_ED.jpg\",\"width\":272,\"height\":52,\"caption\":\"El Diario - Decano de la prensa nacional\"},\"image\":{\"@id\":\"https:\\\/\\\/www.eldiario.net\\\/portal\\\/#\\\/schema\\\/logo\\\/image\\\/\"},\"sameAs\":[\"https:\\\/\\\/www.facebook.com\\\/eldiario.bolivia\\\/\",\"https:\\\/\\\/x.com\\\/eldiario_net\"]},{\"@type\":\"Person\",\"@id\":\"https:\\\/\\\/www.eldiario.net\\\/portal\\\/#\\\/schema\\\/person\\\/f46445640444750d7d753ccd04ae01b7\",\"name\":\"Jeanette\",\"image\":{\"@type\":\"ImageObject\",\"inLanguage\":\"es\",\"@id\":\"https:\\\/\\\/secure.gravatar.com\\\/avatar\\\/3ea2118a5f7dad2b7138b1187a6b7ee55f160b9968b66013c3a3ef39dd7e5798?s=96&d=mm&r=g\",\"url\":\"https:\\\/\\\/secure.gravatar.com\\\/avatar\\\/3ea2118a5f7dad2b7138b1187a6b7ee55f160b9968b66013c3a3ef39dd7e5798?s=96&d=mm&r=g\",\"contentUrl\":\"https:\\\/\\\/secure.gravatar.com\\\/avatar\\\/3ea2118a5f7dad2b7138b1187a6b7ee55f160b9968b66013c3a3ef39dd7e5798?s=96&d=mm&r=g\",\"caption\":\"Jeanette\"},\"sameAs\":[\"https:\\\/\\\/www.eldiario.net\\\/portal\"],\"url\":\"https:\\\/\\\/www.eldiario.net\\\/portal\\\/author\\\/jeanette\\\/\"}]}<\/script>\n<!-- \/ Yoast SEO plugin. -->","yoast_head_json":{"title":"Congreso aprueba ley de amnist\u00eda para polic\u00edas acusados de violaciones - El Diario - Bolivia","robots":{"index":"index","follow":"follow","max-snippet":"max-snippet:-1","max-image-preview":"max-image-preview:large","max-video-preview":"max-video-preview:-1"},"canonical":"https:\/\/www.eldiario.net\/portal\/2025\/06\/13\/congreso-aprueba-ley-de-amnistia-para-policias-acusados-de-violaciones\/","og_locale":"es_ES","og_type":"article","og_title":"Congreso aprueba ley de amnist\u00eda para polic\u00edas acusados de violaciones - El Diario - Bolivia","og_description":"El Congreso de la Rep\u00fablica aprob\u00f3 el dictamen que concede una amnist\u00eda a miembros de las Fuerzas Armadas, Polic\u00eda Nacional y comit\u00e9s de autodefensa procesados por delitos cometidos durante el conflicto armado interno (1980-2000), una medida que fue ampliamente criticada por defensores de los derechos humanos. La norma recibi\u00f3 61 votos a favor, 44 en [&hellip;]","og_url":"https:\/\/www.eldiario.net\/portal\/2025\/06\/13\/congreso-aprueba-ley-de-amnistia-para-policias-acusados-de-violaciones\/","og_site_name":"El Diario - Bolivia","article_publisher":"https:\/\/www.facebook.com\/eldiario.bolivia\/","article_published_time":"2025-06-13T09:44:20+00:00","og_image":[{"width":640,"height":371,"url":"https:\/\/www.eldiario.net\/portal\/wp-content\/uploads\/2025\/06\/PERU-La-Republica.webp","type":"image\/webp"}],"author":"Jeanette","twitter_card":"summary_large_image","twitter_creator":"@eldiario_net","twitter_site":"@eldiario_net","twitter_misc":{"Escrito por":"Jeanette","Tiempo de lectura":"3 minutos"},"schema":{"@context":"https:\/\/schema.org","@graph":[{"@type":"Article","@id":"https:\/\/www.eldiario.net\/portal\/2025\/06\/13\/congreso-aprueba-ley-de-amnistia-para-policias-acusados-de-violaciones\/#article","isPartOf":{"@id":"https:\/\/www.eldiario.net\/portal\/2025\/06\/13\/congreso-aprueba-ley-de-amnistia-para-policias-acusados-de-violaciones\/"},"author":{"name":"Jeanette","@id":"https:\/\/www.eldiario.net\/portal\/#\/schema\/person\/f46445640444750d7d753ccd04ae01b7"},"headline":"Congreso aprueba ley de amnist\u00eda para polic\u00edas acusados de violaciones","datePublished":"2025-06-13T09:44:20+00:00","mainEntityOfPage":{"@id":"https:\/\/www.eldiario.net\/portal\/2025\/06\/13\/congreso-aprueba-ley-de-amnistia-para-policias-acusados-de-violaciones\/"},"wordCount":620,"publisher":{"@id":"https:\/\/www.eldiario.net\/portal\/#organization"},"image":{"@id":"https:\/\/www.eldiario.net\/portal\/2025\/06\/13\/congreso-aprueba-ley-de-amnistia-para-policias-acusados-de-violaciones\/#primaryimage"},"thumbnailUrl":"https:\/\/www.eldiario.net\/portal\/wp-content\/uploads\/2025\/06\/PERU-La-Republica.webp","articleSection":["Internacional"],"inLanguage":"es"},{"@type":"WebPage","@id":"https:\/\/www.eldiario.net\/portal\/2025\/06\/13\/congreso-aprueba-ley-de-amnistia-para-policias-acusados-de-violaciones\/","url":"https:\/\/www.eldiario.net\/portal\/2025\/06\/13\/congreso-aprueba-ley-de-amnistia-para-policias-acusados-de-violaciones\/","name":"Congreso aprueba ley de amnist\u00eda para polic\u00edas acusados de violaciones - El Diario - Bolivia","isPartOf":{"@id":"https:\/\/www.eldiario.net\/portal\/#website"},"primaryImageOfPage":{"@id":"https:\/\/www.eldiario.net\/portal\/2025\/06\/13\/congreso-aprueba-ley-de-amnistia-para-policias-acusados-de-violaciones\/#primaryimage"},"image":{"@id":"https:\/\/www.eldiario.net\/portal\/2025\/06\/13\/congreso-aprueba-ley-de-amnistia-para-policias-acusados-de-violaciones\/#primaryimage"},"thumbnailUrl":"https:\/\/www.eldiario.net\/portal\/wp-content\/uploads\/2025\/06\/PERU-La-Republica.webp","datePublished":"2025-06-13T09:44:20+00:00","breadcrumb":{"@id":"https:\/\/www.eldiario.net\/portal\/2025\/06\/13\/congreso-aprueba-ley-de-amnistia-para-policias-acusados-de-violaciones\/#breadcrumb"},"inLanguage":"es","potentialAction":[{"@type":"ReadAction","target":["https:\/\/www.eldiario.net\/portal\/2025\/06\/13\/congreso-aprueba-ley-de-amnistia-para-policias-acusados-de-violaciones\/"]}]},{"@type":"ImageObject","inLanguage":"es","@id":"https:\/\/www.eldiario.net\/portal\/2025\/06\/13\/congreso-aprueba-ley-de-amnistia-para-policias-acusados-de-violaciones\/#primaryimage","url":"https:\/\/www.eldiario.net\/portal\/wp-content\/uploads\/2025\/06\/PERU-La-Republica.webp","contentUrl":"https:\/\/www.eldiario.net\/portal\/wp-content\/uploads\/2025\/06\/PERU-La-Republica.webp","width":640,"height":371,"caption":"Congreso aprueba impunidad para polic\u00edas y militares. CREDITO: La Rep\u00fablica"},{"@type":"BreadcrumbList","@id":"https:\/\/www.eldiario.net\/portal\/2025\/06\/13\/congreso-aprueba-ley-de-amnistia-para-policias-acusados-de-violaciones\/#breadcrumb","itemListElement":[{"@type":"ListItem","position":1,"name":"Portada","item":"https:\/\/www.eldiario.net\/portal\/"},{"@type":"ListItem","position":2,"name":"Congreso aprueba ley de amnist\u00eda para polic\u00edas acusados de violaciones"}]},{"@type":"WebSite","@id":"https:\/\/www.eldiario.net\/portal\/#website","url":"https:\/\/www.eldiario.net\/portal\/","name":"El Diario - Decano de la prensa nacional","description":"El Diario - Decano de la prensa nacional","publisher":{"@id":"https:\/\/www.eldiario.net\/portal\/#organization"},"potentialAction":[{"@type":"SearchAction","target":{"@type":"EntryPoint","urlTemplate":"https:\/\/www.eldiario.net\/portal\/?s={search_term_string}"},"query-input":{"@type":"PropertyValueSpecification","valueRequired":true,"valueName":"search_term_string"}}],"inLanguage":"es"},{"@type":"Organization","@id":"https:\/\/www.eldiario.net\/portal\/#organization","name":"El Diario - Decano de la prensa nacional","url":"https:\/\/www.eldiario.net\/portal\/","logo":{"@type":"ImageObject","inLanguage":"es","@id":"https:\/\/www.eldiario.net\/portal\/#\/schema\/logo\/image\/","url":"https:\/\/www.eldiario.net\/portal\/wp-content\/uploads\/2023\/07\/logo_ED.jpg","contentUrl":"https:\/\/www.eldiario.net\/portal\/wp-content\/uploads\/2023\/07\/logo_ED.jpg","width":272,"height":52,"caption":"El Diario - Decano de la prensa nacional"},"image":{"@id":"https:\/\/www.eldiario.net\/portal\/#\/schema\/logo\/image\/"},"sameAs":["https:\/\/www.facebook.com\/eldiario.bolivia\/","https:\/\/x.com\/eldiario_net"]},{"@type":"Person","@id":"https:\/\/www.eldiario.net\/portal\/#\/schema\/person\/f46445640444750d7d753ccd04ae01b7","name":"Jeanette","image":{"@type":"ImageObject","inLanguage":"es","@id":"https:\/\/secure.gravatar.com\/avatar\/3ea2118a5f7dad2b7138b1187a6b7ee55f160b9968b66013c3a3ef39dd7e5798?s=96&d=mm&r=g","url":"https:\/\/secure.gravatar.com\/avatar\/3ea2118a5f7dad2b7138b1187a6b7ee55f160b9968b66013c3a3ef39dd7e5798?s=96&d=mm&r=g","contentUrl":"https:\/\/secure.gravatar.com\/avatar\/3ea2118a5f7dad2b7138b1187a6b7ee55f160b9968b66013c3a3ef39dd7e5798?s=96&d=mm&r=g","caption":"Jeanette"},"sameAs":["https:\/\/www.eldiario.net\/portal"],"url":"https:\/\/www.eldiario.net\/portal\/author\/jeanette\/"}]}},"_links":{"self":[{"href":"https:\/\/www.eldiario.net\/portal\/wp-json\/wp\/v2\/posts\/309295","targetHints":{"allow":["GET"]}}],"collection":[{"href":"https:\/\/www.eldiario.net\/portal\/wp-json\/wp\/v2\/posts"}],"about":[{"href":"https:\/\/www.eldiario.net\/portal\/wp-json\/wp\/v2\/types\/post"}],"author":[{"embeddable":true,"href":"https:\/\/www.eldiario.net\/portal\/wp-json\/wp\/v2\/users\/1"}],"replies":[{"embeddable":true,"href":"https:\/\/www.eldiario.net\/portal\/wp-json\/wp\/v2\/comments?post=309295"}],"version-history":[{"count":1,"href":"https:\/\/www.eldiario.net\/portal\/wp-json\/wp\/v2\/posts\/309295\/revisions"}],"predecessor-version":[{"id":309297,"href":"https:\/\/www.eldiario.net\/portal\/wp-json\/wp\/v2\/posts\/309295\/revisions\/309297"}],"wp:featuredmedia":[{"embeddable":true,"href":"https:\/\/www.eldiario.net\/portal\/wp-json\/wp\/v2\/media\/309296"}],"wp:attachment":[{"href":"https:\/\/www.eldiario.net\/portal\/wp-json\/wp\/v2\/media?parent=309295"}],"wp:term":[{"taxonomy":"category","embeddable":true,"href":"https:\/\/www.eldiario.net\/portal\/wp-json\/wp\/v2\/categories?post=309295"},{"taxonomy":"post_tag","embeddable":true,"href":"https:\/\/www.eldiario.net\/portal\/wp-json\/wp\/v2\/tags?post=309295"}],"curies":[{"name":"wp","href":"https:\/\/api.w.org\/{rel}","templated":true}]}}