{"id":309292,"date":"2025-06-13T05:42:47","date_gmt":"2025-06-13T09:42:47","guid":{"rendered":"https:\/\/www.eldiario.net\/portal\/?p=309292"},"modified":"2025-06-13T05:42:47","modified_gmt":"2025-06-13T09:42:47","slug":"policia-confirma-un-sobreviviente-del-accidente-de-avion-air-india","status":"publish","type":"post","link":"https:\/\/www.eldiario.net\/portal\/2025\/06\/13\/policia-confirma-un-sobreviviente-del-accidente-de-avion-air-india\/","title":{"rendered":"Polic\u00eda confirma un sobreviviente del accidente de avi\u00f3n Air India"},"content":{"rendered":"<p>\u201cLa Polic\u00eda encontr\u00f3 un sobreviviente en el asiento 11A\u201d, declar\u00f3 el comisionado de la polic\u00eda de Ahmedabad, GS Malik, al ser consultado por los medios en medio del caos.<br \/>\nLa aeronave, un Boeing 787-8 Dreamliner, hab\u00eda despegado del aeropuerto Sardar Vallabhbhai Patel en Ahmedabad con destino a Londres-Gatwick, pero se precipit\u00f3 pocos minutos despu\u00e9s sobre una zona residencial, lo que provoc\u00f3 una tragedia a\u00fan mayor. En total, 242 personas viajaban a bordo, y los primeros informes confirmaron que 204 cuerpos fueron recuperados, mientras que otras 41 personas estaban heridas y bajo tratamiento, entre pasajeros y v\u00edctimas en tierra. Las autoridades indicaron que las tareas de rescate contin\u00faan.<br \/>\nEl vuelo AI-171 se convirti\u00f3 en el epicentro de una de las peores tragedias a\u00e9reas del a\u00f1o. Las c\u00e1maras de televisi\u00f3n captaron columnas de humo negro elev\u00e1ndose desde las inmediaciones del aeropuerto, mientras los bomberos intentaban controlar los incendios desatados por el impacto. Testigos presenciales relataron que el avi\u00f3n \u201ccay\u00f3 abruptamente tras el despegue\u201d y termin\u00f3 chocando contra oficinas y viviendas, lo que multiplic\u00f3 el n\u00famero de v\u00edctimas.<br \/>\nEL AVI\u00d3N Y EL MILAGRO<br \/>\nEl Boeing 787-8 Dreamliner que operaba Air India est\u00e1 configurado con 256 a 259 asientos distribuidos en dos clases. La cabina Business tiene 18 asientos con servicio gastron\u00f3mico y entretenimiento personalizado, mientras que la clase econ\u00f3mica ofrece 238 plazas con servicios b\u00e1sicos, pantallas individuales y cargadores para dispositivos.<br \/>\nEl \u00fanico sobreviviente, hallado en el asiento 11A, viajaba en clase econ\u00f3mica. Aunque a\u00fan no se ha difundido detalles sobre su estado de salud, el sobreviviente fue identificado como Viswashkumar Ramesh de ciudadan\u00eda brit\u00e1nica.<br \/>\nLos rescatistas describieron que esa zona de la aeronave, si bien severamente da\u00f1ada, no fue completamente destruida como ocurri\u00f3 con las filas posteriores, que resultaron carbonizadas por el impacto y el incendio subsiguiente. Los t\u00e9cnicos que trabajan en el an\u00e1lisis del fuselaje sostienen que el \u00e1rea cercana a las alas, donde se encuentra la fila 11, recibi\u00f3 parte del impacto pero no se desintegr\u00f3 totalmente, lo que podr\u00eda haber salvado su vida.<\/p>\n<p>AIR INDIA Y BOEING<br \/>\nHoras despu\u00e9s del siniestro, Air India emiti\u00f3 un breve comunicado confirmando que su vuelo hab\u00eda estado \u201cinvolucrado en un incidente\u201d, y m\u00e1s tarde, su presidente Natarajan Chandrasekaran ratific\u00f3 que se trataba de un \u201ctr\u00e1gico accidente\u201d.<br \/>\n\u201cCon profundo pesar confirmo que el vuelo 171 de Air India que operaba Ahmedabad &#8211; Londres Gatwick ha sufrido hoy un tr\u00e1gico accidente. Nuestros pensamientos y m\u00e1s profundas condolencias est\u00e1n con las familias y seres queridos de todos los afectados por este devastador suceso\u201d, lament\u00f3 Chandrasekaran, y anunci\u00f3 que la aerol\u00ednea activ\u00f3 un centro de emergencia y un equipo de apoyo para asistir a los familiares de las v\u00edctimas.<br \/>\nPor su parte, Boeing, fabricante del modelo siniestrado, expres\u00f3 en redes sociales: \u201cEstamos en contacto con Air India en relaci\u00f3n con el vuelo 171 y estamos listos para brindarles apoyo. Acompa\u00f1amos en el sentimiento a los pasajeros, la tripulaci\u00f3n, el personal de primera respuesta y a todos los afectados\u201d.<br \/>\nLa compa\u00f1\u00eda estadounidense no ofreci\u00f3 detalles t\u00e9cnicos ni hip\u00f3tesis sobre las causas, aunque se espera que colabore en la investigaci\u00f3n junto con las autoridades indias. En medio de la incertidumbre, las acciones de Boeing cayeron un 8% en las operaciones previas a la apertura del mercado estadounidense, reflejo del impacto inmediato que la tragedia tuvo en la industria aeron\u00e1utica global. (Infobae)<\/p>\n<p>&nbsp;<\/p>\n","protected":false},"excerpt":{"rendered":"<p>\u201cLa Polic\u00eda encontr\u00f3 un sobreviviente en el asiento 11A\u201d, declar\u00f3 el comisionado de la polic\u00eda de Ahmedabad, GS Malik, al ser consultado por los medios en medio del caos. La aeronave, un Boeing 787-8 Dreamliner, hab\u00eda despegado del aeropuerto Sardar Vallabhbhai Patel en Ahmedabad con destino a Londres-Gatwick, pero se precipit\u00f3 pocos minutos despu\u00e9s sobre [&hellip;]<\/p>\n","protected":false},"author":1,"featured_media":309293,"comment_status":"closed","ping_status":"open","sticky":false,"template":"","format":"standard","meta":{"_acf_changed":false,"footnotes":""},"categories":[3],"tags":[],"class_list":["post-309292","post","type-post","status-publish","format-standard","has-post-thumbnail","category-internacional"],"acf":{"antetitulo":""},"yoast_head":"<!-- This site is optimized with the Yoast SEO plugin v28.4 - https:\/\/yoast.com\/product\/yoast-seo-wordpress\/ -->\n<title>Polic\u00eda confirma un sobreviviente del accidente de avi\u00f3n Air India - El Diario - Bolivia<\/title>\n<meta name=\"robots\" content=\"index, follow, max-snippet:-1, max-image-preview:large, max-video-preview:-1\" \/>\n<link rel=\"canonical\" href=\"https:\/\/www.eldiario.net\/portal\/2025\/06\/13\/policia-confirma-un-sobreviviente-del-accidente-de-avion-air-india\/\" \/>\n<meta property=\"og:locale\" content=\"es_ES\" \/>\n<meta property=\"og:type\" content=\"article\" \/>\n<meta property=\"og:title\" content=\"Polic\u00eda confirma un sobreviviente del accidente de avi\u00f3n Air India - El Diario - Bolivia\" \/>\n<meta property=\"og:description\" content=\"\u201cLa Polic\u00eda encontr\u00f3 un sobreviviente en el asiento 11A\u201d, declar\u00f3 el comisionado de la polic\u00eda de Ahmedabad, GS Malik, al ser consultado por los medios en medio del caos. La aeronave, un Boeing 787-8 Dreamliner, hab\u00eda despegado del aeropuerto Sardar Vallabhbhai Patel en Ahmedabad con destino a Londres-Gatwick, pero se precipit\u00f3 pocos minutos despu\u00e9s sobre [&hellip;]\" \/>\n<meta property=\"og:url\" content=\"https:\/\/www.eldiario.net\/portal\/2025\/06\/13\/policia-confirma-un-sobreviviente-del-accidente-de-avion-air-india\/\" \/>\n<meta property=\"og:site_name\" content=\"El Diario - Bolivia\" \/>\n<meta property=\"article:publisher\" content=\"https:\/\/www.facebook.com\/eldiario.bolivia\/\" \/>\n<meta property=\"article:published_time\" content=\"2025-06-13T09:42:47+00:00\" \/>\n<meta property=\"og:image\" content=\"https:\/\/www.eldiario.net\/portal\/wp-content\/uploads\/2025\/06\/ACCIDENTE-Imago.webp\" \/>\n\t<meta property=\"og:image:width\" content=\"1200\" \/>\n\t<meta property=\"og:image:height\" content=\"525\" \/>\n\t<meta property=\"og:image:type\" content=\"image\/webp\" \/>\n<meta name=\"author\" content=\"Jeanette\" \/>\n<meta name=\"twitter:card\" content=\"summary_large_image\" \/>\n<meta name=\"twitter:creator\" content=\"@eldiario_net\" \/>\n<meta name=\"twitter:site\" content=\"@eldiario_net\" \/>\n<meta name=\"twitter:label1\" content=\"Escrito por\" \/>\n\t<meta name=\"twitter:data1\" content=\"Jeanette\" \/>\n\t<meta name=\"twitter:label2\" content=\"Tiempo de lectura\" \/>\n\t<meta name=\"twitter:data2\" content=\"3 minutos\" \/>\n<script type=\"application\/ld+json\" class=\"yoast-schema-graph\">{\"@context\":\"https:\\\/\\\/schema.org\",\"@graph\":[{\"@type\":\"Article\",\"@id\":\"https:\\\/\\\/www.eldiario.net\\\/portal\\\/2025\\\/06\\\/13\\\/policia-confirma-un-sobreviviente-del-accidente-de-avion-air-india\\\/#article\",\"isPartOf\":{\"@id\":\"https:\\\/\\\/www.eldiario.net\\\/portal\\\/2025\\\/06\\\/13\\\/policia-confirma-un-sobreviviente-del-accidente-de-avion-air-india\\\/\"},\"author\":{\"name\":\"Jeanette\",\"@id\":\"https:\\\/\\\/www.eldiario.net\\\/portal\\\/#\\\/schema\\\/person\\\/f46445640444750d7d753ccd04ae01b7\"},\"headline\":\"Polic\u00eda confirma un sobreviviente del accidente de avi\u00f3n Air India\",\"datePublished\":\"2025-06-13T09:42:47+00:00\",\"mainEntityOfPage\":{\"@id\":\"https:\\\/\\\/www.eldiario.net\\\/portal\\\/2025\\\/06\\\/13\\\/policia-confirma-un-sobreviviente-del-accidente-de-avion-air-india\\\/\"},\"wordCount\":598,\"publisher\":{\"@id\":\"https:\\\/\\\/www.eldiario.net\\\/portal\\\/#organization\"},\"image\":{\"@id\":\"https:\\\/\\\/www.eldiario.net\\\/portal\\\/2025\\\/06\\\/13\\\/policia-confirma-un-sobreviviente-del-accidente-de-avion-air-india\\\/#primaryimage\"},\"thumbnailUrl\":\"https:\\\/\\\/www.eldiario.net\\\/portal\\\/wp-content\\\/uploads\\\/2025\\\/06\\\/ACCIDENTE-Imago.webp\",\"articleSection\":[\"Internacional\"],\"inLanguage\":\"es\"},{\"@type\":\"WebPage\",\"@id\":\"https:\\\/\\\/www.eldiario.net\\\/portal\\\/2025\\\/06\\\/13\\\/policia-confirma-un-sobreviviente-del-accidente-de-avion-air-india\\\/\",\"url\":\"https:\\\/\\\/www.eldiario.net\\\/portal\\\/2025\\\/06\\\/13\\\/policia-confirma-un-sobreviviente-del-accidente-de-avion-air-india\\\/\",\"name\":\"Polic\u00eda confirma un sobreviviente del accidente de avi\u00f3n Air India - El Diario - Bolivia\",\"isPartOf\":{\"@id\":\"https:\\\/\\\/www.eldiario.net\\\/portal\\\/#website\"},\"primaryImageOfPage\":{\"@id\":\"https:\\\/\\\/www.eldiario.net\\\/portal\\\/2025\\\/06\\\/13\\\/policia-confirma-un-sobreviviente-del-accidente-de-avion-air-india\\\/#primaryimage\"},\"image\":{\"@id\":\"https:\\\/\\\/www.eldiario.net\\\/portal\\\/2025\\\/06\\\/13\\\/policia-confirma-un-sobreviviente-del-accidente-de-avion-air-india\\\/#primaryimage\"},\"thumbnailUrl\":\"https:\\\/\\\/www.eldiario.net\\\/portal\\\/wp-content\\\/uploads\\\/2025\\\/06\\\/ACCIDENTE-Imago.webp\",\"datePublished\":\"2025-06-13T09:42:47+00:00\",\"breadcrumb\":{\"@id\":\"https:\\\/\\\/www.eldiario.net\\\/portal\\\/2025\\\/06\\\/13\\\/policia-confirma-un-sobreviviente-del-accidente-de-avion-air-india\\\/#breadcrumb\"},\"inLanguage\":\"es\",\"potentialAction\":[{\"@type\":\"ReadAction\",\"target\":[\"https:\\\/\\\/www.eldiario.net\\\/portal\\\/2025\\\/06\\\/13\\\/policia-confirma-un-sobreviviente-del-accidente-de-avion-air-india\\\/\"]}]},{\"@type\":\"ImageObject\",\"inLanguage\":\"es\",\"@id\":\"https:\\\/\\\/www.eldiario.net\\\/portal\\\/2025\\\/06\\\/13\\\/policia-confirma-un-sobreviviente-del-accidente-de-avion-air-india\\\/#primaryimage\",\"url\":\"https:\\\/\\\/www.eldiario.net\\\/portal\\\/wp-content\\\/uploads\\\/2025\\\/06\\\/ACCIDENTE-Imago.webp\",\"contentUrl\":\"https:\\\/\\\/www.eldiario.net\\\/portal\\\/wp-content\\\/uploads\\\/2025\\\/06\\\/ACCIDENTE-Imago.webp\",\"width\":1200,\"height\":525,\"caption\":\"La polic\u00eda encontr\u00f3 a un sobreviviente en el asiento 11A.\"},{\"@type\":\"BreadcrumbList\",\"@id\":\"https:\\\/\\\/www.eldiario.net\\\/portal\\\/2025\\\/06\\\/13\\\/policia-confirma-un-sobreviviente-del-accidente-de-avion-air-india\\\/#breadcrumb\",\"itemListElement\":[{\"@type\":\"ListItem\",\"position\":1,\"name\":\"Portada\",\"item\":\"https:\\\/\\\/www.eldiario.net\\\/portal\\\/\"},{\"@type\":\"ListItem\",\"position\":2,\"name\":\"Polic\u00eda confirma un sobreviviente del accidente de avi\u00f3n Air India\"}]},{\"@type\":\"WebSite\",\"@id\":\"https:\\\/\\\/www.eldiario.net\\\/portal\\\/#website\",\"url\":\"https:\\\/\\\/www.eldiario.net\\\/portal\\\/\",\"name\":\"El Diario - Decano de la prensa nacional\",\"description\":\"El Diario - Decano de la prensa nacional\",\"publisher\":{\"@id\":\"https:\\\/\\\/www.eldiario.net\\\/portal\\\/#organization\"},\"potentialAction\":[{\"@type\":\"SearchAction\",\"target\":{\"@type\":\"EntryPoint\",\"urlTemplate\":\"https:\\\/\\\/www.eldiario.net\\\/portal\\\/?s={search_term_string}\"},\"query-input\":{\"@type\":\"PropertyValueSpecification\",\"valueRequired\":true,\"valueName\":\"search_term_string\"}}],\"inLanguage\":\"es\"},{\"@type\":\"Organization\",\"@id\":\"https:\\\/\\\/www.eldiario.net\\\/portal\\\/#organization\",\"name\":\"El Diario - Decano de la prensa nacional\",\"url\":\"https:\\\/\\\/www.eldiario.net\\\/portal\\\/\",\"logo\":{\"@type\":\"ImageObject\",\"inLanguage\":\"es\",\"@id\":\"https:\\\/\\\/www.eldiario.net\\\/portal\\\/#\\\/schema\\\/logo\\\/image\\\/\",\"url\":\"https:\\\/\\\/www.eldiario.net\\\/portal\\\/wp-content\\\/uploads\\\/2023\\\/07\\\/logo_ED.jpg\",\"contentUrl\":\"https:\\\/\\\/www.eldiario.net\\\/portal\\\/wp-content\\\/uploads\\\/2023\\\/07\\\/logo_ED.jpg\",\"width\":272,\"height\":52,\"caption\":\"El Diario - Decano de la prensa nacional\"},\"image\":{\"@id\":\"https:\\\/\\\/www.eldiario.net\\\/portal\\\/#\\\/schema\\\/logo\\\/image\\\/\"},\"sameAs\":[\"https:\\\/\\\/www.facebook.com\\\/eldiario.bolivia\\\/\",\"https:\\\/\\\/x.com\\\/eldiario_net\"]},{\"@type\":\"Person\",\"@id\":\"https:\\\/\\\/www.eldiario.net\\\/portal\\\/#\\\/schema\\\/person\\\/f46445640444750d7d753ccd04ae01b7\",\"name\":\"Jeanette\",\"image\":{\"@type\":\"ImageObject\",\"inLanguage\":\"es\",\"@id\":\"https:\\\/\\\/secure.gravatar.com\\\/avatar\\\/3ea2118a5f7dad2b7138b1187a6b7ee55f160b9968b66013c3a3ef39dd7e5798?s=96&d=mm&r=g\",\"url\":\"https:\\\/\\\/secure.gravatar.com\\\/avatar\\\/3ea2118a5f7dad2b7138b1187a6b7ee55f160b9968b66013c3a3ef39dd7e5798?s=96&d=mm&r=g\",\"contentUrl\":\"https:\\\/\\\/secure.gravatar.com\\\/avatar\\\/3ea2118a5f7dad2b7138b1187a6b7ee55f160b9968b66013c3a3ef39dd7e5798?s=96&d=mm&r=g\",\"caption\":\"Jeanette\"},\"sameAs\":[\"https:\\\/\\\/www.eldiario.net\\\/portal\"],\"url\":\"https:\\\/\\\/www.eldiario.net\\\/portal\\\/author\\\/jeanette\\\/\"}]}<\/script>\n<!-- \/ Yoast SEO plugin. -->","yoast_head_json":{"title":"Polic\u00eda confirma un sobreviviente del accidente de avi\u00f3n Air India - El Diario - Bolivia","robots":{"index":"index","follow":"follow","max-snippet":"max-snippet:-1","max-image-preview":"max-image-preview:large","max-video-preview":"max-video-preview:-1"},"canonical":"https:\/\/www.eldiario.net\/portal\/2025\/06\/13\/policia-confirma-un-sobreviviente-del-accidente-de-avion-air-india\/","og_locale":"es_ES","og_type":"article","og_title":"Polic\u00eda confirma un sobreviviente del accidente de avi\u00f3n Air India - El Diario - Bolivia","og_description":"\u201cLa Polic\u00eda encontr\u00f3 un sobreviviente en el asiento 11A\u201d, declar\u00f3 el comisionado de la polic\u00eda de Ahmedabad, GS Malik, al ser consultado por los medios en medio del caos. La aeronave, un Boeing 787-8 Dreamliner, hab\u00eda despegado del aeropuerto Sardar Vallabhbhai Patel en Ahmedabad con destino a Londres-Gatwick, pero se precipit\u00f3 pocos minutos despu\u00e9s sobre [&hellip;]","og_url":"https:\/\/www.eldiario.net\/portal\/2025\/06\/13\/policia-confirma-un-sobreviviente-del-accidente-de-avion-air-india\/","og_site_name":"El Diario - Bolivia","article_publisher":"https:\/\/www.facebook.com\/eldiario.bolivia\/","article_published_time":"2025-06-13T09:42:47+00:00","og_image":[{"width":1200,"height":525,"url":"https:\/\/www.eldiario.net\/portal\/wp-content\/uploads\/2025\/06\/ACCIDENTE-Imago.webp","type":"image\/webp"}],"author":"Jeanette","twitter_card":"summary_large_image","twitter_creator":"@eldiario_net","twitter_site":"@eldiario_net","twitter_misc":{"Escrito por":"Jeanette","Tiempo de lectura":"3 minutos"},"schema":{"@context":"https:\/\/schema.org","@graph":[{"@type":"Article","@id":"https:\/\/www.eldiario.net\/portal\/2025\/06\/13\/policia-confirma-un-sobreviviente-del-accidente-de-avion-air-india\/#article","isPartOf":{"@id":"https:\/\/www.eldiario.net\/portal\/2025\/06\/13\/policia-confirma-un-sobreviviente-del-accidente-de-avion-air-india\/"},"author":{"name":"Jeanette","@id":"https:\/\/www.eldiario.net\/portal\/#\/schema\/person\/f46445640444750d7d753ccd04ae01b7"},"headline":"Polic\u00eda confirma un sobreviviente del accidente de avi\u00f3n Air India","datePublished":"2025-06-13T09:42:47+00:00","mainEntityOfPage":{"@id":"https:\/\/www.eldiario.net\/portal\/2025\/06\/13\/policia-confirma-un-sobreviviente-del-accidente-de-avion-air-india\/"},"wordCount":598,"publisher":{"@id":"https:\/\/www.eldiario.net\/portal\/#organization"},"image":{"@id":"https:\/\/www.eldiario.net\/portal\/2025\/06\/13\/policia-confirma-un-sobreviviente-del-accidente-de-avion-air-india\/#primaryimage"},"thumbnailUrl":"https:\/\/www.eldiario.net\/portal\/wp-content\/uploads\/2025\/06\/ACCIDENTE-Imago.webp","articleSection":["Internacional"],"inLanguage":"es"},{"@type":"WebPage","@id":"https:\/\/www.eldiario.net\/portal\/2025\/06\/13\/policia-confirma-un-sobreviviente-del-accidente-de-avion-air-india\/","url":"https:\/\/www.eldiario.net\/portal\/2025\/06\/13\/policia-confirma-un-sobreviviente-del-accidente-de-avion-air-india\/","name":"Polic\u00eda confirma un sobreviviente del accidente de avi\u00f3n Air India - El Diario - Bolivia","isPartOf":{"@id":"https:\/\/www.eldiario.net\/portal\/#website"},"primaryImageOfPage":{"@id":"https:\/\/www.eldiario.net\/portal\/2025\/06\/13\/policia-confirma-un-sobreviviente-del-accidente-de-avion-air-india\/#primaryimage"},"image":{"@id":"https:\/\/www.eldiario.net\/portal\/2025\/06\/13\/policia-confirma-un-sobreviviente-del-accidente-de-avion-air-india\/#primaryimage"},"thumbnailUrl":"https:\/\/www.eldiario.net\/portal\/wp-content\/uploads\/2025\/06\/ACCIDENTE-Imago.webp","datePublished":"2025-06-13T09:42:47+00:00","breadcrumb":{"@id":"https:\/\/www.eldiario.net\/portal\/2025\/06\/13\/policia-confirma-un-sobreviviente-del-accidente-de-avion-air-india\/#breadcrumb"},"inLanguage":"es","potentialAction":[{"@type":"ReadAction","target":["https:\/\/www.eldiario.net\/portal\/2025\/06\/13\/policia-confirma-un-sobreviviente-del-accidente-de-avion-air-india\/"]}]},{"@type":"ImageObject","inLanguage":"es","@id":"https:\/\/www.eldiario.net\/portal\/2025\/06\/13\/policia-confirma-un-sobreviviente-del-accidente-de-avion-air-india\/#primaryimage","url":"https:\/\/www.eldiario.net\/portal\/wp-content\/uploads\/2025\/06\/ACCIDENTE-Imago.webp","contentUrl":"https:\/\/www.eldiario.net\/portal\/wp-content\/uploads\/2025\/06\/ACCIDENTE-Imago.webp","width":1200,"height":525,"caption":"La polic\u00eda encontr\u00f3 a un sobreviviente en el asiento 11A."},{"@type":"BreadcrumbList","@id":"https:\/\/www.eldiario.net\/portal\/2025\/06\/13\/policia-confirma-un-sobreviviente-del-accidente-de-avion-air-india\/#breadcrumb","itemListElement":[{"@type":"ListItem","position":1,"name":"Portada","item":"https:\/\/www.eldiario.net\/portal\/"},{"@type":"ListItem","position":2,"name":"Polic\u00eda confirma un sobreviviente del accidente de avi\u00f3n Air India"}]},{"@type":"WebSite","@id":"https:\/\/www.eldiario.net\/portal\/#website","url":"https:\/\/www.eldiario.net\/portal\/","name":"El Diario - Decano de la prensa nacional","description":"El Diario - Decano de la prensa nacional","publisher":{"@id":"https:\/\/www.eldiario.net\/portal\/#organization"},"potentialAction":[{"@type":"SearchAction","target":{"@type":"EntryPoint","urlTemplate":"https:\/\/www.eldiario.net\/portal\/?s={search_term_string}"},"query-input":{"@type":"PropertyValueSpecification","valueRequired":true,"valueName":"search_term_string"}}],"inLanguage":"es"},{"@type":"Organization","@id":"https:\/\/www.eldiario.net\/portal\/#organization","name":"El Diario - Decano de la prensa nacional","url":"https:\/\/www.eldiario.net\/portal\/","logo":{"@type":"ImageObject","inLanguage":"es","@id":"https:\/\/www.eldiario.net\/portal\/#\/schema\/logo\/image\/","url":"https:\/\/www.eldiario.net\/portal\/wp-content\/uploads\/2023\/07\/logo_ED.jpg","contentUrl":"https:\/\/www.eldiario.net\/portal\/wp-content\/uploads\/2023\/07\/logo_ED.jpg","width":272,"height":52,"caption":"El Diario - Decano de la prensa nacional"},"image":{"@id":"https:\/\/www.eldiario.net\/portal\/#\/schema\/logo\/image\/"},"sameAs":["https:\/\/www.facebook.com\/eldiario.bolivia\/","https:\/\/x.com\/eldiario_net"]},{"@type":"Person","@id":"https:\/\/www.eldiario.net\/portal\/#\/schema\/person\/f46445640444750d7d753ccd04ae01b7","name":"Jeanette","image":{"@type":"ImageObject","inLanguage":"es","@id":"https:\/\/secure.gravatar.com\/avatar\/3ea2118a5f7dad2b7138b1187a6b7ee55f160b9968b66013c3a3ef39dd7e5798?s=96&d=mm&r=g","url":"https:\/\/secure.gravatar.com\/avatar\/3ea2118a5f7dad2b7138b1187a6b7ee55f160b9968b66013c3a3ef39dd7e5798?s=96&d=mm&r=g","contentUrl":"https:\/\/secure.gravatar.com\/avatar\/3ea2118a5f7dad2b7138b1187a6b7ee55f160b9968b66013c3a3ef39dd7e5798?s=96&d=mm&r=g","caption":"Jeanette"},"sameAs":["https:\/\/www.eldiario.net\/portal"],"url":"https:\/\/www.eldiario.net\/portal\/author\/jeanette\/"}]}},"_links":{"self":[{"href":"https:\/\/www.eldiario.net\/portal\/wp-json\/wp\/v2\/posts\/309292","targetHints":{"allow":["GET"]}}],"collection":[{"href":"https:\/\/www.eldiario.net\/portal\/wp-json\/wp\/v2\/posts"}],"about":[{"href":"https:\/\/www.eldiario.net\/portal\/wp-json\/wp\/v2\/types\/post"}],"author":[{"embeddable":true,"href":"https:\/\/www.eldiario.net\/portal\/wp-json\/wp\/v2\/users\/1"}],"replies":[{"embeddable":true,"href":"https:\/\/www.eldiario.net\/portal\/wp-json\/wp\/v2\/comments?post=309292"}],"version-history":[{"count":1,"href":"https:\/\/www.eldiario.net\/portal\/wp-json\/wp\/v2\/posts\/309292\/revisions"}],"predecessor-version":[{"id":309294,"href":"https:\/\/www.eldiario.net\/portal\/wp-json\/wp\/v2\/posts\/309292\/revisions\/309294"}],"wp:featuredmedia":[{"embeddable":true,"href":"https:\/\/www.eldiario.net\/portal\/wp-json\/wp\/v2\/media\/309293"}],"wp:attachment":[{"href":"https:\/\/www.eldiario.net\/portal\/wp-json\/wp\/v2\/media?parent=309292"}],"wp:term":[{"taxonomy":"category","embeddable":true,"href":"https:\/\/www.eldiario.net\/portal\/wp-json\/wp\/v2\/categories?post=309292"},{"taxonomy":"post_tag","embeddable":true,"href":"https:\/\/www.eldiario.net\/portal\/wp-json\/wp\/v2\/tags?post=309292"}],"curies":[{"name":"wp","href":"https:\/\/api.w.org\/{rel}","templated":true}]}}