{"id":309289,"date":"2025-06-13T05:42:03","date_gmt":"2025-06-13T09:42:03","guid":{"rendered":"https:\/\/www.eldiario.net\/portal\/?p=309289"},"modified":"2025-06-13T05:42:03","modified_gmt":"2025-06-13T09:42:03","slug":"advierten-sobre-verdadera-razon-para-decreto-de-consulta-popular-de-petro","status":"publish","type":"post","link":"https:\/\/www.eldiario.net\/portal\/2025\/06\/13\/advierten-sobre-verdadera-razon-para-decreto-de-consulta-popular-de-petro\/","title":{"rendered":"Advierten sobre verdadera raz\u00f3n para  decreto de consulta popular de Petro"},"content":{"rendered":"<p class=\"v1MsoNormal\">El presidente Gustavo Petro desat\u00f3 una gran pol\u00e9mica tras consumar el llamado \u00abdecretazo\u00bb con el que convoca a la consulta popular para el pr\u00f3ximo 7 de agosto. La decisi\u00f3n desat\u00f3 toda una tormenta pol\u00edtica y muchos sectores sentaron su voz de protesta, al calificar al mandatario como un \u00abdictador\u00bb.<\/p>\n<p class=\"v1MsoNormal\">Varios congresistas hablaron en El Debate de Semana acerca de este tema y hasta se\u00f1alaron qu\u00e9 es lo que habr\u00eda detr\u00e1s de esta determinaci\u00f3n del jefe de Estado. Daniel Carvalho, representante a la C\u00e1mara por Antioquia, se mostr\u00f3 en contra del decreto.<\/p>\n<p class=\"v1MsoNormal\">\u00abMe parece que est\u00e1 tomando unas actitudes autoritarias y antidemocr\u00e1ticas. El presidente se est\u00e1 autodenominando como el due\u00f1o de los poderes Ejecutivo, Legislativo y Judicial. Adem\u00e1s, quiere ser autoridad electoral\u00bb, apunt\u00f3.<\/p>\n<p class=\"v1MsoNormal\">El congresista enfatiz\u00f3 en que el presidente debi\u00f3 seguir lo que establece la ley, es decir, demandar la decisi\u00f3n para que la Corte fuera la que decidiera. Sin embargo, esto no lo hizo y, desde la visi\u00f3n de Carvalho, \u00abdesconoci\u00f3 el ordenamiento territorial\u00bb.<\/p>\n<p class=\"v1MsoNormal\">\u00abEs sin duda una afrenta a la Constituci\u00f3n y a la separaci\u00f3n de poderes\u00bb, se\u00f1al\u00f3.<\/p>\n<p class=\"v1MsoNormal\">En esa misma l\u00ednea, advirti\u00f3 que esta no es una decisi\u00f3n improvisada, sino que detr\u00e1s de esto hay motivo claro. \u00abPetro sabe que la consulta se va a caer, \u00e9l sabe que eso es ilegal, pero le sirve generar este caos para poner a Colombia en el escenario que le gusta: la confrontaci\u00f3n\u00bb, sostuvo.<\/p>\n<p class=\"v1MsoNormal\">\u00abPara m\u00ed todo esto no es m\u00e1s que una cortina de humo cuya finalidad va a ser, hoy lo confesaron: montar el escenario de una asamblea nacional constituyente\u00bb, apunt\u00f3.<\/p>\n<p class=\"v1MsoNormal\">El representante alert\u00f3 que esto ser\u00eda muy \u00abpeligroso\u00bb para el pa\u00eds, pero especialmente para la izquierda y el petrismo.<\/p>\n<p class=\"v1MsoNormal\">Por su parte, Jennifer Pedraza, representante a la C\u00e1mara por el partido Dignidad y Compromiso, asegur\u00f3 que, actualmente, se vive un momento complejo en Colombia por la violencia pol\u00edtica que se desat\u00f3.<\/p>\n<p class=\"v1MsoNormal\">Por lo mismo, advirti\u00f3 que hay que ser prudentes con los calificativos que se utilizan en contra del presidente y de otros l\u00edderes pol\u00edticos. No obstante, sostuvo que con el &#8216;decretazo&#8217;, Petro aumenta su \u00abarbitrariedad y su autoritarismo\u00bb.<\/p>\n<p class=\"v1MsoNormal\">\u00abPetro est\u00e1 pas\u00e1ndose por la faja y desconociendo los rangos de poder que est\u00e1n a la misma altura y nivel que el Ejecutivo\u00bb, manifest\u00f3.<\/p>\n<p class=\"v1MsoNormal\">Pedraza le record\u00f3 al m\u00e1ximo mandatario que la democracia tambi\u00e9n consiste en que haya un sistema de pesos y contrapesos, lo que deriva en que exista respeto entre las tres ramas del poder.<\/p>\n<p class=\"v1MsoNormal\">\u00abNo hay nada m\u00e1s arriesgado e irresponsable que llamar a una asamblea nacional constituyente. Es una p\u00e9sima idea porque podr\u00edamos tener un retroceso en los derechos. (&#8230;). Cada vez hay una deriva m\u00e1s autoritaria por parte del presidente Petro\u00bb, concluy\u00f3.<\/p>\n<p class=\"v1MsoNormal\">Pese a que m\u00faltiples sectores lo cuestionaron y se mostraron en contra de la decisi\u00f3n, el jefe de Estado mantiene en firme su postura y dej\u00f3 en claro que seguir\u00e1 adelante con esta determinaci\u00f3n, la cual desat\u00f3 una gran tormenta pol\u00edtica.<\/p>\n","protected":false},"excerpt":{"rendered":"<p>El presidente Gustavo Petro desat\u00f3 una gran pol\u00e9mica tras consumar el llamado \u00abdecretazo\u00bb con el que convoca a la consulta popular para el pr\u00f3ximo 7 de agosto. La decisi\u00f3n desat\u00f3 toda una tormenta pol\u00edtica y muchos sectores sentaron su voz de protesta, al calificar al mandatario como un \u00abdictador\u00bb. Varios congresistas hablaron en El Debate [&hellip;]<\/p>\n","protected":false},"author":1,"featured_media":309290,"comment_status":"closed","ping_status":"open","sticky":false,"template":"","format":"standard","meta":{"_acf_changed":false,"footnotes":""},"categories":[3],"tags":[],"class_list":["post-309289","post","type-post","status-publish","format-standard","has-post-thumbnail","category-internacional"],"acf":{"antetitulo":"Colombia"},"yoast_head":"<!-- This site is optimized with the Yoast SEO plugin v28.4 - https:\/\/yoast.com\/product\/yoast-seo-wordpress\/ -->\n<title>Advierten sobre verdadera raz\u00f3n para decreto de consulta popular de Petro - El Diario - Bolivia<\/title>\n<meta name=\"robots\" content=\"index, follow, max-snippet:-1, max-image-preview:large, max-video-preview:-1\" \/>\n<link rel=\"canonical\" href=\"https:\/\/www.eldiario.net\/portal\/2025\/06\/13\/advierten-sobre-verdadera-razon-para-decreto-de-consulta-popular-de-petro\/\" \/>\n<meta property=\"og:locale\" content=\"es_ES\" \/>\n<meta property=\"og:type\" content=\"article\" \/>\n<meta property=\"og:title\" content=\"Advierten sobre verdadera raz\u00f3n para decreto de consulta popular de Petro - El Diario - Bolivia\" \/>\n<meta property=\"og:description\" content=\"El presidente Gustavo Petro desat\u00f3 una gran pol\u00e9mica tras consumar el llamado \u00abdecretazo\u00bb con el que convoca a la consulta popular para el pr\u00f3ximo 7 de agosto. La decisi\u00f3n desat\u00f3 toda una tormenta pol\u00edtica y muchos sectores sentaron su voz de protesta, al calificar al mandatario como un \u00abdictador\u00bb. Varios congresistas hablaron en El Debate [&hellip;]\" \/>\n<meta property=\"og:url\" content=\"https:\/\/www.eldiario.net\/portal\/2025\/06\/13\/advierten-sobre-verdadera-razon-para-decreto-de-consulta-popular-de-petro\/\" \/>\n<meta property=\"og:site_name\" content=\"El Diario - Bolivia\" \/>\n<meta property=\"article:publisher\" content=\"https:\/\/www.facebook.com\/eldiario.bolivia\/\" \/>\n<meta property=\"article:published_time\" content=\"2025-06-13T09:42:03+00:00\" \/>\n<meta property=\"og:image\" content=\"https:\/\/www.eldiario.net\/portal\/wp-content\/uploads\/2025\/06\/COLOMBIA-Presidencia-de-Colombia.webp\" \/>\n\t<meta property=\"og:image:width\" content=\"1280\" \/>\n\t<meta property=\"og:image:height\" content=\"720\" \/>\n\t<meta property=\"og:image:type\" content=\"image\/webp\" \/>\n<meta name=\"author\" content=\"Jeanette\" \/>\n<meta name=\"twitter:card\" content=\"summary_large_image\" \/>\n<meta name=\"twitter:creator\" content=\"@eldiario_net\" \/>\n<meta name=\"twitter:site\" content=\"@eldiario_net\" \/>\n<meta name=\"twitter:label1\" content=\"Escrito por\" \/>\n\t<meta name=\"twitter:data1\" content=\"Jeanette\" \/>\n\t<meta name=\"twitter:label2\" content=\"Tiempo de lectura\" \/>\n\t<meta name=\"twitter:data2\" content=\"3 minutos\" \/>\n<script type=\"application\/ld+json\" class=\"yoast-schema-graph\">{\"@context\":\"https:\\\/\\\/schema.org\",\"@graph\":[{\"@type\":\"Article\",\"@id\":\"https:\\\/\\\/www.eldiario.net\\\/portal\\\/2025\\\/06\\\/13\\\/advierten-sobre-verdadera-razon-para-decreto-de-consulta-popular-de-petro\\\/#article\",\"isPartOf\":{\"@id\":\"https:\\\/\\\/www.eldiario.net\\\/portal\\\/2025\\\/06\\\/13\\\/advierten-sobre-verdadera-razon-para-decreto-de-consulta-popular-de-petro\\\/\"},\"author\":{\"name\":\"Jeanette\",\"@id\":\"https:\\\/\\\/www.eldiario.net\\\/portal\\\/#\\\/schema\\\/person\\\/f46445640444750d7d753ccd04ae01b7\"},\"headline\":\"Advierten sobre verdadera raz\u00f3n para decreto de consulta popular de Petro\",\"datePublished\":\"2025-06-13T09:42:03+00:00\",\"mainEntityOfPage\":{\"@id\":\"https:\\\/\\\/www.eldiario.net\\\/portal\\\/2025\\\/06\\\/13\\\/advierten-sobre-verdadera-razon-para-decreto-de-consulta-popular-de-petro\\\/\"},\"wordCount\":540,\"publisher\":{\"@id\":\"https:\\\/\\\/www.eldiario.net\\\/portal\\\/#organization\"},\"image\":{\"@id\":\"https:\\\/\\\/www.eldiario.net\\\/portal\\\/2025\\\/06\\\/13\\\/advierten-sobre-verdadera-razon-para-decreto-de-consulta-popular-de-petro\\\/#primaryimage\"},\"thumbnailUrl\":\"https:\\\/\\\/www.eldiario.net\\\/portal\\\/wp-content\\\/uploads\\\/2025\\\/06\\\/COLOMBIA-Presidencia-de-Colombia.webp\",\"articleSection\":[\"Internacional\"],\"inLanguage\":\"es\"},{\"@type\":\"WebPage\",\"@id\":\"https:\\\/\\\/www.eldiario.net\\\/portal\\\/2025\\\/06\\\/13\\\/advierten-sobre-verdadera-razon-para-decreto-de-consulta-popular-de-petro\\\/\",\"url\":\"https:\\\/\\\/www.eldiario.net\\\/portal\\\/2025\\\/06\\\/13\\\/advierten-sobre-verdadera-razon-para-decreto-de-consulta-popular-de-petro\\\/\",\"name\":\"Advierten sobre verdadera raz\u00f3n para decreto de consulta popular de Petro - El Diario - Bolivia\",\"isPartOf\":{\"@id\":\"https:\\\/\\\/www.eldiario.net\\\/portal\\\/#website\"},\"primaryImageOfPage\":{\"@id\":\"https:\\\/\\\/www.eldiario.net\\\/portal\\\/2025\\\/06\\\/13\\\/advierten-sobre-verdadera-razon-para-decreto-de-consulta-popular-de-petro\\\/#primaryimage\"},\"image\":{\"@id\":\"https:\\\/\\\/www.eldiario.net\\\/portal\\\/2025\\\/06\\\/13\\\/advierten-sobre-verdadera-razon-para-decreto-de-consulta-popular-de-petro\\\/#primaryimage\"},\"thumbnailUrl\":\"https:\\\/\\\/www.eldiario.net\\\/portal\\\/wp-content\\\/uploads\\\/2025\\\/06\\\/COLOMBIA-Presidencia-de-Colombia.webp\",\"datePublished\":\"2025-06-13T09:42:03+00:00\",\"breadcrumb\":{\"@id\":\"https:\\\/\\\/www.eldiario.net\\\/portal\\\/2025\\\/06\\\/13\\\/advierten-sobre-verdadera-razon-para-decreto-de-consulta-popular-de-petro\\\/#breadcrumb\"},\"inLanguage\":\"es\",\"potentialAction\":[{\"@type\":\"ReadAction\",\"target\":[\"https:\\\/\\\/www.eldiario.net\\\/portal\\\/2025\\\/06\\\/13\\\/advierten-sobre-verdadera-razon-para-decreto-de-consulta-popular-de-petro\\\/\"]}]},{\"@type\":\"ImageObject\",\"inLanguage\":\"es\",\"@id\":\"https:\\\/\\\/www.eldiario.net\\\/portal\\\/2025\\\/06\\\/13\\\/advierten-sobre-verdadera-razon-para-decreto-de-consulta-popular-de-petro\\\/#primaryimage\",\"url\":\"https:\\\/\\\/www.eldiario.net\\\/portal\\\/wp-content\\\/uploads\\\/2025\\\/06\\\/COLOMBIA-Presidencia-de-Colombia.webp\",\"contentUrl\":\"https:\\\/\\\/www.eldiario.net\\\/portal\\\/wp-content\\\/uploads\\\/2025\\\/06\\\/COLOMBIA-Presidencia-de-Colombia.webp\",\"width\":1280,\"height\":720,\"caption\":\"El presidente de Colombia, Gustavo Petro. CREDITO: Presidencia de Colombia\"},{\"@type\":\"BreadcrumbList\",\"@id\":\"https:\\\/\\\/www.eldiario.net\\\/portal\\\/2025\\\/06\\\/13\\\/advierten-sobre-verdadera-razon-para-decreto-de-consulta-popular-de-petro\\\/#breadcrumb\",\"itemListElement\":[{\"@type\":\"ListItem\",\"position\":1,\"name\":\"Portada\",\"item\":\"https:\\\/\\\/www.eldiario.net\\\/portal\\\/\"},{\"@type\":\"ListItem\",\"position\":2,\"name\":\"Advierten sobre verdadera raz\u00f3n para decreto de consulta popular de Petro\"}]},{\"@type\":\"WebSite\",\"@id\":\"https:\\\/\\\/www.eldiario.net\\\/portal\\\/#website\",\"url\":\"https:\\\/\\\/www.eldiario.net\\\/portal\\\/\",\"name\":\"El Diario - Decano de la prensa nacional\",\"description\":\"El Diario - Decano de la prensa nacional\",\"publisher\":{\"@id\":\"https:\\\/\\\/www.eldiario.net\\\/portal\\\/#organization\"},\"potentialAction\":[{\"@type\":\"SearchAction\",\"target\":{\"@type\":\"EntryPoint\",\"urlTemplate\":\"https:\\\/\\\/www.eldiario.net\\\/portal\\\/?s={search_term_string}\"},\"query-input\":{\"@type\":\"PropertyValueSpecification\",\"valueRequired\":true,\"valueName\":\"search_term_string\"}}],\"inLanguage\":\"es\"},{\"@type\":\"Organization\",\"@id\":\"https:\\\/\\\/www.eldiario.net\\\/portal\\\/#organization\",\"name\":\"El Diario - Decano de la prensa nacional\",\"url\":\"https:\\\/\\\/www.eldiario.net\\\/portal\\\/\",\"logo\":{\"@type\":\"ImageObject\",\"inLanguage\":\"es\",\"@id\":\"https:\\\/\\\/www.eldiario.net\\\/portal\\\/#\\\/schema\\\/logo\\\/image\\\/\",\"url\":\"https:\\\/\\\/www.eldiario.net\\\/portal\\\/wp-content\\\/uploads\\\/2023\\\/07\\\/logo_ED.jpg\",\"contentUrl\":\"https:\\\/\\\/www.eldiario.net\\\/portal\\\/wp-content\\\/uploads\\\/2023\\\/07\\\/logo_ED.jpg\",\"width\":272,\"height\":52,\"caption\":\"El Diario - Decano de la prensa nacional\"},\"image\":{\"@id\":\"https:\\\/\\\/www.eldiario.net\\\/portal\\\/#\\\/schema\\\/logo\\\/image\\\/\"},\"sameAs\":[\"https:\\\/\\\/www.facebook.com\\\/eldiario.bolivia\\\/\",\"https:\\\/\\\/x.com\\\/eldiario_net\"]},{\"@type\":\"Person\",\"@id\":\"https:\\\/\\\/www.eldiario.net\\\/portal\\\/#\\\/schema\\\/person\\\/f46445640444750d7d753ccd04ae01b7\",\"name\":\"Jeanette\",\"image\":{\"@type\":\"ImageObject\",\"inLanguage\":\"es\",\"@id\":\"https:\\\/\\\/secure.gravatar.com\\\/avatar\\\/3ea2118a5f7dad2b7138b1187a6b7ee55f160b9968b66013c3a3ef39dd7e5798?s=96&d=mm&r=g\",\"url\":\"https:\\\/\\\/secure.gravatar.com\\\/avatar\\\/3ea2118a5f7dad2b7138b1187a6b7ee55f160b9968b66013c3a3ef39dd7e5798?s=96&d=mm&r=g\",\"contentUrl\":\"https:\\\/\\\/secure.gravatar.com\\\/avatar\\\/3ea2118a5f7dad2b7138b1187a6b7ee55f160b9968b66013c3a3ef39dd7e5798?s=96&d=mm&r=g\",\"caption\":\"Jeanette\"},\"sameAs\":[\"https:\\\/\\\/www.eldiario.net\\\/portal\"],\"url\":\"https:\\\/\\\/www.eldiario.net\\\/portal\\\/author\\\/jeanette\\\/\"}]}<\/script>\n<!-- \/ Yoast SEO plugin. -->","yoast_head_json":{"title":"Advierten sobre verdadera raz\u00f3n para decreto de consulta popular de Petro - El Diario - Bolivia","robots":{"index":"index","follow":"follow","max-snippet":"max-snippet:-1","max-image-preview":"max-image-preview:large","max-video-preview":"max-video-preview:-1"},"canonical":"https:\/\/www.eldiario.net\/portal\/2025\/06\/13\/advierten-sobre-verdadera-razon-para-decreto-de-consulta-popular-de-petro\/","og_locale":"es_ES","og_type":"article","og_title":"Advierten sobre verdadera raz\u00f3n para decreto de consulta popular de Petro - El Diario - Bolivia","og_description":"El presidente Gustavo Petro desat\u00f3 una gran pol\u00e9mica tras consumar el llamado \u00abdecretazo\u00bb con el que convoca a la consulta popular para el pr\u00f3ximo 7 de agosto. La decisi\u00f3n desat\u00f3 toda una tormenta pol\u00edtica y muchos sectores sentaron su voz de protesta, al calificar al mandatario como un \u00abdictador\u00bb. Varios congresistas hablaron en El Debate [&hellip;]","og_url":"https:\/\/www.eldiario.net\/portal\/2025\/06\/13\/advierten-sobre-verdadera-razon-para-decreto-de-consulta-popular-de-petro\/","og_site_name":"El Diario - Bolivia","article_publisher":"https:\/\/www.facebook.com\/eldiario.bolivia\/","article_published_time":"2025-06-13T09:42:03+00:00","og_image":[{"width":1280,"height":720,"url":"https:\/\/www.eldiario.net\/portal\/wp-content\/uploads\/2025\/06\/COLOMBIA-Presidencia-de-Colombia.webp","type":"image\/webp"}],"author":"Jeanette","twitter_card":"summary_large_image","twitter_creator":"@eldiario_net","twitter_site":"@eldiario_net","twitter_misc":{"Escrito por":"Jeanette","Tiempo de lectura":"3 minutos"},"schema":{"@context":"https:\/\/schema.org","@graph":[{"@type":"Article","@id":"https:\/\/www.eldiario.net\/portal\/2025\/06\/13\/advierten-sobre-verdadera-razon-para-decreto-de-consulta-popular-de-petro\/#article","isPartOf":{"@id":"https:\/\/www.eldiario.net\/portal\/2025\/06\/13\/advierten-sobre-verdadera-razon-para-decreto-de-consulta-popular-de-petro\/"},"author":{"name":"Jeanette","@id":"https:\/\/www.eldiario.net\/portal\/#\/schema\/person\/f46445640444750d7d753ccd04ae01b7"},"headline":"Advierten sobre verdadera raz\u00f3n para decreto de consulta popular de Petro","datePublished":"2025-06-13T09:42:03+00:00","mainEntityOfPage":{"@id":"https:\/\/www.eldiario.net\/portal\/2025\/06\/13\/advierten-sobre-verdadera-razon-para-decreto-de-consulta-popular-de-petro\/"},"wordCount":540,"publisher":{"@id":"https:\/\/www.eldiario.net\/portal\/#organization"},"image":{"@id":"https:\/\/www.eldiario.net\/portal\/2025\/06\/13\/advierten-sobre-verdadera-razon-para-decreto-de-consulta-popular-de-petro\/#primaryimage"},"thumbnailUrl":"https:\/\/www.eldiario.net\/portal\/wp-content\/uploads\/2025\/06\/COLOMBIA-Presidencia-de-Colombia.webp","articleSection":["Internacional"],"inLanguage":"es"},{"@type":"WebPage","@id":"https:\/\/www.eldiario.net\/portal\/2025\/06\/13\/advierten-sobre-verdadera-razon-para-decreto-de-consulta-popular-de-petro\/","url":"https:\/\/www.eldiario.net\/portal\/2025\/06\/13\/advierten-sobre-verdadera-razon-para-decreto-de-consulta-popular-de-petro\/","name":"Advierten sobre verdadera raz\u00f3n para decreto de consulta popular de Petro - El Diario - Bolivia","isPartOf":{"@id":"https:\/\/www.eldiario.net\/portal\/#website"},"primaryImageOfPage":{"@id":"https:\/\/www.eldiario.net\/portal\/2025\/06\/13\/advierten-sobre-verdadera-razon-para-decreto-de-consulta-popular-de-petro\/#primaryimage"},"image":{"@id":"https:\/\/www.eldiario.net\/portal\/2025\/06\/13\/advierten-sobre-verdadera-razon-para-decreto-de-consulta-popular-de-petro\/#primaryimage"},"thumbnailUrl":"https:\/\/www.eldiario.net\/portal\/wp-content\/uploads\/2025\/06\/COLOMBIA-Presidencia-de-Colombia.webp","datePublished":"2025-06-13T09:42:03+00:00","breadcrumb":{"@id":"https:\/\/www.eldiario.net\/portal\/2025\/06\/13\/advierten-sobre-verdadera-razon-para-decreto-de-consulta-popular-de-petro\/#breadcrumb"},"inLanguage":"es","potentialAction":[{"@type":"ReadAction","target":["https:\/\/www.eldiario.net\/portal\/2025\/06\/13\/advierten-sobre-verdadera-razon-para-decreto-de-consulta-popular-de-petro\/"]}]},{"@type":"ImageObject","inLanguage":"es","@id":"https:\/\/www.eldiario.net\/portal\/2025\/06\/13\/advierten-sobre-verdadera-razon-para-decreto-de-consulta-popular-de-petro\/#primaryimage","url":"https:\/\/www.eldiario.net\/portal\/wp-content\/uploads\/2025\/06\/COLOMBIA-Presidencia-de-Colombia.webp","contentUrl":"https:\/\/www.eldiario.net\/portal\/wp-content\/uploads\/2025\/06\/COLOMBIA-Presidencia-de-Colombia.webp","width":1280,"height":720,"caption":"El presidente de Colombia, Gustavo Petro. CREDITO: Presidencia de Colombia"},{"@type":"BreadcrumbList","@id":"https:\/\/www.eldiario.net\/portal\/2025\/06\/13\/advierten-sobre-verdadera-razon-para-decreto-de-consulta-popular-de-petro\/#breadcrumb","itemListElement":[{"@type":"ListItem","position":1,"name":"Portada","item":"https:\/\/www.eldiario.net\/portal\/"},{"@type":"ListItem","position":2,"name":"Advierten sobre verdadera raz\u00f3n para decreto de consulta popular de Petro"}]},{"@type":"WebSite","@id":"https:\/\/www.eldiario.net\/portal\/#website","url":"https:\/\/www.eldiario.net\/portal\/","name":"El Diario - Decano de la prensa nacional","description":"El Diario - Decano de la prensa nacional","publisher":{"@id":"https:\/\/www.eldiario.net\/portal\/#organization"},"potentialAction":[{"@type":"SearchAction","target":{"@type":"EntryPoint","urlTemplate":"https:\/\/www.eldiario.net\/portal\/?s={search_term_string}"},"query-input":{"@type":"PropertyValueSpecification","valueRequired":true,"valueName":"search_term_string"}}],"inLanguage":"es"},{"@type":"Organization","@id":"https:\/\/www.eldiario.net\/portal\/#organization","name":"El Diario - Decano de la prensa nacional","url":"https:\/\/www.eldiario.net\/portal\/","logo":{"@type":"ImageObject","inLanguage":"es","@id":"https:\/\/www.eldiario.net\/portal\/#\/schema\/logo\/image\/","url":"https:\/\/www.eldiario.net\/portal\/wp-content\/uploads\/2023\/07\/logo_ED.jpg","contentUrl":"https:\/\/www.eldiario.net\/portal\/wp-content\/uploads\/2023\/07\/logo_ED.jpg","width":272,"height":52,"caption":"El Diario - Decano de la prensa nacional"},"image":{"@id":"https:\/\/www.eldiario.net\/portal\/#\/schema\/logo\/image\/"},"sameAs":["https:\/\/www.facebook.com\/eldiario.bolivia\/","https:\/\/x.com\/eldiario_net"]},{"@type":"Person","@id":"https:\/\/www.eldiario.net\/portal\/#\/schema\/person\/f46445640444750d7d753ccd04ae01b7","name":"Jeanette","image":{"@type":"ImageObject","inLanguage":"es","@id":"https:\/\/secure.gravatar.com\/avatar\/3ea2118a5f7dad2b7138b1187a6b7ee55f160b9968b66013c3a3ef39dd7e5798?s=96&d=mm&r=g","url":"https:\/\/secure.gravatar.com\/avatar\/3ea2118a5f7dad2b7138b1187a6b7ee55f160b9968b66013c3a3ef39dd7e5798?s=96&d=mm&r=g","contentUrl":"https:\/\/secure.gravatar.com\/avatar\/3ea2118a5f7dad2b7138b1187a6b7ee55f160b9968b66013c3a3ef39dd7e5798?s=96&d=mm&r=g","caption":"Jeanette"},"sameAs":["https:\/\/www.eldiario.net\/portal"],"url":"https:\/\/www.eldiario.net\/portal\/author\/jeanette\/"}]}},"_links":{"self":[{"href":"https:\/\/www.eldiario.net\/portal\/wp-json\/wp\/v2\/posts\/309289","targetHints":{"allow":["GET"]}}],"collection":[{"href":"https:\/\/www.eldiario.net\/portal\/wp-json\/wp\/v2\/posts"}],"about":[{"href":"https:\/\/www.eldiario.net\/portal\/wp-json\/wp\/v2\/types\/post"}],"author":[{"embeddable":true,"href":"https:\/\/www.eldiario.net\/portal\/wp-json\/wp\/v2\/users\/1"}],"replies":[{"embeddable":true,"href":"https:\/\/www.eldiario.net\/portal\/wp-json\/wp\/v2\/comments?post=309289"}],"version-history":[{"count":1,"href":"https:\/\/www.eldiario.net\/portal\/wp-json\/wp\/v2\/posts\/309289\/revisions"}],"predecessor-version":[{"id":309291,"href":"https:\/\/www.eldiario.net\/portal\/wp-json\/wp\/v2\/posts\/309289\/revisions\/309291"}],"wp:featuredmedia":[{"embeddable":true,"href":"https:\/\/www.eldiario.net\/portal\/wp-json\/wp\/v2\/media\/309290"}],"wp:attachment":[{"href":"https:\/\/www.eldiario.net\/portal\/wp-json\/wp\/v2\/media?parent=309289"}],"wp:term":[{"taxonomy":"category","embeddable":true,"href":"https:\/\/www.eldiario.net\/portal\/wp-json\/wp\/v2\/categories?post=309289"},{"taxonomy":"post_tag","embeddable":true,"href":"https:\/\/www.eldiario.net\/portal\/wp-json\/wp\/v2\/tags?post=309289"}],"curies":[{"name":"wp","href":"https:\/\/api.w.org\/{rel}","templated":true}]}}