{"id":309283,"date":"2025-06-13T05:40:34","date_gmt":"2025-06-13T09:40:34","guid":{"rendered":"https:\/\/www.eldiario.net\/portal\/?p=309283"},"modified":"2025-06-13T05:40:34","modified_gmt":"2025-06-13T09:40:34","slug":"corte-afirma-que-rrss-son-responsables-de-su-contenido","status":"publish","type":"post","link":"https:\/\/www.eldiario.net\/portal\/2025\/06\/13\/corte-afirma-que-rrss-son-responsables-de-su-contenido\/","title":{"rendered":"Corte afirma que RRSS son  responsables de su contenido"},"content":{"rendered":"<p class=\"v1MsoNormal\">El Tribunal Supremo de Brasil decidi\u00f3 por mayor\u00eda responsabilizar a las plataformas de redes sociales por el contenido ilegal que puedan llegar a publicar sus usuarios, si bien todav\u00eda deber\u00e1n consensuar c\u00f3mo y bajo qu\u00e9 condiciones han de responder y reparar los posibles da\u00f1os causados.<\/p>\n<p class=\"v1MsoNormal\">La votaci\u00f3n en el seno del Supremo responde a dos recursos presentados por dos empresas de internet que cuestionan su responsabilidad civil por los da\u00f1os causados a terceros por el contenido ofensivo publicado en sus plataformas, ampar\u00e1ndose en la falta de una orden judicial para eliminar perfiles y foros, as\u00ed como en la libertad de expresi\u00f3n y en la imposibilidad de monitorear todo lo que se publica.<\/p>\n<p class=\"v1MsoNormal\">La mayor\u00eda de los jueces argumentaron que baste con las denuncias de los afectados para retirar contenido ofensivo e ilegal, o, en los casos m\u00e1s graves, sin necesidad de una queja externa y rindan cuentas en caso de no hacerlo.<\/p>\n<p class=\"v1MsoNormal\">Se refieren a publicaciones con discursos de odio, noticias falsas, mensajes antidemocr\u00e1ticos, o que inciten al suicidio, por ejemplo.<\/p>\n<p class=\"v1MsoNormal\">A la espera del resto de votos, aunque no pondr\u00edan en cuesti\u00f3n la mayor\u00eda ya alcanzada, la \u00fanica por ahora que disiente apunta que no es posible responsabilizar a una red social sin sentencia judicial previa, pero apuesta por que estas empresas promuevan la identificaci\u00f3n de los usuarios para evitar perfiles falsos.<\/p>\n<p class=\"v1MsoNormal\">Este asunto, que\u00a0 gener\u00f3 un amplio debate dentro de la sociedad brasile\u00f1a, tiene relaci\u00f3n con la supuesta trama golpista de 2022 para mantener en el poder al expresidente Jair Bolsonaro tras las elecciones de octubre, ya que una de las l\u00edneas de investigaci\u00f3n apunta a las llamadas milicias digitales.<\/p>\n<p class=\"v1MsoNormal\">Las autoridades sostienen que trav\u00e9s de ellas se difundi\u00f3 informaci\u00f3n falsa sobre el proceso electoral y el voto electr\u00f3nico para justificar la intentona golpista en caso de que, como as\u00ed fue, Luiz In\u00e1cio Lula da Silva venciera.(EP)<\/p>\n<p class=\"v1MsoNormal\">\n","protected":false},"excerpt":{"rendered":"<p>El Tribunal Supremo de Brasil decidi\u00f3 por mayor\u00eda responsabilizar a las plataformas de redes sociales por el contenido ilegal que puedan llegar a publicar sus usuarios, si bien todav\u00eda deber\u00e1n consensuar c\u00f3mo y bajo qu\u00e9 condiciones han de responder y reparar los posibles da\u00f1os causados. La votaci\u00f3n en el seno del Supremo responde a dos [&hellip;]<\/p>\n","protected":false},"author":1,"featured_media":309284,"comment_status":"closed","ping_status":"open","sticky":false,"template":"","format":"standard","meta":{"_acf_changed":false,"footnotes":""},"categories":[3],"tags":[],"class_list":["post-309283","post","type-post","status-publish","format-standard","has-post-thumbnail","category-internacional"],"acf":{"antetitulo":"Brasil"},"yoast_head":"<!-- This site is optimized with the Yoast SEO plugin v28.4 - https:\/\/yoast.com\/product\/yoast-seo-wordpress\/ -->\n<title>Corte afirma que RRSS son responsables de su contenido - El Diario - Bolivia<\/title>\n<meta name=\"robots\" content=\"index, follow, max-snippet:-1, max-image-preview:large, max-video-preview:-1\" \/>\n<link rel=\"canonical\" href=\"https:\/\/www.eldiario.net\/portal\/2025\/06\/13\/corte-afirma-que-rrss-son-responsables-de-su-contenido\/\" \/>\n<meta property=\"og:locale\" content=\"es_ES\" \/>\n<meta property=\"og:type\" content=\"article\" \/>\n<meta property=\"og:title\" content=\"Corte afirma que RRSS son responsables de su contenido - El Diario - Bolivia\" \/>\n<meta property=\"og:description\" content=\"El Tribunal Supremo de Brasil decidi\u00f3 por mayor\u00eda responsabilizar a las plataformas de redes sociales por el contenido ilegal que puedan llegar a publicar sus usuarios, si bien todav\u00eda deber\u00e1n consensuar c\u00f3mo y bajo qu\u00e9 condiciones han de responder y reparar los posibles da\u00f1os causados. La votaci\u00f3n en el seno del Supremo responde a dos [&hellip;]\" \/>\n<meta property=\"og:url\" content=\"https:\/\/www.eldiario.net\/portal\/2025\/06\/13\/corte-afirma-que-rrss-son-responsables-de-su-contenido\/\" \/>\n<meta property=\"og:site_name\" content=\"El Diario - Bolivia\" \/>\n<meta property=\"article:publisher\" content=\"https:\/\/www.facebook.com\/eldiario.bolivia\/\" \/>\n<meta property=\"article:published_time\" content=\"2025-06-13T09:40:34+00:00\" \/>\n<meta property=\"og:image\" content=\"https:\/\/www.eldiario.net\/portal\/wp-content\/uploads\/2025\/06\/BRASIL-Notiamerica.webp\" \/>\n\t<meta property=\"og:image:width\" content=\"690\" \/>\n\t<meta property=\"og:image:height\" content=\"457\" \/>\n\t<meta property=\"og:image:type\" content=\"image\/webp\" \/>\n<meta name=\"author\" content=\"Jeanette\" \/>\n<meta name=\"twitter:card\" content=\"summary_large_image\" \/>\n<meta name=\"twitter:creator\" content=\"@eldiario_net\" \/>\n<meta name=\"twitter:site\" content=\"@eldiario_net\" \/>\n<meta name=\"twitter:label1\" content=\"Escrito por\" \/>\n\t<meta name=\"twitter:data1\" content=\"Jeanette\" \/>\n\t<meta name=\"twitter:label2\" content=\"Tiempo de lectura\" \/>\n\t<meta name=\"twitter:data2\" content=\"2 minutos\" \/>\n<script type=\"application\/ld+json\" class=\"yoast-schema-graph\">{\"@context\":\"https:\\\/\\\/schema.org\",\"@graph\":[{\"@type\":\"Article\",\"@id\":\"https:\\\/\\\/www.eldiario.net\\\/portal\\\/2025\\\/06\\\/13\\\/corte-afirma-que-rrss-son-responsables-de-su-contenido\\\/#article\",\"isPartOf\":{\"@id\":\"https:\\\/\\\/www.eldiario.net\\\/portal\\\/2025\\\/06\\\/13\\\/corte-afirma-que-rrss-son-responsables-de-su-contenido\\\/\"},\"author\":{\"name\":\"Jeanette\",\"@id\":\"https:\\\/\\\/www.eldiario.net\\\/portal\\\/#\\\/schema\\\/person\\\/f46445640444750d7d753ccd04ae01b7\"},\"headline\":\"Corte afirma que RRSS son responsables de su contenido\",\"datePublished\":\"2025-06-13T09:40:34+00:00\",\"mainEntityOfPage\":{\"@id\":\"https:\\\/\\\/www.eldiario.net\\\/portal\\\/2025\\\/06\\\/13\\\/corte-afirma-que-rrss-son-responsables-de-su-contenido\\\/\"},\"wordCount\":342,\"publisher\":{\"@id\":\"https:\\\/\\\/www.eldiario.net\\\/portal\\\/#organization\"},\"image\":{\"@id\":\"https:\\\/\\\/www.eldiario.net\\\/portal\\\/2025\\\/06\\\/13\\\/corte-afirma-que-rrss-son-responsables-de-su-contenido\\\/#primaryimage\"},\"thumbnailUrl\":\"https:\\\/\\\/www.eldiario.net\\\/portal\\\/wp-content\\\/uploads\\\/2025\\\/06\\\/BRASIL-Notiamerica.webp\",\"articleSection\":[\"Internacional\"],\"inLanguage\":\"es\"},{\"@type\":\"WebPage\",\"@id\":\"https:\\\/\\\/www.eldiario.net\\\/portal\\\/2025\\\/06\\\/13\\\/corte-afirma-que-rrss-son-responsables-de-su-contenido\\\/\",\"url\":\"https:\\\/\\\/www.eldiario.net\\\/portal\\\/2025\\\/06\\\/13\\\/corte-afirma-que-rrss-son-responsables-de-su-contenido\\\/\",\"name\":\"Corte afirma que RRSS son responsables de su contenido - El Diario - Bolivia\",\"isPartOf\":{\"@id\":\"https:\\\/\\\/www.eldiario.net\\\/portal\\\/#website\"},\"primaryImageOfPage\":{\"@id\":\"https:\\\/\\\/www.eldiario.net\\\/portal\\\/2025\\\/06\\\/13\\\/corte-afirma-que-rrss-son-responsables-de-su-contenido\\\/#primaryimage\"},\"image\":{\"@id\":\"https:\\\/\\\/www.eldiario.net\\\/portal\\\/2025\\\/06\\\/13\\\/corte-afirma-que-rrss-son-responsables-de-su-contenido\\\/#primaryimage\"},\"thumbnailUrl\":\"https:\\\/\\\/www.eldiario.net\\\/portal\\\/wp-content\\\/uploads\\\/2025\\\/06\\\/BRASIL-Notiamerica.webp\",\"datePublished\":\"2025-06-13T09:40:34+00:00\",\"breadcrumb\":{\"@id\":\"https:\\\/\\\/www.eldiario.net\\\/portal\\\/2025\\\/06\\\/13\\\/corte-afirma-que-rrss-son-responsables-de-su-contenido\\\/#breadcrumb\"},\"inLanguage\":\"es\",\"potentialAction\":[{\"@type\":\"ReadAction\",\"target\":[\"https:\\\/\\\/www.eldiario.net\\\/portal\\\/2025\\\/06\\\/13\\\/corte-afirma-que-rrss-son-responsables-de-su-contenido\\\/\"]}]},{\"@type\":\"ImageObject\",\"inLanguage\":\"es\",\"@id\":\"https:\\\/\\\/www.eldiario.net\\\/portal\\\/2025\\\/06\\\/13\\\/corte-afirma-que-rrss-son-responsables-de-su-contenido\\\/#primaryimage\",\"url\":\"https:\\\/\\\/www.eldiario.net\\\/portal\\\/wp-content\\\/uploads\\\/2025\\\/06\\\/BRASIL-Notiamerica.webp\",\"contentUrl\":\"https:\\\/\\\/www.eldiario.net\\\/portal\\\/wp-content\\\/uploads\\\/2025\\\/06\\\/BRASIL-Notiamerica.webp\",\"width\":690,\"height\":457,\"caption\":\"El presidente del Tribunal Supremo de Brasil, Lu\u00eds Roberto Barroso. CREDITO: Notiam\u00e9rica\"},{\"@type\":\"BreadcrumbList\",\"@id\":\"https:\\\/\\\/www.eldiario.net\\\/portal\\\/2025\\\/06\\\/13\\\/corte-afirma-que-rrss-son-responsables-de-su-contenido\\\/#breadcrumb\",\"itemListElement\":[{\"@type\":\"ListItem\",\"position\":1,\"name\":\"Portada\",\"item\":\"https:\\\/\\\/www.eldiario.net\\\/portal\\\/\"},{\"@type\":\"ListItem\",\"position\":2,\"name\":\"Corte afirma que RRSS son responsables de su contenido\"}]},{\"@type\":\"WebSite\",\"@id\":\"https:\\\/\\\/www.eldiario.net\\\/portal\\\/#website\",\"url\":\"https:\\\/\\\/www.eldiario.net\\\/portal\\\/\",\"name\":\"El Diario - Decano de la prensa nacional\",\"description\":\"El Diario - Decano de la prensa nacional\",\"publisher\":{\"@id\":\"https:\\\/\\\/www.eldiario.net\\\/portal\\\/#organization\"},\"potentialAction\":[{\"@type\":\"SearchAction\",\"target\":{\"@type\":\"EntryPoint\",\"urlTemplate\":\"https:\\\/\\\/www.eldiario.net\\\/portal\\\/?s={search_term_string}\"},\"query-input\":{\"@type\":\"PropertyValueSpecification\",\"valueRequired\":true,\"valueName\":\"search_term_string\"}}],\"inLanguage\":\"es\"},{\"@type\":\"Organization\",\"@id\":\"https:\\\/\\\/www.eldiario.net\\\/portal\\\/#organization\",\"name\":\"El Diario - Decano de la prensa nacional\",\"url\":\"https:\\\/\\\/www.eldiario.net\\\/portal\\\/\",\"logo\":{\"@type\":\"ImageObject\",\"inLanguage\":\"es\",\"@id\":\"https:\\\/\\\/www.eldiario.net\\\/portal\\\/#\\\/schema\\\/logo\\\/image\\\/\",\"url\":\"https:\\\/\\\/www.eldiario.net\\\/portal\\\/wp-content\\\/uploads\\\/2023\\\/07\\\/logo_ED.jpg\",\"contentUrl\":\"https:\\\/\\\/www.eldiario.net\\\/portal\\\/wp-content\\\/uploads\\\/2023\\\/07\\\/logo_ED.jpg\",\"width\":272,\"height\":52,\"caption\":\"El Diario - Decano de la prensa nacional\"},\"image\":{\"@id\":\"https:\\\/\\\/www.eldiario.net\\\/portal\\\/#\\\/schema\\\/logo\\\/image\\\/\"},\"sameAs\":[\"https:\\\/\\\/www.facebook.com\\\/eldiario.bolivia\\\/\",\"https:\\\/\\\/x.com\\\/eldiario_net\"]},{\"@type\":\"Person\",\"@id\":\"https:\\\/\\\/www.eldiario.net\\\/portal\\\/#\\\/schema\\\/person\\\/f46445640444750d7d753ccd04ae01b7\",\"name\":\"Jeanette\",\"image\":{\"@type\":\"ImageObject\",\"inLanguage\":\"es\",\"@id\":\"https:\\\/\\\/secure.gravatar.com\\\/avatar\\\/3ea2118a5f7dad2b7138b1187a6b7ee55f160b9968b66013c3a3ef39dd7e5798?s=96&d=mm&r=g\",\"url\":\"https:\\\/\\\/secure.gravatar.com\\\/avatar\\\/3ea2118a5f7dad2b7138b1187a6b7ee55f160b9968b66013c3a3ef39dd7e5798?s=96&d=mm&r=g\",\"contentUrl\":\"https:\\\/\\\/secure.gravatar.com\\\/avatar\\\/3ea2118a5f7dad2b7138b1187a6b7ee55f160b9968b66013c3a3ef39dd7e5798?s=96&d=mm&r=g\",\"caption\":\"Jeanette\"},\"sameAs\":[\"https:\\\/\\\/www.eldiario.net\\\/portal\"],\"url\":\"https:\\\/\\\/www.eldiario.net\\\/portal\\\/author\\\/jeanette\\\/\"}]}<\/script>\n<!-- \/ Yoast SEO plugin. -->","yoast_head_json":{"title":"Corte afirma que RRSS son responsables de su contenido - El Diario - Bolivia","robots":{"index":"index","follow":"follow","max-snippet":"max-snippet:-1","max-image-preview":"max-image-preview:large","max-video-preview":"max-video-preview:-1"},"canonical":"https:\/\/www.eldiario.net\/portal\/2025\/06\/13\/corte-afirma-que-rrss-son-responsables-de-su-contenido\/","og_locale":"es_ES","og_type":"article","og_title":"Corte afirma que RRSS son responsables de su contenido - El Diario - Bolivia","og_description":"El Tribunal Supremo de Brasil decidi\u00f3 por mayor\u00eda responsabilizar a las plataformas de redes sociales por el contenido ilegal que puedan llegar a publicar sus usuarios, si bien todav\u00eda deber\u00e1n consensuar c\u00f3mo y bajo qu\u00e9 condiciones han de responder y reparar los posibles da\u00f1os causados. La votaci\u00f3n en el seno del Supremo responde a dos [&hellip;]","og_url":"https:\/\/www.eldiario.net\/portal\/2025\/06\/13\/corte-afirma-que-rrss-son-responsables-de-su-contenido\/","og_site_name":"El Diario - Bolivia","article_publisher":"https:\/\/www.facebook.com\/eldiario.bolivia\/","article_published_time":"2025-06-13T09:40:34+00:00","og_image":[{"width":690,"height":457,"url":"https:\/\/www.eldiario.net\/portal\/wp-content\/uploads\/2025\/06\/BRASIL-Notiamerica.webp","type":"image\/webp"}],"author":"Jeanette","twitter_card":"summary_large_image","twitter_creator":"@eldiario_net","twitter_site":"@eldiario_net","twitter_misc":{"Escrito por":"Jeanette","Tiempo de lectura":"2 minutos"},"schema":{"@context":"https:\/\/schema.org","@graph":[{"@type":"Article","@id":"https:\/\/www.eldiario.net\/portal\/2025\/06\/13\/corte-afirma-que-rrss-son-responsables-de-su-contenido\/#article","isPartOf":{"@id":"https:\/\/www.eldiario.net\/portal\/2025\/06\/13\/corte-afirma-que-rrss-son-responsables-de-su-contenido\/"},"author":{"name":"Jeanette","@id":"https:\/\/www.eldiario.net\/portal\/#\/schema\/person\/f46445640444750d7d753ccd04ae01b7"},"headline":"Corte afirma que RRSS son responsables de su contenido","datePublished":"2025-06-13T09:40:34+00:00","mainEntityOfPage":{"@id":"https:\/\/www.eldiario.net\/portal\/2025\/06\/13\/corte-afirma-que-rrss-son-responsables-de-su-contenido\/"},"wordCount":342,"publisher":{"@id":"https:\/\/www.eldiario.net\/portal\/#organization"},"image":{"@id":"https:\/\/www.eldiario.net\/portal\/2025\/06\/13\/corte-afirma-que-rrss-son-responsables-de-su-contenido\/#primaryimage"},"thumbnailUrl":"https:\/\/www.eldiario.net\/portal\/wp-content\/uploads\/2025\/06\/BRASIL-Notiamerica.webp","articleSection":["Internacional"],"inLanguage":"es"},{"@type":"WebPage","@id":"https:\/\/www.eldiario.net\/portal\/2025\/06\/13\/corte-afirma-que-rrss-son-responsables-de-su-contenido\/","url":"https:\/\/www.eldiario.net\/portal\/2025\/06\/13\/corte-afirma-que-rrss-son-responsables-de-su-contenido\/","name":"Corte afirma que RRSS son responsables de su contenido - El Diario - Bolivia","isPartOf":{"@id":"https:\/\/www.eldiario.net\/portal\/#website"},"primaryImageOfPage":{"@id":"https:\/\/www.eldiario.net\/portal\/2025\/06\/13\/corte-afirma-que-rrss-son-responsables-de-su-contenido\/#primaryimage"},"image":{"@id":"https:\/\/www.eldiario.net\/portal\/2025\/06\/13\/corte-afirma-que-rrss-son-responsables-de-su-contenido\/#primaryimage"},"thumbnailUrl":"https:\/\/www.eldiario.net\/portal\/wp-content\/uploads\/2025\/06\/BRASIL-Notiamerica.webp","datePublished":"2025-06-13T09:40:34+00:00","breadcrumb":{"@id":"https:\/\/www.eldiario.net\/portal\/2025\/06\/13\/corte-afirma-que-rrss-son-responsables-de-su-contenido\/#breadcrumb"},"inLanguage":"es","potentialAction":[{"@type":"ReadAction","target":["https:\/\/www.eldiario.net\/portal\/2025\/06\/13\/corte-afirma-que-rrss-son-responsables-de-su-contenido\/"]}]},{"@type":"ImageObject","inLanguage":"es","@id":"https:\/\/www.eldiario.net\/portal\/2025\/06\/13\/corte-afirma-que-rrss-son-responsables-de-su-contenido\/#primaryimage","url":"https:\/\/www.eldiario.net\/portal\/wp-content\/uploads\/2025\/06\/BRASIL-Notiamerica.webp","contentUrl":"https:\/\/www.eldiario.net\/portal\/wp-content\/uploads\/2025\/06\/BRASIL-Notiamerica.webp","width":690,"height":457,"caption":"El presidente del Tribunal Supremo de Brasil, Lu\u00eds Roberto Barroso. CREDITO: Notiam\u00e9rica"},{"@type":"BreadcrumbList","@id":"https:\/\/www.eldiario.net\/portal\/2025\/06\/13\/corte-afirma-que-rrss-son-responsables-de-su-contenido\/#breadcrumb","itemListElement":[{"@type":"ListItem","position":1,"name":"Portada","item":"https:\/\/www.eldiario.net\/portal\/"},{"@type":"ListItem","position":2,"name":"Corte afirma que RRSS son responsables de su contenido"}]},{"@type":"WebSite","@id":"https:\/\/www.eldiario.net\/portal\/#website","url":"https:\/\/www.eldiario.net\/portal\/","name":"El Diario - Decano de la prensa nacional","description":"El Diario - Decano de la prensa nacional","publisher":{"@id":"https:\/\/www.eldiario.net\/portal\/#organization"},"potentialAction":[{"@type":"SearchAction","target":{"@type":"EntryPoint","urlTemplate":"https:\/\/www.eldiario.net\/portal\/?s={search_term_string}"},"query-input":{"@type":"PropertyValueSpecification","valueRequired":true,"valueName":"search_term_string"}}],"inLanguage":"es"},{"@type":"Organization","@id":"https:\/\/www.eldiario.net\/portal\/#organization","name":"El Diario - Decano de la prensa nacional","url":"https:\/\/www.eldiario.net\/portal\/","logo":{"@type":"ImageObject","inLanguage":"es","@id":"https:\/\/www.eldiario.net\/portal\/#\/schema\/logo\/image\/","url":"https:\/\/www.eldiario.net\/portal\/wp-content\/uploads\/2023\/07\/logo_ED.jpg","contentUrl":"https:\/\/www.eldiario.net\/portal\/wp-content\/uploads\/2023\/07\/logo_ED.jpg","width":272,"height":52,"caption":"El Diario - Decano de la prensa nacional"},"image":{"@id":"https:\/\/www.eldiario.net\/portal\/#\/schema\/logo\/image\/"},"sameAs":["https:\/\/www.facebook.com\/eldiario.bolivia\/","https:\/\/x.com\/eldiario_net"]},{"@type":"Person","@id":"https:\/\/www.eldiario.net\/portal\/#\/schema\/person\/f46445640444750d7d753ccd04ae01b7","name":"Jeanette","image":{"@type":"ImageObject","inLanguage":"es","@id":"https:\/\/secure.gravatar.com\/avatar\/3ea2118a5f7dad2b7138b1187a6b7ee55f160b9968b66013c3a3ef39dd7e5798?s=96&d=mm&r=g","url":"https:\/\/secure.gravatar.com\/avatar\/3ea2118a5f7dad2b7138b1187a6b7ee55f160b9968b66013c3a3ef39dd7e5798?s=96&d=mm&r=g","contentUrl":"https:\/\/secure.gravatar.com\/avatar\/3ea2118a5f7dad2b7138b1187a6b7ee55f160b9968b66013c3a3ef39dd7e5798?s=96&d=mm&r=g","caption":"Jeanette"},"sameAs":["https:\/\/www.eldiario.net\/portal"],"url":"https:\/\/www.eldiario.net\/portal\/author\/jeanette\/"}]}},"_links":{"self":[{"href":"https:\/\/www.eldiario.net\/portal\/wp-json\/wp\/v2\/posts\/309283","targetHints":{"allow":["GET"]}}],"collection":[{"href":"https:\/\/www.eldiario.net\/portal\/wp-json\/wp\/v2\/posts"}],"about":[{"href":"https:\/\/www.eldiario.net\/portal\/wp-json\/wp\/v2\/types\/post"}],"author":[{"embeddable":true,"href":"https:\/\/www.eldiario.net\/portal\/wp-json\/wp\/v2\/users\/1"}],"replies":[{"embeddable":true,"href":"https:\/\/www.eldiario.net\/portal\/wp-json\/wp\/v2\/comments?post=309283"}],"version-history":[{"count":1,"href":"https:\/\/www.eldiario.net\/portal\/wp-json\/wp\/v2\/posts\/309283\/revisions"}],"predecessor-version":[{"id":309285,"href":"https:\/\/www.eldiario.net\/portal\/wp-json\/wp\/v2\/posts\/309283\/revisions\/309285"}],"wp:featuredmedia":[{"embeddable":true,"href":"https:\/\/www.eldiario.net\/portal\/wp-json\/wp\/v2\/media\/309284"}],"wp:attachment":[{"href":"https:\/\/www.eldiario.net\/portal\/wp-json\/wp\/v2\/media?parent=309283"}],"wp:term":[{"taxonomy":"category","embeddable":true,"href":"https:\/\/www.eldiario.net\/portal\/wp-json\/wp\/v2\/categories?post=309283"},{"taxonomy":"post_tag","embeddable":true,"href":"https:\/\/www.eldiario.net\/portal\/wp-json\/wp\/v2\/tags?post=309283"}],"curies":[{"name":"wp","href":"https:\/\/api.w.org\/{rel}","templated":true}]}}