{"id":309280,"date":"2025-06-13T05:39:25","date_gmt":"2025-06-13T09:39:25","guid":{"rendered":"https:\/\/www.eldiario.net\/portal\/?p=309280"},"modified":"2025-06-13T05:39:25","modified_gmt":"2025-06-13T09:39:25","slug":"militares-y-policias-dejados-a-su-suerte-frente-a-grupos-terroristas-financiados-por-narcotrafico","status":"publish","type":"post","link":"https:\/\/www.eldiario.net\/portal\/2025\/06\/13\/militares-y-policias-dejados-a-su-suerte-frente-a-grupos-terroristas-financiados-por-narcotrafico\/","title":{"rendered":"Militares y polic\u00edas dejados a su suerte frente a grupos terroristas financiados por narcotr\u00e1fico"},"content":{"rendered":"<p>Tras tres d\u00edas de enfrentamientos entre grupos \u201cevistas\u201d y fuerzas del norte en el norte de Potos\u00ed, el experto en seguridad y defensa, Jorge Santisteban, en entrevista con EL DIARIO, advirti\u00f3 que el Gobierno evade su responsabilidad por las cinco muertes confirmadas y deja expuestos a polic\u00edas y militares, sin condiciones t\u00e9cnicas ni materiales adecuadas, frente a grupos terroristas cuya operaci\u00f3n incesante solo puede financiarse \u2014en su criterio\u2014 por el narcotr\u00e1fico y el crimen organizado.<\/p>\n<p>Seg\u00fan el experto, \u201chay negligencia, improvisaci\u00f3n y mucha pasividad\u201d por parte de las autoridades, dado que las unidades enviadas a Llallagua \u2014en calidad de \u201cdesbloqueadores\u201d y no as\u00ed con la misi\u00f3n de dirimir ni controlar la incesante violencia\u2014 \u201cno est\u00e1n debidamente equipadas, apoyadas con log\u00edstica y enfrentan muchas dificultades t\u00e9cnicas y materiales para poder controlar el \u00e1rea de conflicto ni tienen autorizaci\u00f3n para hacer uso de sus armas de fuego, ni siquiera de manera proporcional\u201d.<\/p>\n<p>En este sentido, Santisteban lament\u00f3 que exista una agenda de gobierno d\u00e9bil y sin capacidad log\u00edstica para reforzar al personal militar y policial, en contraste con un sector insurrecto \u201cevista\u201d que no solo capitaliza la crisis econ\u00f3mica para arremeter con violencia, sino que goza de superioridad material y t\u00e1ctica, con lo que puede asesinar polic\u00edas, bloquear las carreteras, sabotear comercios locales y estaciones policiales e incluso dejar a la poblaci\u00f3n sin servicios b\u00e1sicos.<\/p>\n<p>\u201cEl Gobierno no quiere responsabilizarse de las muertes que puedan ocasionar los militares; entonces, los est\u00e1 exponiendo de manera de que eso no le complique situaciones pol\u00edticas porque, al final de cuentas, el pol\u00edtico manda a los militares (\u2026) Ahora nuevamente los exponen, pero los exponen sin armas precisamente para que sean blanco directo de los delincuentes subversivos armados que est\u00e1n operando con francotiradores\u201d, se\u00f1al\u00f3.<\/p>\n<p>Santisteban record\u00f3 que, precisamente por \u00f3rdenes de \u00edndole pol\u00edtica, existen actualmente casi cien militares detenidos y procesados \u2014principalmente en el penal de San Pedro\u2014 en relaci\u00f3n a hechos pasados motivados por intereses pol\u00edticos, como el movimiento militar del 26 de junio de 2024, el cual fue calificado por el Gobierno como un supuesto intento de golpe de Estado orquestado por el excomandante del Ej\u00e9rcito, Juan Jos\u00e9 Z\u00fa\u00f1iga.<\/p>\n<p>Asimismo, advirti\u00f3 que el movimiento de insurrecci\u00f3n \u201cevista\u201d en realidad no busca la inscripci\u00f3n de su candidato, sino derrocar al gobierno de Luis Arce y apoderarse del poder para instaurar reglas democr\u00e1ticas que los favorezcan. El experto se\u00f1al\u00f3 la importancia de que el Gobierno recupere los espacios perdidos y permita el uso de armas de fuego en respuesta proporcional a las agresiones.<\/p>\n<p>Respecto al financiamiento de estos sectores por parte del narcotr\u00e1fico y el crimen organizado, Santisteban afirm\u00f3 con contundencia que la permanente actividad violenta en la regi\u00f3n no puede explicarse de otra forma: \u201cLos narcotraficantes no quieren perder el poder (\u2026) Todos (bloqueadores, marchistas y grupos terroristas en Llallagua) est\u00e1n vinculados con dinero del narcotr\u00e1fico y vinculados a organizaciones criminales\u201d.<\/p>\n<p>El experto manifest\u00f3 que las ingentes fortunas de clanes familiares, c\u00e1rteles y organizaciones criminales poderosas que operan en el Chapare, ser\u00edan las que financian diariamente las movilizaciones vistas en las calles y las carreteras. \u201cEl \u00fanico dinero que puede movilizar por d\u00eda y permanentemente (a estos grupos), adem\u00e1s de darles un pago de 12 horas por d\u00eda, es el narcotr\u00e1fico\u201d, manifest\u00f3 a EL DIARIO.<\/p>\n<p>&nbsp;<\/p>\n","protected":false},"excerpt":{"rendered":"<p>Tras tres d\u00edas de enfrentamientos entre grupos \u201cevistas\u201d y fuerzas del norte en el norte de Potos\u00ed, el experto en seguridad y defensa, Jorge Santisteban, en entrevista con EL DIARIO, advirti\u00f3 que el Gobierno evade su responsabilidad por las cinco muertes confirmadas y deja expuestos a polic\u00edas y militares, sin condiciones t\u00e9cnicas ni materiales adecuadas, [&hellip;]<\/p>\n","protected":false},"author":1,"featured_media":309281,"comment_status":"closed","ping_status":"open","sticky":false,"template":"","format":"standard","meta":{"_acf_changed":false,"footnotes":""},"categories":[39],"tags":[],"class_list":["post-309280","post","type-post","status-publish","format-standard","has-post-thumbnail","category-sociedad"],"acf":{"antetitulo":"Experto analiza situaci\u00f3n en Llallagua"},"yoast_head":"<!-- This site is optimized with the Yoast SEO plugin v28.4 - https:\/\/yoast.com\/product\/yoast-seo-wordpress\/ -->\n<title>Militares y polic\u00edas dejados a su suerte frente a grupos terroristas financiados por narcotr\u00e1fico - El Diario - Bolivia<\/title>\n<meta name=\"robots\" content=\"index, follow, max-snippet:-1, max-image-preview:large, max-video-preview:-1\" \/>\n<link rel=\"canonical\" href=\"https:\/\/www.eldiario.net\/portal\/2025\/06\/13\/militares-y-policias-dejados-a-su-suerte-frente-a-grupos-terroristas-financiados-por-narcotrafico\/\" \/>\n<meta property=\"og:locale\" content=\"es_ES\" \/>\n<meta property=\"og:type\" content=\"article\" \/>\n<meta property=\"og:title\" content=\"Militares y polic\u00edas dejados a su suerte frente a grupos terroristas financiados por narcotr\u00e1fico - El Diario - Bolivia\" \/>\n<meta property=\"og:description\" content=\"Tras tres d\u00edas de enfrentamientos entre grupos \u201cevistas\u201d y fuerzas del norte en el norte de Potos\u00ed, el experto en seguridad y defensa, Jorge Santisteban, en entrevista con EL DIARIO, advirti\u00f3 que el Gobierno evade su responsabilidad por las cinco muertes confirmadas y deja expuestos a polic\u00edas y militares, sin condiciones t\u00e9cnicas ni materiales adecuadas, [&hellip;]\" \/>\n<meta property=\"og:url\" content=\"https:\/\/www.eldiario.net\/portal\/2025\/06\/13\/militares-y-policias-dejados-a-su-suerte-frente-a-grupos-terroristas-financiados-por-narcotrafico\/\" \/>\n<meta property=\"og:site_name\" content=\"El Diario - Bolivia\" \/>\n<meta property=\"article:publisher\" content=\"https:\/\/www.facebook.com\/eldiario.bolivia\/\" \/>\n<meta property=\"article:published_time\" content=\"2025-06-13T09:39:25+00:00\" \/>\n<meta property=\"og:image\" content=\"https:\/\/www.eldiario.net\/portal\/wp-content\/uploads\/2025\/06\/13-SAN.webp\" \/>\n\t<meta property=\"og:image:width\" content=\"1194\" \/>\n\t<meta property=\"og:image:height\" content=\"750\" \/>\n\t<meta property=\"og:image:type\" content=\"image\/webp\" \/>\n<meta name=\"author\" content=\"Jeanette\" \/>\n<meta name=\"twitter:card\" content=\"summary_large_image\" \/>\n<meta name=\"twitter:creator\" content=\"@eldiario_net\" \/>\n<meta name=\"twitter:site\" content=\"@eldiario_net\" \/>\n<meta name=\"twitter:label1\" content=\"Escrito por\" \/>\n\t<meta name=\"twitter:data1\" content=\"Jeanette\" \/>\n\t<meta name=\"twitter:label2\" content=\"Tiempo de lectura\" \/>\n\t<meta name=\"twitter:data2\" content=\"3 minutos\" \/>\n<script type=\"application\/ld+json\" class=\"yoast-schema-graph\">{\"@context\":\"https:\\\/\\\/schema.org\",\"@graph\":[{\"@type\":\"Article\",\"@id\":\"https:\\\/\\\/www.eldiario.net\\\/portal\\\/2025\\\/06\\\/13\\\/militares-y-policias-dejados-a-su-suerte-frente-a-grupos-terroristas-financiados-por-narcotrafico\\\/#article\",\"isPartOf\":{\"@id\":\"https:\\\/\\\/www.eldiario.net\\\/portal\\\/2025\\\/06\\\/13\\\/militares-y-policias-dejados-a-su-suerte-frente-a-grupos-terroristas-financiados-por-narcotrafico\\\/\"},\"author\":{\"name\":\"Jeanette\",\"@id\":\"https:\\\/\\\/www.eldiario.net\\\/portal\\\/#\\\/schema\\\/person\\\/f46445640444750d7d753ccd04ae01b7\"},\"headline\":\"Militares y polic\u00edas dejados a su suerte frente a grupos terroristas financiados por narcotr\u00e1fico\",\"datePublished\":\"2025-06-13T09:39:25+00:00\",\"mainEntityOfPage\":{\"@id\":\"https:\\\/\\\/www.eldiario.net\\\/portal\\\/2025\\\/06\\\/13\\\/militares-y-policias-dejados-a-su-suerte-frente-a-grupos-terroristas-financiados-por-narcotrafico\\\/\"},\"wordCount\":594,\"publisher\":{\"@id\":\"https:\\\/\\\/www.eldiario.net\\\/portal\\\/#organization\"},\"image\":{\"@id\":\"https:\\\/\\\/www.eldiario.net\\\/portal\\\/2025\\\/06\\\/13\\\/militares-y-policias-dejados-a-su-suerte-frente-a-grupos-terroristas-financiados-por-narcotrafico\\\/#primaryimage\"},\"thumbnailUrl\":\"https:\\\/\\\/www.eldiario.net\\\/portal\\\/wp-content\\\/uploads\\\/2025\\\/06\\\/13-SAN.webp\",\"articleSection\":[\"Sociedad - Seguridad\"],\"inLanguage\":\"es\"},{\"@type\":\"WebPage\",\"@id\":\"https:\\\/\\\/www.eldiario.net\\\/portal\\\/2025\\\/06\\\/13\\\/militares-y-policias-dejados-a-su-suerte-frente-a-grupos-terroristas-financiados-por-narcotrafico\\\/\",\"url\":\"https:\\\/\\\/www.eldiario.net\\\/portal\\\/2025\\\/06\\\/13\\\/militares-y-policias-dejados-a-su-suerte-frente-a-grupos-terroristas-financiados-por-narcotrafico\\\/\",\"name\":\"Militares y polic\u00edas dejados a su suerte frente a grupos terroristas financiados por narcotr\u00e1fico - El Diario - Bolivia\",\"isPartOf\":{\"@id\":\"https:\\\/\\\/www.eldiario.net\\\/portal\\\/#website\"},\"primaryImageOfPage\":{\"@id\":\"https:\\\/\\\/www.eldiario.net\\\/portal\\\/2025\\\/06\\\/13\\\/militares-y-policias-dejados-a-su-suerte-frente-a-grupos-terroristas-financiados-por-narcotrafico\\\/#primaryimage\"},\"image\":{\"@id\":\"https:\\\/\\\/www.eldiario.net\\\/portal\\\/2025\\\/06\\\/13\\\/militares-y-policias-dejados-a-su-suerte-frente-a-grupos-terroristas-financiados-por-narcotrafico\\\/#primaryimage\"},\"thumbnailUrl\":\"https:\\\/\\\/www.eldiario.net\\\/portal\\\/wp-content\\\/uploads\\\/2025\\\/06\\\/13-SAN.webp\",\"datePublished\":\"2025-06-13T09:39:25+00:00\",\"breadcrumb\":{\"@id\":\"https:\\\/\\\/www.eldiario.net\\\/portal\\\/2025\\\/06\\\/13\\\/militares-y-policias-dejados-a-su-suerte-frente-a-grupos-terroristas-financiados-por-narcotrafico\\\/#breadcrumb\"},\"inLanguage\":\"es\",\"potentialAction\":[{\"@type\":\"ReadAction\",\"target\":[\"https:\\\/\\\/www.eldiario.net\\\/portal\\\/2025\\\/06\\\/13\\\/militares-y-policias-dejados-a-su-suerte-frente-a-grupos-terroristas-financiados-por-narcotrafico\\\/\"]}]},{\"@type\":\"ImageObject\",\"inLanguage\":\"es\",\"@id\":\"https:\\\/\\\/www.eldiario.net\\\/portal\\\/2025\\\/06\\\/13\\\/militares-y-policias-dejados-a-su-suerte-frente-a-grupos-terroristas-financiados-por-narcotrafico\\\/#primaryimage\",\"url\":\"https:\\\/\\\/www.eldiario.net\\\/portal\\\/wp-content\\\/uploads\\\/2025\\\/06\\\/13-SAN.webp\",\"contentUrl\":\"https:\\\/\\\/www.eldiario.net\\\/portal\\\/wp-content\\\/uploads\\\/2025\\\/06\\\/13-SAN.webp\",\"width\":1194,\"height\":750,\"caption\":\"Militares enviados a zonas de conflicto. Foto: APG\"},{\"@type\":\"BreadcrumbList\",\"@id\":\"https:\\\/\\\/www.eldiario.net\\\/portal\\\/2025\\\/06\\\/13\\\/militares-y-policias-dejados-a-su-suerte-frente-a-grupos-terroristas-financiados-por-narcotrafico\\\/#breadcrumb\",\"itemListElement\":[{\"@type\":\"ListItem\",\"position\":1,\"name\":\"Portada\",\"item\":\"https:\\\/\\\/www.eldiario.net\\\/portal\\\/\"},{\"@type\":\"ListItem\",\"position\":2,\"name\":\"Militares y polic\u00edas dejados a su suerte frente a grupos terroristas financiados por narcotr\u00e1fico\"}]},{\"@type\":\"WebSite\",\"@id\":\"https:\\\/\\\/www.eldiario.net\\\/portal\\\/#website\",\"url\":\"https:\\\/\\\/www.eldiario.net\\\/portal\\\/\",\"name\":\"El Diario - Decano de la prensa nacional\",\"description\":\"El Diario - Decano de la prensa nacional\",\"publisher\":{\"@id\":\"https:\\\/\\\/www.eldiario.net\\\/portal\\\/#organization\"},\"potentialAction\":[{\"@type\":\"SearchAction\",\"target\":{\"@type\":\"EntryPoint\",\"urlTemplate\":\"https:\\\/\\\/www.eldiario.net\\\/portal\\\/?s={search_term_string}\"},\"query-input\":{\"@type\":\"PropertyValueSpecification\",\"valueRequired\":true,\"valueName\":\"search_term_string\"}}],\"inLanguage\":\"es\"},{\"@type\":\"Organization\",\"@id\":\"https:\\\/\\\/www.eldiario.net\\\/portal\\\/#organization\",\"name\":\"El Diario - Decano de la prensa nacional\",\"url\":\"https:\\\/\\\/www.eldiario.net\\\/portal\\\/\",\"logo\":{\"@type\":\"ImageObject\",\"inLanguage\":\"es\",\"@id\":\"https:\\\/\\\/www.eldiario.net\\\/portal\\\/#\\\/schema\\\/logo\\\/image\\\/\",\"url\":\"https:\\\/\\\/www.eldiario.net\\\/portal\\\/wp-content\\\/uploads\\\/2023\\\/07\\\/logo_ED.jpg\",\"contentUrl\":\"https:\\\/\\\/www.eldiario.net\\\/portal\\\/wp-content\\\/uploads\\\/2023\\\/07\\\/logo_ED.jpg\",\"width\":272,\"height\":52,\"caption\":\"El Diario - Decano de la prensa nacional\"},\"image\":{\"@id\":\"https:\\\/\\\/www.eldiario.net\\\/portal\\\/#\\\/schema\\\/logo\\\/image\\\/\"},\"sameAs\":[\"https:\\\/\\\/www.facebook.com\\\/eldiario.bolivia\\\/\",\"https:\\\/\\\/x.com\\\/eldiario_net\"]},{\"@type\":\"Person\",\"@id\":\"https:\\\/\\\/www.eldiario.net\\\/portal\\\/#\\\/schema\\\/person\\\/f46445640444750d7d753ccd04ae01b7\",\"name\":\"Jeanette\",\"image\":{\"@type\":\"ImageObject\",\"inLanguage\":\"es\",\"@id\":\"https:\\\/\\\/secure.gravatar.com\\\/avatar\\\/3ea2118a5f7dad2b7138b1187a6b7ee55f160b9968b66013c3a3ef39dd7e5798?s=96&d=mm&r=g\",\"url\":\"https:\\\/\\\/secure.gravatar.com\\\/avatar\\\/3ea2118a5f7dad2b7138b1187a6b7ee55f160b9968b66013c3a3ef39dd7e5798?s=96&d=mm&r=g\",\"contentUrl\":\"https:\\\/\\\/secure.gravatar.com\\\/avatar\\\/3ea2118a5f7dad2b7138b1187a6b7ee55f160b9968b66013c3a3ef39dd7e5798?s=96&d=mm&r=g\",\"caption\":\"Jeanette\"},\"sameAs\":[\"https:\\\/\\\/www.eldiario.net\\\/portal\"],\"url\":\"https:\\\/\\\/www.eldiario.net\\\/portal\\\/author\\\/jeanette\\\/\"}]}<\/script>\n<!-- \/ Yoast SEO plugin. -->","yoast_head_json":{"title":"Militares y polic\u00edas dejados a su suerte frente a grupos terroristas financiados por narcotr\u00e1fico - El Diario - Bolivia","robots":{"index":"index","follow":"follow","max-snippet":"max-snippet:-1","max-image-preview":"max-image-preview:large","max-video-preview":"max-video-preview:-1"},"canonical":"https:\/\/www.eldiario.net\/portal\/2025\/06\/13\/militares-y-policias-dejados-a-su-suerte-frente-a-grupos-terroristas-financiados-por-narcotrafico\/","og_locale":"es_ES","og_type":"article","og_title":"Militares y polic\u00edas dejados a su suerte frente a grupos terroristas financiados por narcotr\u00e1fico - El Diario - Bolivia","og_description":"Tras tres d\u00edas de enfrentamientos entre grupos \u201cevistas\u201d y fuerzas del norte en el norte de Potos\u00ed, el experto en seguridad y defensa, Jorge Santisteban, en entrevista con EL DIARIO, advirti\u00f3 que el Gobierno evade su responsabilidad por las cinco muertes confirmadas y deja expuestos a polic\u00edas y militares, sin condiciones t\u00e9cnicas ni materiales adecuadas, [&hellip;]","og_url":"https:\/\/www.eldiario.net\/portal\/2025\/06\/13\/militares-y-policias-dejados-a-su-suerte-frente-a-grupos-terroristas-financiados-por-narcotrafico\/","og_site_name":"El Diario - Bolivia","article_publisher":"https:\/\/www.facebook.com\/eldiario.bolivia\/","article_published_time":"2025-06-13T09:39:25+00:00","og_image":[{"width":1194,"height":750,"url":"https:\/\/www.eldiario.net\/portal\/wp-content\/uploads\/2025\/06\/13-SAN.webp","type":"image\/webp"}],"author":"Jeanette","twitter_card":"summary_large_image","twitter_creator":"@eldiario_net","twitter_site":"@eldiario_net","twitter_misc":{"Escrito por":"Jeanette","Tiempo de lectura":"3 minutos"},"schema":{"@context":"https:\/\/schema.org","@graph":[{"@type":"Article","@id":"https:\/\/www.eldiario.net\/portal\/2025\/06\/13\/militares-y-policias-dejados-a-su-suerte-frente-a-grupos-terroristas-financiados-por-narcotrafico\/#article","isPartOf":{"@id":"https:\/\/www.eldiario.net\/portal\/2025\/06\/13\/militares-y-policias-dejados-a-su-suerte-frente-a-grupos-terroristas-financiados-por-narcotrafico\/"},"author":{"name":"Jeanette","@id":"https:\/\/www.eldiario.net\/portal\/#\/schema\/person\/f46445640444750d7d753ccd04ae01b7"},"headline":"Militares y polic\u00edas dejados a su suerte frente a grupos terroristas financiados por narcotr\u00e1fico","datePublished":"2025-06-13T09:39:25+00:00","mainEntityOfPage":{"@id":"https:\/\/www.eldiario.net\/portal\/2025\/06\/13\/militares-y-policias-dejados-a-su-suerte-frente-a-grupos-terroristas-financiados-por-narcotrafico\/"},"wordCount":594,"publisher":{"@id":"https:\/\/www.eldiario.net\/portal\/#organization"},"image":{"@id":"https:\/\/www.eldiario.net\/portal\/2025\/06\/13\/militares-y-policias-dejados-a-su-suerte-frente-a-grupos-terroristas-financiados-por-narcotrafico\/#primaryimage"},"thumbnailUrl":"https:\/\/www.eldiario.net\/portal\/wp-content\/uploads\/2025\/06\/13-SAN.webp","articleSection":["Sociedad - Seguridad"],"inLanguage":"es"},{"@type":"WebPage","@id":"https:\/\/www.eldiario.net\/portal\/2025\/06\/13\/militares-y-policias-dejados-a-su-suerte-frente-a-grupos-terroristas-financiados-por-narcotrafico\/","url":"https:\/\/www.eldiario.net\/portal\/2025\/06\/13\/militares-y-policias-dejados-a-su-suerte-frente-a-grupos-terroristas-financiados-por-narcotrafico\/","name":"Militares y polic\u00edas dejados a su suerte frente a grupos terroristas financiados por narcotr\u00e1fico - El Diario - Bolivia","isPartOf":{"@id":"https:\/\/www.eldiario.net\/portal\/#website"},"primaryImageOfPage":{"@id":"https:\/\/www.eldiario.net\/portal\/2025\/06\/13\/militares-y-policias-dejados-a-su-suerte-frente-a-grupos-terroristas-financiados-por-narcotrafico\/#primaryimage"},"image":{"@id":"https:\/\/www.eldiario.net\/portal\/2025\/06\/13\/militares-y-policias-dejados-a-su-suerte-frente-a-grupos-terroristas-financiados-por-narcotrafico\/#primaryimage"},"thumbnailUrl":"https:\/\/www.eldiario.net\/portal\/wp-content\/uploads\/2025\/06\/13-SAN.webp","datePublished":"2025-06-13T09:39:25+00:00","breadcrumb":{"@id":"https:\/\/www.eldiario.net\/portal\/2025\/06\/13\/militares-y-policias-dejados-a-su-suerte-frente-a-grupos-terroristas-financiados-por-narcotrafico\/#breadcrumb"},"inLanguage":"es","potentialAction":[{"@type":"ReadAction","target":["https:\/\/www.eldiario.net\/portal\/2025\/06\/13\/militares-y-policias-dejados-a-su-suerte-frente-a-grupos-terroristas-financiados-por-narcotrafico\/"]}]},{"@type":"ImageObject","inLanguage":"es","@id":"https:\/\/www.eldiario.net\/portal\/2025\/06\/13\/militares-y-policias-dejados-a-su-suerte-frente-a-grupos-terroristas-financiados-por-narcotrafico\/#primaryimage","url":"https:\/\/www.eldiario.net\/portal\/wp-content\/uploads\/2025\/06\/13-SAN.webp","contentUrl":"https:\/\/www.eldiario.net\/portal\/wp-content\/uploads\/2025\/06\/13-SAN.webp","width":1194,"height":750,"caption":"Militares enviados a zonas de conflicto. Foto: APG"},{"@type":"BreadcrumbList","@id":"https:\/\/www.eldiario.net\/portal\/2025\/06\/13\/militares-y-policias-dejados-a-su-suerte-frente-a-grupos-terroristas-financiados-por-narcotrafico\/#breadcrumb","itemListElement":[{"@type":"ListItem","position":1,"name":"Portada","item":"https:\/\/www.eldiario.net\/portal\/"},{"@type":"ListItem","position":2,"name":"Militares y polic\u00edas dejados a su suerte frente a grupos terroristas financiados por narcotr\u00e1fico"}]},{"@type":"WebSite","@id":"https:\/\/www.eldiario.net\/portal\/#website","url":"https:\/\/www.eldiario.net\/portal\/","name":"El Diario - Decano de la prensa nacional","description":"El Diario - Decano de la prensa nacional","publisher":{"@id":"https:\/\/www.eldiario.net\/portal\/#organization"},"potentialAction":[{"@type":"SearchAction","target":{"@type":"EntryPoint","urlTemplate":"https:\/\/www.eldiario.net\/portal\/?s={search_term_string}"},"query-input":{"@type":"PropertyValueSpecification","valueRequired":true,"valueName":"search_term_string"}}],"inLanguage":"es"},{"@type":"Organization","@id":"https:\/\/www.eldiario.net\/portal\/#organization","name":"El Diario - Decano de la prensa nacional","url":"https:\/\/www.eldiario.net\/portal\/","logo":{"@type":"ImageObject","inLanguage":"es","@id":"https:\/\/www.eldiario.net\/portal\/#\/schema\/logo\/image\/","url":"https:\/\/www.eldiario.net\/portal\/wp-content\/uploads\/2023\/07\/logo_ED.jpg","contentUrl":"https:\/\/www.eldiario.net\/portal\/wp-content\/uploads\/2023\/07\/logo_ED.jpg","width":272,"height":52,"caption":"El Diario - Decano de la prensa nacional"},"image":{"@id":"https:\/\/www.eldiario.net\/portal\/#\/schema\/logo\/image\/"},"sameAs":["https:\/\/www.facebook.com\/eldiario.bolivia\/","https:\/\/x.com\/eldiario_net"]},{"@type":"Person","@id":"https:\/\/www.eldiario.net\/portal\/#\/schema\/person\/f46445640444750d7d753ccd04ae01b7","name":"Jeanette","image":{"@type":"ImageObject","inLanguage":"es","@id":"https:\/\/secure.gravatar.com\/avatar\/3ea2118a5f7dad2b7138b1187a6b7ee55f160b9968b66013c3a3ef39dd7e5798?s=96&d=mm&r=g","url":"https:\/\/secure.gravatar.com\/avatar\/3ea2118a5f7dad2b7138b1187a6b7ee55f160b9968b66013c3a3ef39dd7e5798?s=96&d=mm&r=g","contentUrl":"https:\/\/secure.gravatar.com\/avatar\/3ea2118a5f7dad2b7138b1187a6b7ee55f160b9968b66013c3a3ef39dd7e5798?s=96&d=mm&r=g","caption":"Jeanette"},"sameAs":["https:\/\/www.eldiario.net\/portal"],"url":"https:\/\/www.eldiario.net\/portal\/author\/jeanette\/"}]}},"_links":{"self":[{"href":"https:\/\/www.eldiario.net\/portal\/wp-json\/wp\/v2\/posts\/309280","targetHints":{"allow":["GET"]}}],"collection":[{"href":"https:\/\/www.eldiario.net\/portal\/wp-json\/wp\/v2\/posts"}],"about":[{"href":"https:\/\/www.eldiario.net\/portal\/wp-json\/wp\/v2\/types\/post"}],"author":[{"embeddable":true,"href":"https:\/\/www.eldiario.net\/portal\/wp-json\/wp\/v2\/users\/1"}],"replies":[{"embeddable":true,"href":"https:\/\/www.eldiario.net\/portal\/wp-json\/wp\/v2\/comments?post=309280"}],"version-history":[{"count":1,"href":"https:\/\/www.eldiario.net\/portal\/wp-json\/wp\/v2\/posts\/309280\/revisions"}],"predecessor-version":[{"id":309282,"href":"https:\/\/www.eldiario.net\/portal\/wp-json\/wp\/v2\/posts\/309280\/revisions\/309282"}],"wp:featuredmedia":[{"embeddable":true,"href":"https:\/\/www.eldiario.net\/portal\/wp-json\/wp\/v2\/media\/309281"}],"wp:attachment":[{"href":"https:\/\/www.eldiario.net\/portal\/wp-json\/wp\/v2\/media?parent=309280"}],"wp:term":[{"taxonomy":"category","embeddable":true,"href":"https:\/\/www.eldiario.net\/portal\/wp-json\/wp\/v2\/categories?post=309280"},{"taxonomy":"post_tag","embeddable":true,"href":"https:\/\/www.eldiario.net\/portal\/wp-json\/wp\/v2\/tags?post=309280"}],"curies":[{"name":"wp","href":"https:\/\/api.w.org\/{rel}","templated":true}]}}