{"id":309277,"date":"2025-06-13T05:38:48","date_gmt":"2025-06-13T09:38:48","guid":{"rendered":"https:\/\/www.eldiario.net\/portal\/?p=309277"},"modified":"2025-06-13T05:38:48","modified_gmt":"2025-06-13T09:38:48","slug":"alcoholicos-anonimos-cumple-90-anos-de-servicio","status":"publish","type":"post","link":"https:\/\/www.eldiario.net\/portal\/2025\/06\/13\/alcoholicos-anonimos-cumple-90-anos-de-servicio\/","title":{"rendered":"Alcoh\u00f3licos An\u00f3nimos cumple 90 a\u00f1os de servicio"},"content":{"rendered":"<p>\u00bfQu\u00e9 es Alcoh\u00f3licos An\u00f3nimos? Seg\u00fan uno de sus miembros, Padre Hern\u00e1n A. A., \u201ces el caf\u00e9 caliente alrededor de una mesa; es risa, fraternidad, tertulia, hermandad; un abrazo fraterno, sincero y honesto antes que una catarsis; es atender un tel\u00e9fono; es extender la mano cada vez que alguien lo necesite; es una introducci\u00f3n a la amistad; es elevar una oraci\u00f3n en silencio al gran Creador por una persona que sufre\u201d.<\/p>\n<p>Para el miembro de AA, este servicio es un obrero, un profesional, una ama de casa, un hombre de negocios, as\u00ed como un alba\u00f1il, oficinista o doctor, y todo quien haya encontrado \u201cla diamantina luz que alumbra la tenebrosa oscuridad de sus aciagas vidas\u201d.<\/p>\n<p>Seg\u00fan el Padre Hern\u00e1n, es la memoria de dos hombres idealistas y visionarios llamados Bill Wilson y Bob Smith, quienes en 1935 realizaron algo \u201cextraordinario y revolucionario\u201d: se encontraron para no beber y cofundaron la comunidad que hasta ahora subsiste con los aportes de sus propios medios, sin financiamiento de ning\u00fan estado ni organizaci\u00f3n.<\/p>\n<p>\u201cEs una esposa, un ni\u00f1o y un perro que se alegran cuando llegamos a casa\u201d, escribi\u00f3 en un documento enviado a EL DIARIO. \u201cEs una llave que gira y abre la puerta para ingresar, dejando atr\u00e1s la noche, el pasado, como un cheque cancelado, encontrando el alma descanso todos los d\u00edas en el poder superior, con una oraci\u00f3n antes de acostarse\u201d.<\/p>\n<p>\u201cAlcoh\u00f3licos An\u00f3nimos es un grupo de confianza, es una moneda generosa para una s\u00e9ptima que siempre hace falta. Es una acci\u00f3n de gracias (\u2026) es la visita a un hospital o a la c\u00e1rcel portando solamente fe, fortaleza, esperanza, paz, solidaridad y mucho afecto\u201d, se lee en las l\u00edneas del documento.<\/p>\n<p>\u201cEs encontrar felicidad ante las circunstancias m\u00e1s dif\u00edciles, adversas y molestas; confianza ante el enemigo, que no es otra cosa que nuestros propios miedos. Es tolerancia ante la intolerancia del fanatismo que purifica el esp\u00edritu, es encontrar paz en la angustia\u201d, agreg\u00f3.<\/p>\n<p>El 10 de junio, la comunidad de alcoh\u00f3licos en rehabilitaci\u00f3n m\u00e1s extendida del mundo cumpli\u00f3 90 a\u00f1os de servicio gratuito y completamente an\u00f3nimo. Sus miembros afirman que miles de vidas son salvadas cada a\u00f1o, gracias a la iniciativa de Wilson y Smith en 1935 en Akron, Ohio.<\/p>\n<p>&nbsp;<\/p>\n","protected":false},"excerpt":{"rendered":"<p>\u00bfQu\u00e9 es Alcoh\u00f3licos An\u00f3nimos? Seg\u00fan uno de sus miembros, Padre Hern\u00e1n A. A., \u201ces el caf\u00e9 caliente alrededor de una mesa; es risa, fraternidad, tertulia, hermandad; un abrazo fraterno, sincero y honesto antes que una catarsis; es atender un tel\u00e9fono; es extender la mano cada vez que alguien lo necesite; es una introducci\u00f3n a la [&hellip;]<\/p>\n","protected":false},"author":1,"featured_media":309278,"comment_status":"closed","ping_status":"open","sticky":false,"template":"","format":"standard","meta":{"_acf_changed":false,"footnotes":""},"categories":[39],"tags":[],"class_list":["post-309277","post","type-post","status-publish","format-standard","has-post-thumbnail","category-sociedad"],"acf":{"antetitulo":"\u201cEs hallar paz en la angustia\u201d"},"yoast_head":"<!-- This site is optimized with the Yoast SEO plugin v28.4 - https:\/\/yoast.com\/product\/yoast-seo-wordpress\/ -->\n<title>Alcoh\u00f3licos An\u00f3nimos cumple 90 a\u00f1os de servicio - El Diario - Bolivia<\/title>\n<meta name=\"robots\" content=\"index, follow, max-snippet:-1, max-image-preview:large, max-video-preview:-1\" \/>\n<link rel=\"canonical\" href=\"https:\/\/www.eldiario.net\/portal\/2025\/06\/13\/alcoholicos-anonimos-cumple-90-anos-de-servicio\/\" \/>\n<meta property=\"og:locale\" content=\"es_ES\" \/>\n<meta property=\"og:type\" content=\"article\" \/>\n<meta property=\"og:title\" content=\"Alcoh\u00f3licos An\u00f3nimos cumple 90 a\u00f1os de servicio - El Diario - Bolivia\" \/>\n<meta property=\"og:description\" content=\"\u00bfQu\u00e9 es Alcoh\u00f3licos An\u00f3nimos? Seg\u00fan uno de sus miembros, Padre Hern\u00e1n A. A., \u201ces el caf\u00e9 caliente alrededor de una mesa; es risa, fraternidad, tertulia, hermandad; un abrazo fraterno, sincero y honesto antes que una catarsis; es atender un tel\u00e9fono; es extender la mano cada vez que alguien lo necesite; es una introducci\u00f3n a la [&hellip;]\" \/>\n<meta property=\"og:url\" content=\"https:\/\/www.eldiario.net\/portal\/2025\/06\/13\/alcoholicos-anonimos-cumple-90-anos-de-servicio\/\" \/>\n<meta property=\"og:site_name\" content=\"El Diario - Bolivia\" \/>\n<meta property=\"article:publisher\" content=\"https:\/\/www.facebook.com\/eldiario.bolivia\/\" \/>\n<meta property=\"article:published_time\" content=\"2025-06-13T09:38:48+00:00\" \/>\n<meta property=\"og:image\" content=\"https:\/\/www.eldiario.net\/portal\/wp-content\/uploads\/2025\/06\/13-HAA.webp\" \/>\n\t<meta property=\"og:image:width\" content=\"634\" \/>\n\t<meta property=\"og:image:height\" content=\"400\" \/>\n\t<meta property=\"og:image:type\" content=\"image\/webp\" \/>\n<meta name=\"author\" content=\"Jeanette\" \/>\n<meta name=\"twitter:card\" content=\"summary_large_image\" \/>\n<meta name=\"twitter:creator\" content=\"@eldiario_net\" \/>\n<meta name=\"twitter:site\" content=\"@eldiario_net\" \/>\n<meta name=\"twitter:label1\" content=\"Escrito por\" \/>\n\t<meta name=\"twitter:data1\" content=\"Jeanette\" \/>\n\t<meta name=\"twitter:label2\" content=\"Tiempo de lectura\" \/>\n\t<meta name=\"twitter:data2\" content=\"2 minutos\" \/>\n<script type=\"application\/ld+json\" class=\"yoast-schema-graph\">{\"@context\":\"https:\\\/\\\/schema.org\",\"@graph\":[{\"@type\":\"Article\",\"@id\":\"https:\\\/\\\/www.eldiario.net\\\/portal\\\/2025\\\/06\\\/13\\\/alcoholicos-anonimos-cumple-90-anos-de-servicio\\\/#article\",\"isPartOf\":{\"@id\":\"https:\\\/\\\/www.eldiario.net\\\/portal\\\/2025\\\/06\\\/13\\\/alcoholicos-anonimos-cumple-90-anos-de-servicio\\\/\"},\"author\":{\"name\":\"Jeanette\",\"@id\":\"https:\\\/\\\/www.eldiario.net\\\/portal\\\/#\\\/schema\\\/person\\\/f46445640444750d7d753ccd04ae01b7\"},\"headline\":\"Alcoh\u00f3licos An\u00f3nimos cumple 90 a\u00f1os de servicio\",\"datePublished\":\"2025-06-13T09:38:48+00:00\",\"mainEntityOfPage\":{\"@id\":\"https:\\\/\\\/www.eldiario.net\\\/portal\\\/2025\\\/06\\\/13\\\/alcoholicos-anonimos-cumple-90-anos-de-servicio\\\/\"},\"wordCount\":405,\"publisher\":{\"@id\":\"https:\\\/\\\/www.eldiario.net\\\/portal\\\/#organization\"},\"image\":{\"@id\":\"https:\\\/\\\/www.eldiario.net\\\/portal\\\/2025\\\/06\\\/13\\\/alcoholicos-anonimos-cumple-90-anos-de-servicio\\\/#primaryimage\"},\"thumbnailUrl\":\"https:\\\/\\\/www.eldiario.net\\\/portal\\\/wp-content\\\/uploads\\\/2025\\\/06\\\/13-HAA.webp\",\"articleSection\":[\"Sociedad - Seguridad\"],\"inLanguage\":\"es\"},{\"@type\":\"WebPage\",\"@id\":\"https:\\\/\\\/www.eldiario.net\\\/portal\\\/2025\\\/06\\\/13\\\/alcoholicos-anonimos-cumple-90-anos-de-servicio\\\/\",\"url\":\"https:\\\/\\\/www.eldiario.net\\\/portal\\\/2025\\\/06\\\/13\\\/alcoholicos-anonimos-cumple-90-anos-de-servicio\\\/\",\"name\":\"Alcoh\u00f3licos An\u00f3nimos cumple 90 a\u00f1os de servicio - El Diario - Bolivia\",\"isPartOf\":{\"@id\":\"https:\\\/\\\/www.eldiario.net\\\/portal\\\/#website\"},\"primaryImageOfPage\":{\"@id\":\"https:\\\/\\\/www.eldiario.net\\\/portal\\\/2025\\\/06\\\/13\\\/alcoholicos-anonimos-cumple-90-anos-de-servicio\\\/#primaryimage\"},\"image\":{\"@id\":\"https:\\\/\\\/www.eldiario.net\\\/portal\\\/2025\\\/06\\\/13\\\/alcoholicos-anonimos-cumple-90-anos-de-servicio\\\/#primaryimage\"},\"thumbnailUrl\":\"https:\\\/\\\/www.eldiario.net\\\/portal\\\/wp-content\\\/uploads\\\/2025\\\/06\\\/13-HAA.webp\",\"datePublished\":\"2025-06-13T09:38:48+00:00\",\"breadcrumb\":{\"@id\":\"https:\\\/\\\/www.eldiario.net\\\/portal\\\/2025\\\/06\\\/13\\\/alcoholicos-anonimos-cumple-90-anos-de-servicio\\\/#breadcrumb\"},\"inLanguage\":\"es\",\"potentialAction\":[{\"@type\":\"ReadAction\",\"target\":[\"https:\\\/\\\/www.eldiario.net\\\/portal\\\/2025\\\/06\\\/13\\\/alcoholicos-anonimos-cumple-90-anos-de-servicio\\\/\"]}]},{\"@type\":\"ImageObject\",\"inLanguage\":\"es\",\"@id\":\"https:\\\/\\\/www.eldiario.net\\\/portal\\\/2025\\\/06\\\/13\\\/alcoholicos-anonimos-cumple-90-anos-de-servicio\\\/#primaryimage\",\"url\":\"https:\\\/\\\/www.eldiario.net\\\/portal\\\/wp-content\\\/uploads\\\/2025\\\/06\\\/13-HAA.webp\",\"contentUrl\":\"https:\\\/\\\/www.eldiario.net\\\/portal\\\/wp-content\\\/uploads\\\/2025\\\/06\\\/13-HAA.webp\",\"width\":634,\"height\":400,\"caption\":\"Fachada del grupo \u201cRenacer\u201d en La Paz. Foto: Br\u00fajula Digital\"},{\"@type\":\"BreadcrumbList\",\"@id\":\"https:\\\/\\\/www.eldiario.net\\\/portal\\\/2025\\\/06\\\/13\\\/alcoholicos-anonimos-cumple-90-anos-de-servicio\\\/#breadcrumb\",\"itemListElement\":[{\"@type\":\"ListItem\",\"position\":1,\"name\":\"Portada\",\"item\":\"https:\\\/\\\/www.eldiario.net\\\/portal\\\/\"},{\"@type\":\"ListItem\",\"position\":2,\"name\":\"Alcoh\u00f3licos An\u00f3nimos cumple 90 a\u00f1os de servicio\"}]},{\"@type\":\"WebSite\",\"@id\":\"https:\\\/\\\/www.eldiario.net\\\/portal\\\/#website\",\"url\":\"https:\\\/\\\/www.eldiario.net\\\/portal\\\/\",\"name\":\"El Diario - Decano de la prensa nacional\",\"description\":\"El Diario - Decano de la prensa nacional\",\"publisher\":{\"@id\":\"https:\\\/\\\/www.eldiario.net\\\/portal\\\/#organization\"},\"potentialAction\":[{\"@type\":\"SearchAction\",\"target\":{\"@type\":\"EntryPoint\",\"urlTemplate\":\"https:\\\/\\\/www.eldiario.net\\\/portal\\\/?s={search_term_string}\"},\"query-input\":{\"@type\":\"PropertyValueSpecification\",\"valueRequired\":true,\"valueName\":\"search_term_string\"}}],\"inLanguage\":\"es\"},{\"@type\":\"Organization\",\"@id\":\"https:\\\/\\\/www.eldiario.net\\\/portal\\\/#organization\",\"name\":\"El Diario - Decano de la prensa nacional\",\"url\":\"https:\\\/\\\/www.eldiario.net\\\/portal\\\/\",\"logo\":{\"@type\":\"ImageObject\",\"inLanguage\":\"es\",\"@id\":\"https:\\\/\\\/www.eldiario.net\\\/portal\\\/#\\\/schema\\\/logo\\\/image\\\/\",\"url\":\"https:\\\/\\\/www.eldiario.net\\\/portal\\\/wp-content\\\/uploads\\\/2023\\\/07\\\/logo_ED.jpg\",\"contentUrl\":\"https:\\\/\\\/www.eldiario.net\\\/portal\\\/wp-content\\\/uploads\\\/2023\\\/07\\\/logo_ED.jpg\",\"width\":272,\"height\":52,\"caption\":\"El Diario - Decano de la prensa nacional\"},\"image\":{\"@id\":\"https:\\\/\\\/www.eldiario.net\\\/portal\\\/#\\\/schema\\\/logo\\\/image\\\/\"},\"sameAs\":[\"https:\\\/\\\/www.facebook.com\\\/eldiario.bolivia\\\/\",\"https:\\\/\\\/x.com\\\/eldiario_net\"]},{\"@type\":\"Person\",\"@id\":\"https:\\\/\\\/www.eldiario.net\\\/portal\\\/#\\\/schema\\\/person\\\/f46445640444750d7d753ccd04ae01b7\",\"name\":\"Jeanette\",\"image\":{\"@type\":\"ImageObject\",\"inLanguage\":\"es\",\"@id\":\"https:\\\/\\\/secure.gravatar.com\\\/avatar\\\/3ea2118a5f7dad2b7138b1187a6b7ee55f160b9968b66013c3a3ef39dd7e5798?s=96&d=mm&r=g\",\"url\":\"https:\\\/\\\/secure.gravatar.com\\\/avatar\\\/3ea2118a5f7dad2b7138b1187a6b7ee55f160b9968b66013c3a3ef39dd7e5798?s=96&d=mm&r=g\",\"contentUrl\":\"https:\\\/\\\/secure.gravatar.com\\\/avatar\\\/3ea2118a5f7dad2b7138b1187a6b7ee55f160b9968b66013c3a3ef39dd7e5798?s=96&d=mm&r=g\",\"caption\":\"Jeanette\"},\"sameAs\":[\"https:\\\/\\\/www.eldiario.net\\\/portal\"],\"url\":\"https:\\\/\\\/www.eldiario.net\\\/portal\\\/author\\\/jeanette\\\/\"}]}<\/script>\n<!-- \/ Yoast SEO plugin. -->","yoast_head_json":{"title":"Alcoh\u00f3licos An\u00f3nimos cumple 90 a\u00f1os de servicio - El Diario - Bolivia","robots":{"index":"index","follow":"follow","max-snippet":"max-snippet:-1","max-image-preview":"max-image-preview:large","max-video-preview":"max-video-preview:-1"},"canonical":"https:\/\/www.eldiario.net\/portal\/2025\/06\/13\/alcoholicos-anonimos-cumple-90-anos-de-servicio\/","og_locale":"es_ES","og_type":"article","og_title":"Alcoh\u00f3licos An\u00f3nimos cumple 90 a\u00f1os de servicio - El Diario - Bolivia","og_description":"\u00bfQu\u00e9 es Alcoh\u00f3licos An\u00f3nimos? Seg\u00fan uno de sus miembros, Padre Hern\u00e1n A. A., \u201ces el caf\u00e9 caliente alrededor de una mesa; es risa, fraternidad, tertulia, hermandad; un abrazo fraterno, sincero y honesto antes que una catarsis; es atender un tel\u00e9fono; es extender la mano cada vez que alguien lo necesite; es una introducci\u00f3n a la [&hellip;]","og_url":"https:\/\/www.eldiario.net\/portal\/2025\/06\/13\/alcoholicos-anonimos-cumple-90-anos-de-servicio\/","og_site_name":"El Diario - Bolivia","article_publisher":"https:\/\/www.facebook.com\/eldiario.bolivia\/","article_published_time":"2025-06-13T09:38:48+00:00","og_image":[{"width":634,"height":400,"url":"https:\/\/www.eldiario.net\/portal\/wp-content\/uploads\/2025\/06\/13-HAA.webp","type":"image\/webp"}],"author":"Jeanette","twitter_card":"summary_large_image","twitter_creator":"@eldiario_net","twitter_site":"@eldiario_net","twitter_misc":{"Escrito por":"Jeanette","Tiempo de lectura":"2 minutos"},"schema":{"@context":"https:\/\/schema.org","@graph":[{"@type":"Article","@id":"https:\/\/www.eldiario.net\/portal\/2025\/06\/13\/alcoholicos-anonimos-cumple-90-anos-de-servicio\/#article","isPartOf":{"@id":"https:\/\/www.eldiario.net\/portal\/2025\/06\/13\/alcoholicos-anonimos-cumple-90-anos-de-servicio\/"},"author":{"name":"Jeanette","@id":"https:\/\/www.eldiario.net\/portal\/#\/schema\/person\/f46445640444750d7d753ccd04ae01b7"},"headline":"Alcoh\u00f3licos An\u00f3nimos cumple 90 a\u00f1os de servicio","datePublished":"2025-06-13T09:38:48+00:00","mainEntityOfPage":{"@id":"https:\/\/www.eldiario.net\/portal\/2025\/06\/13\/alcoholicos-anonimos-cumple-90-anos-de-servicio\/"},"wordCount":405,"publisher":{"@id":"https:\/\/www.eldiario.net\/portal\/#organization"},"image":{"@id":"https:\/\/www.eldiario.net\/portal\/2025\/06\/13\/alcoholicos-anonimos-cumple-90-anos-de-servicio\/#primaryimage"},"thumbnailUrl":"https:\/\/www.eldiario.net\/portal\/wp-content\/uploads\/2025\/06\/13-HAA.webp","articleSection":["Sociedad - Seguridad"],"inLanguage":"es"},{"@type":"WebPage","@id":"https:\/\/www.eldiario.net\/portal\/2025\/06\/13\/alcoholicos-anonimos-cumple-90-anos-de-servicio\/","url":"https:\/\/www.eldiario.net\/portal\/2025\/06\/13\/alcoholicos-anonimos-cumple-90-anos-de-servicio\/","name":"Alcoh\u00f3licos An\u00f3nimos cumple 90 a\u00f1os de servicio - El Diario - Bolivia","isPartOf":{"@id":"https:\/\/www.eldiario.net\/portal\/#website"},"primaryImageOfPage":{"@id":"https:\/\/www.eldiario.net\/portal\/2025\/06\/13\/alcoholicos-anonimos-cumple-90-anos-de-servicio\/#primaryimage"},"image":{"@id":"https:\/\/www.eldiario.net\/portal\/2025\/06\/13\/alcoholicos-anonimos-cumple-90-anos-de-servicio\/#primaryimage"},"thumbnailUrl":"https:\/\/www.eldiario.net\/portal\/wp-content\/uploads\/2025\/06\/13-HAA.webp","datePublished":"2025-06-13T09:38:48+00:00","breadcrumb":{"@id":"https:\/\/www.eldiario.net\/portal\/2025\/06\/13\/alcoholicos-anonimos-cumple-90-anos-de-servicio\/#breadcrumb"},"inLanguage":"es","potentialAction":[{"@type":"ReadAction","target":["https:\/\/www.eldiario.net\/portal\/2025\/06\/13\/alcoholicos-anonimos-cumple-90-anos-de-servicio\/"]}]},{"@type":"ImageObject","inLanguage":"es","@id":"https:\/\/www.eldiario.net\/portal\/2025\/06\/13\/alcoholicos-anonimos-cumple-90-anos-de-servicio\/#primaryimage","url":"https:\/\/www.eldiario.net\/portal\/wp-content\/uploads\/2025\/06\/13-HAA.webp","contentUrl":"https:\/\/www.eldiario.net\/portal\/wp-content\/uploads\/2025\/06\/13-HAA.webp","width":634,"height":400,"caption":"Fachada del grupo \u201cRenacer\u201d en La Paz. Foto: Br\u00fajula Digital"},{"@type":"BreadcrumbList","@id":"https:\/\/www.eldiario.net\/portal\/2025\/06\/13\/alcoholicos-anonimos-cumple-90-anos-de-servicio\/#breadcrumb","itemListElement":[{"@type":"ListItem","position":1,"name":"Portada","item":"https:\/\/www.eldiario.net\/portal\/"},{"@type":"ListItem","position":2,"name":"Alcoh\u00f3licos An\u00f3nimos cumple 90 a\u00f1os de servicio"}]},{"@type":"WebSite","@id":"https:\/\/www.eldiario.net\/portal\/#website","url":"https:\/\/www.eldiario.net\/portal\/","name":"El Diario - Decano de la prensa nacional","description":"El Diario - Decano de la prensa nacional","publisher":{"@id":"https:\/\/www.eldiario.net\/portal\/#organization"},"potentialAction":[{"@type":"SearchAction","target":{"@type":"EntryPoint","urlTemplate":"https:\/\/www.eldiario.net\/portal\/?s={search_term_string}"},"query-input":{"@type":"PropertyValueSpecification","valueRequired":true,"valueName":"search_term_string"}}],"inLanguage":"es"},{"@type":"Organization","@id":"https:\/\/www.eldiario.net\/portal\/#organization","name":"El Diario - Decano de la prensa nacional","url":"https:\/\/www.eldiario.net\/portal\/","logo":{"@type":"ImageObject","inLanguage":"es","@id":"https:\/\/www.eldiario.net\/portal\/#\/schema\/logo\/image\/","url":"https:\/\/www.eldiario.net\/portal\/wp-content\/uploads\/2023\/07\/logo_ED.jpg","contentUrl":"https:\/\/www.eldiario.net\/portal\/wp-content\/uploads\/2023\/07\/logo_ED.jpg","width":272,"height":52,"caption":"El Diario - Decano de la prensa nacional"},"image":{"@id":"https:\/\/www.eldiario.net\/portal\/#\/schema\/logo\/image\/"},"sameAs":["https:\/\/www.facebook.com\/eldiario.bolivia\/","https:\/\/x.com\/eldiario_net"]},{"@type":"Person","@id":"https:\/\/www.eldiario.net\/portal\/#\/schema\/person\/f46445640444750d7d753ccd04ae01b7","name":"Jeanette","image":{"@type":"ImageObject","inLanguage":"es","@id":"https:\/\/secure.gravatar.com\/avatar\/3ea2118a5f7dad2b7138b1187a6b7ee55f160b9968b66013c3a3ef39dd7e5798?s=96&d=mm&r=g","url":"https:\/\/secure.gravatar.com\/avatar\/3ea2118a5f7dad2b7138b1187a6b7ee55f160b9968b66013c3a3ef39dd7e5798?s=96&d=mm&r=g","contentUrl":"https:\/\/secure.gravatar.com\/avatar\/3ea2118a5f7dad2b7138b1187a6b7ee55f160b9968b66013c3a3ef39dd7e5798?s=96&d=mm&r=g","caption":"Jeanette"},"sameAs":["https:\/\/www.eldiario.net\/portal"],"url":"https:\/\/www.eldiario.net\/portal\/author\/jeanette\/"}]}},"_links":{"self":[{"href":"https:\/\/www.eldiario.net\/portal\/wp-json\/wp\/v2\/posts\/309277","targetHints":{"allow":["GET"]}}],"collection":[{"href":"https:\/\/www.eldiario.net\/portal\/wp-json\/wp\/v2\/posts"}],"about":[{"href":"https:\/\/www.eldiario.net\/portal\/wp-json\/wp\/v2\/types\/post"}],"author":[{"embeddable":true,"href":"https:\/\/www.eldiario.net\/portal\/wp-json\/wp\/v2\/users\/1"}],"replies":[{"embeddable":true,"href":"https:\/\/www.eldiario.net\/portal\/wp-json\/wp\/v2\/comments?post=309277"}],"version-history":[{"count":1,"href":"https:\/\/www.eldiario.net\/portal\/wp-json\/wp\/v2\/posts\/309277\/revisions"}],"predecessor-version":[{"id":309279,"href":"https:\/\/www.eldiario.net\/portal\/wp-json\/wp\/v2\/posts\/309277\/revisions\/309279"}],"wp:featuredmedia":[{"embeddable":true,"href":"https:\/\/www.eldiario.net\/portal\/wp-json\/wp\/v2\/media\/309278"}],"wp:attachment":[{"href":"https:\/\/www.eldiario.net\/portal\/wp-json\/wp\/v2\/media?parent=309277"}],"wp:term":[{"taxonomy":"category","embeddable":true,"href":"https:\/\/www.eldiario.net\/portal\/wp-json\/wp\/v2\/categories?post=309277"},{"taxonomy":"post_tag","embeddable":true,"href":"https:\/\/www.eldiario.net\/portal\/wp-json\/wp\/v2\/tags?post=309277"}],"curies":[{"name":"wp","href":"https:\/\/api.w.org\/{rel}","templated":true}]}}