{"id":309274,"date":"2025-06-13T05:38:14","date_gmt":"2025-06-13T09:38:14","guid":{"rendered":"https:\/\/www.eldiario.net\/portal\/?p=309274"},"modified":"2025-06-13T05:38:14","modified_gmt":"2025-06-13T09:38:14","slug":"confirman-5-muertes-tras-enfrentamientos","status":"publish","type":"post","link":"https:\/\/www.eldiario.net\/portal\/2025\/06\/13\/confirman-5-muertes-tras-enfrentamientos\/","title":{"rendered":"Confirman 5 muertes tras enfrentamientos"},"content":{"rendered":"<p>El ministro de Gobierno, Roberto R\u00edos Sanjin\u00e9s, confirm\u00f3 ayer que cuatro efectivos del orden y un civil perdieron la vida en medio de la violencia y enfrentamientos entre la Polic\u00eda y sectores sociales \u201cevistas\u201d en Potos\u00ed y Cochabamba, inform\u00f3 el ministro de Gobierno, Roberto R\u00edos.<\/p>\n<p>Las v\u00edctimas en la localidad potosina de Llallagua fueron identificadas como los subtenientes de Polic\u00eda, Brayan Jorge Barrozo Rodr\u00edguez y Carlos Enrique Apata Tola, adem\u00e1s del sargento segundo de Bomberos, Jes\u00fas Alberto Mamani Morales.<\/p>\n<p>En tanto, en Cochabamba se report\u00f3 el deceso de Christian Calle Alc\u00f3n, tambi\u00e9n de grado subteniente, luego de que cuerpo fuera encontrado ayer en la localidad de Confital. El efectivo perdi\u00f3 la vida por la explosi\u00f3n de una dinamita.<\/p>\n<p>R\u00edos se\u00f1al\u00f3 que el comunario falleci\u00f3 por supuesta manipulaci\u00f3n de explosivos: \u201cSon cuatro muertes confirmadas de miembros de la Polic\u00eda Boliviana y un civil que, de acuerdo con el reporte preliminar que tenemos, perdi\u00f3 la vida por la manipulaci\u00f3n de un artefacto explosivo\u201d.<\/p>\n<p>El ministro ratific\u00f3 que los decesos no quedar\u00e1n en la impunidad y que continuar\u00e1n realizando operativos para despejar las carreteras bloqueadas por el \u201cevismo\u201d. \u201cNo existen l\u00edmites para Evo Morales y sus seguidores. Se han alcanzado niveles de violencia inaceptables que han cruzado la l\u00ednea de la protesta por el crimen, son actos criminales\u201d, cuestion\u00f3.<\/p>\n<p>R\u00edos tambi\u00e9n denunci\u00f3 la presencia de personas armadas con fusiles que aparentemente est\u00e1n siendo accionados para quitar la vida de servidores p\u00fablicos policiales. En tal sentido, deslegitim\u00f3 versiones de que los polic\u00edas estar\u00edan abriendo fuego entre ellos para simular un \u201cautoatentado\u201d. (Potos\u00ed, EL DIARIO y agencias)<\/p>\n","protected":false},"excerpt":{"rendered":"<p>El ministro de Gobierno, Roberto R\u00edos Sanjin\u00e9s, confirm\u00f3 ayer que cuatro efectivos del orden y un civil perdieron la vida en medio de la violencia y enfrentamientos entre la Polic\u00eda y sectores sociales \u201cevistas\u201d en Potos\u00ed y Cochabamba, inform\u00f3 el ministro de Gobierno, Roberto R\u00edos. Las v\u00edctimas en la localidad potosina de Llallagua fueron identificadas [&hellip;]<\/p>\n","protected":false},"author":1,"featured_media":309275,"comment_status":"closed","ping_status":"open","sticky":false,"template":"","format":"standard","meta":{"_acf_changed":false,"footnotes":""},"categories":[39],"tags":[],"class_list":["post-309274","post","type-post","status-publish","format-standard","has-post-thumbnail","category-sociedad"],"acf":{"antetitulo":"Cuatro polic\u00edas y un civil"},"yoast_head":"<!-- This site is optimized with the Yoast SEO plugin v28.4 - https:\/\/yoast.com\/product\/yoast-seo-wordpress\/ -->\n<title>Confirman 5 muertes tras enfrentamientos - El Diario - Bolivia<\/title>\n<meta name=\"robots\" content=\"index, follow, max-snippet:-1, max-image-preview:large, max-video-preview:-1\" \/>\n<link rel=\"canonical\" href=\"https:\/\/www.eldiario.net\/portal\/2025\/06\/13\/confirman-5-muertes-tras-enfrentamientos\/\" \/>\n<meta property=\"og:locale\" content=\"es_ES\" \/>\n<meta property=\"og:type\" content=\"article\" \/>\n<meta property=\"og:title\" content=\"Confirman 5 muertes tras enfrentamientos - El Diario - Bolivia\" \/>\n<meta property=\"og:description\" content=\"El ministro de Gobierno, Roberto R\u00edos Sanjin\u00e9s, confirm\u00f3 ayer que cuatro efectivos del orden y un civil perdieron la vida en medio de la violencia y enfrentamientos entre la Polic\u00eda y sectores sociales \u201cevistas\u201d en Potos\u00ed y Cochabamba, inform\u00f3 el ministro de Gobierno, Roberto R\u00edos. Las v\u00edctimas en la localidad potosina de Llallagua fueron identificadas [&hellip;]\" \/>\n<meta property=\"og:url\" content=\"https:\/\/www.eldiario.net\/portal\/2025\/06\/13\/confirman-5-muertes-tras-enfrentamientos\/\" \/>\n<meta property=\"og:site_name\" content=\"El Diario - Bolivia\" \/>\n<meta property=\"article:publisher\" content=\"https:\/\/www.facebook.com\/eldiario.bolivia\/\" \/>\n<meta property=\"article:published_time\" content=\"2025-06-13T09:38:14+00:00\" \/>\n<meta property=\"og:image\" content=\"https:\/\/www.eldiario.net\/portal\/wp-content\/uploads\/2025\/06\/13-CINCO.webp\" \/>\n\t<meta property=\"og:image:width\" content=\"1054\" \/>\n\t<meta property=\"og:image:height\" content=\"726\" \/>\n\t<meta property=\"og:image:type\" content=\"image\/webp\" \/>\n<meta name=\"author\" content=\"Jeanette\" \/>\n<meta name=\"twitter:card\" content=\"summary_large_image\" \/>\n<meta name=\"twitter:creator\" content=\"@eldiario_net\" \/>\n<meta name=\"twitter:site\" content=\"@eldiario_net\" \/>\n<meta name=\"twitter:label1\" content=\"Escrito por\" \/>\n\t<meta name=\"twitter:data1\" content=\"Jeanette\" \/>\n\t<meta name=\"twitter:label2\" content=\"Tiempo de lectura\" \/>\n\t<meta name=\"twitter:data2\" content=\"2 minutos\" \/>\n<script type=\"application\/ld+json\" class=\"yoast-schema-graph\">{\"@context\":\"https:\\\/\\\/schema.org\",\"@graph\":[{\"@type\":\"Article\",\"@id\":\"https:\\\/\\\/www.eldiario.net\\\/portal\\\/2025\\\/06\\\/13\\\/confirman-5-muertes-tras-enfrentamientos\\\/#article\",\"isPartOf\":{\"@id\":\"https:\\\/\\\/www.eldiario.net\\\/portal\\\/2025\\\/06\\\/13\\\/confirman-5-muertes-tras-enfrentamientos\\\/\"},\"author\":{\"name\":\"Jeanette\",\"@id\":\"https:\\\/\\\/www.eldiario.net\\\/portal\\\/#\\\/schema\\\/person\\\/f46445640444750d7d753ccd04ae01b7\"},\"headline\":\"Confirman 5 muertes tras enfrentamientos\",\"datePublished\":\"2025-06-13T09:38:14+00:00\",\"mainEntityOfPage\":{\"@id\":\"https:\\\/\\\/www.eldiario.net\\\/portal\\\/2025\\\/06\\\/13\\\/confirman-5-muertes-tras-enfrentamientos\\\/\"},\"wordCount\":293,\"publisher\":{\"@id\":\"https:\\\/\\\/www.eldiario.net\\\/portal\\\/#organization\"},\"image\":{\"@id\":\"https:\\\/\\\/www.eldiario.net\\\/portal\\\/2025\\\/06\\\/13\\\/confirman-5-muertes-tras-enfrentamientos\\\/#primaryimage\"},\"thumbnailUrl\":\"https:\\\/\\\/www.eldiario.net\\\/portal\\\/wp-content\\\/uploads\\\/2025\\\/06\\\/13-CINCO.webp\",\"articleSection\":[\"Sociedad - Seguridad\"],\"inLanguage\":\"es\"},{\"@type\":\"WebPage\",\"@id\":\"https:\\\/\\\/www.eldiario.net\\\/portal\\\/2025\\\/06\\\/13\\\/confirman-5-muertes-tras-enfrentamientos\\\/\",\"url\":\"https:\\\/\\\/www.eldiario.net\\\/portal\\\/2025\\\/06\\\/13\\\/confirman-5-muertes-tras-enfrentamientos\\\/\",\"name\":\"Confirman 5 muertes tras enfrentamientos - El Diario - Bolivia\",\"isPartOf\":{\"@id\":\"https:\\\/\\\/www.eldiario.net\\\/portal\\\/#website\"},\"primaryImageOfPage\":{\"@id\":\"https:\\\/\\\/www.eldiario.net\\\/portal\\\/2025\\\/06\\\/13\\\/confirman-5-muertes-tras-enfrentamientos\\\/#primaryimage\"},\"image\":{\"@id\":\"https:\\\/\\\/www.eldiario.net\\\/portal\\\/2025\\\/06\\\/13\\\/confirman-5-muertes-tras-enfrentamientos\\\/#primaryimage\"},\"thumbnailUrl\":\"https:\\\/\\\/www.eldiario.net\\\/portal\\\/wp-content\\\/uploads\\\/2025\\\/06\\\/13-CINCO.webp\",\"datePublished\":\"2025-06-13T09:38:14+00:00\",\"breadcrumb\":{\"@id\":\"https:\\\/\\\/www.eldiario.net\\\/portal\\\/2025\\\/06\\\/13\\\/confirman-5-muertes-tras-enfrentamientos\\\/#breadcrumb\"},\"inLanguage\":\"es\",\"potentialAction\":[{\"@type\":\"ReadAction\",\"target\":[\"https:\\\/\\\/www.eldiario.net\\\/portal\\\/2025\\\/06\\\/13\\\/confirman-5-muertes-tras-enfrentamientos\\\/\"]}]},{\"@type\":\"ImageObject\",\"inLanguage\":\"es\",\"@id\":\"https:\\\/\\\/www.eldiario.net\\\/portal\\\/2025\\\/06\\\/13\\\/confirman-5-muertes-tras-enfrentamientos\\\/#primaryimage\",\"url\":\"https:\\\/\\\/www.eldiario.net\\\/portal\\\/wp-content\\\/uploads\\\/2025\\\/06\\\/13-CINCO.webp\",\"contentUrl\":\"https:\\\/\\\/www.eldiario.net\\\/portal\\\/wp-content\\\/uploads\\\/2025\\\/06\\\/13-CINCO.webp\",\"width\":1054,\"height\":726,\"caption\":\"Ministro de Gobierno, Roberto R\u00edos. Foto: Captura Erbol\"},{\"@type\":\"BreadcrumbList\",\"@id\":\"https:\\\/\\\/www.eldiario.net\\\/portal\\\/2025\\\/06\\\/13\\\/confirman-5-muertes-tras-enfrentamientos\\\/#breadcrumb\",\"itemListElement\":[{\"@type\":\"ListItem\",\"position\":1,\"name\":\"Portada\",\"item\":\"https:\\\/\\\/www.eldiario.net\\\/portal\\\/\"},{\"@type\":\"ListItem\",\"position\":2,\"name\":\"Confirman 5 muertes tras enfrentamientos\"}]},{\"@type\":\"WebSite\",\"@id\":\"https:\\\/\\\/www.eldiario.net\\\/portal\\\/#website\",\"url\":\"https:\\\/\\\/www.eldiario.net\\\/portal\\\/\",\"name\":\"El Diario - Decano de la prensa nacional\",\"description\":\"El Diario - Decano de la prensa nacional\",\"publisher\":{\"@id\":\"https:\\\/\\\/www.eldiario.net\\\/portal\\\/#organization\"},\"potentialAction\":[{\"@type\":\"SearchAction\",\"target\":{\"@type\":\"EntryPoint\",\"urlTemplate\":\"https:\\\/\\\/www.eldiario.net\\\/portal\\\/?s={search_term_string}\"},\"query-input\":{\"@type\":\"PropertyValueSpecification\",\"valueRequired\":true,\"valueName\":\"search_term_string\"}}],\"inLanguage\":\"es\"},{\"@type\":\"Organization\",\"@id\":\"https:\\\/\\\/www.eldiario.net\\\/portal\\\/#organization\",\"name\":\"El Diario - Decano de la prensa nacional\",\"url\":\"https:\\\/\\\/www.eldiario.net\\\/portal\\\/\",\"logo\":{\"@type\":\"ImageObject\",\"inLanguage\":\"es\",\"@id\":\"https:\\\/\\\/www.eldiario.net\\\/portal\\\/#\\\/schema\\\/logo\\\/image\\\/\",\"url\":\"https:\\\/\\\/www.eldiario.net\\\/portal\\\/wp-content\\\/uploads\\\/2023\\\/07\\\/logo_ED.jpg\",\"contentUrl\":\"https:\\\/\\\/www.eldiario.net\\\/portal\\\/wp-content\\\/uploads\\\/2023\\\/07\\\/logo_ED.jpg\",\"width\":272,\"height\":52,\"caption\":\"El Diario - Decano de la prensa nacional\"},\"image\":{\"@id\":\"https:\\\/\\\/www.eldiario.net\\\/portal\\\/#\\\/schema\\\/logo\\\/image\\\/\"},\"sameAs\":[\"https:\\\/\\\/www.facebook.com\\\/eldiario.bolivia\\\/\",\"https:\\\/\\\/x.com\\\/eldiario_net\"]},{\"@type\":\"Person\",\"@id\":\"https:\\\/\\\/www.eldiario.net\\\/portal\\\/#\\\/schema\\\/person\\\/f46445640444750d7d753ccd04ae01b7\",\"name\":\"Jeanette\",\"image\":{\"@type\":\"ImageObject\",\"inLanguage\":\"es\",\"@id\":\"https:\\\/\\\/secure.gravatar.com\\\/avatar\\\/3ea2118a5f7dad2b7138b1187a6b7ee55f160b9968b66013c3a3ef39dd7e5798?s=96&d=mm&r=g\",\"url\":\"https:\\\/\\\/secure.gravatar.com\\\/avatar\\\/3ea2118a5f7dad2b7138b1187a6b7ee55f160b9968b66013c3a3ef39dd7e5798?s=96&d=mm&r=g\",\"contentUrl\":\"https:\\\/\\\/secure.gravatar.com\\\/avatar\\\/3ea2118a5f7dad2b7138b1187a6b7ee55f160b9968b66013c3a3ef39dd7e5798?s=96&d=mm&r=g\",\"caption\":\"Jeanette\"},\"sameAs\":[\"https:\\\/\\\/www.eldiario.net\\\/portal\"],\"url\":\"https:\\\/\\\/www.eldiario.net\\\/portal\\\/author\\\/jeanette\\\/\"}]}<\/script>\n<!-- \/ Yoast SEO plugin. -->","yoast_head_json":{"title":"Confirman 5 muertes tras enfrentamientos - El Diario - Bolivia","robots":{"index":"index","follow":"follow","max-snippet":"max-snippet:-1","max-image-preview":"max-image-preview:large","max-video-preview":"max-video-preview:-1"},"canonical":"https:\/\/www.eldiario.net\/portal\/2025\/06\/13\/confirman-5-muertes-tras-enfrentamientos\/","og_locale":"es_ES","og_type":"article","og_title":"Confirman 5 muertes tras enfrentamientos - El Diario - Bolivia","og_description":"El ministro de Gobierno, Roberto R\u00edos Sanjin\u00e9s, confirm\u00f3 ayer que cuatro efectivos del orden y un civil perdieron la vida en medio de la violencia y enfrentamientos entre la Polic\u00eda y sectores sociales \u201cevistas\u201d en Potos\u00ed y Cochabamba, inform\u00f3 el ministro de Gobierno, Roberto R\u00edos. Las v\u00edctimas en la localidad potosina de Llallagua fueron identificadas [&hellip;]","og_url":"https:\/\/www.eldiario.net\/portal\/2025\/06\/13\/confirman-5-muertes-tras-enfrentamientos\/","og_site_name":"El Diario - Bolivia","article_publisher":"https:\/\/www.facebook.com\/eldiario.bolivia\/","article_published_time":"2025-06-13T09:38:14+00:00","og_image":[{"width":1054,"height":726,"url":"https:\/\/www.eldiario.net\/portal\/wp-content\/uploads\/2025\/06\/13-CINCO.webp","type":"image\/webp"}],"author":"Jeanette","twitter_card":"summary_large_image","twitter_creator":"@eldiario_net","twitter_site":"@eldiario_net","twitter_misc":{"Escrito por":"Jeanette","Tiempo de lectura":"2 minutos"},"schema":{"@context":"https:\/\/schema.org","@graph":[{"@type":"Article","@id":"https:\/\/www.eldiario.net\/portal\/2025\/06\/13\/confirman-5-muertes-tras-enfrentamientos\/#article","isPartOf":{"@id":"https:\/\/www.eldiario.net\/portal\/2025\/06\/13\/confirman-5-muertes-tras-enfrentamientos\/"},"author":{"name":"Jeanette","@id":"https:\/\/www.eldiario.net\/portal\/#\/schema\/person\/f46445640444750d7d753ccd04ae01b7"},"headline":"Confirman 5 muertes tras enfrentamientos","datePublished":"2025-06-13T09:38:14+00:00","mainEntityOfPage":{"@id":"https:\/\/www.eldiario.net\/portal\/2025\/06\/13\/confirman-5-muertes-tras-enfrentamientos\/"},"wordCount":293,"publisher":{"@id":"https:\/\/www.eldiario.net\/portal\/#organization"},"image":{"@id":"https:\/\/www.eldiario.net\/portal\/2025\/06\/13\/confirman-5-muertes-tras-enfrentamientos\/#primaryimage"},"thumbnailUrl":"https:\/\/www.eldiario.net\/portal\/wp-content\/uploads\/2025\/06\/13-CINCO.webp","articleSection":["Sociedad - Seguridad"],"inLanguage":"es"},{"@type":"WebPage","@id":"https:\/\/www.eldiario.net\/portal\/2025\/06\/13\/confirman-5-muertes-tras-enfrentamientos\/","url":"https:\/\/www.eldiario.net\/portal\/2025\/06\/13\/confirman-5-muertes-tras-enfrentamientos\/","name":"Confirman 5 muertes tras enfrentamientos - El Diario - Bolivia","isPartOf":{"@id":"https:\/\/www.eldiario.net\/portal\/#website"},"primaryImageOfPage":{"@id":"https:\/\/www.eldiario.net\/portal\/2025\/06\/13\/confirman-5-muertes-tras-enfrentamientos\/#primaryimage"},"image":{"@id":"https:\/\/www.eldiario.net\/portal\/2025\/06\/13\/confirman-5-muertes-tras-enfrentamientos\/#primaryimage"},"thumbnailUrl":"https:\/\/www.eldiario.net\/portal\/wp-content\/uploads\/2025\/06\/13-CINCO.webp","datePublished":"2025-06-13T09:38:14+00:00","breadcrumb":{"@id":"https:\/\/www.eldiario.net\/portal\/2025\/06\/13\/confirman-5-muertes-tras-enfrentamientos\/#breadcrumb"},"inLanguage":"es","potentialAction":[{"@type":"ReadAction","target":["https:\/\/www.eldiario.net\/portal\/2025\/06\/13\/confirman-5-muertes-tras-enfrentamientos\/"]}]},{"@type":"ImageObject","inLanguage":"es","@id":"https:\/\/www.eldiario.net\/portal\/2025\/06\/13\/confirman-5-muertes-tras-enfrentamientos\/#primaryimage","url":"https:\/\/www.eldiario.net\/portal\/wp-content\/uploads\/2025\/06\/13-CINCO.webp","contentUrl":"https:\/\/www.eldiario.net\/portal\/wp-content\/uploads\/2025\/06\/13-CINCO.webp","width":1054,"height":726,"caption":"Ministro de Gobierno, Roberto R\u00edos. Foto: Captura Erbol"},{"@type":"BreadcrumbList","@id":"https:\/\/www.eldiario.net\/portal\/2025\/06\/13\/confirman-5-muertes-tras-enfrentamientos\/#breadcrumb","itemListElement":[{"@type":"ListItem","position":1,"name":"Portada","item":"https:\/\/www.eldiario.net\/portal\/"},{"@type":"ListItem","position":2,"name":"Confirman 5 muertes tras enfrentamientos"}]},{"@type":"WebSite","@id":"https:\/\/www.eldiario.net\/portal\/#website","url":"https:\/\/www.eldiario.net\/portal\/","name":"El Diario - Decano de la prensa nacional","description":"El Diario - Decano de la prensa nacional","publisher":{"@id":"https:\/\/www.eldiario.net\/portal\/#organization"},"potentialAction":[{"@type":"SearchAction","target":{"@type":"EntryPoint","urlTemplate":"https:\/\/www.eldiario.net\/portal\/?s={search_term_string}"},"query-input":{"@type":"PropertyValueSpecification","valueRequired":true,"valueName":"search_term_string"}}],"inLanguage":"es"},{"@type":"Organization","@id":"https:\/\/www.eldiario.net\/portal\/#organization","name":"El Diario - Decano de la prensa nacional","url":"https:\/\/www.eldiario.net\/portal\/","logo":{"@type":"ImageObject","inLanguage":"es","@id":"https:\/\/www.eldiario.net\/portal\/#\/schema\/logo\/image\/","url":"https:\/\/www.eldiario.net\/portal\/wp-content\/uploads\/2023\/07\/logo_ED.jpg","contentUrl":"https:\/\/www.eldiario.net\/portal\/wp-content\/uploads\/2023\/07\/logo_ED.jpg","width":272,"height":52,"caption":"El Diario - Decano de la prensa nacional"},"image":{"@id":"https:\/\/www.eldiario.net\/portal\/#\/schema\/logo\/image\/"},"sameAs":["https:\/\/www.facebook.com\/eldiario.bolivia\/","https:\/\/x.com\/eldiario_net"]},{"@type":"Person","@id":"https:\/\/www.eldiario.net\/portal\/#\/schema\/person\/f46445640444750d7d753ccd04ae01b7","name":"Jeanette","image":{"@type":"ImageObject","inLanguage":"es","@id":"https:\/\/secure.gravatar.com\/avatar\/3ea2118a5f7dad2b7138b1187a6b7ee55f160b9968b66013c3a3ef39dd7e5798?s=96&d=mm&r=g","url":"https:\/\/secure.gravatar.com\/avatar\/3ea2118a5f7dad2b7138b1187a6b7ee55f160b9968b66013c3a3ef39dd7e5798?s=96&d=mm&r=g","contentUrl":"https:\/\/secure.gravatar.com\/avatar\/3ea2118a5f7dad2b7138b1187a6b7ee55f160b9968b66013c3a3ef39dd7e5798?s=96&d=mm&r=g","caption":"Jeanette"},"sameAs":["https:\/\/www.eldiario.net\/portal"],"url":"https:\/\/www.eldiario.net\/portal\/author\/jeanette\/"}]}},"_links":{"self":[{"href":"https:\/\/www.eldiario.net\/portal\/wp-json\/wp\/v2\/posts\/309274","targetHints":{"allow":["GET"]}}],"collection":[{"href":"https:\/\/www.eldiario.net\/portal\/wp-json\/wp\/v2\/posts"}],"about":[{"href":"https:\/\/www.eldiario.net\/portal\/wp-json\/wp\/v2\/types\/post"}],"author":[{"embeddable":true,"href":"https:\/\/www.eldiario.net\/portal\/wp-json\/wp\/v2\/users\/1"}],"replies":[{"embeddable":true,"href":"https:\/\/www.eldiario.net\/portal\/wp-json\/wp\/v2\/comments?post=309274"}],"version-history":[{"count":1,"href":"https:\/\/www.eldiario.net\/portal\/wp-json\/wp\/v2\/posts\/309274\/revisions"}],"predecessor-version":[{"id":309276,"href":"https:\/\/www.eldiario.net\/portal\/wp-json\/wp\/v2\/posts\/309274\/revisions\/309276"}],"wp:featuredmedia":[{"embeddable":true,"href":"https:\/\/www.eldiario.net\/portal\/wp-json\/wp\/v2\/media\/309275"}],"wp:attachment":[{"href":"https:\/\/www.eldiario.net\/portal\/wp-json\/wp\/v2\/media?parent=309274"}],"wp:term":[{"taxonomy":"category","embeddable":true,"href":"https:\/\/www.eldiario.net\/portal\/wp-json\/wp\/v2\/categories?post=309274"},{"taxonomy":"post_tag","embeddable":true,"href":"https:\/\/www.eldiario.net\/portal\/wp-json\/wp\/v2\/tags?post=309274"}],"curies":[{"name":"wp","href":"https:\/\/api.w.org\/{rel}","templated":true}]}}