{"id":309271,"date":"2025-06-13T05:37:43","date_gmt":"2025-06-13T09:37:43","guid":{"rendered":"https:\/\/www.eldiario.net\/portal\/?p=309271"},"modified":"2025-06-13T05:37:43","modified_gmt":"2025-06-13T09:37:43","slug":"equipos-de-prensa-fueron-emboscados-por-evistas","status":"publish","type":"post","link":"https:\/\/www.eldiario.net\/portal\/2025\/06\/13\/equipos-de-prensa-fueron-emboscados-por-evistas\/","title":{"rendered":"Equipos de prensa fueron emboscados por \u201cevistas\u201d"},"content":{"rendered":"<p>Equipos de prensa que cubr\u00edan el desbloqueo de la carretera que une Oruro con la ciudad de Llallagua, en el norte de Potos\u00ed, fueron emboscados y atacados por simpatizantes del expresidente Evo Morales, quienes mantienen cerradas las v\u00edas camineras a la regi\u00f3n desde hace diez d\u00edas.<\/p>\n<p>Las redes de televisi\u00f3n Unitel y Red Uno reportaron que sus enviados fueron cercados el mi\u00e9rcoles por bloqueadores del ayllu ind\u00edgena Chullpa, y que sus unidades m\u00f3viles fueron atacadas con piedras lanzadas desde los cerros pr\u00f3ximos a la carretera.<\/p>\n<p>\u201cConductores huyeron abandonando los veh\u00edculos de prensa para preservar su vida\u201d, denunci\u00f3 Unitel.<\/p>\n<p>Una fuente confirm\u00f3 a la Unidad de Monitoreo de la Asociaci\u00f3n Nacional de la Prensa (ANP) Bolivia que el equipo de Unitel tuvo que atravesar la zona de bloqueos observando el trabajo de polic\u00edas que retiraron piedras de la v\u00eda y dispersaron a los manifestantes con el uso de gas lacrim\u00f3geno.<\/p>\n<p>La polic\u00eda confirm\u00f3 la muerte de cuatro polic\u00edas que integraban el grupo antidisturbios desplazado a la regi\u00f3n.<\/p>\n<p>Los medios de prensa registraron ayer dos emboscadas de los bloqueadores que, ante la presencia de polic\u00edas, huyeron a las monta\u00f1as y desde all\u00ed atacaron lanzando piedras. Un polic\u00eda denunci\u00f3 que los manifestantes emplearon dinamita, fuegos de artificio, piedras y armas de fuego.<\/p>\n<p>La ciudad minera, capital del municipio de Llallagua, est\u00e1 ubicada en la provincia Rafael Bustillo del departamento de Potos\u00ed, a 312 kil\u00f3metros al suroeste de La Paz.<\/p>\n<p>Unas 42.000 personas habitan Llallagua y desde hace m\u00e1s de diez d\u00edas, como efecto del bloqueo de carreteras, est\u00e1n privadas de alimentos, combustibles y otros servicios.<\/p>\n<p>Los centros comerciales fueron asaltados por los manifestantes el pasado martes 10 de junio, en demanda del registro de Morales como candidato para las elecciones generales de agosto pr\u00f3ximo. (Potos\u00ed, ANP)<\/p>\n","protected":false},"excerpt":{"rendered":"<p>Equipos de prensa que cubr\u00edan el desbloqueo de la carretera que une Oruro con la ciudad de Llallagua, en el norte de Potos\u00ed, fueron emboscados y atacados por simpatizantes del expresidente Evo Morales, quienes mantienen cerradas las v\u00edas camineras a la regi\u00f3n desde hace diez d\u00edas. Las redes de televisi\u00f3n Unitel y Red Uno reportaron [&hellip;]<\/p>\n","protected":false},"author":1,"featured_media":309272,"comment_status":"closed","ping_status":"open","sticky":false,"template":"","format":"standard","meta":{"_acf_changed":false,"footnotes":""},"categories":[39],"tags":[],"class_list":["post-309271","post","type-post","status-publish","format-standard","has-post-thumbnail","category-sociedad"],"acf":{"antetitulo":""},"yoast_head":"<!-- This site is optimized with the Yoast SEO plugin v28.4 - https:\/\/yoast.com\/product\/yoast-seo-wordpress\/ -->\n<title>Equipos de prensa fueron emboscados por \u201cevistas\u201d - El Diario - Bolivia<\/title>\n<meta name=\"robots\" content=\"index, follow, max-snippet:-1, max-image-preview:large, max-video-preview:-1\" \/>\n<link rel=\"canonical\" href=\"https:\/\/www.eldiario.net\/portal\/2025\/06\/13\/equipos-de-prensa-fueron-emboscados-por-evistas\/\" \/>\n<meta property=\"og:locale\" content=\"es_ES\" \/>\n<meta property=\"og:type\" content=\"article\" \/>\n<meta property=\"og:title\" content=\"Equipos de prensa fueron emboscados por \u201cevistas\u201d - El Diario - Bolivia\" \/>\n<meta property=\"og:description\" content=\"Equipos de prensa que cubr\u00edan el desbloqueo de la carretera que une Oruro con la ciudad de Llallagua, en el norte de Potos\u00ed, fueron emboscados y atacados por simpatizantes del expresidente Evo Morales, quienes mantienen cerradas las v\u00edas camineras a la regi\u00f3n desde hace diez d\u00edas. Las redes de televisi\u00f3n Unitel y Red Uno reportaron [&hellip;]\" \/>\n<meta property=\"og:url\" content=\"https:\/\/www.eldiario.net\/portal\/2025\/06\/13\/equipos-de-prensa-fueron-emboscados-por-evistas\/\" \/>\n<meta property=\"og:site_name\" content=\"El Diario - Bolivia\" \/>\n<meta property=\"article:publisher\" content=\"https:\/\/www.facebook.com\/eldiario.bolivia\/\" \/>\n<meta property=\"article:published_time\" content=\"2025-06-13T09:37:43+00:00\" \/>\n<meta property=\"og:image\" content=\"https:\/\/www.eldiario.net\/portal\/wp-content\/uploads\/2025\/06\/13-ANP.webp\" \/>\n\t<meta property=\"og:image:width\" content=\"733\" \/>\n\t<meta property=\"og:image:height\" content=\"500\" \/>\n\t<meta property=\"og:image:type\" content=\"image\/webp\" \/>\n<meta name=\"author\" content=\"Jeanette\" \/>\n<meta name=\"twitter:card\" content=\"summary_large_image\" \/>\n<meta name=\"twitter:creator\" content=\"@eldiario_net\" \/>\n<meta name=\"twitter:site\" content=\"@eldiario_net\" \/>\n<meta name=\"twitter:label1\" content=\"Escrito por\" \/>\n\t<meta name=\"twitter:data1\" content=\"Jeanette\" \/>\n\t<meta name=\"twitter:label2\" content=\"Tiempo de lectura\" \/>\n\t<meta name=\"twitter:data2\" content=\"2 minutos\" \/>\n<script type=\"application\/ld+json\" class=\"yoast-schema-graph\">{\"@context\":\"https:\\\/\\\/schema.org\",\"@graph\":[{\"@type\":\"Article\",\"@id\":\"https:\\\/\\\/www.eldiario.net\\\/portal\\\/2025\\\/06\\\/13\\\/equipos-de-prensa-fueron-emboscados-por-evistas\\\/#article\",\"isPartOf\":{\"@id\":\"https:\\\/\\\/www.eldiario.net\\\/portal\\\/2025\\\/06\\\/13\\\/equipos-de-prensa-fueron-emboscados-por-evistas\\\/\"},\"author\":{\"name\":\"Jeanette\",\"@id\":\"https:\\\/\\\/www.eldiario.net\\\/portal\\\/#\\\/schema\\\/person\\\/f46445640444750d7d753ccd04ae01b7\"},\"headline\":\"Equipos de prensa fueron emboscados por \u201cevistas\u201d\",\"datePublished\":\"2025-06-13T09:37:43+00:00\",\"mainEntityOfPage\":{\"@id\":\"https:\\\/\\\/www.eldiario.net\\\/portal\\\/2025\\\/06\\\/13\\\/equipos-de-prensa-fueron-emboscados-por-evistas\\\/\"},\"wordCount\":322,\"publisher\":{\"@id\":\"https:\\\/\\\/www.eldiario.net\\\/portal\\\/#organization\"},\"image\":{\"@id\":\"https:\\\/\\\/www.eldiario.net\\\/portal\\\/2025\\\/06\\\/13\\\/equipos-de-prensa-fueron-emboscados-por-evistas\\\/#primaryimage\"},\"thumbnailUrl\":\"https:\\\/\\\/www.eldiario.net\\\/portal\\\/wp-content\\\/uploads\\\/2025\\\/06\\\/13-ANP.webp\",\"articleSection\":[\"Sociedad - Seguridad\"],\"inLanguage\":\"es\"},{\"@type\":\"WebPage\",\"@id\":\"https:\\\/\\\/www.eldiario.net\\\/portal\\\/2025\\\/06\\\/13\\\/equipos-de-prensa-fueron-emboscados-por-evistas\\\/\",\"url\":\"https:\\\/\\\/www.eldiario.net\\\/portal\\\/2025\\\/06\\\/13\\\/equipos-de-prensa-fueron-emboscados-por-evistas\\\/\",\"name\":\"Equipos de prensa fueron emboscados por \u201cevistas\u201d - El Diario - Bolivia\",\"isPartOf\":{\"@id\":\"https:\\\/\\\/www.eldiario.net\\\/portal\\\/#website\"},\"primaryImageOfPage\":{\"@id\":\"https:\\\/\\\/www.eldiario.net\\\/portal\\\/2025\\\/06\\\/13\\\/equipos-de-prensa-fueron-emboscados-por-evistas\\\/#primaryimage\"},\"image\":{\"@id\":\"https:\\\/\\\/www.eldiario.net\\\/portal\\\/2025\\\/06\\\/13\\\/equipos-de-prensa-fueron-emboscados-por-evistas\\\/#primaryimage\"},\"thumbnailUrl\":\"https:\\\/\\\/www.eldiario.net\\\/portal\\\/wp-content\\\/uploads\\\/2025\\\/06\\\/13-ANP.webp\",\"datePublished\":\"2025-06-13T09:37:43+00:00\",\"breadcrumb\":{\"@id\":\"https:\\\/\\\/www.eldiario.net\\\/portal\\\/2025\\\/06\\\/13\\\/equipos-de-prensa-fueron-emboscados-por-evistas\\\/#breadcrumb\"},\"inLanguage\":\"es\",\"potentialAction\":[{\"@type\":\"ReadAction\",\"target\":[\"https:\\\/\\\/www.eldiario.net\\\/portal\\\/2025\\\/06\\\/13\\\/equipos-de-prensa-fueron-emboscados-por-evistas\\\/\"]}]},{\"@type\":\"ImageObject\",\"inLanguage\":\"es\",\"@id\":\"https:\\\/\\\/www.eldiario.net\\\/portal\\\/2025\\\/06\\\/13\\\/equipos-de-prensa-fueron-emboscados-por-evistas\\\/#primaryimage\",\"url\":\"https:\\\/\\\/www.eldiario.net\\\/portal\\\/wp-content\\\/uploads\\\/2025\\\/06\\\/13-ANP.webp\",\"contentUrl\":\"https:\\\/\\\/www.eldiario.net\\\/portal\\\/wp-content\\\/uploads\\\/2025\\\/06\\\/13-ANP.webp\",\"width\":733,\"height\":500,\"caption\":\"Periodista de Unitel, Heidy Tarqui, reportando desde Llallagua. Cr\u00e9dito: Captura de pantalla de Unitel.\"},{\"@type\":\"BreadcrumbList\",\"@id\":\"https:\\\/\\\/www.eldiario.net\\\/portal\\\/2025\\\/06\\\/13\\\/equipos-de-prensa-fueron-emboscados-por-evistas\\\/#breadcrumb\",\"itemListElement\":[{\"@type\":\"ListItem\",\"position\":1,\"name\":\"Portada\",\"item\":\"https:\\\/\\\/www.eldiario.net\\\/portal\\\/\"},{\"@type\":\"ListItem\",\"position\":2,\"name\":\"Equipos de prensa fueron emboscados por \u201cevistas\u201d\"}]},{\"@type\":\"WebSite\",\"@id\":\"https:\\\/\\\/www.eldiario.net\\\/portal\\\/#website\",\"url\":\"https:\\\/\\\/www.eldiario.net\\\/portal\\\/\",\"name\":\"El Diario - Decano de la prensa nacional\",\"description\":\"El Diario - Decano de la prensa nacional\",\"publisher\":{\"@id\":\"https:\\\/\\\/www.eldiario.net\\\/portal\\\/#organization\"},\"potentialAction\":[{\"@type\":\"SearchAction\",\"target\":{\"@type\":\"EntryPoint\",\"urlTemplate\":\"https:\\\/\\\/www.eldiario.net\\\/portal\\\/?s={search_term_string}\"},\"query-input\":{\"@type\":\"PropertyValueSpecification\",\"valueRequired\":true,\"valueName\":\"search_term_string\"}}],\"inLanguage\":\"es\"},{\"@type\":\"Organization\",\"@id\":\"https:\\\/\\\/www.eldiario.net\\\/portal\\\/#organization\",\"name\":\"El Diario - Decano de la prensa nacional\",\"url\":\"https:\\\/\\\/www.eldiario.net\\\/portal\\\/\",\"logo\":{\"@type\":\"ImageObject\",\"inLanguage\":\"es\",\"@id\":\"https:\\\/\\\/www.eldiario.net\\\/portal\\\/#\\\/schema\\\/logo\\\/image\\\/\",\"url\":\"https:\\\/\\\/www.eldiario.net\\\/portal\\\/wp-content\\\/uploads\\\/2023\\\/07\\\/logo_ED.jpg\",\"contentUrl\":\"https:\\\/\\\/www.eldiario.net\\\/portal\\\/wp-content\\\/uploads\\\/2023\\\/07\\\/logo_ED.jpg\",\"width\":272,\"height\":52,\"caption\":\"El Diario - Decano de la prensa nacional\"},\"image\":{\"@id\":\"https:\\\/\\\/www.eldiario.net\\\/portal\\\/#\\\/schema\\\/logo\\\/image\\\/\"},\"sameAs\":[\"https:\\\/\\\/www.facebook.com\\\/eldiario.bolivia\\\/\",\"https:\\\/\\\/x.com\\\/eldiario_net\"]},{\"@type\":\"Person\",\"@id\":\"https:\\\/\\\/www.eldiario.net\\\/portal\\\/#\\\/schema\\\/person\\\/f46445640444750d7d753ccd04ae01b7\",\"name\":\"Jeanette\",\"image\":{\"@type\":\"ImageObject\",\"inLanguage\":\"es\",\"@id\":\"https:\\\/\\\/secure.gravatar.com\\\/avatar\\\/3ea2118a5f7dad2b7138b1187a6b7ee55f160b9968b66013c3a3ef39dd7e5798?s=96&d=mm&r=g\",\"url\":\"https:\\\/\\\/secure.gravatar.com\\\/avatar\\\/3ea2118a5f7dad2b7138b1187a6b7ee55f160b9968b66013c3a3ef39dd7e5798?s=96&d=mm&r=g\",\"contentUrl\":\"https:\\\/\\\/secure.gravatar.com\\\/avatar\\\/3ea2118a5f7dad2b7138b1187a6b7ee55f160b9968b66013c3a3ef39dd7e5798?s=96&d=mm&r=g\",\"caption\":\"Jeanette\"},\"sameAs\":[\"https:\\\/\\\/www.eldiario.net\\\/portal\"],\"url\":\"https:\\\/\\\/www.eldiario.net\\\/portal\\\/author\\\/jeanette\\\/\"}]}<\/script>\n<!-- \/ Yoast SEO plugin. -->","yoast_head_json":{"title":"Equipos de prensa fueron emboscados por \u201cevistas\u201d - El Diario - Bolivia","robots":{"index":"index","follow":"follow","max-snippet":"max-snippet:-1","max-image-preview":"max-image-preview:large","max-video-preview":"max-video-preview:-1"},"canonical":"https:\/\/www.eldiario.net\/portal\/2025\/06\/13\/equipos-de-prensa-fueron-emboscados-por-evistas\/","og_locale":"es_ES","og_type":"article","og_title":"Equipos de prensa fueron emboscados por \u201cevistas\u201d - El Diario - Bolivia","og_description":"Equipos de prensa que cubr\u00edan el desbloqueo de la carretera que une Oruro con la ciudad de Llallagua, en el norte de Potos\u00ed, fueron emboscados y atacados por simpatizantes del expresidente Evo Morales, quienes mantienen cerradas las v\u00edas camineras a la regi\u00f3n desde hace diez d\u00edas. Las redes de televisi\u00f3n Unitel y Red Uno reportaron [&hellip;]","og_url":"https:\/\/www.eldiario.net\/portal\/2025\/06\/13\/equipos-de-prensa-fueron-emboscados-por-evistas\/","og_site_name":"El Diario - Bolivia","article_publisher":"https:\/\/www.facebook.com\/eldiario.bolivia\/","article_published_time":"2025-06-13T09:37:43+00:00","og_image":[{"width":733,"height":500,"url":"https:\/\/www.eldiario.net\/portal\/wp-content\/uploads\/2025\/06\/13-ANP.webp","type":"image\/webp"}],"author":"Jeanette","twitter_card":"summary_large_image","twitter_creator":"@eldiario_net","twitter_site":"@eldiario_net","twitter_misc":{"Escrito por":"Jeanette","Tiempo de lectura":"2 minutos"},"schema":{"@context":"https:\/\/schema.org","@graph":[{"@type":"Article","@id":"https:\/\/www.eldiario.net\/portal\/2025\/06\/13\/equipos-de-prensa-fueron-emboscados-por-evistas\/#article","isPartOf":{"@id":"https:\/\/www.eldiario.net\/portal\/2025\/06\/13\/equipos-de-prensa-fueron-emboscados-por-evistas\/"},"author":{"name":"Jeanette","@id":"https:\/\/www.eldiario.net\/portal\/#\/schema\/person\/f46445640444750d7d753ccd04ae01b7"},"headline":"Equipos de prensa fueron emboscados por \u201cevistas\u201d","datePublished":"2025-06-13T09:37:43+00:00","mainEntityOfPage":{"@id":"https:\/\/www.eldiario.net\/portal\/2025\/06\/13\/equipos-de-prensa-fueron-emboscados-por-evistas\/"},"wordCount":322,"publisher":{"@id":"https:\/\/www.eldiario.net\/portal\/#organization"},"image":{"@id":"https:\/\/www.eldiario.net\/portal\/2025\/06\/13\/equipos-de-prensa-fueron-emboscados-por-evistas\/#primaryimage"},"thumbnailUrl":"https:\/\/www.eldiario.net\/portal\/wp-content\/uploads\/2025\/06\/13-ANP.webp","articleSection":["Sociedad - Seguridad"],"inLanguage":"es"},{"@type":"WebPage","@id":"https:\/\/www.eldiario.net\/portal\/2025\/06\/13\/equipos-de-prensa-fueron-emboscados-por-evistas\/","url":"https:\/\/www.eldiario.net\/portal\/2025\/06\/13\/equipos-de-prensa-fueron-emboscados-por-evistas\/","name":"Equipos de prensa fueron emboscados por \u201cevistas\u201d - El Diario - Bolivia","isPartOf":{"@id":"https:\/\/www.eldiario.net\/portal\/#website"},"primaryImageOfPage":{"@id":"https:\/\/www.eldiario.net\/portal\/2025\/06\/13\/equipos-de-prensa-fueron-emboscados-por-evistas\/#primaryimage"},"image":{"@id":"https:\/\/www.eldiario.net\/portal\/2025\/06\/13\/equipos-de-prensa-fueron-emboscados-por-evistas\/#primaryimage"},"thumbnailUrl":"https:\/\/www.eldiario.net\/portal\/wp-content\/uploads\/2025\/06\/13-ANP.webp","datePublished":"2025-06-13T09:37:43+00:00","breadcrumb":{"@id":"https:\/\/www.eldiario.net\/portal\/2025\/06\/13\/equipos-de-prensa-fueron-emboscados-por-evistas\/#breadcrumb"},"inLanguage":"es","potentialAction":[{"@type":"ReadAction","target":["https:\/\/www.eldiario.net\/portal\/2025\/06\/13\/equipos-de-prensa-fueron-emboscados-por-evistas\/"]}]},{"@type":"ImageObject","inLanguage":"es","@id":"https:\/\/www.eldiario.net\/portal\/2025\/06\/13\/equipos-de-prensa-fueron-emboscados-por-evistas\/#primaryimage","url":"https:\/\/www.eldiario.net\/portal\/wp-content\/uploads\/2025\/06\/13-ANP.webp","contentUrl":"https:\/\/www.eldiario.net\/portal\/wp-content\/uploads\/2025\/06\/13-ANP.webp","width":733,"height":500,"caption":"Periodista de Unitel, Heidy Tarqui, reportando desde Llallagua. Cr\u00e9dito: Captura de pantalla de Unitel."},{"@type":"BreadcrumbList","@id":"https:\/\/www.eldiario.net\/portal\/2025\/06\/13\/equipos-de-prensa-fueron-emboscados-por-evistas\/#breadcrumb","itemListElement":[{"@type":"ListItem","position":1,"name":"Portada","item":"https:\/\/www.eldiario.net\/portal\/"},{"@type":"ListItem","position":2,"name":"Equipos de prensa fueron emboscados por \u201cevistas\u201d"}]},{"@type":"WebSite","@id":"https:\/\/www.eldiario.net\/portal\/#website","url":"https:\/\/www.eldiario.net\/portal\/","name":"El Diario - Decano de la prensa nacional","description":"El Diario - Decano de la prensa nacional","publisher":{"@id":"https:\/\/www.eldiario.net\/portal\/#organization"},"potentialAction":[{"@type":"SearchAction","target":{"@type":"EntryPoint","urlTemplate":"https:\/\/www.eldiario.net\/portal\/?s={search_term_string}"},"query-input":{"@type":"PropertyValueSpecification","valueRequired":true,"valueName":"search_term_string"}}],"inLanguage":"es"},{"@type":"Organization","@id":"https:\/\/www.eldiario.net\/portal\/#organization","name":"El Diario - Decano de la prensa nacional","url":"https:\/\/www.eldiario.net\/portal\/","logo":{"@type":"ImageObject","inLanguage":"es","@id":"https:\/\/www.eldiario.net\/portal\/#\/schema\/logo\/image\/","url":"https:\/\/www.eldiario.net\/portal\/wp-content\/uploads\/2023\/07\/logo_ED.jpg","contentUrl":"https:\/\/www.eldiario.net\/portal\/wp-content\/uploads\/2023\/07\/logo_ED.jpg","width":272,"height":52,"caption":"El Diario - Decano de la prensa nacional"},"image":{"@id":"https:\/\/www.eldiario.net\/portal\/#\/schema\/logo\/image\/"},"sameAs":["https:\/\/www.facebook.com\/eldiario.bolivia\/","https:\/\/x.com\/eldiario_net"]},{"@type":"Person","@id":"https:\/\/www.eldiario.net\/portal\/#\/schema\/person\/f46445640444750d7d753ccd04ae01b7","name":"Jeanette","image":{"@type":"ImageObject","inLanguage":"es","@id":"https:\/\/secure.gravatar.com\/avatar\/3ea2118a5f7dad2b7138b1187a6b7ee55f160b9968b66013c3a3ef39dd7e5798?s=96&d=mm&r=g","url":"https:\/\/secure.gravatar.com\/avatar\/3ea2118a5f7dad2b7138b1187a6b7ee55f160b9968b66013c3a3ef39dd7e5798?s=96&d=mm&r=g","contentUrl":"https:\/\/secure.gravatar.com\/avatar\/3ea2118a5f7dad2b7138b1187a6b7ee55f160b9968b66013c3a3ef39dd7e5798?s=96&d=mm&r=g","caption":"Jeanette"},"sameAs":["https:\/\/www.eldiario.net\/portal"],"url":"https:\/\/www.eldiario.net\/portal\/author\/jeanette\/"}]}},"_links":{"self":[{"href":"https:\/\/www.eldiario.net\/portal\/wp-json\/wp\/v2\/posts\/309271","targetHints":{"allow":["GET"]}}],"collection":[{"href":"https:\/\/www.eldiario.net\/portal\/wp-json\/wp\/v2\/posts"}],"about":[{"href":"https:\/\/www.eldiario.net\/portal\/wp-json\/wp\/v2\/types\/post"}],"author":[{"embeddable":true,"href":"https:\/\/www.eldiario.net\/portal\/wp-json\/wp\/v2\/users\/1"}],"replies":[{"embeddable":true,"href":"https:\/\/www.eldiario.net\/portal\/wp-json\/wp\/v2\/comments?post=309271"}],"version-history":[{"count":1,"href":"https:\/\/www.eldiario.net\/portal\/wp-json\/wp\/v2\/posts\/309271\/revisions"}],"predecessor-version":[{"id":309273,"href":"https:\/\/www.eldiario.net\/portal\/wp-json\/wp\/v2\/posts\/309271\/revisions\/309273"}],"wp:featuredmedia":[{"embeddable":true,"href":"https:\/\/www.eldiario.net\/portal\/wp-json\/wp\/v2\/media\/309272"}],"wp:attachment":[{"href":"https:\/\/www.eldiario.net\/portal\/wp-json\/wp\/v2\/media?parent=309271"}],"wp:term":[{"taxonomy":"category","embeddable":true,"href":"https:\/\/www.eldiario.net\/portal\/wp-json\/wp\/v2\/categories?post=309271"},{"taxonomy":"post_tag","embeddable":true,"href":"https:\/\/www.eldiario.net\/portal\/wp-json\/wp\/v2\/tags?post=309271"}],"curies":[{"name":"wp","href":"https:\/\/api.w.org\/{rel}","templated":true}]}}