{"id":309263,"date":"2025-06-13T05:32:36","date_gmt":"2025-06-13T09:32:36","guid":{"rendered":"https:\/\/www.eldiario.net\/portal\/?p=309263"},"modified":"2025-06-13T05:32:36","modified_gmt":"2025-06-13T09:32:36","slug":"reportan-cinco-fallecidos-por-acciones-del-narcoterrorismo","status":"publish","type":"post","link":"https:\/\/www.eldiario.net\/portal\/2025\/06\/13\/reportan-cinco-fallecidos-por-acciones-del-narcoterrorismo\/","title":{"rendered":"Reportan cinco fallecidos por  acciones del narcoterrorismo"},"content":{"rendered":"<p>Acciones criminales de grupos armados ilegales, financiados por el narcotr\u00e1fico, dejaron el saldo 4 polic\u00edas asesinados, tres en el municipio de Llallagua, Potos\u00ed. Adem\u00e1s, de un polic\u00eda y un civil en los bloqueos \u201cevistas\u201d que se mantienen por m\u00e1s de 10 d\u00edas en el Tr\u00f3pico de Cochabamba.<br \/>\nEl ministro de Gobierno, Roberto R\u00edos Sanjin\u00e9s, confirm\u00f3 que cuatro efectivos del orden y un civil perdieron la vida en medio de la violencia y enfrentamientos entre la Polic\u00eda y sectores sociales \u201cevistas\u201d en Potos\u00ed y Cochabamba.<br \/>\nLas v\u00edctimas en la localidad potosina de Llallagua fueron identificadas como los subtenientes de Polic\u00eda, Brayan Jorge Barrozo Rodr\u00edguez y Carlos Enrique Apata Tola, adem\u00e1s del sargento segundo de Bomberos, Jes\u00fas Alberto Mamani Morales.<br \/>\nEn Cochabamba se report\u00f3 el deceso de Christian Calle Alc\u00f3n, tambi\u00e9n de grado subteniente, luego de que su cuerpo fuera encontrado ayer en la localidad de Confital. El efectivo perdi\u00f3 la vida por la explosi\u00f3n de una dinamita; mientras que el comunario falleci\u00f3 por supuesta manipulaci\u00f3n de explosivos.<br \/>\nCon relaci\u00f3n a los hechos de violencia extrema de los tres \u00faltimos d\u00edas, el experto en seguridad y defensa, Jorge Santisteban, dijo a EL DIARIO, \u201chay negligencia, improvisaci\u00f3n y mucha pasividad\u201d por parte de las autoridades, dado que las unidades enviadas a Llallagua \u2014en calidad de \u201cdesbloqueadores\u201d y no as\u00ed con la misi\u00f3n de dirimir ni controlar la incesante violencia\u2014.<br \/>\nSantisteban afirm\u00f3 con contundencia que la permanente actividad violenta en la regi\u00f3n no puede explicarse de otra forma: \u201cLos narcotraficantes no quieren perder el poder (\u2026) Todos (bloqueadores, marchistas y grupos terroristas en Llallagua) est\u00e1n vinculados con dinero del narcotr\u00e1fico y vinculados a organizaciones criminales\u201d.<\/p>\n","protected":false},"excerpt":{"rendered":"<p>Acciones criminales de grupos armados ilegales, financiados por el narcotr\u00e1fico, dejaron el saldo 4 polic\u00edas asesinados, tres en el municipio de Llallagua, Potos\u00ed. Adem\u00e1s, de un polic\u00eda y un civil en los bloqueos \u201cevistas\u201d que se mantienen por m\u00e1s de 10 d\u00edas en el Tr\u00f3pico de Cochabamba. El ministro de Gobierno, Roberto R\u00edos Sanjin\u00e9s, confirm\u00f3 [&hellip;]<\/p>\n","protected":false},"author":1,"featured_media":309265,"comment_status":"closed","ping_status":"open","sticky":false,"template":"","format":"standard","meta":{"_acf_changed":false,"footnotes":""},"categories":[17],"tags":[],"class_list":["post-309263","post","type-post","status-publish","format-standard","has-post-thumbnail","category-principal"],"acf":{"antetitulo":"En tres d\u00edas de violencia extrema en dos regiones"},"yoast_head":"<!-- This site is optimized with the Yoast SEO plugin v28.4 - https:\/\/yoast.com\/product\/yoast-seo-wordpress\/ -->\n<title>Reportan cinco fallecidos por acciones del narcoterrorismo - El Diario - Bolivia<\/title>\n<meta name=\"robots\" content=\"index, follow, max-snippet:-1, max-image-preview:large, max-video-preview:-1\" \/>\n<link rel=\"canonical\" href=\"https:\/\/www.eldiario.net\/portal\/2025\/06\/13\/reportan-cinco-fallecidos-por-acciones-del-narcoterrorismo\/\" \/>\n<meta property=\"og:locale\" content=\"es_ES\" \/>\n<meta property=\"og:type\" content=\"article\" \/>\n<meta property=\"og:title\" content=\"Reportan cinco fallecidos por acciones del narcoterrorismo - El Diario - Bolivia\" \/>\n<meta property=\"og:description\" content=\"Acciones criminales de grupos armados ilegales, financiados por el narcotr\u00e1fico, dejaron el saldo 4 polic\u00edas asesinados, tres en el municipio de Llallagua, Potos\u00ed. Adem\u00e1s, de un polic\u00eda y un civil en los bloqueos \u201cevistas\u201d que se mantienen por m\u00e1s de 10 d\u00edas en el Tr\u00f3pico de Cochabamba. El ministro de Gobierno, Roberto R\u00edos Sanjin\u00e9s, confirm\u00f3 [&hellip;]\" \/>\n<meta property=\"og:url\" content=\"https:\/\/www.eldiario.net\/portal\/2025\/06\/13\/reportan-cinco-fallecidos-por-acciones-del-narcoterrorismo\/\" \/>\n<meta property=\"og:site_name\" content=\"El Diario - Bolivia\" \/>\n<meta property=\"article:publisher\" content=\"https:\/\/www.facebook.com\/eldiario.bolivia\/\" \/>\n<meta property=\"article:published_time\" content=\"2025-06-13T09:32:36+00:00\" \/>\n<meta property=\"og:image\" content=\"https:\/\/www.eldiario.net\/portal\/wp-content\/uploads\/2025\/06\/P-1-3-COL-X-16-CM.webp\" \/>\n\t<meta property=\"og:image:width\" content=\"1200\" \/>\n\t<meta property=\"og:image:height\" content=\"1280\" \/>\n\t<meta property=\"og:image:type\" content=\"image\/webp\" \/>\n<meta name=\"author\" content=\"Jeanette\" \/>\n<meta name=\"twitter:card\" content=\"summary_large_image\" \/>\n<meta name=\"twitter:creator\" content=\"@eldiario_net\" \/>\n<meta name=\"twitter:site\" content=\"@eldiario_net\" \/>\n<meta name=\"twitter:label1\" content=\"Escrito por\" \/>\n\t<meta name=\"twitter:data1\" content=\"Jeanette\" \/>\n\t<meta name=\"twitter:label2\" content=\"Tiempo de lectura\" \/>\n\t<meta name=\"twitter:data2\" content=\"2 minutos\" \/>\n<script type=\"application\/ld+json\" class=\"yoast-schema-graph\">{\"@context\":\"https:\\\/\\\/schema.org\",\"@graph\":[{\"@type\":\"Article\",\"@id\":\"https:\\\/\\\/www.eldiario.net\\\/portal\\\/2025\\\/06\\\/13\\\/reportan-cinco-fallecidos-por-acciones-del-narcoterrorismo\\\/#article\",\"isPartOf\":{\"@id\":\"https:\\\/\\\/www.eldiario.net\\\/portal\\\/2025\\\/06\\\/13\\\/reportan-cinco-fallecidos-por-acciones-del-narcoterrorismo\\\/\"},\"author\":{\"name\":\"Jeanette\",\"@id\":\"https:\\\/\\\/www.eldiario.net\\\/portal\\\/#\\\/schema\\\/person\\\/f46445640444750d7d753ccd04ae01b7\"},\"headline\":\"Reportan cinco fallecidos por acciones del narcoterrorismo\",\"datePublished\":\"2025-06-13T09:32:36+00:00\",\"mainEntityOfPage\":{\"@id\":\"https:\\\/\\\/www.eldiario.net\\\/portal\\\/2025\\\/06\\\/13\\\/reportan-cinco-fallecidos-por-acciones-del-narcoterrorismo\\\/\"},\"wordCount\":301,\"publisher\":{\"@id\":\"https:\\\/\\\/www.eldiario.net\\\/portal\\\/#organization\"},\"image\":{\"@id\":\"https:\\\/\\\/www.eldiario.net\\\/portal\\\/2025\\\/06\\\/13\\\/reportan-cinco-fallecidos-por-acciones-del-narcoterrorismo\\\/#primaryimage\"},\"thumbnailUrl\":\"https:\\\/\\\/www.eldiario.net\\\/portal\\\/wp-content\\\/uploads\\\/2025\\\/06\\\/P-1-3-COL-X-16-CM.webp\",\"articleSection\":[\"Principal\"],\"inLanguage\":\"es\"},{\"@type\":\"WebPage\",\"@id\":\"https:\\\/\\\/www.eldiario.net\\\/portal\\\/2025\\\/06\\\/13\\\/reportan-cinco-fallecidos-por-acciones-del-narcoterrorismo\\\/\",\"url\":\"https:\\\/\\\/www.eldiario.net\\\/portal\\\/2025\\\/06\\\/13\\\/reportan-cinco-fallecidos-por-acciones-del-narcoterrorismo\\\/\",\"name\":\"Reportan cinco fallecidos por acciones del narcoterrorismo - El Diario - Bolivia\",\"isPartOf\":{\"@id\":\"https:\\\/\\\/www.eldiario.net\\\/portal\\\/#website\"},\"primaryImageOfPage\":{\"@id\":\"https:\\\/\\\/www.eldiario.net\\\/portal\\\/2025\\\/06\\\/13\\\/reportan-cinco-fallecidos-por-acciones-del-narcoterrorismo\\\/#primaryimage\"},\"image\":{\"@id\":\"https:\\\/\\\/www.eldiario.net\\\/portal\\\/2025\\\/06\\\/13\\\/reportan-cinco-fallecidos-por-acciones-del-narcoterrorismo\\\/#primaryimage\"},\"thumbnailUrl\":\"https:\\\/\\\/www.eldiario.net\\\/portal\\\/wp-content\\\/uploads\\\/2025\\\/06\\\/P-1-3-COL-X-16-CM.webp\",\"datePublished\":\"2025-06-13T09:32:36+00:00\",\"breadcrumb\":{\"@id\":\"https:\\\/\\\/www.eldiario.net\\\/portal\\\/2025\\\/06\\\/13\\\/reportan-cinco-fallecidos-por-acciones-del-narcoterrorismo\\\/#breadcrumb\"},\"inLanguage\":\"es\",\"potentialAction\":[{\"@type\":\"ReadAction\",\"target\":[\"https:\\\/\\\/www.eldiario.net\\\/portal\\\/2025\\\/06\\\/13\\\/reportan-cinco-fallecidos-por-acciones-del-narcoterrorismo\\\/\"]}]},{\"@type\":\"ImageObject\",\"inLanguage\":\"es\",\"@id\":\"https:\\\/\\\/www.eldiario.net\\\/portal\\\/2025\\\/06\\\/13\\\/reportan-cinco-fallecidos-por-acciones-del-narcoterrorismo\\\/#primaryimage\",\"url\":\"https:\\\/\\\/www.eldiario.net\\\/portal\\\/wp-content\\\/uploads\\\/2025\\\/06\\\/P-1-3-COL-X-16-CM.webp\",\"contentUrl\":\"https:\\\/\\\/www.eldiario.net\\\/portal\\\/wp-content\\\/uploads\\\/2025\\\/06\\\/P-1-3-COL-X-16-CM.webp\",\"width\":1200,\"height\":1280,\"caption\":\"Grupos irregulares violentos causaron zozobra en las localidades de Llallagua, Potos\u00ed y el Tr\u00f3pico de Cochabamba.\"},{\"@type\":\"BreadcrumbList\",\"@id\":\"https:\\\/\\\/www.eldiario.net\\\/portal\\\/2025\\\/06\\\/13\\\/reportan-cinco-fallecidos-por-acciones-del-narcoterrorismo\\\/#breadcrumb\",\"itemListElement\":[{\"@type\":\"ListItem\",\"position\":1,\"name\":\"Portada\",\"item\":\"https:\\\/\\\/www.eldiario.net\\\/portal\\\/\"},{\"@type\":\"ListItem\",\"position\":2,\"name\":\"Reportan cinco fallecidos por acciones del narcoterrorismo\"}]},{\"@type\":\"WebSite\",\"@id\":\"https:\\\/\\\/www.eldiario.net\\\/portal\\\/#website\",\"url\":\"https:\\\/\\\/www.eldiario.net\\\/portal\\\/\",\"name\":\"El Diario - Decano de la prensa nacional\",\"description\":\"El Diario - Decano de la prensa nacional\",\"publisher\":{\"@id\":\"https:\\\/\\\/www.eldiario.net\\\/portal\\\/#organization\"},\"potentialAction\":[{\"@type\":\"SearchAction\",\"target\":{\"@type\":\"EntryPoint\",\"urlTemplate\":\"https:\\\/\\\/www.eldiario.net\\\/portal\\\/?s={search_term_string}\"},\"query-input\":{\"@type\":\"PropertyValueSpecification\",\"valueRequired\":true,\"valueName\":\"search_term_string\"}}],\"inLanguage\":\"es\"},{\"@type\":\"Organization\",\"@id\":\"https:\\\/\\\/www.eldiario.net\\\/portal\\\/#organization\",\"name\":\"El Diario - Decano de la prensa nacional\",\"url\":\"https:\\\/\\\/www.eldiario.net\\\/portal\\\/\",\"logo\":{\"@type\":\"ImageObject\",\"inLanguage\":\"es\",\"@id\":\"https:\\\/\\\/www.eldiario.net\\\/portal\\\/#\\\/schema\\\/logo\\\/image\\\/\",\"url\":\"https:\\\/\\\/www.eldiario.net\\\/portal\\\/wp-content\\\/uploads\\\/2023\\\/07\\\/logo_ED.jpg\",\"contentUrl\":\"https:\\\/\\\/www.eldiario.net\\\/portal\\\/wp-content\\\/uploads\\\/2023\\\/07\\\/logo_ED.jpg\",\"width\":272,\"height\":52,\"caption\":\"El Diario - Decano de la prensa nacional\"},\"image\":{\"@id\":\"https:\\\/\\\/www.eldiario.net\\\/portal\\\/#\\\/schema\\\/logo\\\/image\\\/\"},\"sameAs\":[\"https:\\\/\\\/www.facebook.com\\\/eldiario.bolivia\\\/\",\"https:\\\/\\\/x.com\\\/eldiario_net\"]},{\"@type\":\"Person\",\"@id\":\"https:\\\/\\\/www.eldiario.net\\\/portal\\\/#\\\/schema\\\/person\\\/f46445640444750d7d753ccd04ae01b7\",\"name\":\"Jeanette\",\"image\":{\"@type\":\"ImageObject\",\"inLanguage\":\"es\",\"@id\":\"https:\\\/\\\/secure.gravatar.com\\\/avatar\\\/3ea2118a5f7dad2b7138b1187a6b7ee55f160b9968b66013c3a3ef39dd7e5798?s=96&d=mm&r=g\",\"url\":\"https:\\\/\\\/secure.gravatar.com\\\/avatar\\\/3ea2118a5f7dad2b7138b1187a6b7ee55f160b9968b66013c3a3ef39dd7e5798?s=96&d=mm&r=g\",\"contentUrl\":\"https:\\\/\\\/secure.gravatar.com\\\/avatar\\\/3ea2118a5f7dad2b7138b1187a6b7ee55f160b9968b66013c3a3ef39dd7e5798?s=96&d=mm&r=g\",\"caption\":\"Jeanette\"},\"sameAs\":[\"https:\\\/\\\/www.eldiario.net\\\/portal\"],\"url\":\"https:\\\/\\\/www.eldiario.net\\\/portal\\\/author\\\/jeanette\\\/\"}]}<\/script>\n<!-- \/ Yoast SEO plugin. -->","yoast_head_json":{"title":"Reportan cinco fallecidos por acciones del narcoterrorismo - El Diario - Bolivia","robots":{"index":"index","follow":"follow","max-snippet":"max-snippet:-1","max-image-preview":"max-image-preview:large","max-video-preview":"max-video-preview:-1"},"canonical":"https:\/\/www.eldiario.net\/portal\/2025\/06\/13\/reportan-cinco-fallecidos-por-acciones-del-narcoterrorismo\/","og_locale":"es_ES","og_type":"article","og_title":"Reportan cinco fallecidos por acciones del narcoterrorismo - El Diario - Bolivia","og_description":"Acciones criminales de grupos armados ilegales, financiados por el narcotr\u00e1fico, dejaron el saldo 4 polic\u00edas asesinados, tres en el municipio de Llallagua, Potos\u00ed. Adem\u00e1s, de un polic\u00eda y un civil en los bloqueos \u201cevistas\u201d que se mantienen por m\u00e1s de 10 d\u00edas en el Tr\u00f3pico de Cochabamba. El ministro de Gobierno, Roberto R\u00edos Sanjin\u00e9s, confirm\u00f3 [&hellip;]","og_url":"https:\/\/www.eldiario.net\/portal\/2025\/06\/13\/reportan-cinco-fallecidos-por-acciones-del-narcoterrorismo\/","og_site_name":"El Diario - Bolivia","article_publisher":"https:\/\/www.facebook.com\/eldiario.bolivia\/","article_published_time":"2025-06-13T09:32:36+00:00","og_image":[{"width":1200,"height":1280,"url":"https:\/\/www.eldiario.net\/portal\/wp-content\/uploads\/2025\/06\/P-1-3-COL-X-16-CM.webp","type":"image\/webp"}],"author":"Jeanette","twitter_card":"summary_large_image","twitter_creator":"@eldiario_net","twitter_site":"@eldiario_net","twitter_misc":{"Escrito por":"Jeanette","Tiempo de lectura":"2 minutos"},"schema":{"@context":"https:\/\/schema.org","@graph":[{"@type":"Article","@id":"https:\/\/www.eldiario.net\/portal\/2025\/06\/13\/reportan-cinco-fallecidos-por-acciones-del-narcoterrorismo\/#article","isPartOf":{"@id":"https:\/\/www.eldiario.net\/portal\/2025\/06\/13\/reportan-cinco-fallecidos-por-acciones-del-narcoterrorismo\/"},"author":{"name":"Jeanette","@id":"https:\/\/www.eldiario.net\/portal\/#\/schema\/person\/f46445640444750d7d753ccd04ae01b7"},"headline":"Reportan cinco fallecidos por acciones del narcoterrorismo","datePublished":"2025-06-13T09:32:36+00:00","mainEntityOfPage":{"@id":"https:\/\/www.eldiario.net\/portal\/2025\/06\/13\/reportan-cinco-fallecidos-por-acciones-del-narcoterrorismo\/"},"wordCount":301,"publisher":{"@id":"https:\/\/www.eldiario.net\/portal\/#organization"},"image":{"@id":"https:\/\/www.eldiario.net\/portal\/2025\/06\/13\/reportan-cinco-fallecidos-por-acciones-del-narcoterrorismo\/#primaryimage"},"thumbnailUrl":"https:\/\/www.eldiario.net\/portal\/wp-content\/uploads\/2025\/06\/P-1-3-COL-X-16-CM.webp","articleSection":["Principal"],"inLanguage":"es"},{"@type":"WebPage","@id":"https:\/\/www.eldiario.net\/portal\/2025\/06\/13\/reportan-cinco-fallecidos-por-acciones-del-narcoterrorismo\/","url":"https:\/\/www.eldiario.net\/portal\/2025\/06\/13\/reportan-cinco-fallecidos-por-acciones-del-narcoterrorismo\/","name":"Reportan cinco fallecidos por acciones del narcoterrorismo - El Diario - Bolivia","isPartOf":{"@id":"https:\/\/www.eldiario.net\/portal\/#website"},"primaryImageOfPage":{"@id":"https:\/\/www.eldiario.net\/portal\/2025\/06\/13\/reportan-cinco-fallecidos-por-acciones-del-narcoterrorismo\/#primaryimage"},"image":{"@id":"https:\/\/www.eldiario.net\/portal\/2025\/06\/13\/reportan-cinco-fallecidos-por-acciones-del-narcoterrorismo\/#primaryimage"},"thumbnailUrl":"https:\/\/www.eldiario.net\/portal\/wp-content\/uploads\/2025\/06\/P-1-3-COL-X-16-CM.webp","datePublished":"2025-06-13T09:32:36+00:00","breadcrumb":{"@id":"https:\/\/www.eldiario.net\/portal\/2025\/06\/13\/reportan-cinco-fallecidos-por-acciones-del-narcoterrorismo\/#breadcrumb"},"inLanguage":"es","potentialAction":[{"@type":"ReadAction","target":["https:\/\/www.eldiario.net\/portal\/2025\/06\/13\/reportan-cinco-fallecidos-por-acciones-del-narcoterrorismo\/"]}]},{"@type":"ImageObject","inLanguage":"es","@id":"https:\/\/www.eldiario.net\/portal\/2025\/06\/13\/reportan-cinco-fallecidos-por-acciones-del-narcoterrorismo\/#primaryimage","url":"https:\/\/www.eldiario.net\/portal\/wp-content\/uploads\/2025\/06\/P-1-3-COL-X-16-CM.webp","contentUrl":"https:\/\/www.eldiario.net\/portal\/wp-content\/uploads\/2025\/06\/P-1-3-COL-X-16-CM.webp","width":1200,"height":1280,"caption":"Grupos irregulares violentos causaron zozobra en las localidades de Llallagua, Potos\u00ed y el Tr\u00f3pico de Cochabamba."},{"@type":"BreadcrumbList","@id":"https:\/\/www.eldiario.net\/portal\/2025\/06\/13\/reportan-cinco-fallecidos-por-acciones-del-narcoterrorismo\/#breadcrumb","itemListElement":[{"@type":"ListItem","position":1,"name":"Portada","item":"https:\/\/www.eldiario.net\/portal\/"},{"@type":"ListItem","position":2,"name":"Reportan cinco fallecidos por acciones del narcoterrorismo"}]},{"@type":"WebSite","@id":"https:\/\/www.eldiario.net\/portal\/#website","url":"https:\/\/www.eldiario.net\/portal\/","name":"El Diario - Decano de la prensa nacional","description":"El Diario - Decano de la prensa nacional","publisher":{"@id":"https:\/\/www.eldiario.net\/portal\/#organization"},"potentialAction":[{"@type":"SearchAction","target":{"@type":"EntryPoint","urlTemplate":"https:\/\/www.eldiario.net\/portal\/?s={search_term_string}"},"query-input":{"@type":"PropertyValueSpecification","valueRequired":true,"valueName":"search_term_string"}}],"inLanguage":"es"},{"@type":"Organization","@id":"https:\/\/www.eldiario.net\/portal\/#organization","name":"El Diario - Decano de la prensa nacional","url":"https:\/\/www.eldiario.net\/portal\/","logo":{"@type":"ImageObject","inLanguage":"es","@id":"https:\/\/www.eldiario.net\/portal\/#\/schema\/logo\/image\/","url":"https:\/\/www.eldiario.net\/portal\/wp-content\/uploads\/2023\/07\/logo_ED.jpg","contentUrl":"https:\/\/www.eldiario.net\/portal\/wp-content\/uploads\/2023\/07\/logo_ED.jpg","width":272,"height":52,"caption":"El Diario - Decano de la prensa nacional"},"image":{"@id":"https:\/\/www.eldiario.net\/portal\/#\/schema\/logo\/image\/"},"sameAs":["https:\/\/www.facebook.com\/eldiario.bolivia\/","https:\/\/x.com\/eldiario_net"]},{"@type":"Person","@id":"https:\/\/www.eldiario.net\/portal\/#\/schema\/person\/f46445640444750d7d753ccd04ae01b7","name":"Jeanette","image":{"@type":"ImageObject","inLanguage":"es","@id":"https:\/\/secure.gravatar.com\/avatar\/3ea2118a5f7dad2b7138b1187a6b7ee55f160b9968b66013c3a3ef39dd7e5798?s=96&d=mm&r=g","url":"https:\/\/secure.gravatar.com\/avatar\/3ea2118a5f7dad2b7138b1187a6b7ee55f160b9968b66013c3a3ef39dd7e5798?s=96&d=mm&r=g","contentUrl":"https:\/\/secure.gravatar.com\/avatar\/3ea2118a5f7dad2b7138b1187a6b7ee55f160b9968b66013c3a3ef39dd7e5798?s=96&d=mm&r=g","caption":"Jeanette"},"sameAs":["https:\/\/www.eldiario.net\/portal"],"url":"https:\/\/www.eldiario.net\/portal\/author\/jeanette\/"}]}},"_links":{"self":[{"href":"https:\/\/www.eldiario.net\/portal\/wp-json\/wp\/v2\/posts\/309263","targetHints":{"allow":["GET"]}}],"collection":[{"href":"https:\/\/www.eldiario.net\/portal\/wp-json\/wp\/v2\/posts"}],"about":[{"href":"https:\/\/www.eldiario.net\/portal\/wp-json\/wp\/v2\/types\/post"}],"author":[{"embeddable":true,"href":"https:\/\/www.eldiario.net\/portal\/wp-json\/wp\/v2\/users\/1"}],"replies":[{"embeddable":true,"href":"https:\/\/www.eldiario.net\/portal\/wp-json\/wp\/v2\/comments?post=309263"}],"version-history":[{"count":1,"href":"https:\/\/www.eldiario.net\/portal\/wp-json\/wp\/v2\/posts\/309263\/revisions"}],"predecessor-version":[{"id":309266,"href":"https:\/\/www.eldiario.net\/portal\/wp-json\/wp\/v2\/posts\/309263\/revisions\/309266"}],"wp:featuredmedia":[{"embeddable":true,"href":"https:\/\/www.eldiario.net\/portal\/wp-json\/wp\/v2\/media\/309265"}],"wp:attachment":[{"href":"https:\/\/www.eldiario.net\/portal\/wp-json\/wp\/v2\/media?parent=309263"}],"wp:term":[{"taxonomy":"category","embeddable":true,"href":"https:\/\/www.eldiario.net\/portal\/wp-json\/wp\/v2\/categories?post=309263"},{"taxonomy":"post_tag","embeddable":true,"href":"https:\/\/www.eldiario.net\/portal\/wp-json\/wp\/v2\/tags?post=309263"}],"curies":[{"name":"wp","href":"https:\/\/api.w.org\/{rel}","templated":true}]}}