{"id":309254,"date":"2025-06-13T05:30:05","date_gmt":"2025-06-13T09:30:05","guid":{"rendered":"https:\/\/www.eldiario.net\/portal\/?p=309254"},"modified":"2025-06-13T05:30:05","modified_gmt":"2025-06-13T09:30:05","slug":"elecciones-generales-se-realizaran-indefectiblemente-el-17-de-agosto","status":"publish","type":"post","link":"https:\/\/www.eldiario.net\/portal\/2025\/06\/13\/elecciones-generales-se-realizaran-indefectiblemente-el-17-de-agosto\/","title":{"rendered":"Elecciones generales se realizar\u00e1n  indefectiblemente el 17 de agosto"},"content":{"rendered":"<p>En el cuarto Encuentro Multipartidario por la Democracia, convocado por el Tribunal Supremo de Electoral realizado ayer en Santa Cruz, el presidente del Tribunal Supremo Electoral (TSE), \u00d3scar Hassenteufel, ratific\u00f3 que este 17 de agosto se realizar\u00e1 \u201cindefectiblemente\u201d las elecciones generales.<br \/>\nEn el encuentro participaron los principales representantes de los cuatro \u00f3rganos del Estado, Tribunal Constitucional Plurinacional, Ministerio P\u00fablico y los candidatos y candidatas a la Presidencia y Vicepresidencia, as\u00ed mismo, participaron representantes de las bancadas de la Asamblea Legislativa Plurinacional (ALP) y organismos de cooperaci\u00f3n internacional.<br \/>\n\u201cEsta es una fecha importante, a partir de la cual el proceso electoral debe seguir su curso, debe cumplirse el calendario electoral, debidamente aprobado por el \u00d3rgano Electoral y garantizamos, desde la Sala Plena del Tribunal Supremo Electoral, que las elecciones se realizar\u00e1n indefectiblemente el 17 de agosto del presente a\u00f1o\u201d, afirm\u00f3 Hassenteufel en un breve discurso al finalizar el encuentro.<br \/>\nPor su lado, el TSE se comprometi\u00f3 a garantizar la adecuada ejecuci\u00f3n del calendario electoral, en el marco de la corresponsabilidad con los otros \u00f3rganos estatales, el TCP, la Fiscal\u00eda y las organizaciones pol\u00edticas.<br \/>\nAsimismo, los asistentes al encuentro acordaron buscar la pacificaci\u00f3n, como principio y camino, a trav\u00e9s del di\u00e1logo para la paz social.<\/p>\n","protected":false},"excerpt":{"rendered":"<p>En el cuarto Encuentro Multipartidario por la Democracia, convocado por el Tribunal Supremo de Electoral realizado ayer en Santa Cruz, el presidente del Tribunal Supremo Electoral (TSE), \u00d3scar Hassenteufel, ratific\u00f3 que este 17 de agosto se realizar\u00e1 \u201cindefectiblemente\u201d las elecciones generales. En el encuentro participaron los principales representantes de los cuatro \u00f3rganos del Estado, Tribunal [&hellip;]<\/p>\n","protected":false},"author":1,"featured_media":309255,"comment_status":"closed","ping_status":"open","sticky":false,"template":"","format":"standard","meta":{"_acf_changed":false,"footnotes":""},"categories":[15],"tags":[],"class_list":["post-309254","post","type-post","status-publish","format-standard","has-post-thumbnail","category-portada"],"acf":{"antetitulo":"IV Encuentro por la Democracia en Santa Cruz"},"yoast_head":"<!-- This site is optimized with the Yoast SEO plugin v28.4 - https:\/\/yoast.com\/product\/yoast-seo-wordpress\/ -->\n<title>Elecciones generales se realizar\u00e1n indefectiblemente el 17 de agosto - El Diario - Bolivia<\/title>\n<meta name=\"robots\" content=\"index, follow, max-snippet:-1, max-image-preview:large, max-video-preview:-1\" \/>\n<link rel=\"canonical\" href=\"https:\/\/www.eldiario.net\/portal\/2025\/06\/13\/elecciones-generales-se-realizaran-indefectiblemente-el-17-de-agosto\/\" \/>\n<meta property=\"og:locale\" content=\"es_ES\" \/>\n<meta property=\"og:type\" content=\"article\" \/>\n<meta property=\"og:title\" content=\"Elecciones generales se realizar\u00e1n indefectiblemente el 17 de agosto - El Diario - Bolivia\" \/>\n<meta property=\"og:description\" content=\"En el cuarto Encuentro Multipartidario por la Democracia, convocado por el Tribunal Supremo de Electoral realizado ayer en Santa Cruz, el presidente del Tribunal Supremo Electoral (TSE), \u00d3scar Hassenteufel, ratific\u00f3 que este 17 de agosto se realizar\u00e1 \u201cindefectiblemente\u201d las elecciones generales. En el encuentro participaron los principales representantes de los cuatro \u00f3rganos del Estado, Tribunal [&hellip;]\" \/>\n<meta property=\"og:url\" content=\"https:\/\/www.eldiario.net\/portal\/2025\/06\/13\/elecciones-generales-se-realizaran-indefectiblemente-el-17-de-agosto\/\" \/>\n<meta property=\"og:site_name\" content=\"El Diario - Bolivia\" \/>\n<meta property=\"article:publisher\" content=\"https:\/\/www.facebook.com\/eldiario.bolivia\/\" \/>\n<meta property=\"article:published_time\" content=\"2025-06-13T09:30:05+00:00\" \/>\n<meta property=\"og:image\" content=\"https:\/\/www.eldiario.net\/portal\/wp-content\/uploads\/2025\/06\/P-3-15-cm-x-7.webp\" \/>\n\t<meta property=\"og:image:width\" content=\"1600\" \/>\n\t<meta property=\"og:image:height\" content=\"859\" \/>\n\t<meta property=\"og:image:type\" content=\"image\/webp\" \/>\n<meta name=\"author\" content=\"Jeanette\" \/>\n<meta name=\"twitter:card\" content=\"summary_large_image\" \/>\n<meta name=\"twitter:creator\" content=\"@eldiario_net\" \/>\n<meta name=\"twitter:site\" content=\"@eldiario_net\" \/>\n<meta name=\"twitter:label1\" content=\"Escrito por\" \/>\n\t<meta name=\"twitter:data1\" content=\"Jeanette\" \/>\n\t<meta name=\"twitter:label2\" content=\"Tiempo de lectura\" \/>\n\t<meta name=\"twitter:data2\" content=\"2 minutos\" \/>\n<script type=\"application\/ld+json\" class=\"yoast-schema-graph\">{\"@context\":\"https:\\\/\\\/schema.org\",\"@graph\":[{\"@type\":\"Article\",\"@id\":\"https:\\\/\\\/www.eldiario.net\\\/portal\\\/2025\\\/06\\\/13\\\/elecciones-generales-se-realizaran-indefectiblemente-el-17-de-agosto\\\/#article\",\"isPartOf\":{\"@id\":\"https:\\\/\\\/www.eldiario.net\\\/portal\\\/2025\\\/06\\\/13\\\/elecciones-generales-se-realizaran-indefectiblemente-el-17-de-agosto\\\/\"},\"author\":{\"name\":\"Jeanette\",\"@id\":\"https:\\\/\\\/www.eldiario.net\\\/portal\\\/#\\\/schema\\\/person\\\/f46445640444750d7d753ccd04ae01b7\"},\"headline\":\"Elecciones generales se realizar\u00e1n indefectiblemente el 17 de agosto\",\"datePublished\":\"2025-06-13T09:30:05+00:00\",\"mainEntityOfPage\":{\"@id\":\"https:\\\/\\\/www.eldiario.net\\\/portal\\\/2025\\\/06\\\/13\\\/elecciones-generales-se-realizaran-indefectiblemente-el-17-de-agosto\\\/\"},\"wordCount\":220,\"publisher\":{\"@id\":\"https:\\\/\\\/www.eldiario.net\\\/portal\\\/#organization\"},\"image\":{\"@id\":\"https:\\\/\\\/www.eldiario.net\\\/portal\\\/2025\\\/06\\\/13\\\/elecciones-generales-se-realizaran-indefectiblemente-el-17-de-agosto\\\/#primaryimage\"},\"thumbnailUrl\":\"https:\\\/\\\/www.eldiario.net\\\/portal\\\/wp-content\\\/uploads\\\/2025\\\/06\\\/P-3-15-cm-x-7.webp\",\"articleSection\":[\"Portada\"],\"inLanguage\":\"es\"},{\"@type\":\"WebPage\",\"@id\":\"https:\\\/\\\/www.eldiario.net\\\/portal\\\/2025\\\/06\\\/13\\\/elecciones-generales-se-realizaran-indefectiblemente-el-17-de-agosto\\\/\",\"url\":\"https:\\\/\\\/www.eldiario.net\\\/portal\\\/2025\\\/06\\\/13\\\/elecciones-generales-se-realizaran-indefectiblemente-el-17-de-agosto\\\/\",\"name\":\"Elecciones generales se realizar\u00e1n indefectiblemente el 17 de agosto - El Diario - Bolivia\",\"isPartOf\":{\"@id\":\"https:\\\/\\\/www.eldiario.net\\\/portal\\\/#website\"},\"primaryImageOfPage\":{\"@id\":\"https:\\\/\\\/www.eldiario.net\\\/portal\\\/2025\\\/06\\\/13\\\/elecciones-generales-se-realizaran-indefectiblemente-el-17-de-agosto\\\/#primaryimage\"},\"image\":{\"@id\":\"https:\\\/\\\/www.eldiario.net\\\/portal\\\/2025\\\/06\\\/13\\\/elecciones-generales-se-realizaran-indefectiblemente-el-17-de-agosto\\\/#primaryimage\"},\"thumbnailUrl\":\"https:\\\/\\\/www.eldiario.net\\\/portal\\\/wp-content\\\/uploads\\\/2025\\\/06\\\/P-3-15-cm-x-7.webp\",\"datePublished\":\"2025-06-13T09:30:05+00:00\",\"breadcrumb\":{\"@id\":\"https:\\\/\\\/www.eldiario.net\\\/portal\\\/2025\\\/06\\\/13\\\/elecciones-generales-se-realizaran-indefectiblemente-el-17-de-agosto\\\/#breadcrumb\"},\"inLanguage\":\"es\",\"potentialAction\":[{\"@type\":\"ReadAction\",\"target\":[\"https:\\\/\\\/www.eldiario.net\\\/portal\\\/2025\\\/06\\\/13\\\/elecciones-generales-se-realizaran-indefectiblemente-el-17-de-agosto\\\/\"]}]},{\"@type\":\"ImageObject\",\"inLanguage\":\"es\",\"@id\":\"https:\\\/\\\/www.eldiario.net\\\/portal\\\/2025\\\/06\\\/13\\\/elecciones-generales-se-realizaran-indefectiblemente-el-17-de-agosto\\\/#primaryimage\",\"url\":\"https:\\\/\\\/www.eldiario.net\\\/portal\\\/wp-content\\\/uploads\\\/2025\\\/06\\\/P-3-15-cm-x-7.webp\",\"contentUrl\":\"https:\\\/\\\/www.eldiario.net\\\/portal\\\/wp-content\\\/uploads\\\/2025\\\/06\\\/P-3-15-cm-x-7.webp\",\"width\":1600,\"height\":859,\"caption\":\"El IV encuentro promovido por el Tribunal Supremo Electoral en Santa Cruz de la Sierra.\"},{\"@type\":\"BreadcrumbList\",\"@id\":\"https:\\\/\\\/www.eldiario.net\\\/portal\\\/2025\\\/06\\\/13\\\/elecciones-generales-se-realizaran-indefectiblemente-el-17-de-agosto\\\/#breadcrumb\",\"itemListElement\":[{\"@type\":\"ListItem\",\"position\":1,\"name\":\"Portada\",\"item\":\"https:\\\/\\\/www.eldiario.net\\\/portal\\\/\"},{\"@type\":\"ListItem\",\"position\":2,\"name\":\"Elecciones generales se realizar\u00e1n indefectiblemente el 17 de agosto\"}]},{\"@type\":\"WebSite\",\"@id\":\"https:\\\/\\\/www.eldiario.net\\\/portal\\\/#website\",\"url\":\"https:\\\/\\\/www.eldiario.net\\\/portal\\\/\",\"name\":\"El Diario - Decano de la prensa nacional\",\"description\":\"El Diario - Decano de la prensa nacional\",\"publisher\":{\"@id\":\"https:\\\/\\\/www.eldiario.net\\\/portal\\\/#organization\"},\"potentialAction\":[{\"@type\":\"SearchAction\",\"target\":{\"@type\":\"EntryPoint\",\"urlTemplate\":\"https:\\\/\\\/www.eldiario.net\\\/portal\\\/?s={search_term_string}\"},\"query-input\":{\"@type\":\"PropertyValueSpecification\",\"valueRequired\":true,\"valueName\":\"search_term_string\"}}],\"inLanguage\":\"es\"},{\"@type\":\"Organization\",\"@id\":\"https:\\\/\\\/www.eldiario.net\\\/portal\\\/#organization\",\"name\":\"El Diario - Decano de la prensa nacional\",\"url\":\"https:\\\/\\\/www.eldiario.net\\\/portal\\\/\",\"logo\":{\"@type\":\"ImageObject\",\"inLanguage\":\"es\",\"@id\":\"https:\\\/\\\/www.eldiario.net\\\/portal\\\/#\\\/schema\\\/logo\\\/image\\\/\",\"url\":\"https:\\\/\\\/www.eldiario.net\\\/portal\\\/wp-content\\\/uploads\\\/2023\\\/07\\\/logo_ED.jpg\",\"contentUrl\":\"https:\\\/\\\/www.eldiario.net\\\/portal\\\/wp-content\\\/uploads\\\/2023\\\/07\\\/logo_ED.jpg\",\"width\":272,\"height\":52,\"caption\":\"El Diario - Decano de la prensa nacional\"},\"image\":{\"@id\":\"https:\\\/\\\/www.eldiario.net\\\/portal\\\/#\\\/schema\\\/logo\\\/image\\\/\"},\"sameAs\":[\"https:\\\/\\\/www.facebook.com\\\/eldiario.bolivia\\\/\",\"https:\\\/\\\/x.com\\\/eldiario_net\"]},{\"@type\":\"Person\",\"@id\":\"https:\\\/\\\/www.eldiario.net\\\/portal\\\/#\\\/schema\\\/person\\\/f46445640444750d7d753ccd04ae01b7\",\"name\":\"Jeanette\",\"image\":{\"@type\":\"ImageObject\",\"inLanguage\":\"es\",\"@id\":\"https:\\\/\\\/secure.gravatar.com\\\/avatar\\\/3ea2118a5f7dad2b7138b1187a6b7ee55f160b9968b66013c3a3ef39dd7e5798?s=96&d=mm&r=g\",\"url\":\"https:\\\/\\\/secure.gravatar.com\\\/avatar\\\/3ea2118a5f7dad2b7138b1187a6b7ee55f160b9968b66013c3a3ef39dd7e5798?s=96&d=mm&r=g\",\"contentUrl\":\"https:\\\/\\\/secure.gravatar.com\\\/avatar\\\/3ea2118a5f7dad2b7138b1187a6b7ee55f160b9968b66013c3a3ef39dd7e5798?s=96&d=mm&r=g\",\"caption\":\"Jeanette\"},\"sameAs\":[\"https:\\\/\\\/www.eldiario.net\\\/portal\"],\"url\":\"https:\\\/\\\/www.eldiario.net\\\/portal\\\/author\\\/jeanette\\\/\"}]}<\/script>\n<!-- \/ Yoast SEO plugin. -->","yoast_head_json":{"title":"Elecciones generales se realizar\u00e1n indefectiblemente el 17 de agosto - El Diario - Bolivia","robots":{"index":"index","follow":"follow","max-snippet":"max-snippet:-1","max-image-preview":"max-image-preview:large","max-video-preview":"max-video-preview:-1"},"canonical":"https:\/\/www.eldiario.net\/portal\/2025\/06\/13\/elecciones-generales-se-realizaran-indefectiblemente-el-17-de-agosto\/","og_locale":"es_ES","og_type":"article","og_title":"Elecciones generales se realizar\u00e1n indefectiblemente el 17 de agosto - El Diario - Bolivia","og_description":"En el cuarto Encuentro Multipartidario por la Democracia, convocado por el Tribunal Supremo de Electoral realizado ayer en Santa Cruz, el presidente del Tribunal Supremo Electoral (TSE), \u00d3scar Hassenteufel, ratific\u00f3 que este 17 de agosto se realizar\u00e1 \u201cindefectiblemente\u201d las elecciones generales. En el encuentro participaron los principales representantes de los cuatro \u00f3rganos del Estado, Tribunal [&hellip;]","og_url":"https:\/\/www.eldiario.net\/portal\/2025\/06\/13\/elecciones-generales-se-realizaran-indefectiblemente-el-17-de-agosto\/","og_site_name":"El Diario - Bolivia","article_publisher":"https:\/\/www.facebook.com\/eldiario.bolivia\/","article_published_time":"2025-06-13T09:30:05+00:00","og_image":[{"width":1600,"height":859,"url":"https:\/\/www.eldiario.net\/portal\/wp-content\/uploads\/2025\/06\/P-3-15-cm-x-7.webp","type":"image\/webp"}],"author":"Jeanette","twitter_card":"summary_large_image","twitter_creator":"@eldiario_net","twitter_site":"@eldiario_net","twitter_misc":{"Escrito por":"Jeanette","Tiempo de lectura":"2 minutos"},"schema":{"@context":"https:\/\/schema.org","@graph":[{"@type":"Article","@id":"https:\/\/www.eldiario.net\/portal\/2025\/06\/13\/elecciones-generales-se-realizaran-indefectiblemente-el-17-de-agosto\/#article","isPartOf":{"@id":"https:\/\/www.eldiario.net\/portal\/2025\/06\/13\/elecciones-generales-se-realizaran-indefectiblemente-el-17-de-agosto\/"},"author":{"name":"Jeanette","@id":"https:\/\/www.eldiario.net\/portal\/#\/schema\/person\/f46445640444750d7d753ccd04ae01b7"},"headline":"Elecciones generales se realizar\u00e1n indefectiblemente el 17 de agosto","datePublished":"2025-06-13T09:30:05+00:00","mainEntityOfPage":{"@id":"https:\/\/www.eldiario.net\/portal\/2025\/06\/13\/elecciones-generales-se-realizaran-indefectiblemente-el-17-de-agosto\/"},"wordCount":220,"publisher":{"@id":"https:\/\/www.eldiario.net\/portal\/#organization"},"image":{"@id":"https:\/\/www.eldiario.net\/portal\/2025\/06\/13\/elecciones-generales-se-realizaran-indefectiblemente-el-17-de-agosto\/#primaryimage"},"thumbnailUrl":"https:\/\/www.eldiario.net\/portal\/wp-content\/uploads\/2025\/06\/P-3-15-cm-x-7.webp","articleSection":["Portada"],"inLanguage":"es"},{"@type":"WebPage","@id":"https:\/\/www.eldiario.net\/portal\/2025\/06\/13\/elecciones-generales-se-realizaran-indefectiblemente-el-17-de-agosto\/","url":"https:\/\/www.eldiario.net\/portal\/2025\/06\/13\/elecciones-generales-se-realizaran-indefectiblemente-el-17-de-agosto\/","name":"Elecciones generales se realizar\u00e1n indefectiblemente el 17 de agosto - El Diario - Bolivia","isPartOf":{"@id":"https:\/\/www.eldiario.net\/portal\/#website"},"primaryImageOfPage":{"@id":"https:\/\/www.eldiario.net\/portal\/2025\/06\/13\/elecciones-generales-se-realizaran-indefectiblemente-el-17-de-agosto\/#primaryimage"},"image":{"@id":"https:\/\/www.eldiario.net\/portal\/2025\/06\/13\/elecciones-generales-se-realizaran-indefectiblemente-el-17-de-agosto\/#primaryimage"},"thumbnailUrl":"https:\/\/www.eldiario.net\/portal\/wp-content\/uploads\/2025\/06\/P-3-15-cm-x-7.webp","datePublished":"2025-06-13T09:30:05+00:00","breadcrumb":{"@id":"https:\/\/www.eldiario.net\/portal\/2025\/06\/13\/elecciones-generales-se-realizaran-indefectiblemente-el-17-de-agosto\/#breadcrumb"},"inLanguage":"es","potentialAction":[{"@type":"ReadAction","target":["https:\/\/www.eldiario.net\/portal\/2025\/06\/13\/elecciones-generales-se-realizaran-indefectiblemente-el-17-de-agosto\/"]}]},{"@type":"ImageObject","inLanguage":"es","@id":"https:\/\/www.eldiario.net\/portal\/2025\/06\/13\/elecciones-generales-se-realizaran-indefectiblemente-el-17-de-agosto\/#primaryimage","url":"https:\/\/www.eldiario.net\/portal\/wp-content\/uploads\/2025\/06\/P-3-15-cm-x-7.webp","contentUrl":"https:\/\/www.eldiario.net\/portal\/wp-content\/uploads\/2025\/06\/P-3-15-cm-x-7.webp","width":1600,"height":859,"caption":"El IV encuentro promovido por el Tribunal Supremo Electoral en Santa Cruz de la Sierra."},{"@type":"BreadcrumbList","@id":"https:\/\/www.eldiario.net\/portal\/2025\/06\/13\/elecciones-generales-se-realizaran-indefectiblemente-el-17-de-agosto\/#breadcrumb","itemListElement":[{"@type":"ListItem","position":1,"name":"Portada","item":"https:\/\/www.eldiario.net\/portal\/"},{"@type":"ListItem","position":2,"name":"Elecciones generales se realizar\u00e1n indefectiblemente el 17 de agosto"}]},{"@type":"WebSite","@id":"https:\/\/www.eldiario.net\/portal\/#website","url":"https:\/\/www.eldiario.net\/portal\/","name":"El Diario - Decano de la prensa nacional","description":"El Diario - Decano de la prensa nacional","publisher":{"@id":"https:\/\/www.eldiario.net\/portal\/#organization"},"potentialAction":[{"@type":"SearchAction","target":{"@type":"EntryPoint","urlTemplate":"https:\/\/www.eldiario.net\/portal\/?s={search_term_string}"},"query-input":{"@type":"PropertyValueSpecification","valueRequired":true,"valueName":"search_term_string"}}],"inLanguage":"es"},{"@type":"Organization","@id":"https:\/\/www.eldiario.net\/portal\/#organization","name":"El Diario - Decano de la prensa nacional","url":"https:\/\/www.eldiario.net\/portal\/","logo":{"@type":"ImageObject","inLanguage":"es","@id":"https:\/\/www.eldiario.net\/portal\/#\/schema\/logo\/image\/","url":"https:\/\/www.eldiario.net\/portal\/wp-content\/uploads\/2023\/07\/logo_ED.jpg","contentUrl":"https:\/\/www.eldiario.net\/portal\/wp-content\/uploads\/2023\/07\/logo_ED.jpg","width":272,"height":52,"caption":"El Diario - Decano de la prensa nacional"},"image":{"@id":"https:\/\/www.eldiario.net\/portal\/#\/schema\/logo\/image\/"},"sameAs":["https:\/\/www.facebook.com\/eldiario.bolivia\/","https:\/\/x.com\/eldiario_net"]},{"@type":"Person","@id":"https:\/\/www.eldiario.net\/portal\/#\/schema\/person\/f46445640444750d7d753ccd04ae01b7","name":"Jeanette","image":{"@type":"ImageObject","inLanguage":"es","@id":"https:\/\/secure.gravatar.com\/avatar\/3ea2118a5f7dad2b7138b1187a6b7ee55f160b9968b66013c3a3ef39dd7e5798?s=96&d=mm&r=g","url":"https:\/\/secure.gravatar.com\/avatar\/3ea2118a5f7dad2b7138b1187a6b7ee55f160b9968b66013c3a3ef39dd7e5798?s=96&d=mm&r=g","contentUrl":"https:\/\/secure.gravatar.com\/avatar\/3ea2118a5f7dad2b7138b1187a6b7ee55f160b9968b66013c3a3ef39dd7e5798?s=96&d=mm&r=g","caption":"Jeanette"},"sameAs":["https:\/\/www.eldiario.net\/portal"],"url":"https:\/\/www.eldiario.net\/portal\/author\/jeanette\/"}]}},"_links":{"self":[{"href":"https:\/\/www.eldiario.net\/portal\/wp-json\/wp\/v2\/posts\/309254","targetHints":{"allow":["GET"]}}],"collection":[{"href":"https:\/\/www.eldiario.net\/portal\/wp-json\/wp\/v2\/posts"}],"about":[{"href":"https:\/\/www.eldiario.net\/portal\/wp-json\/wp\/v2\/types\/post"}],"author":[{"embeddable":true,"href":"https:\/\/www.eldiario.net\/portal\/wp-json\/wp\/v2\/users\/1"}],"replies":[{"embeddable":true,"href":"https:\/\/www.eldiario.net\/portal\/wp-json\/wp\/v2\/comments?post=309254"}],"version-history":[{"count":1,"href":"https:\/\/www.eldiario.net\/portal\/wp-json\/wp\/v2\/posts\/309254\/revisions"}],"predecessor-version":[{"id":309256,"href":"https:\/\/www.eldiario.net\/portal\/wp-json\/wp\/v2\/posts\/309254\/revisions\/309256"}],"wp:featuredmedia":[{"embeddable":true,"href":"https:\/\/www.eldiario.net\/portal\/wp-json\/wp\/v2\/media\/309255"}],"wp:attachment":[{"href":"https:\/\/www.eldiario.net\/portal\/wp-json\/wp\/v2\/media?parent=309254"}],"wp:term":[{"taxonomy":"category","embeddable":true,"href":"https:\/\/www.eldiario.net\/portal\/wp-json\/wp\/v2\/categories?post=309254"},{"taxonomy":"post_tag","embeddable":true,"href":"https:\/\/www.eldiario.net\/portal\/wp-json\/wp\/v2\/tags?post=309254"}],"curies":[{"name":"wp","href":"https:\/\/api.w.org\/{rel}","templated":true}]}}