{"id":309244,"date":"2025-06-13T05:27:16","date_gmt":"2025-06-13T09:27:16","guid":{"rendered":"https:\/\/www.eldiario.net\/portal\/?p=309244"},"modified":"2025-06-13T05:27:16","modified_gmt":"2025-06-13T09:27:16","slug":"el-tigre-es-sancionado-por-error-administrativo","status":"publish","type":"post","link":"https:\/\/www.eldiario.net\/portal\/2025\/06\/13\/el-tigre-es-sancionado-por-error-administrativo\/","title":{"rendered":"El Tigre es sancionado por error administrativo"},"content":{"rendered":"<p>Por un error administrativo derivado de la transferencia del jugador Jhonn Garc\u00eda a Oriente Petrolero, The Strongest fue prohibido por FIFA para habilitar a nuevos jugadores, seg\u00fan aclar\u00f3 ayer el abogado de la entidad atigrada Antonio Kosovic.<br \/>\n\u00abEl club ten\u00eda la obligaci\u00f3n de registrar la transferencia ante la FIFA en el marco del Sistema de Transferencias (TMS), pero por errores administrativos se ha omitido realizar esta obligaci\u00f3n y, la FIFA a trav\u00e9s de su Comisi\u00f3n de Gobernanza , le abri\u00f3 un proceso a The Strongest para acreditar la transferencia\u00bb, declar\u00f3.<br \/>\nAgreg\u00f3 que si bien , el Tigre pag\u00f3 oportunamente la multa de 1.000 francos ($us 1.200), la transacci\u00f3n fue realizada por una \u00abtercera persona\u00bb a quien FIFA habr\u00eda rechazado el dinero, porque \u00abno fue ni el club ni aguien autorizado a realizar dicha transacci\u00f3n\u00bb.<br \/>\nLa sanci\u00f3n por este descuido fue subida a 2.000 francos ($us 2.400) al momento.<br \/>\n\u00abEl club ya ha gestionado enmendar esta falla ante FIFA, sin embargo por los problemas internos y las elecciones en la instituci\u00f3n, hubo cierta demora\u00bb, remarc\u00f3 Kosovic.<br \/>\nA su vez, el actual directorio de la entidad, encabezado por Daniel Terrazas, le resta importancia a esta situaci\u00f3n, calific\u00e1ndola como un tema menor.<br \/>\n\u00abNo es un tema mayor, por tanto, la familia stronguista y los hinchas pueden estar tranquilos\u00bb, remarc\u00f3 el abogado, a tiempo de advertir, que hasta el 3 de julio pr\u00f3ximo (cuando se abran las habilitaciones), The Strongest, \u00abya no estar\u00e1 sancionado\u00bb.<br \/>\nEn tanto,, el plantel dirigido por Carlos Bustos, contin\u00faa con su trabajo, con miras al partido de ma\u00f1ana, en visita a Totora Real Oruro.<br \/>\nE n las \u00faltimas horas se anunci\u00f3 el retorno del delantero Gabriel Sotomayor, como primera incorporaci\u00f3n de medio a\u00f1o.<br \/>\nEl clubb aurinegro es tercero en la tabla de posiciones de la Liga Boliviana, con 19 puntos en nueve fechas disputadas.<\/p>\n<p><em>GHILKA SANABRIA<\/em><\/p>\n\r\n                <style type=\"text\/css\">\r\n                    \r\n                    #tdi_1  .td-doubleSlider-2 .td-item1 {\r\n                        background: url(https:\/\/www.eldiario.net\/portal\/wp-content\/uploads\/2025\/06\/FOTO-70-A-80x60.webp) 0 0 no-repeat;\r\n                    }\r\n                    #tdi_1  .td-doubleSlider-2 .td-item2 {\r\n                        background: url(https:\/\/www.eldiario.net\/portal\/wp-content\/uploads\/2025\/06\/FOTO-70-B-80x60.webp) 0 0 no-repeat;\r\n                    }\r\n                <\/style>\r\n\r\n                <div id=\"tdi_1\" class=\"td-gallery td-slide-on-2-columns\">\r\n                    <div class=\"post_td_gallery\">\r\n                        <div class=\"td-gallery-slide-top\">\r\n                           <div class=\"td-gallery-title\"><\/div>\r\n\r\n                            <div class=\"td-gallery-controls-wrapper\">\r\n                                <div class=\"td-gallery-slide-count\"><span class=\"td-gallery-slide-item-focus\">1<\/span> de 2<\/div>\r\n                                <div class=\"td-gallery-slide-prev-next-but\">\r\n                                    <i class = \"td-icon-left doubleSliderPrevButton\"><\/i>\r\n                                    <i class = \"td-icon-right doubleSliderNextButton\"><\/i>\r\n                                <\/div>\r\n                            <\/div>\r\n                        <\/div>\r\n\r\n                        <div class = \"td-doubleSlider-1 \">\r\n                            <div class = \"td-slider\">\r\n                                \r\n                    <div class = \"td-slide-item td-item1\">\r\n                        <figure class=\"td-slide-galery-figure td-slide-popup-gallery\">\r\n                            <a class=\"slide-gallery-image-link\" href=\"https:\/\/www.eldiario.net\/portal\/wp-content\/uploads\/2025\/06\/FOTO-70-A.webp\" title=\"FOTO-70-A\"  data-caption=\"\"  data-description=\"\">\r\n                                <img decoding=\"async\" src=\"https:\/\/www.eldiario.net\/portal\/wp-content\/uploads\/2025\/06\/FOTO-70-A-381x420.webp\" srcset=\"https:\/\/www.eldiario.net\/portal\/wp-content\/uploads\/2025\/06\/FOTO-70-A-381x420.webp 381w, https:\/\/www.eldiario.net\/portal\/wp-content\/uploads\/2025\/06\/FOTO-70-A-272x300.webp 272w, https:\/\/www.eldiario.net\/portal\/wp-content\/uploads\/2025\/06\/FOTO-70-A.webp 540w\" sizes=\"(max-width: 381px) 100vw, 381px\" alt=\"\">\r\n                            <\/a>\r\n                            \r\n                        <\/figure>\r\n                    <\/div>\r\n                    <div class = \"td-slide-item td-item2\">\r\n                        <figure class=\"td-slide-galery-figure td-slide-popup-gallery\">\r\n                            <a class=\"slide-gallery-image-link\" href=\"https:\/\/www.eldiario.net\/portal\/wp-content\/uploads\/2025\/06\/FOTO-70-B.webp\" title=\"FOTO-70-B\"  data-caption=\"\"  data-description=\"\">\r\n                                <img decoding=\"async\" src=\"https:\/\/www.eldiario.net\/portal\/wp-content\/uploads\/2025\/06\/FOTO-70-B-509x420.webp\" srcset=\"https:\/\/www.eldiario.net\/portal\/wp-content\/uploads\/2025\/06\/FOTO-70-B-509x420.webp 509w, https:\/\/www.eldiario.net\/portal\/wp-content\/uploads\/2025\/06\/FOTO-70-B-300x248.webp 300w, https:\/\/www.eldiario.net\/portal\/wp-content\/uploads\/2025\/06\/FOTO-70-B.webp 591w\" sizes=\"(max-width: 509px) 100vw, 509px\" alt=\"\">\r\n                            <\/a>\r\n                            \r\n                        <\/figure>\r\n                    <\/div>\r\n                            <\/div>\r\n                        <\/div>\r\n\r\n                        <div class = \"td-doubleSlider-2\">\r\n                            <div class = \"td-slider\">\r\n                                \r\n                    <div class = \"td-button td-item1\">\r\n                        <div class = \"td-border\"><\/div>\r\n                    <\/div>\r\n                    <div class = \"td-button td-item2\">\r\n                        <div class = \"td-border\"><\/div>\r\n                    <\/div>\r\n                            <\/div>\r\n                        <\/div>\r\n\r\n                    <\/div>\r\n\r\n                <\/div>\r\n                \n","protected":false},"excerpt":{"rendered":"<p>Por un error administrativo derivado de la transferencia del jugador Jhonn Garc\u00eda a Oriente Petrolero, The Strongest fue prohibido por FIFA para habilitar a nuevos jugadores, seg\u00fan aclar\u00f3 ayer el abogado de la entidad atigrada Antonio Kosovic. \u00abEl club ten\u00eda la obligaci\u00f3n de registrar la transferencia ante la FIFA en el marco del Sistema de [&hellip;]<\/p>\n","protected":false},"author":1,"featured_media":309245,"comment_status":"closed","ping_status":"open","sticky":false,"template":"","format":"standard","meta":{"_acf_changed":false,"footnotes":""},"categories":[6],"tags":[],"class_list":["post-309244","post","type-post","status-publish","format-standard","has-post-thumbnail","category-deportes"],"acf":{"antetitulo":""},"yoast_head":"<!-- This site is optimized with the Yoast SEO plugin v28.4 - https:\/\/yoast.com\/product\/yoast-seo-wordpress\/ -->\n<title>El Tigre es sancionado por error administrativo - El Diario - Bolivia<\/title>\n<meta name=\"robots\" content=\"index, follow, max-snippet:-1, max-image-preview:large, max-video-preview:-1\" \/>\n<link rel=\"canonical\" href=\"https:\/\/www.eldiario.net\/portal\/2025\/06\/13\/el-tigre-es-sancionado-por-error-administrativo\/\" \/>\n<meta property=\"og:locale\" content=\"es_ES\" \/>\n<meta property=\"og:type\" content=\"article\" \/>\n<meta property=\"og:title\" content=\"El Tigre es sancionado por error administrativo - El Diario - Bolivia\" \/>\n<meta property=\"og:description\" content=\"Por un error administrativo derivado de la transferencia del jugador Jhonn Garc\u00eda a Oriente Petrolero, The Strongest fue prohibido por FIFA para habilitar a nuevos jugadores, seg\u00fan aclar\u00f3 ayer el abogado de la entidad atigrada Antonio Kosovic. \u00abEl club ten\u00eda la obligaci\u00f3n de registrar la transferencia ante la FIFA en el marco del Sistema de [&hellip;]\" \/>\n<meta property=\"og:url\" content=\"https:\/\/www.eldiario.net\/portal\/2025\/06\/13\/el-tigre-es-sancionado-por-error-administrativo\/\" \/>\n<meta property=\"og:site_name\" content=\"El Diario - Bolivia\" \/>\n<meta property=\"article:publisher\" content=\"https:\/\/www.facebook.com\/eldiario.bolivia\/\" \/>\n<meta property=\"article:published_time\" content=\"2025-06-13T09:27:16+00:00\" \/>\n<meta property=\"og:image\" content=\"https:\/\/www.eldiario.net\/portal\/wp-content\/uploads\/2025\/06\/FOTO-70-A.webp\" \/>\n\t<meta property=\"og:image:width\" content=\"540\" \/>\n\t<meta property=\"og:image:height\" content=\"596\" \/>\n\t<meta property=\"og:image:type\" content=\"image\/webp\" \/>\n<meta name=\"author\" content=\"Jeanette\" \/>\n<meta name=\"twitter:card\" content=\"summary_large_image\" \/>\n<meta name=\"twitter:creator\" content=\"@eldiario_net\" \/>\n<meta name=\"twitter:site\" content=\"@eldiario_net\" \/>\n<meta name=\"twitter:label1\" content=\"Escrito por\" \/>\n\t<meta name=\"twitter:data1\" content=\"Jeanette\" \/>\n\t<meta name=\"twitter:label2\" content=\"Tiempo de lectura\" \/>\n\t<meta name=\"twitter:data2\" content=\"2 minutos\" \/>\n<script type=\"application\/ld+json\" class=\"yoast-schema-graph\">{\"@context\":\"https:\\\/\\\/schema.org\",\"@graph\":[{\"@type\":\"Article\",\"@id\":\"https:\\\/\\\/www.eldiario.net\\\/portal\\\/2025\\\/06\\\/13\\\/el-tigre-es-sancionado-por-error-administrativo\\\/#article\",\"isPartOf\":{\"@id\":\"https:\\\/\\\/www.eldiario.net\\\/portal\\\/2025\\\/06\\\/13\\\/el-tigre-es-sancionado-por-error-administrativo\\\/\"},\"author\":{\"name\":\"Jeanette\",\"@id\":\"https:\\\/\\\/www.eldiario.net\\\/portal\\\/#\\\/schema\\\/person\\\/f46445640444750d7d753ccd04ae01b7\"},\"headline\":\"El Tigre es sancionado por error administrativo\",\"datePublished\":\"2025-06-13T09:27:16+00:00\",\"mainEntityOfPage\":{\"@id\":\"https:\\\/\\\/www.eldiario.net\\\/portal\\\/2025\\\/06\\\/13\\\/el-tigre-es-sancionado-por-error-administrativo\\\/\"},\"wordCount\":333,\"publisher\":{\"@id\":\"https:\\\/\\\/www.eldiario.net\\\/portal\\\/#organization\"},\"image\":{\"@id\":\"https:\\\/\\\/www.eldiario.net\\\/portal\\\/2025\\\/06\\\/13\\\/el-tigre-es-sancionado-por-error-administrativo\\\/#primaryimage\"},\"thumbnailUrl\":\"https:\\\/\\\/www.eldiario.net\\\/portal\\\/wp-content\\\/uploads\\\/2025\\\/06\\\/FOTO-70-A.webp\",\"articleSection\":[\"Deportes\"],\"inLanguage\":\"es\"},{\"@type\":\"WebPage\",\"@id\":\"https:\\\/\\\/www.eldiario.net\\\/portal\\\/2025\\\/06\\\/13\\\/el-tigre-es-sancionado-por-error-administrativo\\\/\",\"url\":\"https:\\\/\\\/www.eldiario.net\\\/portal\\\/2025\\\/06\\\/13\\\/el-tigre-es-sancionado-por-error-administrativo\\\/\",\"name\":\"El Tigre es sancionado por error administrativo - El Diario - Bolivia\",\"isPartOf\":{\"@id\":\"https:\\\/\\\/www.eldiario.net\\\/portal\\\/#website\"},\"primaryImageOfPage\":{\"@id\":\"https:\\\/\\\/www.eldiario.net\\\/portal\\\/2025\\\/06\\\/13\\\/el-tigre-es-sancionado-por-error-administrativo\\\/#primaryimage\"},\"image\":{\"@id\":\"https:\\\/\\\/www.eldiario.net\\\/portal\\\/2025\\\/06\\\/13\\\/el-tigre-es-sancionado-por-error-administrativo\\\/#primaryimage\"},\"thumbnailUrl\":\"https:\\\/\\\/www.eldiario.net\\\/portal\\\/wp-content\\\/uploads\\\/2025\\\/06\\\/FOTO-70-A.webp\",\"datePublished\":\"2025-06-13T09:27:16+00:00\",\"breadcrumb\":{\"@id\":\"https:\\\/\\\/www.eldiario.net\\\/portal\\\/2025\\\/06\\\/13\\\/el-tigre-es-sancionado-por-error-administrativo\\\/#breadcrumb\"},\"inLanguage\":\"es\",\"potentialAction\":[{\"@type\":\"ReadAction\",\"target\":[\"https:\\\/\\\/www.eldiario.net\\\/portal\\\/2025\\\/06\\\/13\\\/el-tigre-es-sancionado-por-error-administrativo\\\/\"]}]},{\"@type\":\"ImageObject\",\"inLanguage\":\"es\",\"@id\":\"https:\\\/\\\/www.eldiario.net\\\/portal\\\/2025\\\/06\\\/13\\\/el-tigre-es-sancionado-por-error-administrativo\\\/#primaryimage\",\"url\":\"https:\\\/\\\/www.eldiario.net\\\/portal\\\/wp-content\\\/uploads\\\/2025\\\/06\\\/FOTO-70-A.webp\",\"contentUrl\":\"https:\\\/\\\/www.eldiario.net\\\/portal\\\/wp-content\\\/uploads\\\/2025\\\/06\\\/FOTO-70-A.webp\",\"width\":540,\"height\":596},{\"@type\":\"BreadcrumbList\",\"@id\":\"https:\\\/\\\/www.eldiario.net\\\/portal\\\/2025\\\/06\\\/13\\\/el-tigre-es-sancionado-por-error-administrativo\\\/#breadcrumb\",\"itemListElement\":[{\"@type\":\"ListItem\",\"position\":1,\"name\":\"Portada\",\"item\":\"https:\\\/\\\/www.eldiario.net\\\/portal\\\/\"},{\"@type\":\"ListItem\",\"position\":2,\"name\":\"El Tigre es sancionado por error administrativo\"}]},{\"@type\":\"WebSite\",\"@id\":\"https:\\\/\\\/www.eldiario.net\\\/portal\\\/#website\",\"url\":\"https:\\\/\\\/www.eldiario.net\\\/portal\\\/\",\"name\":\"El Diario - Decano de la prensa nacional\",\"description\":\"El Diario - Decano de la prensa nacional\",\"publisher\":{\"@id\":\"https:\\\/\\\/www.eldiario.net\\\/portal\\\/#organization\"},\"potentialAction\":[{\"@type\":\"SearchAction\",\"target\":{\"@type\":\"EntryPoint\",\"urlTemplate\":\"https:\\\/\\\/www.eldiario.net\\\/portal\\\/?s={search_term_string}\"},\"query-input\":{\"@type\":\"PropertyValueSpecification\",\"valueRequired\":true,\"valueName\":\"search_term_string\"}}],\"inLanguage\":\"es\"},{\"@type\":\"Organization\",\"@id\":\"https:\\\/\\\/www.eldiario.net\\\/portal\\\/#organization\",\"name\":\"El Diario - Decano de la prensa nacional\",\"url\":\"https:\\\/\\\/www.eldiario.net\\\/portal\\\/\",\"logo\":{\"@type\":\"ImageObject\",\"inLanguage\":\"es\",\"@id\":\"https:\\\/\\\/www.eldiario.net\\\/portal\\\/#\\\/schema\\\/logo\\\/image\\\/\",\"url\":\"https:\\\/\\\/www.eldiario.net\\\/portal\\\/wp-content\\\/uploads\\\/2023\\\/07\\\/logo_ED.jpg\",\"contentUrl\":\"https:\\\/\\\/www.eldiario.net\\\/portal\\\/wp-content\\\/uploads\\\/2023\\\/07\\\/logo_ED.jpg\",\"width\":272,\"height\":52,\"caption\":\"El Diario - Decano de la prensa nacional\"},\"image\":{\"@id\":\"https:\\\/\\\/www.eldiario.net\\\/portal\\\/#\\\/schema\\\/logo\\\/image\\\/\"},\"sameAs\":[\"https:\\\/\\\/www.facebook.com\\\/eldiario.bolivia\\\/\",\"https:\\\/\\\/x.com\\\/eldiario_net\"]},{\"@type\":\"Person\",\"@id\":\"https:\\\/\\\/www.eldiario.net\\\/portal\\\/#\\\/schema\\\/person\\\/f46445640444750d7d753ccd04ae01b7\",\"name\":\"Jeanette\",\"image\":{\"@type\":\"ImageObject\",\"inLanguage\":\"es\",\"@id\":\"https:\\\/\\\/secure.gravatar.com\\\/avatar\\\/3ea2118a5f7dad2b7138b1187a6b7ee55f160b9968b66013c3a3ef39dd7e5798?s=96&d=mm&r=g\",\"url\":\"https:\\\/\\\/secure.gravatar.com\\\/avatar\\\/3ea2118a5f7dad2b7138b1187a6b7ee55f160b9968b66013c3a3ef39dd7e5798?s=96&d=mm&r=g\",\"contentUrl\":\"https:\\\/\\\/secure.gravatar.com\\\/avatar\\\/3ea2118a5f7dad2b7138b1187a6b7ee55f160b9968b66013c3a3ef39dd7e5798?s=96&d=mm&r=g\",\"caption\":\"Jeanette\"},\"sameAs\":[\"https:\\\/\\\/www.eldiario.net\\\/portal\"],\"url\":\"https:\\\/\\\/www.eldiario.net\\\/portal\\\/author\\\/jeanette\\\/\"}]}<\/script>\n<!-- \/ Yoast SEO plugin. -->","yoast_head_json":{"title":"El Tigre es sancionado por error administrativo - El Diario - Bolivia","robots":{"index":"index","follow":"follow","max-snippet":"max-snippet:-1","max-image-preview":"max-image-preview:large","max-video-preview":"max-video-preview:-1"},"canonical":"https:\/\/www.eldiario.net\/portal\/2025\/06\/13\/el-tigre-es-sancionado-por-error-administrativo\/","og_locale":"es_ES","og_type":"article","og_title":"El Tigre es sancionado por error administrativo - El Diario - Bolivia","og_description":"Por un error administrativo derivado de la transferencia del jugador Jhonn Garc\u00eda a Oriente Petrolero, The Strongest fue prohibido por FIFA para habilitar a nuevos jugadores, seg\u00fan aclar\u00f3 ayer el abogado de la entidad atigrada Antonio Kosovic. \u00abEl club ten\u00eda la obligaci\u00f3n de registrar la transferencia ante la FIFA en el marco del Sistema de [&hellip;]","og_url":"https:\/\/www.eldiario.net\/portal\/2025\/06\/13\/el-tigre-es-sancionado-por-error-administrativo\/","og_site_name":"El Diario - Bolivia","article_publisher":"https:\/\/www.facebook.com\/eldiario.bolivia\/","article_published_time":"2025-06-13T09:27:16+00:00","og_image":[{"width":540,"height":596,"url":"https:\/\/www.eldiario.net\/portal\/wp-content\/uploads\/2025\/06\/FOTO-70-A.webp","type":"image\/webp"}],"author":"Jeanette","twitter_card":"summary_large_image","twitter_creator":"@eldiario_net","twitter_site":"@eldiario_net","twitter_misc":{"Escrito por":"Jeanette","Tiempo de lectura":"2 minutos"},"schema":{"@context":"https:\/\/schema.org","@graph":[{"@type":"Article","@id":"https:\/\/www.eldiario.net\/portal\/2025\/06\/13\/el-tigre-es-sancionado-por-error-administrativo\/#article","isPartOf":{"@id":"https:\/\/www.eldiario.net\/portal\/2025\/06\/13\/el-tigre-es-sancionado-por-error-administrativo\/"},"author":{"name":"Jeanette","@id":"https:\/\/www.eldiario.net\/portal\/#\/schema\/person\/f46445640444750d7d753ccd04ae01b7"},"headline":"El Tigre es sancionado por error administrativo","datePublished":"2025-06-13T09:27:16+00:00","mainEntityOfPage":{"@id":"https:\/\/www.eldiario.net\/portal\/2025\/06\/13\/el-tigre-es-sancionado-por-error-administrativo\/"},"wordCount":333,"publisher":{"@id":"https:\/\/www.eldiario.net\/portal\/#organization"},"image":{"@id":"https:\/\/www.eldiario.net\/portal\/2025\/06\/13\/el-tigre-es-sancionado-por-error-administrativo\/#primaryimage"},"thumbnailUrl":"https:\/\/www.eldiario.net\/portal\/wp-content\/uploads\/2025\/06\/FOTO-70-A.webp","articleSection":["Deportes"],"inLanguage":"es"},{"@type":"WebPage","@id":"https:\/\/www.eldiario.net\/portal\/2025\/06\/13\/el-tigre-es-sancionado-por-error-administrativo\/","url":"https:\/\/www.eldiario.net\/portal\/2025\/06\/13\/el-tigre-es-sancionado-por-error-administrativo\/","name":"El Tigre es sancionado por error administrativo - El Diario - Bolivia","isPartOf":{"@id":"https:\/\/www.eldiario.net\/portal\/#website"},"primaryImageOfPage":{"@id":"https:\/\/www.eldiario.net\/portal\/2025\/06\/13\/el-tigre-es-sancionado-por-error-administrativo\/#primaryimage"},"image":{"@id":"https:\/\/www.eldiario.net\/portal\/2025\/06\/13\/el-tigre-es-sancionado-por-error-administrativo\/#primaryimage"},"thumbnailUrl":"https:\/\/www.eldiario.net\/portal\/wp-content\/uploads\/2025\/06\/FOTO-70-A.webp","datePublished":"2025-06-13T09:27:16+00:00","breadcrumb":{"@id":"https:\/\/www.eldiario.net\/portal\/2025\/06\/13\/el-tigre-es-sancionado-por-error-administrativo\/#breadcrumb"},"inLanguage":"es","potentialAction":[{"@type":"ReadAction","target":["https:\/\/www.eldiario.net\/portal\/2025\/06\/13\/el-tigre-es-sancionado-por-error-administrativo\/"]}]},{"@type":"ImageObject","inLanguage":"es","@id":"https:\/\/www.eldiario.net\/portal\/2025\/06\/13\/el-tigre-es-sancionado-por-error-administrativo\/#primaryimage","url":"https:\/\/www.eldiario.net\/portal\/wp-content\/uploads\/2025\/06\/FOTO-70-A.webp","contentUrl":"https:\/\/www.eldiario.net\/portal\/wp-content\/uploads\/2025\/06\/FOTO-70-A.webp","width":540,"height":596},{"@type":"BreadcrumbList","@id":"https:\/\/www.eldiario.net\/portal\/2025\/06\/13\/el-tigre-es-sancionado-por-error-administrativo\/#breadcrumb","itemListElement":[{"@type":"ListItem","position":1,"name":"Portada","item":"https:\/\/www.eldiario.net\/portal\/"},{"@type":"ListItem","position":2,"name":"El Tigre es sancionado por error administrativo"}]},{"@type":"WebSite","@id":"https:\/\/www.eldiario.net\/portal\/#website","url":"https:\/\/www.eldiario.net\/portal\/","name":"El Diario - Decano de la prensa nacional","description":"El Diario - Decano de la prensa nacional","publisher":{"@id":"https:\/\/www.eldiario.net\/portal\/#organization"},"potentialAction":[{"@type":"SearchAction","target":{"@type":"EntryPoint","urlTemplate":"https:\/\/www.eldiario.net\/portal\/?s={search_term_string}"},"query-input":{"@type":"PropertyValueSpecification","valueRequired":true,"valueName":"search_term_string"}}],"inLanguage":"es"},{"@type":"Organization","@id":"https:\/\/www.eldiario.net\/portal\/#organization","name":"El Diario - Decano de la prensa nacional","url":"https:\/\/www.eldiario.net\/portal\/","logo":{"@type":"ImageObject","inLanguage":"es","@id":"https:\/\/www.eldiario.net\/portal\/#\/schema\/logo\/image\/","url":"https:\/\/www.eldiario.net\/portal\/wp-content\/uploads\/2023\/07\/logo_ED.jpg","contentUrl":"https:\/\/www.eldiario.net\/portal\/wp-content\/uploads\/2023\/07\/logo_ED.jpg","width":272,"height":52,"caption":"El Diario - Decano de la prensa nacional"},"image":{"@id":"https:\/\/www.eldiario.net\/portal\/#\/schema\/logo\/image\/"},"sameAs":["https:\/\/www.facebook.com\/eldiario.bolivia\/","https:\/\/x.com\/eldiario_net"]},{"@type":"Person","@id":"https:\/\/www.eldiario.net\/portal\/#\/schema\/person\/f46445640444750d7d753ccd04ae01b7","name":"Jeanette","image":{"@type":"ImageObject","inLanguage":"es","@id":"https:\/\/secure.gravatar.com\/avatar\/3ea2118a5f7dad2b7138b1187a6b7ee55f160b9968b66013c3a3ef39dd7e5798?s=96&d=mm&r=g","url":"https:\/\/secure.gravatar.com\/avatar\/3ea2118a5f7dad2b7138b1187a6b7ee55f160b9968b66013c3a3ef39dd7e5798?s=96&d=mm&r=g","contentUrl":"https:\/\/secure.gravatar.com\/avatar\/3ea2118a5f7dad2b7138b1187a6b7ee55f160b9968b66013c3a3ef39dd7e5798?s=96&d=mm&r=g","caption":"Jeanette"},"sameAs":["https:\/\/www.eldiario.net\/portal"],"url":"https:\/\/www.eldiario.net\/portal\/author\/jeanette\/"}]}},"_links":{"self":[{"href":"https:\/\/www.eldiario.net\/portal\/wp-json\/wp\/v2\/posts\/309244","targetHints":{"allow":["GET"]}}],"collection":[{"href":"https:\/\/www.eldiario.net\/portal\/wp-json\/wp\/v2\/posts"}],"about":[{"href":"https:\/\/www.eldiario.net\/portal\/wp-json\/wp\/v2\/types\/post"}],"author":[{"embeddable":true,"href":"https:\/\/www.eldiario.net\/portal\/wp-json\/wp\/v2\/users\/1"}],"replies":[{"embeddable":true,"href":"https:\/\/www.eldiario.net\/portal\/wp-json\/wp\/v2\/comments?post=309244"}],"version-history":[{"count":1,"href":"https:\/\/www.eldiario.net\/portal\/wp-json\/wp\/v2\/posts\/309244\/revisions"}],"predecessor-version":[{"id":309247,"href":"https:\/\/www.eldiario.net\/portal\/wp-json\/wp\/v2\/posts\/309244\/revisions\/309247"}],"wp:featuredmedia":[{"embeddable":true,"href":"https:\/\/www.eldiario.net\/portal\/wp-json\/wp\/v2\/media\/309245"}],"wp:attachment":[{"href":"https:\/\/www.eldiario.net\/portal\/wp-json\/wp\/v2\/media?parent=309244"}],"wp:term":[{"taxonomy":"category","embeddable":true,"href":"https:\/\/www.eldiario.net\/portal\/wp-json\/wp\/v2\/categories?post=309244"},{"taxonomy":"post_tag","embeddable":true,"href":"https:\/\/www.eldiario.net\/portal\/wp-json\/wp\/v2\/tags?post=309244"}],"curies":[{"name":"wp","href":"https:\/\/api.w.org\/{rel}","templated":true}]}}