{"id":309241,"date":"2025-06-13T05:26:34","date_gmt":"2025-06-13T09:26:34","guid":{"rendered":"https:\/\/www.eldiario.net\/portal\/?p=309241"},"modified":"2025-06-13T05:26:34","modified_gmt":"2025-06-13T09:26:34","slug":"dominguez-es-reelecto-al-frente-de-conmebol-hasta-el-2031","status":"publish","type":"post","link":"https:\/\/www.eldiario.net\/portal\/2025\/06\/13\/dominguez-es-reelecto-al-frente-de-conmebol-hasta-el-2031\/","title":{"rendered":"Dom\u00ednguez es reelecto al frente de CONMEBOL hasta el 2031"},"content":{"rendered":"<p>Alejandro Dom\u00ednguez continuar\u00e1 como presidente de la CONMEBOL tras ser reelegido por unanimidad ayer jueves.<br \/>\nLa m\u00e1xima autoridad del f\u00fatbol de la regi\u00f3n fue el \u00fanico candidato y recibi\u00f3 el respaldo de las diez asociaciones miembro para seguir dirigiendo los destinos de este deporte en Sudam\u00e9rica tambi\u00e9n el per\u00edodo que ir\u00e1 formalmente desde el 2026 hasta el 2030. La siguiente elecci\u00f3n para mandatario se realizar\u00e1 en el Congreso Ordinario del 2031, que debe llevarse adelante entre enero y abril de ese a\u00f1o.<br \/>\nEl directivo encabez\u00f3 el 81\u00b0 Congreso Ordinario de la Conmebol que se realiz\u00f3 en la ciudad de Luque, Paraguay. La jornada comenz\u00f3 con un video del presidente de FIFA, Gianni Infantino, quien elogi\u00f3 la gesti\u00f3n dirigencial en Sudam\u00e9rica, con el foco puesto en el Mundial de Clubes que se iniciar\u00e1 este s\u00e1bado. Los representantes de las asociaciones en el evento fueron Claudio Tapia (Argentina), Fernando Costa (Bolivia), Samir Xaud (Brasil), Pablo Milad (Chile), Ram\u00f3n Jesur\u00fan (Colombia), Francisco Egas (Ecuador), Robert Harrison (Paraguay), Agust\u00edn Lozano (Per\u00fa), Ignacio Alonso (Uruguay) y Jorge Gim\u00e9nez (Venezuela).<br \/>\n\u201cEl candidato Alejandro Dom\u00ednguez ha superado satisfactoriamente el examen de idoneidad para el cargo a ser electo cumpliendo las exigencias estatutarias y reglamentarias de la Conmebol y de la FIFA\u201d, informaron antes de la votaci\u00f3n. Luego, fue citado el Chiqui Tapia para emitir el primero voto, continuando con el resto de los directivos de las 10 asociaciones. El posterior conteo confirm\u00f3 la continuidad de Dom\u00ednguez en el cargo con las 10 boletas respaldando al actual presidente.<br \/>\nEl dirigente paraguayo lleg\u00f3 a la silla principal en enero del 2016 luego del esc\u00e1ndalo conocido mundialmente como FIFA Gate que deriv\u00f3 en el fin de una era presidencial de Nicol\u00e1s Leoz y Juan \u00c1ngel Napout.<br \/>\n\u201cFelicitarlo presidente por este nuevo compromiso que asume al frente de la Confederaci\u00f3n Sudamericana de F\u00fatbol. No quiero ser redundante pero en momentos dif\u00edciles, de refundaci\u00f3n del f\u00fatbol sudamericano, en momentos de poca credibilidad, en momentos donde el f\u00fatbol sudamericano estaba pasando en la historia el peor momento, donde los dirigentes a nivel mundial estaban sospechados, es muy dif\u00edcil poder refundar y hay que tener much\u00edsimos valores, pero tambi\u00e9n agallas para tomar decisiones\u201d, expres\u00f3 el presidente de la AFA Claudio Tapia durante el Congreso.<br \/>\n\u201cPrimero para poder lograr administrativamente poner de pie a esta querida Confederaci\u00f3n, despu\u00e9s para enfrentar a quienes de diferentes lugares se quer\u00edan apropiar, o se apropiaron durante mucho tiempo de los recursos, y por sobre todas las cosas del f\u00fatbol sudamericano, de este hermoso deporte\u201d, agreg\u00f3 la m\u00e1xima autoridad del f\u00fatbol argentino, que aport\u00f3 al \u00faltimo campe\u00f3n del mundo con el t\u00edtulo en Catar 2022.<br \/>\n\u201cCuando hablo de apoderar, hablo de apoderar de todo, no solo de derechos, sino tambi\u00e9n de todo lo que enmarca a la credibilidad del f\u00fatbol justo, solidario, equitativo. Hay que tener lo que realmente los hombres decimos muchos huevos, para enfrentarse, poner de pie a la Casa Madre, lograr desde lo administrativo nuevamente credibilidad desde la gesti\u00f3n, engrandecer a todo el f\u00fatbol sudamericano y, por sobre todas las cosas, como tercer paso, en este lapso lograr recuperar diez t\u00edtulos para Sudam\u00e9rica. Sin dudas que cada una de las cosas van de la mano. Por eso es muy bien merecido este nuevo nombramiento al frente de nuestra querida Conmebol\u201d, concluy\u00f3 su discurso Tapia.<br \/>\nEl l\u00edder dirigencial del f\u00fatbol de la regi\u00f3n dej\u00f3 sus primeras palabras tras haber sido respaldado por la totalidad de las asociaciones: \u201cSoy feliz en este lugar, soy feliz trabajando en el f\u00fatbol. Me gusta. Nunca pens\u00e9, pero me toc\u00f3 y esto se los debo a ustedes\u201d.<\/p>\n<p><em>INFOBAE<\/em><\/p>\n","protected":false},"excerpt":{"rendered":"<p>Alejandro Dom\u00ednguez continuar\u00e1 como presidente de la CONMEBOL tras ser reelegido por unanimidad ayer jueves. La m\u00e1xima autoridad del f\u00fatbol de la regi\u00f3n fue el \u00fanico candidato y recibi\u00f3 el respaldo de las diez asociaciones miembro para seguir dirigiendo los destinos de este deporte en Sudam\u00e9rica tambi\u00e9n el per\u00edodo que ir\u00e1 formalmente desde el 2026 [&hellip;]<\/p>\n","protected":false},"author":1,"featured_media":309242,"comment_status":"closed","ping_status":"open","sticky":false,"template":"","format":"standard","meta":{"_acf_changed":false,"footnotes":""},"categories":[6],"tags":[],"class_list":["post-309241","post","type-post","status-publish","format-standard","has-post-thumbnail","category-deportes"],"acf":{"antetitulo":""},"yoast_head":"<!-- This site is optimized with the Yoast SEO plugin v28.4 - https:\/\/yoast.com\/product\/yoast-seo-wordpress\/ -->\n<title>Dom\u00ednguez es reelecto al frente de CONMEBOL hasta el 2031 - El Diario - Bolivia<\/title>\n<meta name=\"robots\" content=\"index, follow, max-snippet:-1, max-image-preview:large, max-video-preview:-1\" \/>\n<link rel=\"canonical\" href=\"https:\/\/www.eldiario.net\/portal\/2025\/06\/13\/dominguez-es-reelecto-al-frente-de-conmebol-hasta-el-2031\/\" \/>\n<meta property=\"og:locale\" content=\"es_ES\" \/>\n<meta property=\"og:type\" content=\"article\" \/>\n<meta property=\"og:title\" content=\"Dom\u00ednguez es reelecto al frente de CONMEBOL hasta el 2031 - El Diario - Bolivia\" \/>\n<meta property=\"og:description\" content=\"Alejandro Dom\u00ednguez continuar\u00e1 como presidente de la CONMEBOL tras ser reelegido por unanimidad ayer jueves. La m\u00e1xima autoridad del f\u00fatbol de la regi\u00f3n fue el \u00fanico candidato y recibi\u00f3 el respaldo de las diez asociaciones miembro para seguir dirigiendo los destinos de este deporte en Sudam\u00e9rica tambi\u00e9n el per\u00edodo que ir\u00e1 formalmente desde el 2026 [&hellip;]\" \/>\n<meta property=\"og:url\" content=\"https:\/\/www.eldiario.net\/portal\/2025\/06\/13\/dominguez-es-reelecto-al-frente-de-conmebol-hasta-el-2031\/\" \/>\n<meta property=\"og:site_name\" content=\"El Diario - Bolivia\" \/>\n<meta property=\"article:publisher\" content=\"https:\/\/www.facebook.com\/eldiario.bolivia\/\" \/>\n<meta property=\"article:published_time\" content=\"2025-06-13T09:26:34+00:00\" \/>\n<meta property=\"og:image\" content=\"https:\/\/www.eldiario.net\/portal\/wp-content\/uploads\/2025\/06\/FOTO-74-1.webp\" \/>\n\t<meta property=\"og:image:width\" content=\"693\" \/>\n\t<meta property=\"og:image:height\" content=\"459\" \/>\n\t<meta property=\"og:image:type\" content=\"image\/webp\" \/>\n<meta name=\"author\" content=\"Jeanette\" \/>\n<meta name=\"twitter:card\" content=\"summary_large_image\" \/>\n<meta name=\"twitter:creator\" content=\"@eldiario_net\" \/>\n<meta name=\"twitter:site\" content=\"@eldiario_net\" \/>\n<meta name=\"twitter:label1\" content=\"Escrito por\" \/>\n\t<meta name=\"twitter:data1\" content=\"Jeanette\" \/>\n\t<meta name=\"twitter:label2\" content=\"Tiempo de lectura\" \/>\n\t<meta name=\"twitter:data2\" content=\"3 minutos\" \/>\n<script type=\"application\/ld+json\" class=\"yoast-schema-graph\">{\"@context\":\"https:\\\/\\\/schema.org\",\"@graph\":[{\"@type\":\"Article\",\"@id\":\"https:\\\/\\\/www.eldiario.net\\\/portal\\\/2025\\\/06\\\/13\\\/dominguez-es-reelecto-al-frente-de-conmebol-hasta-el-2031\\\/#article\",\"isPartOf\":{\"@id\":\"https:\\\/\\\/www.eldiario.net\\\/portal\\\/2025\\\/06\\\/13\\\/dominguez-es-reelecto-al-frente-de-conmebol-hasta-el-2031\\\/\"},\"author\":{\"name\":\"Jeanette\",\"@id\":\"https:\\\/\\\/www.eldiario.net\\\/portal\\\/#\\\/schema\\\/person\\\/f46445640444750d7d753ccd04ae01b7\"},\"headline\":\"Dom\u00ednguez es reelecto al frente de CONMEBOL hasta el 2031\",\"datePublished\":\"2025-06-13T09:26:34+00:00\",\"mainEntityOfPage\":{\"@id\":\"https:\\\/\\\/www.eldiario.net\\\/portal\\\/2025\\\/06\\\/13\\\/dominguez-es-reelecto-al-frente-de-conmebol-hasta-el-2031\\\/\"},\"wordCount\":645,\"publisher\":{\"@id\":\"https:\\\/\\\/www.eldiario.net\\\/portal\\\/#organization\"},\"image\":{\"@id\":\"https:\\\/\\\/www.eldiario.net\\\/portal\\\/2025\\\/06\\\/13\\\/dominguez-es-reelecto-al-frente-de-conmebol-hasta-el-2031\\\/#primaryimage\"},\"thumbnailUrl\":\"https:\\\/\\\/www.eldiario.net\\\/portal\\\/wp-content\\\/uploads\\\/2025\\\/06\\\/FOTO-74-1.webp\",\"articleSection\":[\"Deportes\"],\"inLanguage\":\"es\"},{\"@type\":\"WebPage\",\"@id\":\"https:\\\/\\\/www.eldiario.net\\\/portal\\\/2025\\\/06\\\/13\\\/dominguez-es-reelecto-al-frente-de-conmebol-hasta-el-2031\\\/\",\"url\":\"https:\\\/\\\/www.eldiario.net\\\/portal\\\/2025\\\/06\\\/13\\\/dominguez-es-reelecto-al-frente-de-conmebol-hasta-el-2031\\\/\",\"name\":\"Dom\u00ednguez es reelecto al frente de CONMEBOL hasta el 2031 - El Diario - Bolivia\",\"isPartOf\":{\"@id\":\"https:\\\/\\\/www.eldiario.net\\\/portal\\\/#website\"},\"primaryImageOfPage\":{\"@id\":\"https:\\\/\\\/www.eldiario.net\\\/portal\\\/2025\\\/06\\\/13\\\/dominguez-es-reelecto-al-frente-de-conmebol-hasta-el-2031\\\/#primaryimage\"},\"image\":{\"@id\":\"https:\\\/\\\/www.eldiario.net\\\/portal\\\/2025\\\/06\\\/13\\\/dominguez-es-reelecto-al-frente-de-conmebol-hasta-el-2031\\\/#primaryimage\"},\"thumbnailUrl\":\"https:\\\/\\\/www.eldiario.net\\\/portal\\\/wp-content\\\/uploads\\\/2025\\\/06\\\/FOTO-74-1.webp\",\"datePublished\":\"2025-06-13T09:26:34+00:00\",\"breadcrumb\":{\"@id\":\"https:\\\/\\\/www.eldiario.net\\\/portal\\\/2025\\\/06\\\/13\\\/dominguez-es-reelecto-al-frente-de-conmebol-hasta-el-2031\\\/#breadcrumb\"},\"inLanguage\":\"es\",\"potentialAction\":[{\"@type\":\"ReadAction\",\"target\":[\"https:\\\/\\\/www.eldiario.net\\\/portal\\\/2025\\\/06\\\/13\\\/dominguez-es-reelecto-al-frente-de-conmebol-hasta-el-2031\\\/\"]}]},{\"@type\":\"ImageObject\",\"inLanguage\":\"es\",\"@id\":\"https:\\\/\\\/www.eldiario.net\\\/portal\\\/2025\\\/06\\\/13\\\/dominguez-es-reelecto-al-frente-de-conmebol-hasta-el-2031\\\/#primaryimage\",\"url\":\"https:\\\/\\\/www.eldiario.net\\\/portal\\\/wp-content\\\/uploads\\\/2025\\\/06\\\/FOTO-74-1.webp\",\"contentUrl\":\"https:\\\/\\\/www.eldiario.net\\\/portal\\\/wp-content\\\/uploads\\\/2025\\\/06\\\/FOTO-74-1.webp\",\"width\":693,\"height\":459},{\"@type\":\"BreadcrumbList\",\"@id\":\"https:\\\/\\\/www.eldiario.net\\\/portal\\\/2025\\\/06\\\/13\\\/dominguez-es-reelecto-al-frente-de-conmebol-hasta-el-2031\\\/#breadcrumb\",\"itemListElement\":[{\"@type\":\"ListItem\",\"position\":1,\"name\":\"Portada\",\"item\":\"https:\\\/\\\/www.eldiario.net\\\/portal\\\/\"},{\"@type\":\"ListItem\",\"position\":2,\"name\":\"Dom\u00ednguez es reelecto al frente de CONMEBOL hasta el 2031\"}]},{\"@type\":\"WebSite\",\"@id\":\"https:\\\/\\\/www.eldiario.net\\\/portal\\\/#website\",\"url\":\"https:\\\/\\\/www.eldiario.net\\\/portal\\\/\",\"name\":\"El Diario - Decano de la prensa nacional\",\"description\":\"El Diario - Decano de la prensa nacional\",\"publisher\":{\"@id\":\"https:\\\/\\\/www.eldiario.net\\\/portal\\\/#organization\"},\"potentialAction\":[{\"@type\":\"SearchAction\",\"target\":{\"@type\":\"EntryPoint\",\"urlTemplate\":\"https:\\\/\\\/www.eldiario.net\\\/portal\\\/?s={search_term_string}\"},\"query-input\":{\"@type\":\"PropertyValueSpecification\",\"valueRequired\":true,\"valueName\":\"search_term_string\"}}],\"inLanguage\":\"es\"},{\"@type\":\"Organization\",\"@id\":\"https:\\\/\\\/www.eldiario.net\\\/portal\\\/#organization\",\"name\":\"El Diario - Decano de la prensa nacional\",\"url\":\"https:\\\/\\\/www.eldiario.net\\\/portal\\\/\",\"logo\":{\"@type\":\"ImageObject\",\"inLanguage\":\"es\",\"@id\":\"https:\\\/\\\/www.eldiario.net\\\/portal\\\/#\\\/schema\\\/logo\\\/image\\\/\",\"url\":\"https:\\\/\\\/www.eldiario.net\\\/portal\\\/wp-content\\\/uploads\\\/2023\\\/07\\\/logo_ED.jpg\",\"contentUrl\":\"https:\\\/\\\/www.eldiario.net\\\/portal\\\/wp-content\\\/uploads\\\/2023\\\/07\\\/logo_ED.jpg\",\"width\":272,\"height\":52,\"caption\":\"El Diario - Decano de la prensa nacional\"},\"image\":{\"@id\":\"https:\\\/\\\/www.eldiario.net\\\/portal\\\/#\\\/schema\\\/logo\\\/image\\\/\"},\"sameAs\":[\"https:\\\/\\\/www.facebook.com\\\/eldiario.bolivia\\\/\",\"https:\\\/\\\/x.com\\\/eldiario_net\"]},{\"@type\":\"Person\",\"@id\":\"https:\\\/\\\/www.eldiario.net\\\/portal\\\/#\\\/schema\\\/person\\\/f46445640444750d7d753ccd04ae01b7\",\"name\":\"Jeanette\",\"image\":{\"@type\":\"ImageObject\",\"inLanguage\":\"es\",\"@id\":\"https:\\\/\\\/secure.gravatar.com\\\/avatar\\\/3ea2118a5f7dad2b7138b1187a6b7ee55f160b9968b66013c3a3ef39dd7e5798?s=96&d=mm&r=g\",\"url\":\"https:\\\/\\\/secure.gravatar.com\\\/avatar\\\/3ea2118a5f7dad2b7138b1187a6b7ee55f160b9968b66013c3a3ef39dd7e5798?s=96&d=mm&r=g\",\"contentUrl\":\"https:\\\/\\\/secure.gravatar.com\\\/avatar\\\/3ea2118a5f7dad2b7138b1187a6b7ee55f160b9968b66013c3a3ef39dd7e5798?s=96&d=mm&r=g\",\"caption\":\"Jeanette\"},\"sameAs\":[\"https:\\\/\\\/www.eldiario.net\\\/portal\"],\"url\":\"https:\\\/\\\/www.eldiario.net\\\/portal\\\/author\\\/jeanette\\\/\"}]}<\/script>\n<!-- \/ Yoast SEO plugin. -->","yoast_head_json":{"title":"Dom\u00ednguez es reelecto al frente de CONMEBOL hasta el 2031 - El Diario - Bolivia","robots":{"index":"index","follow":"follow","max-snippet":"max-snippet:-1","max-image-preview":"max-image-preview:large","max-video-preview":"max-video-preview:-1"},"canonical":"https:\/\/www.eldiario.net\/portal\/2025\/06\/13\/dominguez-es-reelecto-al-frente-de-conmebol-hasta-el-2031\/","og_locale":"es_ES","og_type":"article","og_title":"Dom\u00ednguez es reelecto al frente de CONMEBOL hasta el 2031 - El Diario - Bolivia","og_description":"Alejandro Dom\u00ednguez continuar\u00e1 como presidente de la CONMEBOL tras ser reelegido por unanimidad ayer jueves. La m\u00e1xima autoridad del f\u00fatbol de la regi\u00f3n fue el \u00fanico candidato y recibi\u00f3 el respaldo de las diez asociaciones miembro para seguir dirigiendo los destinos de este deporte en Sudam\u00e9rica tambi\u00e9n el per\u00edodo que ir\u00e1 formalmente desde el 2026 [&hellip;]","og_url":"https:\/\/www.eldiario.net\/portal\/2025\/06\/13\/dominguez-es-reelecto-al-frente-de-conmebol-hasta-el-2031\/","og_site_name":"El Diario - Bolivia","article_publisher":"https:\/\/www.facebook.com\/eldiario.bolivia\/","article_published_time":"2025-06-13T09:26:34+00:00","og_image":[{"width":693,"height":459,"url":"https:\/\/www.eldiario.net\/portal\/wp-content\/uploads\/2025\/06\/FOTO-74-1.webp","type":"image\/webp"}],"author":"Jeanette","twitter_card":"summary_large_image","twitter_creator":"@eldiario_net","twitter_site":"@eldiario_net","twitter_misc":{"Escrito por":"Jeanette","Tiempo de lectura":"3 minutos"},"schema":{"@context":"https:\/\/schema.org","@graph":[{"@type":"Article","@id":"https:\/\/www.eldiario.net\/portal\/2025\/06\/13\/dominguez-es-reelecto-al-frente-de-conmebol-hasta-el-2031\/#article","isPartOf":{"@id":"https:\/\/www.eldiario.net\/portal\/2025\/06\/13\/dominguez-es-reelecto-al-frente-de-conmebol-hasta-el-2031\/"},"author":{"name":"Jeanette","@id":"https:\/\/www.eldiario.net\/portal\/#\/schema\/person\/f46445640444750d7d753ccd04ae01b7"},"headline":"Dom\u00ednguez es reelecto al frente de CONMEBOL hasta el 2031","datePublished":"2025-06-13T09:26:34+00:00","mainEntityOfPage":{"@id":"https:\/\/www.eldiario.net\/portal\/2025\/06\/13\/dominguez-es-reelecto-al-frente-de-conmebol-hasta-el-2031\/"},"wordCount":645,"publisher":{"@id":"https:\/\/www.eldiario.net\/portal\/#organization"},"image":{"@id":"https:\/\/www.eldiario.net\/portal\/2025\/06\/13\/dominguez-es-reelecto-al-frente-de-conmebol-hasta-el-2031\/#primaryimage"},"thumbnailUrl":"https:\/\/www.eldiario.net\/portal\/wp-content\/uploads\/2025\/06\/FOTO-74-1.webp","articleSection":["Deportes"],"inLanguage":"es"},{"@type":"WebPage","@id":"https:\/\/www.eldiario.net\/portal\/2025\/06\/13\/dominguez-es-reelecto-al-frente-de-conmebol-hasta-el-2031\/","url":"https:\/\/www.eldiario.net\/portal\/2025\/06\/13\/dominguez-es-reelecto-al-frente-de-conmebol-hasta-el-2031\/","name":"Dom\u00ednguez es reelecto al frente de CONMEBOL hasta el 2031 - El Diario - Bolivia","isPartOf":{"@id":"https:\/\/www.eldiario.net\/portal\/#website"},"primaryImageOfPage":{"@id":"https:\/\/www.eldiario.net\/portal\/2025\/06\/13\/dominguez-es-reelecto-al-frente-de-conmebol-hasta-el-2031\/#primaryimage"},"image":{"@id":"https:\/\/www.eldiario.net\/portal\/2025\/06\/13\/dominguez-es-reelecto-al-frente-de-conmebol-hasta-el-2031\/#primaryimage"},"thumbnailUrl":"https:\/\/www.eldiario.net\/portal\/wp-content\/uploads\/2025\/06\/FOTO-74-1.webp","datePublished":"2025-06-13T09:26:34+00:00","breadcrumb":{"@id":"https:\/\/www.eldiario.net\/portal\/2025\/06\/13\/dominguez-es-reelecto-al-frente-de-conmebol-hasta-el-2031\/#breadcrumb"},"inLanguage":"es","potentialAction":[{"@type":"ReadAction","target":["https:\/\/www.eldiario.net\/portal\/2025\/06\/13\/dominguez-es-reelecto-al-frente-de-conmebol-hasta-el-2031\/"]}]},{"@type":"ImageObject","inLanguage":"es","@id":"https:\/\/www.eldiario.net\/portal\/2025\/06\/13\/dominguez-es-reelecto-al-frente-de-conmebol-hasta-el-2031\/#primaryimage","url":"https:\/\/www.eldiario.net\/portal\/wp-content\/uploads\/2025\/06\/FOTO-74-1.webp","contentUrl":"https:\/\/www.eldiario.net\/portal\/wp-content\/uploads\/2025\/06\/FOTO-74-1.webp","width":693,"height":459},{"@type":"BreadcrumbList","@id":"https:\/\/www.eldiario.net\/portal\/2025\/06\/13\/dominguez-es-reelecto-al-frente-de-conmebol-hasta-el-2031\/#breadcrumb","itemListElement":[{"@type":"ListItem","position":1,"name":"Portada","item":"https:\/\/www.eldiario.net\/portal\/"},{"@type":"ListItem","position":2,"name":"Dom\u00ednguez es reelecto al frente de CONMEBOL hasta el 2031"}]},{"@type":"WebSite","@id":"https:\/\/www.eldiario.net\/portal\/#website","url":"https:\/\/www.eldiario.net\/portal\/","name":"El Diario - Decano de la prensa nacional","description":"El Diario - Decano de la prensa nacional","publisher":{"@id":"https:\/\/www.eldiario.net\/portal\/#organization"},"potentialAction":[{"@type":"SearchAction","target":{"@type":"EntryPoint","urlTemplate":"https:\/\/www.eldiario.net\/portal\/?s={search_term_string}"},"query-input":{"@type":"PropertyValueSpecification","valueRequired":true,"valueName":"search_term_string"}}],"inLanguage":"es"},{"@type":"Organization","@id":"https:\/\/www.eldiario.net\/portal\/#organization","name":"El Diario - Decano de la prensa nacional","url":"https:\/\/www.eldiario.net\/portal\/","logo":{"@type":"ImageObject","inLanguage":"es","@id":"https:\/\/www.eldiario.net\/portal\/#\/schema\/logo\/image\/","url":"https:\/\/www.eldiario.net\/portal\/wp-content\/uploads\/2023\/07\/logo_ED.jpg","contentUrl":"https:\/\/www.eldiario.net\/portal\/wp-content\/uploads\/2023\/07\/logo_ED.jpg","width":272,"height":52,"caption":"El Diario - Decano de la prensa nacional"},"image":{"@id":"https:\/\/www.eldiario.net\/portal\/#\/schema\/logo\/image\/"},"sameAs":["https:\/\/www.facebook.com\/eldiario.bolivia\/","https:\/\/x.com\/eldiario_net"]},{"@type":"Person","@id":"https:\/\/www.eldiario.net\/portal\/#\/schema\/person\/f46445640444750d7d753ccd04ae01b7","name":"Jeanette","image":{"@type":"ImageObject","inLanguage":"es","@id":"https:\/\/secure.gravatar.com\/avatar\/3ea2118a5f7dad2b7138b1187a6b7ee55f160b9968b66013c3a3ef39dd7e5798?s=96&d=mm&r=g","url":"https:\/\/secure.gravatar.com\/avatar\/3ea2118a5f7dad2b7138b1187a6b7ee55f160b9968b66013c3a3ef39dd7e5798?s=96&d=mm&r=g","contentUrl":"https:\/\/secure.gravatar.com\/avatar\/3ea2118a5f7dad2b7138b1187a6b7ee55f160b9968b66013c3a3ef39dd7e5798?s=96&d=mm&r=g","caption":"Jeanette"},"sameAs":["https:\/\/www.eldiario.net\/portal"],"url":"https:\/\/www.eldiario.net\/portal\/author\/jeanette\/"}]}},"_links":{"self":[{"href":"https:\/\/www.eldiario.net\/portal\/wp-json\/wp\/v2\/posts\/309241","targetHints":{"allow":["GET"]}}],"collection":[{"href":"https:\/\/www.eldiario.net\/portal\/wp-json\/wp\/v2\/posts"}],"about":[{"href":"https:\/\/www.eldiario.net\/portal\/wp-json\/wp\/v2\/types\/post"}],"author":[{"embeddable":true,"href":"https:\/\/www.eldiario.net\/portal\/wp-json\/wp\/v2\/users\/1"}],"replies":[{"embeddable":true,"href":"https:\/\/www.eldiario.net\/portal\/wp-json\/wp\/v2\/comments?post=309241"}],"version-history":[{"count":1,"href":"https:\/\/www.eldiario.net\/portal\/wp-json\/wp\/v2\/posts\/309241\/revisions"}],"predecessor-version":[{"id":309243,"href":"https:\/\/www.eldiario.net\/portal\/wp-json\/wp\/v2\/posts\/309241\/revisions\/309243"}],"wp:featuredmedia":[{"embeddable":true,"href":"https:\/\/www.eldiario.net\/portal\/wp-json\/wp\/v2\/media\/309242"}],"wp:attachment":[{"href":"https:\/\/www.eldiario.net\/portal\/wp-json\/wp\/v2\/media?parent=309241"}],"wp:term":[{"taxonomy":"category","embeddable":true,"href":"https:\/\/www.eldiario.net\/portal\/wp-json\/wp\/v2\/categories?post=309241"},{"taxonomy":"post_tag","embeddable":true,"href":"https:\/\/www.eldiario.net\/portal\/wp-json\/wp\/v2\/tags?post=309241"}],"curies":[{"name":"wp","href":"https:\/\/api.w.org\/{rel}","templated":true}]}}