{"id":309217,"date":"2025-06-12T19:17:20","date_gmt":"2025-06-12T23:17:20","guid":{"rendered":"https:\/\/www.eldiario.net\/portal\/?p=309217"},"modified":"2025-06-12T19:21:16","modified_gmt":"2025-06-12T23:21:16","slug":"los-angeles-a-rastras-y-esposado-fue-sacado-senador-estadounidense-1918","status":"publish","type":"post","link":"https:\/\/www.eldiario.net\/portal\/2025\/06\/12\/los-angeles-a-rastras-y-esposado-fue-sacado-senador-estadounidense-1918\/","title":{"rendered":"Los \u00c1ngeles: A rastras y esposado fue sacado senador estadounidense. (19:18)"},"content":{"rendered":"<p>En medio de una tensa conferencia de prensa sobre redadas migratorias en Los \u00c1ngeles, el senador Alex Padilla fue sacado a rastras y esposado por agentes del FBI tras intentar interrogar a la secretaria de Seguridad Nacional, Kristi Noem.<\/p>\n<p>Seg\u00fan el Departamento de Seguridad Nacional, Padilla no se identific\u00f3 ni portaba su credencial, lo que llev\u00f3 al Servicio Secreto a considerarlo una amenaza.<\/p>\n<p>La reacci\u00f3n pol\u00edtica no se hizo esperar: l\u00edderes dem\u00f3cratas como Gavin Newsom, Kamala Harris y Karen Bass denunciaron el hecho como un grave abuso de poder.<\/p>\n<p>Mientras tanto, Noem calific\u00f3 el accionar del senador como \u201cinapropiado\u201d y sostuvo una reuni\u00f3n posterior con \u00e9l. El incidente ha generado una ola de indignaci\u00f3n y reaviva el debate sobre el uso de la fuerza y la transparencia federal. (RT y Agencias)<\/p>\n","protected":false},"excerpt":{"rendered":"<p>En medio de una tensa conferencia de prensa sobre redadas migratorias en Los \u00c1ngeles, el senador Alex Padilla fue sacado a rastras y esposado por agentes del FBI tras intentar interrogar a la secretaria de Seguridad Nacional, Kristi Noem. Seg\u00fan el Departamento de Seguridad Nacional, Padilla no se identific\u00f3 ni portaba su credencial, lo que [&hellip;]<\/p>\n","protected":false},"author":7,"featured_media":309218,"comment_status":"closed","ping_status":"open","sticky":false,"template":"","format":"standard","meta":{"_acf_changed":false,"footnotes":""},"categories":[51],"tags":[],"class_list":["post-309217","post","type-post","status-publish","format-standard","has-post-thumbnail","category-ultima-hora"],"acf":{"antetitulo":""},"yoast_head":"<!-- This site is optimized with the Yoast SEO plugin v28.4 - https:\/\/yoast.com\/product\/yoast-seo-wordpress\/ -->\n<title>Los \u00c1ngeles: A rastras y esposado fue sacado senador estadounidense. (19:18) - El Diario - Bolivia<\/title>\n<meta name=\"robots\" content=\"index, follow, max-snippet:-1, max-image-preview:large, max-video-preview:-1\" \/>\n<link rel=\"canonical\" href=\"https:\/\/www.eldiario.net\/portal\/2025\/06\/12\/los-angeles-a-rastras-y-esposado-fue-sacado-senador-estadounidense-1918\/\" \/>\n<meta property=\"og:locale\" content=\"es_ES\" \/>\n<meta property=\"og:type\" content=\"article\" \/>\n<meta property=\"og:title\" content=\"Los \u00c1ngeles: A rastras y esposado fue sacado senador estadounidense. (19:18) - El Diario - Bolivia\" \/>\n<meta property=\"og:description\" content=\"En medio de una tensa conferencia de prensa sobre redadas migratorias en Los \u00c1ngeles, el senador Alex Padilla fue sacado a rastras y esposado por agentes del FBI tras intentar interrogar a la secretaria de Seguridad Nacional, Kristi Noem. Seg\u00fan el Departamento de Seguridad Nacional, Padilla no se identific\u00f3 ni portaba su credencial, lo que [&hellip;]\" \/>\n<meta property=\"og:url\" content=\"https:\/\/www.eldiario.net\/portal\/2025\/06\/12\/los-angeles-a-rastras-y-esposado-fue-sacado-senador-estadounidense-1918\/\" \/>\n<meta property=\"og:site_name\" content=\"El Diario - Bolivia\" \/>\n<meta property=\"article:publisher\" content=\"https:\/\/www.facebook.com\/eldiario.bolivia\/\" \/>\n<meta property=\"article:published_time\" content=\"2025-06-12T23:17:20+00:00\" \/>\n<meta property=\"article:modified_time\" content=\"2025-06-12T23:21:16+00:00\" \/>\n<meta property=\"og:image\" content=\"https:\/\/www.eldiario.net\/portal\/wp-content\/uploads\/2025\/06\/senador-2-e1749770214656.png\" \/>\n\t<meta property=\"og:image:width\" content=\"300\" \/>\n\t<meta property=\"og:image:height\" content=\"281\" \/>\n\t<meta property=\"og:image:type\" content=\"image\/png\" \/>\n<meta name=\"author\" content=\"Viviana Monrroy\" \/>\n<meta name=\"twitter:card\" content=\"summary_large_image\" \/>\n<meta name=\"twitter:creator\" content=\"@eldiario_net\" \/>\n<meta name=\"twitter:site\" content=\"@eldiario_net\" \/>\n<meta name=\"twitter:label1\" content=\"Escrito por\" \/>\n\t<meta name=\"twitter:data1\" content=\"Viviana Monrroy\" \/>\n\t<meta name=\"twitter:label2\" content=\"Tiempo de lectura\" \/>\n\t<meta name=\"twitter:data2\" content=\"1 minuto\" \/>\n<script type=\"application\/ld+json\" class=\"yoast-schema-graph\">{\"@context\":\"https:\\\/\\\/schema.org\",\"@graph\":[{\"@type\":\"Article\",\"@id\":\"https:\\\/\\\/www.eldiario.net\\\/portal\\\/2025\\\/06\\\/12\\\/los-angeles-a-rastras-y-esposado-fue-sacado-senador-estadounidense-1918\\\/#article\",\"isPartOf\":{\"@id\":\"https:\\\/\\\/www.eldiario.net\\\/portal\\\/2025\\\/06\\\/12\\\/los-angeles-a-rastras-y-esposado-fue-sacado-senador-estadounidense-1918\\\/\"},\"author\":{\"name\":\"Viviana Monrroy\",\"@id\":\"https:\\\/\\\/www.eldiario.net\\\/portal\\\/#\\\/schema\\\/person\\\/ba370d92d160f4d3574381f6d9b78fab\"},\"headline\":\"Los \u00c1ngeles: A rastras y esposado fue sacado senador estadounidense. (19:18)\",\"datePublished\":\"2025-06-12T23:17:20+00:00\",\"dateModified\":\"2025-06-12T23:21:16+00:00\",\"mainEntityOfPage\":{\"@id\":\"https:\\\/\\\/www.eldiario.net\\\/portal\\\/2025\\\/06\\\/12\\\/los-angeles-a-rastras-y-esposado-fue-sacado-senador-estadounidense-1918\\\/\"},\"wordCount\":148,\"publisher\":{\"@id\":\"https:\\\/\\\/www.eldiario.net\\\/portal\\\/#organization\"},\"image\":{\"@id\":\"https:\\\/\\\/www.eldiario.net\\\/portal\\\/2025\\\/06\\\/12\\\/los-angeles-a-rastras-y-esposado-fue-sacado-senador-estadounidense-1918\\\/#primaryimage\"},\"thumbnailUrl\":\"https:\\\/\\\/www.eldiario.net\\\/portal\\\/wp-content\\\/uploads\\\/2025\\\/06\\\/senador-2-e1749770214656.png\",\"articleSection\":[\"\u00daltima Hora\"],\"inLanguage\":\"es\"},{\"@type\":\"WebPage\",\"@id\":\"https:\\\/\\\/www.eldiario.net\\\/portal\\\/2025\\\/06\\\/12\\\/los-angeles-a-rastras-y-esposado-fue-sacado-senador-estadounidense-1918\\\/\",\"url\":\"https:\\\/\\\/www.eldiario.net\\\/portal\\\/2025\\\/06\\\/12\\\/los-angeles-a-rastras-y-esposado-fue-sacado-senador-estadounidense-1918\\\/\",\"name\":\"Los \u00c1ngeles: A rastras y esposado fue sacado senador estadounidense. (19:18) - El Diario - Bolivia\",\"isPartOf\":{\"@id\":\"https:\\\/\\\/www.eldiario.net\\\/portal\\\/#website\"},\"primaryImageOfPage\":{\"@id\":\"https:\\\/\\\/www.eldiario.net\\\/portal\\\/2025\\\/06\\\/12\\\/los-angeles-a-rastras-y-esposado-fue-sacado-senador-estadounidense-1918\\\/#primaryimage\"},\"image\":{\"@id\":\"https:\\\/\\\/www.eldiario.net\\\/portal\\\/2025\\\/06\\\/12\\\/los-angeles-a-rastras-y-esposado-fue-sacado-senador-estadounidense-1918\\\/#primaryimage\"},\"thumbnailUrl\":\"https:\\\/\\\/www.eldiario.net\\\/portal\\\/wp-content\\\/uploads\\\/2025\\\/06\\\/senador-2-e1749770214656.png\",\"datePublished\":\"2025-06-12T23:17:20+00:00\",\"dateModified\":\"2025-06-12T23:21:16+00:00\",\"breadcrumb\":{\"@id\":\"https:\\\/\\\/www.eldiario.net\\\/portal\\\/2025\\\/06\\\/12\\\/los-angeles-a-rastras-y-esposado-fue-sacado-senador-estadounidense-1918\\\/#breadcrumb\"},\"inLanguage\":\"es\",\"potentialAction\":[{\"@type\":\"ReadAction\",\"target\":[\"https:\\\/\\\/www.eldiario.net\\\/portal\\\/2025\\\/06\\\/12\\\/los-angeles-a-rastras-y-esposado-fue-sacado-senador-estadounidense-1918\\\/\"]}]},{\"@type\":\"ImageObject\",\"inLanguage\":\"es\",\"@id\":\"https:\\\/\\\/www.eldiario.net\\\/portal\\\/2025\\\/06\\\/12\\\/los-angeles-a-rastras-y-esposado-fue-sacado-senador-estadounidense-1918\\\/#primaryimage\",\"url\":\"https:\\\/\\\/www.eldiario.net\\\/portal\\\/wp-content\\\/uploads\\\/2025\\\/06\\\/senador-2-e1749770214656.png\",\"contentUrl\":\"https:\\\/\\\/www.eldiario.net\\\/portal\\\/wp-content\\\/uploads\\\/2025\\\/06\\\/senador-2-e1749770214656.png\",\"width\":300,\"height\":281,\"caption\":\"Foto: RR.SS.\"},{\"@type\":\"BreadcrumbList\",\"@id\":\"https:\\\/\\\/www.eldiario.net\\\/portal\\\/2025\\\/06\\\/12\\\/los-angeles-a-rastras-y-esposado-fue-sacado-senador-estadounidense-1918\\\/#breadcrumb\",\"itemListElement\":[{\"@type\":\"ListItem\",\"position\":1,\"name\":\"Portada\",\"item\":\"https:\\\/\\\/www.eldiario.net\\\/portal\\\/\"},{\"@type\":\"ListItem\",\"position\":2,\"name\":\"Los \u00c1ngeles: A rastras y esposado fue sacado senador estadounidense. (19:18)\"}]},{\"@type\":\"WebSite\",\"@id\":\"https:\\\/\\\/www.eldiario.net\\\/portal\\\/#website\",\"url\":\"https:\\\/\\\/www.eldiario.net\\\/portal\\\/\",\"name\":\"El Diario - Decano de la prensa nacional\",\"description\":\"El Diario - Decano de la prensa nacional\",\"publisher\":{\"@id\":\"https:\\\/\\\/www.eldiario.net\\\/portal\\\/#organization\"},\"potentialAction\":[{\"@type\":\"SearchAction\",\"target\":{\"@type\":\"EntryPoint\",\"urlTemplate\":\"https:\\\/\\\/www.eldiario.net\\\/portal\\\/?s={search_term_string}\"},\"query-input\":{\"@type\":\"PropertyValueSpecification\",\"valueRequired\":true,\"valueName\":\"search_term_string\"}}],\"inLanguage\":\"es\"},{\"@type\":\"Organization\",\"@id\":\"https:\\\/\\\/www.eldiario.net\\\/portal\\\/#organization\",\"name\":\"El Diario - Decano de la prensa nacional\",\"url\":\"https:\\\/\\\/www.eldiario.net\\\/portal\\\/\",\"logo\":{\"@type\":\"ImageObject\",\"inLanguage\":\"es\",\"@id\":\"https:\\\/\\\/www.eldiario.net\\\/portal\\\/#\\\/schema\\\/logo\\\/image\\\/\",\"url\":\"https:\\\/\\\/www.eldiario.net\\\/portal\\\/wp-content\\\/uploads\\\/2023\\\/07\\\/logo_ED.jpg\",\"contentUrl\":\"https:\\\/\\\/www.eldiario.net\\\/portal\\\/wp-content\\\/uploads\\\/2023\\\/07\\\/logo_ED.jpg\",\"width\":272,\"height\":52,\"caption\":\"El Diario - Decano de la prensa nacional\"},\"image\":{\"@id\":\"https:\\\/\\\/www.eldiario.net\\\/portal\\\/#\\\/schema\\\/logo\\\/image\\\/\"},\"sameAs\":[\"https:\\\/\\\/www.facebook.com\\\/eldiario.bolivia\\\/\",\"https:\\\/\\\/x.com\\\/eldiario_net\"]},{\"@type\":\"Person\",\"@id\":\"https:\\\/\\\/www.eldiario.net\\\/portal\\\/#\\\/schema\\\/person\\\/ba370d92d160f4d3574381f6d9b78fab\",\"name\":\"Viviana Monrroy\",\"image\":{\"@type\":\"ImageObject\",\"inLanguage\":\"es\",\"@id\":\"https:\\\/\\\/secure.gravatar.com\\\/avatar\\\/dfd1611ed5600959a0e5a9754503b6c05d1dcf190010998e0363aee2ad98afca?s=96&d=mm&r=g\",\"url\":\"https:\\\/\\\/secure.gravatar.com\\\/avatar\\\/dfd1611ed5600959a0e5a9754503b6c05d1dcf190010998e0363aee2ad98afca?s=96&d=mm&r=g\",\"contentUrl\":\"https:\\\/\\\/secure.gravatar.com\\\/avatar\\\/dfd1611ed5600959a0e5a9754503b6c05d1dcf190010998e0363aee2ad98afca?s=96&d=mm&r=g\",\"caption\":\"Viviana Monrroy\"},\"sameAs\":[\"http:\\\/\\\/www.eldiario.net\"],\"url\":\"https:\\\/\\\/www.eldiario.net\\\/portal\\\/author\\\/vivianamonrroy\\\/\"}]}<\/script>\n<!-- \/ Yoast SEO plugin. -->","yoast_head_json":{"title":"Los \u00c1ngeles: A rastras y esposado fue sacado senador estadounidense. (19:18) - El Diario - Bolivia","robots":{"index":"index","follow":"follow","max-snippet":"max-snippet:-1","max-image-preview":"max-image-preview:large","max-video-preview":"max-video-preview:-1"},"canonical":"https:\/\/www.eldiario.net\/portal\/2025\/06\/12\/los-angeles-a-rastras-y-esposado-fue-sacado-senador-estadounidense-1918\/","og_locale":"es_ES","og_type":"article","og_title":"Los \u00c1ngeles: A rastras y esposado fue sacado senador estadounidense. (19:18) - El Diario - Bolivia","og_description":"En medio de una tensa conferencia de prensa sobre redadas migratorias en Los \u00c1ngeles, el senador Alex Padilla fue sacado a rastras y esposado por agentes del FBI tras intentar interrogar a la secretaria de Seguridad Nacional, Kristi Noem. Seg\u00fan el Departamento de Seguridad Nacional, Padilla no se identific\u00f3 ni portaba su credencial, lo que [&hellip;]","og_url":"https:\/\/www.eldiario.net\/portal\/2025\/06\/12\/los-angeles-a-rastras-y-esposado-fue-sacado-senador-estadounidense-1918\/","og_site_name":"El Diario - Bolivia","article_publisher":"https:\/\/www.facebook.com\/eldiario.bolivia\/","article_published_time":"2025-06-12T23:17:20+00:00","article_modified_time":"2025-06-12T23:21:16+00:00","og_image":[{"width":300,"height":281,"url":"https:\/\/www.eldiario.net\/portal\/wp-content\/uploads\/2025\/06\/senador-2-e1749770214656.png","type":"image\/png"}],"author":"Viviana Monrroy","twitter_card":"summary_large_image","twitter_creator":"@eldiario_net","twitter_site":"@eldiario_net","twitter_misc":{"Escrito por":"Viviana Monrroy","Tiempo de lectura":"1 minuto"},"schema":{"@context":"https:\/\/schema.org","@graph":[{"@type":"Article","@id":"https:\/\/www.eldiario.net\/portal\/2025\/06\/12\/los-angeles-a-rastras-y-esposado-fue-sacado-senador-estadounidense-1918\/#article","isPartOf":{"@id":"https:\/\/www.eldiario.net\/portal\/2025\/06\/12\/los-angeles-a-rastras-y-esposado-fue-sacado-senador-estadounidense-1918\/"},"author":{"name":"Viviana Monrroy","@id":"https:\/\/www.eldiario.net\/portal\/#\/schema\/person\/ba370d92d160f4d3574381f6d9b78fab"},"headline":"Los \u00c1ngeles: A rastras y esposado fue sacado senador estadounidense. (19:18)","datePublished":"2025-06-12T23:17:20+00:00","dateModified":"2025-06-12T23:21:16+00:00","mainEntityOfPage":{"@id":"https:\/\/www.eldiario.net\/portal\/2025\/06\/12\/los-angeles-a-rastras-y-esposado-fue-sacado-senador-estadounidense-1918\/"},"wordCount":148,"publisher":{"@id":"https:\/\/www.eldiario.net\/portal\/#organization"},"image":{"@id":"https:\/\/www.eldiario.net\/portal\/2025\/06\/12\/los-angeles-a-rastras-y-esposado-fue-sacado-senador-estadounidense-1918\/#primaryimage"},"thumbnailUrl":"https:\/\/www.eldiario.net\/portal\/wp-content\/uploads\/2025\/06\/senador-2-e1749770214656.png","articleSection":["\u00daltima Hora"],"inLanguage":"es"},{"@type":"WebPage","@id":"https:\/\/www.eldiario.net\/portal\/2025\/06\/12\/los-angeles-a-rastras-y-esposado-fue-sacado-senador-estadounidense-1918\/","url":"https:\/\/www.eldiario.net\/portal\/2025\/06\/12\/los-angeles-a-rastras-y-esposado-fue-sacado-senador-estadounidense-1918\/","name":"Los \u00c1ngeles: A rastras y esposado fue sacado senador estadounidense. (19:18) - El Diario - Bolivia","isPartOf":{"@id":"https:\/\/www.eldiario.net\/portal\/#website"},"primaryImageOfPage":{"@id":"https:\/\/www.eldiario.net\/portal\/2025\/06\/12\/los-angeles-a-rastras-y-esposado-fue-sacado-senador-estadounidense-1918\/#primaryimage"},"image":{"@id":"https:\/\/www.eldiario.net\/portal\/2025\/06\/12\/los-angeles-a-rastras-y-esposado-fue-sacado-senador-estadounidense-1918\/#primaryimage"},"thumbnailUrl":"https:\/\/www.eldiario.net\/portal\/wp-content\/uploads\/2025\/06\/senador-2-e1749770214656.png","datePublished":"2025-06-12T23:17:20+00:00","dateModified":"2025-06-12T23:21:16+00:00","breadcrumb":{"@id":"https:\/\/www.eldiario.net\/portal\/2025\/06\/12\/los-angeles-a-rastras-y-esposado-fue-sacado-senador-estadounidense-1918\/#breadcrumb"},"inLanguage":"es","potentialAction":[{"@type":"ReadAction","target":["https:\/\/www.eldiario.net\/portal\/2025\/06\/12\/los-angeles-a-rastras-y-esposado-fue-sacado-senador-estadounidense-1918\/"]}]},{"@type":"ImageObject","inLanguage":"es","@id":"https:\/\/www.eldiario.net\/portal\/2025\/06\/12\/los-angeles-a-rastras-y-esposado-fue-sacado-senador-estadounidense-1918\/#primaryimage","url":"https:\/\/www.eldiario.net\/portal\/wp-content\/uploads\/2025\/06\/senador-2-e1749770214656.png","contentUrl":"https:\/\/www.eldiario.net\/portal\/wp-content\/uploads\/2025\/06\/senador-2-e1749770214656.png","width":300,"height":281,"caption":"Foto: RR.SS."},{"@type":"BreadcrumbList","@id":"https:\/\/www.eldiario.net\/portal\/2025\/06\/12\/los-angeles-a-rastras-y-esposado-fue-sacado-senador-estadounidense-1918\/#breadcrumb","itemListElement":[{"@type":"ListItem","position":1,"name":"Portada","item":"https:\/\/www.eldiario.net\/portal\/"},{"@type":"ListItem","position":2,"name":"Los \u00c1ngeles: A rastras y esposado fue sacado senador estadounidense. (19:18)"}]},{"@type":"WebSite","@id":"https:\/\/www.eldiario.net\/portal\/#website","url":"https:\/\/www.eldiario.net\/portal\/","name":"El Diario - Decano de la prensa nacional","description":"El Diario - Decano de la prensa nacional","publisher":{"@id":"https:\/\/www.eldiario.net\/portal\/#organization"},"potentialAction":[{"@type":"SearchAction","target":{"@type":"EntryPoint","urlTemplate":"https:\/\/www.eldiario.net\/portal\/?s={search_term_string}"},"query-input":{"@type":"PropertyValueSpecification","valueRequired":true,"valueName":"search_term_string"}}],"inLanguage":"es"},{"@type":"Organization","@id":"https:\/\/www.eldiario.net\/portal\/#organization","name":"El Diario - Decano de la prensa nacional","url":"https:\/\/www.eldiario.net\/portal\/","logo":{"@type":"ImageObject","inLanguage":"es","@id":"https:\/\/www.eldiario.net\/portal\/#\/schema\/logo\/image\/","url":"https:\/\/www.eldiario.net\/portal\/wp-content\/uploads\/2023\/07\/logo_ED.jpg","contentUrl":"https:\/\/www.eldiario.net\/portal\/wp-content\/uploads\/2023\/07\/logo_ED.jpg","width":272,"height":52,"caption":"El Diario - Decano de la prensa nacional"},"image":{"@id":"https:\/\/www.eldiario.net\/portal\/#\/schema\/logo\/image\/"},"sameAs":["https:\/\/www.facebook.com\/eldiario.bolivia\/","https:\/\/x.com\/eldiario_net"]},{"@type":"Person","@id":"https:\/\/www.eldiario.net\/portal\/#\/schema\/person\/ba370d92d160f4d3574381f6d9b78fab","name":"Viviana Monrroy","image":{"@type":"ImageObject","inLanguage":"es","@id":"https:\/\/secure.gravatar.com\/avatar\/dfd1611ed5600959a0e5a9754503b6c05d1dcf190010998e0363aee2ad98afca?s=96&d=mm&r=g","url":"https:\/\/secure.gravatar.com\/avatar\/dfd1611ed5600959a0e5a9754503b6c05d1dcf190010998e0363aee2ad98afca?s=96&d=mm&r=g","contentUrl":"https:\/\/secure.gravatar.com\/avatar\/dfd1611ed5600959a0e5a9754503b6c05d1dcf190010998e0363aee2ad98afca?s=96&d=mm&r=g","caption":"Viviana Monrroy"},"sameAs":["http:\/\/www.eldiario.net"],"url":"https:\/\/www.eldiario.net\/portal\/author\/vivianamonrroy\/"}]}},"_links":{"self":[{"href":"https:\/\/www.eldiario.net\/portal\/wp-json\/wp\/v2\/posts\/309217","targetHints":{"allow":["GET"]}}],"collection":[{"href":"https:\/\/www.eldiario.net\/portal\/wp-json\/wp\/v2\/posts"}],"about":[{"href":"https:\/\/www.eldiario.net\/portal\/wp-json\/wp\/v2\/types\/post"}],"author":[{"embeddable":true,"href":"https:\/\/www.eldiario.net\/portal\/wp-json\/wp\/v2\/users\/7"}],"replies":[{"embeddable":true,"href":"https:\/\/www.eldiario.net\/portal\/wp-json\/wp\/v2\/comments?post=309217"}],"version-history":[{"count":2,"href":"https:\/\/www.eldiario.net\/portal\/wp-json\/wp\/v2\/posts\/309217\/revisions"}],"predecessor-version":[{"id":309224,"href":"https:\/\/www.eldiario.net\/portal\/wp-json\/wp\/v2\/posts\/309217\/revisions\/309224"}],"wp:featuredmedia":[{"embeddable":true,"href":"https:\/\/www.eldiario.net\/portal\/wp-json\/wp\/v2\/media\/309218"}],"wp:attachment":[{"href":"https:\/\/www.eldiario.net\/portal\/wp-json\/wp\/v2\/media?parent=309217"}],"wp:term":[{"taxonomy":"category","embeddable":true,"href":"https:\/\/www.eldiario.net\/portal\/wp-json\/wp\/v2\/categories?post=309217"},{"taxonomy":"post_tag","embeddable":true,"href":"https:\/\/www.eldiario.net\/portal\/wp-json\/wp\/v2\/tags?post=309217"}],"curies":[{"name":"wp","href":"https:\/\/api.w.org\/{rel}","templated":true}]}}