{"id":309093,"date":"2025-06-12T05:34:26","date_gmt":"2025-06-12T09:34:26","guid":{"rendered":"https:\/\/www.eldiario.net\/portal\/?p=309093"},"modified":"2025-06-12T05:34:26","modified_gmt":"2025-06-12T09:34:26","slug":"indigenas-exigen-autodeterminacion-no-pongueaje-politico-electoral","status":"publish","type":"post","link":"https:\/\/www.eldiario.net\/portal\/2025\/06\/12\/indigenas-exigen-autodeterminacion-no-pongueaje-politico-electoral\/","title":{"rendered":"Ind\u00edgenas exigen autodeterminaci\u00f3n,  no \u201cpongueaje pol\u00edtico\u201d electoral"},"content":{"rendered":"<p>El activista aymara y miembro permanente en Ginebra del Consejo Indio de Sudam\u00e9rica (CISA), Tom\u00e1s Condori, dijo que todos los pueblos ind\u00edgenas tienen derecho a la autodeterminaci\u00f3n incluyendo la potestad de decidir libremente sobre su futuro, su condici\u00f3n pol\u00edtica, su desarrollo econ\u00f3mico, social y cultural, adem\u00e1s de proteger su tierra y territorio, recursos naturales y patrimonio cultural, como lo establece el Convenio 169, antes de caer en el \u201cpongueaje \u00a0pol\u00edtico\u201d y el enga\u00f1o de los partidos que candidatean en las Elecciones Generales 2025.<\/p>\n<p>\u201cEst\u00e1n usando a los pueblos ind\u00edgenas como en el pongueaje (servidumbre ind\u00edgena) para los patrones del gobierno y como escalera de los candidatos que aparecen p\u00fablicamente vestidos con ponchos y lluch\u2019us para enga\u00f1ar a los indios que no fueron tomados en cuenta en sus propuestas\u201d, critic\u00f3 el activista aymara.<\/p>\n<p>El Convenio 169 sobre Pueblos Ind\u00edgenas y Tribales, de la Organizaci\u00f3n Internacional del Trabajo (OIT),\u00a0fue adoptado en 1989 y entr\u00f3 en vigor en 1991 y fue ratificado por 24 pa\u00edses del mundo. \u201cEs un instrumento internacional que se refiere principalmente al derecho que tienen los indios de decidir sobre la tierra y territorio, los recursos naturales y el patrimonio cultural\u201d, remarc\u00f3.<\/p>\n<p>Explic\u00f3 que la conciencia de identidad ind\u00edgena deber\u00e1 ser considerada como un criterio fundamental para determinar los grupos interesados; en otras palabras, ning\u00fan Estado o grupo social tiene el derecho de negar la identidad que pueda afirmar un pueblo ind\u00edgena o tribal.<\/p>\n<p><strong>ALGO DE HISTORIA<\/strong><\/p>\n<p>El activista aymara que es exintegrante del conjunto Los Jairas, artesano, mascarero, bordador y m\u00fasico, mencion\u00f3 que fue en 1935 despu\u00e9s de la Guerra del Chaco, cuando se quedaron 49 indios de diferentes regiones en Villamontes, quienes participaron de un encuentro para la Firma del Protocolo de Paz con Paraguay, sin embargo \u201cesta reuni\u00f3n tambi\u00e9n permiti\u00f3 de alguna manera el reconocimiento de los derechos de los pueblos ind\u00edgenas y el respeto a su cultura, pero a\u00fan no estaba completo\u201d.<\/p>\n<p>\u201cEl general\u00a0 Busch dijo que hay que hacer estudiar a los indios, por lo que algunos patrones pusieron en la escuela a sus pongos (ind\u00edgenas), pero no todos cumplieron\u201d, rememor\u00f3 Condori al remarcar que en 1952 con la Revoluci\u00f3n Nacional se liberaron los indios, sin embargo conjuntamente la reforma agraria, la nacionalizaci\u00f3n de las minas y la inclusi\u00f3n pol\u00edtica de los ind\u00edgenas fueron elementos fundamentales que transformaron su situaci\u00f3n, sin embargo no se mencionaba la descolonizaci\u00f3n.<\/p>\n<p>Indic\u00f3 que la existencia de un anterior convenio elaborado por los Estados en Ginebra, el denominado Convenio 107 pretend\u00eda y ten\u00eda la intenci\u00f3n de integrar al indio al Estado, este hecho ocasionaba que los ind\u00edgenas dejaban su tierra, su idioma y que ya no podr\u00edan recuperar lo m\u00e1s preciado \u201cque es su historia y de esa manera dominarlos\u201d.<\/p>\n<p>Pero fue reemplazado por el Convenio 169, que comenz\u00f3 con el reconocimiento del problema de los ind\u00edgenas en el contexto internacional\u00a0 y la necesidad de proteger sus derechos y asegurar su participaci\u00f3n en las decisiones que les afectan.<\/p>\n<p>Condori indic\u00f3 que en 1991 Bolivia reconoci\u00f3 el Convenio 169 durante el gobierno de Jaime Paz Zamora. \u201cPas\u00e9 por la plaza Murillo y busqu\u00e9 a los de la confederaci\u00f3n campesina para ir a presenciar la ratificaci\u00f3n del convenio en nuestro pa\u00eds, pero me respondieron que ellos no eran indios, sino campesinos\u201d, a\u00f1adi\u00f3.<\/p>\n<p>Dijo que durante el gobierno de Evo Morales se utiliz\u00f3 a los pueblos ind\u00edgenas y haci\u00e9ndoles creer que son una clase social, fueron usados como escalera y en el \u201cpongueaje pol\u00edtico\u201d.<\/p>\n<p>Para el activista aymara, que se considera coautor del Convenio 169 por el seguimiento que realiz\u00f3 al instrumento legal desde las Naciones Unidas, ahora es el momento que los pueblos ind\u00edgenas deben organizarse, valorizarse, retomar su identidad como naci\u00f3n que tiene tierra, territorio y sus recursos naturales, para que entre unos 20 a 30 pueblos ind\u00edgenas discutan sobre sus derechos convocando al Estado boliviano para que asuma de una vez el instrumento legal.<\/p>\n","protected":false},"excerpt":{"rendered":"<p>El activista aymara y miembro permanente en Ginebra del Consejo Indio de Sudam\u00e9rica (CISA), Tom\u00e1s Condori, dijo que todos los pueblos ind\u00edgenas tienen derecho a la autodeterminaci\u00f3n incluyendo la potestad de decidir libremente sobre su futuro, su condici\u00f3n pol\u00edtica, su desarrollo econ\u00f3mico, social y cultural, adem\u00e1s de proteger su tierra y territorio, recursos naturales y [&hellip;]<\/p>\n","protected":false},"author":1,"featured_media":309094,"comment_status":"closed","ping_status":"open","sticky":false,"template":"","format":"standard","meta":{"_acf_changed":false,"footnotes":""},"categories":[14],"tags":[],"class_list":["post-309093","post","type-post","status-publish","format-standard","has-post-thumbnail","category-politica"],"acf":{"antetitulo":"Activista Tom\u00e1s Condori afirma"},"yoast_head":"<!-- This site is optimized with the Yoast SEO plugin v28.4 - https:\/\/yoast.com\/product\/yoast-seo-wordpress\/ -->\n<title>Ind\u00edgenas exigen autodeterminaci\u00f3n, no \u201cpongueaje pol\u00edtico\u201d electoral - El Diario - Bolivia<\/title>\n<meta name=\"robots\" content=\"index, follow, max-snippet:-1, max-image-preview:large, max-video-preview:-1\" \/>\n<link rel=\"canonical\" href=\"https:\/\/www.eldiario.net\/portal\/2025\/06\/12\/indigenas-exigen-autodeterminacion-no-pongueaje-politico-electoral\/\" \/>\n<meta property=\"og:locale\" content=\"es_ES\" \/>\n<meta property=\"og:type\" content=\"article\" \/>\n<meta property=\"og:title\" content=\"Ind\u00edgenas exigen autodeterminaci\u00f3n, no \u201cpongueaje pol\u00edtico\u201d electoral - El Diario - Bolivia\" \/>\n<meta property=\"og:description\" content=\"El activista aymara y miembro permanente en Ginebra del Consejo Indio de Sudam\u00e9rica (CISA), Tom\u00e1s Condori, dijo que todos los pueblos ind\u00edgenas tienen derecho a la autodeterminaci\u00f3n incluyendo la potestad de decidir libremente sobre su futuro, su condici\u00f3n pol\u00edtica, su desarrollo econ\u00f3mico, social y cultural, adem\u00e1s de proteger su tierra y territorio, recursos naturales y [&hellip;]\" \/>\n<meta property=\"og:url\" content=\"https:\/\/www.eldiario.net\/portal\/2025\/06\/12\/indigenas-exigen-autodeterminacion-no-pongueaje-politico-electoral\/\" \/>\n<meta property=\"og:site_name\" content=\"El Diario - Bolivia\" \/>\n<meta property=\"article:publisher\" content=\"https:\/\/www.facebook.com\/eldiario.bolivia\/\" \/>\n<meta property=\"article:published_time\" content=\"2025-06-12T09:34:26+00:00\" \/>\n<meta property=\"og:image\" content=\"https:\/\/www.eldiario.net\/portal\/wp-content\/uploads\/2025\/06\/TOMAS-FOTO.webp\" \/>\n\t<meta property=\"og:image:width\" content=\"732\" \/>\n\t<meta property=\"og:image:height\" content=\"662\" \/>\n\t<meta property=\"og:image:type\" content=\"image\/webp\" \/>\n<meta name=\"author\" content=\"Jeanette\" \/>\n<meta name=\"twitter:card\" content=\"summary_large_image\" \/>\n<meta name=\"twitter:creator\" content=\"@eldiario_net\" \/>\n<meta name=\"twitter:site\" content=\"@eldiario_net\" \/>\n<meta name=\"twitter:label1\" content=\"Escrito por\" \/>\n\t<meta name=\"twitter:data1\" content=\"Jeanette\" \/>\n\t<meta name=\"twitter:label2\" content=\"Tiempo de lectura\" \/>\n\t<meta name=\"twitter:data2\" content=\"4 minutos\" \/>\n<script type=\"application\/ld+json\" class=\"yoast-schema-graph\">{\"@context\":\"https:\\\/\\\/schema.org\",\"@graph\":[{\"@type\":\"Article\",\"@id\":\"https:\\\/\\\/www.eldiario.net\\\/portal\\\/2025\\\/06\\\/12\\\/indigenas-exigen-autodeterminacion-no-pongueaje-politico-electoral\\\/#article\",\"isPartOf\":{\"@id\":\"https:\\\/\\\/www.eldiario.net\\\/portal\\\/2025\\\/06\\\/12\\\/indigenas-exigen-autodeterminacion-no-pongueaje-politico-electoral\\\/\"},\"author\":{\"name\":\"Jeanette\",\"@id\":\"https:\\\/\\\/www.eldiario.net\\\/portal\\\/#\\\/schema\\\/person\\\/2c57cf2b7a7ae032e449e4c9b1019eac\"},\"headline\":\"Ind\u00edgenas exigen autodeterminaci\u00f3n, no \u201cpongueaje pol\u00edtico\u201d electoral\",\"datePublished\":\"2025-06-12T09:34:26+00:00\",\"mainEntityOfPage\":{\"@id\":\"https:\\\/\\\/www.eldiario.net\\\/portal\\\/2025\\\/06\\\/12\\\/indigenas-exigen-autodeterminacion-no-pongueaje-politico-electoral\\\/\"},\"wordCount\":694,\"publisher\":{\"@id\":\"https:\\\/\\\/www.eldiario.net\\\/portal\\\/#organization\"},\"image\":{\"@id\":\"https:\\\/\\\/www.eldiario.net\\\/portal\\\/2025\\\/06\\\/12\\\/indigenas-exigen-autodeterminacion-no-pongueaje-politico-electoral\\\/#primaryimage\"},\"thumbnailUrl\":\"https:\\\/\\\/www.eldiario.net\\\/portal\\\/wp-content\\\/uploads\\\/2025\\\/06\\\/TOMAS-FOTO.webp\",\"articleSection\":[\"Pol\u00edtica\"],\"inLanguage\":\"es\"},{\"@type\":\"WebPage\",\"@id\":\"https:\\\/\\\/www.eldiario.net\\\/portal\\\/2025\\\/06\\\/12\\\/indigenas-exigen-autodeterminacion-no-pongueaje-politico-electoral\\\/\",\"url\":\"https:\\\/\\\/www.eldiario.net\\\/portal\\\/2025\\\/06\\\/12\\\/indigenas-exigen-autodeterminacion-no-pongueaje-politico-electoral\\\/\",\"name\":\"Ind\u00edgenas exigen autodeterminaci\u00f3n, no \u201cpongueaje pol\u00edtico\u201d electoral - El Diario - Bolivia\",\"isPartOf\":{\"@id\":\"https:\\\/\\\/www.eldiario.net\\\/portal\\\/#website\"},\"primaryImageOfPage\":{\"@id\":\"https:\\\/\\\/www.eldiario.net\\\/portal\\\/2025\\\/06\\\/12\\\/indigenas-exigen-autodeterminacion-no-pongueaje-politico-electoral\\\/#primaryimage\"},\"image\":{\"@id\":\"https:\\\/\\\/www.eldiario.net\\\/portal\\\/2025\\\/06\\\/12\\\/indigenas-exigen-autodeterminacion-no-pongueaje-politico-electoral\\\/#primaryimage\"},\"thumbnailUrl\":\"https:\\\/\\\/www.eldiario.net\\\/portal\\\/wp-content\\\/uploads\\\/2025\\\/06\\\/TOMAS-FOTO.webp\",\"datePublished\":\"2025-06-12T09:34:26+00:00\",\"breadcrumb\":{\"@id\":\"https:\\\/\\\/www.eldiario.net\\\/portal\\\/2025\\\/06\\\/12\\\/indigenas-exigen-autodeterminacion-no-pongueaje-politico-electoral\\\/#breadcrumb\"},\"inLanguage\":\"es\",\"potentialAction\":[{\"@type\":\"ReadAction\",\"target\":[\"https:\\\/\\\/www.eldiario.net\\\/portal\\\/2025\\\/06\\\/12\\\/indigenas-exigen-autodeterminacion-no-pongueaje-politico-electoral\\\/\"]}]},{\"@type\":\"ImageObject\",\"inLanguage\":\"es\",\"@id\":\"https:\\\/\\\/www.eldiario.net\\\/portal\\\/2025\\\/06\\\/12\\\/indigenas-exigen-autodeterminacion-no-pongueaje-politico-electoral\\\/#primaryimage\",\"url\":\"https:\\\/\\\/www.eldiario.net\\\/portal\\\/wp-content\\\/uploads\\\/2025\\\/06\\\/TOMAS-FOTO.webp\",\"contentUrl\":\"https:\\\/\\\/www.eldiario.net\\\/portal\\\/wp-content\\\/uploads\\\/2025\\\/06\\\/TOMAS-FOTO.webp\",\"width\":732,\"height\":662,\"caption\":\"TOM\u00c1S CONDORI FOTO: EC\"},{\"@type\":\"BreadcrumbList\",\"@id\":\"https:\\\/\\\/www.eldiario.net\\\/portal\\\/2025\\\/06\\\/12\\\/indigenas-exigen-autodeterminacion-no-pongueaje-politico-electoral\\\/#breadcrumb\",\"itemListElement\":[{\"@type\":\"ListItem\",\"position\":1,\"name\":\"Portada\",\"item\":\"https:\\\/\\\/www.eldiario.net\\\/portal\\\/\"},{\"@type\":\"ListItem\",\"position\":2,\"name\":\"Ind\u00edgenas exigen autodeterminaci\u00f3n, no \u201cpongueaje pol\u00edtico\u201d electoral\"}]},{\"@type\":\"WebSite\",\"@id\":\"https:\\\/\\\/www.eldiario.net\\\/portal\\\/#website\",\"url\":\"https:\\\/\\\/www.eldiario.net\\\/portal\\\/\",\"name\":\"El Diario - Decano de la prensa nacional\",\"description\":\"El Diario - Decano de la prensa nacional\",\"publisher\":{\"@id\":\"https:\\\/\\\/www.eldiario.net\\\/portal\\\/#organization\"},\"potentialAction\":[{\"@type\":\"SearchAction\",\"target\":{\"@type\":\"EntryPoint\",\"urlTemplate\":\"https:\\\/\\\/www.eldiario.net\\\/portal\\\/?s={search_term_string}\"},\"query-input\":{\"@type\":\"PropertyValueSpecification\",\"valueRequired\":true,\"valueName\":\"search_term_string\"}}],\"inLanguage\":\"es\"},{\"@type\":\"Organization\",\"@id\":\"https:\\\/\\\/www.eldiario.net\\\/portal\\\/#organization\",\"name\":\"El Diario - Decano de la prensa nacional\",\"url\":\"https:\\\/\\\/www.eldiario.net\\\/portal\\\/\",\"logo\":{\"@type\":\"ImageObject\",\"inLanguage\":\"es\",\"@id\":\"https:\\\/\\\/www.eldiario.net\\\/portal\\\/#\\\/schema\\\/logo\\\/image\\\/\",\"url\":\"https:\\\/\\\/www.eldiario.net\\\/portal\\\/wp-content\\\/uploads\\\/2023\\\/07\\\/logo_ED.jpg\",\"contentUrl\":\"https:\\\/\\\/www.eldiario.net\\\/portal\\\/wp-content\\\/uploads\\\/2023\\\/07\\\/logo_ED.jpg\",\"width\":272,\"height\":52,\"caption\":\"El Diario - Decano de la prensa nacional\"},\"image\":{\"@id\":\"https:\\\/\\\/www.eldiario.net\\\/portal\\\/#\\\/schema\\\/logo\\\/image\\\/\"},\"sameAs\":[\"https:\\\/\\\/www.facebook.com\\\/eldiario.bolivia\\\/\",\"https:\\\/\\\/x.com\\\/eldiario_net\"]},{\"@type\":\"Person\",\"@id\":\"https:\\\/\\\/www.eldiario.net\\\/portal\\\/#\\\/schema\\\/person\\\/2c57cf2b7a7ae032e449e4c9b1019eac\",\"name\":\"Jeanette\",\"image\":{\"@type\":\"ImageObject\",\"inLanguage\":\"es\",\"@id\":\"https:\\\/\\\/secure.gravatar.com\\\/avatar\\\/3ea2118a5f7dad2b7138b1187a6b7ee55f160b9968b66013c3a3ef39dd7e5798?s=96&d=mm&r=g\",\"url\":\"https:\\\/\\\/secure.gravatar.com\\\/avatar\\\/3ea2118a5f7dad2b7138b1187a6b7ee55f160b9968b66013c3a3ef39dd7e5798?s=96&d=mm&r=g\",\"contentUrl\":\"https:\\\/\\\/secure.gravatar.com\\\/avatar\\\/3ea2118a5f7dad2b7138b1187a6b7ee55f160b9968b66013c3a3ef39dd7e5798?s=96&d=mm&r=g\",\"caption\":\"Jeanette\"},\"sameAs\":[\"https:\\\/\\\/www.eldiario.net\\\/portal\"],\"url\":\"https:\\\/\\\/www.eldiario.net\\\/portal\\\/author\\\/jeanette\\\/\"}]}<\/script>\n<!-- \/ Yoast SEO plugin. -->","yoast_head_json":{"title":"Ind\u00edgenas exigen autodeterminaci\u00f3n, no \u201cpongueaje pol\u00edtico\u201d electoral - El Diario - Bolivia","robots":{"index":"index","follow":"follow","max-snippet":"max-snippet:-1","max-image-preview":"max-image-preview:large","max-video-preview":"max-video-preview:-1"},"canonical":"https:\/\/www.eldiario.net\/portal\/2025\/06\/12\/indigenas-exigen-autodeterminacion-no-pongueaje-politico-electoral\/","og_locale":"es_ES","og_type":"article","og_title":"Ind\u00edgenas exigen autodeterminaci\u00f3n, no \u201cpongueaje pol\u00edtico\u201d electoral - El Diario - Bolivia","og_description":"El activista aymara y miembro permanente en Ginebra del Consejo Indio de Sudam\u00e9rica (CISA), Tom\u00e1s Condori, dijo que todos los pueblos ind\u00edgenas tienen derecho a la autodeterminaci\u00f3n incluyendo la potestad de decidir libremente sobre su futuro, su condici\u00f3n pol\u00edtica, su desarrollo econ\u00f3mico, social y cultural, adem\u00e1s de proteger su tierra y territorio, recursos naturales y [&hellip;]","og_url":"https:\/\/www.eldiario.net\/portal\/2025\/06\/12\/indigenas-exigen-autodeterminacion-no-pongueaje-politico-electoral\/","og_site_name":"El Diario - Bolivia","article_publisher":"https:\/\/www.facebook.com\/eldiario.bolivia\/","article_published_time":"2025-06-12T09:34:26+00:00","og_image":[{"width":732,"height":662,"url":"https:\/\/www.eldiario.net\/portal\/wp-content\/uploads\/2025\/06\/TOMAS-FOTO.webp","type":"image\/webp"}],"author":"Jeanette","twitter_card":"summary_large_image","twitter_creator":"@eldiario_net","twitter_site":"@eldiario_net","twitter_misc":{"Escrito por":"Jeanette","Tiempo de lectura":"4 minutos"},"schema":{"@context":"https:\/\/schema.org","@graph":[{"@type":"Article","@id":"https:\/\/www.eldiario.net\/portal\/2025\/06\/12\/indigenas-exigen-autodeterminacion-no-pongueaje-politico-electoral\/#article","isPartOf":{"@id":"https:\/\/www.eldiario.net\/portal\/2025\/06\/12\/indigenas-exigen-autodeterminacion-no-pongueaje-politico-electoral\/"},"author":{"name":"Jeanette","@id":"https:\/\/www.eldiario.net\/portal\/#\/schema\/person\/2c57cf2b7a7ae032e449e4c9b1019eac"},"headline":"Ind\u00edgenas exigen autodeterminaci\u00f3n, no \u201cpongueaje pol\u00edtico\u201d electoral","datePublished":"2025-06-12T09:34:26+00:00","mainEntityOfPage":{"@id":"https:\/\/www.eldiario.net\/portal\/2025\/06\/12\/indigenas-exigen-autodeterminacion-no-pongueaje-politico-electoral\/"},"wordCount":694,"publisher":{"@id":"https:\/\/www.eldiario.net\/portal\/#organization"},"image":{"@id":"https:\/\/www.eldiario.net\/portal\/2025\/06\/12\/indigenas-exigen-autodeterminacion-no-pongueaje-politico-electoral\/#primaryimage"},"thumbnailUrl":"https:\/\/www.eldiario.net\/portal\/wp-content\/uploads\/2025\/06\/TOMAS-FOTO.webp","articleSection":["Pol\u00edtica"],"inLanguage":"es"},{"@type":"WebPage","@id":"https:\/\/www.eldiario.net\/portal\/2025\/06\/12\/indigenas-exigen-autodeterminacion-no-pongueaje-politico-electoral\/","url":"https:\/\/www.eldiario.net\/portal\/2025\/06\/12\/indigenas-exigen-autodeterminacion-no-pongueaje-politico-electoral\/","name":"Ind\u00edgenas exigen autodeterminaci\u00f3n, no \u201cpongueaje pol\u00edtico\u201d electoral - El Diario - Bolivia","isPartOf":{"@id":"https:\/\/www.eldiario.net\/portal\/#website"},"primaryImageOfPage":{"@id":"https:\/\/www.eldiario.net\/portal\/2025\/06\/12\/indigenas-exigen-autodeterminacion-no-pongueaje-politico-electoral\/#primaryimage"},"image":{"@id":"https:\/\/www.eldiario.net\/portal\/2025\/06\/12\/indigenas-exigen-autodeterminacion-no-pongueaje-politico-electoral\/#primaryimage"},"thumbnailUrl":"https:\/\/www.eldiario.net\/portal\/wp-content\/uploads\/2025\/06\/TOMAS-FOTO.webp","datePublished":"2025-06-12T09:34:26+00:00","breadcrumb":{"@id":"https:\/\/www.eldiario.net\/portal\/2025\/06\/12\/indigenas-exigen-autodeterminacion-no-pongueaje-politico-electoral\/#breadcrumb"},"inLanguage":"es","potentialAction":[{"@type":"ReadAction","target":["https:\/\/www.eldiario.net\/portal\/2025\/06\/12\/indigenas-exigen-autodeterminacion-no-pongueaje-politico-electoral\/"]}]},{"@type":"ImageObject","inLanguage":"es","@id":"https:\/\/www.eldiario.net\/portal\/2025\/06\/12\/indigenas-exigen-autodeterminacion-no-pongueaje-politico-electoral\/#primaryimage","url":"https:\/\/www.eldiario.net\/portal\/wp-content\/uploads\/2025\/06\/TOMAS-FOTO.webp","contentUrl":"https:\/\/www.eldiario.net\/portal\/wp-content\/uploads\/2025\/06\/TOMAS-FOTO.webp","width":732,"height":662,"caption":"TOM\u00c1S CONDORI FOTO: EC"},{"@type":"BreadcrumbList","@id":"https:\/\/www.eldiario.net\/portal\/2025\/06\/12\/indigenas-exigen-autodeterminacion-no-pongueaje-politico-electoral\/#breadcrumb","itemListElement":[{"@type":"ListItem","position":1,"name":"Portada","item":"https:\/\/www.eldiario.net\/portal\/"},{"@type":"ListItem","position":2,"name":"Ind\u00edgenas exigen autodeterminaci\u00f3n, no \u201cpongueaje pol\u00edtico\u201d electoral"}]},{"@type":"WebSite","@id":"https:\/\/www.eldiario.net\/portal\/#website","url":"https:\/\/www.eldiario.net\/portal\/","name":"El Diario - Decano de la prensa nacional","description":"El Diario - Decano de la prensa nacional","publisher":{"@id":"https:\/\/www.eldiario.net\/portal\/#organization"},"potentialAction":[{"@type":"SearchAction","target":{"@type":"EntryPoint","urlTemplate":"https:\/\/www.eldiario.net\/portal\/?s={search_term_string}"},"query-input":{"@type":"PropertyValueSpecification","valueRequired":true,"valueName":"search_term_string"}}],"inLanguage":"es"},{"@type":"Organization","@id":"https:\/\/www.eldiario.net\/portal\/#organization","name":"El Diario - Decano de la prensa nacional","url":"https:\/\/www.eldiario.net\/portal\/","logo":{"@type":"ImageObject","inLanguage":"es","@id":"https:\/\/www.eldiario.net\/portal\/#\/schema\/logo\/image\/","url":"https:\/\/www.eldiario.net\/portal\/wp-content\/uploads\/2023\/07\/logo_ED.jpg","contentUrl":"https:\/\/www.eldiario.net\/portal\/wp-content\/uploads\/2023\/07\/logo_ED.jpg","width":272,"height":52,"caption":"El Diario - Decano de la prensa nacional"},"image":{"@id":"https:\/\/www.eldiario.net\/portal\/#\/schema\/logo\/image\/"},"sameAs":["https:\/\/www.facebook.com\/eldiario.bolivia\/","https:\/\/x.com\/eldiario_net"]},{"@type":"Person","@id":"https:\/\/www.eldiario.net\/portal\/#\/schema\/person\/2c57cf2b7a7ae032e449e4c9b1019eac","name":"Jeanette","image":{"@type":"ImageObject","inLanguage":"es","@id":"https:\/\/secure.gravatar.com\/avatar\/3ea2118a5f7dad2b7138b1187a6b7ee55f160b9968b66013c3a3ef39dd7e5798?s=96&d=mm&r=g","url":"https:\/\/secure.gravatar.com\/avatar\/3ea2118a5f7dad2b7138b1187a6b7ee55f160b9968b66013c3a3ef39dd7e5798?s=96&d=mm&r=g","contentUrl":"https:\/\/secure.gravatar.com\/avatar\/3ea2118a5f7dad2b7138b1187a6b7ee55f160b9968b66013c3a3ef39dd7e5798?s=96&d=mm&r=g","caption":"Jeanette"},"sameAs":["https:\/\/www.eldiario.net\/portal"],"url":"https:\/\/www.eldiario.net\/portal\/author\/jeanette\/"}]}},"_links":{"self":[{"href":"https:\/\/www.eldiario.net\/portal\/wp-json\/wp\/v2\/posts\/309093","targetHints":{"allow":["GET"]}}],"collection":[{"href":"https:\/\/www.eldiario.net\/portal\/wp-json\/wp\/v2\/posts"}],"about":[{"href":"https:\/\/www.eldiario.net\/portal\/wp-json\/wp\/v2\/types\/post"}],"author":[{"embeddable":true,"href":"https:\/\/www.eldiario.net\/portal\/wp-json\/wp\/v2\/users\/1"}],"replies":[{"embeddable":true,"href":"https:\/\/www.eldiario.net\/portal\/wp-json\/wp\/v2\/comments?post=309093"}],"version-history":[{"count":1,"href":"https:\/\/www.eldiario.net\/portal\/wp-json\/wp\/v2\/posts\/309093\/revisions"}],"predecessor-version":[{"id":309095,"href":"https:\/\/www.eldiario.net\/portal\/wp-json\/wp\/v2\/posts\/309093\/revisions\/309095"}],"wp:featuredmedia":[{"embeddable":true,"href":"https:\/\/www.eldiario.net\/portal\/wp-json\/wp\/v2\/media\/309094"}],"wp:attachment":[{"href":"https:\/\/www.eldiario.net\/portal\/wp-json\/wp\/v2\/media?parent=309093"}],"wp:term":[{"taxonomy":"category","embeddable":true,"href":"https:\/\/www.eldiario.net\/portal\/wp-json\/wp\/v2\/categories?post=309093"},{"taxonomy":"post_tag","embeddable":true,"href":"https:\/\/www.eldiario.net\/portal\/wp-json\/wp\/v2\/tags?post=309093"}],"curies":[{"name":"wp","href":"https:\/\/api.w.org\/{rel}","templated":true}]}}