{"id":309090,"date":"2025-06-12T05:33:47","date_gmt":"2025-06-12T09:33:47","guid":{"rendered":"https:\/\/www.eldiario.net\/portal\/?p=309090"},"modified":"2025-06-12T05:33:47","modified_gmt":"2025-06-12T09:33:47","slug":"rodriguez-pide-reunion-urgente-para-tratar-creditos-para-combustibles","status":"publish","type":"post","link":"https:\/\/www.eldiario.net\/portal\/2025\/06\/12\/rodriguez-pide-reunion-urgente-para-tratar-creditos-para-combustibles\/","title":{"rendered":"Rodr\u00edguez pide reuni\u00f3n \u201curgente\u201d  para tratar cr\u00e9ditos para combustibles"},"content":{"rendered":"<p>El presidente de la C\u00e1mara de Senadores, Andr\u00f3nico Rodr\u00edguez, pidi\u00f3 al presidente nato de la Asamblea Legislativa Plurinacional, David Choquehuanca, que pueda convocar a una reuni\u00f3n \u201curgente\u201d con las tres fuerzas pol\u00edticas con el objetivo de gestionar la aprobaci\u00f3n de cr\u00e9ditos que est\u00e9n destinados a la compra de combustible.<\/p>\n<p>La autoridad lament\u00f3 la actual situaci\u00f3n que atraviesa la poblaci\u00f3n que tiene que realizar filas en las estaciones de servicio en busca de gasolina y di\u00e9sel, a ello se suma el incremento de los productos de la canasta familiar y la violencia en los bloqueos.<\/p>\n<p>\u201cConsidero importante y urgente una reuni\u00f3n entre las tres fuerzas pol\u00edticas de la Asamblea Legislativa Plurinacional con el objetivo de tratar los cr\u00e9ditos que aseguren el uso exclusivo de los d\u00f3lares para la compra de gasolina y di\u00e9sel\u201d, afirm\u00f3.<\/p>\n<p>Otra de las normas que se deber\u00eda tratar es la que permita la estabilizaci\u00f3n de los precios de alimentos, el diferimiento de los cr\u00e9ditos y la pausa impositiva para los peque\u00f1os contribuyentes, a\u00f1adi\u00f3 Rodr\u00edguez.<\/p>\n<p>De ser necesario, dijo que podr\u00edan participar el presidente del Banco Central de Bolivia, Edwin Rojas y algunos miembros del \u00d3rgano Ejecutivo, todo con el fin de dar respuestas y soluciones de manera conjunta en favor de la poblaci\u00f3n.<\/p>\n<p>Record\u00f3 que en la C\u00e1mara de Senadores fueron aprobados m\u00e1s de 36 proyectos de ley en materia de cr\u00e9ditos por aproximadamente $us 4.000 millones, de los cuales, no se habr\u00eda ejecutado el 100%. (Erbol)<\/p>\n","protected":false},"excerpt":{"rendered":"<p>El presidente de la C\u00e1mara de Senadores, Andr\u00f3nico Rodr\u00edguez, pidi\u00f3 al presidente nato de la Asamblea Legislativa Plurinacional, David Choquehuanca, que pueda convocar a una reuni\u00f3n \u201curgente\u201d con las tres fuerzas pol\u00edticas con el objetivo de gestionar la aprobaci\u00f3n de cr\u00e9ditos que est\u00e9n destinados a la compra de combustible. La autoridad lament\u00f3 la actual situaci\u00f3n [&hellip;]<\/p>\n","protected":false},"author":1,"featured_media":309091,"comment_status":"closed","ping_status":"open","sticky":false,"template":"","format":"standard","meta":{"_acf_changed":false,"footnotes":""},"categories":[14],"tags":[],"class_list":["post-309090","post","type-post","status-publish","format-standard","has-post-thumbnail","category-politica"],"acf":{"antetitulo":""},"yoast_head":"<!-- This site is optimized with the Yoast SEO plugin v28.4 - https:\/\/yoast.com\/product\/yoast-seo-wordpress\/ -->\n<title>Rodr\u00edguez pide reuni\u00f3n \u201curgente\u201d para tratar cr\u00e9ditos para combustibles - El Diario - Bolivia<\/title>\n<meta name=\"robots\" content=\"index, follow, max-snippet:-1, max-image-preview:large, max-video-preview:-1\" \/>\n<link rel=\"canonical\" href=\"https:\/\/www.eldiario.net\/portal\/2025\/06\/12\/rodriguez-pide-reunion-urgente-para-tratar-creditos-para-combustibles\/\" \/>\n<meta property=\"og:locale\" content=\"es_ES\" \/>\n<meta property=\"og:type\" content=\"article\" \/>\n<meta property=\"og:title\" content=\"Rodr\u00edguez pide reuni\u00f3n \u201curgente\u201d para tratar cr\u00e9ditos para combustibles - El Diario - Bolivia\" \/>\n<meta property=\"og:description\" content=\"El presidente de la C\u00e1mara de Senadores, Andr\u00f3nico Rodr\u00edguez, pidi\u00f3 al presidente nato de la Asamblea Legislativa Plurinacional, David Choquehuanca, que pueda convocar a una reuni\u00f3n \u201curgente\u201d con las tres fuerzas pol\u00edticas con el objetivo de gestionar la aprobaci\u00f3n de cr\u00e9ditos que est\u00e9n destinados a la compra de combustible. La autoridad lament\u00f3 la actual situaci\u00f3n [&hellip;]\" \/>\n<meta property=\"og:url\" content=\"https:\/\/www.eldiario.net\/portal\/2025\/06\/12\/rodriguez-pide-reunion-urgente-para-tratar-creditos-para-combustibles\/\" \/>\n<meta property=\"og:site_name\" content=\"El Diario - Bolivia\" \/>\n<meta property=\"article:publisher\" content=\"https:\/\/www.facebook.com\/eldiario.bolivia\/\" \/>\n<meta property=\"article:published_time\" content=\"2025-06-12T09:33:47+00:00\" \/>\n<meta property=\"og:image\" content=\"https:\/\/www.eldiario.net\/portal\/wp-content\/uploads\/2025\/06\/URGENTE-FOTO.webp\" \/>\n\t<meta property=\"og:image:width\" content=\"1123\" \/>\n\t<meta property=\"og:image:height\" content=\"725\" \/>\n\t<meta property=\"og:image:type\" content=\"image\/webp\" \/>\n<meta name=\"author\" content=\"Jeanette\" \/>\n<meta name=\"twitter:card\" content=\"summary_large_image\" \/>\n<meta name=\"twitter:creator\" content=\"@eldiario_net\" \/>\n<meta name=\"twitter:site\" content=\"@eldiario_net\" \/>\n<meta name=\"twitter:label1\" content=\"Escrito por\" \/>\n\t<meta name=\"twitter:data1\" content=\"Jeanette\" \/>\n\t<meta name=\"twitter:label2\" content=\"Tiempo de lectura\" \/>\n\t<meta name=\"twitter:data2\" content=\"2 minutos\" \/>\n<script type=\"application\/ld+json\" class=\"yoast-schema-graph\">{\"@context\":\"https:\\\/\\\/schema.org\",\"@graph\":[{\"@type\":\"Article\",\"@id\":\"https:\\\/\\\/www.eldiario.net\\\/portal\\\/2025\\\/06\\\/12\\\/rodriguez-pide-reunion-urgente-para-tratar-creditos-para-combustibles\\\/#article\",\"isPartOf\":{\"@id\":\"https:\\\/\\\/www.eldiario.net\\\/portal\\\/2025\\\/06\\\/12\\\/rodriguez-pide-reunion-urgente-para-tratar-creditos-para-combustibles\\\/\"},\"author\":{\"name\":\"Jeanette\",\"@id\":\"https:\\\/\\\/www.eldiario.net\\\/portal\\\/#\\\/schema\\\/person\\\/f46445640444750d7d753ccd04ae01b7\"},\"headline\":\"Rodr\u00edguez pide reuni\u00f3n \u201curgente\u201d para tratar cr\u00e9ditos para combustibles\",\"datePublished\":\"2025-06-12T09:33:47+00:00\",\"mainEntityOfPage\":{\"@id\":\"https:\\\/\\\/www.eldiario.net\\\/portal\\\/2025\\\/06\\\/12\\\/rodriguez-pide-reunion-urgente-para-tratar-creditos-para-combustibles\\\/\"},\"wordCount\":277,\"publisher\":{\"@id\":\"https:\\\/\\\/www.eldiario.net\\\/portal\\\/#organization\"},\"image\":{\"@id\":\"https:\\\/\\\/www.eldiario.net\\\/portal\\\/2025\\\/06\\\/12\\\/rodriguez-pide-reunion-urgente-para-tratar-creditos-para-combustibles\\\/#primaryimage\"},\"thumbnailUrl\":\"https:\\\/\\\/www.eldiario.net\\\/portal\\\/wp-content\\\/uploads\\\/2025\\\/06\\\/URGENTE-FOTO.webp\",\"articleSection\":[\"Pol\u00edtica\"],\"inLanguage\":\"es\"},{\"@type\":\"WebPage\",\"@id\":\"https:\\\/\\\/www.eldiario.net\\\/portal\\\/2025\\\/06\\\/12\\\/rodriguez-pide-reunion-urgente-para-tratar-creditos-para-combustibles\\\/\",\"url\":\"https:\\\/\\\/www.eldiario.net\\\/portal\\\/2025\\\/06\\\/12\\\/rodriguez-pide-reunion-urgente-para-tratar-creditos-para-combustibles\\\/\",\"name\":\"Rodr\u00edguez pide reuni\u00f3n \u201curgente\u201d para tratar cr\u00e9ditos para combustibles - El Diario - Bolivia\",\"isPartOf\":{\"@id\":\"https:\\\/\\\/www.eldiario.net\\\/portal\\\/#website\"},\"primaryImageOfPage\":{\"@id\":\"https:\\\/\\\/www.eldiario.net\\\/portal\\\/2025\\\/06\\\/12\\\/rodriguez-pide-reunion-urgente-para-tratar-creditos-para-combustibles\\\/#primaryimage\"},\"image\":{\"@id\":\"https:\\\/\\\/www.eldiario.net\\\/portal\\\/2025\\\/06\\\/12\\\/rodriguez-pide-reunion-urgente-para-tratar-creditos-para-combustibles\\\/#primaryimage\"},\"thumbnailUrl\":\"https:\\\/\\\/www.eldiario.net\\\/portal\\\/wp-content\\\/uploads\\\/2025\\\/06\\\/URGENTE-FOTO.webp\",\"datePublished\":\"2025-06-12T09:33:47+00:00\",\"breadcrumb\":{\"@id\":\"https:\\\/\\\/www.eldiario.net\\\/portal\\\/2025\\\/06\\\/12\\\/rodriguez-pide-reunion-urgente-para-tratar-creditos-para-combustibles\\\/#breadcrumb\"},\"inLanguage\":\"es\",\"potentialAction\":[{\"@type\":\"ReadAction\",\"target\":[\"https:\\\/\\\/www.eldiario.net\\\/portal\\\/2025\\\/06\\\/12\\\/rodriguez-pide-reunion-urgente-para-tratar-creditos-para-combustibles\\\/\"]}]},{\"@type\":\"ImageObject\",\"inLanguage\":\"es\",\"@id\":\"https:\\\/\\\/www.eldiario.net\\\/portal\\\/2025\\\/06\\\/12\\\/rodriguez-pide-reunion-urgente-para-tratar-creditos-para-combustibles\\\/#primaryimage\",\"url\":\"https:\\\/\\\/www.eldiario.net\\\/portal\\\/wp-content\\\/uploads\\\/2025\\\/06\\\/URGENTE-FOTO.webp\",\"contentUrl\":\"https:\\\/\\\/www.eldiario.net\\\/portal\\\/wp-content\\\/uploads\\\/2025\\\/06\\\/URGENTE-FOTO.webp\",\"width\":1123,\"height\":725,\"caption\":\"EL PRESIDENTE DE LA C\u00c1MARA DE SENADORES, ANDR\u00d3NICO RODR\u00cdGUEZ, EN CONFERENCIA DE PRENSA. FOTO: CAPTURA VIDEO\"},{\"@type\":\"BreadcrumbList\",\"@id\":\"https:\\\/\\\/www.eldiario.net\\\/portal\\\/2025\\\/06\\\/12\\\/rodriguez-pide-reunion-urgente-para-tratar-creditos-para-combustibles\\\/#breadcrumb\",\"itemListElement\":[{\"@type\":\"ListItem\",\"position\":1,\"name\":\"Portada\",\"item\":\"https:\\\/\\\/www.eldiario.net\\\/portal\\\/\"},{\"@type\":\"ListItem\",\"position\":2,\"name\":\"Rodr\u00edguez pide reuni\u00f3n \u201curgente\u201d para tratar cr\u00e9ditos para combustibles\"}]},{\"@type\":\"WebSite\",\"@id\":\"https:\\\/\\\/www.eldiario.net\\\/portal\\\/#website\",\"url\":\"https:\\\/\\\/www.eldiario.net\\\/portal\\\/\",\"name\":\"El Diario - Decano de la prensa nacional\",\"description\":\"El Diario - Decano de la prensa nacional\",\"publisher\":{\"@id\":\"https:\\\/\\\/www.eldiario.net\\\/portal\\\/#organization\"},\"potentialAction\":[{\"@type\":\"SearchAction\",\"target\":{\"@type\":\"EntryPoint\",\"urlTemplate\":\"https:\\\/\\\/www.eldiario.net\\\/portal\\\/?s={search_term_string}\"},\"query-input\":{\"@type\":\"PropertyValueSpecification\",\"valueRequired\":true,\"valueName\":\"search_term_string\"}}],\"inLanguage\":\"es\"},{\"@type\":\"Organization\",\"@id\":\"https:\\\/\\\/www.eldiario.net\\\/portal\\\/#organization\",\"name\":\"El Diario - Decano de la prensa nacional\",\"url\":\"https:\\\/\\\/www.eldiario.net\\\/portal\\\/\",\"logo\":{\"@type\":\"ImageObject\",\"inLanguage\":\"es\",\"@id\":\"https:\\\/\\\/www.eldiario.net\\\/portal\\\/#\\\/schema\\\/logo\\\/image\\\/\",\"url\":\"https:\\\/\\\/www.eldiario.net\\\/portal\\\/wp-content\\\/uploads\\\/2023\\\/07\\\/logo_ED.jpg\",\"contentUrl\":\"https:\\\/\\\/www.eldiario.net\\\/portal\\\/wp-content\\\/uploads\\\/2023\\\/07\\\/logo_ED.jpg\",\"width\":272,\"height\":52,\"caption\":\"El Diario - Decano de la prensa nacional\"},\"image\":{\"@id\":\"https:\\\/\\\/www.eldiario.net\\\/portal\\\/#\\\/schema\\\/logo\\\/image\\\/\"},\"sameAs\":[\"https:\\\/\\\/www.facebook.com\\\/eldiario.bolivia\\\/\",\"https:\\\/\\\/x.com\\\/eldiario_net\"]},{\"@type\":\"Person\",\"@id\":\"https:\\\/\\\/www.eldiario.net\\\/portal\\\/#\\\/schema\\\/person\\\/f46445640444750d7d753ccd04ae01b7\",\"name\":\"Jeanette\",\"image\":{\"@type\":\"ImageObject\",\"inLanguage\":\"es\",\"@id\":\"https:\\\/\\\/secure.gravatar.com\\\/avatar\\\/3ea2118a5f7dad2b7138b1187a6b7ee55f160b9968b66013c3a3ef39dd7e5798?s=96&d=mm&r=g\",\"url\":\"https:\\\/\\\/secure.gravatar.com\\\/avatar\\\/3ea2118a5f7dad2b7138b1187a6b7ee55f160b9968b66013c3a3ef39dd7e5798?s=96&d=mm&r=g\",\"contentUrl\":\"https:\\\/\\\/secure.gravatar.com\\\/avatar\\\/3ea2118a5f7dad2b7138b1187a6b7ee55f160b9968b66013c3a3ef39dd7e5798?s=96&d=mm&r=g\",\"caption\":\"Jeanette\"},\"sameAs\":[\"https:\\\/\\\/www.eldiario.net\\\/portal\"],\"url\":\"https:\\\/\\\/www.eldiario.net\\\/portal\\\/author\\\/jeanette\\\/\"}]}<\/script>\n<!-- \/ Yoast SEO plugin. -->","yoast_head_json":{"title":"Rodr\u00edguez pide reuni\u00f3n \u201curgente\u201d para tratar cr\u00e9ditos para combustibles - El Diario - Bolivia","robots":{"index":"index","follow":"follow","max-snippet":"max-snippet:-1","max-image-preview":"max-image-preview:large","max-video-preview":"max-video-preview:-1"},"canonical":"https:\/\/www.eldiario.net\/portal\/2025\/06\/12\/rodriguez-pide-reunion-urgente-para-tratar-creditos-para-combustibles\/","og_locale":"es_ES","og_type":"article","og_title":"Rodr\u00edguez pide reuni\u00f3n \u201curgente\u201d para tratar cr\u00e9ditos para combustibles - El Diario - Bolivia","og_description":"El presidente de la C\u00e1mara de Senadores, Andr\u00f3nico Rodr\u00edguez, pidi\u00f3 al presidente nato de la Asamblea Legislativa Plurinacional, David Choquehuanca, que pueda convocar a una reuni\u00f3n \u201curgente\u201d con las tres fuerzas pol\u00edticas con el objetivo de gestionar la aprobaci\u00f3n de cr\u00e9ditos que est\u00e9n destinados a la compra de combustible. La autoridad lament\u00f3 la actual situaci\u00f3n [&hellip;]","og_url":"https:\/\/www.eldiario.net\/portal\/2025\/06\/12\/rodriguez-pide-reunion-urgente-para-tratar-creditos-para-combustibles\/","og_site_name":"El Diario - Bolivia","article_publisher":"https:\/\/www.facebook.com\/eldiario.bolivia\/","article_published_time":"2025-06-12T09:33:47+00:00","og_image":[{"width":1123,"height":725,"url":"https:\/\/www.eldiario.net\/portal\/wp-content\/uploads\/2025\/06\/URGENTE-FOTO.webp","type":"image\/webp"}],"author":"Jeanette","twitter_card":"summary_large_image","twitter_creator":"@eldiario_net","twitter_site":"@eldiario_net","twitter_misc":{"Escrito por":"Jeanette","Tiempo de lectura":"2 minutos"},"schema":{"@context":"https:\/\/schema.org","@graph":[{"@type":"Article","@id":"https:\/\/www.eldiario.net\/portal\/2025\/06\/12\/rodriguez-pide-reunion-urgente-para-tratar-creditos-para-combustibles\/#article","isPartOf":{"@id":"https:\/\/www.eldiario.net\/portal\/2025\/06\/12\/rodriguez-pide-reunion-urgente-para-tratar-creditos-para-combustibles\/"},"author":{"name":"Jeanette","@id":"https:\/\/www.eldiario.net\/portal\/#\/schema\/person\/f46445640444750d7d753ccd04ae01b7"},"headline":"Rodr\u00edguez pide reuni\u00f3n \u201curgente\u201d para tratar cr\u00e9ditos para combustibles","datePublished":"2025-06-12T09:33:47+00:00","mainEntityOfPage":{"@id":"https:\/\/www.eldiario.net\/portal\/2025\/06\/12\/rodriguez-pide-reunion-urgente-para-tratar-creditos-para-combustibles\/"},"wordCount":277,"publisher":{"@id":"https:\/\/www.eldiario.net\/portal\/#organization"},"image":{"@id":"https:\/\/www.eldiario.net\/portal\/2025\/06\/12\/rodriguez-pide-reunion-urgente-para-tratar-creditos-para-combustibles\/#primaryimage"},"thumbnailUrl":"https:\/\/www.eldiario.net\/portal\/wp-content\/uploads\/2025\/06\/URGENTE-FOTO.webp","articleSection":["Pol\u00edtica"],"inLanguage":"es"},{"@type":"WebPage","@id":"https:\/\/www.eldiario.net\/portal\/2025\/06\/12\/rodriguez-pide-reunion-urgente-para-tratar-creditos-para-combustibles\/","url":"https:\/\/www.eldiario.net\/portal\/2025\/06\/12\/rodriguez-pide-reunion-urgente-para-tratar-creditos-para-combustibles\/","name":"Rodr\u00edguez pide reuni\u00f3n \u201curgente\u201d para tratar cr\u00e9ditos para combustibles - El Diario - Bolivia","isPartOf":{"@id":"https:\/\/www.eldiario.net\/portal\/#website"},"primaryImageOfPage":{"@id":"https:\/\/www.eldiario.net\/portal\/2025\/06\/12\/rodriguez-pide-reunion-urgente-para-tratar-creditos-para-combustibles\/#primaryimage"},"image":{"@id":"https:\/\/www.eldiario.net\/portal\/2025\/06\/12\/rodriguez-pide-reunion-urgente-para-tratar-creditos-para-combustibles\/#primaryimage"},"thumbnailUrl":"https:\/\/www.eldiario.net\/portal\/wp-content\/uploads\/2025\/06\/URGENTE-FOTO.webp","datePublished":"2025-06-12T09:33:47+00:00","breadcrumb":{"@id":"https:\/\/www.eldiario.net\/portal\/2025\/06\/12\/rodriguez-pide-reunion-urgente-para-tratar-creditos-para-combustibles\/#breadcrumb"},"inLanguage":"es","potentialAction":[{"@type":"ReadAction","target":["https:\/\/www.eldiario.net\/portal\/2025\/06\/12\/rodriguez-pide-reunion-urgente-para-tratar-creditos-para-combustibles\/"]}]},{"@type":"ImageObject","inLanguage":"es","@id":"https:\/\/www.eldiario.net\/portal\/2025\/06\/12\/rodriguez-pide-reunion-urgente-para-tratar-creditos-para-combustibles\/#primaryimage","url":"https:\/\/www.eldiario.net\/portal\/wp-content\/uploads\/2025\/06\/URGENTE-FOTO.webp","contentUrl":"https:\/\/www.eldiario.net\/portal\/wp-content\/uploads\/2025\/06\/URGENTE-FOTO.webp","width":1123,"height":725,"caption":"EL PRESIDENTE DE LA C\u00c1MARA DE SENADORES, ANDR\u00d3NICO RODR\u00cdGUEZ, EN CONFERENCIA DE PRENSA. FOTO: CAPTURA VIDEO"},{"@type":"BreadcrumbList","@id":"https:\/\/www.eldiario.net\/portal\/2025\/06\/12\/rodriguez-pide-reunion-urgente-para-tratar-creditos-para-combustibles\/#breadcrumb","itemListElement":[{"@type":"ListItem","position":1,"name":"Portada","item":"https:\/\/www.eldiario.net\/portal\/"},{"@type":"ListItem","position":2,"name":"Rodr\u00edguez pide reuni\u00f3n \u201curgente\u201d para tratar cr\u00e9ditos para combustibles"}]},{"@type":"WebSite","@id":"https:\/\/www.eldiario.net\/portal\/#website","url":"https:\/\/www.eldiario.net\/portal\/","name":"El Diario - Decano de la prensa nacional","description":"El Diario - Decano de la prensa nacional","publisher":{"@id":"https:\/\/www.eldiario.net\/portal\/#organization"},"potentialAction":[{"@type":"SearchAction","target":{"@type":"EntryPoint","urlTemplate":"https:\/\/www.eldiario.net\/portal\/?s={search_term_string}"},"query-input":{"@type":"PropertyValueSpecification","valueRequired":true,"valueName":"search_term_string"}}],"inLanguage":"es"},{"@type":"Organization","@id":"https:\/\/www.eldiario.net\/portal\/#organization","name":"El Diario - Decano de la prensa nacional","url":"https:\/\/www.eldiario.net\/portal\/","logo":{"@type":"ImageObject","inLanguage":"es","@id":"https:\/\/www.eldiario.net\/portal\/#\/schema\/logo\/image\/","url":"https:\/\/www.eldiario.net\/portal\/wp-content\/uploads\/2023\/07\/logo_ED.jpg","contentUrl":"https:\/\/www.eldiario.net\/portal\/wp-content\/uploads\/2023\/07\/logo_ED.jpg","width":272,"height":52,"caption":"El Diario - Decano de la prensa nacional"},"image":{"@id":"https:\/\/www.eldiario.net\/portal\/#\/schema\/logo\/image\/"},"sameAs":["https:\/\/www.facebook.com\/eldiario.bolivia\/","https:\/\/x.com\/eldiario_net"]},{"@type":"Person","@id":"https:\/\/www.eldiario.net\/portal\/#\/schema\/person\/f46445640444750d7d753ccd04ae01b7","name":"Jeanette","image":{"@type":"ImageObject","inLanguage":"es","@id":"https:\/\/secure.gravatar.com\/avatar\/3ea2118a5f7dad2b7138b1187a6b7ee55f160b9968b66013c3a3ef39dd7e5798?s=96&d=mm&r=g","url":"https:\/\/secure.gravatar.com\/avatar\/3ea2118a5f7dad2b7138b1187a6b7ee55f160b9968b66013c3a3ef39dd7e5798?s=96&d=mm&r=g","contentUrl":"https:\/\/secure.gravatar.com\/avatar\/3ea2118a5f7dad2b7138b1187a6b7ee55f160b9968b66013c3a3ef39dd7e5798?s=96&d=mm&r=g","caption":"Jeanette"},"sameAs":["https:\/\/www.eldiario.net\/portal"],"url":"https:\/\/www.eldiario.net\/portal\/author\/jeanette\/"}]}},"_links":{"self":[{"href":"https:\/\/www.eldiario.net\/portal\/wp-json\/wp\/v2\/posts\/309090","targetHints":{"allow":["GET"]}}],"collection":[{"href":"https:\/\/www.eldiario.net\/portal\/wp-json\/wp\/v2\/posts"}],"about":[{"href":"https:\/\/www.eldiario.net\/portal\/wp-json\/wp\/v2\/types\/post"}],"author":[{"embeddable":true,"href":"https:\/\/www.eldiario.net\/portal\/wp-json\/wp\/v2\/users\/1"}],"replies":[{"embeddable":true,"href":"https:\/\/www.eldiario.net\/portal\/wp-json\/wp\/v2\/comments?post=309090"}],"version-history":[{"count":1,"href":"https:\/\/www.eldiario.net\/portal\/wp-json\/wp\/v2\/posts\/309090\/revisions"}],"predecessor-version":[{"id":309092,"href":"https:\/\/www.eldiario.net\/portal\/wp-json\/wp\/v2\/posts\/309090\/revisions\/309092"}],"wp:featuredmedia":[{"embeddable":true,"href":"https:\/\/www.eldiario.net\/portal\/wp-json\/wp\/v2\/media\/309091"}],"wp:attachment":[{"href":"https:\/\/www.eldiario.net\/portal\/wp-json\/wp\/v2\/media?parent=309090"}],"wp:term":[{"taxonomy":"category","embeddable":true,"href":"https:\/\/www.eldiario.net\/portal\/wp-json\/wp\/v2\/categories?post=309090"},{"taxonomy":"post_tag","embeddable":true,"href":"https:\/\/www.eldiario.net\/portal\/wp-json\/wp\/v2\/tags?post=309090"}],"curies":[{"name":"wp","href":"https:\/\/api.w.org\/{rel}","templated":true}]}}