{"id":309085,"date":"2025-06-12T05:30:32","date_gmt":"2025-06-12T09:30:32","guid":{"rendered":"https:\/\/www.eldiario.net\/portal\/?p=309085"},"modified":"2025-06-12T05:30:32","modified_gmt":"2025-06-12T09:30:32","slug":"tres-policias-muertos-tras-brutal-emboscada-de-evistas-en-desbloqueo","status":"publish","type":"post","link":"https:\/\/www.eldiario.net\/portal\/2025\/06\/12\/tres-policias-muertos-tras-brutal-emboscada-de-evistas-en-desbloqueo\/","title":{"rendered":"Tres polic\u00edas muertos tras brutal  emboscada de \u201cevistas\u201d en desbloqueo"},"content":{"rendered":"<p>Tres polic\u00edas fallecidos, veh\u00edculos incendiados y emboscadas con el uso de armas de fuego y explosivos son el resultado de una segunda jornada violenta en Llallagua, al norte de Potos\u00ed, donde ayllus afines al \u201cevismo\u201d nuevamente dejaron luto, sangre y terror a su paso.<\/p>\n<p>Fuentes oficiales confirmaron ayer los decesos de los subtenientes, Carlos Enrique Apata Tola y Brayan Jorge Barrozo Rodr\u00edguez, por disparos de fuego mientras las fuerzas del orden se enfrentaban a un s\u00e9quito numeroso de bloqueadores \u201cevistas\u201d en Llallagua.<\/p>\n<p>Posteriormente, se supo del deceso del sargento segundo Alberto Morales Mamani de la Unidad de Bomberos.<\/p>\n<p>Asimismo, el capit\u00e1n de Polic\u00eda, Daynor Miranda Blanco, result\u00f3 gravemente herido y lucha por su vida, seg\u00fan inform\u00f3 el viceministro de R\u00e9gimen Interior, Jhonny Aguilera.<\/p>\n<p>La autoridad mencion\u00f3 que Barrozo y Miranda fueron atacados en el sector M\u00e9xico Chico, donde bloqueadores emboscaron a un contingente policial \u2014enviado horas antes para restablecer el orden\u2014 con piedras, explosivos y armas de fuego.<\/p>\n<p>En im\u00e1genes que circularon por redes sociales se pudo observar un veh\u00edculo de transporte interdepartamental ardiendo en la carretera, bloqueadores apuntando a los efectivos con rifles desde lo alto de un monte e incluso un grupo golpeando salvajemente a una persona en el suelo, mientras le dejaban caer piedras de gran tama\u00f1o.<\/p>\n<p>Seg\u00fan el ministro de Gobierno, Roberto R\u00edos, estas protestas distan de ser demandas sociales leg\u00edtimas, sino que suponen una artima\u00f1a violenta en busca de \u201cforzar una candidatura inconstitucional\u201d de Evo Morales \u201ca\u00fan a costa de vidas humanas y por encima de los intereses del pueblo boliviano\u201d.<\/p>\n<p>Un contingente policial fue enviado ayer a Llallagua por tierra y aire, con el objetivo de desbloquear las carreteras y garantizar el paso vehicular en la zona. Efectivos fueron incluso desplegados en paraca\u00eddas, por los bloqueos de caminos instalados por el \u201cevismo\u201d, sin imaginar que a su llegada se encontrar\u00edan con una resistencia violencia del sector dispuesta a quitarles la vida por defender los intereses de Morales.<\/p>\n<p>M\u00c1S INFORMACI\u00d3N: SEGURIDAD<\/p>\n\r\n                <style type=\"text\/css\">\r\n                    \r\n                    #tdi_1  .td-doubleSlider-2 .td-item1 {\r\n                        background: url(https:\/\/www.eldiario.net\/portal\/wp-content\/uploads\/2025\/06\/APER-FOTO-3-80x60.webp) 0 0 no-repeat;\r\n                    }\r\n                    #tdi_1  .td-doubleSlider-2 .td-item2 {\r\n                        background: url(https:\/\/www.eldiario.net\/portal\/wp-content\/uploads\/2025\/06\/APER-FOTO-80x60.webp) 0 0 no-repeat;\r\n                    }\r\n                    #tdi_1  .td-doubleSlider-2 .td-item3 {\r\n                        background: url(https:\/\/www.eldiario.net\/portal\/wp-content\/uploads\/2025\/06\/APER-FOTO-2-80x60.webp) 0 0 no-repeat;\r\n                    }\r\n                <\/style>\r\n\r\n                <div id=\"tdi_1\" class=\"td-gallery td-slide-on-2-columns\">\r\n                    <div class=\"post_td_gallery\">\r\n                        <div class=\"td-gallery-slide-top\">\r\n                           <div class=\"td-gallery-title\"><\/div>\r\n\r\n                            <div class=\"td-gallery-controls-wrapper\">\r\n                                <div class=\"td-gallery-slide-count\"><span class=\"td-gallery-slide-item-focus\">1<\/span> de 3<\/div>\r\n                                <div class=\"td-gallery-slide-prev-next-but\">\r\n                                    <i class = \"td-icon-left doubleSliderPrevButton\"><\/i>\r\n                                    <i class = \"td-icon-right doubleSliderNextButton\"><\/i>\r\n                                <\/div>\r\n                            <\/div>\r\n                        <\/div>\r\n\r\n                        <div class = \"td-doubleSlider-1 \">\r\n                            <div class = \"td-slider\">\r\n                                \r\n                    <div class = \"td-slide-item td-item1\">\r\n                        <figure class=\"td-slide-galery-figure td-slide-popup-gallery\">\r\n                            <a class=\"slide-gallery-image-link\" href=\"https:\/\/www.eldiario.net\/portal\/wp-content\/uploads\/2025\/06\/APER-FOTO-3.webp\" title=\"APER-FOTO-3\"  data-caption=\"FAMILIARES DE POLIC\u00cdAS Y JUBILADOS REPUDIARON EN COCHABAMBA POR LAS AGRESIONES A LOS EFECTIVOS DEL VERDE OLIVO EN LOS PUNTOS DE BLOQUEO. FOTO: APG\"  data-description=\"\">\r\n                                <img decoding=\"async\" src=\"https:\/\/www.eldiario.net\/portal\/wp-content\/uploads\/2025\/06\/APER-FOTO-3-630x420.webp\" srcset=\"https:\/\/www.eldiario.net\/portal\/wp-content\/uploads\/2025\/06\/APER-FOTO-3-630x420.webp 630w, https:\/\/www.eldiario.net\/portal\/wp-content\/uploads\/2025\/06\/APER-FOTO-3-300x200.webp 300w, https:\/\/www.eldiario.net\/portal\/wp-content\/uploads\/2025\/06\/APER-FOTO-3-1024x683.webp 1024w, https:\/\/www.eldiario.net\/portal\/wp-content\/uploads\/2025\/06\/APER-FOTO-3-768x512.webp 768w, https:\/\/www.eldiario.net\/portal\/wp-content\/uploads\/2025\/06\/APER-FOTO-3-696x464.webp 696w, https:\/\/www.eldiario.net\/portal\/wp-content\/uploads\/2025\/06\/APER-FOTO-3-1068x712.webp 1068w, https:\/\/www.eldiario.net\/portal\/wp-content\/uploads\/2025\/06\/APER-FOTO-3.webp 1200w\" sizes=\"(max-width: 630px) 100vw, 630px\" alt=\"\">\r\n                            <\/a>\r\n                            <figcaption class = \"td-slide-caption td-gallery-slide-content\"><div class = \"td-gallery-slide-copywrite\">FAMILIARES DE POLIC\u00cdAS Y JUBILADOS REPUDIARON EN COCHABAMBA POR LAS AGRESIONES A LOS EFECTIVOS DEL VERDE OLIVO EN LOS PUNTOS DE BLOQUEO. FOTO: APG<\/div><\/figcaption>\r\n                        <\/figure>\r\n                    <\/div>\r\n                    <div class = \"td-slide-item td-item2\">\r\n                        <figure class=\"td-slide-galery-figure td-slide-popup-gallery\">\r\n                            <a class=\"slide-gallery-image-link\" href=\"https:\/\/www.eldiario.net\/portal\/wp-content\/uploads\/2025\/06\/APER-FOTO.webp\" title=\"APER-FOTO\"  data-caption=\"POLIC\u00cdAS FALLECIDOS EN LLALLAGUA. FOTO: COMPOSICI\u00d3N EL DIARIO\"  data-description=\"\">\r\n                                <img decoding=\"async\" src=\"https:\/\/www.eldiario.net\/portal\/wp-content\/uploads\/2025\/06\/APER-FOTO-746x420.webp\" srcset=\"https:\/\/www.eldiario.net\/portal\/wp-content\/uploads\/2025\/06\/APER-FOTO-746x420.webp 746w, https:\/\/www.eldiario.net\/portal\/wp-content\/uploads\/2025\/06\/APER-FOTO-300x169.webp 300w, https:\/\/www.eldiario.net\/portal\/wp-content\/uploads\/2025\/06\/APER-FOTO-1024x576.webp 1024w, https:\/\/www.eldiario.net\/portal\/wp-content\/uploads\/2025\/06\/APER-FOTO-768x432.webp 768w, https:\/\/www.eldiario.net\/portal\/wp-content\/uploads\/2025\/06\/APER-FOTO-696x392.webp 696w, https:\/\/www.eldiario.net\/portal\/wp-content\/uploads\/2025\/06\/APER-FOTO-1068x601.webp 1068w, https:\/\/www.eldiario.net\/portal\/wp-content\/uploads\/2025\/06\/APER-FOTO.webp 1400w\" sizes=\"(max-width: 746px) 100vw, 746px\" alt=\"\">\r\n                            <\/a>\r\n                            <figcaption class = \"td-slide-caption td-gallery-slide-content\"><div class = \"td-gallery-slide-copywrite\">POLIC\u00cdAS FALLECIDOS EN LLALLAGUA. FOTO: COMPOSICI\u00d3N EL DIARIO<\/div><\/figcaption>\r\n                        <\/figure>\r\n                    <\/div>\r\n                    <div class = \"td-slide-item td-item3\">\r\n                        <figure class=\"td-slide-galery-figure td-slide-popup-gallery\">\r\n                            <a class=\"slide-gallery-image-link\" href=\"https:\/\/www.eldiario.net\/portal\/wp-content\/uploads\/2025\/06\/APER-FOTO-2.webp\" title=\"APER-FOTO-2\"  data-caption=\"EL ESTADO EN QUE QUED\u00d3 LA FLOTA INCENDIADA POR BLOQUEADORES &quot;EVISTAS&quot;.  FOTO: ERBOL\"  data-description=\"\">\r\n                                <img decoding=\"async\" src=\"https:\/\/www.eldiario.net\/portal\/wp-content\/uploads\/2025\/06\/APER-FOTO-2-748x420.webp\" srcset=\"https:\/\/www.eldiario.net\/portal\/wp-content\/uploads\/2025\/06\/APER-FOTO-2-748x420.webp 748w, https:\/\/www.eldiario.net\/portal\/wp-content\/uploads\/2025\/06\/APER-FOTO-2-300x169.webp 300w, https:\/\/www.eldiario.net\/portal\/wp-content\/uploads\/2025\/06\/APER-FOTO-2-768x431.webp 768w, https:\/\/www.eldiario.net\/portal\/wp-content\/uploads\/2025\/06\/APER-FOTO-2-696x391.webp 696w, https:\/\/www.eldiario.net\/portal\/wp-content\/uploads\/2025\/06\/APER-FOTO-2.webp 979w\" sizes=\"(max-width: 748px) 100vw, 748px\" alt=\"\">\r\n                            <\/a>\r\n                            <figcaption class = \"td-slide-caption td-gallery-slide-content\"><div class = \"td-gallery-slide-copywrite\">EL ESTADO EN QUE QUED\u00d3 LA FLOTA INCENDIADA POR BLOQUEADORES \"EVISTAS\".  FOTO: ERBOL<\/div><\/figcaption>\r\n                        <\/figure>\r\n                    <\/div>\r\n                            <\/div>\r\n                        <\/div>\r\n\r\n                        <div class = \"td-doubleSlider-2\">\r\n                            <div class = \"td-slider\">\r\n                                \r\n                    <div class = \"td-button td-item1\">\r\n                        <div class = \"td-border\"><\/div>\r\n                    <\/div>\r\n                    <div class = \"td-button td-item2\">\r\n                        <div class = \"td-border\"><\/div>\r\n                    <\/div>\r\n                    <div class = \"td-button td-item3\">\r\n                        <div class = \"td-border\"><\/div>\r\n                    <\/div>\r\n                            <\/div>\r\n                        <\/div>\r\n\r\n                    <\/div>\r\n\r\n                <\/div>\r\n                \n","protected":false},"excerpt":{"rendered":"<p>Tres polic\u00edas fallecidos, veh\u00edculos incendiados y emboscadas con el uso de armas de fuego y explosivos son el resultado de una segunda jornada violenta en Llallagua, al norte de Potos\u00ed, donde ayllus afines al \u201cevismo\u201d nuevamente dejaron luto, sangre y terror a su paso. Fuentes oficiales confirmaron ayer los decesos de los subtenientes, Carlos Enrique [&hellip;]<\/p>\n","protected":false},"author":1,"featured_media":309087,"comment_status":"closed","ping_status":"open","sticky":false,"template":"","format":"standard","meta":{"_acf_changed":false,"footnotes":""},"categories":[17],"tags":[],"class_list":["post-309085","post","type-post","status-publish","format-standard","has-post-thumbnail","category-principal"],"acf":{"antetitulo":"Tragedia y luto en Llallagua "},"yoast_head":"<!-- This site is optimized with the Yoast SEO plugin v28.4 - https:\/\/yoast.com\/product\/yoast-seo-wordpress\/ -->\n<title>Tres polic\u00edas muertos tras brutal emboscada de \u201cevistas\u201d en desbloqueo - El Diario - Bolivia<\/title>\n<meta name=\"robots\" content=\"index, follow, max-snippet:-1, max-image-preview:large, max-video-preview:-1\" \/>\n<link rel=\"canonical\" href=\"https:\/\/www.eldiario.net\/portal\/2025\/06\/12\/tres-policias-muertos-tras-brutal-emboscada-de-evistas-en-desbloqueo\/\" \/>\n<meta property=\"og:locale\" content=\"es_ES\" \/>\n<meta property=\"og:type\" content=\"article\" \/>\n<meta property=\"og:title\" content=\"Tres polic\u00edas muertos tras brutal emboscada de \u201cevistas\u201d en desbloqueo - El Diario - Bolivia\" \/>\n<meta property=\"og:description\" content=\"Tres polic\u00edas fallecidos, veh\u00edculos incendiados y emboscadas con el uso de armas de fuego y explosivos son el resultado de una segunda jornada violenta en Llallagua, al norte de Potos\u00ed, donde ayllus afines al \u201cevismo\u201d nuevamente dejaron luto, sangre y terror a su paso. Fuentes oficiales confirmaron ayer los decesos de los subtenientes, Carlos Enrique [&hellip;]\" \/>\n<meta property=\"og:url\" content=\"https:\/\/www.eldiario.net\/portal\/2025\/06\/12\/tres-policias-muertos-tras-brutal-emboscada-de-evistas-en-desbloqueo\/\" \/>\n<meta property=\"og:site_name\" content=\"El Diario - Bolivia\" \/>\n<meta property=\"article:publisher\" content=\"https:\/\/www.facebook.com\/eldiario.bolivia\/\" \/>\n<meta property=\"article:published_time\" content=\"2025-06-12T09:30:32+00:00\" \/>\n<meta property=\"og:image\" content=\"https:\/\/www.eldiario.net\/portal\/wp-content\/uploads\/2025\/06\/APER-FOTO.webp\" \/>\n\t<meta property=\"og:image:width\" content=\"1400\" \/>\n\t<meta property=\"og:image:height\" content=\"788\" \/>\n\t<meta property=\"og:image:type\" content=\"image\/webp\" \/>\n<meta name=\"author\" content=\"Jeanette\" \/>\n<meta name=\"twitter:card\" content=\"summary_large_image\" \/>\n<meta name=\"twitter:creator\" content=\"@eldiario_net\" \/>\n<meta name=\"twitter:site\" content=\"@eldiario_net\" \/>\n<meta name=\"twitter:label1\" content=\"Escrito por\" \/>\n\t<meta name=\"twitter:data1\" content=\"Jeanette\" \/>\n\t<meta name=\"twitter:label2\" content=\"Tiempo de lectura\" \/>\n\t<meta name=\"twitter:data2\" content=\"2 minutos\" \/>\n<script type=\"application\/ld+json\" class=\"yoast-schema-graph\">{\"@context\":\"https:\\\/\\\/schema.org\",\"@graph\":[{\"@type\":\"Article\",\"@id\":\"https:\\\/\\\/www.eldiario.net\\\/portal\\\/2025\\\/06\\\/12\\\/tres-policias-muertos-tras-brutal-emboscada-de-evistas-en-desbloqueo\\\/#article\",\"isPartOf\":{\"@id\":\"https:\\\/\\\/www.eldiario.net\\\/portal\\\/2025\\\/06\\\/12\\\/tres-policias-muertos-tras-brutal-emboscada-de-evistas-en-desbloqueo\\\/\"},\"author\":{\"name\":\"Jeanette\",\"@id\":\"https:\\\/\\\/www.eldiario.net\\\/portal\\\/#\\\/schema\\\/person\\\/f46445640444750d7d753ccd04ae01b7\"},\"headline\":\"Tres polic\u00edas muertos tras brutal emboscada de \u201cevistas\u201d en desbloqueo\",\"datePublished\":\"2025-06-12T09:30:32+00:00\",\"mainEntityOfPage\":{\"@id\":\"https:\\\/\\\/www.eldiario.net\\\/portal\\\/2025\\\/06\\\/12\\\/tres-policias-muertos-tras-brutal-emboscada-de-evistas-en-desbloqueo\\\/\"},\"wordCount\":367,\"publisher\":{\"@id\":\"https:\\\/\\\/www.eldiario.net\\\/portal\\\/#organization\"},\"image\":{\"@id\":\"https:\\\/\\\/www.eldiario.net\\\/portal\\\/2025\\\/06\\\/12\\\/tres-policias-muertos-tras-brutal-emboscada-de-evistas-en-desbloqueo\\\/#primaryimage\"},\"thumbnailUrl\":\"https:\\\/\\\/www.eldiario.net\\\/portal\\\/wp-content\\\/uploads\\\/2025\\\/06\\\/APER-FOTO.webp\",\"articleSection\":[\"Principal\"],\"inLanguage\":\"es\"},{\"@type\":\"WebPage\",\"@id\":\"https:\\\/\\\/www.eldiario.net\\\/portal\\\/2025\\\/06\\\/12\\\/tres-policias-muertos-tras-brutal-emboscada-de-evistas-en-desbloqueo\\\/\",\"url\":\"https:\\\/\\\/www.eldiario.net\\\/portal\\\/2025\\\/06\\\/12\\\/tres-policias-muertos-tras-brutal-emboscada-de-evistas-en-desbloqueo\\\/\",\"name\":\"Tres polic\u00edas muertos tras brutal emboscada de \u201cevistas\u201d en desbloqueo - El Diario - Bolivia\",\"isPartOf\":{\"@id\":\"https:\\\/\\\/www.eldiario.net\\\/portal\\\/#website\"},\"primaryImageOfPage\":{\"@id\":\"https:\\\/\\\/www.eldiario.net\\\/portal\\\/2025\\\/06\\\/12\\\/tres-policias-muertos-tras-brutal-emboscada-de-evistas-en-desbloqueo\\\/#primaryimage\"},\"image\":{\"@id\":\"https:\\\/\\\/www.eldiario.net\\\/portal\\\/2025\\\/06\\\/12\\\/tres-policias-muertos-tras-brutal-emboscada-de-evistas-en-desbloqueo\\\/#primaryimage\"},\"thumbnailUrl\":\"https:\\\/\\\/www.eldiario.net\\\/portal\\\/wp-content\\\/uploads\\\/2025\\\/06\\\/APER-FOTO.webp\",\"datePublished\":\"2025-06-12T09:30:32+00:00\",\"breadcrumb\":{\"@id\":\"https:\\\/\\\/www.eldiario.net\\\/portal\\\/2025\\\/06\\\/12\\\/tres-policias-muertos-tras-brutal-emboscada-de-evistas-en-desbloqueo\\\/#breadcrumb\"},\"inLanguage\":\"es\",\"potentialAction\":[{\"@type\":\"ReadAction\",\"target\":[\"https:\\\/\\\/www.eldiario.net\\\/portal\\\/2025\\\/06\\\/12\\\/tres-policias-muertos-tras-brutal-emboscada-de-evistas-en-desbloqueo\\\/\"]}]},{\"@type\":\"ImageObject\",\"inLanguage\":\"es\",\"@id\":\"https:\\\/\\\/www.eldiario.net\\\/portal\\\/2025\\\/06\\\/12\\\/tres-policias-muertos-tras-brutal-emboscada-de-evistas-en-desbloqueo\\\/#primaryimage\",\"url\":\"https:\\\/\\\/www.eldiario.net\\\/portal\\\/wp-content\\\/uploads\\\/2025\\\/06\\\/APER-FOTO.webp\",\"contentUrl\":\"https:\\\/\\\/www.eldiario.net\\\/portal\\\/wp-content\\\/uploads\\\/2025\\\/06\\\/APER-FOTO.webp\",\"width\":1400,\"height\":788,\"caption\":\"POLIC\u00cdAS FALLECIDOS EN LLALLAGUA. FOTO: COMPOSICI\u00d3N EL DIARIO\"},{\"@type\":\"BreadcrumbList\",\"@id\":\"https:\\\/\\\/www.eldiario.net\\\/portal\\\/2025\\\/06\\\/12\\\/tres-policias-muertos-tras-brutal-emboscada-de-evistas-en-desbloqueo\\\/#breadcrumb\",\"itemListElement\":[{\"@type\":\"ListItem\",\"position\":1,\"name\":\"Portada\",\"item\":\"https:\\\/\\\/www.eldiario.net\\\/portal\\\/\"},{\"@type\":\"ListItem\",\"position\":2,\"name\":\"Tres polic\u00edas muertos tras brutal emboscada de \u201cevistas\u201d en desbloqueo\"}]},{\"@type\":\"WebSite\",\"@id\":\"https:\\\/\\\/www.eldiario.net\\\/portal\\\/#website\",\"url\":\"https:\\\/\\\/www.eldiario.net\\\/portal\\\/\",\"name\":\"El Diario - Decano de la prensa nacional\",\"description\":\"El Diario - Decano de la prensa nacional\",\"publisher\":{\"@id\":\"https:\\\/\\\/www.eldiario.net\\\/portal\\\/#organization\"},\"potentialAction\":[{\"@type\":\"SearchAction\",\"target\":{\"@type\":\"EntryPoint\",\"urlTemplate\":\"https:\\\/\\\/www.eldiario.net\\\/portal\\\/?s={search_term_string}\"},\"query-input\":{\"@type\":\"PropertyValueSpecification\",\"valueRequired\":true,\"valueName\":\"search_term_string\"}}],\"inLanguage\":\"es\"},{\"@type\":\"Organization\",\"@id\":\"https:\\\/\\\/www.eldiario.net\\\/portal\\\/#organization\",\"name\":\"El Diario - Decano de la prensa nacional\",\"url\":\"https:\\\/\\\/www.eldiario.net\\\/portal\\\/\",\"logo\":{\"@type\":\"ImageObject\",\"inLanguage\":\"es\",\"@id\":\"https:\\\/\\\/www.eldiario.net\\\/portal\\\/#\\\/schema\\\/logo\\\/image\\\/\",\"url\":\"https:\\\/\\\/www.eldiario.net\\\/portal\\\/wp-content\\\/uploads\\\/2023\\\/07\\\/logo_ED.jpg\",\"contentUrl\":\"https:\\\/\\\/www.eldiario.net\\\/portal\\\/wp-content\\\/uploads\\\/2023\\\/07\\\/logo_ED.jpg\",\"width\":272,\"height\":52,\"caption\":\"El Diario - Decano de la prensa nacional\"},\"image\":{\"@id\":\"https:\\\/\\\/www.eldiario.net\\\/portal\\\/#\\\/schema\\\/logo\\\/image\\\/\"},\"sameAs\":[\"https:\\\/\\\/www.facebook.com\\\/eldiario.bolivia\\\/\",\"https:\\\/\\\/x.com\\\/eldiario_net\"]},{\"@type\":\"Person\",\"@id\":\"https:\\\/\\\/www.eldiario.net\\\/portal\\\/#\\\/schema\\\/person\\\/f46445640444750d7d753ccd04ae01b7\",\"name\":\"Jeanette\",\"image\":{\"@type\":\"ImageObject\",\"inLanguage\":\"es\",\"@id\":\"https:\\\/\\\/secure.gravatar.com\\\/avatar\\\/3ea2118a5f7dad2b7138b1187a6b7ee55f160b9968b66013c3a3ef39dd7e5798?s=96&d=mm&r=g\",\"url\":\"https:\\\/\\\/secure.gravatar.com\\\/avatar\\\/3ea2118a5f7dad2b7138b1187a6b7ee55f160b9968b66013c3a3ef39dd7e5798?s=96&d=mm&r=g\",\"contentUrl\":\"https:\\\/\\\/secure.gravatar.com\\\/avatar\\\/3ea2118a5f7dad2b7138b1187a6b7ee55f160b9968b66013c3a3ef39dd7e5798?s=96&d=mm&r=g\",\"caption\":\"Jeanette\"},\"sameAs\":[\"https:\\\/\\\/www.eldiario.net\\\/portal\"],\"url\":\"https:\\\/\\\/www.eldiario.net\\\/portal\\\/author\\\/jeanette\\\/\"}]}<\/script>\n<!-- \/ Yoast SEO plugin. -->","yoast_head_json":{"title":"Tres polic\u00edas muertos tras brutal emboscada de \u201cevistas\u201d en desbloqueo - El Diario - Bolivia","robots":{"index":"index","follow":"follow","max-snippet":"max-snippet:-1","max-image-preview":"max-image-preview:large","max-video-preview":"max-video-preview:-1"},"canonical":"https:\/\/www.eldiario.net\/portal\/2025\/06\/12\/tres-policias-muertos-tras-brutal-emboscada-de-evistas-en-desbloqueo\/","og_locale":"es_ES","og_type":"article","og_title":"Tres polic\u00edas muertos tras brutal emboscada de \u201cevistas\u201d en desbloqueo - El Diario - Bolivia","og_description":"Tres polic\u00edas fallecidos, veh\u00edculos incendiados y emboscadas con el uso de armas de fuego y explosivos son el resultado de una segunda jornada violenta en Llallagua, al norte de Potos\u00ed, donde ayllus afines al \u201cevismo\u201d nuevamente dejaron luto, sangre y terror a su paso. Fuentes oficiales confirmaron ayer los decesos de los subtenientes, Carlos Enrique [&hellip;]","og_url":"https:\/\/www.eldiario.net\/portal\/2025\/06\/12\/tres-policias-muertos-tras-brutal-emboscada-de-evistas-en-desbloqueo\/","og_site_name":"El Diario - Bolivia","article_publisher":"https:\/\/www.facebook.com\/eldiario.bolivia\/","article_published_time":"2025-06-12T09:30:32+00:00","og_image":[{"width":1400,"height":788,"url":"https:\/\/www.eldiario.net\/portal\/wp-content\/uploads\/2025\/06\/APER-FOTO.webp","type":"image\/webp"}],"author":"Jeanette","twitter_card":"summary_large_image","twitter_creator":"@eldiario_net","twitter_site":"@eldiario_net","twitter_misc":{"Escrito por":"Jeanette","Tiempo de lectura":"2 minutos"},"schema":{"@context":"https:\/\/schema.org","@graph":[{"@type":"Article","@id":"https:\/\/www.eldiario.net\/portal\/2025\/06\/12\/tres-policias-muertos-tras-brutal-emboscada-de-evistas-en-desbloqueo\/#article","isPartOf":{"@id":"https:\/\/www.eldiario.net\/portal\/2025\/06\/12\/tres-policias-muertos-tras-brutal-emboscada-de-evistas-en-desbloqueo\/"},"author":{"name":"Jeanette","@id":"https:\/\/www.eldiario.net\/portal\/#\/schema\/person\/f46445640444750d7d753ccd04ae01b7"},"headline":"Tres polic\u00edas muertos tras brutal emboscada de \u201cevistas\u201d en desbloqueo","datePublished":"2025-06-12T09:30:32+00:00","mainEntityOfPage":{"@id":"https:\/\/www.eldiario.net\/portal\/2025\/06\/12\/tres-policias-muertos-tras-brutal-emboscada-de-evistas-en-desbloqueo\/"},"wordCount":367,"publisher":{"@id":"https:\/\/www.eldiario.net\/portal\/#organization"},"image":{"@id":"https:\/\/www.eldiario.net\/portal\/2025\/06\/12\/tres-policias-muertos-tras-brutal-emboscada-de-evistas-en-desbloqueo\/#primaryimage"},"thumbnailUrl":"https:\/\/www.eldiario.net\/portal\/wp-content\/uploads\/2025\/06\/APER-FOTO.webp","articleSection":["Principal"],"inLanguage":"es"},{"@type":"WebPage","@id":"https:\/\/www.eldiario.net\/portal\/2025\/06\/12\/tres-policias-muertos-tras-brutal-emboscada-de-evistas-en-desbloqueo\/","url":"https:\/\/www.eldiario.net\/portal\/2025\/06\/12\/tres-policias-muertos-tras-brutal-emboscada-de-evistas-en-desbloqueo\/","name":"Tres polic\u00edas muertos tras brutal emboscada de \u201cevistas\u201d en desbloqueo - El Diario - Bolivia","isPartOf":{"@id":"https:\/\/www.eldiario.net\/portal\/#website"},"primaryImageOfPage":{"@id":"https:\/\/www.eldiario.net\/portal\/2025\/06\/12\/tres-policias-muertos-tras-brutal-emboscada-de-evistas-en-desbloqueo\/#primaryimage"},"image":{"@id":"https:\/\/www.eldiario.net\/portal\/2025\/06\/12\/tres-policias-muertos-tras-brutal-emboscada-de-evistas-en-desbloqueo\/#primaryimage"},"thumbnailUrl":"https:\/\/www.eldiario.net\/portal\/wp-content\/uploads\/2025\/06\/APER-FOTO.webp","datePublished":"2025-06-12T09:30:32+00:00","breadcrumb":{"@id":"https:\/\/www.eldiario.net\/portal\/2025\/06\/12\/tres-policias-muertos-tras-brutal-emboscada-de-evistas-en-desbloqueo\/#breadcrumb"},"inLanguage":"es","potentialAction":[{"@type":"ReadAction","target":["https:\/\/www.eldiario.net\/portal\/2025\/06\/12\/tres-policias-muertos-tras-brutal-emboscada-de-evistas-en-desbloqueo\/"]}]},{"@type":"ImageObject","inLanguage":"es","@id":"https:\/\/www.eldiario.net\/portal\/2025\/06\/12\/tres-policias-muertos-tras-brutal-emboscada-de-evistas-en-desbloqueo\/#primaryimage","url":"https:\/\/www.eldiario.net\/portal\/wp-content\/uploads\/2025\/06\/APER-FOTO.webp","contentUrl":"https:\/\/www.eldiario.net\/portal\/wp-content\/uploads\/2025\/06\/APER-FOTO.webp","width":1400,"height":788,"caption":"POLIC\u00cdAS FALLECIDOS EN LLALLAGUA. FOTO: COMPOSICI\u00d3N EL DIARIO"},{"@type":"BreadcrumbList","@id":"https:\/\/www.eldiario.net\/portal\/2025\/06\/12\/tres-policias-muertos-tras-brutal-emboscada-de-evistas-en-desbloqueo\/#breadcrumb","itemListElement":[{"@type":"ListItem","position":1,"name":"Portada","item":"https:\/\/www.eldiario.net\/portal\/"},{"@type":"ListItem","position":2,"name":"Tres polic\u00edas muertos tras brutal emboscada de \u201cevistas\u201d en desbloqueo"}]},{"@type":"WebSite","@id":"https:\/\/www.eldiario.net\/portal\/#website","url":"https:\/\/www.eldiario.net\/portal\/","name":"El Diario - Decano de la prensa nacional","description":"El Diario - Decano de la prensa nacional","publisher":{"@id":"https:\/\/www.eldiario.net\/portal\/#organization"},"potentialAction":[{"@type":"SearchAction","target":{"@type":"EntryPoint","urlTemplate":"https:\/\/www.eldiario.net\/portal\/?s={search_term_string}"},"query-input":{"@type":"PropertyValueSpecification","valueRequired":true,"valueName":"search_term_string"}}],"inLanguage":"es"},{"@type":"Organization","@id":"https:\/\/www.eldiario.net\/portal\/#organization","name":"El Diario - Decano de la prensa nacional","url":"https:\/\/www.eldiario.net\/portal\/","logo":{"@type":"ImageObject","inLanguage":"es","@id":"https:\/\/www.eldiario.net\/portal\/#\/schema\/logo\/image\/","url":"https:\/\/www.eldiario.net\/portal\/wp-content\/uploads\/2023\/07\/logo_ED.jpg","contentUrl":"https:\/\/www.eldiario.net\/portal\/wp-content\/uploads\/2023\/07\/logo_ED.jpg","width":272,"height":52,"caption":"El Diario - Decano de la prensa nacional"},"image":{"@id":"https:\/\/www.eldiario.net\/portal\/#\/schema\/logo\/image\/"},"sameAs":["https:\/\/www.facebook.com\/eldiario.bolivia\/","https:\/\/x.com\/eldiario_net"]},{"@type":"Person","@id":"https:\/\/www.eldiario.net\/portal\/#\/schema\/person\/f46445640444750d7d753ccd04ae01b7","name":"Jeanette","image":{"@type":"ImageObject","inLanguage":"es","@id":"https:\/\/secure.gravatar.com\/avatar\/3ea2118a5f7dad2b7138b1187a6b7ee55f160b9968b66013c3a3ef39dd7e5798?s=96&d=mm&r=g","url":"https:\/\/secure.gravatar.com\/avatar\/3ea2118a5f7dad2b7138b1187a6b7ee55f160b9968b66013c3a3ef39dd7e5798?s=96&d=mm&r=g","contentUrl":"https:\/\/secure.gravatar.com\/avatar\/3ea2118a5f7dad2b7138b1187a6b7ee55f160b9968b66013c3a3ef39dd7e5798?s=96&d=mm&r=g","caption":"Jeanette"},"sameAs":["https:\/\/www.eldiario.net\/portal"],"url":"https:\/\/www.eldiario.net\/portal\/author\/jeanette\/"}]}},"_links":{"self":[{"href":"https:\/\/www.eldiario.net\/portal\/wp-json\/wp\/v2\/posts\/309085","targetHints":{"allow":["GET"]}}],"collection":[{"href":"https:\/\/www.eldiario.net\/portal\/wp-json\/wp\/v2\/posts"}],"about":[{"href":"https:\/\/www.eldiario.net\/portal\/wp-json\/wp\/v2\/types\/post"}],"author":[{"embeddable":true,"href":"https:\/\/www.eldiario.net\/portal\/wp-json\/wp\/v2\/users\/1"}],"replies":[{"embeddable":true,"href":"https:\/\/www.eldiario.net\/portal\/wp-json\/wp\/v2\/comments?post=309085"}],"version-history":[{"count":1,"href":"https:\/\/www.eldiario.net\/portal\/wp-json\/wp\/v2\/posts\/309085\/revisions"}],"predecessor-version":[{"id":309089,"href":"https:\/\/www.eldiario.net\/portal\/wp-json\/wp\/v2\/posts\/309085\/revisions\/309089"}],"wp:featuredmedia":[{"embeddable":true,"href":"https:\/\/www.eldiario.net\/portal\/wp-json\/wp\/v2\/media\/309087"}],"wp:attachment":[{"href":"https:\/\/www.eldiario.net\/portal\/wp-json\/wp\/v2\/media?parent=309085"}],"wp:term":[{"taxonomy":"category","embeddable":true,"href":"https:\/\/www.eldiario.net\/portal\/wp-json\/wp\/v2\/categories?post=309085"},{"taxonomy":"post_tag","embeddable":true,"href":"https:\/\/www.eldiario.net\/portal\/wp-json\/wp\/v2\/tags?post=309085"}],"curies":[{"name":"wp","href":"https:\/\/api.w.org\/{rel}","templated":true}]}}