{"id":309079,"date":"2025-06-12T05:28:38","date_gmt":"2025-06-12T09:28:38","guid":{"rendered":"https:\/\/www.eldiario.net\/portal\/?p=309079"},"modified":"2025-06-12T05:28:38","modified_gmt":"2025-06-12T09:28:38","slug":"presidente-no-renunciara-y-asegura-la-continuidad-de-desbloqueos","status":"publish","type":"post","link":"https:\/\/www.eldiario.net\/portal\/2025\/06\/12\/presidente-no-renunciara-y-asegura-la-continuidad-de-desbloqueos\/","title":{"rendered":"Presidente no renunciar\u00e1 y asegura  la continuidad de desbloqueos"},"content":{"rendered":"<p>El presidente del Estado, Luis Arce Catacora, asegur\u00f3 que no renunciar\u00e1 y que los operativos militares y policiales continuar\u00e1n hasta lograr dejar libre las carreteras que est\u00e1n bloqueadas por afines a Evo Morales.<\/p>\n<p>\u201cLos operativos militares y policiales, que estamos llevando adelante en Llallagua, van a continuar hasta lograr el objetivo que se ha planteado el Gobierno de dar carreteras expeditas al pueblo boliviano\u201d, se\u00f1al\u00f3 en conferencia de prensa realizada cerca de la medianoche de ayer en el piso 13 la Casa Grande del Pueblo.<\/p>\n<p>\u201cEl Gobierno nacional va a poner todo el esfuerzo, como lo estamos haciendo, para llegar a esos objetivos y dar la tranquilidad al pueblo boliviano. De eso tiene que estar seguro el pueblo boliviano, que nosotros vamos a hacer todo el esfuerzo y todo lo que est\u00e9 en nuestras manos\u201d, sostuvo.<\/p>\n<p>\u201cPara ello, vamos a recurrir y vamos a ejercer a todas las facultades, que constitucionalmente me otorga las leyes y la normativa boliviana para lograr estos objetivos\u201d, afirm\u00f3.<\/p>\n<p>\u201cNo vamos a hacer que ganen aquellos que no quieren las elecciones, lo que no quieren la democracia, que no quieren al pa\u00eds ni al pueblo boliviano\u201d, indic\u00f3 Arce en un mensaje que brind\u00f3 tras una reuni\u00f3n con sus ministros y el alto mando policial y militar.<\/p>\n","protected":false},"excerpt":{"rendered":"<p>El presidente del Estado, Luis Arce Catacora, asegur\u00f3 que no renunciar\u00e1 y que los operativos militares y policiales continuar\u00e1n hasta lograr dejar libre las carreteras que est\u00e1n bloqueadas por afines a Evo Morales. \u201cLos operativos militares y policiales, que estamos llevando adelante en Llallagua, van a continuar hasta lograr el objetivo que se ha planteado [&hellip;]<\/p>\n","protected":false},"author":1,"featured_media":309080,"comment_status":"closed","ping_status":"open","sticky":false,"template":"","format":"standard","meta":{"_acf_changed":false,"footnotes":""},"categories":[15],"tags":[],"class_list":["post-309079","post","type-post","status-publish","format-standard","has-post-thumbnail","category-portada"],"acf":{"antetitulo":""},"yoast_head":"<!-- This site is optimized with the Yoast SEO plugin v28.4 - https:\/\/yoast.com\/product\/yoast-seo-wordpress\/ -->\n<title>Presidente no renunciar\u00e1 y asegura la continuidad de desbloqueos - El Diario - Bolivia<\/title>\n<meta name=\"robots\" content=\"index, follow, max-snippet:-1, max-image-preview:large, max-video-preview:-1\" \/>\n<link rel=\"canonical\" href=\"https:\/\/www.eldiario.net\/portal\/2025\/06\/12\/presidente-no-renunciara-y-asegura-la-continuidad-de-desbloqueos\/\" \/>\n<meta property=\"og:locale\" content=\"es_ES\" \/>\n<meta property=\"og:type\" content=\"article\" \/>\n<meta property=\"og:title\" content=\"Presidente no renunciar\u00e1 y asegura la continuidad de desbloqueos - El Diario - Bolivia\" \/>\n<meta property=\"og:description\" content=\"El presidente del Estado, Luis Arce Catacora, asegur\u00f3 que no renunciar\u00e1 y que los operativos militares y policiales continuar\u00e1n hasta lograr dejar libre las carreteras que est\u00e1n bloqueadas por afines a Evo Morales. \u201cLos operativos militares y policiales, que estamos llevando adelante en Llallagua, van a continuar hasta lograr el objetivo que se ha planteado [&hellip;]\" \/>\n<meta property=\"og:url\" content=\"https:\/\/www.eldiario.net\/portal\/2025\/06\/12\/presidente-no-renunciara-y-asegura-la-continuidad-de-desbloqueos\/\" \/>\n<meta property=\"og:site_name\" content=\"El Diario - Bolivia\" \/>\n<meta property=\"article:publisher\" content=\"https:\/\/www.facebook.com\/eldiario.bolivia\/\" \/>\n<meta property=\"article:published_time\" content=\"2025-06-12T09:28:38+00:00\" \/>\n<meta property=\"og:image\" content=\"https:\/\/www.eldiario.net\/portal\/wp-content\/uploads\/2025\/06\/CRASO-FOTO.webp\" \/>\n\t<meta property=\"og:image:width\" content=\"1200\" \/>\n\t<meta property=\"og:image:height\" content=\"800\" \/>\n\t<meta property=\"og:image:type\" content=\"image\/webp\" \/>\n<meta name=\"author\" content=\"Jeanette\" \/>\n<meta name=\"twitter:card\" content=\"summary_large_image\" \/>\n<meta name=\"twitter:creator\" content=\"@eldiario_net\" \/>\n<meta name=\"twitter:site\" content=\"@eldiario_net\" \/>\n<meta name=\"twitter:label1\" content=\"Escrito por\" \/>\n\t<meta name=\"twitter:data1\" content=\"Jeanette\" \/>\n\t<meta name=\"twitter:label2\" content=\"Tiempo de lectura\" \/>\n\t<meta name=\"twitter:data2\" content=\"2 minutos\" \/>\n<script type=\"application\/ld+json\" class=\"yoast-schema-graph\">{\"@context\":\"https:\\\/\\\/schema.org\",\"@graph\":[{\"@type\":\"Article\",\"@id\":\"https:\\\/\\\/www.eldiario.net\\\/portal\\\/2025\\\/06\\\/12\\\/presidente-no-renunciara-y-asegura-la-continuidad-de-desbloqueos\\\/#article\",\"isPartOf\":{\"@id\":\"https:\\\/\\\/www.eldiario.net\\\/portal\\\/2025\\\/06\\\/12\\\/presidente-no-renunciara-y-asegura-la-continuidad-de-desbloqueos\\\/\"},\"author\":{\"name\":\"Jeanette\",\"@id\":\"https:\\\/\\\/www.eldiario.net\\\/portal\\\/#\\\/schema\\\/person\\\/f46445640444750d7d753ccd04ae01b7\"},\"headline\":\"Presidente no renunciar\u00e1 y asegura la continuidad de desbloqueos\",\"datePublished\":\"2025-06-12T09:28:38+00:00\",\"mainEntityOfPage\":{\"@id\":\"https:\\\/\\\/www.eldiario.net\\\/portal\\\/2025\\\/06\\\/12\\\/presidente-no-renunciara-y-asegura-la-continuidad-de-desbloqueos\\\/\"},\"wordCount\":224,\"publisher\":{\"@id\":\"https:\\\/\\\/www.eldiario.net\\\/portal\\\/#organization\"},\"image\":{\"@id\":\"https:\\\/\\\/www.eldiario.net\\\/portal\\\/2025\\\/06\\\/12\\\/presidente-no-renunciara-y-asegura-la-continuidad-de-desbloqueos\\\/#primaryimage\"},\"thumbnailUrl\":\"https:\\\/\\\/www.eldiario.net\\\/portal\\\/wp-content\\\/uploads\\\/2025\\\/06\\\/CRASO-FOTO.webp\",\"articleSection\":[\"Portada\"],\"inLanguage\":\"es\"},{\"@type\":\"WebPage\",\"@id\":\"https:\\\/\\\/www.eldiario.net\\\/portal\\\/2025\\\/06\\\/12\\\/presidente-no-renunciara-y-asegura-la-continuidad-de-desbloqueos\\\/\",\"url\":\"https:\\\/\\\/www.eldiario.net\\\/portal\\\/2025\\\/06\\\/12\\\/presidente-no-renunciara-y-asegura-la-continuidad-de-desbloqueos\\\/\",\"name\":\"Presidente no renunciar\u00e1 y asegura la continuidad de desbloqueos - El Diario - Bolivia\",\"isPartOf\":{\"@id\":\"https:\\\/\\\/www.eldiario.net\\\/portal\\\/#website\"},\"primaryImageOfPage\":{\"@id\":\"https:\\\/\\\/www.eldiario.net\\\/portal\\\/2025\\\/06\\\/12\\\/presidente-no-renunciara-y-asegura-la-continuidad-de-desbloqueos\\\/#primaryimage\"},\"image\":{\"@id\":\"https:\\\/\\\/www.eldiario.net\\\/portal\\\/2025\\\/06\\\/12\\\/presidente-no-renunciara-y-asegura-la-continuidad-de-desbloqueos\\\/#primaryimage\"},\"thumbnailUrl\":\"https:\\\/\\\/www.eldiario.net\\\/portal\\\/wp-content\\\/uploads\\\/2025\\\/06\\\/CRASO-FOTO.webp\",\"datePublished\":\"2025-06-12T09:28:38+00:00\",\"breadcrumb\":{\"@id\":\"https:\\\/\\\/www.eldiario.net\\\/portal\\\/2025\\\/06\\\/12\\\/presidente-no-renunciara-y-asegura-la-continuidad-de-desbloqueos\\\/#breadcrumb\"},\"inLanguage\":\"es\",\"potentialAction\":[{\"@type\":\"ReadAction\",\"target\":[\"https:\\\/\\\/www.eldiario.net\\\/portal\\\/2025\\\/06\\\/12\\\/presidente-no-renunciara-y-asegura-la-continuidad-de-desbloqueos\\\/\"]}]},{\"@type\":\"ImageObject\",\"inLanguage\":\"es\",\"@id\":\"https:\\\/\\\/www.eldiario.net\\\/portal\\\/2025\\\/06\\\/12\\\/presidente-no-renunciara-y-asegura-la-continuidad-de-desbloqueos\\\/#primaryimage\",\"url\":\"https:\\\/\\\/www.eldiario.net\\\/portal\\\/wp-content\\\/uploads\\\/2025\\\/06\\\/CRASO-FOTO.webp\",\"contentUrl\":\"https:\\\/\\\/www.eldiario.net\\\/portal\\\/wp-content\\\/uploads\\\/2025\\\/06\\\/CRASO-FOTO.webp\",\"width\":1200,\"height\":800,\"caption\":\"EL JEFE DE ESTADO TRAS LA REUNI\u00d3N CON SUS MINISTROS. FOTO: APG\"},{\"@type\":\"BreadcrumbList\",\"@id\":\"https:\\\/\\\/www.eldiario.net\\\/portal\\\/2025\\\/06\\\/12\\\/presidente-no-renunciara-y-asegura-la-continuidad-de-desbloqueos\\\/#breadcrumb\",\"itemListElement\":[{\"@type\":\"ListItem\",\"position\":1,\"name\":\"Portada\",\"item\":\"https:\\\/\\\/www.eldiario.net\\\/portal\\\/\"},{\"@type\":\"ListItem\",\"position\":2,\"name\":\"Presidente no renunciar\u00e1 y asegura la continuidad de desbloqueos\"}]},{\"@type\":\"WebSite\",\"@id\":\"https:\\\/\\\/www.eldiario.net\\\/portal\\\/#website\",\"url\":\"https:\\\/\\\/www.eldiario.net\\\/portal\\\/\",\"name\":\"El Diario - Decano de la prensa nacional\",\"description\":\"El Diario - Decano de la prensa nacional\",\"publisher\":{\"@id\":\"https:\\\/\\\/www.eldiario.net\\\/portal\\\/#organization\"},\"potentialAction\":[{\"@type\":\"SearchAction\",\"target\":{\"@type\":\"EntryPoint\",\"urlTemplate\":\"https:\\\/\\\/www.eldiario.net\\\/portal\\\/?s={search_term_string}\"},\"query-input\":{\"@type\":\"PropertyValueSpecification\",\"valueRequired\":true,\"valueName\":\"search_term_string\"}}],\"inLanguage\":\"es\"},{\"@type\":\"Organization\",\"@id\":\"https:\\\/\\\/www.eldiario.net\\\/portal\\\/#organization\",\"name\":\"El Diario - Decano de la prensa nacional\",\"url\":\"https:\\\/\\\/www.eldiario.net\\\/portal\\\/\",\"logo\":{\"@type\":\"ImageObject\",\"inLanguage\":\"es\",\"@id\":\"https:\\\/\\\/www.eldiario.net\\\/portal\\\/#\\\/schema\\\/logo\\\/image\\\/\",\"url\":\"https:\\\/\\\/www.eldiario.net\\\/portal\\\/wp-content\\\/uploads\\\/2023\\\/07\\\/logo_ED.jpg\",\"contentUrl\":\"https:\\\/\\\/www.eldiario.net\\\/portal\\\/wp-content\\\/uploads\\\/2023\\\/07\\\/logo_ED.jpg\",\"width\":272,\"height\":52,\"caption\":\"El Diario - Decano de la prensa nacional\"},\"image\":{\"@id\":\"https:\\\/\\\/www.eldiario.net\\\/portal\\\/#\\\/schema\\\/logo\\\/image\\\/\"},\"sameAs\":[\"https:\\\/\\\/www.facebook.com\\\/eldiario.bolivia\\\/\",\"https:\\\/\\\/x.com\\\/eldiario_net\"]},{\"@type\":\"Person\",\"@id\":\"https:\\\/\\\/www.eldiario.net\\\/portal\\\/#\\\/schema\\\/person\\\/f46445640444750d7d753ccd04ae01b7\",\"name\":\"Jeanette\",\"image\":{\"@type\":\"ImageObject\",\"inLanguage\":\"es\",\"@id\":\"https:\\\/\\\/secure.gravatar.com\\\/avatar\\\/3ea2118a5f7dad2b7138b1187a6b7ee55f160b9968b66013c3a3ef39dd7e5798?s=96&d=mm&r=g\",\"url\":\"https:\\\/\\\/secure.gravatar.com\\\/avatar\\\/3ea2118a5f7dad2b7138b1187a6b7ee55f160b9968b66013c3a3ef39dd7e5798?s=96&d=mm&r=g\",\"contentUrl\":\"https:\\\/\\\/secure.gravatar.com\\\/avatar\\\/3ea2118a5f7dad2b7138b1187a6b7ee55f160b9968b66013c3a3ef39dd7e5798?s=96&d=mm&r=g\",\"caption\":\"Jeanette\"},\"sameAs\":[\"https:\\\/\\\/www.eldiario.net\\\/portal\"],\"url\":\"https:\\\/\\\/www.eldiario.net\\\/portal\\\/author\\\/jeanette\\\/\"}]}<\/script>\n<!-- \/ Yoast SEO plugin. -->","yoast_head_json":{"title":"Presidente no renunciar\u00e1 y asegura la continuidad de desbloqueos - El Diario - Bolivia","robots":{"index":"index","follow":"follow","max-snippet":"max-snippet:-1","max-image-preview":"max-image-preview:large","max-video-preview":"max-video-preview:-1"},"canonical":"https:\/\/www.eldiario.net\/portal\/2025\/06\/12\/presidente-no-renunciara-y-asegura-la-continuidad-de-desbloqueos\/","og_locale":"es_ES","og_type":"article","og_title":"Presidente no renunciar\u00e1 y asegura la continuidad de desbloqueos - El Diario - Bolivia","og_description":"El presidente del Estado, Luis Arce Catacora, asegur\u00f3 que no renunciar\u00e1 y que los operativos militares y policiales continuar\u00e1n hasta lograr dejar libre las carreteras que est\u00e1n bloqueadas por afines a Evo Morales. \u201cLos operativos militares y policiales, que estamos llevando adelante en Llallagua, van a continuar hasta lograr el objetivo que se ha planteado [&hellip;]","og_url":"https:\/\/www.eldiario.net\/portal\/2025\/06\/12\/presidente-no-renunciara-y-asegura-la-continuidad-de-desbloqueos\/","og_site_name":"El Diario - Bolivia","article_publisher":"https:\/\/www.facebook.com\/eldiario.bolivia\/","article_published_time":"2025-06-12T09:28:38+00:00","og_image":[{"width":1200,"height":800,"url":"https:\/\/www.eldiario.net\/portal\/wp-content\/uploads\/2025\/06\/CRASO-FOTO.webp","type":"image\/webp"}],"author":"Jeanette","twitter_card":"summary_large_image","twitter_creator":"@eldiario_net","twitter_site":"@eldiario_net","twitter_misc":{"Escrito por":"Jeanette","Tiempo de lectura":"2 minutos"},"schema":{"@context":"https:\/\/schema.org","@graph":[{"@type":"Article","@id":"https:\/\/www.eldiario.net\/portal\/2025\/06\/12\/presidente-no-renunciara-y-asegura-la-continuidad-de-desbloqueos\/#article","isPartOf":{"@id":"https:\/\/www.eldiario.net\/portal\/2025\/06\/12\/presidente-no-renunciara-y-asegura-la-continuidad-de-desbloqueos\/"},"author":{"name":"Jeanette","@id":"https:\/\/www.eldiario.net\/portal\/#\/schema\/person\/f46445640444750d7d753ccd04ae01b7"},"headline":"Presidente no renunciar\u00e1 y asegura la continuidad de desbloqueos","datePublished":"2025-06-12T09:28:38+00:00","mainEntityOfPage":{"@id":"https:\/\/www.eldiario.net\/portal\/2025\/06\/12\/presidente-no-renunciara-y-asegura-la-continuidad-de-desbloqueos\/"},"wordCount":224,"publisher":{"@id":"https:\/\/www.eldiario.net\/portal\/#organization"},"image":{"@id":"https:\/\/www.eldiario.net\/portal\/2025\/06\/12\/presidente-no-renunciara-y-asegura-la-continuidad-de-desbloqueos\/#primaryimage"},"thumbnailUrl":"https:\/\/www.eldiario.net\/portal\/wp-content\/uploads\/2025\/06\/CRASO-FOTO.webp","articleSection":["Portada"],"inLanguage":"es"},{"@type":"WebPage","@id":"https:\/\/www.eldiario.net\/portal\/2025\/06\/12\/presidente-no-renunciara-y-asegura-la-continuidad-de-desbloqueos\/","url":"https:\/\/www.eldiario.net\/portal\/2025\/06\/12\/presidente-no-renunciara-y-asegura-la-continuidad-de-desbloqueos\/","name":"Presidente no renunciar\u00e1 y asegura la continuidad de desbloqueos - El Diario - Bolivia","isPartOf":{"@id":"https:\/\/www.eldiario.net\/portal\/#website"},"primaryImageOfPage":{"@id":"https:\/\/www.eldiario.net\/portal\/2025\/06\/12\/presidente-no-renunciara-y-asegura-la-continuidad-de-desbloqueos\/#primaryimage"},"image":{"@id":"https:\/\/www.eldiario.net\/portal\/2025\/06\/12\/presidente-no-renunciara-y-asegura-la-continuidad-de-desbloqueos\/#primaryimage"},"thumbnailUrl":"https:\/\/www.eldiario.net\/portal\/wp-content\/uploads\/2025\/06\/CRASO-FOTO.webp","datePublished":"2025-06-12T09:28:38+00:00","breadcrumb":{"@id":"https:\/\/www.eldiario.net\/portal\/2025\/06\/12\/presidente-no-renunciara-y-asegura-la-continuidad-de-desbloqueos\/#breadcrumb"},"inLanguage":"es","potentialAction":[{"@type":"ReadAction","target":["https:\/\/www.eldiario.net\/portal\/2025\/06\/12\/presidente-no-renunciara-y-asegura-la-continuidad-de-desbloqueos\/"]}]},{"@type":"ImageObject","inLanguage":"es","@id":"https:\/\/www.eldiario.net\/portal\/2025\/06\/12\/presidente-no-renunciara-y-asegura-la-continuidad-de-desbloqueos\/#primaryimage","url":"https:\/\/www.eldiario.net\/portal\/wp-content\/uploads\/2025\/06\/CRASO-FOTO.webp","contentUrl":"https:\/\/www.eldiario.net\/portal\/wp-content\/uploads\/2025\/06\/CRASO-FOTO.webp","width":1200,"height":800,"caption":"EL JEFE DE ESTADO TRAS LA REUNI\u00d3N CON SUS MINISTROS. FOTO: APG"},{"@type":"BreadcrumbList","@id":"https:\/\/www.eldiario.net\/portal\/2025\/06\/12\/presidente-no-renunciara-y-asegura-la-continuidad-de-desbloqueos\/#breadcrumb","itemListElement":[{"@type":"ListItem","position":1,"name":"Portada","item":"https:\/\/www.eldiario.net\/portal\/"},{"@type":"ListItem","position":2,"name":"Presidente no renunciar\u00e1 y asegura la continuidad de desbloqueos"}]},{"@type":"WebSite","@id":"https:\/\/www.eldiario.net\/portal\/#website","url":"https:\/\/www.eldiario.net\/portal\/","name":"El Diario - Decano de la prensa nacional","description":"El Diario - Decano de la prensa nacional","publisher":{"@id":"https:\/\/www.eldiario.net\/portal\/#organization"},"potentialAction":[{"@type":"SearchAction","target":{"@type":"EntryPoint","urlTemplate":"https:\/\/www.eldiario.net\/portal\/?s={search_term_string}"},"query-input":{"@type":"PropertyValueSpecification","valueRequired":true,"valueName":"search_term_string"}}],"inLanguage":"es"},{"@type":"Organization","@id":"https:\/\/www.eldiario.net\/portal\/#organization","name":"El Diario - Decano de la prensa nacional","url":"https:\/\/www.eldiario.net\/portal\/","logo":{"@type":"ImageObject","inLanguage":"es","@id":"https:\/\/www.eldiario.net\/portal\/#\/schema\/logo\/image\/","url":"https:\/\/www.eldiario.net\/portal\/wp-content\/uploads\/2023\/07\/logo_ED.jpg","contentUrl":"https:\/\/www.eldiario.net\/portal\/wp-content\/uploads\/2023\/07\/logo_ED.jpg","width":272,"height":52,"caption":"El Diario - Decano de la prensa nacional"},"image":{"@id":"https:\/\/www.eldiario.net\/portal\/#\/schema\/logo\/image\/"},"sameAs":["https:\/\/www.facebook.com\/eldiario.bolivia\/","https:\/\/x.com\/eldiario_net"]},{"@type":"Person","@id":"https:\/\/www.eldiario.net\/portal\/#\/schema\/person\/f46445640444750d7d753ccd04ae01b7","name":"Jeanette","image":{"@type":"ImageObject","inLanguage":"es","@id":"https:\/\/secure.gravatar.com\/avatar\/3ea2118a5f7dad2b7138b1187a6b7ee55f160b9968b66013c3a3ef39dd7e5798?s=96&d=mm&r=g","url":"https:\/\/secure.gravatar.com\/avatar\/3ea2118a5f7dad2b7138b1187a6b7ee55f160b9968b66013c3a3ef39dd7e5798?s=96&d=mm&r=g","contentUrl":"https:\/\/secure.gravatar.com\/avatar\/3ea2118a5f7dad2b7138b1187a6b7ee55f160b9968b66013c3a3ef39dd7e5798?s=96&d=mm&r=g","caption":"Jeanette"},"sameAs":["https:\/\/www.eldiario.net\/portal"],"url":"https:\/\/www.eldiario.net\/portal\/author\/jeanette\/"}]}},"_links":{"self":[{"href":"https:\/\/www.eldiario.net\/portal\/wp-json\/wp\/v2\/posts\/309079","targetHints":{"allow":["GET"]}}],"collection":[{"href":"https:\/\/www.eldiario.net\/portal\/wp-json\/wp\/v2\/posts"}],"about":[{"href":"https:\/\/www.eldiario.net\/portal\/wp-json\/wp\/v2\/types\/post"}],"author":[{"embeddable":true,"href":"https:\/\/www.eldiario.net\/portal\/wp-json\/wp\/v2\/users\/1"}],"replies":[{"embeddable":true,"href":"https:\/\/www.eldiario.net\/portal\/wp-json\/wp\/v2\/comments?post=309079"}],"version-history":[{"count":1,"href":"https:\/\/www.eldiario.net\/portal\/wp-json\/wp\/v2\/posts\/309079\/revisions"}],"predecessor-version":[{"id":309081,"href":"https:\/\/www.eldiario.net\/portal\/wp-json\/wp\/v2\/posts\/309079\/revisions\/309081"}],"wp:featuredmedia":[{"embeddable":true,"href":"https:\/\/www.eldiario.net\/portal\/wp-json\/wp\/v2\/media\/309080"}],"wp:attachment":[{"href":"https:\/\/www.eldiario.net\/portal\/wp-json\/wp\/v2\/media?parent=309079"}],"wp:term":[{"taxonomy":"category","embeddable":true,"href":"https:\/\/www.eldiario.net\/portal\/wp-json\/wp\/v2\/categories?post=309079"},{"taxonomy":"post_tag","embeddable":true,"href":"https:\/\/www.eldiario.net\/portal\/wp-json\/wp\/v2\/tags?post=309079"}],"curies":[{"name":"wp","href":"https:\/\/api.w.org\/{rel}","templated":true}]}}