{"id":309075,"date":"2025-06-12T05:27:22","date_gmt":"2025-06-12T09:27:22","guid":{"rendered":"https:\/\/www.eldiario.net\/portal\/?p=309075"},"modified":"2025-06-12T05:27:22","modified_gmt":"2025-06-12T09:27:22","slug":"informes-del-fmi-y-bm-corroboran-que-bolivia-pasa-por-una-situacion-compleja","status":"publish","type":"post","link":"https:\/\/www.eldiario.net\/portal\/2025\/06\/12\/informes-del-fmi-y-bm-corroboran-que-bolivia-pasa-por-una-situacion-compleja\/","title":{"rendered":"Informes del FMI y BM corroboran que Bolivia pasa por una situaci\u00f3n compleja"},"content":{"rendered":"<p>Los informes y perspectivas econ\u00f3micas tanto del Fondo Monetario Internacional (FMI) y del Banco Mundial (BM) solo corroboran que el presente y futuro de Bolivia ser\u00e1 muy complejo y complicado, adem\u00e1s refleja un desequilibrio serio en sus finanzas estatales que se muestra en sus indicadores macroecon\u00f3micos, sobre todo en su sector externo, cambiario, fiscal y monetario, de acuerdo al an\u00e1lisis del economista Fernando Romero.<\/p>\n<p>De acuerdo con el informe del Banco Mundial en 2024, Bolivia tuvo el crecimiento econ\u00f3mico m\u00e1s bajo de la regi\u00f3n, que se estima 1,4%, ya que a junio todav\u00eda no hay informaci\u00f3n oficial sobre el porcentaje registrado el a\u00f1o pasado, ahora en 2025 ser\u00e1 el 3ro de menor desempe\u00f1o.<\/p>\n<p>Este 2025, la econom\u00eda boliviana estar\u00e1 azotada por un bajo dinamismo econ\u00f3mico (ralentizaci\u00f3n), golpeada por la falta de carburantes, escasez de d\u00f3lares, incertidumbre pol\u00edtica\/electoral y conflictos sociales a escala nacional, entre ellos los bloqueos de carreteras, que hacen que cada vez arda m\u00e1s la inflaci\u00f3n (en mayo la m\u00e1s alta desde 1986) en nuestro pa\u00eds, se\u00f1ala Romero.<\/p>\n<p>\u201cTodo esto nos presiona cade vez m\u00e1s a una estanflaci\u00f3n rigurosa para nuestra econom\u00eda, la cual, si o si, requiere medidas estructurales para estabilizarse y salir de la crisis paulatinamente, procurando el menor impacto social negativo en t\u00e9rminos de desocupaci\u00f3n y pobreza, la cual podr\u00eda llegar hasta un 50% hasta finales de este 2025\u201d, alerta.<\/p>\n<p>Informe<\/p>\n<p>El Banco Mundial (BM) ha publicado su m\u00e1s reciente informe econ\u00f3mico global denominado \u201cPerspectivas Econ\u00f3micas Mundiales\u201d. Y como dice el mismo, el crecimiento mundial se est\u00e1 desacelerando tras un marcado aumento de las barreras comerciales y una mayor incertidumbre sobre las pol\u00edticas. Se prev\u00e9 que el crecimiento se debilitar\u00e1 hasta llegar al 1,2 % en 2025 (una importante rebaja con respecto a pron\u00f3sticos anteriores).<\/p>\n<p>Respecto a Latinoam\u00e9rica y el Caribe, se proyecta que el crecimiento de la regi\u00f3n ser\u00e1 el m\u00e1s bajo entre los mercados emergentes y econom\u00edas en desarrollo (MEED) durante los pr\u00f3ximos a\u00f1os, a medida que la actividad se ve frenada por las elevadas barreras comerciales y las debilidades estructurales de larga data. Se pronostica que la regi\u00f3n crecer\u00e1 en 2,3% el 2025 y el 2026 en 2,4%, esto a medida que la gran parte de las econom\u00edas se debiliten por las restricciones comerciales y la ca\u00edda de los commodities de productos b\u00e1sicos.<\/p>\n<p>BOLIVIA<\/p>\n<p>Seg\u00fan datos del Banco Mundial, el a\u00f1o 2024, Bolivia fue el pa\u00eds con el menor crecimiento econ\u00f3mico de Am\u00e9rica Latina y el Caribe, con un rendimiento apenas del 1,4%. De ah\u00ed le sigui\u00f3 M\u00e9xico (1,5%) y Trinidad y Tobago (1,75%). Seg\u00fan ese organismo, la gesti\u00f3n pasada, las econom\u00edas que decrecieron en la regi\u00f3n fueron Hait\u00ed (-4,2%), Ecuador (-2,5%), Argentina (-1,8%) y Jamaica (-0,7%).<\/p>\n<p>Las proyecciones para este a\u00f1o 2025 no son para nada alentadoras, el Banco Mundial pronostica que Bolivia tendr\u00e1 el 3er crecimiento econ\u00f3mico m\u00e1s bajo de la regi\u00f3n, con un 1,2%. Respecto a las proyecciones de enero 2025 el BM nos rebaj\u00f3 -0,3% para este mes de junio, denotando una ca\u00edda de las perspectivas de recuperaci\u00f3n de nuestra econom\u00eda a corto y mediano plazo, se\u00f1ala Romero.<\/p>\n<p>Hace poco el Fondo Monetario Internacional (FMI) proyect\u00f3 que Bolivia tendr\u00e1 un crecimiento econ\u00f3mico para este 2025 de apenas un 1,1%, el m\u00e1s bajo de toda Latinoam\u00e9rica y el Caribe, y que para el 2026 seria de apenas un 0,9%. El Banco Mundial pronostica que nuestro pa\u00eds se estancara en su crecimiento econ\u00f3mico el a\u00f1o 2026 y 2027, con una cifra de solo el 1,1% para ambas gestiones.<\/p>\n<p>La proyecci\u00f3n de crecimiento econ\u00f3mico del gobierno nacional para este 2025 fue del 3,51%, muy optimista y muy por encima de las proyecciones de estos organismos internacionales. De hecho, la proyecci\u00f3n del BM y del FMI solo representan el 31% y 34% respectivamente de la meta gubernamental para este a\u00f1o. Donde ambos, coinciden por separado, que Bolivia tuvo un crecimiento econ\u00f3mico inferior al 2% el a\u00f1o 2024, observando que su desempe\u00f1o fue uno de los m\u00e1s bajos de la regi\u00f3n, de acuerdo al an\u00e1lisis de Romero.<\/p>\n<p>&nbsp;<\/p>\n<p>&nbsp;<\/p>\n","protected":false},"excerpt":{"rendered":"<p>Los informes y perspectivas econ\u00f3micas tanto del Fondo Monetario Internacional (FMI) y del Banco Mundial (BM) solo corroboran que el presente y futuro de Bolivia ser\u00e1 muy complejo y complicado, adem\u00e1s refleja un desequilibrio serio en sus finanzas estatales que se muestra en sus indicadores macroecon\u00f3micos, sobre todo en su sector externo, cambiario, fiscal y [&hellip;]<\/p>\n","protected":false},"author":1,"featured_media":309076,"comment_status":"closed","ping_status":"open","sticky":false,"template":"","format":"standard","meta":{"_acf_changed":false,"footnotes":""},"categories":[15],"tags":[],"class_list":["post-309075","post","type-post","status-publish","format-standard","has-post-thumbnail","category-portada"],"acf":{"antetitulo":""},"yoast_head":"<!-- This site is optimized with the Yoast SEO plugin v28.4 - https:\/\/yoast.com\/product\/yoast-seo-wordpress\/ -->\n<title>Informes del FMI y BM corroboran que Bolivia pasa por una situaci\u00f3n compleja - El Diario - Bolivia<\/title>\n<meta name=\"robots\" content=\"index, follow, max-snippet:-1, max-image-preview:large, max-video-preview:-1\" \/>\n<link rel=\"canonical\" href=\"https:\/\/www.eldiario.net\/portal\/2025\/06\/12\/informes-del-fmi-y-bm-corroboran-que-bolivia-pasa-por-una-situacion-compleja\/\" \/>\n<meta property=\"og:locale\" content=\"es_ES\" \/>\n<meta property=\"og:type\" content=\"article\" \/>\n<meta property=\"og:title\" content=\"Informes del FMI y BM corroboran que Bolivia pasa por una situaci\u00f3n compleja - El Diario - Bolivia\" \/>\n<meta property=\"og:description\" content=\"Los informes y perspectivas econ\u00f3micas tanto del Fondo Monetario Internacional (FMI) y del Banco Mundial (BM) solo corroboran que el presente y futuro de Bolivia ser\u00e1 muy complejo y complicado, adem\u00e1s refleja un desequilibrio serio en sus finanzas estatales que se muestra en sus indicadores macroecon\u00f3micos, sobre todo en su sector externo, cambiario, fiscal y [&hellip;]\" \/>\n<meta property=\"og:url\" content=\"https:\/\/www.eldiario.net\/portal\/2025\/06\/12\/informes-del-fmi-y-bm-corroboran-que-bolivia-pasa-por-una-situacion-compleja\/\" \/>\n<meta property=\"og:site_name\" content=\"El Diario - Bolivia\" \/>\n<meta property=\"article:publisher\" content=\"https:\/\/www.facebook.com\/eldiario.bolivia\/\" \/>\n<meta property=\"article:published_time\" content=\"2025-06-12T09:27:22+00:00\" \/>\n<meta property=\"og:image\" content=\"https:\/\/www.eldiario.net\/portal\/wp-content\/uploads\/2025\/06\/CRECI-FOTO.webp\" \/>\n\t<meta property=\"og:image:width\" content=\"1280\" \/>\n\t<meta property=\"og:image:height\" content=\"720\" \/>\n\t<meta property=\"og:image:type\" content=\"image\/webp\" \/>\n<meta name=\"author\" content=\"Jeanette\" \/>\n<meta name=\"twitter:card\" content=\"summary_large_image\" \/>\n<meta name=\"twitter:creator\" content=\"@eldiario_net\" \/>\n<meta name=\"twitter:site\" content=\"@eldiario_net\" \/>\n<meta name=\"twitter:label1\" content=\"Escrito por\" \/>\n\t<meta name=\"twitter:data1\" content=\"Jeanette\" \/>\n\t<meta name=\"twitter:label2\" content=\"Tiempo de lectura\" \/>\n\t<meta name=\"twitter:data2\" content=\"4 minutos\" \/>\n<script type=\"application\/ld+json\" class=\"yoast-schema-graph\">{\"@context\":\"https:\\\/\\\/schema.org\",\"@graph\":[{\"@type\":\"Article\",\"@id\":\"https:\\\/\\\/www.eldiario.net\\\/portal\\\/2025\\\/06\\\/12\\\/informes-del-fmi-y-bm-corroboran-que-bolivia-pasa-por-una-situacion-compleja\\\/#article\",\"isPartOf\":{\"@id\":\"https:\\\/\\\/www.eldiario.net\\\/portal\\\/2025\\\/06\\\/12\\\/informes-del-fmi-y-bm-corroboran-que-bolivia-pasa-por-una-situacion-compleja\\\/\"},\"author\":{\"name\":\"Jeanette\",\"@id\":\"https:\\\/\\\/www.eldiario.net\\\/portal\\\/#\\\/schema\\\/person\\\/f46445640444750d7d753ccd04ae01b7\"},\"headline\":\"Informes del FMI y BM corroboran que Bolivia pasa por una situaci\u00f3n compleja\",\"datePublished\":\"2025-06-12T09:27:22+00:00\",\"mainEntityOfPage\":{\"@id\":\"https:\\\/\\\/www.eldiario.net\\\/portal\\\/2025\\\/06\\\/12\\\/informes-del-fmi-y-bm-corroboran-que-bolivia-pasa-por-una-situacion-compleja\\\/\"},\"wordCount\":723,\"publisher\":{\"@id\":\"https:\\\/\\\/www.eldiario.net\\\/portal\\\/#organization\"},\"image\":{\"@id\":\"https:\\\/\\\/www.eldiario.net\\\/portal\\\/2025\\\/06\\\/12\\\/informes-del-fmi-y-bm-corroboran-que-bolivia-pasa-por-una-situacion-compleja\\\/#primaryimage\"},\"thumbnailUrl\":\"https:\\\/\\\/www.eldiario.net\\\/portal\\\/wp-content\\\/uploads\\\/2025\\\/06\\\/CRECI-FOTO.webp\",\"articleSection\":[\"Portada\"],\"inLanguage\":\"es\"},{\"@type\":\"WebPage\",\"@id\":\"https:\\\/\\\/www.eldiario.net\\\/portal\\\/2025\\\/06\\\/12\\\/informes-del-fmi-y-bm-corroboran-que-bolivia-pasa-por-una-situacion-compleja\\\/\",\"url\":\"https:\\\/\\\/www.eldiario.net\\\/portal\\\/2025\\\/06\\\/12\\\/informes-del-fmi-y-bm-corroboran-que-bolivia-pasa-por-una-situacion-compleja\\\/\",\"name\":\"Informes del FMI y BM corroboran que Bolivia pasa por una situaci\u00f3n compleja - El Diario - Bolivia\",\"isPartOf\":{\"@id\":\"https:\\\/\\\/www.eldiario.net\\\/portal\\\/#website\"},\"primaryImageOfPage\":{\"@id\":\"https:\\\/\\\/www.eldiario.net\\\/portal\\\/2025\\\/06\\\/12\\\/informes-del-fmi-y-bm-corroboran-que-bolivia-pasa-por-una-situacion-compleja\\\/#primaryimage\"},\"image\":{\"@id\":\"https:\\\/\\\/www.eldiario.net\\\/portal\\\/2025\\\/06\\\/12\\\/informes-del-fmi-y-bm-corroboran-que-bolivia-pasa-por-una-situacion-compleja\\\/#primaryimage\"},\"thumbnailUrl\":\"https:\\\/\\\/www.eldiario.net\\\/portal\\\/wp-content\\\/uploads\\\/2025\\\/06\\\/CRECI-FOTO.webp\",\"datePublished\":\"2025-06-12T09:27:22+00:00\",\"breadcrumb\":{\"@id\":\"https:\\\/\\\/www.eldiario.net\\\/portal\\\/2025\\\/06\\\/12\\\/informes-del-fmi-y-bm-corroboran-que-bolivia-pasa-por-una-situacion-compleja\\\/#breadcrumb\"},\"inLanguage\":\"es\",\"potentialAction\":[{\"@type\":\"ReadAction\",\"target\":[\"https:\\\/\\\/www.eldiario.net\\\/portal\\\/2025\\\/06\\\/12\\\/informes-del-fmi-y-bm-corroboran-que-bolivia-pasa-por-una-situacion-compleja\\\/\"]}]},{\"@type\":\"ImageObject\",\"inLanguage\":\"es\",\"@id\":\"https:\\\/\\\/www.eldiario.net\\\/portal\\\/2025\\\/06\\\/12\\\/informes-del-fmi-y-bm-corroboran-que-bolivia-pasa-por-una-situacion-compleja\\\/#primaryimage\",\"url\":\"https:\\\/\\\/www.eldiario.net\\\/portal\\\/wp-content\\\/uploads\\\/2025\\\/06\\\/CRECI-FOTO.webp\",\"contentUrl\":\"https:\\\/\\\/www.eldiario.net\\\/portal\\\/wp-content\\\/uploads\\\/2025\\\/06\\\/CRECI-FOTO.webp\",\"width\":1280,\"height\":720},{\"@type\":\"BreadcrumbList\",\"@id\":\"https:\\\/\\\/www.eldiario.net\\\/portal\\\/2025\\\/06\\\/12\\\/informes-del-fmi-y-bm-corroboran-que-bolivia-pasa-por-una-situacion-compleja\\\/#breadcrumb\",\"itemListElement\":[{\"@type\":\"ListItem\",\"position\":1,\"name\":\"Portada\",\"item\":\"https:\\\/\\\/www.eldiario.net\\\/portal\\\/\"},{\"@type\":\"ListItem\",\"position\":2,\"name\":\"Informes del FMI y BM corroboran que Bolivia pasa por una situaci\u00f3n compleja\"}]},{\"@type\":\"WebSite\",\"@id\":\"https:\\\/\\\/www.eldiario.net\\\/portal\\\/#website\",\"url\":\"https:\\\/\\\/www.eldiario.net\\\/portal\\\/\",\"name\":\"El Diario - Decano de la prensa nacional\",\"description\":\"El Diario - Decano de la prensa nacional\",\"publisher\":{\"@id\":\"https:\\\/\\\/www.eldiario.net\\\/portal\\\/#organization\"},\"potentialAction\":[{\"@type\":\"SearchAction\",\"target\":{\"@type\":\"EntryPoint\",\"urlTemplate\":\"https:\\\/\\\/www.eldiario.net\\\/portal\\\/?s={search_term_string}\"},\"query-input\":{\"@type\":\"PropertyValueSpecification\",\"valueRequired\":true,\"valueName\":\"search_term_string\"}}],\"inLanguage\":\"es\"},{\"@type\":\"Organization\",\"@id\":\"https:\\\/\\\/www.eldiario.net\\\/portal\\\/#organization\",\"name\":\"El Diario - Decano de la prensa nacional\",\"url\":\"https:\\\/\\\/www.eldiario.net\\\/portal\\\/\",\"logo\":{\"@type\":\"ImageObject\",\"inLanguage\":\"es\",\"@id\":\"https:\\\/\\\/www.eldiario.net\\\/portal\\\/#\\\/schema\\\/logo\\\/image\\\/\",\"url\":\"https:\\\/\\\/www.eldiario.net\\\/portal\\\/wp-content\\\/uploads\\\/2023\\\/07\\\/logo_ED.jpg\",\"contentUrl\":\"https:\\\/\\\/www.eldiario.net\\\/portal\\\/wp-content\\\/uploads\\\/2023\\\/07\\\/logo_ED.jpg\",\"width\":272,\"height\":52,\"caption\":\"El Diario - Decano de la prensa nacional\"},\"image\":{\"@id\":\"https:\\\/\\\/www.eldiario.net\\\/portal\\\/#\\\/schema\\\/logo\\\/image\\\/\"},\"sameAs\":[\"https:\\\/\\\/www.facebook.com\\\/eldiario.bolivia\\\/\",\"https:\\\/\\\/x.com\\\/eldiario_net\"]},{\"@type\":\"Person\",\"@id\":\"https:\\\/\\\/www.eldiario.net\\\/portal\\\/#\\\/schema\\\/person\\\/f46445640444750d7d753ccd04ae01b7\",\"name\":\"Jeanette\",\"image\":{\"@type\":\"ImageObject\",\"inLanguage\":\"es\",\"@id\":\"https:\\\/\\\/secure.gravatar.com\\\/avatar\\\/3ea2118a5f7dad2b7138b1187a6b7ee55f160b9968b66013c3a3ef39dd7e5798?s=96&d=mm&r=g\",\"url\":\"https:\\\/\\\/secure.gravatar.com\\\/avatar\\\/3ea2118a5f7dad2b7138b1187a6b7ee55f160b9968b66013c3a3ef39dd7e5798?s=96&d=mm&r=g\",\"contentUrl\":\"https:\\\/\\\/secure.gravatar.com\\\/avatar\\\/3ea2118a5f7dad2b7138b1187a6b7ee55f160b9968b66013c3a3ef39dd7e5798?s=96&d=mm&r=g\",\"caption\":\"Jeanette\"},\"sameAs\":[\"https:\\\/\\\/www.eldiario.net\\\/portal\"],\"url\":\"https:\\\/\\\/www.eldiario.net\\\/portal\\\/author\\\/jeanette\\\/\"}]}<\/script>\n<!-- \/ Yoast SEO plugin. -->","yoast_head_json":{"title":"Informes del FMI y BM corroboran que Bolivia pasa por una situaci\u00f3n compleja - El Diario - Bolivia","robots":{"index":"index","follow":"follow","max-snippet":"max-snippet:-1","max-image-preview":"max-image-preview:large","max-video-preview":"max-video-preview:-1"},"canonical":"https:\/\/www.eldiario.net\/portal\/2025\/06\/12\/informes-del-fmi-y-bm-corroboran-que-bolivia-pasa-por-una-situacion-compleja\/","og_locale":"es_ES","og_type":"article","og_title":"Informes del FMI y BM corroboran que Bolivia pasa por una situaci\u00f3n compleja - El Diario - Bolivia","og_description":"Los informes y perspectivas econ\u00f3micas tanto del Fondo Monetario Internacional (FMI) y del Banco Mundial (BM) solo corroboran que el presente y futuro de Bolivia ser\u00e1 muy complejo y complicado, adem\u00e1s refleja un desequilibrio serio en sus finanzas estatales que se muestra en sus indicadores macroecon\u00f3micos, sobre todo en su sector externo, cambiario, fiscal y [&hellip;]","og_url":"https:\/\/www.eldiario.net\/portal\/2025\/06\/12\/informes-del-fmi-y-bm-corroboran-que-bolivia-pasa-por-una-situacion-compleja\/","og_site_name":"El Diario - Bolivia","article_publisher":"https:\/\/www.facebook.com\/eldiario.bolivia\/","article_published_time":"2025-06-12T09:27:22+00:00","og_image":[{"width":1280,"height":720,"url":"https:\/\/www.eldiario.net\/portal\/wp-content\/uploads\/2025\/06\/CRECI-FOTO.webp","type":"image\/webp"}],"author":"Jeanette","twitter_card":"summary_large_image","twitter_creator":"@eldiario_net","twitter_site":"@eldiario_net","twitter_misc":{"Escrito por":"Jeanette","Tiempo de lectura":"4 minutos"},"schema":{"@context":"https:\/\/schema.org","@graph":[{"@type":"Article","@id":"https:\/\/www.eldiario.net\/portal\/2025\/06\/12\/informes-del-fmi-y-bm-corroboran-que-bolivia-pasa-por-una-situacion-compleja\/#article","isPartOf":{"@id":"https:\/\/www.eldiario.net\/portal\/2025\/06\/12\/informes-del-fmi-y-bm-corroboran-que-bolivia-pasa-por-una-situacion-compleja\/"},"author":{"name":"Jeanette","@id":"https:\/\/www.eldiario.net\/portal\/#\/schema\/person\/f46445640444750d7d753ccd04ae01b7"},"headline":"Informes del FMI y BM corroboran que Bolivia pasa por una situaci\u00f3n compleja","datePublished":"2025-06-12T09:27:22+00:00","mainEntityOfPage":{"@id":"https:\/\/www.eldiario.net\/portal\/2025\/06\/12\/informes-del-fmi-y-bm-corroboran-que-bolivia-pasa-por-una-situacion-compleja\/"},"wordCount":723,"publisher":{"@id":"https:\/\/www.eldiario.net\/portal\/#organization"},"image":{"@id":"https:\/\/www.eldiario.net\/portal\/2025\/06\/12\/informes-del-fmi-y-bm-corroboran-que-bolivia-pasa-por-una-situacion-compleja\/#primaryimage"},"thumbnailUrl":"https:\/\/www.eldiario.net\/portal\/wp-content\/uploads\/2025\/06\/CRECI-FOTO.webp","articleSection":["Portada"],"inLanguage":"es"},{"@type":"WebPage","@id":"https:\/\/www.eldiario.net\/portal\/2025\/06\/12\/informes-del-fmi-y-bm-corroboran-que-bolivia-pasa-por-una-situacion-compleja\/","url":"https:\/\/www.eldiario.net\/portal\/2025\/06\/12\/informes-del-fmi-y-bm-corroboran-que-bolivia-pasa-por-una-situacion-compleja\/","name":"Informes del FMI y BM corroboran que Bolivia pasa por una situaci\u00f3n compleja - El Diario - Bolivia","isPartOf":{"@id":"https:\/\/www.eldiario.net\/portal\/#website"},"primaryImageOfPage":{"@id":"https:\/\/www.eldiario.net\/portal\/2025\/06\/12\/informes-del-fmi-y-bm-corroboran-que-bolivia-pasa-por-una-situacion-compleja\/#primaryimage"},"image":{"@id":"https:\/\/www.eldiario.net\/portal\/2025\/06\/12\/informes-del-fmi-y-bm-corroboran-que-bolivia-pasa-por-una-situacion-compleja\/#primaryimage"},"thumbnailUrl":"https:\/\/www.eldiario.net\/portal\/wp-content\/uploads\/2025\/06\/CRECI-FOTO.webp","datePublished":"2025-06-12T09:27:22+00:00","breadcrumb":{"@id":"https:\/\/www.eldiario.net\/portal\/2025\/06\/12\/informes-del-fmi-y-bm-corroboran-que-bolivia-pasa-por-una-situacion-compleja\/#breadcrumb"},"inLanguage":"es","potentialAction":[{"@type":"ReadAction","target":["https:\/\/www.eldiario.net\/portal\/2025\/06\/12\/informes-del-fmi-y-bm-corroboran-que-bolivia-pasa-por-una-situacion-compleja\/"]}]},{"@type":"ImageObject","inLanguage":"es","@id":"https:\/\/www.eldiario.net\/portal\/2025\/06\/12\/informes-del-fmi-y-bm-corroboran-que-bolivia-pasa-por-una-situacion-compleja\/#primaryimage","url":"https:\/\/www.eldiario.net\/portal\/wp-content\/uploads\/2025\/06\/CRECI-FOTO.webp","contentUrl":"https:\/\/www.eldiario.net\/portal\/wp-content\/uploads\/2025\/06\/CRECI-FOTO.webp","width":1280,"height":720},{"@type":"BreadcrumbList","@id":"https:\/\/www.eldiario.net\/portal\/2025\/06\/12\/informes-del-fmi-y-bm-corroboran-que-bolivia-pasa-por-una-situacion-compleja\/#breadcrumb","itemListElement":[{"@type":"ListItem","position":1,"name":"Portada","item":"https:\/\/www.eldiario.net\/portal\/"},{"@type":"ListItem","position":2,"name":"Informes del FMI y BM corroboran que Bolivia pasa por una situaci\u00f3n compleja"}]},{"@type":"WebSite","@id":"https:\/\/www.eldiario.net\/portal\/#website","url":"https:\/\/www.eldiario.net\/portal\/","name":"El Diario - Decano de la prensa nacional","description":"El Diario - Decano de la prensa nacional","publisher":{"@id":"https:\/\/www.eldiario.net\/portal\/#organization"},"potentialAction":[{"@type":"SearchAction","target":{"@type":"EntryPoint","urlTemplate":"https:\/\/www.eldiario.net\/portal\/?s={search_term_string}"},"query-input":{"@type":"PropertyValueSpecification","valueRequired":true,"valueName":"search_term_string"}}],"inLanguage":"es"},{"@type":"Organization","@id":"https:\/\/www.eldiario.net\/portal\/#organization","name":"El Diario - Decano de la prensa nacional","url":"https:\/\/www.eldiario.net\/portal\/","logo":{"@type":"ImageObject","inLanguage":"es","@id":"https:\/\/www.eldiario.net\/portal\/#\/schema\/logo\/image\/","url":"https:\/\/www.eldiario.net\/portal\/wp-content\/uploads\/2023\/07\/logo_ED.jpg","contentUrl":"https:\/\/www.eldiario.net\/portal\/wp-content\/uploads\/2023\/07\/logo_ED.jpg","width":272,"height":52,"caption":"El Diario - Decano de la prensa nacional"},"image":{"@id":"https:\/\/www.eldiario.net\/portal\/#\/schema\/logo\/image\/"},"sameAs":["https:\/\/www.facebook.com\/eldiario.bolivia\/","https:\/\/x.com\/eldiario_net"]},{"@type":"Person","@id":"https:\/\/www.eldiario.net\/portal\/#\/schema\/person\/f46445640444750d7d753ccd04ae01b7","name":"Jeanette","image":{"@type":"ImageObject","inLanguage":"es","@id":"https:\/\/secure.gravatar.com\/avatar\/3ea2118a5f7dad2b7138b1187a6b7ee55f160b9968b66013c3a3ef39dd7e5798?s=96&d=mm&r=g","url":"https:\/\/secure.gravatar.com\/avatar\/3ea2118a5f7dad2b7138b1187a6b7ee55f160b9968b66013c3a3ef39dd7e5798?s=96&d=mm&r=g","contentUrl":"https:\/\/secure.gravatar.com\/avatar\/3ea2118a5f7dad2b7138b1187a6b7ee55f160b9968b66013c3a3ef39dd7e5798?s=96&d=mm&r=g","caption":"Jeanette"},"sameAs":["https:\/\/www.eldiario.net\/portal"],"url":"https:\/\/www.eldiario.net\/portal\/author\/jeanette\/"}]}},"_links":{"self":[{"href":"https:\/\/www.eldiario.net\/portal\/wp-json\/wp\/v2\/posts\/309075","targetHints":{"allow":["GET"]}}],"collection":[{"href":"https:\/\/www.eldiario.net\/portal\/wp-json\/wp\/v2\/posts"}],"about":[{"href":"https:\/\/www.eldiario.net\/portal\/wp-json\/wp\/v2\/types\/post"}],"author":[{"embeddable":true,"href":"https:\/\/www.eldiario.net\/portal\/wp-json\/wp\/v2\/users\/1"}],"replies":[{"embeddable":true,"href":"https:\/\/www.eldiario.net\/portal\/wp-json\/wp\/v2\/comments?post=309075"}],"version-history":[{"count":1,"href":"https:\/\/www.eldiario.net\/portal\/wp-json\/wp\/v2\/posts\/309075\/revisions"}],"predecessor-version":[{"id":309077,"href":"https:\/\/www.eldiario.net\/portal\/wp-json\/wp\/v2\/posts\/309075\/revisions\/309077"}],"wp:featuredmedia":[{"embeddable":true,"href":"https:\/\/www.eldiario.net\/portal\/wp-json\/wp\/v2\/media\/309076"}],"wp:attachment":[{"href":"https:\/\/www.eldiario.net\/portal\/wp-json\/wp\/v2\/media?parent=309075"}],"wp:term":[{"taxonomy":"category","embeddable":true,"href":"https:\/\/www.eldiario.net\/portal\/wp-json\/wp\/v2\/categories?post=309075"},{"taxonomy":"post_tag","embeddable":true,"href":"https:\/\/www.eldiario.net\/portal\/wp-json\/wp\/v2\/tags?post=309075"}],"curies":[{"name":"wp","href":"https:\/\/api.w.org\/{rel}","templated":true}]}}