{"id":309072,"date":"2025-06-12T05:26:49","date_gmt":"2025-06-12T09:26:49","guid":{"rendered":"https:\/\/www.eldiario.net\/portal\/?p=309072"},"modified":"2025-06-12T05:26:49","modified_gmt":"2025-06-12T09:26:49","slug":"diferimiento-creditos-comprometeria-estabilidad-del-sistema-financiero","status":"publish","type":"post","link":"https:\/\/www.eldiario.net\/portal\/2025\/06\/12\/diferimiento-creditos-comprometeria-estabilidad-del-sistema-financiero\/","title":{"rendered":"Diferimiento cr\u00e9ditos \u201ccomprometer\u00eda  estabilidad del sistema financiero\u201d"},"content":{"rendered":"<p>La Asociaci\u00f3n de Bancos Privados de Bolivia (Asoban) expres\u00f3 su \u201cprofunda preocupaci\u00f3n\u201d ante las propuestas legislativas que buscan establecer un nuevo diferimiento obligatorio en el pago de cr\u00e9ditos bancarios. En un comunicado oficial, la entidad advirti\u00f3 que una medida de este tipo \u201ccomprometer\u00eda la estabilidad del sistema financiero\u201d y pondr\u00eda en riesgo la intermediaci\u00f3n de recursos y la confianza de millones de ahorristas.<\/p>\n<p>\u201cEl sistema financiero canaliza con responsabilidad los recursos de los depositantes hacia actividades productivas y necesidades familiares. Estos fondos no pertenecen a los bancos, sino a los ahorristas, por lo que su protecci\u00f3n es fundamental para mantener el cr\u00e9dito y la confianza en el sector\u201d, remarca el pronunciamiento.<\/p>\n<p>Asoban sostiene que imponer un nuevo diferimiento, bajo cualquier modalidad, afectar\u00eda gravemente la solvencia del sistema financiero y deteriorar\u00eda la cultura de pago de los prestatarios. Asimismo, advierte que esta medida forzar\u00eda una inevitable restricci\u00f3n del cr\u00e9dito, golpeando especialmente a los sectores m\u00e1s vulnerables como las microempresas, y generando consecuencias sociales como el aumento del desempleo, la pobreza y la exclusi\u00f3n financiera.<\/p>\n<p>PROPUESTA DE ANDR\u00d3NICO RODR\u00cdGUEZ<\/p>\n<p>El presidente del Senado y candidato presidencial, Andr\u00f3nico Rodr\u00edguez, convoc\u00f3 este mi\u00e9rcoles a una reuni\u00f3n urgente entre las tres fuerzas pol\u00edticas representadas en la Asamblea Legislativa Plurinacional (ALP). La iniciativa busca abordar de manera conjunta soluciones concretas ante la escasez de combustibles, la subida de precios y la incertidumbre social que vive el pa\u00eds.<\/p>\n<p>Rodr\u00edguez atribuy\u00f3 la situaci\u00f3n a la ineficiencia del Gobierno nacional para garantizar el abastecimiento de gasolina y di\u00e9sel, as\u00ed como alimentos de la canasta b\u00e1sica. Entre los temas que el senador propone tratar en esta cumbre legislativa est\u00e1 un diferimiento en el pago de cr\u00e9ditos y una pausa impositiva para peque\u00f1os contribuyentes.<\/p>\n<p>Ante este escenario, Asoban hizo un llamado a las autoridades a evitar decisiones que comprometan la estabilidad financiera del pa\u00eds. La asociaci\u00f3n reiter\u00f3 su compromiso de analizar, caso por caso, la situaci\u00f3n de prestatarios afectados y encontrar soluciones sostenibles que no perjudiquen al sistema ni a la mayor\u00eda de los ciudadanos.<\/p>\n<p>\u201cLa recuperaci\u00f3n econ\u00f3mica debe construirse sobre la base de la responsabilidad, la confianza y pol\u00edticas que aseguren continuidad y certidumbre tanto para el sector p\u00fablico como privado\u201d, concluye el comunicado. (Br\u00fajula Digital)<\/p>\n","protected":false},"excerpt":{"rendered":"<p>La Asociaci\u00f3n de Bancos Privados de Bolivia (Asoban) expres\u00f3 su \u201cprofunda preocupaci\u00f3n\u201d ante las propuestas legislativas que buscan establecer un nuevo diferimiento obligatorio en el pago de cr\u00e9ditos bancarios. En un comunicado oficial, la entidad advirti\u00f3 que una medida de este tipo \u201ccomprometer\u00eda la estabilidad del sistema financiero\u201d y pondr\u00eda en riesgo la intermediaci\u00f3n de [&hellip;]<\/p>\n","protected":false},"author":1,"featured_media":309073,"comment_status":"closed","ping_status":"open","sticky":false,"template":"","format":"standard","meta":{"_acf_changed":false,"footnotes":""},"categories":[15],"tags":[],"class_list":["post-309072","post","type-post","status-publish","format-standard","has-post-thumbnail","category-portada"],"acf":{"antetitulo":"Banca afirma "},"yoast_head":"<!-- This site is optimized with the Yoast SEO plugin v28.4 - https:\/\/yoast.com\/product\/yoast-seo-wordpress\/ -->\n<title>Diferimiento cr\u00e9ditos \u201ccomprometer\u00eda estabilidad del sistema financiero\u201d - El Diario - Bolivia<\/title>\n<meta name=\"robots\" content=\"index, follow, max-snippet:-1, max-image-preview:large, max-video-preview:-1\" \/>\n<link rel=\"canonical\" href=\"https:\/\/www.eldiario.net\/portal\/2025\/06\/12\/diferimiento-creditos-comprometeria-estabilidad-del-sistema-financiero\/\" \/>\n<meta property=\"og:locale\" content=\"es_ES\" \/>\n<meta property=\"og:type\" content=\"article\" \/>\n<meta property=\"og:title\" content=\"Diferimiento cr\u00e9ditos \u201ccomprometer\u00eda estabilidad del sistema financiero\u201d - El Diario - Bolivia\" \/>\n<meta property=\"og:description\" content=\"La Asociaci\u00f3n de Bancos Privados de Bolivia (Asoban) expres\u00f3 su \u201cprofunda preocupaci\u00f3n\u201d ante las propuestas legislativas que buscan establecer un nuevo diferimiento obligatorio en el pago de cr\u00e9ditos bancarios. En un comunicado oficial, la entidad advirti\u00f3 que una medida de este tipo \u201ccomprometer\u00eda la estabilidad del sistema financiero\u201d y pondr\u00eda en riesgo la intermediaci\u00f3n de [&hellip;]\" \/>\n<meta property=\"og:url\" content=\"https:\/\/www.eldiario.net\/portal\/2025\/06\/12\/diferimiento-creditos-comprometeria-estabilidad-del-sistema-financiero\/\" \/>\n<meta property=\"og:site_name\" content=\"El Diario - Bolivia\" \/>\n<meta property=\"article:publisher\" content=\"https:\/\/www.facebook.com\/eldiario.bolivia\/\" \/>\n<meta property=\"article:published_time\" content=\"2025-06-12T09:26:49+00:00\" \/>\n<meta property=\"og:image\" content=\"https:\/\/www.eldiario.net\/portal\/wp-content\/uploads\/2025\/06\/DIFE-FOTO.webp\" \/>\n\t<meta property=\"og:image:width\" content=\"720\" \/>\n\t<meta property=\"og:image:height\" content=\"400\" \/>\n\t<meta property=\"og:image:type\" content=\"image\/webp\" \/>\n<meta name=\"author\" content=\"Jeanette\" \/>\n<meta name=\"twitter:card\" content=\"summary_large_image\" \/>\n<meta name=\"twitter:creator\" content=\"@eldiario_net\" \/>\n<meta name=\"twitter:site\" content=\"@eldiario_net\" \/>\n<meta name=\"twitter:label1\" content=\"Escrito por\" \/>\n\t<meta name=\"twitter:data1\" content=\"Jeanette\" \/>\n\t<meta name=\"twitter:label2\" content=\"Tiempo de lectura\" \/>\n\t<meta name=\"twitter:data2\" content=\"2 minutos\" \/>\n<script type=\"application\/ld+json\" class=\"yoast-schema-graph\">{\"@context\":\"https:\\\/\\\/schema.org\",\"@graph\":[{\"@type\":\"Article\",\"@id\":\"https:\\\/\\\/www.eldiario.net\\\/portal\\\/2025\\\/06\\\/12\\\/diferimiento-creditos-comprometeria-estabilidad-del-sistema-financiero\\\/#article\",\"isPartOf\":{\"@id\":\"https:\\\/\\\/www.eldiario.net\\\/portal\\\/2025\\\/06\\\/12\\\/diferimiento-creditos-comprometeria-estabilidad-del-sistema-financiero\\\/\"},\"author\":{\"name\":\"Jeanette\",\"@id\":\"https:\\\/\\\/www.eldiario.net\\\/portal\\\/#\\\/schema\\\/person\\\/f46445640444750d7d753ccd04ae01b7\"},\"headline\":\"Diferimiento cr\u00e9ditos \u201ccomprometer\u00eda estabilidad del sistema financiero\u201d\",\"datePublished\":\"2025-06-12T09:26:49+00:00\",\"mainEntityOfPage\":{\"@id\":\"https:\\\/\\\/www.eldiario.net\\\/portal\\\/2025\\\/06\\\/12\\\/diferimiento-creditos-comprometeria-estabilidad-del-sistema-financiero\\\/\"},\"wordCount\":413,\"publisher\":{\"@id\":\"https:\\\/\\\/www.eldiario.net\\\/portal\\\/#organization\"},\"image\":{\"@id\":\"https:\\\/\\\/www.eldiario.net\\\/portal\\\/2025\\\/06\\\/12\\\/diferimiento-creditos-comprometeria-estabilidad-del-sistema-financiero\\\/#primaryimage\"},\"thumbnailUrl\":\"https:\\\/\\\/www.eldiario.net\\\/portal\\\/wp-content\\\/uploads\\\/2025\\\/06\\\/DIFE-FOTO.webp\",\"articleSection\":[\"Portada\"],\"inLanguage\":\"es\"},{\"@type\":\"WebPage\",\"@id\":\"https:\\\/\\\/www.eldiario.net\\\/portal\\\/2025\\\/06\\\/12\\\/diferimiento-creditos-comprometeria-estabilidad-del-sistema-financiero\\\/\",\"url\":\"https:\\\/\\\/www.eldiario.net\\\/portal\\\/2025\\\/06\\\/12\\\/diferimiento-creditos-comprometeria-estabilidad-del-sistema-financiero\\\/\",\"name\":\"Diferimiento cr\u00e9ditos \u201ccomprometer\u00eda estabilidad del sistema financiero\u201d - El Diario - Bolivia\",\"isPartOf\":{\"@id\":\"https:\\\/\\\/www.eldiario.net\\\/portal\\\/#website\"},\"primaryImageOfPage\":{\"@id\":\"https:\\\/\\\/www.eldiario.net\\\/portal\\\/2025\\\/06\\\/12\\\/diferimiento-creditos-comprometeria-estabilidad-del-sistema-financiero\\\/#primaryimage\"},\"image\":{\"@id\":\"https:\\\/\\\/www.eldiario.net\\\/portal\\\/2025\\\/06\\\/12\\\/diferimiento-creditos-comprometeria-estabilidad-del-sistema-financiero\\\/#primaryimage\"},\"thumbnailUrl\":\"https:\\\/\\\/www.eldiario.net\\\/portal\\\/wp-content\\\/uploads\\\/2025\\\/06\\\/DIFE-FOTO.webp\",\"datePublished\":\"2025-06-12T09:26:49+00:00\",\"breadcrumb\":{\"@id\":\"https:\\\/\\\/www.eldiario.net\\\/portal\\\/2025\\\/06\\\/12\\\/diferimiento-creditos-comprometeria-estabilidad-del-sistema-financiero\\\/#breadcrumb\"},\"inLanguage\":\"es\",\"potentialAction\":[{\"@type\":\"ReadAction\",\"target\":[\"https:\\\/\\\/www.eldiario.net\\\/portal\\\/2025\\\/06\\\/12\\\/diferimiento-creditos-comprometeria-estabilidad-del-sistema-financiero\\\/\"]}]},{\"@type\":\"ImageObject\",\"inLanguage\":\"es\",\"@id\":\"https:\\\/\\\/www.eldiario.net\\\/portal\\\/2025\\\/06\\\/12\\\/diferimiento-creditos-comprometeria-estabilidad-del-sistema-financiero\\\/#primaryimage\",\"url\":\"https:\\\/\\\/www.eldiario.net\\\/portal\\\/wp-content\\\/uploads\\\/2025\\\/06\\\/DIFE-FOTO.webp\",\"contentUrl\":\"https:\\\/\\\/www.eldiario.net\\\/portal\\\/wp-content\\\/uploads\\\/2025\\\/06\\\/DIFE-FOTO.webp\",\"width\":720,\"height\":400},{\"@type\":\"BreadcrumbList\",\"@id\":\"https:\\\/\\\/www.eldiario.net\\\/portal\\\/2025\\\/06\\\/12\\\/diferimiento-creditos-comprometeria-estabilidad-del-sistema-financiero\\\/#breadcrumb\",\"itemListElement\":[{\"@type\":\"ListItem\",\"position\":1,\"name\":\"Portada\",\"item\":\"https:\\\/\\\/www.eldiario.net\\\/portal\\\/\"},{\"@type\":\"ListItem\",\"position\":2,\"name\":\"Diferimiento cr\u00e9ditos \u201ccomprometer\u00eda estabilidad del sistema financiero\u201d\"}]},{\"@type\":\"WebSite\",\"@id\":\"https:\\\/\\\/www.eldiario.net\\\/portal\\\/#website\",\"url\":\"https:\\\/\\\/www.eldiario.net\\\/portal\\\/\",\"name\":\"El Diario - Decano de la prensa nacional\",\"description\":\"El Diario - Decano de la prensa nacional\",\"publisher\":{\"@id\":\"https:\\\/\\\/www.eldiario.net\\\/portal\\\/#organization\"},\"potentialAction\":[{\"@type\":\"SearchAction\",\"target\":{\"@type\":\"EntryPoint\",\"urlTemplate\":\"https:\\\/\\\/www.eldiario.net\\\/portal\\\/?s={search_term_string}\"},\"query-input\":{\"@type\":\"PropertyValueSpecification\",\"valueRequired\":true,\"valueName\":\"search_term_string\"}}],\"inLanguage\":\"es\"},{\"@type\":\"Organization\",\"@id\":\"https:\\\/\\\/www.eldiario.net\\\/portal\\\/#organization\",\"name\":\"El Diario - Decano de la prensa nacional\",\"url\":\"https:\\\/\\\/www.eldiario.net\\\/portal\\\/\",\"logo\":{\"@type\":\"ImageObject\",\"inLanguage\":\"es\",\"@id\":\"https:\\\/\\\/www.eldiario.net\\\/portal\\\/#\\\/schema\\\/logo\\\/image\\\/\",\"url\":\"https:\\\/\\\/www.eldiario.net\\\/portal\\\/wp-content\\\/uploads\\\/2023\\\/07\\\/logo_ED.jpg\",\"contentUrl\":\"https:\\\/\\\/www.eldiario.net\\\/portal\\\/wp-content\\\/uploads\\\/2023\\\/07\\\/logo_ED.jpg\",\"width\":272,\"height\":52,\"caption\":\"El Diario - Decano de la prensa nacional\"},\"image\":{\"@id\":\"https:\\\/\\\/www.eldiario.net\\\/portal\\\/#\\\/schema\\\/logo\\\/image\\\/\"},\"sameAs\":[\"https:\\\/\\\/www.facebook.com\\\/eldiario.bolivia\\\/\",\"https:\\\/\\\/x.com\\\/eldiario_net\"]},{\"@type\":\"Person\",\"@id\":\"https:\\\/\\\/www.eldiario.net\\\/portal\\\/#\\\/schema\\\/person\\\/f46445640444750d7d753ccd04ae01b7\",\"name\":\"Jeanette\",\"image\":{\"@type\":\"ImageObject\",\"inLanguage\":\"es\",\"@id\":\"https:\\\/\\\/secure.gravatar.com\\\/avatar\\\/3ea2118a5f7dad2b7138b1187a6b7ee55f160b9968b66013c3a3ef39dd7e5798?s=96&d=mm&r=g\",\"url\":\"https:\\\/\\\/secure.gravatar.com\\\/avatar\\\/3ea2118a5f7dad2b7138b1187a6b7ee55f160b9968b66013c3a3ef39dd7e5798?s=96&d=mm&r=g\",\"contentUrl\":\"https:\\\/\\\/secure.gravatar.com\\\/avatar\\\/3ea2118a5f7dad2b7138b1187a6b7ee55f160b9968b66013c3a3ef39dd7e5798?s=96&d=mm&r=g\",\"caption\":\"Jeanette\"},\"sameAs\":[\"https:\\\/\\\/www.eldiario.net\\\/portal\"],\"url\":\"https:\\\/\\\/www.eldiario.net\\\/portal\\\/author\\\/jeanette\\\/\"}]}<\/script>\n<!-- \/ Yoast SEO plugin. -->","yoast_head_json":{"title":"Diferimiento cr\u00e9ditos \u201ccomprometer\u00eda estabilidad del sistema financiero\u201d - El Diario - Bolivia","robots":{"index":"index","follow":"follow","max-snippet":"max-snippet:-1","max-image-preview":"max-image-preview:large","max-video-preview":"max-video-preview:-1"},"canonical":"https:\/\/www.eldiario.net\/portal\/2025\/06\/12\/diferimiento-creditos-comprometeria-estabilidad-del-sistema-financiero\/","og_locale":"es_ES","og_type":"article","og_title":"Diferimiento cr\u00e9ditos \u201ccomprometer\u00eda estabilidad del sistema financiero\u201d - El Diario - Bolivia","og_description":"La Asociaci\u00f3n de Bancos Privados de Bolivia (Asoban) expres\u00f3 su \u201cprofunda preocupaci\u00f3n\u201d ante las propuestas legislativas que buscan establecer un nuevo diferimiento obligatorio en el pago de cr\u00e9ditos bancarios. En un comunicado oficial, la entidad advirti\u00f3 que una medida de este tipo \u201ccomprometer\u00eda la estabilidad del sistema financiero\u201d y pondr\u00eda en riesgo la intermediaci\u00f3n de [&hellip;]","og_url":"https:\/\/www.eldiario.net\/portal\/2025\/06\/12\/diferimiento-creditos-comprometeria-estabilidad-del-sistema-financiero\/","og_site_name":"El Diario - Bolivia","article_publisher":"https:\/\/www.facebook.com\/eldiario.bolivia\/","article_published_time":"2025-06-12T09:26:49+00:00","og_image":[{"width":720,"height":400,"url":"https:\/\/www.eldiario.net\/portal\/wp-content\/uploads\/2025\/06\/DIFE-FOTO.webp","type":"image\/webp"}],"author":"Jeanette","twitter_card":"summary_large_image","twitter_creator":"@eldiario_net","twitter_site":"@eldiario_net","twitter_misc":{"Escrito por":"Jeanette","Tiempo de lectura":"2 minutos"},"schema":{"@context":"https:\/\/schema.org","@graph":[{"@type":"Article","@id":"https:\/\/www.eldiario.net\/portal\/2025\/06\/12\/diferimiento-creditos-comprometeria-estabilidad-del-sistema-financiero\/#article","isPartOf":{"@id":"https:\/\/www.eldiario.net\/portal\/2025\/06\/12\/diferimiento-creditos-comprometeria-estabilidad-del-sistema-financiero\/"},"author":{"name":"Jeanette","@id":"https:\/\/www.eldiario.net\/portal\/#\/schema\/person\/f46445640444750d7d753ccd04ae01b7"},"headline":"Diferimiento cr\u00e9ditos \u201ccomprometer\u00eda estabilidad del sistema financiero\u201d","datePublished":"2025-06-12T09:26:49+00:00","mainEntityOfPage":{"@id":"https:\/\/www.eldiario.net\/portal\/2025\/06\/12\/diferimiento-creditos-comprometeria-estabilidad-del-sistema-financiero\/"},"wordCount":413,"publisher":{"@id":"https:\/\/www.eldiario.net\/portal\/#organization"},"image":{"@id":"https:\/\/www.eldiario.net\/portal\/2025\/06\/12\/diferimiento-creditos-comprometeria-estabilidad-del-sistema-financiero\/#primaryimage"},"thumbnailUrl":"https:\/\/www.eldiario.net\/portal\/wp-content\/uploads\/2025\/06\/DIFE-FOTO.webp","articleSection":["Portada"],"inLanguage":"es"},{"@type":"WebPage","@id":"https:\/\/www.eldiario.net\/portal\/2025\/06\/12\/diferimiento-creditos-comprometeria-estabilidad-del-sistema-financiero\/","url":"https:\/\/www.eldiario.net\/portal\/2025\/06\/12\/diferimiento-creditos-comprometeria-estabilidad-del-sistema-financiero\/","name":"Diferimiento cr\u00e9ditos \u201ccomprometer\u00eda estabilidad del sistema financiero\u201d - El Diario - Bolivia","isPartOf":{"@id":"https:\/\/www.eldiario.net\/portal\/#website"},"primaryImageOfPage":{"@id":"https:\/\/www.eldiario.net\/portal\/2025\/06\/12\/diferimiento-creditos-comprometeria-estabilidad-del-sistema-financiero\/#primaryimage"},"image":{"@id":"https:\/\/www.eldiario.net\/portal\/2025\/06\/12\/diferimiento-creditos-comprometeria-estabilidad-del-sistema-financiero\/#primaryimage"},"thumbnailUrl":"https:\/\/www.eldiario.net\/portal\/wp-content\/uploads\/2025\/06\/DIFE-FOTO.webp","datePublished":"2025-06-12T09:26:49+00:00","breadcrumb":{"@id":"https:\/\/www.eldiario.net\/portal\/2025\/06\/12\/diferimiento-creditos-comprometeria-estabilidad-del-sistema-financiero\/#breadcrumb"},"inLanguage":"es","potentialAction":[{"@type":"ReadAction","target":["https:\/\/www.eldiario.net\/portal\/2025\/06\/12\/diferimiento-creditos-comprometeria-estabilidad-del-sistema-financiero\/"]}]},{"@type":"ImageObject","inLanguage":"es","@id":"https:\/\/www.eldiario.net\/portal\/2025\/06\/12\/diferimiento-creditos-comprometeria-estabilidad-del-sistema-financiero\/#primaryimage","url":"https:\/\/www.eldiario.net\/portal\/wp-content\/uploads\/2025\/06\/DIFE-FOTO.webp","contentUrl":"https:\/\/www.eldiario.net\/portal\/wp-content\/uploads\/2025\/06\/DIFE-FOTO.webp","width":720,"height":400},{"@type":"BreadcrumbList","@id":"https:\/\/www.eldiario.net\/portal\/2025\/06\/12\/diferimiento-creditos-comprometeria-estabilidad-del-sistema-financiero\/#breadcrumb","itemListElement":[{"@type":"ListItem","position":1,"name":"Portada","item":"https:\/\/www.eldiario.net\/portal\/"},{"@type":"ListItem","position":2,"name":"Diferimiento cr\u00e9ditos \u201ccomprometer\u00eda estabilidad del sistema financiero\u201d"}]},{"@type":"WebSite","@id":"https:\/\/www.eldiario.net\/portal\/#website","url":"https:\/\/www.eldiario.net\/portal\/","name":"El Diario - Decano de la prensa nacional","description":"El Diario - Decano de la prensa nacional","publisher":{"@id":"https:\/\/www.eldiario.net\/portal\/#organization"},"potentialAction":[{"@type":"SearchAction","target":{"@type":"EntryPoint","urlTemplate":"https:\/\/www.eldiario.net\/portal\/?s={search_term_string}"},"query-input":{"@type":"PropertyValueSpecification","valueRequired":true,"valueName":"search_term_string"}}],"inLanguage":"es"},{"@type":"Organization","@id":"https:\/\/www.eldiario.net\/portal\/#organization","name":"El Diario - Decano de la prensa nacional","url":"https:\/\/www.eldiario.net\/portal\/","logo":{"@type":"ImageObject","inLanguage":"es","@id":"https:\/\/www.eldiario.net\/portal\/#\/schema\/logo\/image\/","url":"https:\/\/www.eldiario.net\/portal\/wp-content\/uploads\/2023\/07\/logo_ED.jpg","contentUrl":"https:\/\/www.eldiario.net\/portal\/wp-content\/uploads\/2023\/07\/logo_ED.jpg","width":272,"height":52,"caption":"El Diario - Decano de la prensa nacional"},"image":{"@id":"https:\/\/www.eldiario.net\/portal\/#\/schema\/logo\/image\/"},"sameAs":["https:\/\/www.facebook.com\/eldiario.bolivia\/","https:\/\/x.com\/eldiario_net"]},{"@type":"Person","@id":"https:\/\/www.eldiario.net\/portal\/#\/schema\/person\/f46445640444750d7d753ccd04ae01b7","name":"Jeanette","image":{"@type":"ImageObject","inLanguage":"es","@id":"https:\/\/secure.gravatar.com\/avatar\/3ea2118a5f7dad2b7138b1187a6b7ee55f160b9968b66013c3a3ef39dd7e5798?s=96&d=mm&r=g","url":"https:\/\/secure.gravatar.com\/avatar\/3ea2118a5f7dad2b7138b1187a6b7ee55f160b9968b66013c3a3ef39dd7e5798?s=96&d=mm&r=g","contentUrl":"https:\/\/secure.gravatar.com\/avatar\/3ea2118a5f7dad2b7138b1187a6b7ee55f160b9968b66013c3a3ef39dd7e5798?s=96&d=mm&r=g","caption":"Jeanette"},"sameAs":["https:\/\/www.eldiario.net\/portal"],"url":"https:\/\/www.eldiario.net\/portal\/author\/jeanette\/"}]}},"_links":{"self":[{"href":"https:\/\/www.eldiario.net\/portal\/wp-json\/wp\/v2\/posts\/309072","targetHints":{"allow":["GET"]}}],"collection":[{"href":"https:\/\/www.eldiario.net\/portal\/wp-json\/wp\/v2\/posts"}],"about":[{"href":"https:\/\/www.eldiario.net\/portal\/wp-json\/wp\/v2\/types\/post"}],"author":[{"embeddable":true,"href":"https:\/\/www.eldiario.net\/portal\/wp-json\/wp\/v2\/users\/1"}],"replies":[{"embeddable":true,"href":"https:\/\/www.eldiario.net\/portal\/wp-json\/wp\/v2\/comments?post=309072"}],"version-history":[{"count":1,"href":"https:\/\/www.eldiario.net\/portal\/wp-json\/wp\/v2\/posts\/309072\/revisions"}],"predecessor-version":[{"id":309074,"href":"https:\/\/www.eldiario.net\/portal\/wp-json\/wp\/v2\/posts\/309072\/revisions\/309074"}],"wp:featuredmedia":[{"embeddable":true,"href":"https:\/\/www.eldiario.net\/portal\/wp-json\/wp\/v2\/media\/309073"}],"wp:attachment":[{"href":"https:\/\/www.eldiario.net\/portal\/wp-json\/wp\/v2\/media?parent=309072"}],"wp:term":[{"taxonomy":"category","embeddable":true,"href":"https:\/\/www.eldiario.net\/portal\/wp-json\/wp\/v2\/categories?post=309072"},{"taxonomy":"post_tag","embeddable":true,"href":"https:\/\/www.eldiario.net\/portal\/wp-json\/wp\/v2\/tags?post=309072"}],"curies":[{"name":"wp","href":"https:\/\/api.w.org\/{rel}","templated":true}]}}