{"id":309069,"date":"2025-06-12T05:26:08","date_gmt":"2025-06-12T09:26:08","guid":{"rendered":"https:\/\/www.eldiario.net\/portal\/?p=309069"},"modified":"2025-06-12T05:26:08","modified_gmt":"2025-06-12T09:26:08","slug":"ofensiva-contra-trump-toma-las-calles-de-una-veintena-de-ciudades-de-eeuu","status":"publish","type":"post","link":"https:\/\/www.eldiario.net\/portal\/2025\/06\/12\/ofensiva-contra-trump-toma-las-calles-de-una-veintena-de-ciudades-de-eeuu\/","title":{"rendered":"Ofensiva contra Trump toma las calles  de una veintena de ciudades de EEUU"},"content":{"rendered":"<p>Al menos 24 ciudades de Estados Unidos se han unido ayer a las protestas contra la pol\u00edtica migratoria de Donald Trump que comenzaron el pasado viernes en Los \u00c1ngeles.<\/p>\n<p>A lo largo de todo el Estado de California, y de costa a costa, desde Las Vegas y Seattle hasta Nueva York y Austin, se han convocado nuevas protestas.<\/p>\n<p>Se espera que esta semana miles de personas tomen las calles para desafiar la campa\u00f1a de detenciones y deportaciones masivas del Gobierno estadounidense, antesala de las protestas previstas para este s\u00e1bado. Ese d\u00eda, el presidente Trump celebrar\u00e1 su cumplea\u00f1os con un desfile militar en la capital que recibir\u00e1 la contestaci\u00f3n de cientos de convocatorias en todo el pa\u00eds.<\/p>\n<p>Las protestas en solidaridad con Los \u00c1ngeles se han ido extendiendo a otros lugares desde el fin de semana, pero se intensificaron y aumentaron en tama\u00f1o.<\/p>\n<p>En la ciudad de Nueva York, miles de personas se congregaron en el Bajo Manhattan, donde est\u00e1n varias agencias federales de inmigraci\u00f3n, incluido el Servicio de Inmigraci\u00f3n y Control de Aduanas (ICE, por sus siglas en ingl\u00e9s), el principal foco de ira de los manifestantes. (El Pa\u00eds)<\/p>\n","protected":false},"excerpt":{"rendered":"<p>Al menos 24 ciudades de Estados Unidos se han unido ayer a las protestas contra la pol\u00edtica migratoria de Donald Trump que comenzaron el pasado viernes en Los \u00c1ngeles. A lo largo de todo el Estado de California, y de costa a costa, desde Las Vegas y Seattle hasta Nueva York y Austin, se han [&hellip;]<\/p>\n","protected":false},"author":1,"featured_media":309070,"comment_status":"closed","ping_status":"open","sticky":false,"template":"","format":"standard","meta":{"_acf_changed":false,"footnotes":""},"categories":[15],"tags":[],"class_list":["post-309069","post","type-post","status-publish","format-standard","has-post-thumbnail","category-portada"],"acf":{"antetitulo":""},"yoast_head":"<!-- This site is optimized with the Yoast SEO plugin v28.4 - https:\/\/yoast.com\/product\/yoast-seo-wordpress\/ -->\n<title>Ofensiva contra Trump toma las calles de una veintena de ciudades de EEUU - El Diario - Bolivia<\/title>\n<meta name=\"robots\" content=\"index, follow, max-snippet:-1, max-image-preview:large, max-video-preview:-1\" \/>\n<link rel=\"canonical\" href=\"https:\/\/www.eldiario.net\/portal\/2025\/06\/12\/ofensiva-contra-trump-toma-las-calles-de-una-veintena-de-ciudades-de-eeuu\/\" \/>\n<meta property=\"og:locale\" content=\"es_ES\" \/>\n<meta property=\"og:type\" content=\"article\" \/>\n<meta property=\"og:title\" content=\"Ofensiva contra Trump toma las calles de una veintena de ciudades de EEUU - El Diario - Bolivia\" \/>\n<meta property=\"og:description\" content=\"Al menos 24 ciudades de Estados Unidos se han unido ayer a las protestas contra la pol\u00edtica migratoria de Donald Trump que comenzaron el pasado viernes en Los \u00c1ngeles. A lo largo de todo el Estado de California, y de costa a costa, desde Las Vegas y Seattle hasta Nueva York y Austin, se han [&hellip;]\" \/>\n<meta property=\"og:url\" content=\"https:\/\/www.eldiario.net\/portal\/2025\/06\/12\/ofensiva-contra-trump-toma-las-calles-de-una-veintena-de-ciudades-de-eeuu\/\" \/>\n<meta property=\"og:site_name\" content=\"El Diario - Bolivia\" \/>\n<meta property=\"article:publisher\" content=\"https:\/\/www.facebook.com\/eldiario.bolivia\/\" \/>\n<meta property=\"article:published_time\" content=\"2025-06-12T09:26:08+00:00\" \/>\n<meta property=\"og:image\" content=\"https:\/\/www.eldiario.net\/portal\/wp-content\/uploads\/2025\/06\/TRUMP-FOTO.webp\" \/>\n\t<meta property=\"og:image:width\" content=\"1200\" \/>\n\t<meta property=\"og:image:height\" content=\"800\" \/>\n\t<meta property=\"og:image:type\" content=\"image\/webp\" \/>\n<meta name=\"author\" content=\"Jeanette\" \/>\n<meta name=\"twitter:card\" content=\"summary_large_image\" \/>\n<meta name=\"twitter:creator\" content=\"@eldiario_net\" \/>\n<meta name=\"twitter:site\" content=\"@eldiario_net\" \/>\n<meta name=\"twitter:label1\" content=\"Escrito por\" \/>\n\t<meta name=\"twitter:data1\" content=\"Jeanette\" \/>\n\t<meta name=\"twitter:label2\" content=\"Tiempo de lectura\" \/>\n\t<meta name=\"twitter:data2\" content=\"2 minutos\" \/>\n<script type=\"application\/ld+json\" class=\"yoast-schema-graph\">{\"@context\":\"https:\\\/\\\/schema.org\",\"@graph\":[{\"@type\":\"Article\",\"@id\":\"https:\\\/\\\/www.eldiario.net\\\/portal\\\/2025\\\/06\\\/12\\\/ofensiva-contra-trump-toma-las-calles-de-una-veintena-de-ciudades-de-eeuu\\\/#article\",\"isPartOf\":{\"@id\":\"https:\\\/\\\/www.eldiario.net\\\/portal\\\/2025\\\/06\\\/12\\\/ofensiva-contra-trump-toma-las-calles-de-una-veintena-de-ciudades-de-eeuu\\\/\"},\"author\":{\"name\":\"Jeanette\",\"@id\":\"https:\\\/\\\/www.eldiario.net\\\/portal\\\/#\\\/schema\\\/person\\\/f46445640444750d7d753ccd04ae01b7\"},\"headline\":\"Ofensiva contra Trump toma las calles de una veintena de ciudades de EEUU\",\"datePublished\":\"2025-06-12T09:26:08+00:00\",\"mainEntityOfPage\":{\"@id\":\"https:\\\/\\\/www.eldiario.net\\\/portal\\\/2025\\\/06\\\/12\\\/ofensiva-contra-trump-toma-las-calles-de-una-veintena-de-ciudades-de-eeuu\\\/\"},\"wordCount\":214,\"publisher\":{\"@id\":\"https:\\\/\\\/www.eldiario.net\\\/portal\\\/#organization\"},\"image\":{\"@id\":\"https:\\\/\\\/www.eldiario.net\\\/portal\\\/2025\\\/06\\\/12\\\/ofensiva-contra-trump-toma-las-calles-de-una-veintena-de-ciudades-de-eeuu\\\/#primaryimage\"},\"thumbnailUrl\":\"https:\\\/\\\/www.eldiario.net\\\/portal\\\/wp-content\\\/uploads\\\/2025\\\/06\\\/TRUMP-FOTO.webp\",\"articleSection\":[\"Portada\"],\"inLanguage\":\"es\"},{\"@type\":\"WebPage\",\"@id\":\"https:\\\/\\\/www.eldiario.net\\\/portal\\\/2025\\\/06\\\/12\\\/ofensiva-contra-trump-toma-las-calles-de-una-veintena-de-ciudades-de-eeuu\\\/\",\"url\":\"https:\\\/\\\/www.eldiario.net\\\/portal\\\/2025\\\/06\\\/12\\\/ofensiva-contra-trump-toma-las-calles-de-una-veintena-de-ciudades-de-eeuu\\\/\",\"name\":\"Ofensiva contra Trump toma las calles de una veintena de ciudades de EEUU - El Diario - Bolivia\",\"isPartOf\":{\"@id\":\"https:\\\/\\\/www.eldiario.net\\\/portal\\\/#website\"},\"primaryImageOfPage\":{\"@id\":\"https:\\\/\\\/www.eldiario.net\\\/portal\\\/2025\\\/06\\\/12\\\/ofensiva-contra-trump-toma-las-calles-de-una-veintena-de-ciudades-de-eeuu\\\/#primaryimage\"},\"image\":{\"@id\":\"https:\\\/\\\/www.eldiario.net\\\/portal\\\/2025\\\/06\\\/12\\\/ofensiva-contra-trump-toma-las-calles-de-una-veintena-de-ciudades-de-eeuu\\\/#primaryimage\"},\"thumbnailUrl\":\"https:\\\/\\\/www.eldiario.net\\\/portal\\\/wp-content\\\/uploads\\\/2025\\\/06\\\/TRUMP-FOTO.webp\",\"datePublished\":\"2025-06-12T09:26:08+00:00\",\"breadcrumb\":{\"@id\":\"https:\\\/\\\/www.eldiario.net\\\/portal\\\/2025\\\/06\\\/12\\\/ofensiva-contra-trump-toma-las-calles-de-una-veintena-de-ciudades-de-eeuu\\\/#breadcrumb\"},\"inLanguage\":\"es\",\"potentialAction\":[{\"@type\":\"ReadAction\",\"target\":[\"https:\\\/\\\/www.eldiario.net\\\/portal\\\/2025\\\/06\\\/12\\\/ofensiva-contra-trump-toma-las-calles-de-una-veintena-de-ciudades-de-eeuu\\\/\"]}]},{\"@type\":\"ImageObject\",\"inLanguage\":\"es\",\"@id\":\"https:\\\/\\\/www.eldiario.net\\\/portal\\\/2025\\\/06\\\/12\\\/ofensiva-contra-trump-toma-las-calles-de-una-veintena-de-ciudades-de-eeuu\\\/#primaryimage\",\"url\":\"https:\\\/\\\/www.eldiario.net\\\/portal\\\/wp-content\\\/uploads\\\/2025\\\/06\\\/TRUMP-FOTO.webp\",\"contentUrl\":\"https:\\\/\\\/www.eldiario.net\\\/portal\\\/wp-content\\\/uploads\\\/2025\\\/06\\\/TRUMP-FOTO.webp\",\"width\":1200,\"height\":800,\"caption\":\"PROTESTA CONTRA LAS REDADAS FEDERALES DE INMIGRACI\u00d3N EN CHICAGO, ILLINOIS. FOTO: REUTERS\"},{\"@type\":\"BreadcrumbList\",\"@id\":\"https:\\\/\\\/www.eldiario.net\\\/portal\\\/2025\\\/06\\\/12\\\/ofensiva-contra-trump-toma-las-calles-de-una-veintena-de-ciudades-de-eeuu\\\/#breadcrumb\",\"itemListElement\":[{\"@type\":\"ListItem\",\"position\":1,\"name\":\"Portada\",\"item\":\"https:\\\/\\\/www.eldiario.net\\\/portal\\\/\"},{\"@type\":\"ListItem\",\"position\":2,\"name\":\"Ofensiva contra Trump toma las calles de una veintena de ciudades de EEUU\"}]},{\"@type\":\"WebSite\",\"@id\":\"https:\\\/\\\/www.eldiario.net\\\/portal\\\/#website\",\"url\":\"https:\\\/\\\/www.eldiario.net\\\/portal\\\/\",\"name\":\"El Diario - Decano de la prensa nacional\",\"description\":\"El Diario - Decano de la prensa nacional\",\"publisher\":{\"@id\":\"https:\\\/\\\/www.eldiario.net\\\/portal\\\/#organization\"},\"potentialAction\":[{\"@type\":\"SearchAction\",\"target\":{\"@type\":\"EntryPoint\",\"urlTemplate\":\"https:\\\/\\\/www.eldiario.net\\\/portal\\\/?s={search_term_string}\"},\"query-input\":{\"@type\":\"PropertyValueSpecification\",\"valueRequired\":true,\"valueName\":\"search_term_string\"}}],\"inLanguage\":\"es\"},{\"@type\":\"Organization\",\"@id\":\"https:\\\/\\\/www.eldiario.net\\\/portal\\\/#organization\",\"name\":\"El Diario - Decano de la prensa nacional\",\"url\":\"https:\\\/\\\/www.eldiario.net\\\/portal\\\/\",\"logo\":{\"@type\":\"ImageObject\",\"inLanguage\":\"es\",\"@id\":\"https:\\\/\\\/www.eldiario.net\\\/portal\\\/#\\\/schema\\\/logo\\\/image\\\/\",\"url\":\"https:\\\/\\\/www.eldiario.net\\\/portal\\\/wp-content\\\/uploads\\\/2023\\\/07\\\/logo_ED.jpg\",\"contentUrl\":\"https:\\\/\\\/www.eldiario.net\\\/portal\\\/wp-content\\\/uploads\\\/2023\\\/07\\\/logo_ED.jpg\",\"width\":272,\"height\":52,\"caption\":\"El Diario - Decano de la prensa nacional\"},\"image\":{\"@id\":\"https:\\\/\\\/www.eldiario.net\\\/portal\\\/#\\\/schema\\\/logo\\\/image\\\/\"},\"sameAs\":[\"https:\\\/\\\/www.facebook.com\\\/eldiario.bolivia\\\/\",\"https:\\\/\\\/x.com\\\/eldiario_net\"]},{\"@type\":\"Person\",\"@id\":\"https:\\\/\\\/www.eldiario.net\\\/portal\\\/#\\\/schema\\\/person\\\/f46445640444750d7d753ccd04ae01b7\",\"name\":\"Jeanette\",\"image\":{\"@type\":\"ImageObject\",\"inLanguage\":\"es\",\"@id\":\"https:\\\/\\\/secure.gravatar.com\\\/avatar\\\/3ea2118a5f7dad2b7138b1187a6b7ee55f160b9968b66013c3a3ef39dd7e5798?s=96&d=mm&r=g\",\"url\":\"https:\\\/\\\/secure.gravatar.com\\\/avatar\\\/3ea2118a5f7dad2b7138b1187a6b7ee55f160b9968b66013c3a3ef39dd7e5798?s=96&d=mm&r=g\",\"contentUrl\":\"https:\\\/\\\/secure.gravatar.com\\\/avatar\\\/3ea2118a5f7dad2b7138b1187a6b7ee55f160b9968b66013c3a3ef39dd7e5798?s=96&d=mm&r=g\",\"caption\":\"Jeanette\"},\"sameAs\":[\"https:\\\/\\\/www.eldiario.net\\\/portal\"],\"url\":\"https:\\\/\\\/www.eldiario.net\\\/portal\\\/author\\\/jeanette\\\/\"}]}<\/script>\n<!-- \/ Yoast SEO plugin. -->","yoast_head_json":{"title":"Ofensiva contra Trump toma las calles de una veintena de ciudades de EEUU - El Diario - Bolivia","robots":{"index":"index","follow":"follow","max-snippet":"max-snippet:-1","max-image-preview":"max-image-preview:large","max-video-preview":"max-video-preview:-1"},"canonical":"https:\/\/www.eldiario.net\/portal\/2025\/06\/12\/ofensiva-contra-trump-toma-las-calles-de-una-veintena-de-ciudades-de-eeuu\/","og_locale":"es_ES","og_type":"article","og_title":"Ofensiva contra Trump toma las calles de una veintena de ciudades de EEUU - El Diario - Bolivia","og_description":"Al menos 24 ciudades de Estados Unidos se han unido ayer a las protestas contra la pol\u00edtica migratoria de Donald Trump que comenzaron el pasado viernes en Los \u00c1ngeles. A lo largo de todo el Estado de California, y de costa a costa, desde Las Vegas y Seattle hasta Nueva York y Austin, se han [&hellip;]","og_url":"https:\/\/www.eldiario.net\/portal\/2025\/06\/12\/ofensiva-contra-trump-toma-las-calles-de-una-veintena-de-ciudades-de-eeuu\/","og_site_name":"El Diario - Bolivia","article_publisher":"https:\/\/www.facebook.com\/eldiario.bolivia\/","article_published_time":"2025-06-12T09:26:08+00:00","og_image":[{"width":1200,"height":800,"url":"https:\/\/www.eldiario.net\/portal\/wp-content\/uploads\/2025\/06\/TRUMP-FOTO.webp","type":"image\/webp"}],"author":"Jeanette","twitter_card":"summary_large_image","twitter_creator":"@eldiario_net","twitter_site":"@eldiario_net","twitter_misc":{"Escrito por":"Jeanette","Tiempo de lectura":"2 minutos"},"schema":{"@context":"https:\/\/schema.org","@graph":[{"@type":"Article","@id":"https:\/\/www.eldiario.net\/portal\/2025\/06\/12\/ofensiva-contra-trump-toma-las-calles-de-una-veintena-de-ciudades-de-eeuu\/#article","isPartOf":{"@id":"https:\/\/www.eldiario.net\/portal\/2025\/06\/12\/ofensiva-contra-trump-toma-las-calles-de-una-veintena-de-ciudades-de-eeuu\/"},"author":{"name":"Jeanette","@id":"https:\/\/www.eldiario.net\/portal\/#\/schema\/person\/f46445640444750d7d753ccd04ae01b7"},"headline":"Ofensiva contra Trump toma las calles de una veintena de ciudades de EEUU","datePublished":"2025-06-12T09:26:08+00:00","mainEntityOfPage":{"@id":"https:\/\/www.eldiario.net\/portal\/2025\/06\/12\/ofensiva-contra-trump-toma-las-calles-de-una-veintena-de-ciudades-de-eeuu\/"},"wordCount":214,"publisher":{"@id":"https:\/\/www.eldiario.net\/portal\/#organization"},"image":{"@id":"https:\/\/www.eldiario.net\/portal\/2025\/06\/12\/ofensiva-contra-trump-toma-las-calles-de-una-veintena-de-ciudades-de-eeuu\/#primaryimage"},"thumbnailUrl":"https:\/\/www.eldiario.net\/portal\/wp-content\/uploads\/2025\/06\/TRUMP-FOTO.webp","articleSection":["Portada"],"inLanguage":"es"},{"@type":"WebPage","@id":"https:\/\/www.eldiario.net\/portal\/2025\/06\/12\/ofensiva-contra-trump-toma-las-calles-de-una-veintena-de-ciudades-de-eeuu\/","url":"https:\/\/www.eldiario.net\/portal\/2025\/06\/12\/ofensiva-contra-trump-toma-las-calles-de-una-veintena-de-ciudades-de-eeuu\/","name":"Ofensiva contra Trump toma las calles de una veintena de ciudades de EEUU - El Diario - Bolivia","isPartOf":{"@id":"https:\/\/www.eldiario.net\/portal\/#website"},"primaryImageOfPage":{"@id":"https:\/\/www.eldiario.net\/portal\/2025\/06\/12\/ofensiva-contra-trump-toma-las-calles-de-una-veintena-de-ciudades-de-eeuu\/#primaryimage"},"image":{"@id":"https:\/\/www.eldiario.net\/portal\/2025\/06\/12\/ofensiva-contra-trump-toma-las-calles-de-una-veintena-de-ciudades-de-eeuu\/#primaryimage"},"thumbnailUrl":"https:\/\/www.eldiario.net\/portal\/wp-content\/uploads\/2025\/06\/TRUMP-FOTO.webp","datePublished":"2025-06-12T09:26:08+00:00","breadcrumb":{"@id":"https:\/\/www.eldiario.net\/portal\/2025\/06\/12\/ofensiva-contra-trump-toma-las-calles-de-una-veintena-de-ciudades-de-eeuu\/#breadcrumb"},"inLanguage":"es","potentialAction":[{"@type":"ReadAction","target":["https:\/\/www.eldiario.net\/portal\/2025\/06\/12\/ofensiva-contra-trump-toma-las-calles-de-una-veintena-de-ciudades-de-eeuu\/"]}]},{"@type":"ImageObject","inLanguage":"es","@id":"https:\/\/www.eldiario.net\/portal\/2025\/06\/12\/ofensiva-contra-trump-toma-las-calles-de-una-veintena-de-ciudades-de-eeuu\/#primaryimage","url":"https:\/\/www.eldiario.net\/portal\/wp-content\/uploads\/2025\/06\/TRUMP-FOTO.webp","contentUrl":"https:\/\/www.eldiario.net\/portal\/wp-content\/uploads\/2025\/06\/TRUMP-FOTO.webp","width":1200,"height":800,"caption":"PROTESTA CONTRA LAS REDADAS FEDERALES DE INMIGRACI\u00d3N EN CHICAGO, ILLINOIS. FOTO: REUTERS"},{"@type":"BreadcrumbList","@id":"https:\/\/www.eldiario.net\/portal\/2025\/06\/12\/ofensiva-contra-trump-toma-las-calles-de-una-veintena-de-ciudades-de-eeuu\/#breadcrumb","itemListElement":[{"@type":"ListItem","position":1,"name":"Portada","item":"https:\/\/www.eldiario.net\/portal\/"},{"@type":"ListItem","position":2,"name":"Ofensiva contra Trump toma las calles de una veintena de ciudades de EEUU"}]},{"@type":"WebSite","@id":"https:\/\/www.eldiario.net\/portal\/#website","url":"https:\/\/www.eldiario.net\/portal\/","name":"El Diario - Decano de la prensa nacional","description":"El Diario - Decano de la prensa nacional","publisher":{"@id":"https:\/\/www.eldiario.net\/portal\/#organization"},"potentialAction":[{"@type":"SearchAction","target":{"@type":"EntryPoint","urlTemplate":"https:\/\/www.eldiario.net\/portal\/?s={search_term_string}"},"query-input":{"@type":"PropertyValueSpecification","valueRequired":true,"valueName":"search_term_string"}}],"inLanguage":"es"},{"@type":"Organization","@id":"https:\/\/www.eldiario.net\/portal\/#organization","name":"El Diario - Decano de la prensa nacional","url":"https:\/\/www.eldiario.net\/portal\/","logo":{"@type":"ImageObject","inLanguage":"es","@id":"https:\/\/www.eldiario.net\/portal\/#\/schema\/logo\/image\/","url":"https:\/\/www.eldiario.net\/portal\/wp-content\/uploads\/2023\/07\/logo_ED.jpg","contentUrl":"https:\/\/www.eldiario.net\/portal\/wp-content\/uploads\/2023\/07\/logo_ED.jpg","width":272,"height":52,"caption":"El Diario - Decano de la prensa nacional"},"image":{"@id":"https:\/\/www.eldiario.net\/portal\/#\/schema\/logo\/image\/"},"sameAs":["https:\/\/www.facebook.com\/eldiario.bolivia\/","https:\/\/x.com\/eldiario_net"]},{"@type":"Person","@id":"https:\/\/www.eldiario.net\/portal\/#\/schema\/person\/f46445640444750d7d753ccd04ae01b7","name":"Jeanette","image":{"@type":"ImageObject","inLanguage":"es","@id":"https:\/\/secure.gravatar.com\/avatar\/3ea2118a5f7dad2b7138b1187a6b7ee55f160b9968b66013c3a3ef39dd7e5798?s=96&d=mm&r=g","url":"https:\/\/secure.gravatar.com\/avatar\/3ea2118a5f7dad2b7138b1187a6b7ee55f160b9968b66013c3a3ef39dd7e5798?s=96&d=mm&r=g","contentUrl":"https:\/\/secure.gravatar.com\/avatar\/3ea2118a5f7dad2b7138b1187a6b7ee55f160b9968b66013c3a3ef39dd7e5798?s=96&d=mm&r=g","caption":"Jeanette"},"sameAs":["https:\/\/www.eldiario.net\/portal"],"url":"https:\/\/www.eldiario.net\/portal\/author\/jeanette\/"}]}},"_links":{"self":[{"href":"https:\/\/www.eldiario.net\/portal\/wp-json\/wp\/v2\/posts\/309069","targetHints":{"allow":["GET"]}}],"collection":[{"href":"https:\/\/www.eldiario.net\/portal\/wp-json\/wp\/v2\/posts"}],"about":[{"href":"https:\/\/www.eldiario.net\/portal\/wp-json\/wp\/v2\/types\/post"}],"author":[{"embeddable":true,"href":"https:\/\/www.eldiario.net\/portal\/wp-json\/wp\/v2\/users\/1"}],"replies":[{"embeddable":true,"href":"https:\/\/www.eldiario.net\/portal\/wp-json\/wp\/v2\/comments?post=309069"}],"version-history":[{"count":1,"href":"https:\/\/www.eldiario.net\/portal\/wp-json\/wp\/v2\/posts\/309069\/revisions"}],"predecessor-version":[{"id":309071,"href":"https:\/\/www.eldiario.net\/portal\/wp-json\/wp\/v2\/posts\/309069\/revisions\/309071"}],"wp:featuredmedia":[{"embeddable":true,"href":"https:\/\/www.eldiario.net\/portal\/wp-json\/wp\/v2\/media\/309070"}],"wp:attachment":[{"href":"https:\/\/www.eldiario.net\/portal\/wp-json\/wp\/v2\/media?parent=309069"}],"wp:term":[{"taxonomy":"category","embeddable":true,"href":"https:\/\/www.eldiario.net\/portal\/wp-json\/wp\/v2\/categories?post=309069"},{"taxonomy":"post_tag","embeddable":true,"href":"https:\/\/www.eldiario.net\/portal\/wp-json\/wp\/v2\/tags?post=309069"}],"curies":[{"name":"wp","href":"https:\/\/api.w.org\/{rel}","templated":true}]}}