{"id":309063,"date":"2025-06-12T05:22:55","date_gmt":"2025-06-12T09:22:55","guid":{"rendered":"https:\/\/www.eldiario.net\/portal\/?p=309063"},"modified":"2025-06-12T05:22:55","modified_gmt":"2025-06-12T09:22:55","slug":"tres-policias-detenidos-por-fuga-de-dos-internos-de-penal-de-maxima-seguridad","status":"publish","type":"post","link":"https:\/\/www.eldiario.net\/portal\/2025\/06\/12\/tres-policias-detenidos-por-fuga-de-dos-internos-de-penal-de-maxima-seguridad\/","title":{"rendered":"Tres polic\u00edas detenidos por fuga de dos internos de penal de m\u00e1xima seguridad"},"content":{"rendered":"<p>El director general de R\u00e9gimen Penitenciario, Juan Carlos Limpias, inform\u00f3 que, tras la fuga de dos internos de alta peligrosidad del penal de Chonchocoro en La Paz, tres efectivos policiales de grado sargento fueron aprehendidos.<\/p>\n<p>\u201cLastimosamente el personal de la Didipi (Direcci\u00f3n Departamental de Investigaci\u00f3n Policial Interna) ha encontrado responsabilidad en estos tres efectivos policiales y la noche (del martes) han sido aprehendidos, obviamente para ponerlos a disposici\u00f3n de la justicia, con todos los elementos que se han encontrado\u201d, inform\u00f3 Limpias en conferencia de prensa.<\/p>\n<p>La autoridad agreg\u00f3 que los polic\u00edas fueron aprehendidos por las \u201cresponsabilidades y contradicciones\u201d que se encontraron en sus declaraciones. Dado que los reclusos ten\u00edan celadores en el penal, es decir, que contaban con control espec\u00edfico debido a su peligrosidad, se presume que hubo favorecimiento de los custodios para la huida.<\/p>\n<p>La autoridad indic\u00f3 que los reclusos que se fugaron son el brasile\u00f1o, Felipe Edvaldo Meneses Iglesias y el chileno, V\u00edctor Ram\u00edrez Valenzuela. Dijo que estos se encontraban en un lugar \u201cseguro\u201d, por lo que no podr\u00edan haber salido de ah\u00ed \u201ca no ser que hayan sido favorecidos\u201d.<\/p>\n<p>Limpias se\u00f1al\u00f3 que, aunque existen c\u00e1maras y tecnolog\u00eda para el control en Chonchocoro, la falla fue humana: \u201cTener a un privado de libertad en un espacio controlado con una seguridad son medidas que hemos asumido durante todo este tiempo. Lastimosamente ha habido el descuido del personal policial y ese descuido no solamente conlleva una responsabilidad administrativa bajo la ley 101, sino una responsabilidad penal\u201d.<\/p>\n<p>&nbsp;<\/p>\n<p>TERCERA FUGA<\/p>\n<p>Iglesias Meneses, interno de alta peligrosidad y condenado a 30 a\u00f1os por el asesinato del agricultor Wilson Ledezma, ha protagonizado al menos dos fugas anteriores.<\/p>\n<p>En junio de 2022 escap\u00f3 del penal de Palmasola, en Santa Cruz, con la ayuda de sogas y una escalera; fue recapturado un mes despu\u00e9s tras un tiroteo con la Polic\u00eda.<\/p>\n<p>En enero de 2023 huy\u00f3 del Hospital de Cl\u00ednicas, en La Paz, tras disparar a sus custodios, lo que caus\u00f3 la muerte del sargento Domingo Ch\u00e1vez y dej\u00f3 herido al suboficial Nelson Choque \u00c1lvarez.<\/p>\n<p>\u201cCada tres meses, cuatro meses, desde que ha pasado el hecho, lastimosamente del hospital de Cl\u00ednicas,\u00a0lo hemos tenido de centro en centro y en todas las ocasiones, (pero) \u00e9l ya estaba planificando la fuga, pr\u00e1cticamente\u201d, inform\u00f3 Limpias.<\/p>\n<p>Meneses es identificado como integrante del Primer Comando Capital (PCC), la mayor organizaci\u00f3n criminal de Brasil, con operaciones en varios pa\u00edses de Sudam\u00e9rica. (Agencias)<\/p>\n","protected":false},"excerpt":{"rendered":"<p>El director general de R\u00e9gimen Penitenciario, Juan Carlos Limpias, inform\u00f3 que, tras la fuga de dos internos de alta peligrosidad del penal de Chonchocoro en La Paz, tres efectivos policiales de grado sargento fueron aprehendidos. \u201cLastimosamente el personal de la Didipi (Direcci\u00f3n Departamental de Investigaci\u00f3n Policial Interna) ha encontrado responsabilidad en estos tres efectivos policiales [&hellip;]<\/p>\n","protected":false},"author":1,"featured_media":309064,"comment_status":"closed","ping_status":"open","sticky":false,"template":"","format":"standard","meta":{"_acf_changed":false,"footnotes":""},"categories":[39],"tags":[],"class_list":["post-309063","post","type-post","status-publish","format-standard","has-post-thumbnail","category-sociedad"],"acf":{"antetitulo":"Burlaron Chonchocoro "},"yoast_head":"<!-- This site is optimized with the Yoast SEO plugin v28.4 - https:\/\/yoast.com\/product\/yoast-seo-wordpress\/ -->\n<title>Tres polic\u00edas detenidos por fuga de dos internos de penal de m\u00e1xima seguridad - El Diario - Bolivia<\/title>\n<meta name=\"robots\" content=\"index, follow, max-snippet:-1, max-image-preview:large, max-video-preview:-1\" \/>\n<link rel=\"canonical\" href=\"https:\/\/www.eldiario.net\/portal\/2025\/06\/12\/tres-policias-detenidos-por-fuga-de-dos-internos-de-penal-de-maxima-seguridad\/\" \/>\n<meta property=\"og:locale\" content=\"es_ES\" \/>\n<meta property=\"og:type\" content=\"article\" \/>\n<meta property=\"og:title\" content=\"Tres polic\u00edas detenidos por fuga de dos internos de penal de m\u00e1xima seguridad - El Diario - Bolivia\" \/>\n<meta property=\"og:description\" content=\"El director general de R\u00e9gimen Penitenciario, Juan Carlos Limpias, inform\u00f3 que, tras la fuga de dos internos de alta peligrosidad del penal de Chonchocoro en La Paz, tres efectivos policiales de grado sargento fueron aprehendidos. \u201cLastimosamente el personal de la Didipi (Direcci\u00f3n Departamental de Investigaci\u00f3n Policial Interna) ha encontrado responsabilidad en estos tres efectivos policiales [&hellip;]\" \/>\n<meta property=\"og:url\" content=\"https:\/\/www.eldiario.net\/portal\/2025\/06\/12\/tres-policias-detenidos-por-fuga-de-dos-internos-de-penal-de-maxima-seguridad\/\" \/>\n<meta property=\"og:site_name\" content=\"El Diario - Bolivia\" \/>\n<meta property=\"article:publisher\" content=\"https:\/\/www.facebook.com\/eldiario.bolivia\/\" \/>\n<meta property=\"article:published_time\" content=\"2025-06-12T09:22:55+00:00\" \/>\n<meta property=\"og:image\" content=\"https:\/\/www.eldiario.net\/portal\/wp-content\/uploads\/2025\/06\/REOS-FOTO.webp\" \/>\n\t<meta property=\"og:image:width\" content=\"1136\" \/>\n\t<meta property=\"og:image:height\" content=\"714\" \/>\n\t<meta property=\"og:image:type\" content=\"image\/webp\" \/>\n<meta name=\"author\" content=\"Jeanette\" \/>\n<meta name=\"twitter:card\" content=\"summary_large_image\" \/>\n<meta name=\"twitter:creator\" content=\"@eldiario_net\" \/>\n<meta name=\"twitter:site\" content=\"@eldiario_net\" \/>\n<meta name=\"twitter:label1\" content=\"Escrito por\" \/>\n\t<meta name=\"twitter:data1\" content=\"Jeanette\" \/>\n\t<meta name=\"twitter:label2\" content=\"Tiempo de lectura\" \/>\n\t<meta name=\"twitter:data2\" content=\"3 minutos\" \/>\n<script type=\"application\/ld+json\" class=\"yoast-schema-graph\">{\"@context\":\"https:\\\/\\\/schema.org\",\"@graph\":[{\"@type\":\"Article\",\"@id\":\"https:\\\/\\\/www.eldiario.net\\\/portal\\\/2025\\\/06\\\/12\\\/tres-policias-detenidos-por-fuga-de-dos-internos-de-penal-de-maxima-seguridad\\\/#article\",\"isPartOf\":{\"@id\":\"https:\\\/\\\/www.eldiario.net\\\/portal\\\/2025\\\/06\\\/12\\\/tres-policias-detenidos-por-fuga-de-dos-internos-de-penal-de-maxima-seguridad\\\/\"},\"author\":{\"name\":\"Jeanette\",\"@id\":\"https:\\\/\\\/www.eldiario.net\\\/portal\\\/#\\\/schema\\\/person\\\/f46445640444750d7d753ccd04ae01b7\"},\"headline\":\"Tres polic\u00edas detenidos por fuga de dos internos de penal de m\u00e1xima seguridad\",\"datePublished\":\"2025-06-12T09:22:55+00:00\",\"mainEntityOfPage\":{\"@id\":\"https:\\\/\\\/www.eldiario.net\\\/portal\\\/2025\\\/06\\\/12\\\/tres-policias-detenidos-por-fuga-de-dos-internos-de-penal-de-maxima-seguridad\\\/\"},\"wordCount\":436,\"publisher\":{\"@id\":\"https:\\\/\\\/www.eldiario.net\\\/portal\\\/#organization\"},\"image\":{\"@id\":\"https:\\\/\\\/www.eldiario.net\\\/portal\\\/2025\\\/06\\\/12\\\/tres-policias-detenidos-por-fuga-de-dos-internos-de-penal-de-maxima-seguridad\\\/#primaryimage\"},\"thumbnailUrl\":\"https:\\\/\\\/www.eldiario.net\\\/portal\\\/wp-content\\\/uploads\\\/2025\\\/06\\\/REOS-FOTO.webp\",\"articleSection\":[\"Sociedad - Seguridad\"],\"inLanguage\":\"es\"},{\"@type\":\"WebPage\",\"@id\":\"https:\\\/\\\/www.eldiario.net\\\/portal\\\/2025\\\/06\\\/12\\\/tres-policias-detenidos-por-fuga-de-dos-internos-de-penal-de-maxima-seguridad\\\/\",\"url\":\"https:\\\/\\\/www.eldiario.net\\\/portal\\\/2025\\\/06\\\/12\\\/tres-policias-detenidos-por-fuga-de-dos-internos-de-penal-de-maxima-seguridad\\\/\",\"name\":\"Tres polic\u00edas detenidos por fuga de dos internos de penal de m\u00e1xima seguridad - El Diario - Bolivia\",\"isPartOf\":{\"@id\":\"https:\\\/\\\/www.eldiario.net\\\/portal\\\/#website\"},\"primaryImageOfPage\":{\"@id\":\"https:\\\/\\\/www.eldiario.net\\\/portal\\\/2025\\\/06\\\/12\\\/tres-policias-detenidos-por-fuga-de-dos-internos-de-penal-de-maxima-seguridad\\\/#primaryimage\"},\"image\":{\"@id\":\"https:\\\/\\\/www.eldiario.net\\\/portal\\\/2025\\\/06\\\/12\\\/tres-policias-detenidos-por-fuga-de-dos-internos-de-penal-de-maxima-seguridad\\\/#primaryimage\"},\"thumbnailUrl\":\"https:\\\/\\\/www.eldiario.net\\\/portal\\\/wp-content\\\/uploads\\\/2025\\\/06\\\/REOS-FOTO.webp\",\"datePublished\":\"2025-06-12T09:22:55+00:00\",\"breadcrumb\":{\"@id\":\"https:\\\/\\\/www.eldiario.net\\\/portal\\\/2025\\\/06\\\/12\\\/tres-policias-detenidos-por-fuga-de-dos-internos-de-penal-de-maxima-seguridad\\\/#breadcrumb\"},\"inLanguage\":\"es\",\"potentialAction\":[{\"@type\":\"ReadAction\",\"target\":[\"https:\\\/\\\/www.eldiario.net\\\/portal\\\/2025\\\/06\\\/12\\\/tres-policias-detenidos-por-fuga-de-dos-internos-de-penal-de-maxima-seguridad\\\/\"]}]},{\"@type\":\"ImageObject\",\"inLanguage\":\"es\",\"@id\":\"https:\\\/\\\/www.eldiario.net\\\/portal\\\/2025\\\/06\\\/12\\\/tres-policias-detenidos-por-fuga-de-dos-internos-de-penal-de-maxima-seguridad\\\/#primaryimage\",\"url\":\"https:\\\/\\\/www.eldiario.net\\\/portal\\\/wp-content\\\/uploads\\\/2025\\\/06\\\/REOS-FOTO.webp\",\"contentUrl\":\"https:\\\/\\\/www.eldiario.net\\\/portal\\\/wp-content\\\/uploads\\\/2025\\\/06\\\/REOS-FOTO.webp\",\"width\":1136,\"height\":714,\"caption\":\"Extranjeros que huyeron del penal de m\u00e1xima seguridad. Foto: Erbol\"},{\"@type\":\"BreadcrumbList\",\"@id\":\"https:\\\/\\\/www.eldiario.net\\\/portal\\\/2025\\\/06\\\/12\\\/tres-policias-detenidos-por-fuga-de-dos-internos-de-penal-de-maxima-seguridad\\\/#breadcrumb\",\"itemListElement\":[{\"@type\":\"ListItem\",\"position\":1,\"name\":\"Portada\",\"item\":\"https:\\\/\\\/www.eldiario.net\\\/portal\\\/\"},{\"@type\":\"ListItem\",\"position\":2,\"name\":\"Tres polic\u00edas detenidos por fuga de dos internos de penal de m\u00e1xima seguridad\"}]},{\"@type\":\"WebSite\",\"@id\":\"https:\\\/\\\/www.eldiario.net\\\/portal\\\/#website\",\"url\":\"https:\\\/\\\/www.eldiario.net\\\/portal\\\/\",\"name\":\"El Diario - Decano de la prensa nacional\",\"description\":\"El Diario - Decano de la prensa nacional\",\"publisher\":{\"@id\":\"https:\\\/\\\/www.eldiario.net\\\/portal\\\/#organization\"},\"potentialAction\":[{\"@type\":\"SearchAction\",\"target\":{\"@type\":\"EntryPoint\",\"urlTemplate\":\"https:\\\/\\\/www.eldiario.net\\\/portal\\\/?s={search_term_string}\"},\"query-input\":{\"@type\":\"PropertyValueSpecification\",\"valueRequired\":true,\"valueName\":\"search_term_string\"}}],\"inLanguage\":\"es\"},{\"@type\":\"Organization\",\"@id\":\"https:\\\/\\\/www.eldiario.net\\\/portal\\\/#organization\",\"name\":\"El Diario - Decano de la prensa nacional\",\"url\":\"https:\\\/\\\/www.eldiario.net\\\/portal\\\/\",\"logo\":{\"@type\":\"ImageObject\",\"inLanguage\":\"es\",\"@id\":\"https:\\\/\\\/www.eldiario.net\\\/portal\\\/#\\\/schema\\\/logo\\\/image\\\/\",\"url\":\"https:\\\/\\\/www.eldiario.net\\\/portal\\\/wp-content\\\/uploads\\\/2023\\\/07\\\/logo_ED.jpg\",\"contentUrl\":\"https:\\\/\\\/www.eldiario.net\\\/portal\\\/wp-content\\\/uploads\\\/2023\\\/07\\\/logo_ED.jpg\",\"width\":272,\"height\":52,\"caption\":\"El Diario - Decano de la prensa nacional\"},\"image\":{\"@id\":\"https:\\\/\\\/www.eldiario.net\\\/portal\\\/#\\\/schema\\\/logo\\\/image\\\/\"},\"sameAs\":[\"https:\\\/\\\/www.facebook.com\\\/eldiario.bolivia\\\/\",\"https:\\\/\\\/x.com\\\/eldiario_net\"]},{\"@type\":\"Person\",\"@id\":\"https:\\\/\\\/www.eldiario.net\\\/portal\\\/#\\\/schema\\\/person\\\/f46445640444750d7d753ccd04ae01b7\",\"name\":\"Jeanette\",\"image\":{\"@type\":\"ImageObject\",\"inLanguage\":\"es\",\"@id\":\"https:\\\/\\\/secure.gravatar.com\\\/avatar\\\/3ea2118a5f7dad2b7138b1187a6b7ee55f160b9968b66013c3a3ef39dd7e5798?s=96&d=mm&r=g\",\"url\":\"https:\\\/\\\/secure.gravatar.com\\\/avatar\\\/3ea2118a5f7dad2b7138b1187a6b7ee55f160b9968b66013c3a3ef39dd7e5798?s=96&d=mm&r=g\",\"contentUrl\":\"https:\\\/\\\/secure.gravatar.com\\\/avatar\\\/3ea2118a5f7dad2b7138b1187a6b7ee55f160b9968b66013c3a3ef39dd7e5798?s=96&d=mm&r=g\",\"caption\":\"Jeanette\"},\"sameAs\":[\"https:\\\/\\\/www.eldiario.net\\\/portal\"],\"url\":\"https:\\\/\\\/www.eldiario.net\\\/portal\\\/author\\\/jeanette\\\/\"}]}<\/script>\n<!-- \/ Yoast SEO plugin. -->","yoast_head_json":{"title":"Tres polic\u00edas detenidos por fuga de dos internos de penal de m\u00e1xima seguridad - El Diario - Bolivia","robots":{"index":"index","follow":"follow","max-snippet":"max-snippet:-1","max-image-preview":"max-image-preview:large","max-video-preview":"max-video-preview:-1"},"canonical":"https:\/\/www.eldiario.net\/portal\/2025\/06\/12\/tres-policias-detenidos-por-fuga-de-dos-internos-de-penal-de-maxima-seguridad\/","og_locale":"es_ES","og_type":"article","og_title":"Tres polic\u00edas detenidos por fuga de dos internos de penal de m\u00e1xima seguridad - El Diario - Bolivia","og_description":"El director general de R\u00e9gimen Penitenciario, Juan Carlos Limpias, inform\u00f3 que, tras la fuga de dos internos de alta peligrosidad del penal de Chonchocoro en La Paz, tres efectivos policiales de grado sargento fueron aprehendidos. \u201cLastimosamente el personal de la Didipi (Direcci\u00f3n Departamental de Investigaci\u00f3n Policial Interna) ha encontrado responsabilidad en estos tres efectivos policiales [&hellip;]","og_url":"https:\/\/www.eldiario.net\/portal\/2025\/06\/12\/tres-policias-detenidos-por-fuga-de-dos-internos-de-penal-de-maxima-seguridad\/","og_site_name":"El Diario - Bolivia","article_publisher":"https:\/\/www.facebook.com\/eldiario.bolivia\/","article_published_time":"2025-06-12T09:22:55+00:00","og_image":[{"width":1136,"height":714,"url":"https:\/\/www.eldiario.net\/portal\/wp-content\/uploads\/2025\/06\/REOS-FOTO.webp","type":"image\/webp"}],"author":"Jeanette","twitter_card":"summary_large_image","twitter_creator":"@eldiario_net","twitter_site":"@eldiario_net","twitter_misc":{"Escrito por":"Jeanette","Tiempo de lectura":"3 minutos"},"schema":{"@context":"https:\/\/schema.org","@graph":[{"@type":"Article","@id":"https:\/\/www.eldiario.net\/portal\/2025\/06\/12\/tres-policias-detenidos-por-fuga-de-dos-internos-de-penal-de-maxima-seguridad\/#article","isPartOf":{"@id":"https:\/\/www.eldiario.net\/portal\/2025\/06\/12\/tres-policias-detenidos-por-fuga-de-dos-internos-de-penal-de-maxima-seguridad\/"},"author":{"name":"Jeanette","@id":"https:\/\/www.eldiario.net\/portal\/#\/schema\/person\/f46445640444750d7d753ccd04ae01b7"},"headline":"Tres polic\u00edas detenidos por fuga de dos internos de penal de m\u00e1xima seguridad","datePublished":"2025-06-12T09:22:55+00:00","mainEntityOfPage":{"@id":"https:\/\/www.eldiario.net\/portal\/2025\/06\/12\/tres-policias-detenidos-por-fuga-de-dos-internos-de-penal-de-maxima-seguridad\/"},"wordCount":436,"publisher":{"@id":"https:\/\/www.eldiario.net\/portal\/#organization"},"image":{"@id":"https:\/\/www.eldiario.net\/portal\/2025\/06\/12\/tres-policias-detenidos-por-fuga-de-dos-internos-de-penal-de-maxima-seguridad\/#primaryimage"},"thumbnailUrl":"https:\/\/www.eldiario.net\/portal\/wp-content\/uploads\/2025\/06\/REOS-FOTO.webp","articleSection":["Sociedad - Seguridad"],"inLanguage":"es"},{"@type":"WebPage","@id":"https:\/\/www.eldiario.net\/portal\/2025\/06\/12\/tres-policias-detenidos-por-fuga-de-dos-internos-de-penal-de-maxima-seguridad\/","url":"https:\/\/www.eldiario.net\/portal\/2025\/06\/12\/tres-policias-detenidos-por-fuga-de-dos-internos-de-penal-de-maxima-seguridad\/","name":"Tres polic\u00edas detenidos por fuga de dos internos de penal de m\u00e1xima seguridad - El Diario - Bolivia","isPartOf":{"@id":"https:\/\/www.eldiario.net\/portal\/#website"},"primaryImageOfPage":{"@id":"https:\/\/www.eldiario.net\/portal\/2025\/06\/12\/tres-policias-detenidos-por-fuga-de-dos-internos-de-penal-de-maxima-seguridad\/#primaryimage"},"image":{"@id":"https:\/\/www.eldiario.net\/portal\/2025\/06\/12\/tres-policias-detenidos-por-fuga-de-dos-internos-de-penal-de-maxima-seguridad\/#primaryimage"},"thumbnailUrl":"https:\/\/www.eldiario.net\/portal\/wp-content\/uploads\/2025\/06\/REOS-FOTO.webp","datePublished":"2025-06-12T09:22:55+00:00","breadcrumb":{"@id":"https:\/\/www.eldiario.net\/portal\/2025\/06\/12\/tres-policias-detenidos-por-fuga-de-dos-internos-de-penal-de-maxima-seguridad\/#breadcrumb"},"inLanguage":"es","potentialAction":[{"@type":"ReadAction","target":["https:\/\/www.eldiario.net\/portal\/2025\/06\/12\/tres-policias-detenidos-por-fuga-de-dos-internos-de-penal-de-maxima-seguridad\/"]}]},{"@type":"ImageObject","inLanguage":"es","@id":"https:\/\/www.eldiario.net\/portal\/2025\/06\/12\/tres-policias-detenidos-por-fuga-de-dos-internos-de-penal-de-maxima-seguridad\/#primaryimage","url":"https:\/\/www.eldiario.net\/portal\/wp-content\/uploads\/2025\/06\/REOS-FOTO.webp","contentUrl":"https:\/\/www.eldiario.net\/portal\/wp-content\/uploads\/2025\/06\/REOS-FOTO.webp","width":1136,"height":714,"caption":"Extranjeros que huyeron del penal de m\u00e1xima seguridad. Foto: Erbol"},{"@type":"BreadcrumbList","@id":"https:\/\/www.eldiario.net\/portal\/2025\/06\/12\/tres-policias-detenidos-por-fuga-de-dos-internos-de-penal-de-maxima-seguridad\/#breadcrumb","itemListElement":[{"@type":"ListItem","position":1,"name":"Portada","item":"https:\/\/www.eldiario.net\/portal\/"},{"@type":"ListItem","position":2,"name":"Tres polic\u00edas detenidos por fuga de dos internos de penal de m\u00e1xima seguridad"}]},{"@type":"WebSite","@id":"https:\/\/www.eldiario.net\/portal\/#website","url":"https:\/\/www.eldiario.net\/portal\/","name":"El Diario - Decano de la prensa nacional","description":"El Diario - Decano de la prensa nacional","publisher":{"@id":"https:\/\/www.eldiario.net\/portal\/#organization"},"potentialAction":[{"@type":"SearchAction","target":{"@type":"EntryPoint","urlTemplate":"https:\/\/www.eldiario.net\/portal\/?s={search_term_string}"},"query-input":{"@type":"PropertyValueSpecification","valueRequired":true,"valueName":"search_term_string"}}],"inLanguage":"es"},{"@type":"Organization","@id":"https:\/\/www.eldiario.net\/portal\/#organization","name":"El Diario - Decano de la prensa nacional","url":"https:\/\/www.eldiario.net\/portal\/","logo":{"@type":"ImageObject","inLanguage":"es","@id":"https:\/\/www.eldiario.net\/portal\/#\/schema\/logo\/image\/","url":"https:\/\/www.eldiario.net\/portal\/wp-content\/uploads\/2023\/07\/logo_ED.jpg","contentUrl":"https:\/\/www.eldiario.net\/portal\/wp-content\/uploads\/2023\/07\/logo_ED.jpg","width":272,"height":52,"caption":"El Diario - Decano de la prensa nacional"},"image":{"@id":"https:\/\/www.eldiario.net\/portal\/#\/schema\/logo\/image\/"},"sameAs":["https:\/\/www.facebook.com\/eldiario.bolivia\/","https:\/\/x.com\/eldiario_net"]},{"@type":"Person","@id":"https:\/\/www.eldiario.net\/portal\/#\/schema\/person\/f46445640444750d7d753ccd04ae01b7","name":"Jeanette","image":{"@type":"ImageObject","inLanguage":"es","@id":"https:\/\/secure.gravatar.com\/avatar\/3ea2118a5f7dad2b7138b1187a6b7ee55f160b9968b66013c3a3ef39dd7e5798?s=96&d=mm&r=g","url":"https:\/\/secure.gravatar.com\/avatar\/3ea2118a5f7dad2b7138b1187a6b7ee55f160b9968b66013c3a3ef39dd7e5798?s=96&d=mm&r=g","contentUrl":"https:\/\/secure.gravatar.com\/avatar\/3ea2118a5f7dad2b7138b1187a6b7ee55f160b9968b66013c3a3ef39dd7e5798?s=96&d=mm&r=g","caption":"Jeanette"},"sameAs":["https:\/\/www.eldiario.net\/portal"],"url":"https:\/\/www.eldiario.net\/portal\/author\/jeanette\/"}]}},"_links":{"self":[{"href":"https:\/\/www.eldiario.net\/portal\/wp-json\/wp\/v2\/posts\/309063","targetHints":{"allow":["GET"]}}],"collection":[{"href":"https:\/\/www.eldiario.net\/portal\/wp-json\/wp\/v2\/posts"}],"about":[{"href":"https:\/\/www.eldiario.net\/portal\/wp-json\/wp\/v2\/types\/post"}],"author":[{"embeddable":true,"href":"https:\/\/www.eldiario.net\/portal\/wp-json\/wp\/v2\/users\/1"}],"replies":[{"embeddable":true,"href":"https:\/\/www.eldiario.net\/portal\/wp-json\/wp\/v2\/comments?post=309063"}],"version-history":[{"count":1,"href":"https:\/\/www.eldiario.net\/portal\/wp-json\/wp\/v2\/posts\/309063\/revisions"}],"predecessor-version":[{"id":309065,"href":"https:\/\/www.eldiario.net\/portal\/wp-json\/wp\/v2\/posts\/309063\/revisions\/309065"}],"wp:featuredmedia":[{"embeddable":true,"href":"https:\/\/www.eldiario.net\/portal\/wp-json\/wp\/v2\/media\/309064"}],"wp:attachment":[{"href":"https:\/\/www.eldiario.net\/portal\/wp-json\/wp\/v2\/media?parent=309063"}],"wp:term":[{"taxonomy":"category","embeddable":true,"href":"https:\/\/www.eldiario.net\/portal\/wp-json\/wp\/v2\/categories?post=309063"},{"taxonomy":"post_tag","embeddable":true,"href":"https:\/\/www.eldiario.net\/portal\/wp-json\/wp\/v2\/tags?post=309063"}],"curies":[{"name":"wp","href":"https:\/\/api.w.org\/{rel}","templated":true}]}}