{"id":309057,"date":"2025-06-12T05:21:34","date_gmt":"2025-06-12T09:21:34","guid":{"rendered":"https:\/\/www.eldiario.net\/portal\/?p=309057"},"modified":"2025-06-12T05:21:34","modified_gmt":"2025-06-12T09:21:34","slug":"defensoria-pide-cuarto-intermedio-en-movilizaciones-para-acciones-humanitarias","status":"publish","type":"post","link":"https:\/\/www.eldiario.net\/portal\/2025\/06\/12\/defensoria-pide-cuarto-intermedio-en-movilizaciones-para-acciones-humanitarias\/","title":{"rendered":"Defensor\u00eda pide cuarto intermedio en movilizaciones para acciones humanitarias"},"content":{"rendered":"<p>El defensor del Pueblo, Pedro Callisaya, demand\u00f3 un cuarto intermedio en las movilizaciones evistas, para realizar acciones humanitarias en favor de las personas afectadas.<\/p>\n<p>El pronunciamiento del Defensor del Pueblo se dio anoche luego de conocerse la muerte de dos polic\u00edas, en una emboscada propiciada por bloqueadores afines a Evo Morales, en Llallagua, departamento de Potos\u00ed.<\/p>\n<p>Sectores evistas cumplen su segunda semana de bloqueo de caminos para exigir la renuncia del presidente Luis Arce y habilitar a Morales como candidato presidencial.<\/p>\n<p>\u201cUrge un cuarto intermedio en las movilizaciones para efectivizar acciones humanitarias en favor de todas las personas que est\u00e1n siendo afectadas\u201d, afirm\u00f3 Callisaya en un pronunciamiento junto a sus colaboradores.<\/p>\n<p>Lament\u00f3 que se haya dado esta escalada de violencia por la intransigencia y la falta de voluntad pol\u00edtica de los actores para resolver la crisis que se vive en el pa\u00eds.<\/p>\n<p>El Defensor del Pueblo tambi\u00e9n exigi\u00f3 los \u00f3rganos del Estado y a todos los actores pol\u00edticos que participen en espacios de di\u00e1logo habilitados. Para ello pidi\u00f3 tres acciones.<\/p>\n<p>\u201cConvocamos a que lleguen a acuerdos concretos que aseguren las elecciones generales del 17 de agosto, de manera \u00edntegra transparente y competitiva\u201d, sostuvo al referirse a la primera demanda.<\/p>\n<p>Dijo que, en segundo lugar, se debe dar respuestas claras a la crisis econ\u00f3mica que garantice alimentaci\u00f3n y salud para la poblaci\u00f3n<\/p>\n<p>Como tercera medida, demand\u00f3 garantizar el respeto a los derechos humanos de las personas. (Br\u00fajula Digital)<\/p>\n","protected":false},"excerpt":{"rendered":"<p>El defensor del Pueblo, Pedro Callisaya, demand\u00f3 un cuarto intermedio en las movilizaciones evistas, para realizar acciones humanitarias en favor de las personas afectadas. El pronunciamiento del Defensor del Pueblo se dio anoche luego de conocerse la muerte de dos polic\u00edas, en una emboscada propiciada por bloqueadores afines a Evo Morales, en Llallagua, departamento de [&hellip;]<\/p>\n","protected":false},"author":1,"featured_media":309058,"comment_status":"closed","ping_status":"open","sticky":false,"template":"","format":"standard","meta":{"_acf_changed":false,"footnotes":""},"categories":[39],"tags":[],"class_list":["post-309057","post","type-post","status-publish","format-standard","has-post-thumbnail","category-sociedad"],"acf":{"antetitulo":""},"yoast_head":"<!-- This site is optimized with the Yoast SEO plugin v28.4 - https:\/\/yoast.com\/product\/yoast-seo-wordpress\/ -->\n<title>Defensor\u00eda pide cuarto intermedio en movilizaciones para acciones humanitarias - El Diario - Bolivia<\/title>\n<meta name=\"robots\" content=\"index, follow, max-snippet:-1, max-image-preview:large, max-video-preview:-1\" \/>\n<link rel=\"canonical\" href=\"https:\/\/www.eldiario.net\/portal\/2025\/06\/12\/defensoria-pide-cuarto-intermedio-en-movilizaciones-para-acciones-humanitarias\/\" \/>\n<meta property=\"og:locale\" content=\"es_ES\" \/>\n<meta property=\"og:type\" content=\"article\" \/>\n<meta property=\"og:title\" content=\"Defensor\u00eda pide cuarto intermedio en movilizaciones para acciones humanitarias - El Diario - Bolivia\" \/>\n<meta property=\"og:description\" content=\"El defensor del Pueblo, Pedro Callisaya, demand\u00f3 un cuarto intermedio en las movilizaciones evistas, para realizar acciones humanitarias en favor de las personas afectadas. El pronunciamiento del Defensor del Pueblo se dio anoche luego de conocerse la muerte de dos polic\u00edas, en una emboscada propiciada por bloqueadores afines a Evo Morales, en Llallagua, departamento de [&hellip;]\" \/>\n<meta property=\"og:url\" content=\"https:\/\/www.eldiario.net\/portal\/2025\/06\/12\/defensoria-pide-cuarto-intermedio-en-movilizaciones-para-acciones-humanitarias\/\" \/>\n<meta property=\"og:site_name\" content=\"El Diario - Bolivia\" \/>\n<meta property=\"article:publisher\" content=\"https:\/\/www.facebook.com\/eldiario.bolivia\/\" \/>\n<meta property=\"article:published_time\" content=\"2025-06-12T09:21:34+00:00\" \/>\n<meta property=\"og:image\" content=\"https:\/\/www.eldiario.net\/portal\/wp-content\/uploads\/2025\/06\/TRITO-FOTO.webp\" \/>\n\t<meta property=\"og:image:width\" content=\"720\" \/>\n\t<meta property=\"og:image:height\" content=\"399\" \/>\n\t<meta property=\"og:image:type\" content=\"image\/webp\" \/>\n<meta name=\"author\" content=\"Jeanette\" \/>\n<meta name=\"twitter:card\" content=\"summary_large_image\" \/>\n<meta name=\"twitter:creator\" content=\"@eldiario_net\" \/>\n<meta name=\"twitter:site\" content=\"@eldiario_net\" \/>\n<meta name=\"twitter:label1\" content=\"Escrito por\" \/>\n\t<meta name=\"twitter:data1\" content=\"Jeanette\" \/>\n\t<meta name=\"twitter:label2\" content=\"Tiempo de lectura\" \/>\n\t<meta name=\"twitter:data2\" content=\"2 minutos\" \/>\n<script type=\"application\/ld+json\" class=\"yoast-schema-graph\">{\"@context\":\"https:\\\/\\\/schema.org\",\"@graph\":[{\"@type\":\"Article\",\"@id\":\"https:\\\/\\\/www.eldiario.net\\\/portal\\\/2025\\\/06\\\/12\\\/defensoria-pide-cuarto-intermedio-en-movilizaciones-para-acciones-humanitarias\\\/#article\",\"isPartOf\":{\"@id\":\"https:\\\/\\\/www.eldiario.net\\\/portal\\\/2025\\\/06\\\/12\\\/defensoria-pide-cuarto-intermedio-en-movilizaciones-para-acciones-humanitarias\\\/\"},\"author\":{\"name\":\"Jeanette\",\"@id\":\"https:\\\/\\\/www.eldiario.net\\\/portal\\\/#\\\/schema\\\/person\\\/f46445640444750d7d753ccd04ae01b7\"},\"headline\":\"Defensor\u00eda pide cuarto intermedio en movilizaciones para acciones humanitarias\",\"datePublished\":\"2025-06-12T09:21:34+00:00\",\"mainEntityOfPage\":{\"@id\":\"https:\\\/\\\/www.eldiario.net\\\/portal\\\/2025\\\/06\\\/12\\\/defensoria-pide-cuarto-intermedio-en-movilizaciones-para-acciones-humanitarias\\\/\"},\"wordCount\":257,\"publisher\":{\"@id\":\"https:\\\/\\\/www.eldiario.net\\\/portal\\\/#organization\"},\"image\":{\"@id\":\"https:\\\/\\\/www.eldiario.net\\\/portal\\\/2025\\\/06\\\/12\\\/defensoria-pide-cuarto-intermedio-en-movilizaciones-para-acciones-humanitarias\\\/#primaryimage\"},\"thumbnailUrl\":\"https:\\\/\\\/www.eldiario.net\\\/portal\\\/wp-content\\\/uploads\\\/2025\\\/06\\\/TRITO-FOTO.webp\",\"articleSection\":[\"Sociedad - Seguridad\"],\"inLanguage\":\"es\"},{\"@type\":\"WebPage\",\"@id\":\"https:\\\/\\\/www.eldiario.net\\\/portal\\\/2025\\\/06\\\/12\\\/defensoria-pide-cuarto-intermedio-en-movilizaciones-para-acciones-humanitarias\\\/\",\"url\":\"https:\\\/\\\/www.eldiario.net\\\/portal\\\/2025\\\/06\\\/12\\\/defensoria-pide-cuarto-intermedio-en-movilizaciones-para-acciones-humanitarias\\\/\",\"name\":\"Defensor\u00eda pide cuarto intermedio en movilizaciones para acciones humanitarias - El Diario - Bolivia\",\"isPartOf\":{\"@id\":\"https:\\\/\\\/www.eldiario.net\\\/portal\\\/#website\"},\"primaryImageOfPage\":{\"@id\":\"https:\\\/\\\/www.eldiario.net\\\/portal\\\/2025\\\/06\\\/12\\\/defensoria-pide-cuarto-intermedio-en-movilizaciones-para-acciones-humanitarias\\\/#primaryimage\"},\"image\":{\"@id\":\"https:\\\/\\\/www.eldiario.net\\\/portal\\\/2025\\\/06\\\/12\\\/defensoria-pide-cuarto-intermedio-en-movilizaciones-para-acciones-humanitarias\\\/#primaryimage\"},\"thumbnailUrl\":\"https:\\\/\\\/www.eldiario.net\\\/portal\\\/wp-content\\\/uploads\\\/2025\\\/06\\\/TRITO-FOTO.webp\",\"datePublished\":\"2025-06-12T09:21:34+00:00\",\"breadcrumb\":{\"@id\":\"https:\\\/\\\/www.eldiario.net\\\/portal\\\/2025\\\/06\\\/12\\\/defensoria-pide-cuarto-intermedio-en-movilizaciones-para-acciones-humanitarias\\\/#breadcrumb\"},\"inLanguage\":\"es\",\"potentialAction\":[{\"@type\":\"ReadAction\",\"target\":[\"https:\\\/\\\/www.eldiario.net\\\/portal\\\/2025\\\/06\\\/12\\\/defensoria-pide-cuarto-intermedio-en-movilizaciones-para-acciones-humanitarias\\\/\"]}]},{\"@type\":\"ImageObject\",\"inLanguage\":\"es\",\"@id\":\"https:\\\/\\\/www.eldiario.net\\\/portal\\\/2025\\\/06\\\/12\\\/defensoria-pide-cuarto-intermedio-en-movilizaciones-para-acciones-humanitarias\\\/#primaryimage\",\"url\":\"https:\\\/\\\/www.eldiario.net\\\/portal\\\/wp-content\\\/uploads\\\/2025\\\/06\\\/TRITO-FOTO.webp\",\"contentUrl\":\"https:\\\/\\\/www.eldiario.net\\\/portal\\\/wp-content\\\/uploads\\\/2025\\\/06\\\/TRITO-FOTO.webp\",\"width\":720,\"height\":399,\"caption\":\"El Defensor del Pueblo (centro) junto a us colaboradores. Foto: DP\"},{\"@type\":\"BreadcrumbList\",\"@id\":\"https:\\\/\\\/www.eldiario.net\\\/portal\\\/2025\\\/06\\\/12\\\/defensoria-pide-cuarto-intermedio-en-movilizaciones-para-acciones-humanitarias\\\/#breadcrumb\",\"itemListElement\":[{\"@type\":\"ListItem\",\"position\":1,\"name\":\"Portada\",\"item\":\"https:\\\/\\\/www.eldiario.net\\\/portal\\\/\"},{\"@type\":\"ListItem\",\"position\":2,\"name\":\"Defensor\u00eda pide cuarto intermedio en movilizaciones para acciones humanitarias\"}]},{\"@type\":\"WebSite\",\"@id\":\"https:\\\/\\\/www.eldiario.net\\\/portal\\\/#website\",\"url\":\"https:\\\/\\\/www.eldiario.net\\\/portal\\\/\",\"name\":\"El Diario - Decano de la prensa nacional\",\"description\":\"El Diario - Decano de la prensa nacional\",\"publisher\":{\"@id\":\"https:\\\/\\\/www.eldiario.net\\\/portal\\\/#organization\"},\"potentialAction\":[{\"@type\":\"SearchAction\",\"target\":{\"@type\":\"EntryPoint\",\"urlTemplate\":\"https:\\\/\\\/www.eldiario.net\\\/portal\\\/?s={search_term_string}\"},\"query-input\":{\"@type\":\"PropertyValueSpecification\",\"valueRequired\":true,\"valueName\":\"search_term_string\"}}],\"inLanguage\":\"es\"},{\"@type\":\"Organization\",\"@id\":\"https:\\\/\\\/www.eldiario.net\\\/portal\\\/#organization\",\"name\":\"El Diario - Decano de la prensa nacional\",\"url\":\"https:\\\/\\\/www.eldiario.net\\\/portal\\\/\",\"logo\":{\"@type\":\"ImageObject\",\"inLanguage\":\"es\",\"@id\":\"https:\\\/\\\/www.eldiario.net\\\/portal\\\/#\\\/schema\\\/logo\\\/image\\\/\",\"url\":\"https:\\\/\\\/www.eldiario.net\\\/portal\\\/wp-content\\\/uploads\\\/2023\\\/07\\\/logo_ED.jpg\",\"contentUrl\":\"https:\\\/\\\/www.eldiario.net\\\/portal\\\/wp-content\\\/uploads\\\/2023\\\/07\\\/logo_ED.jpg\",\"width\":272,\"height\":52,\"caption\":\"El Diario - Decano de la prensa nacional\"},\"image\":{\"@id\":\"https:\\\/\\\/www.eldiario.net\\\/portal\\\/#\\\/schema\\\/logo\\\/image\\\/\"},\"sameAs\":[\"https:\\\/\\\/www.facebook.com\\\/eldiario.bolivia\\\/\",\"https:\\\/\\\/x.com\\\/eldiario_net\"]},{\"@type\":\"Person\",\"@id\":\"https:\\\/\\\/www.eldiario.net\\\/portal\\\/#\\\/schema\\\/person\\\/f46445640444750d7d753ccd04ae01b7\",\"name\":\"Jeanette\",\"image\":{\"@type\":\"ImageObject\",\"inLanguage\":\"es\",\"@id\":\"https:\\\/\\\/secure.gravatar.com\\\/avatar\\\/3ea2118a5f7dad2b7138b1187a6b7ee55f160b9968b66013c3a3ef39dd7e5798?s=96&d=mm&r=g\",\"url\":\"https:\\\/\\\/secure.gravatar.com\\\/avatar\\\/3ea2118a5f7dad2b7138b1187a6b7ee55f160b9968b66013c3a3ef39dd7e5798?s=96&d=mm&r=g\",\"contentUrl\":\"https:\\\/\\\/secure.gravatar.com\\\/avatar\\\/3ea2118a5f7dad2b7138b1187a6b7ee55f160b9968b66013c3a3ef39dd7e5798?s=96&d=mm&r=g\",\"caption\":\"Jeanette\"},\"sameAs\":[\"https:\\\/\\\/www.eldiario.net\\\/portal\"],\"url\":\"https:\\\/\\\/www.eldiario.net\\\/portal\\\/author\\\/jeanette\\\/\"}]}<\/script>\n<!-- \/ Yoast SEO plugin. -->","yoast_head_json":{"title":"Defensor\u00eda pide cuarto intermedio en movilizaciones para acciones humanitarias - El Diario - Bolivia","robots":{"index":"index","follow":"follow","max-snippet":"max-snippet:-1","max-image-preview":"max-image-preview:large","max-video-preview":"max-video-preview:-1"},"canonical":"https:\/\/www.eldiario.net\/portal\/2025\/06\/12\/defensoria-pide-cuarto-intermedio-en-movilizaciones-para-acciones-humanitarias\/","og_locale":"es_ES","og_type":"article","og_title":"Defensor\u00eda pide cuarto intermedio en movilizaciones para acciones humanitarias - El Diario - Bolivia","og_description":"El defensor del Pueblo, Pedro Callisaya, demand\u00f3 un cuarto intermedio en las movilizaciones evistas, para realizar acciones humanitarias en favor de las personas afectadas. El pronunciamiento del Defensor del Pueblo se dio anoche luego de conocerse la muerte de dos polic\u00edas, en una emboscada propiciada por bloqueadores afines a Evo Morales, en Llallagua, departamento de [&hellip;]","og_url":"https:\/\/www.eldiario.net\/portal\/2025\/06\/12\/defensoria-pide-cuarto-intermedio-en-movilizaciones-para-acciones-humanitarias\/","og_site_name":"El Diario - Bolivia","article_publisher":"https:\/\/www.facebook.com\/eldiario.bolivia\/","article_published_time":"2025-06-12T09:21:34+00:00","og_image":[{"width":720,"height":399,"url":"https:\/\/www.eldiario.net\/portal\/wp-content\/uploads\/2025\/06\/TRITO-FOTO.webp","type":"image\/webp"}],"author":"Jeanette","twitter_card":"summary_large_image","twitter_creator":"@eldiario_net","twitter_site":"@eldiario_net","twitter_misc":{"Escrito por":"Jeanette","Tiempo de lectura":"2 minutos"},"schema":{"@context":"https:\/\/schema.org","@graph":[{"@type":"Article","@id":"https:\/\/www.eldiario.net\/portal\/2025\/06\/12\/defensoria-pide-cuarto-intermedio-en-movilizaciones-para-acciones-humanitarias\/#article","isPartOf":{"@id":"https:\/\/www.eldiario.net\/portal\/2025\/06\/12\/defensoria-pide-cuarto-intermedio-en-movilizaciones-para-acciones-humanitarias\/"},"author":{"name":"Jeanette","@id":"https:\/\/www.eldiario.net\/portal\/#\/schema\/person\/f46445640444750d7d753ccd04ae01b7"},"headline":"Defensor\u00eda pide cuarto intermedio en movilizaciones para acciones humanitarias","datePublished":"2025-06-12T09:21:34+00:00","mainEntityOfPage":{"@id":"https:\/\/www.eldiario.net\/portal\/2025\/06\/12\/defensoria-pide-cuarto-intermedio-en-movilizaciones-para-acciones-humanitarias\/"},"wordCount":257,"publisher":{"@id":"https:\/\/www.eldiario.net\/portal\/#organization"},"image":{"@id":"https:\/\/www.eldiario.net\/portal\/2025\/06\/12\/defensoria-pide-cuarto-intermedio-en-movilizaciones-para-acciones-humanitarias\/#primaryimage"},"thumbnailUrl":"https:\/\/www.eldiario.net\/portal\/wp-content\/uploads\/2025\/06\/TRITO-FOTO.webp","articleSection":["Sociedad - Seguridad"],"inLanguage":"es"},{"@type":"WebPage","@id":"https:\/\/www.eldiario.net\/portal\/2025\/06\/12\/defensoria-pide-cuarto-intermedio-en-movilizaciones-para-acciones-humanitarias\/","url":"https:\/\/www.eldiario.net\/portal\/2025\/06\/12\/defensoria-pide-cuarto-intermedio-en-movilizaciones-para-acciones-humanitarias\/","name":"Defensor\u00eda pide cuarto intermedio en movilizaciones para acciones humanitarias - El Diario - Bolivia","isPartOf":{"@id":"https:\/\/www.eldiario.net\/portal\/#website"},"primaryImageOfPage":{"@id":"https:\/\/www.eldiario.net\/portal\/2025\/06\/12\/defensoria-pide-cuarto-intermedio-en-movilizaciones-para-acciones-humanitarias\/#primaryimage"},"image":{"@id":"https:\/\/www.eldiario.net\/portal\/2025\/06\/12\/defensoria-pide-cuarto-intermedio-en-movilizaciones-para-acciones-humanitarias\/#primaryimage"},"thumbnailUrl":"https:\/\/www.eldiario.net\/portal\/wp-content\/uploads\/2025\/06\/TRITO-FOTO.webp","datePublished":"2025-06-12T09:21:34+00:00","breadcrumb":{"@id":"https:\/\/www.eldiario.net\/portal\/2025\/06\/12\/defensoria-pide-cuarto-intermedio-en-movilizaciones-para-acciones-humanitarias\/#breadcrumb"},"inLanguage":"es","potentialAction":[{"@type":"ReadAction","target":["https:\/\/www.eldiario.net\/portal\/2025\/06\/12\/defensoria-pide-cuarto-intermedio-en-movilizaciones-para-acciones-humanitarias\/"]}]},{"@type":"ImageObject","inLanguage":"es","@id":"https:\/\/www.eldiario.net\/portal\/2025\/06\/12\/defensoria-pide-cuarto-intermedio-en-movilizaciones-para-acciones-humanitarias\/#primaryimage","url":"https:\/\/www.eldiario.net\/portal\/wp-content\/uploads\/2025\/06\/TRITO-FOTO.webp","contentUrl":"https:\/\/www.eldiario.net\/portal\/wp-content\/uploads\/2025\/06\/TRITO-FOTO.webp","width":720,"height":399,"caption":"El Defensor del Pueblo (centro) junto a us colaboradores. Foto: DP"},{"@type":"BreadcrumbList","@id":"https:\/\/www.eldiario.net\/portal\/2025\/06\/12\/defensoria-pide-cuarto-intermedio-en-movilizaciones-para-acciones-humanitarias\/#breadcrumb","itemListElement":[{"@type":"ListItem","position":1,"name":"Portada","item":"https:\/\/www.eldiario.net\/portal\/"},{"@type":"ListItem","position":2,"name":"Defensor\u00eda pide cuarto intermedio en movilizaciones para acciones humanitarias"}]},{"@type":"WebSite","@id":"https:\/\/www.eldiario.net\/portal\/#website","url":"https:\/\/www.eldiario.net\/portal\/","name":"El Diario - Decano de la prensa nacional","description":"El Diario - Decano de la prensa nacional","publisher":{"@id":"https:\/\/www.eldiario.net\/portal\/#organization"},"potentialAction":[{"@type":"SearchAction","target":{"@type":"EntryPoint","urlTemplate":"https:\/\/www.eldiario.net\/portal\/?s={search_term_string}"},"query-input":{"@type":"PropertyValueSpecification","valueRequired":true,"valueName":"search_term_string"}}],"inLanguage":"es"},{"@type":"Organization","@id":"https:\/\/www.eldiario.net\/portal\/#organization","name":"El Diario - Decano de la prensa nacional","url":"https:\/\/www.eldiario.net\/portal\/","logo":{"@type":"ImageObject","inLanguage":"es","@id":"https:\/\/www.eldiario.net\/portal\/#\/schema\/logo\/image\/","url":"https:\/\/www.eldiario.net\/portal\/wp-content\/uploads\/2023\/07\/logo_ED.jpg","contentUrl":"https:\/\/www.eldiario.net\/portal\/wp-content\/uploads\/2023\/07\/logo_ED.jpg","width":272,"height":52,"caption":"El Diario - Decano de la prensa nacional"},"image":{"@id":"https:\/\/www.eldiario.net\/portal\/#\/schema\/logo\/image\/"},"sameAs":["https:\/\/www.facebook.com\/eldiario.bolivia\/","https:\/\/x.com\/eldiario_net"]},{"@type":"Person","@id":"https:\/\/www.eldiario.net\/portal\/#\/schema\/person\/f46445640444750d7d753ccd04ae01b7","name":"Jeanette","image":{"@type":"ImageObject","inLanguage":"es","@id":"https:\/\/secure.gravatar.com\/avatar\/3ea2118a5f7dad2b7138b1187a6b7ee55f160b9968b66013c3a3ef39dd7e5798?s=96&d=mm&r=g","url":"https:\/\/secure.gravatar.com\/avatar\/3ea2118a5f7dad2b7138b1187a6b7ee55f160b9968b66013c3a3ef39dd7e5798?s=96&d=mm&r=g","contentUrl":"https:\/\/secure.gravatar.com\/avatar\/3ea2118a5f7dad2b7138b1187a6b7ee55f160b9968b66013c3a3ef39dd7e5798?s=96&d=mm&r=g","caption":"Jeanette"},"sameAs":["https:\/\/www.eldiario.net\/portal"],"url":"https:\/\/www.eldiario.net\/portal\/author\/jeanette\/"}]}},"_links":{"self":[{"href":"https:\/\/www.eldiario.net\/portal\/wp-json\/wp\/v2\/posts\/309057","targetHints":{"allow":["GET"]}}],"collection":[{"href":"https:\/\/www.eldiario.net\/portal\/wp-json\/wp\/v2\/posts"}],"about":[{"href":"https:\/\/www.eldiario.net\/portal\/wp-json\/wp\/v2\/types\/post"}],"author":[{"embeddable":true,"href":"https:\/\/www.eldiario.net\/portal\/wp-json\/wp\/v2\/users\/1"}],"replies":[{"embeddable":true,"href":"https:\/\/www.eldiario.net\/portal\/wp-json\/wp\/v2\/comments?post=309057"}],"version-history":[{"count":1,"href":"https:\/\/www.eldiario.net\/portal\/wp-json\/wp\/v2\/posts\/309057\/revisions"}],"predecessor-version":[{"id":309059,"href":"https:\/\/www.eldiario.net\/portal\/wp-json\/wp\/v2\/posts\/309057\/revisions\/309059"}],"wp:featuredmedia":[{"embeddable":true,"href":"https:\/\/www.eldiario.net\/portal\/wp-json\/wp\/v2\/media\/309058"}],"wp:attachment":[{"href":"https:\/\/www.eldiario.net\/portal\/wp-json\/wp\/v2\/media?parent=309057"}],"wp:term":[{"taxonomy":"category","embeddable":true,"href":"https:\/\/www.eldiario.net\/portal\/wp-json\/wp\/v2\/categories?post=309057"},{"taxonomy":"post_tag","embeddable":true,"href":"https:\/\/www.eldiario.net\/portal\/wp-json\/wp\/v2\/tags?post=309057"}],"curies":[{"name":"wp","href":"https:\/\/api.w.org\/{rel}","templated":true}]}}