{"id":309054,"date":"2025-06-12T05:20:55","date_gmt":"2025-06-12T09:20:55","guid":{"rendered":"https:\/\/www.eldiario.net\/portal\/?p=309054"},"modified":"2025-06-12T05:20:55","modified_gmt":"2025-06-12T09:20:55","slug":"fiscalia-abre-investigaciones-por-personas-muertas-y-heridas-en-puntos-de-bloqueo","status":"publish","type":"post","link":"https:\/\/www.eldiario.net\/portal\/2025\/06\/12\/fiscalia-abre-investigaciones-por-personas-muertas-y-heridas-en-puntos-de-bloqueo\/","title":{"rendered":"Fiscal\u00eda abre investigaciones por personas  muertas y heridas en puntos de bloqueo"},"content":{"rendered":"<p>El fiscal general del Estado, Roger Mariaca, inform\u00f3 que el Ministerio P\u00fablico inici\u00f3 las investigaciones sobre los ataques de grupos afines al expresidente Evo Morales que dejaron personas muertas y heridas en puntos de bloqueo, para identificar a los responsables para su proceso penal respectivo.<\/p>\n<p>En una conferencia de prensa, Mariaca se\u00f1al\u00f3 que estas acciones se las asumen tras la muerte de dos polic\u00edas en un operativo de desbloqueo de la v\u00eda en Llallagua, as\u00ed como en otros puntos obstruidos por sectores afines al expresidente Evo Morales.<\/p>\n<p>Ayer los grupos evistas atacaron, seg\u00fan la Polic\u00eda, con armas de fuego, cachorros de dinamita y piedras a efectivos que proced\u00edan al desbloqueo de v\u00edas, movilizaci\u00f3n que fue iniciada la semana pasada para exigir la renuncia del presidente Luis Arce y para habilitar a Morales como candidato presidencial.<\/p>\n<p>Mariaca asegur\u00f3 que ya se inici\u00f3, de forma inmediata, con el trabajo de identificaci\u00f3n de autores materiales, intelectuales, c\u00f3mplices y encubridores para su procesamiento en la v\u00eda penal.<\/p>\n<p>Tambi\u00e9n exhort\u00f3 a los responsables de los bloqueos a evitar la confrontaci\u00f3n y respetar derechos fundamentales de las personas. (Br\u00fajula Digital)<\/p>\n","protected":false},"excerpt":{"rendered":"<p>El fiscal general del Estado, Roger Mariaca, inform\u00f3 que el Ministerio P\u00fablico inici\u00f3 las investigaciones sobre los ataques de grupos afines al expresidente Evo Morales que dejaron personas muertas y heridas en puntos de bloqueo, para identificar a los responsables para su proceso penal respectivo. En una conferencia de prensa, Mariaca se\u00f1al\u00f3 que estas acciones [&hellip;]<\/p>\n","protected":false},"author":1,"featured_media":309055,"comment_status":"closed","ping_status":"open","sticky":false,"template":"","format":"standard","meta":{"_acf_changed":false,"footnotes":""},"categories":[39],"tags":[],"class_list":["post-309054","post","type-post","status-publish","format-standard","has-post-thumbnail","category-sociedad"],"acf":{"antetitulo":""},"yoast_head":"<!-- This site is optimized with the Yoast SEO plugin v28.4 - https:\/\/yoast.com\/product\/yoast-seo-wordpress\/ -->\n<title>Fiscal\u00eda abre investigaciones por personas muertas y heridas en puntos de bloqueo - El Diario - Bolivia<\/title>\n<meta name=\"robots\" content=\"index, follow, max-snippet:-1, max-image-preview:large, max-video-preview:-1\" \/>\n<link rel=\"canonical\" href=\"https:\/\/www.eldiario.net\/portal\/2025\/06\/12\/fiscalia-abre-investigaciones-por-personas-muertas-y-heridas-en-puntos-de-bloqueo\/\" \/>\n<meta property=\"og:locale\" content=\"es_ES\" \/>\n<meta property=\"og:type\" content=\"article\" \/>\n<meta property=\"og:title\" content=\"Fiscal\u00eda abre investigaciones por personas muertas y heridas en puntos de bloqueo - El Diario - Bolivia\" \/>\n<meta property=\"og:description\" content=\"El fiscal general del Estado, Roger Mariaca, inform\u00f3 que el Ministerio P\u00fablico inici\u00f3 las investigaciones sobre los ataques de grupos afines al expresidente Evo Morales que dejaron personas muertas y heridas en puntos de bloqueo, para identificar a los responsables para su proceso penal respectivo. En una conferencia de prensa, Mariaca se\u00f1al\u00f3 que estas acciones [&hellip;]\" \/>\n<meta property=\"og:url\" content=\"https:\/\/www.eldiario.net\/portal\/2025\/06\/12\/fiscalia-abre-investigaciones-por-personas-muertas-y-heridas-en-puntos-de-bloqueo\/\" \/>\n<meta property=\"og:site_name\" content=\"El Diario - Bolivia\" \/>\n<meta property=\"article:publisher\" content=\"https:\/\/www.facebook.com\/eldiario.bolivia\/\" \/>\n<meta property=\"article:published_time\" content=\"2025-06-12T09:20:55+00:00\" \/>\n<meta property=\"og:image\" content=\"https:\/\/www.eldiario.net\/portal\/wp-content\/uploads\/2025\/06\/USCAL-FOTO.webp\" \/>\n\t<meta property=\"og:image:width\" content=\"720\" \/>\n\t<meta property=\"og:image:height\" content=\"399\" \/>\n\t<meta property=\"og:image:type\" content=\"image\/webp\" \/>\n<meta name=\"author\" content=\"Jeanette\" \/>\n<meta name=\"twitter:card\" content=\"summary_large_image\" \/>\n<meta name=\"twitter:creator\" content=\"@eldiario_net\" \/>\n<meta name=\"twitter:site\" content=\"@eldiario_net\" \/>\n<meta name=\"twitter:label1\" content=\"Escrito por\" \/>\n\t<meta name=\"twitter:data1\" content=\"Jeanette\" \/>\n\t<meta name=\"twitter:label2\" content=\"Tiempo de lectura\" \/>\n\t<meta name=\"twitter:data2\" content=\"2 minutos\" \/>\n<script type=\"application\/ld+json\" class=\"yoast-schema-graph\">{\"@context\":\"https:\\\/\\\/schema.org\",\"@graph\":[{\"@type\":\"Article\",\"@id\":\"https:\\\/\\\/www.eldiario.net\\\/portal\\\/2025\\\/06\\\/12\\\/fiscalia-abre-investigaciones-por-personas-muertas-y-heridas-en-puntos-de-bloqueo\\\/#article\",\"isPartOf\":{\"@id\":\"https:\\\/\\\/www.eldiario.net\\\/portal\\\/2025\\\/06\\\/12\\\/fiscalia-abre-investigaciones-por-personas-muertas-y-heridas-en-puntos-de-bloqueo\\\/\"},\"author\":{\"name\":\"Jeanette\",\"@id\":\"https:\\\/\\\/www.eldiario.net\\\/portal\\\/#\\\/schema\\\/person\\\/2c57cf2b7a7ae032e449e4c9b1019eac\"},\"headline\":\"Fiscal\u00eda abre investigaciones por personas muertas y heridas en puntos de bloqueo\",\"datePublished\":\"2025-06-12T09:20:55+00:00\",\"mainEntityOfPage\":{\"@id\":\"https:\\\/\\\/www.eldiario.net\\\/portal\\\/2025\\\/06\\\/12\\\/fiscalia-abre-investigaciones-por-personas-muertas-y-heridas-en-puntos-de-bloqueo\\\/\"},\"wordCount\":212,\"publisher\":{\"@id\":\"https:\\\/\\\/www.eldiario.net\\\/portal\\\/#organization\"},\"image\":{\"@id\":\"https:\\\/\\\/www.eldiario.net\\\/portal\\\/2025\\\/06\\\/12\\\/fiscalia-abre-investigaciones-por-personas-muertas-y-heridas-en-puntos-de-bloqueo\\\/#primaryimage\"},\"thumbnailUrl\":\"https:\\\/\\\/www.eldiario.net\\\/portal\\\/wp-content\\\/uploads\\\/2025\\\/06\\\/USCAL-FOTO.webp\",\"articleSection\":[\"Sociedad - Seguridad\"],\"inLanguage\":\"es\"},{\"@type\":\"WebPage\",\"@id\":\"https:\\\/\\\/www.eldiario.net\\\/portal\\\/2025\\\/06\\\/12\\\/fiscalia-abre-investigaciones-por-personas-muertas-y-heridas-en-puntos-de-bloqueo\\\/\",\"url\":\"https:\\\/\\\/www.eldiario.net\\\/portal\\\/2025\\\/06\\\/12\\\/fiscalia-abre-investigaciones-por-personas-muertas-y-heridas-en-puntos-de-bloqueo\\\/\",\"name\":\"Fiscal\u00eda abre investigaciones por personas muertas y heridas en puntos de bloqueo - El Diario - Bolivia\",\"isPartOf\":{\"@id\":\"https:\\\/\\\/www.eldiario.net\\\/portal\\\/#website\"},\"primaryImageOfPage\":{\"@id\":\"https:\\\/\\\/www.eldiario.net\\\/portal\\\/2025\\\/06\\\/12\\\/fiscalia-abre-investigaciones-por-personas-muertas-y-heridas-en-puntos-de-bloqueo\\\/#primaryimage\"},\"image\":{\"@id\":\"https:\\\/\\\/www.eldiario.net\\\/portal\\\/2025\\\/06\\\/12\\\/fiscalia-abre-investigaciones-por-personas-muertas-y-heridas-en-puntos-de-bloqueo\\\/#primaryimage\"},\"thumbnailUrl\":\"https:\\\/\\\/www.eldiario.net\\\/portal\\\/wp-content\\\/uploads\\\/2025\\\/06\\\/USCAL-FOTO.webp\",\"datePublished\":\"2025-06-12T09:20:55+00:00\",\"breadcrumb\":{\"@id\":\"https:\\\/\\\/www.eldiario.net\\\/portal\\\/2025\\\/06\\\/12\\\/fiscalia-abre-investigaciones-por-personas-muertas-y-heridas-en-puntos-de-bloqueo\\\/#breadcrumb\"},\"inLanguage\":\"es\",\"potentialAction\":[{\"@type\":\"ReadAction\",\"target\":[\"https:\\\/\\\/www.eldiario.net\\\/portal\\\/2025\\\/06\\\/12\\\/fiscalia-abre-investigaciones-por-personas-muertas-y-heridas-en-puntos-de-bloqueo\\\/\"]}]},{\"@type\":\"ImageObject\",\"inLanguage\":\"es\",\"@id\":\"https:\\\/\\\/www.eldiario.net\\\/portal\\\/2025\\\/06\\\/12\\\/fiscalia-abre-investigaciones-por-personas-muertas-y-heridas-en-puntos-de-bloqueo\\\/#primaryimage\",\"url\":\"https:\\\/\\\/www.eldiario.net\\\/portal\\\/wp-content\\\/uploads\\\/2025\\\/06\\\/USCAL-FOTO.webp\",\"contentUrl\":\"https:\\\/\\\/www.eldiario.net\\\/portal\\\/wp-content\\\/uploads\\\/2025\\\/06\\\/USCAL-FOTO.webp\",\"width\":720,\"height\":399,\"caption\":\"EL FISCAL GENERAL DEL ESTADO EN CONFERENCIA DE PRENSA. FOTO: CAPTURA VIDEO\"},{\"@type\":\"BreadcrumbList\",\"@id\":\"https:\\\/\\\/www.eldiario.net\\\/portal\\\/2025\\\/06\\\/12\\\/fiscalia-abre-investigaciones-por-personas-muertas-y-heridas-en-puntos-de-bloqueo\\\/#breadcrumb\",\"itemListElement\":[{\"@type\":\"ListItem\",\"position\":1,\"name\":\"Portada\",\"item\":\"https:\\\/\\\/www.eldiario.net\\\/portal\\\/\"},{\"@type\":\"ListItem\",\"position\":2,\"name\":\"Fiscal\u00eda abre investigaciones por personas muertas y heridas en puntos de bloqueo\"}]},{\"@type\":\"WebSite\",\"@id\":\"https:\\\/\\\/www.eldiario.net\\\/portal\\\/#website\",\"url\":\"https:\\\/\\\/www.eldiario.net\\\/portal\\\/\",\"name\":\"El Diario - Decano de la prensa nacional\",\"description\":\"El Diario - Decano de la prensa nacional\",\"publisher\":{\"@id\":\"https:\\\/\\\/www.eldiario.net\\\/portal\\\/#organization\"},\"potentialAction\":[{\"@type\":\"SearchAction\",\"target\":{\"@type\":\"EntryPoint\",\"urlTemplate\":\"https:\\\/\\\/www.eldiario.net\\\/portal\\\/?s={search_term_string}\"},\"query-input\":{\"@type\":\"PropertyValueSpecification\",\"valueRequired\":true,\"valueName\":\"search_term_string\"}}],\"inLanguage\":\"es\"},{\"@type\":\"Organization\",\"@id\":\"https:\\\/\\\/www.eldiario.net\\\/portal\\\/#organization\",\"name\":\"El Diario - Decano de la prensa nacional\",\"url\":\"https:\\\/\\\/www.eldiario.net\\\/portal\\\/\",\"logo\":{\"@type\":\"ImageObject\",\"inLanguage\":\"es\",\"@id\":\"https:\\\/\\\/www.eldiario.net\\\/portal\\\/#\\\/schema\\\/logo\\\/image\\\/\",\"url\":\"https:\\\/\\\/www.eldiario.net\\\/portal\\\/wp-content\\\/uploads\\\/2023\\\/07\\\/logo_ED.jpg\",\"contentUrl\":\"https:\\\/\\\/www.eldiario.net\\\/portal\\\/wp-content\\\/uploads\\\/2023\\\/07\\\/logo_ED.jpg\",\"width\":272,\"height\":52,\"caption\":\"El Diario - Decano de la prensa nacional\"},\"image\":{\"@id\":\"https:\\\/\\\/www.eldiario.net\\\/portal\\\/#\\\/schema\\\/logo\\\/image\\\/\"},\"sameAs\":[\"https:\\\/\\\/www.facebook.com\\\/eldiario.bolivia\\\/\",\"https:\\\/\\\/x.com\\\/eldiario_net\"]},{\"@type\":\"Person\",\"@id\":\"https:\\\/\\\/www.eldiario.net\\\/portal\\\/#\\\/schema\\\/person\\\/2c57cf2b7a7ae032e449e4c9b1019eac\",\"name\":\"Jeanette\",\"image\":{\"@type\":\"ImageObject\",\"inLanguage\":\"es\",\"@id\":\"https:\\\/\\\/secure.gravatar.com\\\/avatar\\\/3ea2118a5f7dad2b7138b1187a6b7ee55f160b9968b66013c3a3ef39dd7e5798?s=96&d=mm&r=g\",\"url\":\"https:\\\/\\\/secure.gravatar.com\\\/avatar\\\/3ea2118a5f7dad2b7138b1187a6b7ee55f160b9968b66013c3a3ef39dd7e5798?s=96&d=mm&r=g\",\"contentUrl\":\"https:\\\/\\\/secure.gravatar.com\\\/avatar\\\/3ea2118a5f7dad2b7138b1187a6b7ee55f160b9968b66013c3a3ef39dd7e5798?s=96&d=mm&r=g\",\"caption\":\"Jeanette\"},\"sameAs\":[\"https:\\\/\\\/www.eldiario.net\\\/portal\"],\"url\":\"https:\\\/\\\/www.eldiario.net\\\/portal\\\/author\\\/jeanette\\\/\"}]}<\/script>\n<!-- \/ Yoast SEO plugin. -->","yoast_head_json":{"title":"Fiscal\u00eda abre investigaciones por personas muertas y heridas en puntos de bloqueo - El Diario - Bolivia","robots":{"index":"index","follow":"follow","max-snippet":"max-snippet:-1","max-image-preview":"max-image-preview:large","max-video-preview":"max-video-preview:-1"},"canonical":"https:\/\/www.eldiario.net\/portal\/2025\/06\/12\/fiscalia-abre-investigaciones-por-personas-muertas-y-heridas-en-puntos-de-bloqueo\/","og_locale":"es_ES","og_type":"article","og_title":"Fiscal\u00eda abre investigaciones por personas muertas y heridas en puntos de bloqueo - El Diario - Bolivia","og_description":"El fiscal general del Estado, Roger Mariaca, inform\u00f3 que el Ministerio P\u00fablico inici\u00f3 las investigaciones sobre los ataques de grupos afines al expresidente Evo Morales que dejaron personas muertas y heridas en puntos de bloqueo, para identificar a los responsables para su proceso penal respectivo. En una conferencia de prensa, Mariaca se\u00f1al\u00f3 que estas acciones [&hellip;]","og_url":"https:\/\/www.eldiario.net\/portal\/2025\/06\/12\/fiscalia-abre-investigaciones-por-personas-muertas-y-heridas-en-puntos-de-bloqueo\/","og_site_name":"El Diario - Bolivia","article_publisher":"https:\/\/www.facebook.com\/eldiario.bolivia\/","article_published_time":"2025-06-12T09:20:55+00:00","og_image":[{"width":720,"height":399,"url":"https:\/\/www.eldiario.net\/portal\/wp-content\/uploads\/2025\/06\/USCAL-FOTO.webp","type":"image\/webp"}],"author":"Jeanette","twitter_card":"summary_large_image","twitter_creator":"@eldiario_net","twitter_site":"@eldiario_net","twitter_misc":{"Escrito por":"Jeanette","Tiempo de lectura":"2 minutos"},"schema":{"@context":"https:\/\/schema.org","@graph":[{"@type":"Article","@id":"https:\/\/www.eldiario.net\/portal\/2025\/06\/12\/fiscalia-abre-investigaciones-por-personas-muertas-y-heridas-en-puntos-de-bloqueo\/#article","isPartOf":{"@id":"https:\/\/www.eldiario.net\/portal\/2025\/06\/12\/fiscalia-abre-investigaciones-por-personas-muertas-y-heridas-en-puntos-de-bloqueo\/"},"author":{"name":"Jeanette","@id":"https:\/\/www.eldiario.net\/portal\/#\/schema\/person\/2c57cf2b7a7ae032e449e4c9b1019eac"},"headline":"Fiscal\u00eda abre investigaciones por personas muertas y heridas en puntos de bloqueo","datePublished":"2025-06-12T09:20:55+00:00","mainEntityOfPage":{"@id":"https:\/\/www.eldiario.net\/portal\/2025\/06\/12\/fiscalia-abre-investigaciones-por-personas-muertas-y-heridas-en-puntos-de-bloqueo\/"},"wordCount":212,"publisher":{"@id":"https:\/\/www.eldiario.net\/portal\/#organization"},"image":{"@id":"https:\/\/www.eldiario.net\/portal\/2025\/06\/12\/fiscalia-abre-investigaciones-por-personas-muertas-y-heridas-en-puntos-de-bloqueo\/#primaryimage"},"thumbnailUrl":"https:\/\/www.eldiario.net\/portal\/wp-content\/uploads\/2025\/06\/USCAL-FOTO.webp","articleSection":["Sociedad - Seguridad"],"inLanguage":"es"},{"@type":"WebPage","@id":"https:\/\/www.eldiario.net\/portal\/2025\/06\/12\/fiscalia-abre-investigaciones-por-personas-muertas-y-heridas-en-puntos-de-bloqueo\/","url":"https:\/\/www.eldiario.net\/portal\/2025\/06\/12\/fiscalia-abre-investigaciones-por-personas-muertas-y-heridas-en-puntos-de-bloqueo\/","name":"Fiscal\u00eda abre investigaciones por personas muertas y heridas en puntos de bloqueo - El Diario - Bolivia","isPartOf":{"@id":"https:\/\/www.eldiario.net\/portal\/#website"},"primaryImageOfPage":{"@id":"https:\/\/www.eldiario.net\/portal\/2025\/06\/12\/fiscalia-abre-investigaciones-por-personas-muertas-y-heridas-en-puntos-de-bloqueo\/#primaryimage"},"image":{"@id":"https:\/\/www.eldiario.net\/portal\/2025\/06\/12\/fiscalia-abre-investigaciones-por-personas-muertas-y-heridas-en-puntos-de-bloqueo\/#primaryimage"},"thumbnailUrl":"https:\/\/www.eldiario.net\/portal\/wp-content\/uploads\/2025\/06\/USCAL-FOTO.webp","datePublished":"2025-06-12T09:20:55+00:00","breadcrumb":{"@id":"https:\/\/www.eldiario.net\/portal\/2025\/06\/12\/fiscalia-abre-investigaciones-por-personas-muertas-y-heridas-en-puntos-de-bloqueo\/#breadcrumb"},"inLanguage":"es","potentialAction":[{"@type":"ReadAction","target":["https:\/\/www.eldiario.net\/portal\/2025\/06\/12\/fiscalia-abre-investigaciones-por-personas-muertas-y-heridas-en-puntos-de-bloqueo\/"]}]},{"@type":"ImageObject","inLanguage":"es","@id":"https:\/\/www.eldiario.net\/portal\/2025\/06\/12\/fiscalia-abre-investigaciones-por-personas-muertas-y-heridas-en-puntos-de-bloqueo\/#primaryimage","url":"https:\/\/www.eldiario.net\/portal\/wp-content\/uploads\/2025\/06\/USCAL-FOTO.webp","contentUrl":"https:\/\/www.eldiario.net\/portal\/wp-content\/uploads\/2025\/06\/USCAL-FOTO.webp","width":720,"height":399,"caption":"EL FISCAL GENERAL DEL ESTADO EN CONFERENCIA DE PRENSA. FOTO: CAPTURA VIDEO"},{"@type":"BreadcrumbList","@id":"https:\/\/www.eldiario.net\/portal\/2025\/06\/12\/fiscalia-abre-investigaciones-por-personas-muertas-y-heridas-en-puntos-de-bloqueo\/#breadcrumb","itemListElement":[{"@type":"ListItem","position":1,"name":"Portada","item":"https:\/\/www.eldiario.net\/portal\/"},{"@type":"ListItem","position":2,"name":"Fiscal\u00eda abre investigaciones por personas muertas y heridas en puntos de bloqueo"}]},{"@type":"WebSite","@id":"https:\/\/www.eldiario.net\/portal\/#website","url":"https:\/\/www.eldiario.net\/portal\/","name":"El Diario - Decano de la prensa nacional","description":"El Diario - Decano de la prensa nacional","publisher":{"@id":"https:\/\/www.eldiario.net\/portal\/#organization"},"potentialAction":[{"@type":"SearchAction","target":{"@type":"EntryPoint","urlTemplate":"https:\/\/www.eldiario.net\/portal\/?s={search_term_string}"},"query-input":{"@type":"PropertyValueSpecification","valueRequired":true,"valueName":"search_term_string"}}],"inLanguage":"es"},{"@type":"Organization","@id":"https:\/\/www.eldiario.net\/portal\/#organization","name":"El Diario - Decano de la prensa nacional","url":"https:\/\/www.eldiario.net\/portal\/","logo":{"@type":"ImageObject","inLanguage":"es","@id":"https:\/\/www.eldiario.net\/portal\/#\/schema\/logo\/image\/","url":"https:\/\/www.eldiario.net\/portal\/wp-content\/uploads\/2023\/07\/logo_ED.jpg","contentUrl":"https:\/\/www.eldiario.net\/portal\/wp-content\/uploads\/2023\/07\/logo_ED.jpg","width":272,"height":52,"caption":"El Diario - Decano de la prensa nacional"},"image":{"@id":"https:\/\/www.eldiario.net\/portal\/#\/schema\/logo\/image\/"},"sameAs":["https:\/\/www.facebook.com\/eldiario.bolivia\/","https:\/\/x.com\/eldiario_net"]},{"@type":"Person","@id":"https:\/\/www.eldiario.net\/portal\/#\/schema\/person\/2c57cf2b7a7ae032e449e4c9b1019eac","name":"Jeanette","image":{"@type":"ImageObject","inLanguage":"es","@id":"https:\/\/secure.gravatar.com\/avatar\/3ea2118a5f7dad2b7138b1187a6b7ee55f160b9968b66013c3a3ef39dd7e5798?s=96&d=mm&r=g","url":"https:\/\/secure.gravatar.com\/avatar\/3ea2118a5f7dad2b7138b1187a6b7ee55f160b9968b66013c3a3ef39dd7e5798?s=96&d=mm&r=g","contentUrl":"https:\/\/secure.gravatar.com\/avatar\/3ea2118a5f7dad2b7138b1187a6b7ee55f160b9968b66013c3a3ef39dd7e5798?s=96&d=mm&r=g","caption":"Jeanette"},"sameAs":["https:\/\/www.eldiario.net\/portal"],"url":"https:\/\/www.eldiario.net\/portal\/author\/jeanette\/"}]}},"_links":{"self":[{"href":"https:\/\/www.eldiario.net\/portal\/wp-json\/wp\/v2\/posts\/309054","targetHints":{"allow":["GET"]}}],"collection":[{"href":"https:\/\/www.eldiario.net\/portal\/wp-json\/wp\/v2\/posts"}],"about":[{"href":"https:\/\/www.eldiario.net\/portal\/wp-json\/wp\/v2\/types\/post"}],"author":[{"embeddable":true,"href":"https:\/\/www.eldiario.net\/portal\/wp-json\/wp\/v2\/users\/1"}],"replies":[{"embeddable":true,"href":"https:\/\/www.eldiario.net\/portal\/wp-json\/wp\/v2\/comments?post=309054"}],"version-history":[{"count":1,"href":"https:\/\/www.eldiario.net\/portal\/wp-json\/wp\/v2\/posts\/309054\/revisions"}],"predecessor-version":[{"id":309056,"href":"https:\/\/www.eldiario.net\/portal\/wp-json\/wp\/v2\/posts\/309054\/revisions\/309056"}],"wp:featuredmedia":[{"embeddable":true,"href":"https:\/\/www.eldiario.net\/portal\/wp-json\/wp\/v2\/media\/309055"}],"wp:attachment":[{"href":"https:\/\/www.eldiario.net\/portal\/wp-json\/wp\/v2\/media?parent=309054"}],"wp:term":[{"taxonomy":"category","embeddable":true,"href":"https:\/\/www.eldiario.net\/portal\/wp-json\/wp\/v2\/categories?post=309054"},{"taxonomy":"post_tag","embeddable":true,"href":"https:\/\/www.eldiario.net\/portal\/wp-json\/wp\/v2\/tags?post=309054"}],"curies":[{"name":"wp","href":"https:\/\/api.w.org\/{rel}","templated":true}]}}