{"id":308549,"date":"2025-06-09T16:16:40","date_gmt":"2025-06-09T20:16:40","guid":{"rendered":"https:\/\/www.eldiario.net\/portal\/?p=308549"},"modified":"2025-06-09T16:18:43","modified_gmt":"2025-06-09T20:18:43","slug":"vuelven-las-clases-presenciales-en-challapata-entre-tension-y-saqueos-1615","status":"publish","type":"post","link":"https:\/\/www.eldiario.net\/portal\/2025\/06\/09\/vuelven-las-clases-presenciales-en-challapata-entre-tension-y-saqueos-1615\/","title":{"rendered":"Vuelven las clases presenciales en Challapata entre tensi\u00f3n y saqueos. (16:15)"},"content":{"rendered":"<p>Tras una reuni\u00f3n urgente entre autoridades educativas y juntas escolares del distrito de Challapata en el departamento de Oruro, se determin\u00f3 restablecer las clases presenciales a partir de este martes en casi todo el distrito, pese al clima de inseguridad, seg\u00fan reportes de medios locales.<\/p>\n<p>Las autoridades educativas aseguraron que pedir\u00e1n apoyo inmediato a la Polic\u00eda, militares y Seguridad Ciudadana para proteger a estudiantes, mientras las juntas escolares se comprometieron a reforzar la vigilancia. Por otro lado, piden a los bloqueadores dejar ingresar a los docentes para que las labores escolares se lleven adelante con la mayor normalidad.<\/p>\n<p>Solo dos n\u00facleos escolares, entre ellos Qaqachacas, seguir\u00e1n sin clases por ahora, y se descart\u00f3 la modalidad a distancia. Adem\u00e1s, se emiti\u00f3 un voto resolutivo exigiendo a los sectores en conflicto evitar agresiones, bloqueos o la toma de unidades educativas que est\u00e1 penado por Ley.<\/p>\n<p>La decisi\u00f3n se da luego de que este lunes se suspendieran las labores escolares por motivos de seguridad, debido a los intensos conflictos sociales que han sacudido el distrito.<\/p>\n<p><img loading=\"lazy\" decoding=\"async\" class=\" wp-image-308551 aligncenter\" src=\"https:\/\/www.eldiario.net\/portal\/wp-content\/uploads\/2025\/06\/challapata-300x182.png\" alt=\"\" width=\"355\" height=\"215\" \/><\/p>\n<p>En los \u00faltimos d\u00edas, la violencia se intensific\u00f3 con reportes de saqueos atribuidos a bloqueadores afines al ala evista del MAS.<\/p>\n<p>La Direcci\u00f3n Distrital, junto con la Junta Escolar y la Federaci\u00f3n de Maestros, hab\u00eda tomado la medida preventiva para resguardar la integridad f\u00edsica de estudiantes y docentes. Ahora, con el retorno parcial a clases, se mantiene la alerta y cualquier cambio depender\u00e1 de la evoluci\u00f3n del conflicto y la coordinaci\u00f3n con organizaciones vivas.<\/p>\n","protected":false},"excerpt":{"rendered":"<p>Tras una reuni\u00f3n urgente entre autoridades educativas y juntas escolares del distrito de Challapata en el departamento de Oruro, se determin\u00f3 restablecer las clases presenciales a partir de este martes en casi todo el distrito, pese al clima de inseguridad, seg\u00fan reportes de medios locales. Las autoridades educativas aseguraron que pedir\u00e1n apoyo inmediato a la [&hellip;]<\/p>\n","protected":false},"author":7,"featured_media":308550,"comment_status":"closed","ping_status":"open","sticky":false,"template":"","format":"standard","meta":{"_acf_changed":false,"footnotes":""},"categories":[51],"tags":[],"class_list":["post-308549","post","type-post","status-publish","format-standard","has-post-thumbnail","category-ultima-hora"],"acf":{"antetitulo":""},"yoast_head":"<!-- This site is optimized with the Yoast SEO plugin v28.4 - https:\/\/yoast.com\/product\/yoast-seo-wordpress\/ -->\n<title>Vuelven las clases presenciales en Challapata entre tensi\u00f3n y saqueos. (16:15) - El Diario - Bolivia<\/title>\n<meta name=\"robots\" content=\"index, follow, max-snippet:-1, max-image-preview:large, max-video-preview:-1\" \/>\n<link rel=\"canonical\" href=\"https:\/\/www.eldiario.net\/portal\/2025\/06\/09\/vuelven-las-clases-presenciales-en-challapata-entre-tension-y-saqueos-1615\/\" \/>\n<meta property=\"og:locale\" content=\"es_ES\" \/>\n<meta property=\"og:type\" content=\"article\" \/>\n<meta property=\"og:title\" content=\"Vuelven las clases presenciales en Challapata entre tensi\u00f3n y saqueos. (16:15) - El Diario - Bolivia\" \/>\n<meta property=\"og:description\" content=\"Tras una reuni\u00f3n urgente entre autoridades educativas y juntas escolares del distrito de Challapata en el departamento de Oruro, se determin\u00f3 restablecer las clases presenciales a partir de este martes en casi todo el distrito, pese al clima de inseguridad, seg\u00fan reportes de medios locales. Las autoridades educativas aseguraron que pedir\u00e1n apoyo inmediato a la [&hellip;]\" \/>\n<meta property=\"og:url\" content=\"https:\/\/www.eldiario.net\/portal\/2025\/06\/09\/vuelven-las-clases-presenciales-en-challapata-entre-tension-y-saqueos-1615\/\" \/>\n<meta property=\"og:site_name\" content=\"El Diario - Bolivia\" \/>\n<meta property=\"article:publisher\" content=\"https:\/\/www.facebook.com\/eldiario.bolivia\/\" \/>\n<meta property=\"article:published_time\" content=\"2025-06-09T20:16:40+00:00\" \/>\n<meta property=\"article:modified_time\" content=\"2025-06-09T20:18:43+00:00\" \/>\n<meta property=\"og:image\" content=\"https:\/\/www.eldiario.net\/portal\/wp-content\/uploads\/2025\/06\/challapata-2-e1749500084397.png\" \/>\n\t<meta property=\"og:image:width\" content=\"380\" \/>\n\t<meta property=\"og:image:height\" content=\"224\" \/>\n\t<meta property=\"og:image:type\" content=\"image\/png\" \/>\n<meta name=\"author\" content=\"Viviana Monrroy\" \/>\n<meta name=\"twitter:card\" content=\"summary_large_image\" \/>\n<meta name=\"twitter:creator\" content=\"@eldiario_net\" \/>\n<meta name=\"twitter:site\" content=\"@eldiario_net\" \/>\n<meta name=\"twitter:label1\" content=\"Escrito por\" \/>\n\t<meta name=\"twitter:data1\" content=\"Viviana Monrroy\" \/>\n\t<meta name=\"twitter:label2\" content=\"Tiempo de lectura\" \/>\n\t<meta name=\"twitter:data2\" content=\"2 minutos\" \/>\n<script type=\"application\/ld+json\" class=\"yoast-schema-graph\">{\"@context\":\"https:\\\/\\\/schema.org\",\"@graph\":[{\"@type\":\"Article\",\"@id\":\"https:\\\/\\\/www.eldiario.net\\\/portal\\\/2025\\\/06\\\/09\\\/vuelven-las-clases-presenciales-en-challapata-entre-tension-y-saqueos-1615\\\/#article\",\"isPartOf\":{\"@id\":\"https:\\\/\\\/www.eldiario.net\\\/portal\\\/2025\\\/06\\\/09\\\/vuelven-las-clases-presenciales-en-challapata-entre-tension-y-saqueos-1615\\\/\"},\"author\":{\"name\":\"Viviana Monrroy\",\"@id\":\"https:\\\/\\\/www.eldiario.net\\\/portal\\\/#\\\/schema\\\/person\\\/32cc89e801dfcbad3a54f91da7f2ea06\"},\"headline\":\"Vuelven las clases presenciales en Challapata entre tensi\u00f3n y saqueos. (16:15)\",\"datePublished\":\"2025-06-09T20:16:40+00:00\",\"dateModified\":\"2025-06-09T20:18:43+00:00\",\"mainEntityOfPage\":{\"@id\":\"https:\\\/\\\/www.eldiario.net\\\/portal\\\/2025\\\/06\\\/09\\\/vuelven-las-clases-presenciales-en-challapata-entre-tension-y-saqueos-1615\\\/\"},\"wordCount\":272,\"publisher\":{\"@id\":\"https:\\\/\\\/www.eldiario.net\\\/portal\\\/#organization\"},\"image\":{\"@id\":\"https:\\\/\\\/www.eldiario.net\\\/portal\\\/2025\\\/06\\\/09\\\/vuelven-las-clases-presenciales-en-challapata-entre-tension-y-saqueos-1615\\\/#primaryimage\"},\"thumbnailUrl\":\"https:\\\/\\\/www.eldiario.net\\\/portal\\\/wp-content\\\/uploads\\\/2025\\\/06\\\/challapata-2-e1749500084397.png\",\"articleSection\":[\"\u00daltima Hora\"],\"inLanguage\":\"es\"},{\"@type\":\"WebPage\",\"@id\":\"https:\\\/\\\/www.eldiario.net\\\/portal\\\/2025\\\/06\\\/09\\\/vuelven-las-clases-presenciales-en-challapata-entre-tension-y-saqueos-1615\\\/\",\"url\":\"https:\\\/\\\/www.eldiario.net\\\/portal\\\/2025\\\/06\\\/09\\\/vuelven-las-clases-presenciales-en-challapata-entre-tension-y-saqueos-1615\\\/\",\"name\":\"Vuelven las clases presenciales en Challapata entre tensi\u00f3n y saqueos. (16:15) - El Diario - Bolivia\",\"isPartOf\":{\"@id\":\"https:\\\/\\\/www.eldiario.net\\\/portal\\\/#website\"},\"primaryImageOfPage\":{\"@id\":\"https:\\\/\\\/www.eldiario.net\\\/portal\\\/2025\\\/06\\\/09\\\/vuelven-las-clases-presenciales-en-challapata-entre-tension-y-saqueos-1615\\\/#primaryimage\"},\"image\":{\"@id\":\"https:\\\/\\\/www.eldiario.net\\\/portal\\\/2025\\\/06\\\/09\\\/vuelven-las-clases-presenciales-en-challapata-entre-tension-y-saqueos-1615\\\/#primaryimage\"},\"thumbnailUrl\":\"https:\\\/\\\/www.eldiario.net\\\/portal\\\/wp-content\\\/uploads\\\/2025\\\/06\\\/challapata-2-e1749500084397.png\",\"datePublished\":\"2025-06-09T20:16:40+00:00\",\"dateModified\":\"2025-06-09T20:18:43+00:00\",\"breadcrumb\":{\"@id\":\"https:\\\/\\\/www.eldiario.net\\\/portal\\\/2025\\\/06\\\/09\\\/vuelven-las-clases-presenciales-en-challapata-entre-tension-y-saqueos-1615\\\/#breadcrumb\"},\"inLanguage\":\"es\",\"potentialAction\":[{\"@type\":\"ReadAction\",\"target\":[\"https:\\\/\\\/www.eldiario.net\\\/portal\\\/2025\\\/06\\\/09\\\/vuelven-las-clases-presenciales-en-challapata-entre-tension-y-saqueos-1615\\\/\"]}]},{\"@type\":\"ImageObject\",\"inLanguage\":\"es\",\"@id\":\"https:\\\/\\\/www.eldiario.net\\\/portal\\\/2025\\\/06\\\/09\\\/vuelven-las-clases-presenciales-en-challapata-entre-tension-y-saqueos-1615\\\/#primaryimage\",\"url\":\"https:\\\/\\\/www.eldiario.net\\\/portal\\\/wp-content\\\/uploads\\\/2025\\\/06\\\/challapata-2-e1749500084397.png\",\"contentUrl\":\"https:\\\/\\\/www.eldiario.net\\\/portal\\\/wp-content\\\/uploads\\\/2025\\\/06\\\/challapata-2-e1749500084397.png\",\"width\":380,\"height\":224,\"caption\":\"Foto: RR.SS.\"},{\"@type\":\"BreadcrumbList\",\"@id\":\"https:\\\/\\\/www.eldiario.net\\\/portal\\\/2025\\\/06\\\/09\\\/vuelven-las-clases-presenciales-en-challapata-entre-tension-y-saqueos-1615\\\/#breadcrumb\",\"itemListElement\":[{\"@type\":\"ListItem\",\"position\":1,\"name\":\"Portada\",\"item\":\"https:\\\/\\\/www.eldiario.net\\\/portal\\\/\"},{\"@type\":\"ListItem\",\"position\":2,\"name\":\"Vuelven las clases presenciales en Challapata entre tensi\u00f3n y saqueos. (16:15)\"}]},{\"@type\":\"WebSite\",\"@id\":\"https:\\\/\\\/www.eldiario.net\\\/portal\\\/#website\",\"url\":\"https:\\\/\\\/www.eldiario.net\\\/portal\\\/\",\"name\":\"El Diario - Decano de la prensa nacional\",\"description\":\"El Diario - Decano de la prensa nacional\",\"publisher\":{\"@id\":\"https:\\\/\\\/www.eldiario.net\\\/portal\\\/#organization\"},\"potentialAction\":[{\"@type\":\"SearchAction\",\"target\":{\"@type\":\"EntryPoint\",\"urlTemplate\":\"https:\\\/\\\/www.eldiario.net\\\/portal\\\/?s={search_term_string}\"},\"query-input\":{\"@type\":\"PropertyValueSpecification\",\"valueRequired\":true,\"valueName\":\"search_term_string\"}}],\"inLanguage\":\"es\"},{\"@type\":\"Organization\",\"@id\":\"https:\\\/\\\/www.eldiario.net\\\/portal\\\/#organization\",\"name\":\"El Diario - Decano de la prensa nacional\",\"url\":\"https:\\\/\\\/www.eldiario.net\\\/portal\\\/\",\"logo\":{\"@type\":\"ImageObject\",\"inLanguage\":\"es\",\"@id\":\"https:\\\/\\\/www.eldiario.net\\\/portal\\\/#\\\/schema\\\/logo\\\/image\\\/\",\"url\":\"https:\\\/\\\/www.eldiario.net\\\/portal\\\/wp-content\\\/uploads\\\/2023\\\/07\\\/logo_ED.jpg\",\"contentUrl\":\"https:\\\/\\\/www.eldiario.net\\\/portal\\\/wp-content\\\/uploads\\\/2023\\\/07\\\/logo_ED.jpg\",\"width\":272,\"height\":52,\"caption\":\"El Diario - Decano de la prensa nacional\"},\"image\":{\"@id\":\"https:\\\/\\\/www.eldiario.net\\\/portal\\\/#\\\/schema\\\/logo\\\/image\\\/\"},\"sameAs\":[\"https:\\\/\\\/www.facebook.com\\\/eldiario.bolivia\\\/\",\"https:\\\/\\\/x.com\\\/eldiario_net\"]},{\"@type\":\"Person\",\"@id\":\"https:\\\/\\\/www.eldiario.net\\\/portal\\\/#\\\/schema\\\/person\\\/32cc89e801dfcbad3a54f91da7f2ea06\",\"name\":\"Viviana Monrroy\",\"image\":{\"@type\":\"ImageObject\",\"inLanguage\":\"es\",\"@id\":\"https:\\\/\\\/secure.gravatar.com\\\/avatar\\\/dfd1611ed5600959a0e5a9754503b6c05d1dcf190010998e0363aee2ad98afca?s=96&d=mm&r=g\",\"url\":\"https:\\\/\\\/secure.gravatar.com\\\/avatar\\\/dfd1611ed5600959a0e5a9754503b6c05d1dcf190010998e0363aee2ad98afca?s=96&d=mm&r=g\",\"contentUrl\":\"https:\\\/\\\/secure.gravatar.com\\\/avatar\\\/dfd1611ed5600959a0e5a9754503b6c05d1dcf190010998e0363aee2ad98afca?s=96&d=mm&r=g\",\"caption\":\"Viviana Monrroy\"},\"sameAs\":[\"http:\\\/\\\/www.eldiario.net\"],\"url\":\"https:\\\/\\\/www.eldiario.net\\\/portal\\\/author\\\/vivianamonrroy\\\/\"}]}<\/script>\n<!-- \/ Yoast SEO plugin. -->","yoast_head_json":{"title":"Vuelven las clases presenciales en Challapata entre tensi\u00f3n y saqueos. (16:15) - El Diario - Bolivia","robots":{"index":"index","follow":"follow","max-snippet":"max-snippet:-1","max-image-preview":"max-image-preview:large","max-video-preview":"max-video-preview:-1"},"canonical":"https:\/\/www.eldiario.net\/portal\/2025\/06\/09\/vuelven-las-clases-presenciales-en-challapata-entre-tension-y-saqueos-1615\/","og_locale":"es_ES","og_type":"article","og_title":"Vuelven las clases presenciales en Challapata entre tensi\u00f3n y saqueos. (16:15) - El Diario - Bolivia","og_description":"Tras una reuni\u00f3n urgente entre autoridades educativas y juntas escolares del distrito de Challapata en el departamento de Oruro, se determin\u00f3 restablecer las clases presenciales a partir de este martes en casi todo el distrito, pese al clima de inseguridad, seg\u00fan reportes de medios locales. Las autoridades educativas aseguraron que pedir\u00e1n apoyo inmediato a la [&hellip;]","og_url":"https:\/\/www.eldiario.net\/portal\/2025\/06\/09\/vuelven-las-clases-presenciales-en-challapata-entre-tension-y-saqueos-1615\/","og_site_name":"El Diario - Bolivia","article_publisher":"https:\/\/www.facebook.com\/eldiario.bolivia\/","article_published_time":"2025-06-09T20:16:40+00:00","article_modified_time":"2025-06-09T20:18:43+00:00","og_image":[{"width":380,"height":224,"url":"https:\/\/www.eldiario.net\/portal\/wp-content\/uploads\/2025\/06\/challapata-2-e1749500084397.png","type":"image\/png"}],"author":"Viviana Monrroy","twitter_card":"summary_large_image","twitter_creator":"@eldiario_net","twitter_site":"@eldiario_net","twitter_misc":{"Escrito por":"Viviana Monrroy","Tiempo de lectura":"2 minutos"},"schema":{"@context":"https:\/\/schema.org","@graph":[{"@type":"Article","@id":"https:\/\/www.eldiario.net\/portal\/2025\/06\/09\/vuelven-las-clases-presenciales-en-challapata-entre-tension-y-saqueos-1615\/#article","isPartOf":{"@id":"https:\/\/www.eldiario.net\/portal\/2025\/06\/09\/vuelven-las-clases-presenciales-en-challapata-entre-tension-y-saqueos-1615\/"},"author":{"name":"Viviana Monrroy","@id":"https:\/\/www.eldiario.net\/portal\/#\/schema\/person\/32cc89e801dfcbad3a54f91da7f2ea06"},"headline":"Vuelven las clases presenciales en Challapata entre tensi\u00f3n y saqueos. (16:15)","datePublished":"2025-06-09T20:16:40+00:00","dateModified":"2025-06-09T20:18:43+00:00","mainEntityOfPage":{"@id":"https:\/\/www.eldiario.net\/portal\/2025\/06\/09\/vuelven-las-clases-presenciales-en-challapata-entre-tension-y-saqueos-1615\/"},"wordCount":272,"publisher":{"@id":"https:\/\/www.eldiario.net\/portal\/#organization"},"image":{"@id":"https:\/\/www.eldiario.net\/portal\/2025\/06\/09\/vuelven-las-clases-presenciales-en-challapata-entre-tension-y-saqueos-1615\/#primaryimage"},"thumbnailUrl":"https:\/\/www.eldiario.net\/portal\/wp-content\/uploads\/2025\/06\/challapata-2-e1749500084397.png","articleSection":["\u00daltima Hora"],"inLanguage":"es"},{"@type":"WebPage","@id":"https:\/\/www.eldiario.net\/portal\/2025\/06\/09\/vuelven-las-clases-presenciales-en-challapata-entre-tension-y-saqueos-1615\/","url":"https:\/\/www.eldiario.net\/portal\/2025\/06\/09\/vuelven-las-clases-presenciales-en-challapata-entre-tension-y-saqueos-1615\/","name":"Vuelven las clases presenciales en Challapata entre tensi\u00f3n y saqueos. (16:15) - El Diario - Bolivia","isPartOf":{"@id":"https:\/\/www.eldiario.net\/portal\/#website"},"primaryImageOfPage":{"@id":"https:\/\/www.eldiario.net\/portal\/2025\/06\/09\/vuelven-las-clases-presenciales-en-challapata-entre-tension-y-saqueos-1615\/#primaryimage"},"image":{"@id":"https:\/\/www.eldiario.net\/portal\/2025\/06\/09\/vuelven-las-clases-presenciales-en-challapata-entre-tension-y-saqueos-1615\/#primaryimage"},"thumbnailUrl":"https:\/\/www.eldiario.net\/portal\/wp-content\/uploads\/2025\/06\/challapata-2-e1749500084397.png","datePublished":"2025-06-09T20:16:40+00:00","dateModified":"2025-06-09T20:18:43+00:00","breadcrumb":{"@id":"https:\/\/www.eldiario.net\/portal\/2025\/06\/09\/vuelven-las-clases-presenciales-en-challapata-entre-tension-y-saqueos-1615\/#breadcrumb"},"inLanguage":"es","potentialAction":[{"@type":"ReadAction","target":["https:\/\/www.eldiario.net\/portal\/2025\/06\/09\/vuelven-las-clases-presenciales-en-challapata-entre-tension-y-saqueos-1615\/"]}]},{"@type":"ImageObject","inLanguage":"es","@id":"https:\/\/www.eldiario.net\/portal\/2025\/06\/09\/vuelven-las-clases-presenciales-en-challapata-entre-tension-y-saqueos-1615\/#primaryimage","url":"https:\/\/www.eldiario.net\/portal\/wp-content\/uploads\/2025\/06\/challapata-2-e1749500084397.png","contentUrl":"https:\/\/www.eldiario.net\/portal\/wp-content\/uploads\/2025\/06\/challapata-2-e1749500084397.png","width":380,"height":224,"caption":"Foto: RR.SS."},{"@type":"BreadcrumbList","@id":"https:\/\/www.eldiario.net\/portal\/2025\/06\/09\/vuelven-las-clases-presenciales-en-challapata-entre-tension-y-saqueos-1615\/#breadcrumb","itemListElement":[{"@type":"ListItem","position":1,"name":"Portada","item":"https:\/\/www.eldiario.net\/portal\/"},{"@type":"ListItem","position":2,"name":"Vuelven las clases presenciales en Challapata entre tensi\u00f3n y saqueos. (16:15)"}]},{"@type":"WebSite","@id":"https:\/\/www.eldiario.net\/portal\/#website","url":"https:\/\/www.eldiario.net\/portal\/","name":"El Diario - Decano de la prensa nacional","description":"El Diario - Decano de la prensa nacional","publisher":{"@id":"https:\/\/www.eldiario.net\/portal\/#organization"},"potentialAction":[{"@type":"SearchAction","target":{"@type":"EntryPoint","urlTemplate":"https:\/\/www.eldiario.net\/portal\/?s={search_term_string}"},"query-input":{"@type":"PropertyValueSpecification","valueRequired":true,"valueName":"search_term_string"}}],"inLanguage":"es"},{"@type":"Organization","@id":"https:\/\/www.eldiario.net\/portal\/#organization","name":"El Diario - Decano de la prensa nacional","url":"https:\/\/www.eldiario.net\/portal\/","logo":{"@type":"ImageObject","inLanguage":"es","@id":"https:\/\/www.eldiario.net\/portal\/#\/schema\/logo\/image\/","url":"https:\/\/www.eldiario.net\/portal\/wp-content\/uploads\/2023\/07\/logo_ED.jpg","contentUrl":"https:\/\/www.eldiario.net\/portal\/wp-content\/uploads\/2023\/07\/logo_ED.jpg","width":272,"height":52,"caption":"El Diario - Decano de la prensa nacional"},"image":{"@id":"https:\/\/www.eldiario.net\/portal\/#\/schema\/logo\/image\/"},"sameAs":["https:\/\/www.facebook.com\/eldiario.bolivia\/","https:\/\/x.com\/eldiario_net"]},{"@type":"Person","@id":"https:\/\/www.eldiario.net\/portal\/#\/schema\/person\/32cc89e801dfcbad3a54f91da7f2ea06","name":"Viviana Monrroy","image":{"@type":"ImageObject","inLanguage":"es","@id":"https:\/\/secure.gravatar.com\/avatar\/dfd1611ed5600959a0e5a9754503b6c05d1dcf190010998e0363aee2ad98afca?s=96&d=mm&r=g","url":"https:\/\/secure.gravatar.com\/avatar\/dfd1611ed5600959a0e5a9754503b6c05d1dcf190010998e0363aee2ad98afca?s=96&d=mm&r=g","contentUrl":"https:\/\/secure.gravatar.com\/avatar\/dfd1611ed5600959a0e5a9754503b6c05d1dcf190010998e0363aee2ad98afca?s=96&d=mm&r=g","caption":"Viviana Monrroy"},"sameAs":["http:\/\/www.eldiario.net"],"url":"https:\/\/www.eldiario.net\/portal\/author\/vivianamonrroy\/"}]}},"_links":{"self":[{"href":"https:\/\/www.eldiario.net\/portal\/wp-json\/wp\/v2\/posts\/308549","targetHints":{"allow":["GET"]}}],"collection":[{"href":"https:\/\/www.eldiario.net\/portal\/wp-json\/wp\/v2\/posts"}],"about":[{"href":"https:\/\/www.eldiario.net\/portal\/wp-json\/wp\/v2\/types\/post"}],"author":[{"embeddable":true,"href":"https:\/\/www.eldiario.net\/portal\/wp-json\/wp\/v2\/users\/7"}],"replies":[{"embeddable":true,"href":"https:\/\/www.eldiario.net\/portal\/wp-json\/wp\/v2\/comments?post=308549"}],"version-history":[{"count":3,"href":"https:\/\/www.eldiario.net\/portal\/wp-json\/wp\/v2\/posts\/308549\/revisions"}],"predecessor-version":[{"id":308554,"href":"https:\/\/www.eldiario.net\/portal\/wp-json\/wp\/v2\/posts\/308549\/revisions\/308554"}],"wp:featuredmedia":[{"embeddable":true,"href":"https:\/\/www.eldiario.net\/portal\/wp-json\/wp\/v2\/media\/308550"}],"wp:attachment":[{"href":"https:\/\/www.eldiario.net\/portal\/wp-json\/wp\/v2\/media?parent=308549"}],"wp:term":[{"taxonomy":"category","embeddable":true,"href":"https:\/\/www.eldiario.net\/portal\/wp-json\/wp\/v2\/categories?post=308549"},{"taxonomy":"post_tag","embeddable":true,"href":"https:\/\/www.eldiario.net\/portal\/wp-json\/wp\/v2\/tags?post=308549"}],"curies":[{"name":"wp","href":"https:\/\/api.w.org\/{rel}","templated":true}]}}