{"id":308545,"date":"2025-06-09T15:16:54","date_gmt":"2025-06-09T19:16:54","guid":{"rendered":"https:\/\/www.eldiario.net\/portal\/?p=308545"},"modified":"2025-06-09T15:16:54","modified_gmt":"2025-06-09T19:16:54","slug":"panificadores-advierten-escasez-de-pan-y-piden-soluciones-ante-los-bloqueos-1515","status":"publish","type":"post","link":"https:\/\/www.eldiario.net\/portal\/2025\/06\/09\/panificadores-advierten-escasez-de-pan-y-piden-soluciones-ante-los-bloqueos-1515\/","title":{"rendered":"Panificadores advierten escasez de pan y piden soluciones ante los bloqueos. (15:15)"},"content":{"rendered":"<p>El presidente de Confederaci\u00f3n Nacional de Panificadores Artesanos de Bolivia (CONAAPABOL), Rub\u00e9n R\u00edos, alert\u00f3 que los bloqueos est\u00e1n retrasando la llegada de harina a La Paz, principal insumo para la producci\u00f3n de pan. M\u00e1s de 20 camiones se encuentran varados, lo que pone en riesgo el abastecimiento de pan de batalla si la situaci\u00f3n persiste.<\/p>\n<p>Aunque otros insumos han llegado, la harina sigue retenida, por lo que los panificadores piden al Gobierno buscar rutas alternativas para garantizar el suministro. R\u00edos asegur\u00f3 que la producci\u00f3n contin\u00faa con las reservas actuales, pero solo alcanzar\u00e1 para esta semana.<\/p>\n<p>Los panificadores con subvenci\u00f3n mantienen el precio del pan en 0,50 centavos la unidad, pero los que no reciben este apoyo podr\u00edan ajustar sus precios seg\u00fan sus costos. CONAAPABOL insiste en levantar los bloqueos de origen pol\u00edtico para evitar el desabastecimiento.<\/p>\n","protected":false},"excerpt":{"rendered":"<p>El presidente de Confederaci\u00f3n Nacional de Panificadores Artesanos de Bolivia (CONAAPABOL), Rub\u00e9n R\u00edos, alert\u00f3 que los bloqueos est\u00e1n retrasando la llegada de harina a La Paz, principal insumo para la producci\u00f3n de pan. M\u00e1s de 20 camiones se encuentran varados, lo que pone en riesgo el abastecimiento de pan de batalla si la situaci\u00f3n persiste. [&hellip;]<\/p>\n","protected":false},"author":7,"featured_media":308546,"comment_status":"closed","ping_status":"open","sticky":false,"template":"","format":"standard","meta":{"_acf_changed":false,"footnotes":""},"categories":[51],"tags":[],"class_list":["post-308545","post","type-post","status-publish","format-standard","has-post-thumbnail","category-ultima-hora"],"acf":{"antetitulo":""},"yoast_head":"<!-- This site is optimized with the Yoast SEO plugin v28.4 - https:\/\/yoast.com\/product\/yoast-seo-wordpress\/ -->\n<title>Panificadores advierten escasez de pan y piden soluciones ante los bloqueos. (15:15) - El Diario - Bolivia<\/title>\n<meta name=\"robots\" content=\"index, follow, max-snippet:-1, max-image-preview:large, max-video-preview:-1\" \/>\n<link rel=\"canonical\" href=\"https:\/\/www.eldiario.net\/portal\/2025\/06\/09\/panificadores-advierten-escasez-de-pan-y-piden-soluciones-ante-los-bloqueos-1515\/\" \/>\n<meta property=\"og:locale\" content=\"es_ES\" \/>\n<meta property=\"og:type\" content=\"article\" \/>\n<meta property=\"og:title\" content=\"Panificadores advierten escasez de pan y piden soluciones ante los bloqueos. (15:15) - El Diario - Bolivia\" \/>\n<meta property=\"og:description\" content=\"El presidente de Confederaci\u00f3n Nacional de Panificadores Artesanos de Bolivia (CONAAPABOL), Rub\u00e9n R\u00edos, alert\u00f3 que los bloqueos est\u00e1n retrasando la llegada de harina a La Paz, principal insumo para la producci\u00f3n de pan. M\u00e1s de 20 camiones se encuentran varados, lo que pone en riesgo el abastecimiento de pan de batalla si la situaci\u00f3n persiste. [&hellip;]\" \/>\n<meta property=\"og:url\" content=\"https:\/\/www.eldiario.net\/portal\/2025\/06\/09\/panificadores-advierten-escasez-de-pan-y-piden-soluciones-ante-los-bloqueos-1515\/\" \/>\n<meta property=\"og:site_name\" content=\"El Diario - Bolivia\" \/>\n<meta property=\"article:publisher\" content=\"https:\/\/www.facebook.com\/eldiario.bolivia\/\" \/>\n<meta property=\"article:published_time\" content=\"2025-06-09T19:16:54+00:00\" \/>\n<meta property=\"og:image\" content=\"https:\/\/www.eldiario.net\/portal\/wp-content\/uploads\/2025\/06\/DSC_4527-scaled-e1749496590847.jpg\" \/>\n\t<meta property=\"og:image:width\" content=\"243\" \/>\n\t<meta property=\"og:image:height\" content=\"200\" \/>\n\t<meta property=\"og:image:type\" content=\"image\/jpeg\" \/>\n<meta name=\"author\" content=\"Viviana Monrroy\" \/>\n<meta name=\"twitter:card\" content=\"summary_large_image\" \/>\n<meta name=\"twitter:creator\" content=\"@eldiario_net\" \/>\n<meta name=\"twitter:site\" content=\"@eldiario_net\" \/>\n<meta name=\"twitter:label1\" content=\"Escrito por\" \/>\n\t<meta name=\"twitter:data1\" content=\"Viviana Monrroy\" \/>\n\t<meta name=\"twitter:label2\" content=\"Tiempo de lectura\" \/>\n\t<meta name=\"twitter:data2\" content=\"1 minuto\" \/>\n<script type=\"application\/ld+json\" class=\"yoast-schema-graph\">{\"@context\":\"https:\\\/\\\/schema.org\",\"@graph\":[{\"@type\":\"Article\",\"@id\":\"https:\\\/\\\/www.eldiario.net\\\/portal\\\/2025\\\/06\\\/09\\\/panificadores-advierten-escasez-de-pan-y-piden-soluciones-ante-los-bloqueos-1515\\\/#article\",\"isPartOf\":{\"@id\":\"https:\\\/\\\/www.eldiario.net\\\/portal\\\/2025\\\/06\\\/09\\\/panificadores-advierten-escasez-de-pan-y-piden-soluciones-ante-los-bloqueos-1515\\\/\"},\"author\":{\"name\":\"Viviana Monrroy\",\"@id\":\"https:\\\/\\\/www.eldiario.net\\\/portal\\\/#\\\/schema\\\/person\\\/32cc89e801dfcbad3a54f91da7f2ea06\"},\"headline\":\"Panificadores advierten escasez de pan y piden soluciones ante los bloqueos. (15:15)\",\"datePublished\":\"2025-06-09T19:16:54+00:00\",\"mainEntityOfPage\":{\"@id\":\"https:\\\/\\\/www.eldiario.net\\\/portal\\\/2025\\\/06\\\/09\\\/panificadores-advierten-escasez-de-pan-y-piden-soluciones-ante-los-bloqueos-1515\\\/\"},\"wordCount\":159,\"publisher\":{\"@id\":\"https:\\\/\\\/www.eldiario.net\\\/portal\\\/#organization\"},\"image\":{\"@id\":\"https:\\\/\\\/www.eldiario.net\\\/portal\\\/2025\\\/06\\\/09\\\/panificadores-advierten-escasez-de-pan-y-piden-soluciones-ante-los-bloqueos-1515\\\/#primaryimage\"},\"thumbnailUrl\":\"https:\\\/\\\/www.eldiario.net\\\/portal\\\/wp-content\\\/uploads\\\/2025\\\/06\\\/DSC_4527-scaled-e1749496590847.jpg\",\"articleSection\":[\"\u00daltima Hora\"],\"inLanguage\":\"es\"},{\"@type\":\"WebPage\",\"@id\":\"https:\\\/\\\/www.eldiario.net\\\/portal\\\/2025\\\/06\\\/09\\\/panificadores-advierten-escasez-de-pan-y-piden-soluciones-ante-los-bloqueos-1515\\\/\",\"url\":\"https:\\\/\\\/www.eldiario.net\\\/portal\\\/2025\\\/06\\\/09\\\/panificadores-advierten-escasez-de-pan-y-piden-soluciones-ante-los-bloqueos-1515\\\/\",\"name\":\"Panificadores advierten escasez de pan y piden soluciones ante los bloqueos. (15:15) - El Diario - Bolivia\",\"isPartOf\":{\"@id\":\"https:\\\/\\\/www.eldiario.net\\\/portal\\\/#website\"},\"primaryImageOfPage\":{\"@id\":\"https:\\\/\\\/www.eldiario.net\\\/portal\\\/2025\\\/06\\\/09\\\/panificadores-advierten-escasez-de-pan-y-piden-soluciones-ante-los-bloqueos-1515\\\/#primaryimage\"},\"image\":{\"@id\":\"https:\\\/\\\/www.eldiario.net\\\/portal\\\/2025\\\/06\\\/09\\\/panificadores-advierten-escasez-de-pan-y-piden-soluciones-ante-los-bloqueos-1515\\\/#primaryimage\"},\"thumbnailUrl\":\"https:\\\/\\\/www.eldiario.net\\\/portal\\\/wp-content\\\/uploads\\\/2025\\\/06\\\/DSC_4527-scaled-e1749496590847.jpg\",\"datePublished\":\"2025-06-09T19:16:54+00:00\",\"breadcrumb\":{\"@id\":\"https:\\\/\\\/www.eldiario.net\\\/portal\\\/2025\\\/06\\\/09\\\/panificadores-advierten-escasez-de-pan-y-piden-soluciones-ante-los-bloqueos-1515\\\/#breadcrumb\"},\"inLanguage\":\"es\",\"potentialAction\":[{\"@type\":\"ReadAction\",\"target\":[\"https:\\\/\\\/www.eldiario.net\\\/portal\\\/2025\\\/06\\\/09\\\/panificadores-advierten-escasez-de-pan-y-piden-soluciones-ante-los-bloqueos-1515\\\/\"]}]},{\"@type\":\"ImageObject\",\"inLanguage\":\"es\",\"@id\":\"https:\\\/\\\/www.eldiario.net\\\/portal\\\/2025\\\/06\\\/09\\\/panificadores-advierten-escasez-de-pan-y-piden-soluciones-ante-los-bloqueos-1515\\\/#primaryimage\",\"url\":\"https:\\\/\\\/www.eldiario.net\\\/portal\\\/wp-content\\\/uploads\\\/2025\\\/06\\\/DSC_4527-scaled-e1749496590847.jpg\",\"contentUrl\":\"https:\\\/\\\/www.eldiario.net\\\/portal\\\/wp-content\\\/uploads\\\/2025\\\/06\\\/DSC_4527-scaled-e1749496590847.jpg\",\"width\":243,\"height\":200,\"caption\":\"Foto: El Diario\"},{\"@type\":\"BreadcrumbList\",\"@id\":\"https:\\\/\\\/www.eldiario.net\\\/portal\\\/2025\\\/06\\\/09\\\/panificadores-advierten-escasez-de-pan-y-piden-soluciones-ante-los-bloqueos-1515\\\/#breadcrumb\",\"itemListElement\":[{\"@type\":\"ListItem\",\"position\":1,\"name\":\"Portada\",\"item\":\"https:\\\/\\\/www.eldiario.net\\\/portal\\\/\"},{\"@type\":\"ListItem\",\"position\":2,\"name\":\"Panificadores advierten escasez de pan y piden soluciones ante los bloqueos. (15:15)\"}]},{\"@type\":\"WebSite\",\"@id\":\"https:\\\/\\\/www.eldiario.net\\\/portal\\\/#website\",\"url\":\"https:\\\/\\\/www.eldiario.net\\\/portal\\\/\",\"name\":\"El Diario - Decano de la prensa nacional\",\"description\":\"El Diario - Decano de la prensa nacional\",\"publisher\":{\"@id\":\"https:\\\/\\\/www.eldiario.net\\\/portal\\\/#organization\"},\"potentialAction\":[{\"@type\":\"SearchAction\",\"target\":{\"@type\":\"EntryPoint\",\"urlTemplate\":\"https:\\\/\\\/www.eldiario.net\\\/portal\\\/?s={search_term_string}\"},\"query-input\":{\"@type\":\"PropertyValueSpecification\",\"valueRequired\":true,\"valueName\":\"search_term_string\"}}],\"inLanguage\":\"es\"},{\"@type\":\"Organization\",\"@id\":\"https:\\\/\\\/www.eldiario.net\\\/portal\\\/#organization\",\"name\":\"El Diario - Decano de la prensa nacional\",\"url\":\"https:\\\/\\\/www.eldiario.net\\\/portal\\\/\",\"logo\":{\"@type\":\"ImageObject\",\"inLanguage\":\"es\",\"@id\":\"https:\\\/\\\/www.eldiario.net\\\/portal\\\/#\\\/schema\\\/logo\\\/image\\\/\",\"url\":\"https:\\\/\\\/www.eldiario.net\\\/portal\\\/wp-content\\\/uploads\\\/2023\\\/07\\\/logo_ED.jpg\",\"contentUrl\":\"https:\\\/\\\/www.eldiario.net\\\/portal\\\/wp-content\\\/uploads\\\/2023\\\/07\\\/logo_ED.jpg\",\"width\":272,\"height\":52,\"caption\":\"El Diario - Decano de la prensa nacional\"},\"image\":{\"@id\":\"https:\\\/\\\/www.eldiario.net\\\/portal\\\/#\\\/schema\\\/logo\\\/image\\\/\"},\"sameAs\":[\"https:\\\/\\\/www.facebook.com\\\/eldiario.bolivia\\\/\",\"https:\\\/\\\/x.com\\\/eldiario_net\"]},{\"@type\":\"Person\",\"@id\":\"https:\\\/\\\/www.eldiario.net\\\/portal\\\/#\\\/schema\\\/person\\\/32cc89e801dfcbad3a54f91da7f2ea06\",\"name\":\"Viviana Monrroy\",\"image\":{\"@type\":\"ImageObject\",\"inLanguage\":\"es\",\"@id\":\"https:\\\/\\\/secure.gravatar.com\\\/avatar\\\/dfd1611ed5600959a0e5a9754503b6c05d1dcf190010998e0363aee2ad98afca?s=96&d=mm&r=g\",\"url\":\"https:\\\/\\\/secure.gravatar.com\\\/avatar\\\/dfd1611ed5600959a0e5a9754503b6c05d1dcf190010998e0363aee2ad98afca?s=96&d=mm&r=g\",\"contentUrl\":\"https:\\\/\\\/secure.gravatar.com\\\/avatar\\\/dfd1611ed5600959a0e5a9754503b6c05d1dcf190010998e0363aee2ad98afca?s=96&d=mm&r=g\",\"caption\":\"Viviana Monrroy\"},\"sameAs\":[\"http:\\\/\\\/www.eldiario.net\"],\"url\":\"https:\\\/\\\/www.eldiario.net\\\/portal\\\/author\\\/vivianamonrroy\\\/\"}]}<\/script>\n<!-- \/ Yoast SEO plugin. -->","yoast_head_json":{"title":"Panificadores advierten escasez de pan y piden soluciones ante los bloqueos. (15:15) - El Diario - Bolivia","robots":{"index":"index","follow":"follow","max-snippet":"max-snippet:-1","max-image-preview":"max-image-preview:large","max-video-preview":"max-video-preview:-1"},"canonical":"https:\/\/www.eldiario.net\/portal\/2025\/06\/09\/panificadores-advierten-escasez-de-pan-y-piden-soluciones-ante-los-bloqueos-1515\/","og_locale":"es_ES","og_type":"article","og_title":"Panificadores advierten escasez de pan y piden soluciones ante los bloqueos. (15:15) - El Diario - Bolivia","og_description":"El presidente de Confederaci\u00f3n Nacional de Panificadores Artesanos de Bolivia (CONAAPABOL), Rub\u00e9n R\u00edos, alert\u00f3 que los bloqueos est\u00e1n retrasando la llegada de harina a La Paz, principal insumo para la producci\u00f3n de pan. M\u00e1s de 20 camiones se encuentran varados, lo que pone en riesgo el abastecimiento de pan de batalla si la situaci\u00f3n persiste. [&hellip;]","og_url":"https:\/\/www.eldiario.net\/portal\/2025\/06\/09\/panificadores-advierten-escasez-de-pan-y-piden-soluciones-ante-los-bloqueos-1515\/","og_site_name":"El Diario - Bolivia","article_publisher":"https:\/\/www.facebook.com\/eldiario.bolivia\/","article_published_time":"2025-06-09T19:16:54+00:00","og_image":[{"width":243,"height":200,"url":"https:\/\/www.eldiario.net\/portal\/wp-content\/uploads\/2025\/06\/DSC_4527-scaled-e1749496590847.jpg","type":"image\/jpeg"}],"author":"Viviana Monrroy","twitter_card":"summary_large_image","twitter_creator":"@eldiario_net","twitter_site":"@eldiario_net","twitter_misc":{"Escrito por":"Viviana Monrroy","Tiempo de lectura":"1 minuto"},"schema":{"@context":"https:\/\/schema.org","@graph":[{"@type":"Article","@id":"https:\/\/www.eldiario.net\/portal\/2025\/06\/09\/panificadores-advierten-escasez-de-pan-y-piden-soluciones-ante-los-bloqueos-1515\/#article","isPartOf":{"@id":"https:\/\/www.eldiario.net\/portal\/2025\/06\/09\/panificadores-advierten-escasez-de-pan-y-piden-soluciones-ante-los-bloqueos-1515\/"},"author":{"name":"Viviana Monrroy","@id":"https:\/\/www.eldiario.net\/portal\/#\/schema\/person\/32cc89e801dfcbad3a54f91da7f2ea06"},"headline":"Panificadores advierten escasez de pan y piden soluciones ante los bloqueos. (15:15)","datePublished":"2025-06-09T19:16:54+00:00","mainEntityOfPage":{"@id":"https:\/\/www.eldiario.net\/portal\/2025\/06\/09\/panificadores-advierten-escasez-de-pan-y-piden-soluciones-ante-los-bloqueos-1515\/"},"wordCount":159,"publisher":{"@id":"https:\/\/www.eldiario.net\/portal\/#organization"},"image":{"@id":"https:\/\/www.eldiario.net\/portal\/2025\/06\/09\/panificadores-advierten-escasez-de-pan-y-piden-soluciones-ante-los-bloqueos-1515\/#primaryimage"},"thumbnailUrl":"https:\/\/www.eldiario.net\/portal\/wp-content\/uploads\/2025\/06\/DSC_4527-scaled-e1749496590847.jpg","articleSection":["\u00daltima Hora"],"inLanguage":"es"},{"@type":"WebPage","@id":"https:\/\/www.eldiario.net\/portal\/2025\/06\/09\/panificadores-advierten-escasez-de-pan-y-piden-soluciones-ante-los-bloqueos-1515\/","url":"https:\/\/www.eldiario.net\/portal\/2025\/06\/09\/panificadores-advierten-escasez-de-pan-y-piden-soluciones-ante-los-bloqueos-1515\/","name":"Panificadores advierten escasez de pan y piden soluciones ante los bloqueos. (15:15) - El Diario - Bolivia","isPartOf":{"@id":"https:\/\/www.eldiario.net\/portal\/#website"},"primaryImageOfPage":{"@id":"https:\/\/www.eldiario.net\/portal\/2025\/06\/09\/panificadores-advierten-escasez-de-pan-y-piden-soluciones-ante-los-bloqueos-1515\/#primaryimage"},"image":{"@id":"https:\/\/www.eldiario.net\/portal\/2025\/06\/09\/panificadores-advierten-escasez-de-pan-y-piden-soluciones-ante-los-bloqueos-1515\/#primaryimage"},"thumbnailUrl":"https:\/\/www.eldiario.net\/portal\/wp-content\/uploads\/2025\/06\/DSC_4527-scaled-e1749496590847.jpg","datePublished":"2025-06-09T19:16:54+00:00","breadcrumb":{"@id":"https:\/\/www.eldiario.net\/portal\/2025\/06\/09\/panificadores-advierten-escasez-de-pan-y-piden-soluciones-ante-los-bloqueos-1515\/#breadcrumb"},"inLanguage":"es","potentialAction":[{"@type":"ReadAction","target":["https:\/\/www.eldiario.net\/portal\/2025\/06\/09\/panificadores-advierten-escasez-de-pan-y-piden-soluciones-ante-los-bloqueos-1515\/"]}]},{"@type":"ImageObject","inLanguage":"es","@id":"https:\/\/www.eldiario.net\/portal\/2025\/06\/09\/panificadores-advierten-escasez-de-pan-y-piden-soluciones-ante-los-bloqueos-1515\/#primaryimage","url":"https:\/\/www.eldiario.net\/portal\/wp-content\/uploads\/2025\/06\/DSC_4527-scaled-e1749496590847.jpg","contentUrl":"https:\/\/www.eldiario.net\/portal\/wp-content\/uploads\/2025\/06\/DSC_4527-scaled-e1749496590847.jpg","width":243,"height":200,"caption":"Foto: El Diario"},{"@type":"BreadcrumbList","@id":"https:\/\/www.eldiario.net\/portal\/2025\/06\/09\/panificadores-advierten-escasez-de-pan-y-piden-soluciones-ante-los-bloqueos-1515\/#breadcrumb","itemListElement":[{"@type":"ListItem","position":1,"name":"Portada","item":"https:\/\/www.eldiario.net\/portal\/"},{"@type":"ListItem","position":2,"name":"Panificadores advierten escasez de pan y piden soluciones ante los bloqueos. (15:15)"}]},{"@type":"WebSite","@id":"https:\/\/www.eldiario.net\/portal\/#website","url":"https:\/\/www.eldiario.net\/portal\/","name":"El Diario - Decano de la prensa nacional","description":"El Diario - Decano de la prensa nacional","publisher":{"@id":"https:\/\/www.eldiario.net\/portal\/#organization"},"potentialAction":[{"@type":"SearchAction","target":{"@type":"EntryPoint","urlTemplate":"https:\/\/www.eldiario.net\/portal\/?s={search_term_string}"},"query-input":{"@type":"PropertyValueSpecification","valueRequired":true,"valueName":"search_term_string"}}],"inLanguage":"es"},{"@type":"Organization","@id":"https:\/\/www.eldiario.net\/portal\/#organization","name":"El Diario - Decano de la prensa nacional","url":"https:\/\/www.eldiario.net\/portal\/","logo":{"@type":"ImageObject","inLanguage":"es","@id":"https:\/\/www.eldiario.net\/portal\/#\/schema\/logo\/image\/","url":"https:\/\/www.eldiario.net\/portal\/wp-content\/uploads\/2023\/07\/logo_ED.jpg","contentUrl":"https:\/\/www.eldiario.net\/portal\/wp-content\/uploads\/2023\/07\/logo_ED.jpg","width":272,"height":52,"caption":"El Diario - Decano de la prensa nacional"},"image":{"@id":"https:\/\/www.eldiario.net\/portal\/#\/schema\/logo\/image\/"},"sameAs":["https:\/\/www.facebook.com\/eldiario.bolivia\/","https:\/\/x.com\/eldiario_net"]},{"@type":"Person","@id":"https:\/\/www.eldiario.net\/portal\/#\/schema\/person\/32cc89e801dfcbad3a54f91da7f2ea06","name":"Viviana Monrroy","image":{"@type":"ImageObject","inLanguage":"es","@id":"https:\/\/secure.gravatar.com\/avatar\/dfd1611ed5600959a0e5a9754503b6c05d1dcf190010998e0363aee2ad98afca?s=96&d=mm&r=g","url":"https:\/\/secure.gravatar.com\/avatar\/dfd1611ed5600959a0e5a9754503b6c05d1dcf190010998e0363aee2ad98afca?s=96&d=mm&r=g","contentUrl":"https:\/\/secure.gravatar.com\/avatar\/dfd1611ed5600959a0e5a9754503b6c05d1dcf190010998e0363aee2ad98afca?s=96&d=mm&r=g","caption":"Viviana Monrroy"},"sameAs":["http:\/\/www.eldiario.net"],"url":"https:\/\/www.eldiario.net\/portal\/author\/vivianamonrroy\/"}]}},"_links":{"self":[{"href":"https:\/\/www.eldiario.net\/portal\/wp-json\/wp\/v2\/posts\/308545","targetHints":{"allow":["GET"]}}],"collection":[{"href":"https:\/\/www.eldiario.net\/portal\/wp-json\/wp\/v2\/posts"}],"about":[{"href":"https:\/\/www.eldiario.net\/portal\/wp-json\/wp\/v2\/types\/post"}],"author":[{"embeddable":true,"href":"https:\/\/www.eldiario.net\/portal\/wp-json\/wp\/v2\/users\/7"}],"replies":[{"embeddable":true,"href":"https:\/\/www.eldiario.net\/portal\/wp-json\/wp\/v2\/comments?post=308545"}],"version-history":[{"count":1,"href":"https:\/\/www.eldiario.net\/portal\/wp-json\/wp\/v2\/posts\/308545\/revisions"}],"predecessor-version":[{"id":308547,"href":"https:\/\/www.eldiario.net\/portal\/wp-json\/wp\/v2\/posts\/308545\/revisions\/308547"}],"wp:featuredmedia":[{"embeddable":true,"href":"https:\/\/www.eldiario.net\/portal\/wp-json\/wp\/v2\/media\/308546"}],"wp:attachment":[{"href":"https:\/\/www.eldiario.net\/portal\/wp-json\/wp\/v2\/media?parent=308545"}],"wp:term":[{"taxonomy":"category","embeddable":true,"href":"https:\/\/www.eldiario.net\/portal\/wp-json\/wp\/v2\/categories?post=308545"},{"taxonomy":"post_tag","embeddable":true,"href":"https:\/\/www.eldiario.net\/portal\/wp-json\/wp\/v2\/tags?post=308545"}],"curies":[{"name":"wp","href":"https:\/\/api.w.org\/{rel}","templated":true}]}}