{"id":308541,"date":"2025-06-09T14:46:13","date_gmt":"2025-06-09T18:46:13","guid":{"rendered":"https:\/\/www.eldiario.net\/portal\/?p=308541"},"modified":"2025-06-09T14:46:13","modified_gmt":"2025-06-09T18:46:13","slug":"santa-cruz-brote-de-sarampion-tras-la-confirmacion-de-siete-casos-1445","status":"publish","type":"post","link":"https:\/\/www.eldiario.net\/portal\/2025\/06\/09\/santa-cruz-brote-de-sarampion-tras-la-confirmacion-de-siete-casos-1445\/","title":{"rendered":"Santa Cruz: Brote de sarampi\u00f3n tras la confirmaci\u00f3n de siete casos. (14:45)"},"content":{"rendered":"<p>El Servicio Departamental de Salud (SEDES) Santa Cruz confirm\u00f3 siete casos de sarampi\u00f3n, por lo que sigue vigente la alerta roja sanitaria en todo el departamento. Cuatro nuevos contagios se sumaron esta semana, incluyendo menores sin antecedentes de viaje ni vacunaci\u00f3n, lo que evidencia circulaci\u00f3n activa del virus especialmente en Porongo, Santa Cruz de la Sierra y San Miguel de Velasco.<\/p>\n<p>Las autoridades intensificaron acciones de control, incluyendo visitas domiciliarias, seguimiento cl\u00ednico y coordinaci\u00f3n con redes de salud y eventos masivos. El SEDES insta a la poblaci\u00f3n a vacunar a los ni\u00f1os y acudir de inmediato al centro de salud ante s\u00edntomas como fiebre, erupciones o conjuntivitis.<\/p>\n","protected":false},"excerpt":{"rendered":"<p>El Servicio Departamental de Salud (SEDES) Santa Cruz confirm\u00f3 siete casos de sarampi\u00f3n, por lo que sigue vigente la alerta roja sanitaria en todo el departamento. Cuatro nuevos contagios se sumaron esta semana, incluyendo menores sin antecedentes de viaje ni vacunaci\u00f3n, lo que evidencia circulaci\u00f3n activa del virus especialmente en Porongo, Santa Cruz de la [&hellip;]<\/p>\n","protected":false},"author":7,"featured_media":308542,"comment_status":"closed","ping_status":"open","sticky":false,"template":"","format":"standard","meta":{"_acf_changed":false,"footnotes":""},"categories":[51],"tags":[],"class_list":["post-308541","post","type-post","status-publish","format-standard","has-post-thumbnail","category-ultima-hora"],"acf":{"antetitulo":""},"yoast_head":"<!-- This site is optimized with the Yoast SEO plugin v28.4 - https:\/\/yoast.com\/product\/yoast-seo-wordpress\/ -->\n<title>Santa Cruz: Brote de sarampi\u00f3n tras la confirmaci\u00f3n de siete casos. (14:45) - El Diario - Bolivia<\/title>\n<meta name=\"robots\" content=\"index, follow, max-snippet:-1, max-image-preview:large, max-video-preview:-1\" \/>\n<link rel=\"canonical\" href=\"https:\/\/www.eldiario.net\/portal\/2025\/06\/09\/santa-cruz-brote-de-sarampion-tras-la-confirmacion-de-siete-casos-1445\/\" \/>\n<meta property=\"og:locale\" content=\"es_ES\" \/>\n<meta property=\"og:type\" content=\"article\" \/>\n<meta property=\"og:title\" content=\"Santa Cruz: Brote de sarampi\u00f3n tras la confirmaci\u00f3n de siete casos. (14:45) - El Diario - Bolivia\" \/>\n<meta property=\"og:description\" content=\"El Servicio Departamental de Salud (SEDES) Santa Cruz confirm\u00f3 siete casos de sarampi\u00f3n, por lo que sigue vigente la alerta roja sanitaria en todo el departamento. Cuatro nuevos contagios se sumaron esta semana, incluyendo menores sin antecedentes de viaje ni vacunaci\u00f3n, lo que evidencia circulaci\u00f3n activa del virus especialmente en Porongo, Santa Cruz de la [&hellip;]\" \/>\n<meta property=\"og:url\" content=\"https:\/\/www.eldiario.net\/portal\/2025\/06\/09\/santa-cruz-brote-de-sarampion-tras-la-confirmacion-de-siete-casos-1445\/\" \/>\n<meta property=\"og:site_name\" content=\"El Diario - Bolivia\" \/>\n<meta property=\"article:publisher\" content=\"https:\/\/www.facebook.com\/eldiario.bolivia\/\" \/>\n<meta property=\"article:published_time\" content=\"2025-06-09T18:46:13+00:00\" \/>\n<meta property=\"og:image\" content=\"https:\/\/www.eldiario.net\/portal\/wp-content\/uploads\/2025\/06\/sarampion-2-e1749494749829.jpg\" \/>\n\t<meta property=\"og:image:width\" content=\"300\" \/>\n\t<meta property=\"og:image:height\" content=\"200\" \/>\n\t<meta property=\"og:image:type\" content=\"image\/jpeg\" \/>\n<meta name=\"author\" content=\"Viviana Monrroy\" \/>\n<meta name=\"twitter:card\" content=\"summary_large_image\" \/>\n<meta name=\"twitter:creator\" content=\"@eldiario_net\" \/>\n<meta name=\"twitter:site\" content=\"@eldiario_net\" \/>\n<meta name=\"twitter:label1\" content=\"Escrito por\" \/>\n\t<meta name=\"twitter:data1\" content=\"Viviana Monrroy\" \/>\n\t<meta name=\"twitter:label2\" content=\"Tiempo de lectura\" \/>\n\t<meta name=\"twitter:data2\" content=\"1 minuto\" \/>\n<script type=\"application\/ld+json\" class=\"yoast-schema-graph\">{\"@context\":\"https:\\\/\\\/schema.org\",\"@graph\":[{\"@type\":\"Article\",\"@id\":\"https:\\\/\\\/www.eldiario.net\\\/portal\\\/2025\\\/06\\\/09\\\/santa-cruz-brote-de-sarampion-tras-la-confirmacion-de-siete-casos-1445\\\/#article\",\"isPartOf\":{\"@id\":\"https:\\\/\\\/www.eldiario.net\\\/portal\\\/2025\\\/06\\\/09\\\/santa-cruz-brote-de-sarampion-tras-la-confirmacion-de-siete-casos-1445\\\/\"},\"author\":{\"name\":\"Viviana Monrroy\",\"@id\":\"https:\\\/\\\/www.eldiario.net\\\/portal\\\/#\\\/schema\\\/person\\\/32cc89e801dfcbad3a54f91da7f2ea06\"},\"headline\":\"Santa Cruz: Brote de sarampi\u00f3n tras la confirmaci\u00f3n de siete casos. (14:45)\",\"datePublished\":\"2025-06-09T18:46:13+00:00\",\"mainEntityOfPage\":{\"@id\":\"https:\\\/\\\/www.eldiario.net\\\/portal\\\/2025\\\/06\\\/09\\\/santa-cruz-brote-de-sarampion-tras-la-confirmacion-de-siete-casos-1445\\\/\"},\"wordCount\":128,\"publisher\":{\"@id\":\"https:\\\/\\\/www.eldiario.net\\\/portal\\\/#organization\"},\"image\":{\"@id\":\"https:\\\/\\\/www.eldiario.net\\\/portal\\\/2025\\\/06\\\/09\\\/santa-cruz-brote-de-sarampion-tras-la-confirmacion-de-siete-casos-1445\\\/#primaryimage\"},\"thumbnailUrl\":\"https:\\\/\\\/www.eldiario.net\\\/portal\\\/wp-content\\\/uploads\\\/2025\\\/06\\\/sarampion-2-e1749494749829.jpg\",\"articleSection\":[\"\u00daltima Hora\"],\"inLanguage\":\"es\"},{\"@type\":\"WebPage\",\"@id\":\"https:\\\/\\\/www.eldiario.net\\\/portal\\\/2025\\\/06\\\/09\\\/santa-cruz-brote-de-sarampion-tras-la-confirmacion-de-siete-casos-1445\\\/\",\"url\":\"https:\\\/\\\/www.eldiario.net\\\/portal\\\/2025\\\/06\\\/09\\\/santa-cruz-brote-de-sarampion-tras-la-confirmacion-de-siete-casos-1445\\\/\",\"name\":\"Santa Cruz: Brote de sarampi\u00f3n tras la confirmaci\u00f3n de siete casos. (14:45) - El Diario - Bolivia\",\"isPartOf\":{\"@id\":\"https:\\\/\\\/www.eldiario.net\\\/portal\\\/#website\"},\"primaryImageOfPage\":{\"@id\":\"https:\\\/\\\/www.eldiario.net\\\/portal\\\/2025\\\/06\\\/09\\\/santa-cruz-brote-de-sarampion-tras-la-confirmacion-de-siete-casos-1445\\\/#primaryimage\"},\"image\":{\"@id\":\"https:\\\/\\\/www.eldiario.net\\\/portal\\\/2025\\\/06\\\/09\\\/santa-cruz-brote-de-sarampion-tras-la-confirmacion-de-siete-casos-1445\\\/#primaryimage\"},\"thumbnailUrl\":\"https:\\\/\\\/www.eldiario.net\\\/portal\\\/wp-content\\\/uploads\\\/2025\\\/06\\\/sarampion-2-e1749494749829.jpg\",\"datePublished\":\"2025-06-09T18:46:13+00:00\",\"breadcrumb\":{\"@id\":\"https:\\\/\\\/www.eldiario.net\\\/portal\\\/2025\\\/06\\\/09\\\/santa-cruz-brote-de-sarampion-tras-la-confirmacion-de-siete-casos-1445\\\/#breadcrumb\"},\"inLanguage\":\"es\",\"potentialAction\":[{\"@type\":\"ReadAction\",\"target\":[\"https:\\\/\\\/www.eldiario.net\\\/portal\\\/2025\\\/06\\\/09\\\/santa-cruz-brote-de-sarampion-tras-la-confirmacion-de-siete-casos-1445\\\/\"]}]},{\"@type\":\"ImageObject\",\"inLanguage\":\"es\",\"@id\":\"https:\\\/\\\/www.eldiario.net\\\/portal\\\/2025\\\/06\\\/09\\\/santa-cruz-brote-de-sarampion-tras-la-confirmacion-de-siete-casos-1445\\\/#primaryimage\",\"url\":\"https:\\\/\\\/www.eldiario.net\\\/portal\\\/wp-content\\\/uploads\\\/2025\\\/06\\\/sarampion-2-e1749494749829.jpg\",\"contentUrl\":\"https:\\\/\\\/www.eldiario.net\\\/portal\\\/wp-content\\\/uploads\\\/2025\\\/06\\\/sarampion-2-e1749494749829.jpg\",\"width\":300,\"height\":200,\"caption\":\"Foto: RR.SS.\"},{\"@type\":\"BreadcrumbList\",\"@id\":\"https:\\\/\\\/www.eldiario.net\\\/portal\\\/2025\\\/06\\\/09\\\/santa-cruz-brote-de-sarampion-tras-la-confirmacion-de-siete-casos-1445\\\/#breadcrumb\",\"itemListElement\":[{\"@type\":\"ListItem\",\"position\":1,\"name\":\"Portada\",\"item\":\"https:\\\/\\\/www.eldiario.net\\\/portal\\\/\"},{\"@type\":\"ListItem\",\"position\":2,\"name\":\"Santa Cruz: Brote de sarampi\u00f3n tras la confirmaci\u00f3n de siete casos. (14:45)\"}]},{\"@type\":\"WebSite\",\"@id\":\"https:\\\/\\\/www.eldiario.net\\\/portal\\\/#website\",\"url\":\"https:\\\/\\\/www.eldiario.net\\\/portal\\\/\",\"name\":\"El Diario - Decano de la prensa nacional\",\"description\":\"El Diario - Decano de la prensa nacional\",\"publisher\":{\"@id\":\"https:\\\/\\\/www.eldiario.net\\\/portal\\\/#organization\"},\"potentialAction\":[{\"@type\":\"SearchAction\",\"target\":{\"@type\":\"EntryPoint\",\"urlTemplate\":\"https:\\\/\\\/www.eldiario.net\\\/portal\\\/?s={search_term_string}\"},\"query-input\":{\"@type\":\"PropertyValueSpecification\",\"valueRequired\":true,\"valueName\":\"search_term_string\"}}],\"inLanguage\":\"es\"},{\"@type\":\"Organization\",\"@id\":\"https:\\\/\\\/www.eldiario.net\\\/portal\\\/#organization\",\"name\":\"El Diario - Decano de la prensa nacional\",\"url\":\"https:\\\/\\\/www.eldiario.net\\\/portal\\\/\",\"logo\":{\"@type\":\"ImageObject\",\"inLanguage\":\"es\",\"@id\":\"https:\\\/\\\/www.eldiario.net\\\/portal\\\/#\\\/schema\\\/logo\\\/image\\\/\",\"url\":\"https:\\\/\\\/www.eldiario.net\\\/portal\\\/wp-content\\\/uploads\\\/2023\\\/07\\\/logo_ED.jpg\",\"contentUrl\":\"https:\\\/\\\/www.eldiario.net\\\/portal\\\/wp-content\\\/uploads\\\/2023\\\/07\\\/logo_ED.jpg\",\"width\":272,\"height\":52,\"caption\":\"El Diario - Decano de la prensa nacional\"},\"image\":{\"@id\":\"https:\\\/\\\/www.eldiario.net\\\/portal\\\/#\\\/schema\\\/logo\\\/image\\\/\"},\"sameAs\":[\"https:\\\/\\\/www.facebook.com\\\/eldiario.bolivia\\\/\",\"https:\\\/\\\/x.com\\\/eldiario_net\"]},{\"@type\":\"Person\",\"@id\":\"https:\\\/\\\/www.eldiario.net\\\/portal\\\/#\\\/schema\\\/person\\\/32cc89e801dfcbad3a54f91da7f2ea06\",\"name\":\"Viviana Monrroy\",\"image\":{\"@type\":\"ImageObject\",\"inLanguage\":\"es\",\"@id\":\"https:\\\/\\\/secure.gravatar.com\\\/avatar\\\/dfd1611ed5600959a0e5a9754503b6c05d1dcf190010998e0363aee2ad98afca?s=96&d=mm&r=g\",\"url\":\"https:\\\/\\\/secure.gravatar.com\\\/avatar\\\/dfd1611ed5600959a0e5a9754503b6c05d1dcf190010998e0363aee2ad98afca?s=96&d=mm&r=g\",\"contentUrl\":\"https:\\\/\\\/secure.gravatar.com\\\/avatar\\\/dfd1611ed5600959a0e5a9754503b6c05d1dcf190010998e0363aee2ad98afca?s=96&d=mm&r=g\",\"caption\":\"Viviana Monrroy\"},\"sameAs\":[\"http:\\\/\\\/www.eldiario.net\"],\"url\":\"https:\\\/\\\/www.eldiario.net\\\/portal\\\/author\\\/vivianamonrroy\\\/\"}]}<\/script>\n<!-- \/ Yoast SEO plugin. -->","yoast_head_json":{"title":"Santa Cruz: Brote de sarampi\u00f3n tras la confirmaci\u00f3n de siete casos. (14:45) - El Diario - Bolivia","robots":{"index":"index","follow":"follow","max-snippet":"max-snippet:-1","max-image-preview":"max-image-preview:large","max-video-preview":"max-video-preview:-1"},"canonical":"https:\/\/www.eldiario.net\/portal\/2025\/06\/09\/santa-cruz-brote-de-sarampion-tras-la-confirmacion-de-siete-casos-1445\/","og_locale":"es_ES","og_type":"article","og_title":"Santa Cruz: Brote de sarampi\u00f3n tras la confirmaci\u00f3n de siete casos. (14:45) - El Diario - Bolivia","og_description":"El Servicio Departamental de Salud (SEDES) Santa Cruz confirm\u00f3 siete casos de sarampi\u00f3n, por lo que sigue vigente la alerta roja sanitaria en todo el departamento. Cuatro nuevos contagios se sumaron esta semana, incluyendo menores sin antecedentes de viaje ni vacunaci\u00f3n, lo que evidencia circulaci\u00f3n activa del virus especialmente en Porongo, Santa Cruz de la [&hellip;]","og_url":"https:\/\/www.eldiario.net\/portal\/2025\/06\/09\/santa-cruz-brote-de-sarampion-tras-la-confirmacion-de-siete-casos-1445\/","og_site_name":"El Diario - Bolivia","article_publisher":"https:\/\/www.facebook.com\/eldiario.bolivia\/","article_published_time":"2025-06-09T18:46:13+00:00","og_image":[{"width":300,"height":200,"url":"https:\/\/www.eldiario.net\/portal\/wp-content\/uploads\/2025\/06\/sarampion-2-e1749494749829.jpg","type":"image\/jpeg"}],"author":"Viviana Monrroy","twitter_card":"summary_large_image","twitter_creator":"@eldiario_net","twitter_site":"@eldiario_net","twitter_misc":{"Escrito por":"Viviana Monrroy","Tiempo de lectura":"1 minuto"},"schema":{"@context":"https:\/\/schema.org","@graph":[{"@type":"Article","@id":"https:\/\/www.eldiario.net\/portal\/2025\/06\/09\/santa-cruz-brote-de-sarampion-tras-la-confirmacion-de-siete-casos-1445\/#article","isPartOf":{"@id":"https:\/\/www.eldiario.net\/portal\/2025\/06\/09\/santa-cruz-brote-de-sarampion-tras-la-confirmacion-de-siete-casos-1445\/"},"author":{"name":"Viviana Monrroy","@id":"https:\/\/www.eldiario.net\/portal\/#\/schema\/person\/32cc89e801dfcbad3a54f91da7f2ea06"},"headline":"Santa Cruz: Brote de sarampi\u00f3n tras la confirmaci\u00f3n de siete casos. (14:45)","datePublished":"2025-06-09T18:46:13+00:00","mainEntityOfPage":{"@id":"https:\/\/www.eldiario.net\/portal\/2025\/06\/09\/santa-cruz-brote-de-sarampion-tras-la-confirmacion-de-siete-casos-1445\/"},"wordCount":128,"publisher":{"@id":"https:\/\/www.eldiario.net\/portal\/#organization"},"image":{"@id":"https:\/\/www.eldiario.net\/portal\/2025\/06\/09\/santa-cruz-brote-de-sarampion-tras-la-confirmacion-de-siete-casos-1445\/#primaryimage"},"thumbnailUrl":"https:\/\/www.eldiario.net\/portal\/wp-content\/uploads\/2025\/06\/sarampion-2-e1749494749829.jpg","articleSection":["\u00daltima Hora"],"inLanguage":"es"},{"@type":"WebPage","@id":"https:\/\/www.eldiario.net\/portal\/2025\/06\/09\/santa-cruz-brote-de-sarampion-tras-la-confirmacion-de-siete-casos-1445\/","url":"https:\/\/www.eldiario.net\/portal\/2025\/06\/09\/santa-cruz-brote-de-sarampion-tras-la-confirmacion-de-siete-casos-1445\/","name":"Santa Cruz: Brote de sarampi\u00f3n tras la confirmaci\u00f3n de siete casos. (14:45) - El Diario - Bolivia","isPartOf":{"@id":"https:\/\/www.eldiario.net\/portal\/#website"},"primaryImageOfPage":{"@id":"https:\/\/www.eldiario.net\/portal\/2025\/06\/09\/santa-cruz-brote-de-sarampion-tras-la-confirmacion-de-siete-casos-1445\/#primaryimage"},"image":{"@id":"https:\/\/www.eldiario.net\/portal\/2025\/06\/09\/santa-cruz-brote-de-sarampion-tras-la-confirmacion-de-siete-casos-1445\/#primaryimage"},"thumbnailUrl":"https:\/\/www.eldiario.net\/portal\/wp-content\/uploads\/2025\/06\/sarampion-2-e1749494749829.jpg","datePublished":"2025-06-09T18:46:13+00:00","breadcrumb":{"@id":"https:\/\/www.eldiario.net\/portal\/2025\/06\/09\/santa-cruz-brote-de-sarampion-tras-la-confirmacion-de-siete-casos-1445\/#breadcrumb"},"inLanguage":"es","potentialAction":[{"@type":"ReadAction","target":["https:\/\/www.eldiario.net\/portal\/2025\/06\/09\/santa-cruz-brote-de-sarampion-tras-la-confirmacion-de-siete-casos-1445\/"]}]},{"@type":"ImageObject","inLanguage":"es","@id":"https:\/\/www.eldiario.net\/portal\/2025\/06\/09\/santa-cruz-brote-de-sarampion-tras-la-confirmacion-de-siete-casos-1445\/#primaryimage","url":"https:\/\/www.eldiario.net\/portal\/wp-content\/uploads\/2025\/06\/sarampion-2-e1749494749829.jpg","contentUrl":"https:\/\/www.eldiario.net\/portal\/wp-content\/uploads\/2025\/06\/sarampion-2-e1749494749829.jpg","width":300,"height":200,"caption":"Foto: RR.SS."},{"@type":"BreadcrumbList","@id":"https:\/\/www.eldiario.net\/portal\/2025\/06\/09\/santa-cruz-brote-de-sarampion-tras-la-confirmacion-de-siete-casos-1445\/#breadcrumb","itemListElement":[{"@type":"ListItem","position":1,"name":"Portada","item":"https:\/\/www.eldiario.net\/portal\/"},{"@type":"ListItem","position":2,"name":"Santa Cruz: Brote de sarampi\u00f3n tras la confirmaci\u00f3n de siete casos. (14:45)"}]},{"@type":"WebSite","@id":"https:\/\/www.eldiario.net\/portal\/#website","url":"https:\/\/www.eldiario.net\/portal\/","name":"El Diario - Decano de la prensa nacional","description":"El Diario - Decano de la prensa nacional","publisher":{"@id":"https:\/\/www.eldiario.net\/portal\/#organization"},"potentialAction":[{"@type":"SearchAction","target":{"@type":"EntryPoint","urlTemplate":"https:\/\/www.eldiario.net\/portal\/?s={search_term_string}"},"query-input":{"@type":"PropertyValueSpecification","valueRequired":true,"valueName":"search_term_string"}}],"inLanguage":"es"},{"@type":"Organization","@id":"https:\/\/www.eldiario.net\/portal\/#organization","name":"El Diario - Decano de la prensa nacional","url":"https:\/\/www.eldiario.net\/portal\/","logo":{"@type":"ImageObject","inLanguage":"es","@id":"https:\/\/www.eldiario.net\/portal\/#\/schema\/logo\/image\/","url":"https:\/\/www.eldiario.net\/portal\/wp-content\/uploads\/2023\/07\/logo_ED.jpg","contentUrl":"https:\/\/www.eldiario.net\/portal\/wp-content\/uploads\/2023\/07\/logo_ED.jpg","width":272,"height":52,"caption":"El Diario - Decano de la prensa nacional"},"image":{"@id":"https:\/\/www.eldiario.net\/portal\/#\/schema\/logo\/image\/"},"sameAs":["https:\/\/www.facebook.com\/eldiario.bolivia\/","https:\/\/x.com\/eldiario_net"]},{"@type":"Person","@id":"https:\/\/www.eldiario.net\/portal\/#\/schema\/person\/32cc89e801dfcbad3a54f91da7f2ea06","name":"Viviana Monrroy","image":{"@type":"ImageObject","inLanguage":"es","@id":"https:\/\/secure.gravatar.com\/avatar\/dfd1611ed5600959a0e5a9754503b6c05d1dcf190010998e0363aee2ad98afca?s=96&d=mm&r=g","url":"https:\/\/secure.gravatar.com\/avatar\/dfd1611ed5600959a0e5a9754503b6c05d1dcf190010998e0363aee2ad98afca?s=96&d=mm&r=g","contentUrl":"https:\/\/secure.gravatar.com\/avatar\/dfd1611ed5600959a0e5a9754503b6c05d1dcf190010998e0363aee2ad98afca?s=96&d=mm&r=g","caption":"Viviana Monrroy"},"sameAs":["http:\/\/www.eldiario.net"],"url":"https:\/\/www.eldiario.net\/portal\/author\/vivianamonrroy\/"}]}},"_links":{"self":[{"href":"https:\/\/www.eldiario.net\/portal\/wp-json\/wp\/v2\/posts\/308541","targetHints":{"allow":["GET"]}}],"collection":[{"href":"https:\/\/www.eldiario.net\/portal\/wp-json\/wp\/v2\/posts"}],"about":[{"href":"https:\/\/www.eldiario.net\/portal\/wp-json\/wp\/v2\/types\/post"}],"author":[{"embeddable":true,"href":"https:\/\/www.eldiario.net\/portal\/wp-json\/wp\/v2\/users\/7"}],"replies":[{"embeddable":true,"href":"https:\/\/www.eldiario.net\/portal\/wp-json\/wp\/v2\/comments?post=308541"}],"version-history":[{"count":1,"href":"https:\/\/www.eldiario.net\/portal\/wp-json\/wp\/v2\/posts\/308541\/revisions"}],"predecessor-version":[{"id":308543,"href":"https:\/\/www.eldiario.net\/portal\/wp-json\/wp\/v2\/posts\/308541\/revisions\/308543"}],"wp:featuredmedia":[{"embeddable":true,"href":"https:\/\/www.eldiario.net\/portal\/wp-json\/wp\/v2\/media\/308542"}],"wp:attachment":[{"href":"https:\/\/www.eldiario.net\/portal\/wp-json\/wp\/v2\/media?parent=308541"}],"wp:term":[{"taxonomy":"category","embeddable":true,"href":"https:\/\/www.eldiario.net\/portal\/wp-json\/wp\/v2\/categories?post=308541"},{"taxonomy":"post_tag","embeddable":true,"href":"https:\/\/www.eldiario.net\/portal\/wp-json\/wp\/v2\/tags?post=308541"}],"curies":[{"name":"wp","href":"https:\/\/api.w.org\/{rel}","templated":true}]}}