{"id":308534,"date":"2025-06-09T14:13:44","date_gmt":"2025-06-09T18:13:44","guid":{"rendered":"https:\/\/www.eldiario.net\/portal\/?p=308534"},"modified":"2025-06-09T14:19:10","modified_gmt":"2025-06-09T18:19:10","slug":"muere-una-persona-y-transportistas-claman-por-paso-humanitario-1413","status":"publish","type":"post","link":"https:\/\/www.eldiario.net\/portal\/2025\/06\/09\/muere-una-persona-y-transportistas-claman-por-paso-humanitario-1413\/","title":{"rendered":"Muere una persona y transportistas claman por paso humanitario. (14:13)"},"content":{"rendered":"<p>Conductores de transporte pesado que se encuentran varados en las localidades de Corani y Colomi, en el departamento de Cochabamba, han denunciado una situaci\u00f3n \u00abinhumana y criminal\u00bb debido al bloqueo \u00abevista\u00bb instalado en la zona.<\/p>\n<p>En videos que circulan en redes sociales, los choferes claman por un \u00abpaso humanitario\u00bb tras varios d\u00edas sin comida ni atenci\u00f3n m\u00e9dica.<\/p>\n<p>Los conductores afirman no tener filiaci\u00f3n pol\u00edtica y acusan al gobierno de abandono ante la situaci\u00f3n. Denuncian que pobladores fueron obligados a no venderles alimentos y que ya hay enfermos sin asistencia.<\/p>\n<p>Por su parte, la delegada la defensor\u00eda de Cochabamba inform\u00f3 que se est\u00e1n coordinando acciones para llevar alimentos y atenci\u00f3n m\u00e9dica a los choferes que permanecen varados en la carretera del sector de Colomi.<\/p>\n<p>La situaci\u00f3n se agrava despu\u00e9s de que un reporte policial informara acerca de la primera v\u00edctima mortal vinculada a los bloqueos. Nemecio Cuiza, de 73 a\u00f1os, muri\u00f3 tras caminar cinco horas para evitar el bloqueo en la localidad de Tapacar\u00ed, tambi\u00e9n en Cochabamba. Sufri\u00f3 un paro cardiaco por el esfuerzo f\u00edsico y cay\u00f3 al costado del camino.<\/p>\n","protected":false},"excerpt":{"rendered":"<p>Conductores de transporte pesado que se encuentran varados en las localidades de Corani y Colomi, en el departamento de Cochabamba, han denunciado una situaci\u00f3n \u00abinhumana y criminal\u00bb debido al bloqueo \u00abevista\u00bb instalado en la zona. En videos que circulan en redes sociales, los choferes claman por un \u00abpaso humanitario\u00bb tras varios d\u00edas sin comida ni [&hellip;]<\/p>\n","protected":false},"author":7,"featured_media":308536,"comment_status":"closed","ping_status":"open","sticky":false,"template":"","format":"standard","meta":{"_acf_changed":false,"footnotes":""},"categories":[51],"tags":[],"class_list":["post-308534","post","type-post","status-publish","format-standard","has-post-thumbnail","category-ultima-hora"],"acf":{"antetitulo":""},"yoast_head":"<!-- This site is optimized with the Yoast SEO plugin v28.4 - https:\/\/yoast.com\/product\/yoast-seo-wordpress\/ -->\n<title>Muere una persona y transportistas claman por paso humanitario. (14:13) - El Diario - Bolivia<\/title>\n<meta name=\"robots\" content=\"index, follow, max-snippet:-1, max-image-preview:large, max-video-preview:-1\" \/>\n<link rel=\"canonical\" href=\"https:\/\/www.eldiario.net\/portal\/2025\/06\/09\/muere-una-persona-y-transportistas-claman-por-paso-humanitario-1413\/\" \/>\n<meta property=\"og:locale\" content=\"es_ES\" \/>\n<meta property=\"og:type\" content=\"article\" \/>\n<meta property=\"og:title\" content=\"Muere una persona y transportistas claman por paso humanitario. (14:13) - El Diario - Bolivia\" \/>\n<meta property=\"og:description\" content=\"Conductores de transporte pesado que se encuentran varados en las localidades de Corani y Colomi, en el departamento de Cochabamba, han denunciado una situaci\u00f3n \u00abinhumana y criminal\u00bb debido al bloqueo \u00abevista\u00bb instalado en la zona. En videos que circulan en redes sociales, los choferes claman por un \u00abpaso humanitario\u00bb tras varios d\u00edas sin comida ni [&hellip;]\" \/>\n<meta property=\"og:url\" content=\"https:\/\/www.eldiario.net\/portal\/2025\/06\/09\/muere-una-persona-y-transportistas-claman-por-paso-humanitario-1413\/\" \/>\n<meta property=\"og:site_name\" content=\"El Diario - Bolivia\" \/>\n<meta property=\"article:publisher\" content=\"https:\/\/www.facebook.com\/eldiario.bolivia\/\" \/>\n<meta property=\"article:published_time\" content=\"2025-06-09T18:13:44+00:00\" \/>\n<meta property=\"article:modified_time\" content=\"2025-06-09T18:19:10+00:00\" \/>\n<meta property=\"og:image\" content=\"https:\/\/www.eldiario.net\/portal\/wp-content\/uploads\/2025\/06\/colomi-e1749492745130.png\" \/>\n\t<meta property=\"og:image:width\" content=\"300\" \/>\n\t<meta property=\"og:image:height\" content=\"204\" \/>\n\t<meta property=\"og:image:type\" content=\"image\/png\" \/>\n<meta name=\"author\" content=\"Viviana Monrroy\" \/>\n<meta name=\"twitter:card\" content=\"summary_large_image\" \/>\n<meta name=\"twitter:creator\" content=\"@eldiario_net\" \/>\n<meta name=\"twitter:site\" content=\"@eldiario_net\" \/>\n<meta name=\"twitter:label1\" content=\"Escrito por\" \/>\n\t<meta name=\"twitter:data1\" content=\"Viviana Monrroy\" \/>\n\t<meta name=\"twitter:label2\" content=\"Tiempo de lectura\" \/>\n\t<meta name=\"twitter:data2\" content=\"2 minutos\" \/>\n<script type=\"application\/ld+json\" class=\"yoast-schema-graph\">{\"@context\":\"https:\\\/\\\/schema.org\",\"@graph\":[{\"@type\":\"Article\",\"@id\":\"https:\\\/\\\/www.eldiario.net\\\/portal\\\/2025\\\/06\\\/09\\\/muere-una-persona-y-transportistas-claman-por-paso-humanitario-1413\\\/#article\",\"isPartOf\":{\"@id\":\"https:\\\/\\\/www.eldiario.net\\\/portal\\\/2025\\\/06\\\/09\\\/muere-una-persona-y-transportistas-claman-por-paso-humanitario-1413\\\/\"},\"author\":{\"name\":\"Viviana Monrroy\",\"@id\":\"https:\\\/\\\/www.eldiario.net\\\/portal\\\/#\\\/schema\\\/person\\\/32cc89e801dfcbad3a54f91da7f2ea06\"},\"headline\":\"Muere una persona y transportistas claman por paso humanitario. (14:13)\",\"datePublished\":\"2025-06-09T18:13:44+00:00\",\"dateModified\":\"2025-06-09T18:19:10+00:00\",\"mainEntityOfPage\":{\"@id\":\"https:\\\/\\\/www.eldiario.net\\\/portal\\\/2025\\\/06\\\/09\\\/muere-una-persona-y-transportistas-claman-por-paso-humanitario-1413\\\/\"},\"wordCount\":205,\"publisher\":{\"@id\":\"https:\\\/\\\/www.eldiario.net\\\/portal\\\/#organization\"},\"image\":{\"@id\":\"https:\\\/\\\/www.eldiario.net\\\/portal\\\/2025\\\/06\\\/09\\\/muere-una-persona-y-transportistas-claman-por-paso-humanitario-1413\\\/#primaryimage\"},\"thumbnailUrl\":\"https:\\\/\\\/www.eldiario.net\\\/portal\\\/wp-content\\\/uploads\\\/2025\\\/06\\\/colomi-e1749492745130.png\",\"articleSection\":[\"\u00daltima Hora\"],\"inLanguage\":\"es\"},{\"@type\":\"WebPage\",\"@id\":\"https:\\\/\\\/www.eldiario.net\\\/portal\\\/2025\\\/06\\\/09\\\/muere-una-persona-y-transportistas-claman-por-paso-humanitario-1413\\\/\",\"url\":\"https:\\\/\\\/www.eldiario.net\\\/portal\\\/2025\\\/06\\\/09\\\/muere-una-persona-y-transportistas-claman-por-paso-humanitario-1413\\\/\",\"name\":\"Muere una persona y transportistas claman por paso humanitario. (14:13) - El Diario - Bolivia\",\"isPartOf\":{\"@id\":\"https:\\\/\\\/www.eldiario.net\\\/portal\\\/#website\"},\"primaryImageOfPage\":{\"@id\":\"https:\\\/\\\/www.eldiario.net\\\/portal\\\/2025\\\/06\\\/09\\\/muere-una-persona-y-transportistas-claman-por-paso-humanitario-1413\\\/#primaryimage\"},\"image\":{\"@id\":\"https:\\\/\\\/www.eldiario.net\\\/portal\\\/2025\\\/06\\\/09\\\/muere-una-persona-y-transportistas-claman-por-paso-humanitario-1413\\\/#primaryimage\"},\"thumbnailUrl\":\"https:\\\/\\\/www.eldiario.net\\\/portal\\\/wp-content\\\/uploads\\\/2025\\\/06\\\/colomi-e1749492745130.png\",\"datePublished\":\"2025-06-09T18:13:44+00:00\",\"dateModified\":\"2025-06-09T18:19:10+00:00\",\"breadcrumb\":{\"@id\":\"https:\\\/\\\/www.eldiario.net\\\/portal\\\/2025\\\/06\\\/09\\\/muere-una-persona-y-transportistas-claman-por-paso-humanitario-1413\\\/#breadcrumb\"},\"inLanguage\":\"es\",\"potentialAction\":[{\"@type\":\"ReadAction\",\"target\":[\"https:\\\/\\\/www.eldiario.net\\\/portal\\\/2025\\\/06\\\/09\\\/muere-una-persona-y-transportistas-claman-por-paso-humanitario-1413\\\/\"]}]},{\"@type\":\"ImageObject\",\"inLanguage\":\"es\",\"@id\":\"https:\\\/\\\/www.eldiario.net\\\/portal\\\/2025\\\/06\\\/09\\\/muere-una-persona-y-transportistas-claman-por-paso-humanitario-1413\\\/#primaryimage\",\"url\":\"https:\\\/\\\/www.eldiario.net\\\/portal\\\/wp-content\\\/uploads\\\/2025\\\/06\\\/colomi-e1749492745130.png\",\"contentUrl\":\"https:\\\/\\\/www.eldiario.net\\\/portal\\\/wp-content\\\/uploads\\\/2025\\\/06\\\/colomi-e1749492745130.png\",\"width\":300,\"height\":204,\"caption\":\"Foto: RR.SS.\"},{\"@type\":\"BreadcrumbList\",\"@id\":\"https:\\\/\\\/www.eldiario.net\\\/portal\\\/2025\\\/06\\\/09\\\/muere-una-persona-y-transportistas-claman-por-paso-humanitario-1413\\\/#breadcrumb\",\"itemListElement\":[{\"@type\":\"ListItem\",\"position\":1,\"name\":\"Portada\",\"item\":\"https:\\\/\\\/www.eldiario.net\\\/portal\\\/\"},{\"@type\":\"ListItem\",\"position\":2,\"name\":\"Muere una persona y transportistas claman por paso humanitario. (14:13)\"}]},{\"@type\":\"WebSite\",\"@id\":\"https:\\\/\\\/www.eldiario.net\\\/portal\\\/#website\",\"url\":\"https:\\\/\\\/www.eldiario.net\\\/portal\\\/\",\"name\":\"El Diario - Decano de la prensa nacional\",\"description\":\"El Diario - Decano de la prensa nacional\",\"publisher\":{\"@id\":\"https:\\\/\\\/www.eldiario.net\\\/portal\\\/#organization\"},\"potentialAction\":[{\"@type\":\"SearchAction\",\"target\":{\"@type\":\"EntryPoint\",\"urlTemplate\":\"https:\\\/\\\/www.eldiario.net\\\/portal\\\/?s={search_term_string}\"},\"query-input\":{\"@type\":\"PropertyValueSpecification\",\"valueRequired\":true,\"valueName\":\"search_term_string\"}}],\"inLanguage\":\"es\"},{\"@type\":\"Organization\",\"@id\":\"https:\\\/\\\/www.eldiario.net\\\/portal\\\/#organization\",\"name\":\"El Diario - Decano de la prensa nacional\",\"url\":\"https:\\\/\\\/www.eldiario.net\\\/portal\\\/\",\"logo\":{\"@type\":\"ImageObject\",\"inLanguage\":\"es\",\"@id\":\"https:\\\/\\\/www.eldiario.net\\\/portal\\\/#\\\/schema\\\/logo\\\/image\\\/\",\"url\":\"https:\\\/\\\/www.eldiario.net\\\/portal\\\/wp-content\\\/uploads\\\/2023\\\/07\\\/logo_ED.jpg\",\"contentUrl\":\"https:\\\/\\\/www.eldiario.net\\\/portal\\\/wp-content\\\/uploads\\\/2023\\\/07\\\/logo_ED.jpg\",\"width\":272,\"height\":52,\"caption\":\"El Diario - Decano de la prensa nacional\"},\"image\":{\"@id\":\"https:\\\/\\\/www.eldiario.net\\\/portal\\\/#\\\/schema\\\/logo\\\/image\\\/\"},\"sameAs\":[\"https:\\\/\\\/www.facebook.com\\\/eldiario.bolivia\\\/\",\"https:\\\/\\\/x.com\\\/eldiario_net\"]},{\"@type\":\"Person\",\"@id\":\"https:\\\/\\\/www.eldiario.net\\\/portal\\\/#\\\/schema\\\/person\\\/32cc89e801dfcbad3a54f91da7f2ea06\",\"name\":\"Viviana Monrroy\",\"image\":{\"@type\":\"ImageObject\",\"inLanguage\":\"es\",\"@id\":\"https:\\\/\\\/secure.gravatar.com\\\/avatar\\\/dfd1611ed5600959a0e5a9754503b6c05d1dcf190010998e0363aee2ad98afca?s=96&d=mm&r=g\",\"url\":\"https:\\\/\\\/secure.gravatar.com\\\/avatar\\\/dfd1611ed5600959a0e5a9754503b6c05d1dcf190010998e0363aee2ad98afca?s=96&d=mm&r=g\",\"contentUrl\":\"https:\\\/\\\/secure.gravatar.com\\\/avatar\\\/dfd1611ed5600959a0e5a9754503b6c05d1dcf190010998e0363aee2ad98afca?s=96&d=mm&r=g\",\"caption\":\"Viviana Monrroy\"},\"sameAs\":[\"http:\\\/\\\/www.eldiario.net\"],\"url\":\"https:\\\/\\\/www.eldiario.net\\\/portal\\\/author\\\/vivianamonrroy\\\/\"}]}<\/script>\n<!-- \/ Yoast SEO plugin. -->","yoast_head_json":{"title":"Muere una persona y transportistas claman por paso humanitario. (14:13) - El Diario - Bolivia","robots":{"index":"index","follow":"follow","max-snippet":"max-snippet:-1","max-image-preview":"max-image-preview:large","max-video-preview":"max-video-preview:-1"},"canonical":"https:\/\/www.eldiario.net\/portal\/2025\/06\/09\/muere-una-persona-y-transportistas-claman-por-paso-humanitario-1413\/","og_locale":"es_ES","og_type":"article","og_title":"Muere una persona y transportistas claman por paso humanitario. (14:13) - El Diario - Bolivia","og_description":"Conductores de transporte pesado que se encuentran varados en las localidades de Corani y Colomi, en el departamento de Cochabamba, han denunciado una situaci\u00f3n \u00abinhumana y criminal\u00bb debido al bloqueo \u00abevista\u00bb instalado en la zona. En videos que circulan en redes sociales, los choferes claman por un \u00abpaso humanitario\u00bb tras varios d\u00edas sin comida ni [&hellip;]","og_url":"https:\/\/www.eldiario.net\/portal\/2025\/06\/09\/muere-una-persona-y-transportistas-claman-por-paso-humanitario-1413\/","og_site_name":"El Diario - Bolivia","article_publisher":"https:\/\/www.facebook.com\/eldiario.bolivia\/","article_published_time":"2025-06-09T18:13:44+00:00","article_modified_time":"2025-06-09T18:19:10+00:00","og_image":[{"width":300,"height":204,"url":"https:\/\/www.eldiario.net\/portal\/wp-content\/uploads\/2025\/06\/colomi-e1749492745130.png","type":"image\/png"}],"author":"Viviana Monrroy","twitter_card":"summary_large_image","twitter_creator":"@eldiario_net","twitter_site":"@eldiario_net","twitter_misc":{"Escrito por":"Viviana Monrroy","Tiempo de lectura":"2 minutos"},"schema":{"@context":"https:\/\/schema.org","@graph":[{"@type":"Article","@id":"https:\/\/www.eldiario.net\/portal\/2025\/06\/09\/muere-una-persona-y-transportistas-claman-por-paso-humanitario-1413\/#article","isPartOf":{"@id":"https:\/\/www.eldiario.net\/portal\/2025\/06\/09\/muere-una-persona-y-transportistas-claman-por-paso-humanitario-1413\/"},"author":{"name":"Viviana Monrroy","@id":"https:\/\/www.eldiario.net\/portal\/#\/schema\/person\/32cc89e801dfcbad3a54f91da7f2ea06"},"headline":"Muere una persona y transportistas claman por paso humanitario. (14:13)","datePublished":"2025-06-09T18:13:44+00:00","dateModified":"2025-06-09T18:19:10+00:00","mainEntityOfPage":{"@id":"https:\/\/www.eldiario.net\/portal\/2025\/06\/09\/muere-una-persona-y-transportistas-claman-por-paso-humanitario-1413\/"},"wordCount":205,"publisher":{"@id":"https:\/\/www.eldiario.net\/portal\/#organization"},"image":{"@id":"https:\/\/www.eldiario.net\/portal\/2025\/06\/09\/muere-una-persona-y-transportistas-claman-por-paso-humanitario-1413\/#primaryimage"},"thumbnailUrl":"https:\/\/www.eldiario.net\/portal\/wp-content\/uploads\/2025\/06\/colomi-e1749492745130.png","articleSection":["\u00daltima Hora"],"inLanguage":"es"},{"@type":"WebPage","@id":"https:\/\/www.eldiario.net\/portal\/2025\/06\/09\/muere-una-persona-y-transportistas-claman-por-paso-humanitario-1413\/","url":"https:\/\/www.eldiario.net\/portal\/2025\/06\/09\/muere-una-persona-y-transportistas-claman-por-paso-humanitario-1413\/","name":"Muere una persona y transportistas claman por paso humanitario. (14:13) - El Diario - Bolivia","isPartOf":{"@id":"https:\/\/www.eldiario.net\/portal\/#website"},"primaryImageOfPage":{"@id":"https:\/\/www.eldiario.net\/portal\/2025\/06\/09\/muere-una-persona-y-transportistas-claman-por-paso-humanitario-1413\/#primaryimage"},"image":{"@id":"https:\/\/www.eldiario.net\/portal\/2025\/06\/09\/muere-una-persona-y-transportistas-claman-por-paso-humanitario-1413\/#primaryimage"},"thumbnailUrl":"https:\/\/www.eldiario.net\/portal\/wp-content\/uploads\/2025\/06\/colomi-e1749492745130.png","datePublished":"2025-06-09T18:13:44+00:00","dateModified":"2025-06-09T18:19:10+00:00","breadcrumb":{"@id":"https:\/\/www.eldiario.net\/portal\/2025\/06\/09\/muere-una-persona-y-transportistas-claman-por-paso-humanitario-1413\/#breadcrumb"},"inLanguage":"es","potentialAction":[{"@type":"ReadAction","target":["https:\/\/www.eldiario.net\/portal\/2025\/06\/09\/muere-una-persona-y-transportistas-claman-por-paso-humanitario-1413\/"]}]},{"@type":"ImageObject","inLanguage":"es","@id":"https:\/\/www.eldiario.net\/portal\/2025\/06\/09\/muere-una-persona-y-transportistas-claman-por-paso-humanitario-1413\/#primaryimage","url":"https:\/\/www.eldiario.net\/portal\/wp-content\/uploads\/2025\/06\/colomi-e1749492745130.png","contentUrl":"https:\/\/www.eldiario.net\/portal\/wp-content\/uploads\/2025\/06\/colomi-e1749492745130.png","width":300,"height":204,"caption":"Foto: RR.SS."},{"@type":"BreadcrumbList","@id":"https:\/\/www.eldiario.net\/portal\/2025\/06\/09\/muere-una-persona-y-transportistas-claman-por-paso-humanitario-1413\/#breadcrumb","itemListElement":[{"@type":"ListItem","position":1,"name":"Portada","item":"https:\/\/www.eldiario.net\/portal\/"},{"@type":"ListItem","position":2,"name":"Muere una persona y transportistas claman por paso humanitario. (14:13)"}]},{"@type":"WebSite","@id":"https:\/\/www.eldiario.net\/portal\/#website","url":"https:\/\/www.eldiario.net\/portal\/","name":"El Diario - Decano de la prensa nacional","description":"El Diario - Decano de la prensa nacional","publisher":{"@id":"https:\/\/www.eldiario.net\/portal\/#organization"},"potentialAction":[{"@type":"SearchAction","target":{"@type":"EntryPoint","urlTemplate":"https:\/\/www.eldiario.net\/portal\/?s={search_term_string}"},"query-input":{"@type":"PropertyValueSpecification","valueRequired":true,"valueName":"search_term_string"}}],"inLanguage":"es"},{"@type":"Organization","@id":"https:\/\/www.eldiario.net\/portal\/#organization","name":"El Diario - Decano de la prensa nacional","url":"https:\/\/www.eldiario.net\/portal\/","logo":{"@type":"ImageObject","inLanguage":"es","@id":"https:\/\/www.eldiario.net\/portal\/#\/schema\/logo\/image\/","url":"https:\/\/www.eldiario.net\/portal\/wp-content\/uploads\/2023\/07\/logo_ED.jpg","contentUrl":"https:\/\/www.eldiario.net\/portal\/wp-content\/uploads\/2023\/07\/logo_ED.jpg","width":272,"height":52,"caption":"El Diario - Decano de la prensa nacional"},"image":{"@id":"https:\/\/www.eldiario.net\/portal\/#\/schema\/logo\/image\/"},"sameAs":["https:\/\/www.facebook.com\/eldiario.bolivia\/","https:\/\/x.com\/eldiario_net"]},{"@type":"Person","@id":"https:\/\/www.eldiario.net\/portal\/#\/schema\/person\/32cc89e801dfcbad3a54f91da7f2ea06","name":"Viviana Monrroy","image":{"@type":"ImageObject","inLanguage":"es","@id":"https:\/\/secure.gravatar.com\/avatar\/dfd1611ed5600959a0e5a9754503b6c05d1dcf190010998e0363aee2ad98afca?s=96&d=mm&r=g","url":"https:\/\/secure.gravatar.com\/avatar\/dfd1611ed5600959a0e5a9754503b6c05d1dcf190010998e0363aee2ad98afca?s=96&d=mm&r=g","contentUrl":"https:\/\/secure.gravatar.com\/avatar\/dfd1611ed5600959a0e5a9754503b6c05d1dcf190010998e0363aee2ad98afca?s=96&d=mm&r=g","caption":"Viviana Monrroy"},"sameAs":["http:\/\/www.eldiario.net"],"url":"https:\/\/www.eldiario.net\/portal\/author\/vivianamonrroy\/"}]}},"_links":{"self":[{"href":"https:\/\/www.eldiario.net\/portal\/wp-json\/wp\/v2\/posts\/308534","targetHints":{"allow":["GET"]}}],"collection":[{"href":"https:\/\/www.eldiario.net\/portal\/wp-json\/wp\/v2\/posts"}],"about":[{"href":"https:\/\/www.eldiario.net\/portal\/wp-json\/wp\/v2\/types\/post"}],"author":[{"embeddable":true,"href":"https:\/\/www.eldiario.net\/portal\/wp-json\/wp\/v2\/users\/7"}],"replies":[{"embeddable":true,"href":"https:\/\/www.eldiario.net\/portal\/wp-json\/wp\/v2\/comments?post=308534"}],"version-history":[{"count":2,"href":"https:\/\/www.eldiario.net\/portal\/wp-json\/wp\/v2\/posts\/308534\/revisions"}],"predecessor-version":[{"id":308539,"href":"https:\/\/www.eldiario.net\/portal\/wp-json\/wp\/v2\/posts\/308534\/revisions\/308539"}],"wp:featuredmedia":[{"embeddable":true,"href":"https:\/\/www.eldiario.net\/portal\/wp-json\/wp\/v2\/media\/308536"}],"wp:attachment":[{"href":"https:\/\/www.eldiario.net\/portal\/wp-json\/wp\/v2\/media?parent=308534"}],"wp:term":[{"taxonomy":"category","embeddable":true,"href":"https:\/\/www.eldiario.net\/portal\/wp-json\/wp\/v2\/categories?post=308534"},{"taxonomy":"post_tag","embeddable":true,"href":"https:\/\/www.eldiario.net\/portal\/wp-json\/wp\/v2\/tags?post=308534"}],"curies":[{"name":"wp","href":"https:\/\/api.w.org\/{rel}","templated":true}]}}