{"id":308162,"date":"2025-06-08T07:43:59","date_gmt":"2025-06-08T11:43:59","guid":{"rendered":"https:\/\/www.eldiario.net\/portal\/?p=308162"},"modified":"2025-06-08T07:43:59","modified_gmt":"2025-06-08T11:43:59","slug":"empresas-bolivianas-debatiran-su-rol-frente-a-la-crisis-climatica","status":"publish","type":"post","link":"https:\/\/www.eldiario.net\/portal\/2025\/06\/08\/empresas-bolivianas-debatiran-su-rol-frente-a-la-crisis-climatica\/","title":{"rendered":"Empresas bolivianas debatir\u00e1n  su rol frente a la crisis clim\u00e1tica"},"content":{"rendered":"<p>La ciudad de Santa Cruz ser\u00e1 sede del Foro de Acci\u00f3n Clim\u00e1tica, Transici\u00f3n Energ\u00e9tica y Biodiversidad, un espacio de alto nivel que reunir\u00e1 a l\u00edderes del sector privado, p\u00fablico, acad\u00e9mico y organismos internacionales. El objetivo es analizar el rol estrat\u00e9gico del empresariado boliviano frente a la creciente emergencia clim\u00e1tica y ambiental.<br \/>\nEl evento se desarrollar\u00e1 el jueves 12 de junio en el Aula Magna de la Universidad Privada de Santa Cruz de la Sierra (UPSA) y es organizado por la Red Bolivia del Pacto Global de las Naciones Unidas, el Programa de las Naciones Unidas para el Desarrollo (PNUD) en Bolivia, la Embajada Brit\u00e1nica, GIZ\/Euroclima, la C\u00e1mara de Comercio e Industria Boliviano-Alemana, CAF \u2013 Banco de Desarrollo de Am\u00e9rica Latina y el Caribe, la C\u00e1mara Nacional de Industrias y WWF Bolivia.<br \/>\nUn foro con visi\u00f3n<br \/>\nde futuro<br \/>\nLa jornada comenzar\u00e1 con la presentaci\u00f3n de los principales hallazgos del diagn\u00f3stico sobre acci\u00f3n clim\u00e1tica empresarial y la nueva Gu\u00eda B\u00e1sica de Acci\u00f3n Clim\u00e1tica en Empresas Privadas. Ambas herramientas buscan acompa\u00f1ar al sector privado en el dise\u00f1o e implementaci\u00f3n de estrategias de mitigaci\u00f3n y adaptaci\u00f3n al cambio clim\u00e1tico.<br \/>\nEl primer panel, titulado \u201cAcci\u00f3n Clim\u00e1tica en el Sector Empresarial\u201d, contar\u00e1 con la participaci\u00f3n de representantes de empresas como Soboce, Banco FIE, Preforte y Capital+ SAFI, quienes compartir\u00e1n avances, desaf\u00edos y buenas pr\u00e1cticas en la reducci\u00f3n de emisiones y la promoci\u00f3n de modelos de negocio sostenibles.<br \/>\nEl segundo bloque estar\u00e1 dedicado a la \u201cTransici\u00f3n Energ\u00e9tica en Bolivia\u201d, con la intervenci\u00f3n de actores clave como PNUD, CRE, Agua\u00ed Energ\u00eda, Fundares y el Grupo Minero Sinchi Wayra. En este espacio tambi\u00e9n se presentar\u00e1 el estudio MOISES, elaborado por la UPSA en colaboraci\u00f3n con Texas A&amp;M University.<br \/>\nEl foro concluir\u00e1 con el panel \u201cBiodiversidad y Sector Privado\u201d, en el que Laboratorios Bag\u00f3, Fundaci\u00f3n Natura, la C\u00e1mara Agropecuaria del Oriente (CAO) y WWF Bolivia debatir\u00e1n c\u00f3mo integrar la conservaci\u00f3n de la biodiversidad en las estrategias corporativas.<br \/>\n\u201cEl objetivo es construir una agenda com\u00fan que fortalezca el compromiso clim\u00e1tico del sector empresarial, movilizando conocimiento, herramientas y alianzas para avanzar hacia un desarrollo sostenible en Bolivia\u201d, destac\u00f3 la directora ejecutiva de Pacto Global Bolivia, Luc\u00eda Sossa.<\/p>\n","protected":false},"excerpt":{"rendered":"<p>La ciudad de Santa Cruz ser\u00e1 sede del Foro de Acci\u00f3n Clim\u00e1tica, Transici\u00f3n Energ\u00e9tica y Biodiversidad, un espacio de alto nivel que reunir\u00e1 a l\u00edderes del sector privado, p\u00fablico, acad\u00e9mico y organismos internacionales. El objetivo es analizar el rol estrat\u00e9gico del empresariado boliviano frente a la creciente emergencia clim\u00e1tica y ambiental. El evento se desarrollar\u00e1 [&hellip;]<\/p>\n","protected":false},"author":1,"featured_media":308163,"comment_status":"closed","ping_status":"open","sticky":false,"template":"","format":"standard","meta":{"_acf_changed":false,"footnotes":""},"categories":[7],"tags":[],"class_list":["post-308162","post","type-post","status-publish","format-standard","has-post-thumbnail","category-economia"],"acf":{"antetitulo":""},"yoast_head":"<!-- This site is optimized with the Yoast SEO plugin v28.4 - https:\/\/yoast.com\/product\/yoast-seo-wordpress\/ -->\n<title>Empresas bolivianas debatir\u00e1n su rol frente a la crisis clim\u00e1tica - El Diario - Bolivia<\/title>\n<meta name=\"robots\" content=\"index, follow, max-snippet:-1, max-image-preview:large, max-video-preview:-1\" \/>\n<link rel=\"canonical\" href=\"https:\/\/www.eldiario.net\/portal\/2025\/06\/08\/empresas-bolivianas-debatiran-su-rol-frente-a-la-crisis-climatica\/\" \/>\n<meta property=\"og:locale\" content=\"es_ES\" \/>\n<meta property=\"og:type\" content=\"article\" \/>\n<meta property=\"og:title\" content=\"Empresas bolivianas debatir\u00e1n su rol frente a la crisis clim\u00e1tica - El Diario - Bolivia\" \/>\n<meta property=\"og:description\" content=\"La ciudad de Santa Cruz ser\u00e1 sede del Foro de Acci\u00f3n Clim\u00e1tica, Transici\u00f3n Energ\u00e9tica y Biodiversidad, un espacio de alto nivel que reunir\u00e1 a l\u00edderes del sector privado, p\u00fablico, acad\u00e9mico y organismos internacionales. El objetivo es analizar el rol estrat\u00e9gico del empresariado boliviano frente a la creciente emergencia clim\u00e1tica y ambiental. El evento se desarrollar\u00e1 [&hellip;]\" \/>\n<meta property=\"og:url\" content=\"https:\/\/www.eldiario.net\/portal\/2025\/06\/08\/empresas-bolivianas-debatiran-su-rol-frente-a-la-crisis-climatica\/\" \/>\n<meta property=\"og:site_name\" content=\"El Diario - Bolivia\" \/>\n<meta property=\"article:publisher\" content=\"https:\/\/www.facebook.com\/eldiario.bolivia\/\" \/>\n<meta property=\"article:published_time\" content=\"2025-06-08T11:43:59+00:00\" \/>\n<meta property=\"og:image\" content=\"https:\/\/www.eldiario.net\/portal\/wp-content\/uploads\/2025\/06\/foro.webp\" \/>\n\t<meta property=\"og:image:width\" content=\"1280\" \/>\n\t<meta property=\"og:image:height\" content=\"893\" \/>\n\t<meta property=\"og:image:type\" content=\"image\/webp\" \/>\n<meta name=\"author\" content=\"Jeanette\" \/>\n<meta name=\"twitter:card\" content=\"summary_large_image\" \/>\n<meta name=\"twitter:creator\" content=\"@eldiario_net\" \/>\n<meta name=\"twitter:site\" content=\"@eldiario_net\" \/>\n<meta name=\"twitter:label1\" content=\"Escrito por\" \/>\n\t<meta name=\"twitter:data1\" content=\"Jeanette\" \/>\n\t<meta name=\"twitter:label2\" content=\"Tiempo de lectura\" \/>\n\t<meta name=\"twitter:data2\" content=\"2 minutos\" \/>\n<script type=\"application\/ld+json\" class=\"yoast-schema-graph\">{\"@context\":\"https:\\\/\\\/schema.org\",\"@graph\":[{\"@type\":\"Article\",\"@id\":\"https:\\\/\\\/www.eldiario.net\\\/portal\\\/2025\\\/06\\\/08\\\/empresas-bolivianas-debatiran-su-rol-frente-a-la-crisis-climatica\\\/#article\",\"isPartOf\":{\"@id\":\"https:\\\/\\\/www.eldiario.net\\\/portal\\\/2025\\\/06\\\/08\\\/empresas-bolivianas-debatiran-su-rol-frente-a-la-crisis-climatica\\\/\"},\"author\":{\"name\":\"Jeanette\",\"@id\":\"https:\\\/\\\/www.eldiario.net\\\/portal\\\/#\\\/schema\\\/person\\\/2c57cf2b7a7ae032e449e4c9b1019eac\"},\"headline\":\"Empresas bolivianas debatir\u00e1n su rol frente a la crisis clim\u00e1tica\",\"datePublished\":\"2025-06-08T11:43:59+00:00\",\"mainEntityOfPage\":{\"@id\":\"https:\\\/\\\/www.eldiario.net\\\/portal\\\/2025\\\/06\\\/08\\\/empresas-bolivianas-debatiran-su-rol-frente-a-la-crisis-climatica\\\/\"},\"wordCount\":418,\"publisher\":{\"@id\":\"https:\\\/\\\/www.eldiario.net\\\/portal\\\/#organization\"},\"image\":{\"@id\":\"https:\\\/\\\/www.eldiario.net\\\/portal\\\/2025\\\/06\\\/08\\\/empresas-bolivianas-debatiran-su-rol-frente-a-la-crisis-climatica\\\/#primaryimage\"},\"thumbnailUrl\":\"https:\\\/\\\/www.eldiario.net\\\/portal\\\/wp-content\\\/uploads\\\/2025\\\/06\\\/foro.webp\",\"articleSection\":[\"Econom\u00eda\"],\"inLanguage\":\"es\"},{\"@type\":\"WebPage\",\"@id\":\"https:\\\/\\\/www.eldiario.net\\\/portal\\\/2025\\\/06\\\/08\\\/empresas-bolivianas-debatiran-su-rol-frente-a-la-crisis-climatica\\\/\",\"url\":\"https:\\\/\\\/www.eldiario.net\\\/portal\\\/2025\\\/06\\\/08\\\/empresas-bolivianas-debatiran-su-rol-frente-a-la-crisis-climatica\\\/\",\"name\":\"Empresas bolivianas debatir\u00e1n su rol frente a la crisis clim\u00e1tica - El Diario - Bolivia\",\"isPartOf\":{\"@id\":\"https:\\\/\\\/www.eldiario.net\\\/portal\\\/#website\"},\"primaryImageOfPage\":{\"@id\":\"https:\\\/\\\/www.eldiario.net\\\/portal\\\/2025\\\/06\\\/08\\\/empresas-bolivianas-debatiran-su-rol-frente-a-la-crisis-climatica\\\/#primaryimage\"},\"image\":{\"@id\":\"https:\\\/\\\/www.eldiario.net\\\/portal\\\/2025\\\/06\\\/08\\\/empresas-bolivianas-debatiran-su-rol-frente-a-la-crisis-climatica\\\/#primaryimage\"},\"thumbnailUrl\":\"https:\\\/\\\/www.eldiario.net\\\/portal\\\/wp-content\\\/uploads\\\/2025\\\/06\\\/foro.webp\",\"datePublished\":\"2025-06-08T11:43:59+00:00\",\"breadcrumb\":{\"@id\":\"https:\\\/\\\/www.eldiario.net\\\/portal\\\/2025\\\/06\\\/08\\\/empresas-bolivianas-debatiran-su-rol-frente-a-la-crisis-climatica\\\/#breadcrumb\"},\"inLanguage\":\"es\",\"potentialAction\":[{\"@type\":\"ReadAction\",\"target\":[\"https:\\\/\\\/www.eldiario.net\\\/portal\\\/2025\\\/06\\\/08\\\/empresas-bolivianas-debatiran-su-rol-frente-a-la-crisis-climatica\\\/\"]}]},{\"@type\":\"ImageObject\",\"inLanguage\":\"es\",\"@id\":\"https:\\\/\\\/www.eldiario.net\\\/portal\\\/2025\\\/06\\\/08\\\/empresas-bolivianas-debatiran-su-rol-frente-a-la-crisis-climatica\\\/#primaryimage\",\"url\":\"https:\\\/\\\/www.eldiario.net\\\/portal\\\/wp-content\\\/uploads\\\/2025\\\/06\\\/foro.webp\",\"contentUrl\":\"https:\\\/\\\/www.eldiario.net\\\/portal\\\/wp-content\\\/uploads\\\/2025\\\/06\\\/foro.webp\",\"width\":1280,\"height\":893,\"caption\":\"panelistas dialogan con el p\u00fablico en un foro realizado anteriormente.\"},{\"@type\":\"BreadcrumbList\",\"@id\":\"https:\\\/\\\/www.eldiario.net\\\/portal\\\/2025\\\/06\\\/08\\\/empresas-bolivianas-debatiran-su-rol-frente-a-la-crisis-climatica\\\/#breadcrumb\",\"itemListElement\":[{\"@type\":\"ListItem\",\"position\":1,\"name\":\"Portada\",\"item\":\"https:\\\/\\\/www.eldiario.net\\\/portal\\\/\"},{\"@type\":\"ListItem\",\"position\":2,\"name\":\"Empresas bolivianas debatir\u00e1n su rol frente a la crisis clim\u00e1tica\"}]},{\"@type\":\"WebSite\",\"@id\":\"https:\\\/\\\/www.eldiario.net\\\/portal\\\/#website\",\"url\":\"https:\\\/\\\/www.eldiario.net\\\/portal\\\/\",\"name\":\"El Diario - Decano de la prensa nacional\",\"description\":\"El Diario - Decano de la prensa nacional\",\"publisher\":{\"@id\":\"https:\\\/\\\/www.eldiario.net\\\/portal\\\/#organization\"},\"potentialAction\":[{\"@type\":\"SearchAction\",\"target\":{\"@type\":\"EntryPoint\",\"urlTemplate\":\"https:\\\/\\\/www.eldiario.net\\\/portal\\\/?s={search_term_string}\"},\"query-input\":{\"@type\":\"PropertyValueSpecification\",\"valueRequired\":true,\"valueName\":\"search_term_string\"}}],\"inLanguage\":\"es\"},{\"@type\":\"Organization\",\"@id\":\"https:\\\/\\\/www.eldiario.net\\\/portal\\\/#organization\",\"name\":\"El Diario - Decano de la prensa nacional\",\"url\":\"https:\\\/\\\/www.eldiario.net\\\/portal\\\/\",\"logo\":{\"@type\":\"ImageObject\",\"inLanguage\":\"es\",\"@id\":\"https:\\\/\\\/www.eldiario.net\\\/portal\\\/#\\\/schema\\\/logo\\\/image\\\/\",\"url\":\"https:\\\/\\\/www.eldiario.net\\\/portal\\\/wp-content\\\/uploads\\\/2023\\\/07\\\/logo_ED.jpg\",\"contentUrl\":\"https:\\\/\\\/www.eldiario.net\\\/portal\\\/wp-content\\\/uploads\\\/2023\\\/07\\\/logo_ED.jpg\",\"width\":272,\"height\":52,\"caption\":\"El Diario - Decano de la prensa nacional\"},\"image\":{\"@id\":\"https:\\\/\\\/www.eldiario.net\\\/portal\\\/#\\\/schema\\\/logo\\\/image\\\/\"},\"sameAs\":[\"https:\\\/\\\/www.facebook.com\\\/eldiario.bolivia\\\/\",\"https:\\\/\\\/x.com\\\/eldiario_net\"]},{\"@type\":\"Person\",\"@id\":\"https:\\\/\\\/www.eldiario.net\\\/portal\\\/#\\\/schema\\\/person\\\/2c57cf2b7a7ae032e449e4c9b1019eac\",\"name\":\"Jeanette\",\"image\":{\"@type\":\"ImageObject\",\"inLanguage\":\"es\",\"@id\":\"https:\\\/\\\/secure.gravatar.com\\\/avatar\\\/3ea2118a5f7dad2b7138b1187a6b7ee55f160b9968b66013c3a3ef39dd7e5798?s=96&d=mm&r=g\",\"url\":\"https:\\\/\\\/secure.gravatar.com\\\/avatar\\\/3ea2118a5f7dad2b7138b1187a6b7ee55f160b9968b66013c3a3ef39dd7e5798?s=96&d=mm&r=g\",\"contentUrl\":\"https:\\\/\\\/secure.gravatar.com\\\/avatar\\\/3ea2118a5f7dad2b7138b1187a6b7ee55f160b9968b66013c3a3ef39dd7e5798?s=96&d=mm&r=g\",\"caption\":\"Jeanette\"},\"sameAs\":[\"https:\\\/\\\/www.eldiario.net\\\/portal\"],\"url\":\"https:\\\/\\\/www.eldiario.net\\\/portal\\\/author\\\/jeanette\\\/\"}]}<\/script>\n<!-- \/ Yoast SEO plugin. -->","yoast_head_json":{"title":"Empresas bolivianas debatir\u00e1n su rol frente a la crisis clim\u00e1tica - El Diario - Bolivia","robots":{"index":"index","follow":"follow","max-snippet":"max-snippet:-1","max-image-preview":"max-image-preview:large","max-video-preview":"max-video-preview:-1"},"canonical":"https:\/\/www.eldiario.net\/portal\/2025\/06\/08\/empresas-bolivianas-debatiran-su-rol-frente-a-la-crisis-climatica\/","og_locale":"es_ES","og_type":"article","og_title":"Empresas bolivianas debatir\u00e1n su rol frente a la crisis clim\u00e1tica - El Diario - Bolivia","og_description":"La ciudad de Santa Cruz ser\u00e1 sede del Foro de Acci\u00f3n Clim\u00e1tica, Transici\u00f3n Energ\u00e9tica y Biodiversidad, un espacio de alto nivel que reunir\u00e1 a l\u00edderes del sector privado, p\u00fablico, acad\u00e9mico y organismos internacionales. El objetivo es analizar el rol estrat\u00e9gico del empresariado boliviano frente a la creciente emergencia clim\u00e1tica y ambiental. El evento se desarrollar\u00e1 [&hellip;]","og_url":"https:\/\/www.eldiario.net\/portal\/2025\/06\/08\/empresas-bolivianas-debatiran-su-rol-frente-a-la-crisis-climatica\/","og_site_name":"El Diario - Bolivia","article_publisher":"https:\/\/www.facebook.com\/eldiario.bolivia\/","article_published_time":"2025-06-08T11:43:59+00:00","og_image":[{"width":1280,"height":893,"url":"https:\/\/www.eldiario.net\/portal\/wp-content\/uploads\/2025\/06\/foro.webp","type":"image\/webp"}],"author":"Jeanette","twitter_card":"summary_large_image","twitter_creator":"@eldiario_net","twitter_site":"@eldiario_net","twitter_misc":{"Escrito por":"Jeanette","Tiempo de lectura":"2 minutos"},"schema":{"@context":"https:\/\/schema.org","@graph":[{"@type":"Article","@id":"https:\/\/www.eldiario.net\/portal\/2025\/06\/08\/empresas-bolivianas-debatiran-su-rol-frente-a-la-crisis-climatica\/#article","isPartOf":{"@id":"https:\/\/www.eldiario.net\/portal\/2025\/06\/08\/empresas-bolivianas-debatiran-su-rol-frente-a-la-crisis-climatica\/"},"author":{"name":"Jeanette","@id":"https:\/\/www.eldiario.net\/portal\/#\/schema\/person\/2c57cf2b7a7ae032e449e4c9b1019eac"},"headline":"Empresas bolivianas debatir\u00e1n su rol frente a la crisis clim\u00e1tica","datePublished":"2025-06-08T11:43:59+00:00","mainEntityOfPage":{"@id":"https:\/\/www.eldiario.net\/portal\/2025\/06\/08\/empresas-bolivianas-debatiran-su-rol-frente-a-la-crisis-climatica\/"},"wordCount":418,"publisher":{"@id":"https:\/\/www.eldiario.net\/portal\/#organization"},"image":{"@id":"https:\/\/www.eldiario.net\/portal\/2025\/06\/08\/empresas-bolivianas-debatiran-su-rol-frente-a-la-crisis-climatica\/#primaryimage"},"thumbnailUrl":"https:\/\/www.eldiario.net\/portal\/wp-content\/uploads\/2025\/06\/foro.webp","articleSection":["Econom\u00eda"],"inLanguage":"es"},{"@type":"WebPage","@id":"https:\/\/www.eldiario.net\/portal\/2025\/06\/08\/empresas-bolivianas-debatiran-su-rol-frente-a-la-crisis-climatica\/","url":"https:\/\/www.eldiario.net\/portal\/2025\/06\/08\/empresas-bolivianas-debatiran-su-rol-frente-a-la-crisis-climatica\/","name":"Empresas bolivianas debatir\u00e1n su rol frente a la crisis clim\u00e1tica - El Diario - Bolivia","isPartOf":{"@id":"https:\/\/www.eldiario.net\/portal\/#website"},"primaryImageOfPage":{"@id":"https:\/\/www.eldiario.net\/portal\/2025\/06\/08\/empresas-bolivianas-debatiran-su-rol-frente-a-la-crisis-climatica\/#primaryimage"},"image":{"@id":"https:\/\/www.eldiario.net\/portal\/2025\/06\/08\/empresas-bolivianas-debatiran-su-rol-frente-a-la-crisis-climatica\/#primaryimage"},"thumbnailUrl":"https:\/\/www.eldiario.net\/portal\/wp-content\/uploads\/2025\/06\/foro.webp","datePublished":"2025-06-08T11:43:59+00:00","breadcrumb":{"@id":"https:\/\/www.eldiario.net\/portal\/2025\/06\/08\/empresas-bolivianas-debatiran-su-rol-frente-a-la-crisis-climatica\/#breadcrumb"},"inLanguage":"es","potentialAction":[{"@type":"ReadAction","target":["https:\/\/www.eldiario.net\/portal\/2025\/06\/08\/empresas-bolivianas-debatiran-su-rol-frente-a-la-crisis-climatica\/"]}]},{"@type":"ImageObject","inLanguage":"es","@id":"https:\/\/www.eldiario.net\/portal\/2025\/06\/08\/empresas-bolivianas-debatiran-su-rol-frente-a-la-crisis-climatica\/#primaryimage","url":"https:\/\/www.eldiario.net\/portal\/wp-content\/uploads\/2025\/06\/foro.webp","contentUrl":"https:\/\/www.eldiario.net\/portal\/wp-content\/uploads\/2025\/06\/foro.webp","width":1280,"height":893,"caption":"panelistas dialogan con el p\u00fablico en un foro realizado anteriormente."},{"@type":"BreadcrumbList","@id":"https:\/\/www.eldiario.net\/portal\/2025\/06\/08\/empresas-bolivianas-debatiran-su-rol-frente-a-la-crisis-climatica\/#breadcrumb","itemListElement":[{"@type":"ListItem","position":1,"name":"Portada","item":"https:\/\/www.eldiario.net\/portal\/"},{"@type":"ListItem","position":2,"name":"Empresas bolivianas debatir\u00e1n su rol frente a la crisis clim\u00e1tica"}]},{"@type":"WebSite","@id":"https:\/\/www.eldiario.net\/portal\/#website","url":"https:\/\/www.eldiario.net\/portal\/","name":"El Diario - Decano de la prensa nacional","description":"El Diario - Decano de la prensa nacional","publisher":{"@id":"https:\/\/www.eldiario.net\/portal\/#organization"},"potentialAction":[{"@type":"SearchAction","target":{"@type":"EntryPoint","urlTemplate":"https:\/\/www.eldiario.net\/portal\/?s={search_term_string}"},"query-input":{"@type":"PropertyValueSpecification","valueRequired":true,"valueName":"search_term_string"}}],"inLanguage":"es"},{"@type":"Organization","@id":"https:\/\/www.eldiario.net\/portal\/#organization","name":"El Diario - Decano de la prensa nacional","url":"https:\/\/www.eldiario.net\/portal\/","logo":{"@type":"ImageObject","inLanguage":"es","@id":"https:\/\/www.eldiario.net\/portal\/#\/schema\/logo\/image\/","url":"https:\/\/www.eldiario.net\/portal\/wp-content\/uploads\/2023\/07\/logo_ED.jpg","contentUrl":"https:\/\/www.eldiario.net\/portal\/wp-content\/uploads\/2023\/07\/logo_ED.jpg","width":272,"height":52,"caption":"El Diario - Decano de la prensa nacional"},"image":{"@id":"https:\/\/www.eldiario.net\/portal\/#\/schema\/logo\/image\/"},"sameAs":["https:\/\/www.facebook.com\/eldiario.bolivia\/","https:\/\/x.com\/eldiario_net"]},{"@type":"Person","@id":"https:\/\/www.eldiario.net\/portal\/#\/schema\/person\/2c57cf2b7a7ae032e449e4c9b1019eac","name":"Jeanette","image":{"@type":"ImageObject","inLanguage":"es","@id":"https:\/\/secure.gravatar.com\/avatar\/3ea2118a5f7dad2b7138b1187a6b7ee55f160b9968b66013c3a3ef39dd7e5798?s=96&d=mm&r=g","url":"https:\/\/secure.gravatar.com\/avatar\/3ea2118a5f7dad2b7138b1187a6b7ee55f160b9968b66013c3a3ef39dd7e5798?s=96&d=mm&r=g","contentUrl":"https:\/\/secure.gravatar.com\/avatar\/3ea2118a5f7dad2b7138b1187a6b7ee55f160b9968b66013c3a3ef39dd7e5798?s=96&d=mm&r=g","caption":"Jeanette"},"sameAs":["https:\/\/www.eldiario.net\/portal"],"url":"https:\/\/www.eldiario.net\/portal\/author\/jeanette\/"}]}},"_links":{"self":[{"href":"https:\/\/www.eldiario.net\/portal\/wp-json\/wp\/v2\/posts\/308162","targetHints":{"allow":["GET"]}}],"collection":[{"href":"https:\/\/www.eldiario.net\/portal\/wp-json\/wp\/v2\/posts"}],"about":[{"href":"https:\/\/www.eldiario.net\/portal\/wp-json\/wp\/v2\/types\/post"}],"author":[{"embeddable":true,"href":"https:\/\/www.eldiario.net\/portal\/wp-json\/wp\/v2\/users\/1"}],"replies":[{"embeddable":true,"href":"https:\/\/www.eldiario.net\/portal\/wp-json\/wp\/v2\/comments?post=308162"}],"version-history":[{"count":1,"href":"https:\/\/www.eldiario.net\/portal\/wp-json\/wp\/v2\/posts\/308162\/revisions"}],"predecessor-version":[{"id":308164,"href":"https:\/\/www.eldiario.net\/portal\/wp-json\/wp\/v2\/posts\/308162\/revisions\/308164"}],"wp:featuredmedia":[{"embeddable":true,"href":"https:\/\/www.eldiario.net\/portal\/wp-json\/wp\/v2\/media\/308163"}],"wp:attachment":[{"href":"https:\/\/www.eldiario.net\/portal\/wp-json\/wp\/v2\/media?parent=308162"}],"wp:term":[{"taxonomy":"category","embeddable":true,"href":"https:\/\/www.eldiario.net\/portal\/wp-json\/wp\/v2\/categories?post=308162"},{"taxonomy":"post_tag","embeddable":true,"href":"https:\/\/www.eldiario.net\/portal\/wp-json\/wp\/v2\/tags?post=308162"}],"curies":[{"name":"wp","href":"https:\/\/api.w.org\/{rel}","templated":true}]}}