{"id":308157,"date":"2025-06-08T07:41:24","date_gmt":"2025-06-08T11:41:24","guid":{"rendered":"https:\/\/www.eldiario.net\/portal\/?p=308157"},"modified":"2025-06-08T07:41:24","modified_gmt":"2025-06-08T11:41:24","slug":"de-guerrilla-a-guerra","status":"publish","type":"post","link":"https:\/\/www.eldiario.net\/portal\/2025\/06\/08\/de-guerrilla-a-guerra\/","title":{"rendered":"De guerrilla a guerra"},"content":{"rendered":"<p>Grupos irregulares armados tratan de paralizar el pa\u00eds con t\u00e1cticas guerrilleras, mientras los narco-milicos incrustados en el ej\u00e9rcito anuncian que las FFAA est\u00e1n divididas.<br \/>\nTan divididas est\u00e1n que el ministro de Defensa, Edmundo Novillo, debi\u00f3 asegurar, en una conferencia de prensa, acompa\u00f1ado por el comandante de las FFAA, que no hay divisi\u00f3n.<br \/>\nLos narco-milicos volvieron a la carga con un segundo comunicado y aseguraron que el ej\u00e9rcito no volver\u00e1 ser \u201ccarne de ca\u00f1\u00f3n\u201d de ning\u00fan gobierno, ni \u201cchivo expiatorio\u201d.<br \/>\nLa idea de estos oficiales, que se hacen llamar \u201cmandos medios\u201d, es que los bloqueos de carreteras y abusos de los mercenarios del narcotr\u00e1fico no ser\u00e1n enfrentados por el ej\u00e9rcito.<br \/>\nComo era previsible que ocurriera, estos oficiales, todos del Chapare, que entraron al colegio militar desde 2006 por orden del cocalero mayor, han ascendido hasta el grado de capit\u00e1n.<br \/>\nHan sido muy malos estudiantes, pero fueron aprobados porque ven\u00edan con poderosas recomendaciones.<br \/>\nLuego ascendieron puntualmente, a pesar de que son muy deficientes y obtusos, seg\u00fan dicen sus camaradas que no provienen de las filas del narco.<br \/>\nPues ahora han recibido instrucciones para pronunciarse y lo han hecho mediante dos comunicados que circularon en las redes sociales.<br \/>\n\u201cNuestros soldados ni cuadros de mando no saldremos a las calles o carreteras a enfrentar a nuestros padres, hijos o hermanos\u201d, se\u00f1ala uno de los p\u00e1rrafos del segundo comunicado.<br \/>\nCuando el ministro Novillo dijo que no hay divisi\u00f3n dentro de las FFAA, como ocurri\u00f3 tras el primer comunicado de los \u201cmandos medios\u201d, quer\u00eda descartar la posibilidad de que el pa\u00eds viva una guerra civil.<br \/>\nEsa es la noticia m\u00e1s importante de estas horas, mucho m\u00e1s importante que los detalles sobre los candidatos para unas elecciones que quiz\u00e1 se realicen en agosto, siempre que la guerrilla o la guerra lo permitan.<br \/>\nEn el trasfondo de estas noticias, la b\u00e9lica y la electoral, est\u00e1 la peor crisis econ\u00f3mica que ha vivido el pa\u00eds en toda su historia, provocada por el partido de gobierno.<br \/>\nUn gobierno corrupto e inepto est\u00e1, para decirlo de alguna manera, al mando del Estado fallido en que se ha convertido Bolivia.<br \/>\nLas FFAA no le responden, la polic\u00eda tiene otros mandos, la justicia sigue controlada por el cocalero mayor e incluso algunos periodistas se han propuesto negar la realidad.<br \/>\nLa conferencia del ministro Novillo acerca de la divisi\u00f3n en las FFAA no fue reportada por los medios.<br \/>\nComo ha hecho el presidente de Ecuador, Daniel Noboa, habr\u00e1 que pedir que alguna fuerza internacional venga a defender a Bolivia de la transnacional que ahora la ahoga.<\/p>\n<p>Siglo21bolivia.com<\/p>\n","protected":false},"excerpt":{"rendered":"<p>Grupos irregulares armados tratan de paralizar el pa\u00eds con t\u00e1cticas guerrilleras, mientras los narco-milicos incrustados en el ej\u00e9rcito anuncian que las FFAA est\u00e1n divididas. Tan divididas est\u00e1n que el ministro de Defensa, Edmundo Novillo, debi\u00f3 asegurar, en una conferencia de prensa, acompa\u00f1ado por el comandante de las FFAA, que no hay divisi\u00f3n. Los narco-milicos volvieron [&hellip;]<\/p>\n","protected":false},"author":1,"featured_media":159362,"comment_status":"closed","ping_status":"open","sticky":false,"template":"","format":"standard","meta":{"_acf_changed":false,"footnotes":""},"categories":[9],"tags":[],"class_list":["post-308157","post","type-post","status-publish","format-standard","has-post-thumbnail","category-opinion"],"acf":{"antetitulo":"Recuerdos del presente"},"yoast_head":"<!-- This site is optimized with the Yoast SEO plugin v28.4 - https:\/\/yoast.com\/product\/yoast-seo-wordpress\/ -->\n<title>De guerrilla a guerra - El Diario - Bolivia<\/title>\n<meta name=\"robots\" content=\"index, follow, max-snippet:-1, max-image-preview:large, max-video-preview:-1\" \/>\n<link rel=\"canonical\" href=\"https:\/\/www.eldiario.net\/portal\/2025\/06\/08\/de-guerrilla-a-guerra\/\" \/>\n<meta property=\"og:locale\" content=\"es_ES\" \/>\n<meta property=\"og:type\" content=\"article\" \/>\n<meta property=\"og:title\" content=\"De guerrilla a guerra - El Diario - Bolivia\" \/>\n<meta property=\"og:description\" content=\"Grupos irregulares armados tratan de paralizar el pa\u00eds con t\u00e1cticas guerrilleras, mientras los narco-milicos incrustados en el ej\u00e9rcito anuncian que las FFAA est\u00e1n divididas. Tan divididas est\u00e1n que el ministro de Defensa, Edmundo Novillo, debi\u00f3 asegurar, en una conferencia de prensa, acompa\u00f1ado por el comandante de las FFAA, que no hay divisi\u00f3n. Los narco-milicos volvieron [&hellip;]\" \/>\n<meta property=\"og:url\" content=\"https:\/\/www.eldiario.net\/portal\/2025\/06\/08\/de-guerrilla-a-guerra\/\" \/>\n<meta property=\"og:site_name\" content=\"El Diario - Bolivia\" \/>\n<meta property=\"article:publisher\" content=\"https:\/\/www.facebook.com\/eldiario.bolivia\/\" \/>\n<meta property=\"article:published_time\" content=\"2025-06-08T11:41:24+00:00\" \/>\n<meta property=\"og:image\" content=\"https:\/\/www.eldiario.net\/portal\/wp-content\/uploads\/2023\/06\/Humberto-Vacaflor-Ganam-1.jpg\" \/>\n\t<meta property=\"og:image:width\" content=\"1200\" \/>\n\t<meta property=\"og:image:height\" content=\"628\" \/>\n\t<meta property=\"og:image:type\" content=\"image\/jpeg\" \/>\n<meta name=\"author\" content=\"Jeanette\" \/>\n<meta name=\"twitter:card\" content=\"summary_large_image\" \/>\n<meta name=\"twitter:creator\" content=\"@eldiario_net\" \/>\n<meta name=\"twitter:site\" content=\"@eldiario_net\" \/>\n<meta name=\"twitter:label1\" content=\"Escrito por\" \/>\n\t<meta name=\"twitter:data1\" content=\"Jeanette\" \/>\n\t<meta name=\"twitter:label2\" content=\"Tiempo de lectura\" \/>\n\t<meta name=\"twitter:data2\" content=\"3 minutos\" \/>\n<script type=\"application\/ld+json\" class=\"yoast-schema-graph\">{\"@context\":\"https:\\\/\\\/schema.org\",\"@graph\":[{\"@type\":\"Article\",\"@id\":\"https:\\\/\\\/www.eldiario.net\\\/portal\\\/2025\\\/06\\\/08\\\/de-guerrilla-a-guerra\\\/#article\",\"isPartOf\":{\"@id\":\"https:\\\/\\\/www.eldiario.net\\\/portal\\\/2025\\\/06\\\/08\\\/de-guerrilla-a-guerra\\\/\"},\"author\":{\"name\":\"Jeanette\",\"@id\":\"https:\\\/\\\/www.eldiario.net\\\/portal\\\/#\\\/schema\\\/person\\\/2c57cf2b7a7ae032e449e4c9b1019eac\"},\"headline\":\"De guerrilla a guerra\",\"datePublished\":\"2025-06-08T11:41:24+00:00\",\"mainEntityOfPage\":{\"@id\":\"https:\\\/\\\/www.eldiario.net\\\/portal\\\/2025\\\/06\\\/08\\\/de-guerrilla-a-guerra\\\/\"},\"wordCount\":456,\"publisher\":{\"@id\":\"https:\\\/\\\/www.eldiario.net\\\/portal\\\/#organization\"},\"image\":{\"@id\":\"https:\\\/\\\/www.eldiario.net\\\/portal\\\/2025\\\/06\\\/08\\\/de-guerrilla-a-guerra\\\/#primaryimage\"},\"thumbnailUrl\":\"https:\\\/\\\/www.eldiario.net\\\/portal\\\/wp-content\\\/uploads\\\/2023\\\/06\\\/Humberto-Vacaflor-Ganam-1.jpg\",\"articleSection\":[\"Opini\u00f3n\"],\"inLanguage\":\"es\"},{\"@type\":\"WebPage\",\"@id\":\"https:\\\/\\\/www.eldiario.net\\\/portal\\\/2025\\\/06\\\/08\\\/de-guerrilla-a-guerra\\\/\",\"url\":\"https:\\\/\\\/www.eldiario.net\\\/portal\\\/2025\\\/06\\\/08\\\/de-guerrilla-a-guerra\\\/\",\"name\":\"De guerrilla a guerra - El Diario - Bolivia\",\"isPartOf\":{\"@id\":\"https:\\\/\\\/www.eldiario.net\\\/portal\\\/#website\"},\"primaryImageOfPage\":{\"@id\":\"https:\\\/\\\/www.eldiario.net\\\/portal\\\/2025\\\/06\\\/08\\\/de-guerrilla-a-guerra\\\/#primaryimage\"},\"image\":{\"@id\":\"https:\\\/\\\/www.eldiario.net\\\/portal\\\/2025\\\/06\\\/08\\\/de-guerrilla-a-guerra\\\/#primaryimage\"},\"thumbnailUrl\":\"https:\\\/\\\/www.eldiario.net\\\/portal\\\/wp-content\\\/uploads\\\/2023\\\/06\\\/Humberto-Vacaflor-Ganam-1.jpg\",\"datePublished\":\"2025-06-08T11:41:24+00:00\",\"breadcrumb\":{\"@id\":\"https:\\\/\\\/www.eldiario.net\\\/portal\\\/2025\\\/06\\\/08\\\/de-guerrilla-a-guerra\\\/#breadcrumb\"},\"inLanguage\":\"es\",\"potentialAction\":[{\"@type\":\"ReadAction\",\"target\":[\"https:\\\/\\\/www.eldiario.net\\\/portal\\\/2025\\\/06\\\/08\\\/de-guerrilla-a-guerra\\\/\"]}]},{\"@type\":\"ImageObject\",\"inLanguage\":\"es\",\"@id\":\"https:\\\/\\\/www.eldiario.net\\\/portal\\\/2025\\\/06\\\/08\\\/de-guerrilla-a-guerra\\\/#primaryimage\",\"url\":\"https:\\\/\\\/www.eldiario.net\\\/portal\\\/wp-content\\\/uploads\\\/2023\\\/06\\\/Humberto-Vacaflor-Ganam-1.jpg\",\"contentUrl\":\"https:\\\/\\\/www.eldiario.net\\\/portal\\\/wp-content\\\/uploads\\\/2023\\\/06\\\/Humberto-Vacaflor-Ganam-1.jpg\",\"width\":1200,\"height\":628,\"caption\":\"Humberto Vacaflor Ganam\"},{\"@type\":\"BreadcrumbList\",\"@id\":\"https:\\\/\\\/www.eldiario.net\\\/portal\\\/2025\\\/06\\\/08\\\/de-guerrilla-a-guerra\\\/#breadcrumb\",\"itemListElement\":[{\"@type\":\"ListItem\",\"position\":1,\"name\":\"Portada\",\"item\":\"https:\\\/\\\/www.eldiario.net\\\/portal\\\/\"},{\"@type\":\"ListItem\",\"position\":2,\"name\":\"De guerrilla a guerra\"}]},{\"@type\":\"WebSite\",\"@id\":\"https:\\\/\\\/www.eldiario.net\\\/portal\\\/#website\",\"url\":\"https:\\\/\\\/www.eldiario.net\\\/portal\\\/\",\"name\":\"El Diario - Decano de la prensa nacional\",\"description\":\"El Diario - Decano de la prensa nacional\",\"publisher\":{\"@id\":\"https:\\\/\\\/www.eldiario.net\\\/portal\\\/#organization\"},\"potentialAction\":[{\"@type\":\"SearchAction\",\"target\":{\"@type\":\"EntryPoint\",\"urlTemplate\":\"https:\\\/\\\/www.eldiario.net\\\/portal\\\/?s={search_term_string}\"},\"query-input\":{\"@type\":\"PropertyValueSpecification\",\"valueRequired\":true,\"valueName\":\"search_term_string\"}}],\"inLanguage\":\"es\"},{\"@type\":\"Organization\",\"@id\":\"https:\\\/\\\/www.eldiario.net\\\/portal\\\/#organization\",\"name\":\"El Diario - Decano de la prensa nacional\",\"url\":\"https:\\\/\\\/www.eldiario.net\\\/portal\\\/\",\"logo\":{\"@type\":\"ImageObject\",\"inLanguage\":\"es\",\"@id\":\"https:\\\/\\\/www.eldiario.net\\\/portal\\\/#\\\/schema\\\/logo\\\/image\\\/\",\"url\":\"https:\\\/\\\/www.eldiario.net\\\/portal\\\/wp-content\\\/uploads\\\/2023\\\/07\\\/logo_ED.jpg\",\"contentUrl\":\"https:\\\/\\\/www.eldiario.net\\\/portal\\\/wp-content\\\/uploads\\\/2023\\\/07\\\/logo_ED.jpg\",\"width\":272,\"height\":52,\"caption\":\"El Diario - Decano de la prensa nacional\"},\"image\":{\"@id\":\"https:\\\/\\\/www.eldiario.net\\\/portal\\\/#\\\/schema\\\/logo\\\/image\\\/\"},\"sameAs\":[\"https:\\\/\\\/www.facebook.com\\\/eldiario.bolivia\\\/\",\"https:\\\/\\\/x.com\\\/eldiario_net\"]},{\"@type\":\"Person\",\"@id\":\"https:\\\/\\\/www.eldiario.net\\\/portal\\\/#\\\/schema\\\/person\\\/2c57cf2b7a7ae032e449e4c9b1019eac\",\"name\":\"Jeanette\",\"image\":{\"@type\":\"ImageObject\",\"inLanguage\":\"es\",\"@id\":\"https:\\\/\\\/secure.gravatar.com\\\/avatar\\\/3ea2118a5f7dad2b7138b1187a6b7ee55f160b9968b66013c3a3ef39dd7e5798?s=96&d=mm&r=g\",\"url\":\"https:\\\/\\\/secure.gravatar.com\\\/avatar\\\/3ea2118a5f7dad2b7138b1187a6b7ee55f160b9968b66013c3a3ef39dd7e5798?s=96&d=mm&r=g\",\"contentUrl\":\"https:\\\/\\\/secure.gravatar.com\\\/avatar\\\/3ea2118a5f7dad2b7138b1187a6b7ee55f160b9968b66013c3a3ef39dd7e5798?s=96&d=mm&r=g\",\"caption\":\"Jeanette\"},\"sameAs\":[\"https:\\\/\\\/www.eldiario.net\\\/portal\"],\"url\":\"https:\\\/\\\/www.eldiario.net\\\/portal\\\/author\\\/jeanette\\\/\"}]}<\/script>\n<!-- \/ Yoast SEO plugin. -->","yoast_head_json":{"title":"De guerrilla a guerra - El Diario - Bolivia","robots":{"index":"index","follow":"follow","max-snippet":"max-snippet:-1","max-image-preview":"max-image-preview:large","max-video-preview":"max-video-preview:-1"},"canonical":"https:\/\/www.eldiario.net\/portal\/2025\/06\/08\/de-guerrilla-a-guerra\/","og_locale":"es_ES","og_type":"article","og_title":"De guerrilla a guerra - El Diario - Bolivia","og_description":"Grupos irregulares armados tratan de paralizar el pa\u00eds con t\u00e1cticas guerrilleras, mientras los narco-milicos incrustados en el ej\u00e9rcito anuncian que las FFAA est\u00e1n divididas. Tan divididas est\u00e1n que el ministro de Defensa, Edmundo Novillo, debi\u00f3 asegurar, en una conferencia de prensa, acompa\u00f1ado por el comandante de las FFAA, que no hay divisi\u00f3n. Los narco-milicos volvieron [&hellip;]","og_url":"https:\/\/www.eldiario.net\/portal\/2025\/06\/08\/de-guerrilla-a-guerra\/","og_site_name":"El Diario - Bolivia","article_publisher":"https:\/\/www.facebook.com\/eldiario.bolivia\/","article_published_time":"2025-06-08T11:41:24+00:00","og_image":[{"width":1200,"height":628,"url":"https:\/\/www.eldiario.net\/portal\/wp-content\/uploads\/2023\/06\/Humberto-Vacaflor-Ganam-1.jpg","type":"image\/jpeg"}],"author":"Jeanette","twitter_card":"summary_large_image","twitter_creator":"@eldiario_net","twitter_site":"@eldiario_net","twitter_misc":{"Escrito por":"Jeanette","Tiempo de lectura":"3 minutos"},"schema":{"@context":"https:\/\/schema.org","@graph":[{"@type":"Article","@id":"https:\/\/www.eldiario.net\/portal\/2025\/06\/08\/de-guerrilla-a-guerra\/#article","isPartOf":{"@id":"https:\/\/www.eldiario.net\/portal\/2025\/06\/08\/de-guerrilla-a-guerra\/"},"author":{"name":"Jeanette","@id":"https:\/\/www.eldiario.net\/portal\/#\/schema\/person\/2c57cf2b7a7ae032e449e4c9b1019eac"},"headline":"De guerrilla a guerra","datePublished":"2025-06-08T11:41:24+00:00","mainEntityOfPage":{"@id":"https:\/\/www.eldiario.net\/portal\/2025\/06\/08\/de-guerrilla-a-guerra\/"},"wordCount":456,"publisher":{"@id":"https:\/\/www.eldiario.net\/portal\/#organization"},"image":{"@id":"https:\/\/www.eldiario.net\/portal\/2025\/06\/08\/de-guerrilla-a-guerra\/#primaryimage"},"thumbnailUrl":"https:\/\/www.eldiario.net\/portal\/wp-content\/uploads\/2023\/06\/Humberto-Vacaflor-Ganam-1.jpg","articleSection":["Opini\u00f3n"],"inLanguage":"es"},{"@type":"WebPage","@id":"https:\/\/www.eldiario.net\/portal\/2025\/06\/08\/de-guerrilla-a-guerra\/","url":"https:\/\/www.eldiario.net\/portal\/2025\/06\/08\/de-guerrilla-a-guerra\/","name":"De guerrilla a guerra - El Diario - Bolivia","isPartOf":{"@id":"https:\/\/www.eldiario.net\/portal\/#website"},"primaryImageOfPage":{"@id":"https:\/\/www.eldiario.net\/portal\/2025\/06\/08\/de-guerrilla-a-guerra\/#primaryimage"},"image":{"@id":"https:\/\/www.eldiario.net\/portal\/2025\/06\/08\/de-guerrilla-a-guerra\/#primaryimage"},"thumbnailUrl":"https:\/\/www.eldiario.net\/portal\/wp-content\/uploads\/2023\/06\/Humberto-Vacaflor-Ganam-1.jpg","datePublished":"2025-06-08T11:41:24+00:00","breadcrumb":{"@id":"https:\/\/www.eldiario.net\/portal\/2025\/06\/08\/de-guerrilla-a-guerra\/#breadcrumb"},"inLanguage":"es","potentialAction":[{"@type":"ReadAction","target":["https:\/\/www.eldiario.net\/portal\/2025\/06\/08\/de-guerrilla-a-guerra\/"]}]},{"@type":"ImageObject","inLanguage":"es","@id":"https:\/\/www.eldiario.net\/portal\/2025\/06\/08\/de-guerrilla-a-guerra\/#primaryimage","url":"https:\/\/www.eldiario.net\/portal\/wp-content\/uploads\/2023\/06\/Humberto-Vacaflor-Ganam-1.jpg","contentUrl":"https:\/\/www.eldiario.net\/portal\/wp-content\/uploads\/2023\/06\/Humberto-Vacaflor-Ganam-1.jpg","width":1200,"height":628,"caption":"Humberto Vacaflor Ganam"},{"@type":"BreadcrumbList","@id":"https:\/\/www.eldiario.net\/portal\/2025\/06\/08\/de-guerrilla-a-guerra\/#breadcrumb","itemListElement":[{"@type":"ListItem","position":1,"name":"Portada","item":"https:\/\/www.eldiario.net\/portal\/"},{"@type":"ListItem","position":2,"name":"De guerrilla a guerra"}]},{"@type":"WebSite","@id":"https:\/\/www.eldiario.net\/portal\/#website","url":"https:\/\/www.eldiario.net\/portal\/","name":"El Diario - Decano de la prensa nacional","description":"El Diario - Decano de la prensa nacional","publisher":{"@id":"https:\/\/www.eldiario.net\/portal\/#organization"},"potentialAction":[{"@type":"SearchAction","target":{"@type":"EntryPoint","urlTemplate":"https:\/\/www.eldiario.net\/portal\/?s={search_term_string}"},"query-input":{"@type":"PropertyValueSpecification","valueRequired":true,"valueName":"search_term_string"}}],"inLanguage":"es"},{"@type":"Organization","@id":"https:\/\/www.eldiario.net\/portal\/#organization","name":"El Diario - Decano de la prensa nacional","url":"https:\/\/www.eldiario.net\/portal\/","logo":{"@type":"ImageObject","inLanguage":"es","@id":"https:\/\/www.eldiario.net\/portal\/#\/schema\/logo\/image\/","url":"https:\/\/www.eldiario.net\/portal\/wp-content\/uploads\/2023\/07\/logo_ED.jpg","contentUrl":"https:\/\/www.eldiario.net\/portal\/wp-content\/uploads\/2023\/07\/logo_ED.jpg","width":272,"height":52,"caption":"El Diario - Decano de la prensa nacional"},"image":{"@id":"https:\/\/www.eldiario.net\/portal\/#\/schema\/logo\/image\/"},"sameAs":["https:\/\/www.facebook.com\/eldiario.bolivia\/","https:\/\/x.com\/eldiario_net"]},{"@type":"Person","@id":"https:\/\/www.eldiario.net\/portal\/#\/schema\/person\/2c57cf2b7a7ae032e449e4c9b1019eac","name":"Jeanette","image":{"@type":"ImageObject","inLanguage":"es","@id":"https:\/\/secure.gravatar.com\/avatar\/3ea2118a5f7dad2b7138b1187a6b7ee55f160b9968b66013c3a3ef39dd7e5798?s=96&d=mm&r=g","url":"https:\/\/secure.gravatar.com\/avatar\/3ea2118a5f7dad2b7138b1187a6b7ee55f160b9968b66013c3a3ef39dd7e5798?s=96&d=mm&r=g","contentUrl":"https:\/\/secure.gravatar.com\/avatar\/3ea2118a5f7dad2b7138b1187a6b7ee55f160b9968b66013c3a3ef39dd7e5798?s=96&d=mm&r=g","caption":"Jeanette"},"sameAs":["https:\/\/www.eldiario.net\/portal"],"url":"https:\/\/www.eldiario.net\/portal\/author\/jeanette\/"}]}},"_links":{"self":[{"href":"https:\/\/www.eldiario.net\/portal\/wp-json\/wp\/v2\/posts\/308157","targetHints":{"allow":["GET"]}}],"collection":[{"href":"https:\/\/www.eldiario.net\/portal\/wp-json\/wp\/v2\/posts"}],"about":[{"href":"https:\/\/www.eldiario.net\/portal\/wp-json\/wp\/v2\/types\/post"}],"author":[{"embeddable":true,"href":"https:\/\/www.eldiario.net\/portal\/wp-json\/wp\/v2\/users\/1"}],"replies":[{"embeddable":true,"href":"https:\/\/www.eldiario.net\/portal\/wp-json\/wp\/v2\/comments?post=308157"}],"version-history":[{"count":1,"href":"https:\/\/www.eldiario.net\/portal\/wp-json\/wp\/v2\/posts\/308157\/revisions"}],"predecessor-version":[{"id":308158,"href":"https:\/\/www.eldiario.net\/portal\/wp-json\/wp\/v2\/posts\/308157\/revisions\/308158"}],"wp:featuredmedia":[{"embeddable":true,"href":"https:\/\/www.eldiario.net\/portal\/wp-json\/wp\/v2\/media\/159362"}],"wp:attachment":[{"href":"https:\/\/www.eldiario.net\/portal\/wp-json\/wp\/v2\/media?parent=308157"}],"wp:term":[{"taxonomy":"category","embeddable":true,"href":"https:\/\/www.eldiario.net\/portal\/wp-json\/wp\/v2\/categories?post=308157"},{"taxonomy":"post_tag","embeddable":true,"href":"https:\/\/www.eldiario.net\/portal\/wp-json\/wp\/v2\/tags?post=308157"}],"curies":[{"name":"wp","href":"https:\/\/api.w.org\/{rel}","templated":true}]}}