{"id":308155,"date":"2025-06-08T07:40:37","date_gmt":"2025-06-08T11:40:37","guid":{"rendered":"https:\/\/www.eldiario.net\/portal\/?p=308155"},"modified":"2025-06-08T07:40:37","modified_gmt":"2025-06-08T11:40:37","slug":"el-fracaso-del-socialismo-del-siglo-xxi","status":"publish","type":"post","link":"https:\/\/www.eldiario.net\/portal\/2025\/06\/08\/el-fracaso-del-socialismo-del-siglo-xxi\/","title":{"rendered":"El fracaso del  Socialismo del Siglo XXI"},"content":{"rendered":"<p>En Post Scriptum \u2014un ensayo de mi autor\u00eda publicado el a\u00f1o pasado\u2014 expuse c\u00f3mo el llamado Socialismo del Siglo XXI, al igual que sus antecesores revolucionarios latinoamericanos, representa una v\u00eda profundamente errada e inviable para el desarrollo. A pesar de los estragos visibles en Cuba, Venezuela y Nicaragua \u2014pa\u00edses marcados por el colapso pol\u00edtico, social y econ\u00f3mico, as\u00ed como por violaciones flagrantes a los derechos humanos y al Estado de Derecho\u2014 sectores significativos de la izquierda latinoamericana segu\u00edan, hasta hace muy poco, presentando a Bolivia como un modelo de \u00e9xito y prosperidad.<br \/>\nPero ha llegado el a\u00f1o 2025, y con \u00e9l, una crisis econ\u00f3mica en Bolivia de proporciones hist\u00f3ricas. Este derrumbe se convierte en la \u00faltima confirmaci\u00f3n de que esta ideolog\u00eda pol\u00edtica conduce, una y otra vez, a los mismos resultados desastrosos en nuestra regi\u00f3n.<br \/>\nDurante mi tiempo fuera del pa\u00eds, sostuve debates intensos \u2014y a veces acalorados\u2014 con defensores de estas \u201cutop\u00edas descompuestas\u201d. Intent\u00e9 mostrarles que el llamado \u201cmilagro boliviano\u201d fue simplemente un espejismo: el resultado coyuntural del auge internacional de los precios de las materias primas y de contratos de explotaci\u00f3n redactados durante la \u00e9poca neoliberal. Era un crecimiento sin cimientos s\u00f3lidos. Hoy, tras el fin de esa bonanza, \u00bfqu\u00e9 nos queda? Un sistema de salud y educaci\u00f3n en estado de precariedad alarmante, que imposibilita cualquier aspiraci\u00f3n seria de competitividad, tanto en Am\u00e9rica Latina como en el mundo.<br \/>\nLas canchas de f\u00fatbol construidas con fondos millonarios por el entonces presidente Evo Morales en zonas remotas del altiplano son, m\u00e1s que obras p\u00fablicas, s\u00edmbolos de una barbarie institucional que despreci\u00f3 el desarrollo humano integral.<br \/>\nMientras en Europa y Am\u00e9rica del Norte las izquierdas \u2014al menos en teor\u00eda\u2014 luchan por justicia social, sostenibilidad ecol\u00f3gica y respeto por los derechos fundamentales, en Bolivia el llamado \u201cproceso de cambio\u201d del MAS ha sido sin\u00f3nimo de exclusi\u00f3n, de ecocidio, y de un desprecio sistem\u00e1tico por los derechos humanos.<br \/>\n\u00bfSe puede hablar, entonces, de un gobierno de izquierda contempor\u00e1nea en Bolivia? Ciertamente no. El eventual colapso del r\u00e9gimen del MAS no ser\u00e1 m\u00e1s que la ca\u00edda de un aparato estatal monstruoso, semejante en su abuso del poder a los reg\u00edmenes de la Alemania del Este, la Uni\u00f3n Sovi\u00e9tica o incluso el fascismo de Mussolini. Es cierto que resulta dif\u00edcil esperar una transici\u00f3n democr\u00e1tica real cuando las elecciones se celebran bajo condiciones de dictadura y fraude anunciado. Sin embargo, lo \u00faltimo que debemos perder es la esperanza.<br \/>\nComo bien ha se\u00f1alado el doctor Carlos Alarc\u00f3n Mondonio, una tarea impostergable para cualquier futura administraci\u00f3n ser\u00e1 la anulaci\u00f3n de todos los procesos judiciales fraudulentos abiertos contra ciudadanos que se atrevieron a disentir del r\u00e9gimen. Es decir: la restauraci\u00f3n plena del imperio de la ley.<\/p>\n","protected":false},"excerpt":{"rendered":"<p>En Post Scriptum \u2014un ensayo de mi autor\u00eda publicado el a\u00f1o pasado\u2014 expuse c\u00f3mo el llamado Socialismo del Siglo XXI, al igual que sus antecesores revolucionarios latinoamericanos, representa una v\u00eda profundamente errada e inviable para el desarrollo. A pesar de los estragos visibles en Cuba, Venezuela y Nicaragua \u2014pa\u00edses marcados por el colapso pol\u00edtico, social [&hellip;]<\/p>\n","protected":false},"author":1,"featured_media":230292,"comment_status":"closed","ping_status":"open","sticky":false,"template":"","format":"standard","meta":{"_acf_changed":false,"footnotes":""},"categories":[9],"tags":[],"class_list":["post-308155","post","type-post","status-publish","format-standard","has-post-thumbnail","category-opinion"],"acf":{"antetitulo":""},"yoast_head":"<!-- This site is optimized with the Yoast SEO plugin v28.4 - https:\/\/yoast.com\/product\/yoast-seo-wordpress\/ -->\n<title>El fracaso del Socialismo del Siglo XXI - El Diario - Bolivia<\/title>\n<meta name=\"robots\" content=\"index, follow, max-snippet:-1, max-image-preview:large, max-video-preview:-1\" \/>\n<link rel=\"canonical\" href=\"https:\/\/www.eldiario.net\/portal\/2025\/06\/08\/el-fracaso-del-socialismo-del-siglo-xxi\/\" \/>\n<meta property=\"og:locale\" content=\"es_ES\" \/>\n<meta property=\"og:type\" content=\"article\" \/>\n<meta property=\"og:title\" content=\"El fracaso del Socialismo del Siglo XXI - El Diario - Bolivia\" \/>\n<meta property=\"og:description\" content=\"En Post Scriptum \u2014un ensayo de mi autor\u00eda publicado el a\u00f1o pasado\u2014 expuse c\u00f3mo el llamado Socialismo del Siglo XXI, al igual que sus antecesores revolucionarios latinoamericanos, representa una v\u00eda profundamente errada e inviable para el desarrollo. A pesar de los estragos visibles en Cuba, Venezuela y Nicaragua \u2014pa\u00edses marcados por el colapso pol\u00edtico, social [&hellip;]\" \/>\n<meta property=\"og:url\" content=\"https:\/\/www.eldiario.net\/portal\/2025\/06\/08\/el-fracaso-del-socialismo-del-siglo-xxi\/\" \/>\n<meta property=\"og:site_name\" content=\"El Diario - Bolivia\" \/>\n<meta property=\"article:publisher\" content=\"https:\/\/www.facebook.com\/eldiario.bolivia\/\" \/>\n<meta property=\"article:published_time\" content=\"2025-06-08T11:40:37+00:00\" \/>\n<meta property=\"og:image\" content=\"https:\/\/www.eldiario.net\/portal\/wp-content\/uploads\/2024\/06\/Mauricio-Ochoa-Urioste.jpg\" \/>\n\t<meta property=\"og:image:width\" content=\"1200\" \/>\n\t<meta property=\"og:image:height\" content=\"628\" \/>\n\t<meta property=\"og:image:type\" content=\"image\/jpeg\" \/>\n<meta name=\"author\" content=\"Jeanette\" \/>\n<meta name=\"twitter:card\" content=\"summary_large_image\" \/>\n<meta name=\"twitter:creator\" content=\"@eldiario_net\" \/>\n<meta name=\"twitter:site\" content=\"@eldiario_net\" \/>\n<meta name=\"twitter:label1\" content=\"Escrito por\" \/>\n\t<meta name=\"twitter:data1\" content=\"Jeanette\" \/>\n\t<meta name=\"twitter:label2\" content=\"Tiempo de lectura\" \/>\n\t<meta name=\"twitter:data2\" content=\"3 minutos\" \/>\n<script type=\"application\/ld+json\" class=\"yoast-schema-graph\">{\"@context\":\"https:\\\/\\\/schema.org\",\"@graph\":[{\"@type\":\"Article\",\"@id\":\"https:\\\/\\\/www.eldiario.net\\\/portal\\\/2025\\\/06\\\/08\\\/el-fracaso-del-socialismo-del-siglo-xxi\\\/#article\",\"isPartOf\":{\"@id\":\"https:\\\/\\\/www.eldiario.net\\\/portal\\\/2025\\\/06\\\/08\\\/el-fracaso-del-socialismo-del-siglo-xxi\\\/\"},\"author\":{\"name\":\"Jeanette\",\"@id\":\"https:\\\/\\\/www.eldiario.net\\\/portal\\\/#\\\/schema\\\/person\\\/2c57cf2b7a7ae032e449e4c9b1019eac\"},\"headline\":\"El fracaso del Socialismo del Siglo XXI\",\"datePublished\":\"2025-06-08T11:40:37+00:00\",\"mainEntityOfPage\":{\"@id\":\"https:\\\/\\\/www.eldiario.net\\\/portal\\\/2025\\\/06\\\/08\\\/el-fracaso-del-socialismo-del-siglo-xxi\\\/\"},\"wordCount\":501,\"publisher\":{\"@id\":\"https:\\\/\\\/www.eldiario.net\\\/portal\\\/#organization\"},\"image\":{\"@id\":\"https:\\\/\\\/www.eldiario.net\\\/portal\\\/2025\\\/06\\\/08\\\/el-fracaso-del-socialismo-del-siglo-xxi\\\/#primaryimage\"},\"thumbnailUrl\":\"https:\\\/\\\/www.eldiario.net\\\/portal\\\/wp-content\\\/uploads\\\/2024\\\/06\\\/Mauricio-Ochoa-Urioste.jpg\",\"articleSection\":[\"Opini\u00f3n\"],\"inLanguage\":\"es\"},{\"@type\":\"WebPage\",\"@id\":\"https:\\\/\\\/www.eldiario.net\\\/portal\\\/2025\\\/06\\\/08\\\/el-fracaso-del-socialismo-del-siglo-xxi\\\/\",\"url\":\"https:\\\/\\\/www.eldiario.net\\\/portal\\\/2025\\\/06\\\/08\\\/el-fracaso-del-socialismo-del-siglo-xxi\\\/\",\"name\":\"El fracaso del Socialismo del Siglo XXI - El Diario - Bolivia\",\"isPartOf\":{\"@id\":\"https:\\\/\\\/www.eldiario.net\\\/portal\\\/#website\"},\"primaryImageOfPage\":{\"@id\":\"https:\\\/\\\/www.eldiario.net\\\/portal\\\/2025\\\/06\\\/08\\\/el-fracaso-del-socialismo-del-siglo-xxi\\\/#primaryimage\"},\"image\":{\"@id\":\"https:\\\/\\\/www.eldiario.net\\\/portal\\\/2025\\\/06\\\/08\\\/el-fracaso-del-socialismo-del-siglo-xxi\\\/#primaryimage\"},\"thumbnailUrl\":\"https:\\\/\\\/www.eldiario.net\\\/portal\\\/wp-content\\\/uploads\\\/2024\\\/06\\\/Mauricio-Ochoa-Urioste.jpg\",\"datePublished\":\"2025-06-08T11:40:37+00:00\",\"breadcrumb\":{\"@id\":\"https:\\\/\\\/www.eldiario.net\\\/portal\\\/2025\\\/06\\\/08\\\/el-fracaso-del-socialismo-del-siglo-xxi\\\/#breadcrumb\"},\"inLanguage\":\"es\",\"potentialAction\":[{\"@type\":\"ReadAction\",\"target\":[\"https:\\\/\\\/www.eldiario.net\\\/portal\\\/2025\\\/06\\\/08\\\/el-fracaso-del-socialismo-del-siglo-xxi\\\/\"]}]},{\"@type\":\"ImageObject\",\"inLanguage\":\"es\",\"@id\":\"https:\\\/\\\/www.eldiario.net\\\/portal\\\/2025\\\/06\\\/08\\\/el-fracaso-del-socialismo-del-siglo-xxi\\\/#primaryimage\",\"url\":\"https:\\\/\\\/www.eldiario.net\\\/portal\\\/wp-content\\\/uploads\\\/2024\\\/06\\\/Mauricio-Ochoa-Urioste.jpg\",\"contentUrl\":\"https:\\\/\\\/www.eldiario.net\\\/portal\\\/wp-content\\\/uploads\\\/2024\\\/06\\\/Mauricio-Ochoa-Urioste.jpg\",\"width\":1200,\"height\":628,\"caption\":\"Mauricio Ochoa Urioste\"},{\"@type\":\"BreadcrumbList\",\"@id\":\"https:\\\/\\\/www.eldiario.net\\\/portal\\\/2025\\\/06\\\/08\\\/el-fracaso-del-socialismo-del-siglo-xxi\\\/#breadcrumb\",\"itemListElement\":[{\"@type\":\"ListItem\",\"position\":1,\"name\":\"Portada\",\"item\":\"https:\\\/\\\/www.eldiario.net\\\/portal\\\/\"},{\"@type\":\"ListItem\",\"position\":2,\"name\":\"El fracaso del Socialismo del Siglo XXI\"}]},{\"@type\":\"WebSite\",\"@id\":\"https:\\\/\\\/www.eldiario.net\\\/portal\\\/#website\",\"url\":\"https:\\\/\\\/www.eldiario.net\\\/portal\\\/\",\"name\":\"El Diario - Decano de la prensa nacional\",\"description\":\"El Diario - Decano de la prensa nacional\",\"publisher\":{\"@id\":\"https:\\\/\\\/www.eldiario.net\\\/portal\\\/#organization\"},\"potentialAction\":[{\"@type\":\"SearchAction\",\"target\":{\"@type\":\"EntryPoint\",\"urlTemplate\":\"https:\\\/\\\/www.eldiario.net\\\/portal\\\/?s={search_term_string}\"},\"query-input\":{\"@type\":\"PropertyValueSpecification\",\"valueRequired\":true,\"valueName\":\"search_term_string\"}}],\"inLanguage\":\"es\"},{\"@type\":\"Organization\",\"@id\":\"https:\\\/\\\/www.eldiario.net\\\/portal\\\/#organization\",\"name\":\"El Diario - Decano de la prensa nacional\",\"url\":\"https:\\\/\\\/www.eldiario.net\\\/portal\\\/\",\"logo\":{\"@type\":\"ImageObject\",\"inLanguage\":\"es\",\"@id\":\"https:\\\/\\\/www.eldiario.net\\\/portal\\\/#\\\/schema\\\/logo\\\/image\\\/\",\"url\":\"https:\\\/\\\/www.eldiario.net\\\/portal\\\/wp-content\\\/uploads\\\/2023\\\/07\\\/logo_ED.jpg\",\"contentUrl\":\"https:\\\/\\\/www.eldiario.net\\\/portal\\\/wp-content\\\/uploads\\\/2023\\\/07\\\/logo_ED.jpg\",\"width\":272,\"height\":52,\"caption\":\"El Diario - Decano de la prensa nacional\"},\"image\":{\"@id\":\"https:\\\/\\\/www.eldiario.net\\\/portal\\\/#\\\/schema\\\/logo\\\/image\\\/\"},\"sameAs\":[\"https:\\\/\\\/www.facebook.com\\\/eldiario.bolivia\\\/\",\"https:\\\/\\\/x.com\\\/eldiario_net\"]},{\"@type\":\"Person\",\"@id\":\"https:\\\/\\\/www.eldiario.net\\\/portal\\\/#\\\/schema\\\/person\\\/2c57cf2b7a7ae032e449e4c9b1019eac\",\"name\":\"Jeanette\",\"image\":{\"@type\":\"ImageObject\",\"inLanguage\":\"es\",\"@id\":\"https:\\\/\\\/secure.gravatar.com\\\/avatar\\\/3ea2118a5f7dad2b7138b1187a6b7ee55f160b9968b66013c3a3ef39dd7e5798?s=96&d=mm&r=g\",\"url\":\"https:\\\/\\\/secure.gravatar.com\\\/avatar\\\/3ea2118a5f7dad2b7138b1187a6b7ee55f160b9968b66013c3a3ef39dd7e5798?s=96&d=mm&r=g\",\"contentUrl\":\"https:\\\/\\\/secure.gravatar.com\\\/avatar\\\/3ea2118a5f7dad2b7138b1187a6b7ee55f160b9968b66013c3a3ef39dd7e5798?s=96&d=mm&r=g\",\"caption\":\"Jeanette\"},\"sameAs\":[\"https:\\\/\\\/www.eldiario.net\\\/portal\"],\"url\":\"https:\\\/\\\/www.eldiario.net\\\/portal\\\/author\\\/jeanette\\\/\"}]}<\/script>\n<!-- \/ Yoast SEO plugin. -->","yoast_head_json":{"title":"El fracaso del Socialismo del Siglo XXI - El Diario - Bolivia","robots":{"index":"index","follow":"follow","max-snippet":"max-snippet:-1","max-image-preview":"max-image-preview:large","max-video-preview":"max-video-preview:-1"},"canonical":"https:\/\/www.eldiario.net\/portal\/2025\/06\/08\/el-fracaso-del-socialismo-del-siglo-xxi\/","og_locale":"es_ES","og_type":"article","og_title":"El fracaso del Socialismo del Siglo XXI - El Diario - Bolivia","og_description":"En Post Scriptum \u2014un ensayo de mi autor\u00eda publicado el a\u00f1o pasado\u2014 expuse c\u00f3mo el llamado Socialismo del Siglo XXI, al igual que sus antecesores revolucionarios latinoamericanos, representa una v\u00eda profundamente errada e inviable para el desarrollo. A pesar de los estragos visibles en Cuba, Venezuela y Nicaragua \u2014pa\u00edses marcados por el colapso pol\u00edtico, social [&hellip;]","og_url":"https:\/\/www.eldiario.net\/portal\/2025\/06\/08\/el-fracaso-del-socialismo-del-siglo-xxi\/","og_site_name":"El Diario - Bolivia","article_publisher":"https:\/\/www.facebook.com\/eldiario.bolivia\/","article_published_time":"2025-06-08T11:40:37+00:00","og_image":[{"width":1200,"height":628,"url":"https:\/\/www.eldiario.net\/portal\/wp-content\/uploads\/2024\/06\/Mauricio-Ochoa-Urioste.jpg","type":"image\/jpeg"}],"author":"Jeanette","twitter_card":"summary_large_image","twitter_creator":"@eldiario_net","twitter_site":"@eldiario_net","twitter_misc":{"Escrito por":"Jeanette","Tiempo de lectura":"3 minutos"},"schema":{"@context":"https:\/\/schema.org","@graph":[{"@type":"Article","@id":"https:\/\/www.eldiario.net\/portal\/2025\/06\/08\/el-fracaso-del-socialismo-del-siglo-xxi\/#article","isPartOf":{"@id":"https:\/\/www.eldiario.net\/portal\/2025\/06\/08\/el-fracaso-del-socialismo-del-siglo-xxi\/"},"author":{"name":"Jeanette","@id":"https:\/\/www.eldiario.net\/portal\/#\/schema\/person\/2c57cf2b7a7ae032e449e4c9b1019eac"},"headline":"El fracaso del Socialismo del Siglo XXI","datePublished":"2025-06-08T11:40:37+00:00","mainEntityOfPage":{"@id":"https:\/\/www.eldiario.net\/portal\/2025\/06\/08\/el-fracaso-del-socialismo-del-siglo-xxi\/"},"wordCount":501,"publisher":{"@id":"https:\/\/www.eldiario.net\/portal\/#organization"},"image":{"@id":"https:\/\/www.eldiario.net\/portal\/2025\/06\/08\/el-fracaso-del-socialismo-del-siglo-xxi\/#primaryimage"},"thumbnailUrl":"https:\/\/www.eldiario.net\/portal\/wp-content\/uploads\/2024\/06\/Mauricio-Ochoa-Urioste.jpg","articleSection":["Opini\u00f3n"],"inLanguage":"es"},{"@type":"WebPage","@id":"https:\/\/www.eldiario.net\/portal\/2025\/06\/08\/el-fracaso-del-socialismo-del-siglo-xxi\/","url":"https:\/\/www.eldiario.net\/portal\/2025\/06\/08\/el-fracaso-del-socialismo-del-siglo-xxi\/","name":"El fracaso del Socialismo del Siglo XXI - El Diario - Bolivia","isPartOf":{"@id":"https:\/\/www.eldiario.net\/portal\/#website"},"primaryImageOfPage":{"@id":"https:\/\/www.eldiario.net\/portal\/2025\/06\/08\/el-fracaso-del-socialismo-del-siglo-xxi\/#primaryimage"},"image":{"@id":"https:\/\/www.eldiario.net\/portal\/2025\/06\/08\/el-fracaso-del-socialismo-del-siglo-xxi\/#primaryimage"},"thumbnailUrl":"https:\/\/www.eldiario.net\/portal\/wp-content\/uploads\/2024\/06\/Mauricio-Ochoa-Urioste.jpg","datePublished":"2025-06-08T11:40:37+00:00","breadcrumb":{"@id":"https:\/\/www.eldiario.net\/portal\/2025\/06\/08\/el-fracaso-del-socialismo-del-siglo-xxi\/#breadcrumb"},"inLanguage":"es","potentialAction":[{"@type":"ReadAction","target":["https:\/\/www.eldiario.net\/portal\/2025\/06\/08\/el-fracaso-del-socialismo-del-siglo-xxi\/"]}]},{"@type":"ImageObject","inLanguage":"es","@id":"https:\/\/www.eldiario.net\/portal\/2025\/06\/08\/el-fracaso-del-socialismo-del-siglo-xxi\/#primaryimage","url":"https:\/\/www.eldiario.net\/portal\/wp-content\/uploads\/2024\/06\/Mauricio-Ochoa-Urioste.jpg","contentUrl":"https:\/\/www.eldiario.net\/portal\/wp-content\/uploads\/2024\/06\/Mauricio-Ochoa-Urioste.jpg","width":1200,"height":628,"caption":"Mauricio Ochoa Urioste"},{"@type":"BreadcrumbList","@id":"https:\/\/www.eldiario.net\/portal\/2025\/06\/08\/el-fracaso-del-socialismo-del-siglo-xxi\/#breadcrumb","itemListElement":[{"@type":"ListItem","position":1,"name":"Portada","item":"https:\/\/www.eldiario.net\/portal\/"},{"@type":"ListItem","position":2,"name":"El fracaso del Socialismo del Siglo XXI"}]},{"@type":"WebSite","@id":"https:\/\/www.eldiario.net\/portal\/#website","url":"https:\/\/www.eldiario.net\/portal\/","name":"El Diario - Decano de la prensa nacional","description":"El Diario - Decano de la prensa nacional","publisher":{"@id":"https:\/\/www.eldiario.net\/portal\/#organization"},"potentialAction":[{"@type":"SearchAction","target":{"@type":"EntryPoint","urlTemplate":"https:\/\/www.eldiario.net\/portal\/?s={search_term_string}"},"query-input":{"@type":"PropertyValueSpecification","valueRequired":true,"valueName":"search_term_string"}}],"inLanguage":"es"},{"@type":"Organization","@id":"https:\/\/www.eldiario.net\/portal\/#organization","name":"El Diario - Decano de la prensa nacional","url":"https:\/\/www.eldiario.net\/portal\/","logo":{"@type":"ImageObject","inLanguage":"es","@id":"https:\/\/www.eldiario.net\/portal\/#\/schema\/logo\/image\/","url":"https:\/\/www.eldiario.net\/portal\/wp-content\/uploads\/2023\/07\/logo_ED.jpg","contentUrl":"https:\/\/www.eldiario.net\/portal\/wp-content\/uploads\/2023\/07\/logo_ED.jpg","width":272,"height":52,"caption":"El Diario - Decano de la prensa nacional"},"image":{"@id":"https:\/\/www.eldiario.net\/portal\/#\/schema\/logo\/image\/"},"sameAs":["https:\/\/www.facebook.com\/eldiario.bolivia\/","https:\/\/x.com\/eldiario_net"]},{"@type":"Person","@id":"https:\/\/www.eldiario.net\/portal\/#\/schema\/person\/2c57cf2b7a7ae032e449e4c9b1019eac","name":"Jeanette","image":{"@type":"ImageObject","inLanguage":"es","@id":"https:\/\/secure.gravatar.com\/avatar\/3ea2118a5f7dad2b7138b1187a6b7ee55f160b9968b66013c3a3ef39dd7e5798?s=96&d=mm&r=g","url":"https:\/\/secure.gravatar.com\/avatar\/3ea2118a5f7dad2b7138b1187a6b7ee55f160b9968b66013c3a3ef39dd7e5798?s=96&d=mm&r=g","contentUrl":"https:\/\/secure.gravatar.com\/avatar\/3ea2118a5f7dad2b7138b1187a6b7ee55f160b9968b66013c3a3ef39dd7e5798?s=96&d=mm&r=g","caption":"Jeanette"},"sameAs":["https:\/\/www.eldiario.net\/portal"],"url":"https:\/\/www.eldiario.net\/portal\/author\/jeanette\/"}]}},"_links":{"self":[{"href":"https:\/\/www.eldiario.net\/portal\/wp-json\/wp\/v2\/posts\/308155","targetHints":{"allow":["GET"]}}],"collection":[{"href":"https:\/\/www.eldiario.net\/portal\/wp-json\/wp\/v2\/posts"}],"about":[{"href":"https:\/\/www.eldiario.net\/portal\/wp-json\/wp\/v2\/types\/post"}],"author":[{"embeddable":true,"href":"https:\/\/www.eldiario.net\/portal\/wp-json\/wp\/v2\/users\/1"}],"replies":[{"embeddable":true,"href":"https:\/\/www.eldiario.net\/portal\/wp-json\/wp\/v2\/comments?post=308155"}],"version-history":[{"count":1,"href":"https:\/\/www.eldiario.net\/portal\/wp-json\/wp\/v2\/posts\/308155\/revisions"}],"predecessor-version":[{"id":308156,"href":"https:\/\/www.eldiario.net\/portal\/wp-json\/wp\/v2\/posts\/308155\/revisions\/308156"}],"wp:featuredmedia":[{"embeddable":true,"href":"https:\/\/www.eldiario.net\/portal\/wp-json\/wp\/v2\/media\/230292"}],"wp:attachment":[{"href":"https:\/\/www.eldiario.net\/portal\/wp-json\/wp\/v2\/media?parent=308155"}],"wp:term":[{"taxonomy":"category","embeddable":true,"href":"https:\/\/www.eldiario.net\/portal\/wp-json\/wp\/v2\/categories?post=308155"},{"taxonomy":"post_tag","embeddable":true,"href":"https:\/\/www.eldiario.net\/portal\/wp-json\/wp\/v2\/tags?post=308155"}],"curies":[{"name":"wp","href":"https:\/\/api.w.org\/{rel}","templated":true}]}}