{"id":307857,"date":"2025-06-06T19:17:45","date_gmt":"2025-06-06T23:17:45","guid":{"rendered":"https:\/\/www.eldiario.net\/portal\/?p=307857"},"modified":"2025-06-06T19:17:45","modified_gmt":"2025-06-06T23:17:45","slug":"trump-amenaza-con-sanciones-a-rusia-y-ucrania-si-fracasa-la-paz-1916","status":"publish","type":"post","link":"https:\/\/www.eldiario.net\/portal\/2025\/06\/06\/trump-amenaza-con-sanciones-a-rusia-y-ucrania-si-fracasa-la-paz-1916\/","title":{"rendered":"Trump amenaza con sanciones a Rusia y Ucrania si fracasa la paz. (19:16)"},"content":{"rendered":"<p>En una advertencia inesperada, el presidente Donald Trump afirm\u00f3 que podr\u00eda imponer sanciones tanto a Rusia como a Ucrania si no se logra un acuerdo de paz, sugiriendo que la paciencia de Washington tiene l\u00edmites.<\/p>\n<p>Durante una reuni\u00f3n con el canciller alem\u00e1n Friedrich Merz, Trump indic\u00f3 que la decisi\u00f3n se tomar\u00e1 cuando \u00e9l lo considere necesario, y critic\u00f3 el conflicto como una pelea infantil: \u201cPara bailar el tango se necesitan dos\u201d.<\/p>\n<p>La postura ambigua de Trump, sumada a su reticencia a aplicar sanciones inmediatas, marca un giro frente a la presi\u00f3n europea y alimenta la incertidumbre sobre el rol de EE. UU. en la guerra.<\/p>\n","protected":false},"excerpt":{"rendered":"<p>En una advertencia inesperada, el presidente Donald Trump afirm\u00f3 que podr\u00eda imponer sanciones tanto a Rusia como a Ucrania si no se logra un acuerdo de paz, sugiriendo que la paciencia de Washington tiene l\u00edmites. Durante una reuni\u00f3n con el canciller alem\u00e1n Friedrich Merz, Trump indic\u00f3 que la decisi\u00f3n se tomar\u00e1 cuando \u00e9l lo considere [&hellip;]<\/p>\n","protected":false},"author":7,"featured_media":307860,"comment_status":"closed","ping_status":"open","sticky":false,"template":"","format":"standard","meta":{"_acf_changed":false,"footnotes":""},"categories":[51],"tags":[],"class_list":["post-307857","post","type-post","status-publish","format-standard","has-post-thumbnail","category-ultima-hora"],"acf":{"antetitulo":""},"yoast_head":"<!-- This site is optimized with the Yoast SEO plugin v28.3 - https:\/\/yoast.com\/product\/yoast-seo-wordpress\/ -->\n<title>Trump amenaza con sanciones a Rusia y Ucrania si fracasa la paz. (19:16) - El Diario - Bolivia<\/title>\n<meta name=\"robots\" content=\"index, follow, max-snippet:-1, max-image-preview:large, max-video-preview:-1\" \/>\n<link rel=\"canonical\" href=\"https:\/\/www.eldiario.net\/portal\/2025\/06\/06\/trump-amenaza-con-sanciones-a-rusia-y-ucrania-si-fracasa-la-paz-1916\/\" \/>\n<meta property=\"og:locale\" content=\"es_ES\" \/>\n<meta property=\"og:type\" content=\"article\" \/>\n<meta property=\"og:title\" content=\"Trump amenaza con sanciones a Rusia y Ucrania si fracasa la paz. (19:16) - El Diario - Bolivia\" \/>\n<meta property=\"og:description\" content=\"En una advertencia inesperada, el presidente Donald Trump afirm\u00f3 que podr\u00eda imponer sanciones tanto a Rusia como a Ucrania si no se logra un acuerdo de paz, sugiriendo que la paciencia de Washington tiene l\u00edmites. Durante una reuni\u00f3n con el canciller alem\u00e1n Friedrich Merz, Trump indic\u00f3 que la decisi\u00f3n se tomar\u00e1 cuando \u00e9l lo considere [&hellip;]\" \/>\n<meta property=\"og:url\" content=\"https:\/\/www.eldiario.net\/portal\/2025\/06\/06\/trump-amenaza-con-sanciones-a-rusia-y-ucrania-si-fracasa-la-paz-1916\/\" \/>\n<meta property=\"og:site_name\" content=\"El Diario - Bolivia\" \/>\n<meta property=\"article:publisher\" content=\"https:\/\/www.facebook.com\/eldiario.bolivia\/\" \/>\n<meta property=\"article:published_time\" content=\"2025-06-06T23:17:45+00:00\" \/>\n<meta property=\"og:image\" content=\"https:\/\/www.eldiario.net\/portal\/wp-content\/uploads\/2025\/06\/trump-06.06.25-e1749251842336.png\" \/>\n\t<meta property=\"og:image:width\" content=\"380\" \/>\n\t<meta property=\"og:image:height\" content=\"253\" \/>\n\t<meta property=\"og:image:type\" content=\"image\/png\" \/>\n<meta name=\"author\" content=\"Viviana Monrroy\" \/>\n<meta name=\"twitter:card\" content=\"summary_large_image\" \/>\n<meta name=\"twitter:creator\" content=\"@eldiario_net\" \/>\n<meta name=\"twitter:site\" content=\"@eldiario_net\" \/>\n<meta name=\"twitter:label1\" content=\"Escrito por\" \/>\n\t<meta name=\"twitter:data1\" content=\"Viviana Monrroy\" \/>\n\t<meta name=\"twitter:label2\" content=\"Tiempo de lectura\" \/>\n\t<meta name=\"twitter:data2\" content=\"1 minuto\" \/>\n<script type=\"application\/ld+json\" class=\"yoast-schema-graph\">{\"@context\":\"https:\\\/\\\/schema.org\",\"@graph\":[{\"@type\":\"Article\",\"@id\":\"https:\\\/\\\/www.eldiario.net\\\/portal\\\/2025\\\/06\\\/06\\\/trump-amenaza-con-sanciones-a-rusia-y-ucrania-si-fracasa-la-paz-1916\\\/#article\",\"isPartOf\":{\"@id\":\"https:\\\/\\\/www.eldiario.net\\\/portal\\\/2025\\\/06\\\/06\\\/trump-amenaza-con-sanciones-a-rusia-y-ucrania-si-fracasa-la-paz-1916\\\/\"},\"author\":{\"name\":\"Viviana Monrroy\",\"@id\":\"https:\\\/\\\/www.eldiario.net\\\/portal\\\/#\\\/schema\\\/person\\\/ba370d92d160f4d3574381f6d9b78fab\"},\"headline\":\"Trump amenaza con sanciones a Rusia y Ucrania si fracasa la paz. (19:16)\",\"datePublished\":\"2025-06-06T23:17:45+00:00\",\"mainEntityOfPage\":{\"@id\":\"https:\\\/\\\/www.eldiario.net\\\/portal\\\/2025\\\/06\\\/06\\\/trump-amenaza-con-sanciones-a-rusia-y-ucrania-si-fracasa-la-paz-1916\\\/\"},\"wordCount\":123,\"publisher\":{\"@id\":\"https:\\\/\\\/www.eldiario.net\\\/portal\\\/#organization\"},\"image\":{\"@id\":\"https:\\\/\\\/www.eldiario.net\\\/portal\\\/2025\\\/06\\\/06\\\/trump-amenaza-con-sanciones-a-rusia-y-ucrania-si-fracasa-la-paz-1916\\\/#primaryimage\"},\"thumbnailUrl\":\"https:\\\/\\\/www.eldiario.net\\\/portal\\\/wp-content\\\/uploads\\\/2025\\\/06\\\/trump-06.06.25-e1749251842336.png\",\"articleSection\":[\"\u00daltima Hora\"],\"inLanguage\":\"es\"},{\"@type\":\"WebPage\",\"@id\":\"https:\\\/\\\/www.eldiario.net\\\/portal\\\/2025\\\/06\\\/06\\\/trump-amenaza-con-sanciones-a-rusia-y-ucrania-si-fracasa-la-paz-1916\\\/\",\"url\":\"https:\\\/\\\/www.eldiario.net\\\/portal\\\/2025\\\/06\\\/06\\\/trump-amenaza-con-sanciones-a-rusia-y-ucrania-si-fracasa-la-paz-1916\\\/\",\"name\":\"Trump amenaza con sanciones a Rusia y Ucrania si fracasa la paz. (19:16) - El Diario - Bolivia\",\"isPartOf\":{\"@id\":\"https:\\\/\\\/www.eldiario.net\\\/portal\\\/#website\"},\"primaryImageOfPage\":{\"@id\":\"https:\\\/\\\/www.eldiario.net\\\/portal\\\/2025\\\/06\\\/06\\\/trump-amenaza-con-sanciones-a-rusia-y-ucrania-si-fracasa-la-paz-1916\\\/#primaryimage\"},\"image\":{\"@id\":\"https:\\\/\\\/www.eldiario.net\\\/portal\\\/2025\\\/06\\\/06\\\/trump-amenaza-con-sanciones-a-rusia-y-ucrania-si-fracasa-la-paz-1916\\\/#primaryimage\"},\"thumbnailUrl\":\"https:\\\/\\\/www.eldiario.net\\\/portal\\\/wp-content\\\/uploads\\\/2025\\\/06\\\/trump-06.06.25-e1749251842336.png\",\"datePublished\":\"2025-06-06T23:17:45+00:00\",\"breadcrumb\":{\"@id\":\"https:\\\/\\\/www.eldiario.net\\\/portal\\\/2025\\\/06\\\/06\\\/trump-amenaza-con-sanciones-a-rusia-y-ucrania-si-fracasa-la-paz-1916\\\/#breadcrumb\"},\"inLanguage\":\"es\",\"potentialAction\":[{\"@type\":\"ReadAction\",\"target\":[\"https:\\\/\\\/www.eldiario.net\\\/portal\\\/2025\\\/06\\\/06\\\/trump-amenaza-con-sanciones-a-rusia-y-ucrania-si-fracasa-la-paz-1916\\\/\"]}]},{\"@type\":\"ImageObject\",\"inLanguage\":\"es\",\"@id\":\"https:\\\/\\\/www.eldiario.net\\\/portal\\\/2025\\\/06\\\/06\\\/trump-amenaza-con-sanciones-a-rusia-y-ucrania-si-fracasa-la-paz-1916\\\/#primaryimage\",\"url\":\"https:\\\/\\\/www.eldiario.net\\\/portal\\\/wp-content\\\/uploads\\\/2025\\\/06\\\/trump-06.06.25-e1749251842336.png\",\"contentUrl\":\"https:\\\/\\\/www.eldiario.net\\\/portal\\\/wp-content\\\/uploads\\\/2025\\\/06\\\/trump-06.06.25-e1749251842336.png\",\"width\":380,\"height\":253,\"caption\":\"Foto: RR.SS.\"},{\"@type\":\"BreadcrumbList\",\"@id\":\"https:\\\/\\\/www.eldiario.net\\\/portal\\\/2025\\\/06\\\/06\\\/trump-amenaza-con-sanciones-a-rusia-y-ucrania-si-fracasa-la-paz-1916\\\/#breadcrumb\",\"itemListElement\":[{\"@type\":\"ListItem\",\"position\":1,\"name\":\"Portada\",\"item\":\"https:\\\/\\\/www.eldiario.net\\\/portal\\\/\"},{\"@type\":\"ListItem\",\"position\":2,\"name\":\"Trump amenaza con sanciones a Rusia y Ucrania si fracasa la paz. (19:16)\"}]},{\"@type\":\"WebSite\",\"@id\":\"https:\\\/\\\/www.eldiario.net\\\/portal\\\/#website\",\"url\":\"https:\\\/\\\/www.eldiario.net\\\/portal\\\/\",\"name\":\"El Diario - Decano de la prensa nacional\",\"description\":\"El Diario - Decano de la prensa nacional\",\"publisher\":{\"@id\":\"https:\\\/\\\/www.eldiario.net\\\/portal\\\/#organization\"},\"potentialAction\":[{\"@type\":\"SearchAction\",\"target\":{\"@type\":\"EntryPoint\",\"urlTemplate\":\"https:\\\/\\\/www.eldiario.net\\\/portal\\\/?s={search_term_string}\"},\"query-input\":{\"@type\":\"PropertyValueSpecification\",\"valueRequired\":true,\"valueName\":\"search_term_string\"}}],\"inLanguage\":\"es\"},{\"@type\":\"Organization\",\"@id\":\"https:\\\/\\\/www.eldiario.net\\\/portal\\\/#organization\",\"name\":\"El Diario - Decano de la prensa nacional\",\"url\":\"https:\\\/\\\/www.eldiario.net\\\/portal\\\/\",\"logo\":{\"@type\":\"ImageObject\",\"inLanguage\":\"es\",\"@id\":\"https:\\\/\\\/www.eldiario.net\\\/portal\\\/#\\\/schema\\\/logo\\\/image\\\/\",\"url\":\"https:\\\/\\\/www.eldiario.net\\\/portal\\\/wp-content\\\/uploads\\\/2023\\\/07\\\/logo_ED.jpg\",\"contentUrl\":\"https:\\\/\\\/www.eldiario.net\\\/portal\\\/wp-content\\\/uploads\\\/2023\\\/07\\\/logo_ED.jpg\",\"width\":272,\"height\":52,\"caption\":\"El Diario - Decano de la prensa nacional\"},\"image\":{\"@id\":\"https:\\\/\\\/www.eldiario.net\\\/portal\\\/#\\\/schema\\\/logo\\\/image\\\/\"},\"sameAs\":[\"https:\\\/\\\/www.facebook.com\\\/eldiario.bolivia\\\/\",\"https:\\\/\\\/x.com\\\/eldiario_net\"]},{\"@type\":\"Person\",\"@id\":\"https:\\\/\\\/www.eldiario.net\\\/portal\\\/#\\\/schema\\\/person\\\/ba370d92d160f4d3574381f6d9b78fab\",\"name\":\"Viviana Monrroy\",\"image\":{\"@type\":\"ImageObject\",\"inLanguage\":\"es\",\"@id\":\"https:\\\/\\\/secure.gravatar.com\\\/avatar\\\/dfd1611ed5600959a0e5a9754503b6c05d1dcf190010998e0363aee2ad98afca?s=96&d=mm&r=g\",\"url\":\"https:\\\/\\\/secure.gravatar.com\\\/avatar\\\/dfd1611ed5600959a0e5a9754503b6c05d1dcf190010998e0363aee2ad98afca?s=96&d=mm&r=g\",\"contentUrl\":\"https:\\\/\\\/secure.gravatar.com\\\/avatar\\\/dfd1611ed5600959a0e5a9754503b6c05d1dcf190010998e0363aee2ad98afca?s=96&d=mm&r=g\",\"caption\":\"Viviana Monrroy\"},\"sameAs\":[\"http:\\\/\\\/www.eldiario.net\"],\"url\":\"https:\\\/\\\/www.eldiario.net\\\/portal\\\/author\\\/vivianamonrroy\\\/\"}]}<\/script>\n<!-- \/ Yoast SEO plugin. -->","yoast_head_json":{"title":"Trump amenaza con sanciones a Rusia y Ucrania si fracasa la paz. (19:16) - El Diario - Bolivia","robots":{"index":"index","follow":"follow","max-snippet":"max-snippet:-1","max-image-preview":"max-image-preview:large","max-video-preview":"max-video-preview:-1"},"canonical":"https:\/\/www.eldiario.net\/portal\/2025\/06\/06\/trump-amenaza-con-sanciones-a-rusia-y-ucrania-si-fracasa-la-paz-1916\/","og_locale":"es_ES","og_type":"article","og_title":"Trump amenaza con sanciones a Rusia y Ucrania si fracasa la paz. (19:16) - El Diario - Bolivia","og_description":"En una advertencia inesperada, el presidente Donald Trump afirm\u00f3 que podr\u00eda imponer sanciones tanto a Rusia como a Ucrania si no se logra un acuerdo de paz, sugiriendo que la paciencia de Washington tiene l\u00edmites. Durante una reuni\u00f3n con el canciller alem\u00e1n Friedrich Merz, Trump indic\u00f3 que la decisi\u00f3n se tomar\u00e1 cuando \u00e9l lo considere [&hellip;]","og_url":"https:\/\/www.eldiario.net\/portal\/2025\/06\/06\/trump-amenaza-con-sanciones-a-rusia-y-ucrania-si-fracasa-la-paz-1916\/","og_site_name":"El Diario - Bolivia","article_publisher":"https:\/\/www.facebook.com\/eldiario.bolivia\/","article_published_time":"2025-06-06T23:17:45+00:00","og_image":[{"width":380,"height":253,"url":"https:\/\/www.eldiario.net\/portal\/wp-content\/uploads\/2025\/06\/trump-06.06.25-e1749251842336.png","type":"image\/png"}],"author":"Viviana Monrroy","twitter_card":"summary_large_image","twitter_creator":"@eldiario_net","twitter_site":"@eldiario_net","twitter_misc":{"Escrito por":"Viviana Monrroy","Tiempo de lectura":"1 minuto"},"schema":{"@context":"https:\/\/schema.org","@graph":[{"@type":"Article","@id":"https:\/\/www.eldiario.net\/portal\/2025\/06\/06\/trump-amenaza-con-sanciones-a-rusia-y-ucrania-si-fracasa-la-paz-1916\/#article","isPartOf":{"@id":"https:\/\/www.eldiario.net\/portal\/2025\/06\/06\/trump-amenaza-con-sanciones-a-rusia-y-ucrania-si-fracasa-la-paz-1916\/"},"author":{"name":"Viviana Monrroy","@id":"https:\/\/www.eldiario.net\/portal\/#\/schema\/person\/ba370d92d160f4d3574381f6d9b78fab"},"headline":"Trump amenaza con sanciones a Rusia y Ucrania si fracasa la paz. (19:16)","datePublished":"2025-06-06T23:17:45+00:00","mainEntityOfPage":{"@id":"https:\/\/www.eldiario.net\/portal\/2025\/06\/06\/trump-amenaza-con-sanciones-a-rusia-y-ucrania-si-fracasa-la-paz-1916\/"},"wordCount":123,"publisher":{"@id":"https:\/\/www.eldiario.net\/portal\/#organization"},"image":{"@id":"https:\/\/www.eldiario.net\/portal\/2025\/06\/06\/trump-amenaza-con-sanciones-a-rusia-y-ucrania-si-fracasa-la-paz-1916\/#primaryimage"},"thumbnailUrl":"https:\/\/www.eldiario.net\/portal\/wp-content\/uploads\/2025\/06\/trump-06.06.25-e1749251842336.png","articleSection":["\u00daltima Hora"],"inLanguage":"es"},{"@type":"WebPage","@id":"https:\/\/www.eldiario.net\/portal\/2025\/06\/06\/trump-amenaza-con-sanciones-a-rusia-y-ucrania-si-fracasa-la-paz-1916\/","url":"https:\/\/www.eldiario.net\/portal\/2025\/06\/06\/trump-amenaza-con-sanciones-a-rusia-y-ucrania-si-fracasa-la-paz-1916\/","name":"Trump amenaza con sanciones a Rusia y Ucrania si fracasa la paz. (19:16) - El Diario - Bolivia","isPartOf":{"@id":"https:\/\/www.eldiario.net\/portal\/#website"},"primaryImageOfPage":{"@id":"https:\/\/www.eldiario.net\/portal\/2025\/06\/06\/trump-amenaza-con-sanciones-a-rusia-y-ucrania-si-fracasa-la-paz-1916\/#primaryimage"},"image":{"@id":"https:\/\/www.eldiario.net\/portal\/2025\/06\/06\/trump-amenaza-con-sanciones-a-rusia-y-ucrania-si-fracasa-la-paz-1916\/#primaryimage"},"thumbnailUrl":"https:\/\/www.eldiario.net\/portal\/wp-content\/uploads\/2025\/06\/trump-06.06.25-e1749251842336.png","datePublished":"2025-06-06T23:17:45+00:00","breadcrumb":{"@id":"https:\/\/www.eldiario.net\/portal\/2025\/06\/06\/trump-amenaza-con-sanciones-a-rusia-y-ucrania-si-fracasa-la-paz-1916\/#breadcrumb"},"inLanguage":"es","potentialAction":[{"@type":"ReadAction","target":["https:\/\/www.eldiario.net\/portal\/2025\/06\/06\/trump-amenaza-con-sanciones-a-rusia-y-ucrania-si-fracasa-la-paz-1916\/"]}]},{"@type":"ImageObject","inLanguage":"es","@id":"https:\/\/www.eldiario.net\/portal\/2025\/06\/06\/trump-amenaza-con-sanciones-a-rusia-y-ucrania-si-fracasa-la-paz-1916\/#primaryimage","url":"https:\/\/www.eldiario.net\/portal\/wp-content\/uploads\/2025\/06\/trump-06.06.25-e1749251842336.png","contentUrl":"https:\/\/www.eldiario.net\/portal\/wp-content\/uploads\/2025\/06\/trump-06.06.25-e1749251842336.png","width":380,"height":253,"caption":"Foto: RR.SS."},{"@type":"BreadcrumbList","@id":"https:\/\/www.eldiario.net\/portal\/2025\/06\/06\/trump-amenaza-con-sanciones-a-rusia-y-ucrania-si-fracasa-la-paz-1916\/#breadcrumb","itemListElement":[{"@type":"ListItem","position":1,"name":"Portada","item":"https:\/\/www.eldiario.net\/portal\/"},{"@type":"ListItem","position":2,"name":"Trump amenaza con sanciones a Rusia y Ucrania si fracasa la paz. (19:16)"}]},{"@type":"WebSite","@id":"https:\/\/www.eldiario.net\/portal\/#website","url":"https:\/\/www.eldiario.net\/portal\/","name":"El Diario - Decano de la prensa nacional","description":"El Diario - Decano de la prensa nacional","publisher":{"@id":"https:\/\/www.eldiario.net\/portal\/#organization"},"potentialAction":[{"@type":"SearchAction","target":{"@type":"EntryPoint","urlTemplate":"https:\/\/www.eldiario.net\/portal\/?s={search_term_string}"},"query-input":{"@type":"PropertyValueSpecification","valueRequired":true,"valueName":"search_term_string"}}],"inLanguage":"es"},{"@type":"Organization","@id":"https:\/\/www.eldiario.net\/portal\/#organization","name":"El Diario - Decano de la prensa nacional","url":"https:\/\/www.eldiario.net\/portal\/","logo":{"@type":"ImageObject","inLanguage":"es","@id":"https:\/\/www.eldiario.net\/portal\/#\/schema\/logo\/image\/","url":"https:\/\/www.eldiario.net\/portal\/wp-content\/uploads\/2023\/07\/logo_ED.jpg","contentUrl":"https:\/\/www.eldiario.net\/portal\/wp-content\/uploads\/2023\/07\/logo_ED.jpg","width":272,"height":52,"caption":"El Diario - Decano de la prensa nacional"},"image":{"@id":"https:\/\/www.eldiario.net\/portal\/#\/schema\/logo\/image\/"},"sameAs":["https:\/\/www.facebook.com\/eldiario.bolivia\/","https:\/\/x.com\/eldiario_net"]},{"@type":"Person","@id":"https:\/\/www.eldiario.net\/portal\/#\/schema\/person\/ba370d92d160f4d3574381f6d9b78fab","name":"Viviana Monrroy","image":{"@type":"ImageObject","inLanguage":"es","@id":"https:\/\/secure.gravatar.com\/avatar\/dfd1611ed5600959a0e5a9754503b6c05d1dcf190010998e0363aee2ad98afca?s=96&d=mm&r=g","url":"https:\/\/secure.gravatar.com\/avatar\/dfd1611ed5600959a0e5a9754503b6c05d1dcf190010998e0363aee2ad98afca?s=96&d=mm&r=g","contentUrl":"https:\/\/secure.gravatar.com\/avatar\/dfd1611ed5600959a0e5a9754503b6c05d1dcf190010998e0363aee2ad98afca?s=96&d=mm&r=g","caption":"Viviana Monrroy"},"sameAs":["http:\/\/www.eldiario.net"],"url":"https:\/\/www.eldiario.net\/portal\/author\/vivianamonrroy\/"}]}},"_links":{"self":[{"href":"https:\/\/www.eldiario.net\/portal\/wp-json\/wp\/v2\/posts\/307857","targetHints":{"allow":["GET"]}}],"collection":[{"href":"https:\/\/www.eldiario.net\/portal\/wp-json\/wp\/v2\/posts"}],"about":[{"href":"https:\/\/www.eldiario.net\/portal\/wp-json\/wp\/v2\/types\/post"}],"author":[{"embeddable":true,"href":"https:\/\/www.eldiario.net\/portal\/wp-json\/wp\/v2\/users\/7"}],"replies":[{"embeddable":true,"href":"https:\/\/www.eldiario.net\/portal\/wp-json\/wp\/v2\/comments?post=307857"}],"version-history":[{"count":1,"href":"https:\/\/www.eldiario.net\/portal\/wp-json\/wp\/v2\/posts\/307857\/revisions"}],"predecessor-version":[{"id":307861,"href":"https:\/\/www.eldiario.net\/portal\/wp-json\/wp\/v2\/posts\/307857\/revisions\/307861"}],"wp:featuredmedia":[{"embeddable":true,"href":"https:\/\/www.eldiario.net\/portal\/wp-json\/wp\/v2\/media\/307860"}],"wp:attachment":[{"href":"https:\/\/www.eldiario.net\/portal\/wp-json\/wp\/v2\/media?parent=307857"}],"wp:term":[{"taxonomy":"category","embeddable":true,"href":"https:\/\/www.eldiario.net\/portal\/wp-json\/wp\/v2\/categories?post=307857"},{"taxonomy":"post_tag","embeddable":true,"href":"https:\/\/www.eldiario.net\/portal\/wp-json\/wp\/v2\/tags?post=307857"}],"curies":[{"name":"wp","href":"https:\/\/api.w.org\/{rel}","templated":true}]}}