{"id":307855,"date":"2025-06-06T19:14:13","date_gmt":"2025-06-06T23:14:13","guid":{"rendered":"https:\/\/www.eldiario.net\/portal\/?p=307855"},"modified":"2025-06-06T19:14:13","modified_gmt":"2025-06-06T23:14:13","slug":"milei-y-meloni-sellan-alianza-estrategica-sobre-vaca-muerta-1912","status":"publish","type":"post","link":"https:\/\/www.eldiario.net\/portal\/2025\/06\/06\/milei-y-meloni-sellan-alianza-estrategica-sobre-vaca-muerta-1912\/","title":{"rendered":"Milei y Meloni sellan alianza estrat\u00e9gica sobre Vaca Muerta. (19:12)"},"content":{"rendered":"<p>Durante una cena informal en el Palacio Chigi, el presidente argentino Javier Milei y la premier italiana Giorgia Meloni consolidaron su v\u00ednculo pol\u00edtico con la firma de un acuerdo entre YPF y la energ\u00e9tica estatal ENI para ampliar la explotaci\u00f3n de gas en el yacimiento de hidrocarburos Vaca Muerta.<\/p>\n<p>El pacto representa un hito en la relaci\u00f3n bilateral, apuntalado por afinidades ideol\u00f3gicas y el objetivo compartido de reforzar los lazos econ\u00f3micos entre Argentina e Italia.<\/p>\n<p>El encuentro marc\u00f3 el inicio de una intensa gira internacional de Milei, que incluye audiencias en El Vaticano, Francia, Espa\u00f1a e Israel.<\/p>\n<p>Acompa\u00f1ado por su hermana Karina Milei y el canciller Gerardo Werthein, el mandatario tambi\u00e9n busca proyectar una imagen de apertura diplom\u00e1tica y atraer inversiones, en un contexto regional y global marcado por tensiones pol\u00edticas, migratorias y econ\u00f3micas.<\/p>\n","protected":false},"excerpt":{"rendered":"<p>Durante una cena informal en el Palacio Chigi, el presidente argentino Javier Milei y la premier italiana Giorgia Meloni consolidaron su v\u00ednculo pol\u00edtico con la firma de un acuerdo entre YPF y la energ\u00e9tica estatal ENI para ampliar la explotaci\u00f3n de gas en el yacimiento de hidrocarburos Vaca Muerta. El pacto representa un hito en [&hellip;]<\/p>\n","protected":false},"author":7,"featured_media":307856,"comment_status":"closed","ping_status":"open","sticky":false,"template":"","format":"standard","meta":{"_acf_changed":false,"footnotes":""},"categories":[51],"tags":[],"class_list":["post-307855","post","type-post","status-publish","format-standard","has-post-thumbnail","category-ultima-hora"],"acf":{"antetitulo":""},"yoast_head":"<!-- This site is optimized with the Yoast SEO plugin v28.3 - https:\/\/yoast.com\/product\/yoast-seo-wordpress\/ -->\n<title>Milei y Meloni sellan alianza estrat\u00e9gica sobre Vaca Muerta. (19:12) - El Diario - Bolivia<\/title>\n<meta name=\"robots\" content=\"index, follow, max-snippet:-1, max-image-preview:large, max-video-preview:-1\" \/>\n<link rel=\"canonical\" href=\"https:\/\/www.eldiario.net\/portal\/2025\/06\/06\/milei-y-meloni-sellan-alianza-estrategica-sobre-vaca-muerta-1912\/\" \/>\n<meta property=\"og:locale\" content=\"es_ES\" \/>\n<meta property=\"og:type\" content=\"article\" \/>\n<meta property=\"og:title\" content=\"Milei y Meloni sellan alianza estrat\u00e9gica sobre Vaca Muerta. (19:12) - El Diario - Bolivia\" \/>\n<meta property=\"og:description\" content=\"Durante una cena informal en el Palacio Chigi, el presidente argentino Javier Milei y la premier italiana Giorgia Meloni consolidaron su v\u00ednculo pol\u00edtico con la firma de un acuerdo entre YPF y la energ\u00e9tica estatal ENI para ampliar la explotaci\u00f3n de gas en el yacimiento de hidrocarburos Vaca Muerta. El pacto representa un hito en [&hellip;]\" \/>\n<meta property=\"og:url\" content=\"https:\/\/www.eldiario.net\/portal\/2025\/06\/06\/milei-y-meloni-sellan-alianza-estrategica-sobre-vaca-muerta-1912\/\" \/>\n<meta property=\"og:site_name\" content=\"El Diario - Bolivia\" \/>\n<meta property=\"article:publisher\" content=\"https:\/\/www.facebook.com\/eldiario.bolivia\/\" \/>\n<meta property=\"article:published_time\" content=\"2025-06-06T23:14:13+00:00\" \/>\n<meta property=\"og:image\" content=\"https:\/\/www.eldiario.net\/portal\/wp-content\/uploads\/2025\/06\/milei-melodi-e1749251626864.png\" \/>\n\t<meta property=\"og:image:width\" content=\"380\" \/>\n\t<meta property=\"og:image:height\" content=\"224\" \/>\n\t<meta property=\"og:image:type\" content=\"image\/png\" \/>\n<meta name=\"author\" content=\"Viviana Monrroy\" \/>\n<meta name=\"twitter:card\" content=\"summary_large_image\" \/>\n<meta name=\"twitter:creator\" content=\"@eldiario_net\" \/>\n<meta name=\"twitter:site\" content=\"@eldiario_net\" \/>\n<meta name=\"twitter:label1\" content=\"Escrito por\" \/>\n\t<meta name=\"twitter:data1\" content=\"Viviana Monrroy\" \/>\n\t<meta name=\"twitter:label2\" content=\"Tiempo de lectura\" \/>\n\t<meta name=\"twitter:data2\" content=\"1 minuto\" \/>\n<script type=\"application\/ld+json\" class=\"yoast-schema-graph\">{\"@context\":\"https:\\\/\\\/schema.org\",\"@graph\":[{\"@type\":\"Article\",\"@id\":\"https:\\\/\\\/www.eldiario.net\\\/portal\\\/2025\\\/06\\\/06\\\/milei-y-meloni-sellan-alianza-estrategica-sobre-vaca-muerta-1912\\\/#article\",\"isPartOf\":{\"@id\":\"https:\\\/\\\/www.eldiario.net\\\/portal\\\/2025\\\/06\\\/06\\\/milei-y-meloni-sellan-alianza-estrategica-sobre-vaca-muerta-1912\\\/\"},\"author\":{\"name\":\"Viviana Monrroy\",\"@id\":\"https:\\\/\\\/www.eldiario.net\\\/portal\\\/#\\\/schema\\\/person\\\/ba370d92d160f4d3574381f6d9b78fab\"},\"headline\":\"Milei y Meloni sellan alianza estrat\u00e9gica sobre Vaca Muerta. (19:12)\",\"datePublished\":\"2025-06-06T23:14:13+00:00\",\"mainEntityOfPage\":{\"@id\":\"https:\\\/\\\/www.eldiario.net\\\/portal\\\/2025\\\/06\\\/06\\\/milei-y-meloni-sellan-alianza-estrategica-sobre-vaca-muerta-1912\\\/\"},\"wordCount\":157,\"publisher\":{\"@id\":\"https:\\\/\\\/www.eldiario.net\\\/portal\\\/#organization\"},\"image\":{\"@id\":\"https:\\\/\\\/www.eldiario.net\\\/portal\\\/2025\\\/06\\\/06\\\/milei-y-meloni-sellan-alianza-estrategica-sobre-vaca-muerta-1912\\\/#primaryimage\"},\"thumbnailUrl\":\"https:\\\/\\\/www.eldiario.net\\\/portal\\\/wp-content\\\/uploads\\\/2025\\\/06\\\/milei-melodi-e1749251626864.png\",\"articleSection\":[\"\u00daltima Hora\"],\"inLanguage\":\"es\"},{\"@type\":\"WebPage\",\"@id\":\"https:\\\/\\\/www.eldiario.net\\\/portal\\\/2025\\\/06\\\/06\\\/milei-y-meloni-sellan-alianza-estrategica-sobre-vaca-muerta-1912\\\/\",\"url\":\"https:\\\/\\\/www.eldiario.net\\\/portal\\\/2025\\\/06\\\/06\\\/milei-y-meloni-sellan-alianza-estrategica-sobre-vaca-muerta-1912\\\/\",\"name\":\"Milei y Meloni sellan alianza estrat\u00e9gica sobre Vaca Muerta. (19:12) - El Diario - Bolivia\",\"isPartOf\":{\"@id\":\"https:\\\/\\\/www.eldiario.net\\\/portal\\\/#website\"},\"primaryImageOfPage\":{\"@id\":\"https:\\\/\\\/www.eldiario.net\\\/portal\\\/2025\\\/06\\\/06\\\/milei-y-meloni-sellan-alianza-estrategica-sobre-vaca-muerta-1912\\\/#primaryimage\"},\"image\":{\"@id\":\"https:\\\/\\\/www.eldiario.net\\\/portal\\\/2025\\\/06\\\/06\\\/milei-y-meloni-sellan-alianza-estrategica-sobre-vaca-muerta-1912\\\/#primaryimage\"},\"thumbnailUrl\":\"https:\\\/\\\/www.eldiario.net\\\/portal\\\/wp-content\\\/uploads\\\/2025\\\/06\\\/milei-melodi-e1749251626864.png\",\"datePublished\":\"2025-06-06T23:14:13+00:00\",\"breadcrumb\":{\"@id\":\"https:\\\/\\\/www.eldiario.net\\\/portal\\\/2025\\\/06\\\/06\\\/milei-y-meloni-sellan-alianza-estrategica-sobre-vaca-muerta-1912\\\/#breadcrumb\"},\"inLanguage\":\"es\",\"potentialAction\":[{\"@type\":\"ReadAction\",\"target\":[\"https:\\\/\\\/www.eldiario.net\\\/portal\\\/2025\\\/06\\\/06\\\/milei-y-meloni-sellan-alianza-estrategica-sobre-vaca-muerta-1912\\\/\"]}]},{\"@type\":\"ImageObject\",\"inLanguage\":\"es\",\"@id\":\"https:\\\/\\\/www.eldiario.net\\\/portal\\\/2025\\\/06\\\/06\\\/milei-y-meloni-sellan-alianza-estrategica-sobre-vaca-muerta-1912\\\/#primaryimage\",\"url\":\"https:\\\/\\\/www.eldiario.net\\\/portal\\\/wp-content\\\/uploads\\\/2025\\\/06\\\/milei-melodi-e1749251626864.png\",\"contentUrl\":\"https:\\\/\\\/www.eldiario.net\\\/portal\\\/wp-content\\\/uploads\\\/2025\\\/06\\\/milei-melodi-e1749251626864.png\",\"width\":380,\"height\":224,\"caption\":\"Foto: RR.SS.\"},{\"@type\":\"BreadcrumbList\",\"@id\":\"https:\\\/\\\/www.eldiario.net\\\/portal\\\/2025\\\/06\\\/06\\\/milei-y-meloni-sellan-alianza-estrategica-sobre-vaca-muerta-1912\\\/#breadcrumb\",\"itemListElement\":[{\"@type\":\"ListItem\",\"position\":1,\"name\":\"Portada\",\"item\":\"https:\\\/\\\/www.eldiario.net\\\/portal\\\/\"},{\"@type\":\"ListItem\",\"position\":2,\"name\":\"Milei y Meloni sellan alianza estrat\u00e9gica sobre Vaca Muerta. (19:12)\"}]},{\"@type\":\"WebSite\",\"@id\":\"https:\\\/\\\/www.eldiario.net\\\/portal\\\/#website\",\"url\":\"https:\\\/\\\/www.eldiario.net\\\/portal\\\/\",\"name\":\"El Diario - Decano de la prensa nacional\",\"description\":\"El Diario - Decano de la prensa nacional\",\"publisher\":{\"@id\":\"https:\\\/\\\/www.eldiario.net\\\/portal\\\/#organization\"},\"potentialAction\":[{\"@type\":\"SearchAction\",\"target\":{\"@type\":\"EntryPoint\",\"urlTemplate\":\"https:\\\/\\\/www.eldiario.net\\\/portal\\\/?s={search_term_string}\"},\"query-input\":{\"@type\":\"PropertyValueSpecification\",\"valueRequired\":true,\"valueName\":\"search_term_string\"}}],\"inLanguage\":\"es\"},{\"@type\":\"Organization\",\"@id\":\"https:\\\/\\\/www.eldiario.net\\\/portal\\\/#organization\",\"name\":\"El Diario - Decano de la prensa nacional\",\"url\":\"https:\\\/\\\/www.eldiario.net\\\/portal\\\/\",\"logo\":{\"@type\":\"ImageObject\",\"inLanguage\":\"es\",\"@id\":\"https:\\\/\\\/www.eldiario.net\\\/portal\\\/#\\\/schema\\\/logo\\\/image\\\/\",\"url\":\"https:\\\/\\\/www.eldiario.net\\\/portal\\\/wp-content\\\/uploads\\\/2023\\\/07\\\/logo_ED.jpg\",\"contentUrl\":\"https:\\\/\\\/www.eldiario.net\\\/portal\\\/wp-content\\\/uploads\\\/2023\\\/07\\\/logo_ED.jpg\",\"width\":272,\"height\":52,\"caption\":\"El Diario - Decano de la prensa nacional\"},\"image\":{\"@id\":\"https:\\\/\\\/www.eldiario.net\\\/portal\\\/#\\\/schema\\\/logo\\\/image\\\/\"},\"sameAs\":[\"https:\\\/\\\/www.facebook.com\\\/eldiario.bolivia\\\/\",\"https:\\\/\\\/x.com\\\/eldiario_net\"]},{\"@type\":\"Person\",\"@id\":\"https:\\\/\\\/www.eldiario.net\\\/portal\\\/#\\\/schema\\\/person\\\/ba370d92d160f4d3574381f6d9b78fab\",\"name\":\"Viviana Monrroy\",\"image\":{\"@type\":\"ImageObject\",\"inLanguage\":\"es\",\"@id\":\"https:\\\/\\\/secure.gravatar.com\\\/avatar\\\/dfd1611ed5600959a0e5a9754503b6c05d1dcf190010998e0363aee2ad98afca?s=96&d=mm&r=g\",\"url\":\"https:\\\/\\\/secure.gravatar.com\\\/avatar\\\/dfd1611ed5600959a0e5a9754503b6c05d1dcf190010998e0363aee2ad98afca?s=96&d=mm&r=g\",\"contentUrl\":\"https:\\\/\\\/secure.gravatar.com\\\/avatar\\\/dfd1611ed5600959a0e5a9754503b6c05d1dcf190010998e0363aee2ad98afca?s=96&d=mm&r=g\",\"caption\":\"Viviana Monrroy\"},\"sameAs\":[\"http:\\\/\\\/www.eldiario.net\"],\"url\":\"https:\\\/\\\/www.eldiario.net\\\/portal\\\/author\\\/vivianamonrroy\\\/\"}]}<\/script>\n<!-- \/ Yoast SEO plugin. -->","yoast_head_json":{"title":"Milei y Meloni sellan alianza estrat\u00e9gica sobre Vaca Muerta. (19:12) - El Diario - Bolivia","robots":{"index":"index","follow":"follow","max-snippet":"max-snippet:-1","max-image-preview":"max-image-preview:large","max-video-preview":"max-video-preview:-1"},"canonical":"https:\/\/www.eldiario.net\/portal\/2025\/06\/06\/milei-y-meloni-sellan-alianza-estrategica-sobre-vaca-muerta-1912\/","og_locale":"es_ES","og_type":"article","og_title":"Milei y Meloni sellan alianza estrat\u00e9gica sobre Vaca Muerta. (19:12) - El Diario - Bolivia","og_description":"Durante una cena informal en el Palacio Chigi, el presidente argentino Javier Milei y la premier italiana Giorgia Meloni consolidaron su v\u00ednculo pol\u00edtico con la firma de un acuerdo entre YPF y la energ\u00e9tica estatal ENI para ampliar la explotaci\u00f3n de gas en el yacimiento de hidrocarburos Vaca Muerta. El pacto representa un hito en [&hellip;]","og_url":"https:\/\/www.eldiario.net\/portal\/2025\/06\/06\/milei-y-meloni-sellan-alianza-estrategica-sobre-vaca-muerta-1912\/","og_site_name":"El Diario - Bolivia","article_publisher":"https:\/\/www.facebook.com\/eldiario.bolivia\/","article_published_time":"2025-06-06T23:14:13+00:00","og_image":[{"width":380,"height":224,"url":"https:\/\/www.eldiario.net\/portal\/wp-content\/uploads\/2025\/06\/milei-melodi-e1749251626864.png","type":"image\/png"}],"author":"Viviana Monrroy","twitter_card":"summary_large_image","twitter_creator":"@eldiario_net","twitter_site":"@eldiario_net","twitter_misc":{"Escrito por":"Viviana Monrroy","Tiempo de lectura":"1 minuto"},"schema":{"@context":"https:\/\/schema.org","@graph":[{"@type":"Article","@id":"https:\/\/www.eldiario.net\/portal\/2025\/06\/06\/milei-y-meloni-sellan-alianza-estrategica-sobre-vaca-muerta-1912\/#article","isPartOf":{"@id":"https:\/\/www.eldiario.net\/portal\/2025\/06\/06\/milei-y-meloni-sellan-alianza-estrategica-sobre-vaca-muerta-1912\/"},"author":{"name":"Viviana Monrroy","@id":"https:\/\/www.eldiario.net\/portal\/#\/schema\/person\/ba370d92d160f4d3574381f6d9b78fab"},"headline":"Milei y Meloni sellan alianza estrat\u00e9gica sobre Vaca Muerta. (19:12)","datePublished":"2025-06-06T23:14:13+00:00","mainEntityOfPage":{"@id":"https:\/\/www.eldiario.net\/portal\/2025\/06\/06\/milei-y-meloni-sellan-alianza-estrategica-sobre-vaca-muerta-1912\/"},"wordCount":157,"publisher":{"@id":"https:\/\/www.eldiario.net\/portal\/#organization"},"image":{"@id":"https:\/\/www.eldiario.net\/portal\/2025\/06\/06\/milei-y-meloni-sellan-alianza-estrategica-sobre-vaca-muerta-1912\/#primaryimage"},"thumbnailUrl":"https:\/\/www.eldiario.net\/portal\/wp-content\/uploads\/2025\/06\/milei-melodi-e1749251626864.png","articleSection":["\u00daltima Hora"],"inLanguage":"es"},{"@type":"WebPage","@id":"https:\/\/www.eldiario.net\/portal\/2025\/06\/06\/milei-y-meloni-sellan-alianza-estrategica-sobre-vaca-muerta-1912\/","url":"https:\/\/www.eldiario.net\/portal\/2025\/06\/06\/milei-y-meloni-sellan-alianza-estrategica-sobre-vaca-muerta-1912\/","name":"Milei y Meloni sellan alianza estrat\u00e9gica sobre Vaca Muerta. (19:12) - El Diario - Bolivia","isPartOf":{"@id":"https:\/\/www.eldiario.net\/portal\/#website"},"primaryImageOfPage":{"@id":"https:\/\/www.eldiario.net\/portal\/2025\/06\/06\/milei-y-meloni-sellan-alianza-estrategica-sobre-vaca-muerta-1912\/#primaryimage"},"image":{"@id":"https:\/\/www.eldiario.net\/portal\/2025\/06\/06\/milei-y-meloni-sellan-alianza-estrategica-sobre-vaca-muerta-1912\/#primaryimage"},"thumbnailUrl":"https:\/\/www.eldiario.net\/portal\/wp-content\/uploads\/2025\/06\/milei-melodi-e1749251626864.png","datePublished":"2025-06-06T23:14:13+00:00","breadcrumb":{"@id":"https:\/\/www.eldiario.net\/portal\/2025\/06\/06\/milei-y-meloni-sellan-alianza-estrategica-sobre-vaca-muerta-1912\/#breadcrumb"},"inLanguage":"es","potentialAction":[{"@type":"ReadAction","target":["https:\/\/www.eldiario.net\/portal\/2025\/06\/06\/milei-y-meloni-sellan-alianza-estrategica-sobre-vaca-muerta-1912\/"]}]},{"@type":"ImageObject","inLanguage":"es","@id":"https:\/\/www.eldiario.net\/portal\/2025\/06\/06\/milei-y-meloni-sellan-alianza-estrategica-sobre-vaca-muerta-1912\/#primaryimage","url":"https:\/\/www.eldiario.net\/portal\/wp-content\/uploads\/2025\/06\/milei-melodi-e1749251626864.png","contentUrl":"https:\/\/www.eldiario.net\/portal\/wp-content\/uploads\/2025\/06\/milei-melodi-e1749251626864.png","width":380,"height":224,"caption":"Foto: RR.SS."},{"@type":"BreadcrumbList","@id":"https:\/\/www.eldiario.net\/portal\/2025\/06\/06\/milei-y-meloni-sellan-alianza-estrategica-sobre-vaca-muerta-1912\/#breadcrumb","itemListElement":[{"@type":"ListItem","position":1,"name":"Portada","item":"https:\/\/www.eldiario.net\/portal\/"},{"@type":"ListItem","position":2,"name":"Milei y Meloni sellan alianza estrat\u00e9gica sobre Vaca Muerta. (19:12)"}]},{"@type":"WebSite","@id":"https:\/\/www.eldiario.net\/portal\/#website","url":"https:\/\/www.eldiario.net\/portal\/","name":"El Diario - Decano de la prensa nacional","description":"El Diario - Decano de la prensa nacional","publisher":{"@id":"https:\/\/www.eldiario.net\/portal\/#organization"},"potentialAction":[{"@type":"SearchAction","target":{"@type":"EntryPoint","urlTemplate":"https:\/\/www.eldiario.net\/portal\/?s={search_term_string}"},"query-input":{"@type":"PropertyValueSpecification","valueRequired":true,"valueName":"search_term_string"}}],"inLanguage":"es"},{"@type":"Organization","@id":"https:\/\/www.eldiario.net\/portal\/#organization","name":"El Diario - Decano de la prensa nacional","url":"https:\/\/www.eldiario.net\/portal\/","logo":{"@type":"ImageObject","inLanguage":"es","@id":"https:\/\/www.eldiario.net\/portal\/#\/schema\/logo\/image\/","url":"https:\/\/www.eldiario.net\/portal\/wp-content\/uploads\/2023\/07\/logo_ED.jpg","contentUrl":"https:\/\/www.eldiario.net\/portal\/wp-content\/uploads\/2023\/07\/logo_ED.jpg","width":272,"height":52,"caption":"El Diario - Decano de la prensa nacional"},"image":{"@id":"https:\/\/www.eldiario.net\/portal\/#\/schema\/logo\/image\/"},"sameAs":["https:\/\/www.facebook.com\/eldiario.bolivia\/","https:\/\/x.com\/eldiario_net"]},{"@type":"Person","@id":"https:\/\/www.eldiario.net\/portal\/#\/schema\/person\/ba370d92d160f4d3574381f6d9b78fab","name":"Viviana Monrroy","image":{"@type":"ImageObject","inLanguage":"es","@id":"https:\/\/secure.gravatar.com\/avatar\/dfd1611ed5600959a0e5a9754503b6c05d1dcf190010998e0363aee2ad98afca?s=96&d=mm&r=g","url":"https:\/\/secure.gravatar.com\/avatar\/dfd1611ed5600959a0e5a9754503b6c05d1dcf190010998e0363aee2ad98afca?s=96&d=mm&r=g","contentUrl":"https:\/\/secure.gravatar.com\/avatar\/dfd1611ed5600959a0e5a9754503b6c05d1dcf190010998e0363aee2ad98afca?s=96&d=mm&r=g","caption":"Viviana Monrroy"},"sameAs":["http:\/\/www.eldiario.net"],"url":"https:\/\/www.eldiario.net\/portal\/author\/vivianamonrroy\/"}]}},"_links":{"self":[{"href":"https:\/\/www.eldiario.net\/portal\/wp-json\/wp\/v2\/posts\/307855","targetHints":{"allow":["GET"]}}],"collection":[{"href":"https:\/\/www.eldiario.net\/portal\/wp-json\/wp\/v2\/posts"}],"about":[{"href":"https:\/\/www.eldiario.net\/portal\/wp-json\/wp\/v2\/types\/post"}],"author":[{"embeddable":true,"href":"https:\/\/www.eldiario.net\/portal\/wp-json\/wp\/v2\/users\/7"}],"replies":[{"embeddable":true,"href":"https:\/\/www.eldiario.net\/portal\/wp-json\/wp\/v2\/comments?post=307855"}],"version-history":[{"count":1,"href":"https:\/\/www.eldiario.net\/portal\/wp-json\/wp\/v2\/posts\/307855\/revisions"}],"predecessor-version":[{"id":307859,"href":"https:\/\/www.eldiario.net\/portal\/wp-json\/wp\/v2\/posts\/307855\/revisions\/307859"}],"wp:featuredmedia":[{"embeddable":true,"href":"https:\/\/www.eldiario.net\/portal\/wp-json\/wp\/v2\/media\/307856"}],"wp:attachment":[{"href":"https:\/\/www.eldiario.net\/portal\/wp-json\/wp\/v2\/media?parent=307855"}],"wp:term":[{"taxonomy":"category","embeddable":true,"href":"https:\/\/www.eldiario.net\/portal\/wp-json\/wp\/v2\/categories?post=307855"},{"taxonomy":"post_tag","embeddable":true,"href":"https:\/\/www.eldiario.net\/portal\/wp-json\/wp\/v2\/tags?post=307855"}],"curies":[{"name":"wp","href":"https:\/\/api.w.org\/{rel}","templated":true}]}}