{"id":307844,"date":"2025-06-06T18:29:14","date_gmt":"2025-06-06T22:29:14","guid":{"rendered":"https:\/\/www.eldiario.net\/portal\/?p=307844"},"modified":"2025-06-06T18:29:14","modified_gmt":"2025-06-06T22:29:14","slug":"tse-habilita-diez-binomios-y-ratifica-elecciones-generales-1828","status":"publish","type":"post","link":"https:\/\/www.eldiario.net\/portal\/2025\/06\/06\/tse-habilita-diez-binomios-y-ratifica-elecciones-generales-1828\/","title":{"rendered":"TSE habilita diez binomios y ratifica elecciones generales. (18:28)"},"content":{"rendered":"<p>El Tribunal Supremo Electoral (TSE) confirm\u00f3 este viernes que los 10 binomios presidenciales inscritos por partidos y alianzas est\u00e1n oficialmente habilitados para participar en las elecciones generales del 17 de agosto.<\/p>\n<p>El presidente del TSE, \u00d3scar Hassenteufel, asegur\u00f3 que \u201cno hay ning\u00fan inhabilitado\u201d en las candidaturas a la Presidencia y Vicepresidencia, y ratific\u00f3 que los comicios est\u00e1n garantizados, pese a las presiones sociales por la habilitaci\u00f3n de Evo Morales.<\/p>\n<p>Entre los binomios habilitados figuran Andr\u00f3nico Rodr\u00edguez con Mariana Prado, Samuel Doria Medina con Jos\u00e9 Luis Lupo y Eva Copa con Jorge Richter.<\/p>\n<p>En total, se registraron 3.290 postulaciones para distintos cargos, de las cuales 1.180 fueron habilitadas, el 35,87%. Jaime Dunn, inicialmente considerado como candidato, no figura en la lista por no cumplir requisitos, aunque podr\u00eda ser inscrito m\u00e1s adelante.<\/p>\n","protected":false},"excerpt":{"rendered":"<p>El Tribunal Supremo Electoral (TSE) confirm\u00f3 este viernes que los 10 binomios presidenciales inscritos por partidos y alianzas est\u00e1n oficialmente habilitados para participar en las elecciones generales del 17 de agosto. El presidente del TSE, \u00d3scar Hassenteufel, asegur\u00f3 que \u201cno hay ning\u00fan inhabilitado\u201d en las candidaturas a la Presidencia y Vicepresidencia, y ratific\u00f3 que los [&hellip;]<\/p>\n","protected":false},"author":7,"featured_media":307845,"comment_status":"closed","ping_status":"open","sticky":false,"template":"","format":"standard","meta":{"_acf_changed":false,"footnotes":""},"categories":[51],"tags":[],"class_list":["post-307844","post","type-post","status-publish","format-standard","has-post-thumbnail","category-ultima-hora"],"acf":{"antetitulo":""},"yoast_head":"<!-- This site is optimized with the Yoast SEO plugin v28.3 - https:\/\/yoast.com\/product\/yoast-seo-wordpress\/ -->\n<title>TSE habilita diez binomios y ratifica elecciones generales. (18:28) - El Diario - Bolivia<\/title>\n<meta name=\"robots\" content=\"index, follow, max-snippet:-1, max-image-preview:large, max-video-preview:-1\" \/>\n<link rel=\"canonical\" href=\"https:\/\/www.eldiario.net\/portal\/2025\/06\/06\/tse-habilita-diez-binomios-y-ratifica-elecciones-generales-1828\/\" \/>\n<meta property=\"og:locale\" content=\"es_ES\" \/>\n<meta property=\"og:type\" content=\"article\" \/>\n<meta property=\"og:title\" content=\"TSE habilita diez binomios y ratifica elecciones generales. (18:28) - El Diario - Bolivia\" \/>\n<meta property=\"og:description\" content=\"El Tribunal Supremo Electoral (TSE) confirm\u00f3 este viernes que los 10 binomios presidenciales inscritos por partidos y alianzas est\u00e1n oficialmente habilitados para participar en las elecciones generales del 17 de agosto. El presidente del TSE, \u00d3scar Hassenteufel, asegur\u00f3 que \u201cno hay ning\u00fan inhabilitado\u201d en las candidaturas a la Presidencia y Vicepresidencia, y ratific\u00f3 que los [&hellip;]\" \/>\n<meta property=\"og:url\" content=\"https:\/\/www.eldiario.net\/portal\/2025\/06\/06\/tse-habilita-diez-binomios-y-ratifica-elecciones-generales-1828\/\" \/>\n<meta property=\"og:site_name\" content=\"El Diario - Bolivia\" \/>\n<meta property=\"article:publisher\" content=\"https:\/\/www.facebook.com\/eldiario.bolivia\/\" \/>\n<meta property=\"article:published_time\" content=\"2025-06-06T22:29:14+00:00\" \/>\n<meta property=\"og:image\" content=\"https:\/\/www.eldiario.net\/portal\/wp-content\/uploads\/2025\/06\/tse-06.06.25-e1749248862569.jpg\" \/>\n\t<meta property=\"og:image:width\" content=\"380\" \/>\n\t<meta property=\"og:image:height\" content=\"229\" \/>\n\t<meta property=\"og:image:type\" content=\"image\/jpeg\" \/>\n<meta name=\"author\" content=\"Viviana Monrroy\" \/>\n<meta name=\"twitter:card\" content=\"summary_large_image\" \/>\n<meta name=\"twitter:creator\" content=\"@eldiario_net\" \/>\n<meta name=\"twitter:site\" content=\"@eldiario_net\" \/>\n<meta name=\"twitter:label1\" content=\"Escrito por\" \/>\n\t<meta name=\"twitter:data1\" content=\"Viviana Monrroy\" \/>\n\t<meta name=\"twitter:label2\" content=\"Tiempo de lectura\" \/>\n\t<meta name=\"twitter:data2\" content=\"1 minuto\" \/>\n<script type=\"application\/ld+json\" class=\"yoast-schema-graph\">{\"@context\":\"https:\\\/\\\/schema.org\",\"@graph\":[{\"@type\":\"Article\",\"@id\":\"https:\\\/\\\/www.eldiario.net\\\/portal\\\/2025\\\/06\\\/06\\\/tse-habilita-diez-binomios-y-ratifica-elecciones-generales-1828\\\/#article\",\"isPartOf\":{\"@id\":\"https:\\\/\\\/www.eldiario.net\\\/portal\\\/2025\\\/06\\\/06\\\/tse-habilita-diez-binomios-y-ratifica-elecciones-generales-1828\\\/\"},\"author\":{\"name\":\"Viviana Monrroy\",\"@id\":\"https:\\\/\\\/www.eldiario.net\\\/portal\\\/#\\\/schema\\\/person\\\/ba370d92d160f4d3574381f6d9b78fab\"},\"headline\":\"TSE habilita diez binomios y ratifica elecciones generales. (18:28)\",\"datePublished\":\"2025-06-06T22:29:14+00:00\",\"mainEntityOfPage\":{\"@id\":\"https:\\\/\\\/www.eldiario.net\\\/portal\\\/2025\\\/06\\\/06\\\/tse-habilita-diez-binomios-y-ratifica-elecciones-generales-1828\\\/\"},\"wordCount\":141,\"publisher\":{\"@id\":\"https:\\\/\\\/www.eldiario.net\\\/portal\\\/#organization\"},\"image\":{\"@id\":\"https:\\\/\\\/www.eldiario.net\\\/portal\\\/2025\\\/06\\\/06\\\/tse-habilita-diez-binomios-y-ratifica-elecciones-generales-1828\\\/#primaryimage\"},\"thumbnailUrl\":\"https:\\\/\\\/www.eldiario.net\\\/portal\\\/wp-content\\\/uploads\\\/2025\\\/06\\\/tse-06.06.25-e1749248862569.jpg\",\"articleSection\":[\"\u00daltima Hora\"],\"inLanguage\":\"es\"},{\"@type\":\"WebPage\",\"@id\":\"https:\\\/\\\/www.eldiario.net\\\/portal\\\/2025\\\/06\\\/06\\\/tse-habilita-diez-binomios-y-ratifica-elecciones-generales-1828\\\/\",\"url\":\"https:\\\/\\\/www.eldiario.net\\\/portal\\\/2025\\\/06\\\/06\\\/tse-habilita-diez-binomios-y-ratifica-elecciones-generales-1828\\\/\",\"name\":\"TSE habilita diez binomios y ratifica elecciones generales. (18:28) - El Diario - Bolivia\",\"isPartOf\":{\"@id\":\"https:\\\/\\\/www.eldiario.net\\\/portal\\\/#website\"},\"primaryImageOfPage\":{\"@id\":\"https:\\\/\\\/www.eldiario.net\\\/portal\\\/2025\\\/06\\\/06\\\/tse-habilita-diez-binomios-y-ratifica-elecciones-generales-1828\\\/#primaryimage\"},\"image\":{\"@id\":\"https:\\\/\\\/www.eldiario.net\\\/portal\\\/2025\\\/06\\\/06\\\/tse-habilita-diez-binomios-y-ratifica-elecciones-generales-1828\\\/#primaryimage\"},\"thumbnailUrl\":\"https:\\\/\\\/www.eldiario.net\\\/portal\\\/wp-content\\\/uploads\\\/2025\\\/06\\\/tse-06.06.25-e1749248862569.jpg\",\"datePublished\":\"2025-06-06T22:29:14+00:00\",\"breadcrumb\":{\"@id\":\"https:\\\/\\\/www.eldiario.net\\\/portal\\\/2025\\\/06\\\/06\\\/tse-habilita-diez-binomios-y-ratifica-elecciones-generales-1828\\\/#breadcrumb\"},\"inLanguage\":\"es\",\"potentialAction\":[{\"@type\":\"ReadAction\",\"target\":[\"https:\\\/\\\/www.eldiario.net\\\/portal\\\/2025\\\/06\\\/06\\\/tse-habilita-diez-binomios-y-ratifica-elecciones-generales-1828\\\/\"]}]},{\"@type\":\"ImageObject\",\"inLanguage\":\"es\",\"@id\":\"https:\\\/\\\/www.eldiario.net\\\/portal\\\/2025\\\/06\\\/06\\\/tse-habilita-diez-binomios-y-ratifica-elecciones-generales-1828\\\/#primaryimage\",\"url\":\"https:\\\/\\\/www.eldiario.net\\\/portal\\\/wp-content\\\/uploads\\\/2025\\\/06\\\/tse-06.06.25-e1749248862569.jpg\",\"contentUrl\":\"https:\\\/\\\/www.eldiario.net\\\/portal\\\/wp-content\\\/uploads\\\/2025\\\/06\\\/tse-06.06.25-e1749248862569.jpg\",\"width\":380,\"height\":229,\"caption\":\"Foto: RR.SS.\"},{\"@type\":\"BreadcrumbList\",\"@id\":\"https:\\\/\\\/www.eldiario.net\\\/portal\\\/2025\\\/06\\\/06\\\/tse-habilita-diez-binomios-y-ratifica-elecciones-generales-1828\\\/#breadcrumb\",\"itemListElement\":[{\"@type\":\"ListItem\",\"position\":1,\"name\":\"Portada\",\"item\":\"https:\\\/\\\/www.eldiario.net\\\/portal\\\/\"},{\"@type\":\"ListItem\",\"position\":2,\"name\":\"TSE habilita diez binomios y ratifica elecciones generales. (18:28)\"}]},{\"@type\":\"WebSite\",\"@id\":\"https:\\\/\\\/www.eldiario.net\\\/portal\\\/#website\",\"url\":\"https:\\\/\\\/www.eldiario.net\\\/portal\\\/\",\"name\":\"El Diario - Decano de la prensa nacional\",\"description\":\"El Diario - Decano de la prensa nacional\",\"publisher\":{\"@id\":\"https:\\\/\\\/www.eldiario.net\\\/portal\\\/#organization\"},\"potentialAction\":[{\"@type\":\"SearchAction\",\"target\":{\"@type\":\"EntryPoint\",\"urlTemplate\":\"https:\\\/\\\/www.eldiario.net\\\/portal\\\/?s={search_term_string}\"},\"query-input\":{\"@type\":\"PropertyValueSpecification\",\"valueRequired\":true,\"valueName\":\"search_term_string\"}}],\"inLanguage\":\"es\"},{\"@type\":\"Organization\",\"@id\":\"https:\\\/\\\/www.eldiario.net\\\/portal\\\/#organization\",\"name\":\"El Diario - Decano de la prensa nacional\",\"url\":\"https:\\\/\\\/www.eldiario.net\\\/portal\\\/\",\"logo\":{\"@type\":\"ImageObject\",\"inLanguage\":\"es\",\"@id\":\"https:\\\/\\\/www.eldiario.net\\\/portal\\\/#\\\/schema\\\/logo\\\/image\\\/\",\"url\":\"https:\\\/\\\/www.eldiario.net\\\/portal\\\/wp-content\\\/uploads\\\/2023\\\/07\\\/logo_ED.jpg\",\"contentUrl\":\"https:\\\/\\\/www.eldiario.net\\\/portal\\\/wp-content\\\/uploads\\\/2023\\\/07\\\/logo_ED.jpg\",\"width\":272,\"height\":52,\"caption\":\"El Diario - Decano de la prensa nacional\"},\"image\":{\"@id\":\"https:\\\/\\\/www.eldiario.net\\\/portal\\\/#\\\/schema\\\/logo\\\/image\\\/\"},\"sameAs\":[\"https:\\\/\\\/www.facebook.com\\\/eldiario.bolivia\\\/\",\"https:\\\/\\\/x.com\\\/eldiario_net\"]},{\"@type\":\"Person\",\"@id\":\"https:\\\/\\\/www.eldiario.net\\\/portal\\\/#\\\/schema\\\/person\\\/ba370d92d160f4d3574381f6d9b78fab\",\"name\":\"Viviana Monrroy\",\"image\":{\"@type\":\"ImageObject\",\"inLanguage\":\"es\",\"@id\":\"https:\\\/\\\/secure.gravatar.com\\\/avatar\\\/dfd1611ed5600959a0e5a9754503b6c05d1dcf190010998e0363aee2ad98afca?s=96&d=mm&r=g\",\"url\":\"https:\\\/\\\/secure.gravatar.com\\\/avatar\\\/dfd1611ed5600959a0e5a9754503b6c05d1dcf190010998e0363aee2ad98afca?s=96&d=mm&r=g\",\"contentUrl\":\"https:\\\/\\\/secure.gravatar.com\\\/avatar\\\/dfd1611ed5600959a0e5a9754503b6c05d1dcf190010998e0363aee2ad98afca?s=96&d=mm&r=g\",\"caption\":\"Viviana Monrroy\"},\"sameAs\":[\"http:\\\/\\\/www.eldiario.net\"],\"url\":\"https:\\\/\\\/www.eldiario.net\\\/portal\\\/author\\\/vivianamonrroy\\\/\"}]}<\/script>\n<!-- \/ Yoast SEO plugin. -->","yoast_head_json":{"title":"TSE habilita diez binomios y ratifica elecciones generales. (18:28) - El Diario - Bolivia","robots":{"index":"index","follow":"follow","max-snippet":"max-snippet:-1","max-image-preview":"max-image-preview:large","max-video-preview":"max-video-preview:-1"},"canonical":"https:\/\/www.eldiario.net\/portal\/2025\/06\/06\/tse-habilita-diez-binomios-y-ratifica-elecciones-generales-1828\/","og_locale":"es_ES","og_type":"article","og_title":"TSE habilita diez binomios y ratifica elecciones generales. (18:28) - El Diario - Bolivia","og_description":"El Tribunal Supremo Electoral (TSE) confirm\u00f3 este viernes que los 10 binomios presidenciales inscritos por partidos y alianzas est\u00e1n oficialmente habilitados para participar en las elecciones generales del 17 de agosto. El presidente del TSE, \u00d3scar Hassenteufel, asegur\u00f3 que \u201cno hay ning\u00fan inhabilitado\u201d en las candidaturas a la Presidencia y Vicepresidencia, y ratific\u00f3 que los [&hellip;]","og_url":"https:\/\/www.eldiario.net\/portal\/2025\/06\/06\/tse-habilita-diez-binomios-y-ratifica-elecciones-generales-1828\/","og_site_name":"El Diario - Bolivia","article_publisher":"https:\/\/www.facebook.com\/eldiario.bolivia\/","article_published_time":"2025-06-06T22:29:14+00:00","og_image":[{"width":380,"height":229,"url":"https:\/\/www.eldiario.net\/portal\/wp-content\/uploads\/2025\/06\/tse-06.06.25-e1749248862569.jpg","type":"image\/jpeg"}],"author":"Viviana Monrroy","twitter_card":"summary_large_image","twitter_creator":"@eldiario_net","twitter_site":"@eldiario_net","twitter_misc":{"Escrito por":"Viviana Monrroy","Tiempo de lectura":"1 minuto"},"schema":{"@context":"https:\/\/schema.org","@graph":[{"@type":"Article","@id":"https:\/\/www.eldiario.net\/portal\/2025\/06\/06\/tse-habilita-diez-binomios-y-ratifica-elecciones-generales-1828\/#article","isPartOf":{"@id":"https:\/\/www.eldiario.net\/portal\/2025\/06\/06\/tse-habilita-diez-binomios-y-ratifica-elecciones-generales-1828\/"},"author":{"name":"Viviana Monrroy","@id":"https:\/\/www.eldiario.net\/portal\/#\/schema\/person\/ba370d92d160f4d3574381f6d9b78fab"},"headline":"TSE habilita diez binomios y ratifica elecciones generales. (18:28)","datePublished":"2025-06-06T22:29:14+00:00","mainEntityOfPage":{"@id":"https:\/\/www.eldiario.net\/portal\/2025\/06\/06\/tse-habilita-diez-binomios-y-ratifica-elecciones-generales-1828\/"},"wordCount":141,"publisher":{"@id":"https:\/\/www.eldiario.net\/portal\/#organization"},"image":{"@id":"https:\/\/www.eldiario.net\/portal\/2025\/06\/06\/tse-habilita-diez-binomios-y-ratifica-elecciones-generales-1828\/#primaryimage"},"thumbnailUrl":"https:\/\/www.eldiario.net\/portal\/wp-content\/uploads\/2025\/06\/tse-06.06.25-e1749248862569.jpg","articleSection":["\u00daltima Hora"],"inLanguage":"es"},{"@type":"WebPage","@id":"https:\/\/www.eldiario.net\/portal\/2025\/06\/06\/tse-habilita-diez-binomios-y-ratifica-elecciones-generales-1828\/","url":"https:\/\/www.eldiario.net\/portal\/2025\/06\/06\/tse-habilita-diez-binomios-y-ratifica-elecciones-generales-1828\/","name":"TSE habilita diez binomios y ratifica elecciones generales. (18:28) - El Diario - Bolivia","isPartOf":{"@id":"https:\/\/www.eldiario.net\/portal\/#website"},"primaryImageOfPage":{"@id":"https:\/\/www.eldiario.net\/portal\/2025\/06\/06\/tse-habilita-diez-binomios-y-ratifica-elecciones-generales-1828\/#primaryimage"},"image":{"@id":"https:\/\/www.eldiario.net\/portal\/2025\/06\/06\/tse-habilita-diez-binomios-y-ratifica-elecciones-generales-1828\/#primaryimage"},"thumbnailUrl":"https:\/\/www.eldiario.net\/portal\/wp-content\/uploads\/2025\/06\/tse-06.06.25-e1749248862569.jpg","datePublished":"2025-06-06T22:29:14+00:00","breadcrumb":{"@id":"https:\/\/www.eldiario.net\/portal\/2025\/06\/06\/tse-habilita-diez-binomios-y-ratifica-elecciones-generales-1828\/#breadcrumb"},"inLanguage":"es","potentialAction":[{"@type":"ReadAction","target":["https:\/\/www.eldiario.net\/portal\/2025\/06\/06\/tse-habilita-diez-binomios-y-ratifica-elecciones-generales-1828\/"]}]},{"@type":"ImageObject","inLanguage":"es","@id":"https:\/\/www.eldiario.net\/portal\/2025\/06\/06\/tse-habilita-diez-binomios-y-ratifica-elecciones-generales-1828\/#primaryimage","url":"https:\/\/www.eldiario.net\/portal\/wp-content\/uploads\/2025\/06\/tse-06.06.25-e1749248862569.jpg","contentUrl":"https:\/\/www.eldiario.net\/portal\/wp-content\/uploads\/2025\/06\/tse-06.06.25-e1749248862569.jpg","width":380,"height":229,"caption":"Foto: RR.SS."},{"@type":"BreadcrumbList","@id":"https:\/\/www.eldiario.net\/portal\/2025\/06\/06\/tse-habilita-diez-binomios-y-ratifica-elecciones-generales-1828\/#breadcrumb","itemListElement":[{"@type":"ListItem","position":1,"name":"Portada","item":"https:\/\/www.eldiario.net\/portal\/"},{"@type":"ListItem","position":2,"name":"TSE habilita diez binomios y ratifica elecciones generales. (18:28)"}]},{"@type":"WebSite","@id":"https:\/\/www.eldiario.net\/portal\/#website","url":"https:\/\/www.eldiario.net\/portal\/","name":"El Diario - Decano de la prensa nacional","description":"El Diario - Decano de la prensa nacional","publisher":{"@id":"https:\/\/www.eldiario.net\/portal\/#organization"},"potentialAction":[{"@type":"SearchAction","target":{"@type":"EntryPoint","urlTemplate":"https:\/\/www.eldiario.net\/portal\/?s={search_term_string}"},"query-input":{"@type":"PropertyValueSpecification","valueRequired":true,"valueName":"search_term_string"}}],"inLanguage":"es"},{"@type":"Organization","@id":"https:\/\/www.eldiario.net\/portal\/#organization","name":"El Diario - Decano de la prensa nacional","url":"https:\/\/www.eldiario.net\/portal\/","logo":{"@type":"ImageObject","inLanguage":"es","@id":"https:\/\/www.eldiario.net\/portal\/#\/schema\/logo\/image\/","url":"https:\/\/www.eldiario.net\/portal\/wp-content\/uploads\/2023\/07\/logo_ED.jpg","contentUrl":"https:\/\/www.eldiario.net\/portal\/wp-content\/uploads\/2023\/07\/logo_ED.jpg","width":272,"height":52,"caption":"El Diario - Decano de la prensa nacional"},"image":{"@id":"https:\/\/www.eldiario.net\/portal\/#\/schema\/logo\/image\/"},"sameAs":["https:\/\/www.facebook.com\/eldiario.bolivia\/","https:\/\/x.com\/eldiario_net"]},{"@type":"Person","@id":"https:\/\/www.eldiario.net\/portal\/#\/schema\/person\/ba370d92d160f4d3574381f6d9b78fab","name":"Viviana Monrroy","image":{"@type":"ImageObject","inLanguage":"es","@id":"https:\/\/secure.gravatar.com\/avatar\/dfd1611ed5600959a0e5a9754503b6c05d1dcf190010998e0363aee2ad98afca?s=96&d=mm&r=g","url":"https:\/\/secure.gravatar.com\/avatar\/dfd1611ed5600959a0e5a9754503b6c05d1dcf190010998e0363aee2ad98afca?s=96&d=mm&r=g","contentUrl":"https:\/\/secure.gravatar.com\/avatar\/dfd1611ed5600959a0e5a9754503b6c05d1dcf190010998e0363aee2ad98afca?s=96&d=mm&r=g","caption":"Viviana Monrroy"},"sameAs":["http:\/\/www.eldiario.net"],"url":"https:\/\/www.eldiario.net\/portal\/author\/vivianamonrroy\/"}]}},"_links":{"self":[{"href":"https:\/\/www.eldiario.net\/portal\/wp-json\/wp\/v2\/posts\/307844","targetHints":{"allow":["GET"]}}],"collection":[{"href":"https:\/\/www.eldiario.net\/portal\/wp-json\/wp\/v2\/posts"}],"about":[{"href":"https:\/\/www.eldiario.net\/portal\/wp-json\/wp\/v2\/types\/post"}],"author":[{"embeddable":true,"href":"https:\/\/www.eldiario.net\/portal\/wp-json\/wp\/v2\/users\/7"}],"replies":[{"embeddable":true,"href":"https:\/\/www.eldiario.net\/portal\/wp-json\/wp\/v2\/comments?post=307844"}],"version-history":[{"count":1,"href":"https:\/\/www.eldiario.net\/portal\/wp-json\/wp\/v2\/posts\/307844\/revisions"}],"predecessor-version":[{"id":307846,"href":"https:\/\/www.eldiario.net\/portal\/wp-json\/wp\/v2\/posts\/307844\/revisions\/307846"}],"wp:featuredmedia":[{"embeddable":true,"href":"https:\/\/www.eldiario.net\/portal\/wp-json\/wp\/v2\/media\/307845"}],"wp:attachment":[{"href":"https:\/\/www.eldiario.net\/portal\/wp-json\/wp\/v2\/media?parent=307844"}],"wp:term":[{"taxonomy":"category","embeddable":true,"href":"https:\/\/www.eldiario.net\/portal\/wp-json\/wp\/v2\/categories?post=307844"},{"taxonomy":"post_tag","embeddable":true,"href":"https:\/\/www.eldiario.net\/portal\/wp-json\/wp\/v2\/tags?post=307844"}],"curies":[{"name":"wp","href":"https:\/\/api.w.org\/{rel}","templated":true}]}}