{"id":307832,"date":"2025-06-06T16:26:58","date_gmt":"2025-06-06T20:26:58","guid":{"rendered":"https:\/\/www.eldiario.net\/portal\/?p=307832"},"modified":"2025-06-06T16:26:58","modified_gmt":"2025-06-06T20:26:58","slug":"bloqueos-afectan-a-seis-departamentos-y-provocan-desabastecimiento-en-el-pais-1626","status":"publish","type":"post","link":"https:\/\/www.eldiario.net\/portal\/2025\/06\/06\/bloqueos-afectan-a-seis-departamentos-y-provocan-desabastecimiento-en-el-pais-1626\/","title":{"rendered":"Bloqueos afectan a seis departamentos y provocan desabastecimiento en el pa\u00eds. (16:26)"},"content":{"rendered":"<p>Seg\u00fan la p\u00e1gina oficial de transitabilidad de la Administradora Boliviana de Carreteras (ABC), hasta las 14:43 de este viernes se registraban 33 puntos de bloqueo en todo el pa\u00eds, siendo Cochabamba el epicentro con 12 cortes. Le siguen el norte de Potos\u00ed con 6, Oruro con 6, La Paz con 5, Chuquisaca con 2 y Santa Cruz con otros 2 puntos. Estas medidas han interrumpido el libre tr\u00e1nsito de pasajeros y mercanc\u00edas a nivel nacional.<\/p>\n<p>El cierre prolongado de rutas est\u00e1 generando un visible desabastecimiento de productos en mercados y un incremento en los precios de art\u00edculos b\u00e1sicos de la canasta familiar. Comerciantes y transportistas han expresado su preocupaci\u00f3n por las p\u00e9rdidas econ\u00f3micas y la falta de previsi\u00f3n ante un conflicto que se agrava con el paso de los d\u00edas.<\/p>\n<p>Los bloqueos fueron impulsados por sectores afines al ala \u201cevista\u201d del M.A.S., que exigen la habilitaci\u00f3n de Evo Morales como candidato para las elecciones generales del 17 de agosto, pese a su inhabilitaci\u00f3n vigente. A estas demandas se suma el descontento social por la escasez de d\u00f3lares y combustible, una situaci\u00f3n que persiste desde hace varios meses y que agrava a\u00fan m\u00e1s el escenario econ\u00f3mico del pa\u00eds.<\/p>\n","protected":false},"excerpt":{"rendered":"<p>Seg\u00fan la p\u00e1gina oficial de transitabilidad de la Administradora Boliviana de Carreteras (ABC), hasta las 14:43 de este viernes se registraban 33 puntos de bloqueo en todo el pa\u00eds, siendo Cochabamba el epicentro con 12 cortes. Le siguen el norte de Potos\u00ed con 6, Oruro con 6, La Paz con 5, Chuquisaca con 2 y [&hellip;]<\/p>\n","protected":false},"author":7,"featured_media":307833,"comment_status":"closed","ping_status":"open","sticky":false,"template":"","format":"standard","meta":{"_acf_changed":false,"footnotes":""},"categories":[51],"tags":[],"class_list":["post-307832","post","type-post","status-publish","format-standard","has-post-thumbnail","category-ultima-hora"],"acf":{"antetitulo":""},"yoast_head":"<!-- This site is optimized with the Yoast SEO plugin v28.3 - https:\/\/yoast.com\/product\/yoast-seo-wordpress\/ -->\n<title>Bloqueos afectan a seis departamentos y provocan desabastecimiento en el pa\u00eds. (16:26) - El Diario - Bolivia<\/title>\n<meta name=\"robots\" content=\"index, follow, max-snippet:-1, max-image-preview:large, max-video-preview:-1\" \/>\n<link rel=\"canonical\" href=\"https:\/\/www.eldiario.net\/portal\/2025\/06\/06\/bloqueos-afectan-a-seis-departamentos-y-provocan-desabastecimiento-en-el-pais-1626\/\" \/>\n<meta property=\"og:locale\" content=\"es_ES\" \/>\n<meta property=\"og:type\" content=\"article\" \/>\n<meta property=\"og:title\" content=\"Bloqueos afectan a seis departamentos y provocan desabastecimiento en el pa\u00eds. (16:26) - El Diario - Bolivia\" \/>\n<meta property=\"og:description\" content=\"Seg\u00fan la p\u00e1gina oficial de transitabilidad de la Administradora Boliviana de Carreteras (ABC), hasta las 14:43 de este viernes se registraban 33 puntos de bloqueo en todo el pa\u00eds, siendo Cochabamba el epicentro con 12 cortes. Le siguen el norte de Potos\u00ed con 6, Oruro con 6, La Paz con 5, Chuquisaca con 2 y [&hellip;]\" \/>\n<meta property=\"og:url\" content=\"https:\/\/www.eldiario.net\/portal\/2025\/06\/06\/bloqueos-afectan-a-seis-departamentos-y-provocan-desabastecimiento-en-el-pais-1626\/\" \/>\n<meta property=\"og:site_name\" content=\"El Diario - Bolivia\" \/>\n<meta property=\"article:publisher\" content=\"https:\/\/www.facebook.com\/eldiario.bolivia\/\" \/>\n<meta property=\"article:published_time\" content=\"2025-06-06T20:26:58+00:00\" \/>\n<meta property=\"og:image\" content=\"https:\/\/www.eldiario.net\/portal\/wp-content\/uploads\/2025\/06\/mapa-abc-06.06.25-e1749241548368.png\" \/>\n\t<meta property=\"og:image:width\" content=\"300\" \/>\n\t<meta property=\"og:image:height\" content=\"292\" \/>\n\t<meta property=\"og:image:type\" content=\"image\/png\" \/>\n<meta name=\"author\" content=\"Viviana Monrroy\" \/>\n<meta name=\"twitter:card\" content=\"summary_large_image\" \/>\n<meta name=\"twitter:creator\" content=\"@eldiario_net\" \/>\n<meta name=\"twitter:site\" content=\"@eldiario_net\" \/>\n<meta name=\"twitter:label1\" content=\"Escrito por\" \/>\n\t<meta name=\"twitter:data1\" content=\"Viviana Monrroy\" \/>\n\t<meta name=\"twitter:label2\" content=\"Tiempo de lectura\" \/>\n\t<meta name=\"twitter:data2\" content=\"2 minutos\" \/>\n<script type=\"application\/ld+json\" class=\"yoast-schema-graph\">{\"@context\":\"https:\\\/\\\/schema.org\",\"@graph\":[{\"@type\":\"Article\",\"@id\":\"https:\\\/\\\/www.eldiario.net\\\/portal\\\/2025\\\/06\\\/06\\\/bloqueos-afectan-a-seis-departamentos-y-provocan-desabastecimiento-en-el-pais-1626\\\/#article\",\"isPartOf\":{\"@id\":\"https:\\\/\\\/www.eldiario.net\\\/portal\\\/2025\\\/06\\\/06\\\/bloqueos-afectan-a-seis-departamentos-y-provocan-desabastecimiento-en-el-pais-1626\\\/\"},\"author\":{\"name\":\"Viviana Monrroy\",\"@id\":\"https:\\\/\\\/www.eldiario.net\\\/portal\\\/#\\\/schema\\\/person\\\/ba370d92d160f4d3574381f6d9b78fab\"},\"headline\":\"Bloqueos afectan a seis departamentos y provocan desabastecimiento en el pa\u00eds. (16:26)\",\"datePublished\":\"2025-06-06T20:26:58+00:00\",\"mainEntityOfPage\":{\"@id\":\"https:\\\/\\\/www.eldiario.net\\\/portal\\\/2025\\\/06\\\/06\\\/bloqueos-afectan-a-seis-departamentos-y-provocan-desabastecimiento-en-el-pais-1626\\\/\"},\"wordCount\":222,\"publisher\":{\"@id\":\"https:\\\/\\\/www.eldiario.net\\\/portal\\\/#organization\"},\"image\":{\"@id\":\"https:\\\/\\\/www.eldiario.net\\\/portal\\\/2025\\\/06\\\/06\\\/bloqueos-afectan-a-seis-departamentos-y-provocan-desabastecimiento-en-el-pais-1626\\\/#primaryimage\"},\"thumbnailUrl\":\"https:\\\/\\\/www.eldiario.net\\\/portal\\\/wp-content\\\/uploads\\\/2025\\\/06\\\/mapa-abc-06.06.25-e1749241548368.png\",\"articleSection\":[\"\u00daltima Hora\"],\"inLanguage\":\"es\"},{\"@type\":\"WebPage\",\"@id\":\"https:\\\/\\\/www.eldiario.net\\\/portal\\\/2025\\\/06\\\/06\\\/bloqueos-afectan-a-seis-departamentos-y-provocan-desabastecimiento-en-el-pais-1626\\\/\",\"url\":\"https:\\\/\\\/www.eldiario.net\\\/portal\\\/2025\\\/06\\\/06\\\/bloqueos-afectan-a-seis-departamentos-y-provocan-desabastecimiento-en-el-pais-1626\\\/\",\"name\":\"Bloqueos afectan a seis departamentos y provocan desabastecimiento en el pa\u00eds. (16:26) - El Diario - Bolivia\",\"isPartOf\":{\"@id\":\"https:\\\/\\\/www.eldiario.net\\\/portal\\\/#website\"},\"primaryImageOfPage\":{\"@id\":\"https:\\\/\\\/www.eldiario.net\\\/portal\\\/2025\\\/06\\\/06\\\/bloqueos-afectan-a-seis-departamentos-y-provocan-desabastecimiento-en-el-pais-1626\\\/#primaryimage\"},\"image\":{\"@id\":\"https:\\\/\\\/www.eldiario.net\\\/portal\\\/2025\\\/06\\\/06\\\/bloqueos-afectan-a-seis-departamentos-y-provocan-desabastecimiento-en-el-pais-1626\\\/#primaryimage\"},\"thumbnailUrl\":\"https:\\\/\\\/www.eldiario.net\\\/portal\\\/wp-content\\\/uploads\\\/2025\\\/06\\\/mapa-abc-06.06.25-e1749241548368.png\",\"datePublished\":\"2025-06-06T20:26:58+00:00\",\"breadcrumb\":{\"@id\":\"https:\\\/\\\/www.eldiario.net\\\/portal\\\/2025\\\/06\\\/06\\\/bloqueos-afectan-a-seis-departamentos-y-provocan-desabastecimiento-en-el-pais-1626\\\/#breadcrumb\"},\"inLanguage\":\"es\",\"potentialAction\":[{\"@type\":\"ReadAction\",\"target\":[\"https:\\\/\\\/www.eldiario.net\\\/portal\\\/2025\\\/06\\\/06\\\/bloqueos-afectan-a-seis-departamentos-y-provocan-desabastecimiento-en-el-pais-1626\\\/\"]}]},{\"@type\":\"ImageObject\",\"inLanguage\":\"es\",\"@id\":\"https:\\\/\\\/www.eldiario.net\\\/portal\\\/2025\\\/06\\\/06\\\/bloqueos-afectan-a-seis-departamentos-y-provocan-desabastecimiento-en-el-pais-1626\\\/#primaryimage\",\"url\":\"https:\\\/\\\/www.eldiario.net\\\/portal\\\/wp-content\\\/uploads\\\/2025\\\/06\\\/mapa-abc-06.06.25-e1749241548368.png\",\"contentUrl\":\"https:\\\/\\\/www.eldiario.net\\\/portal\\\/wp-content\\\/uploads\\\/2025\\\/06\\\/mapa-abc-06.06.25-e1749241548368.png\",\"width\":300,\"height\":292,\"caption\":\"Foto: Captura p\u00e1gina Administradora Boliviana de Carreteras\"},{\"@type\":\"BreadcrumbList\",\"@id\":\"https:\\\/\\\/www.eldiario.net\\\/portal\\\/2025\\\/06\\\/06\\\/bloqueos-afectan-a-seis-departamentos-y-provocan-desabastecimiento-en-el-pais-1626\\\/#breadcrumb\",\"itemListElement\":[{\"@type\":\"ListItem\",\"position\":1,\"name\":\"Portada\",\"item\":\"https:\\\/\\\/www.eldiario.net\\\/portal\\\/\"},{\"@type\":\"ListItem\",\"position\":2,\"name\":\"Bloqueos afectan a seis departamentos y provocan desabastecimiento en el pa\u00eds. (16:26)\"}]},{\"@type\":\"WebSite\",\"@id\":\"https:\\\/\\\/www.eldiario.net\\\/portal\\\/#website\",\"url\":\"https:\\\/\\\/www.eldiario.net\\\/portal\\\/\",\"name\":\"El Diario - Decano de la prensa nacional\",\"description\":\"El Diario - Decano de la prensa nacional\",\"publisher\":{\"@id\":\"https:\\\/\\\/www.eldiario.net\\\/portal\\\/#organization\"},\"potentialAction\":[{\"@type\":\"SearchAction\",\"target\":{\"@type\":\"EntryPoint\",\"urlTemplate\":\"https:\\\/\\\/www.eldiario.net\\\/portal\\\/?s={search_term_string}\"},\"query-input\":{\"@type\":\"PropertyValueSpecification\",\"valueRequired\":true,\"valueName\":\"search_term_string\"}}],\"inLanguage\":\"es\"},{\"@type\":\"Organization\",\"@id\":\"https:\\\/\\\/www.eldiario.net\\\/portal\\\/#organization\",\"name\":\"El Diario - Decano de la prensa nacional\",\"url\":\"https:\\\/\\\/www.eldiario.net\\\/portal\\\/\",\"logo\":{\"@type\":\"ImageObject\",\"inLanguage\":\"es\",\"@id\":\"https:\\\/\\\/www.eldiario.net\\\/portal\\\/#\\\/schema\\\/logo\\\/image\\\/\",\"url\":\"https:\\\/\\\/www.eldiario.net\\\/portal\\\/wp-content\\\/uploads\\\/2023\\\/07\\\/logo_ED.jpg\",\"contentUrl\":\"https:\\\/\\\/www.eldiario.net\\\/portal\\\/wp-content\\\/uploads\\\/2023\\\/07\\\/logo_ED.jpg\",\"width\":272,\"height\":52,\"caption\":\"El Diario - Decano de la prensa nacional\"},\"image\":{\"@id\":\"https:\\\/\\\/www.eldiario.net\\\/portal\\\/#\\\/schema\\\/logo\\\/image\\\/\"},\"sameAs\":[\"https:\\\/\\\/www.facebook.com\\\/eldiario.bolivia\\\/\",\"https:\\\/\\\/x.com\\\/eldiario_net\"]},{\"@type\":\"Person\",\"@id\":\"https:\\\/\\\/www.eldiario.net\\\/portal\\\/#\\\/schema\\\/person\\\/ba370d92d160f4d3574381f6d9b78fab\",\"name\":\"Viviana Monrroy\",\"image\":{\"@type\":\"ImageObject\",\"inLanguage\":\"es\",\"@id\":\"https:\\\/\\\/secure.gravatar.com\\\/avatar\\\/dfd1611ed5600959a0e5a9754503b6c05d1dcf190010998e0363aee2ad98afca?s=96&d=mm&r=g\",\"url\":\"https:\\\/\\\/secure.gravatar.com\\\/avatar\\\/dfd1611ed5600959a0e5a9754503b6c05d1dcf190010998e0363aee2ad98afca?s=96&d=mm&r=g\",\"contentUrl\":\"https:\\\/\\\/secure.gravatar.com\\\/avatar\\\/dfd1611ed5600959a0e5a9754503b6c05d1dcf190010998e0363aee2ad98afca?s=96&d=mm&r=g\",\"caption\":\"Viviana Monrroy\"},\"sameAs\":[\"http:\\\/\\\/www.eldiario.net\"],\"url\":\"https:\\\/\\\/www.eldiario.net\\\/portal\\\/author\\\/vivianamonrroy\\\/\"}]}<\/script>\n<!-- \/ Yoast SEO plugin. -->","yoast_head_json":{"title":"Bloqueos afectan a seis departamentos y provocan desabastecimiento en el pa\u00eds. (16:26) - El Diario - Bolivia","robots":{"index":"index","follow":"follow","max-snippet":"max-snippet:-1","max-image-preview":"max-image-preview:large","max-video-preview":"max-video-preview:-1"},"canonical":"https:\/\/www.eldiario.net\/portal\/2025\/06\/06\/bloqueos-afectan-a-seis-departamentos-y-provocan-desabastecimiento-en-el-pais-1626\/","og_locale":"es_ES","og_type":"article","og_title":"Bloqueos afectan a seis departamentos y provocan desabastecimiento en el pa\u00eds. (16:26) - El Diario - Bolivia","og_description":"Seg\u00fan la p\u00e1gina oficial de transitabilidad de la Administradora Boliviana de Carreteras (ABC), hasta las 14:43 de este viernes se registraban 33 puntos de bloqueo en todo el pa\u00eds, siendo Cochabamba el epicentro con 12 cortes. Le siguen el norte de Potos\u00ed con 6, Oruro con 6, La Paz con 5, Chuquisaca con 2 y [&hellip;]","og_url":"https:\/\/www.eldiario.net\/portal\/2025\/06\/06\/bloqueos-afectan-a-seis-departamentos-y-provocan-desabastecimiento-en-el-pais-1626\/","og_site_name":"El Diario - Bolivia","article_publisher":"https:\/\/www.facebook.com\/eldiario.bolivia\/","article_published_time":"2025-06-06T20:26:58+00:00","og_image":[{"width":300,"height":292,"url":"https:\/\/www.eldiario.net\/portal\/wp-content\/uploads\/2025\/06\/mapa-abc-06.06.25-e1749241548368.png","type":"image\/png"}],"author":"Viviana Monrroy","twitter_card":"summary_large_image","twitter_creator":"@eldiario_net","twitter_site":"@eldiario_net","twitter_misc":{"Escrito por":"Viviana Monrroy","Tiempo de lectura":"2 minutos"},"schema":{"@context":"https:\/\/schema.org","@graph":[{"@type":"Article","@id":"https:\/\/www.eldiario.net\/portal\/2025\/06\/06\/bloqueos-afectan-a-seis-departamentos-y-provocan-desabastecimiento-en-el-pais-1626\/#article","isPartOf":{"@id":"https:\/\/www.eldiario.net\/portal\/2025\/06\/06\/bloqueos-afectan-a-seis-departamentos-y-provocan-desabastecimiento-en-el-pais-1626\/"},"author":{"name":"Viviana Monrroy","@id":"https:\/\/www.eldiario.net\/portal\/#\/schema\/person\/ba370d92d160f4d3574381f6d9b78fab"},"headline":"Bloqueos afectan a seis departamentos y provocan desabastecimiento en el pa\u00eds. (16:26)","datePublished":"2025-06-06T20:26:58+00:00","mainEntityOfPage":{"@id":"https:\/\/www.eldiario.net\/portal\/2025\/06\/06\/bloqueos-afectan-a-seis-departamentos-y-provocan-desabastecimiento-en-el-pais-1626\/"},"wordCount":222,"publisher":{"@id":"https:\/\/www.eldiario.net\/portal\/#organization"},"image":{"@id":"https:\/\/www.eldiario.net\/portal\/2025\/06\/06\/bloqueos-afectan-a-seis-departamentos-y-provocan-desabastecimiento-en-el-pais-1626\/#primaryimage"},"thumbnailUrl":"https:\/\/www.eldiario.net\/portal\/wp-content\/uploads\/2025\/06\/mapa-abc-06.06.25-e1749241548368.png","articleSection":["\u00daltima Hora"],"inLanguage":"es"},{"@type":"WebPage","@id":"https:\/\/www.eldiario.net\/portal\/2025\/06\/06\/bloqueos-afectan-a-seis-departamentos-y-provocan-desabastecimiento-en-el-pais-1626\/","url":"https:\/\/www.eldiario.net\/portal\/2025\/06\/06\/bloqueos-afectan-a-seis-departamentos-y-provocan-desabastecimiento-en-el-pais-1626\/","name":"Bloqueos afectan a seis departamentos y provocan desabastecimiento en el pa\u00eds. (16:26) - El Diario - Bolivia","isPartOf":{"@id":"https:\/\/www.eldiario.net\/portal\/#website"},"primaryImageOfPage":{"@id":"https:\/\/www.eldiario.net\/portal\/2025\/06\/06\/bloqueos-afectan-a-seis-departamentos-y-provocan-desabastecimiento-en-el-pais-1626\/#primaryimage"},"image":{"@id":"https:\/\/www.eldiario.net\/portal\/2025\/06\/06\/bloqueos-afectan-a-seis-departamentos-y-provocan-desabastecimiento-en-el-pais-1626\/#primaryimage"},"thumbnailUrl":"https:\/\/www.eldiario.net\/portal\/wp-content\/uploads\/2025\/06\/mapa-abc-06.06.25-e1749241548368.png","datePublished":"2025-06-06T20:26:58+00:00","breadcrumb":{"@id":"https:\/\/www.eldiario.net\/portal\/2025\/06\/06\/bloqueos-afectan-a-seis-departamentos-y-provocan-desabastecimiento-en-el-pais-1626\/#breadcrumb"},"inLanguage":"es","potentialAction":[{"@type":"ReadAction","target":["https:\/\/www.eldiario.net\/portal\/2025\/06\/06\/bloqueos-afectan-a-seis-departamentos-y-provocan-desabastecimiento-en-el-pais-1626\/"]}]},{"@type":"ImageObject","inLanguage":"es","@id":"https:\/\/www.eldiario.net\/portal\/2025\/06\/06\/bloqueos-afectan-a-seis-departamentos-y-provocan-desabastecimiento-en-el-pais-1626\/#primaryimage","url":"https:\/\/www.eldiario.net\/portal\/wp-content\/uploads\/2025\/06\/mapa-abc-06.06.25-e1749241548368.png","contentUrl":"https:\/\/www.eldiario.net\/portal\/wp-content\/uploads\/2025\/06\/mapa-abc-06.06.25-e1749241548368.png","width":300,"height":292,"caption":"Foto: Captura p\u00e1gina Administradora Boliviana de Carreteras"},{"@type":"BreadcrumbList","@id":"https:\/\/www.eldiario.net\/portal\/2025\/06\/06\/bloqueos-afectan-a-seis-departamentos-y-provocan-desabastecimiento-en-el-pais-1626\/#breadcrumb","itemListElement":[{"@type":"ListItem","position":1,"name":"Portada","item":"https:\/\/www.eldiario.net\/portal\/"},{"@type":"ListItem","position":2,"name":"Bloqueos afectan a seis departamentos y provocan desabastecimiento en el pa\u00eds. (16:26)"}]},{"@type":"WebSite","@id":"https:\/\/www.eldiario.net\/portal\/#website","url":"https:\/\/www.eldiario.net\/portal\/","name":"El Diario - Decano de la prensa nacional","description":"El Diario - Decano de la prensa nacional","publisher":{"@id":"https:\/\/www.eldiario.net\/portal\/#organization"},"potentialAction":[{"@type":"SearchAction","target":{"@type":"EntryPoint","urlTemplate":"https:\/\/www.eldiario.net\/portal\/?s={search_term_string}"},"query-input":{"@type":"PropertyValueSpecification","valueRequired":true,"valueName":"search_term_string"}}],"inLanguage":"es"},{"@type":"Organization","@id":"https:\/\/www.eldiario.net\/portal\/#organization","name":"El Diario - Decano de la prensa nacional","url":"https:\/\/www.eldiario.net\/portal\/","logo":{"@type":"ImageObject","inLanguage":"es","@id":"https:\/\/www.eldiario.net\/portal\/#\/schema\/logo\/image\/","url":"https:\/\/www.eldiario.net\/portal\/wp-content\/uploads\/2023\/07\/logo_ED.jpg","contentUrl":"https:\/\/www.eldiario.net\/portal\/wp-content\/uploads\/2023\/07\/logo_ED.jpg","width":272,"height":52,"caption":"El Diario - Decano de la prensa nacional"},"image":{"@id":"https:\/\/www.eldiario.net\/portal\/#\/schema\/logo\/image\/"},"sameAs":["https:\/\/www.facebook.com\/eldiario.bolivia\/","https:\/\/x.com\/eldiario_net"]},{"@type":"Person","@id":"https:\/\/www.eldiario.net\/portal\/#\/schema\/person\/ba370d92d160f4d3574381f6d9b78fab","name":"Viviana Monrroy","image":{"@type":"ImageObject","inLanguage":"es","@id":"https:\/\/secure.gravatar.com\/avatar\/dfd1611ed5600959a0e5a9754503b6c05d1dcf190010998e0363aee2ad98afca?s=96&d=mm&r=g","url":"https:\/\/secure.gravatar.com\/avatar\/dfd1611ed5600959a0e5a9754503b6c05d1dcf190010998e0363aee2ad98afca?s=96&d=mm&r=g","contentUrl":"https:\/\/secure.gravatar.com\/avatar\/dfd1611ed5600959a0e5a9754503b6c05d1dcf190010998e0363aee2ad98afca?s=96&d=mm&r=g","caption":"Viviana Monrroy"},"sameAs":["http:\/\/www.eldiario.net"],"url":"https:\/\/www.eldiario.net\/portal\/author\/vivianamonrroy\/"}]}},"_links":{"self":[{"href":"https:\/\/www.eldiario.net\/portal\/wp-json\/wp\/v2\/posts\/307832","targetHints":{"allow":["GET"]}}],"collection":[{"href":"https:\/\/www.eldiario.net\/portal\/wp-json\/wp\/v2\/posts"}],"about":[{"href":"https:\/\/www.eldiario.net\/portal\/wp-json\/wp\/v2\/types\/post"}],"author":[{"embeddable":true,"href":"https:\/\/www.eldiario.net\/portal\/wp-json\/wp\/v2\/users\/7"}],"replies":[{"embeddable":true,"href":"https:\/\/www.eldiario.net\/portal\/wp-json\/wp\/v2\/comments?post=307832"}],"version-history":[{"count":1,"href":"https:\/\/www.eldiario.net\/portal\/wp-json\/wp\/v2\/posts\/307832\/revisions"}],"predecessor-version":[{"id":307834,"href":"https:\/\/www.eldiario.net\/portal\/wp-json\/wp\/v2\/posts\/307832\/revisions\/307834"}],"wp:featuredmedia":[{"embeddable":true,"href":"https:\/\/www.eldiario.net\/portal\/wp-json\/wp\/v2\/media\/307833"}],"wp:attachment":[{"href":"https:\/\/www.eldiario.net\/portal\/wp-json\/wp\/v2\/media?parent=307832"}],"wp:term":[{"taxonomy":"category","embeddable":true,"href":"https:\/\/www.eldiario.net\/portal\/wp-json\/wp\/v2\/categories?post=307832"},{"taxonomy":"post_tag","embeddable":true,"href":"https:\/\/www.eldiario.net\/portal\/wp-json\/wp\/v2\/tags?post=307832"}],"curies":[{"name":"wp","href":"https:\/\/api.w.org\/{rel}","templated":true}]}}