{"id":307677,"date":"2025-06-06T05:41:08","date_gmt":"2025-06-06T09:41:08","guid":{"rendered":"https:\/\/www.eldiario.net\/portal\/?p=307677"},"modified":"2025-06-06T05:49:02","modified_gmt":"2025-06-06T09:49:02","slug":"evistas-atacan-ambulancias-con-menores-agreden-a-medicos-y-roban-equipo-policial","status":"publish","type":"post","link":"https:\/\/www.eldiario.net\/portal\/2025\/06\/06\/evistas-atacan-ambulancias-con-menores-agreden-a-medicos-y-roban-equipo-policial\/","title":{"rendered":"\u201cEvistas\u201d atacan ambulancias con menores, agreden a m\u00e9dicos y roban equipo policial"},"content":{"rendered":"<p>La violencia por parte de sectores afines al expresidente, Evo Morales, lleg\u00f3 a niveles insospechados en las \u00faltimas jornadas, tras reportarse que dos ambulancias y un veh\u00edculo con menores de edad fueron atacadas con piedras, personal m\u00e9dico fue retenido por horas y que una delegaci\u00f3n de la agencia antidrogas fue interceptada por bloqueadores que adem\u00e1s les robaron equipo y munici\u00f3n exclusiva.<\/p>\n<p><strong>\u00a0<\/strong><\/p>\n<p>Con escolta policial<\/p>\n<p><strong>Juez Lilian Moreno sale de c\u00e1rcel<br \/>\npara cumplir detenci\u00f3n domiciliaria<\/strong><\/p>\n<p>Aunque ya sali\u00f3 de la c\u00e1rcel de Palmasola para cumplir detenci\u00f3n domiciliaria con escolta por una orden judicial, la juez cruce\u00f1a, Lilian Moreno Cuellar, seguir\u00e1 siendo investigada por presuntos delitos relacionados con la anulaci\u00f3n de una orden de aprehensi\u00f3n contra el expresidente, Evo Morales.<\/p>\n<p><strong>\u00a0<\/strong><\/p>\n<p>Graves denuncias<\/p>\n<p><strong>Comisi\u00f3n de Diputados investiga presunta<br \/>\nred de trata en unidad educativa cruce\u00f1a<\/strong><\/p>\n<p>La Comisi\u00f3n de Derechos Humanos de la C\u00e1mara de Diputados investiga un posible caso de tr\u00e1fico sexual en una unidad educativa de la zona El Mechero, en Santa Cruz de la Sierra, donde al menos 20 menores de edad habr\u00edan sido v\u00edctimas de propuestas sexuales a cambio de dinero.<\/p>\n<p><strong>\u00a0<\/strong><\/p>\n<p><strong>Simpatizante de Evo Morales acusa a la<br \/>\nprensa de distorsionar sus advertencias<\/strong><\/p>\n<p>\u201cEn ning\u00fan momento he amenazado la integridad f\u00edsica de aquellos vocales (del Tribunal Supremo Electoral). Lamentamos mucho que la prensa est\u00e9 distorsionando esa versi\u00f3n, pero como el gobierno tiene a la prensa comprada, vendida, maldita, quieren hacer escarnio\u201d, afirm\u00f3 Enrique Mamani, dirigente y simpatizante del expresidente, Evo Morales.<\/p>\n","protected":false},"excerpt":{"rendered":"<p>La violencia por parte de sectores afines al expresidente, Evo Morales, lleg\u00f3 a niveles insospechados en las \u00faltimas jornadas, tras reportarse que dos ambulancias y un veh\u00edculo con menores de edad fueron atacadas con piedras, personal m\u00e9dico fue retenido por horas y que una delegaci\u00f3n de la agencia antidrogas fue interceptada por bloqueadores que adem\u00e1s [&hellip;]<\/p>\n","protected":false},"author":1,"featured_media":194738,"comment_status":"closed","ping_status":"open","sticky":false,"template":"","format":"standard","meta":{"_acf_changed":false,"footnotes":""},"categories":[39],"tags":[],"class_list":["post-307677","post","type-post","status-publish","format-standard","has-post-thumbnail","category-sociedad"],"acf":{"antetitulo":"Alarmante escalada de violencia"},"yoast_head":"<!-- This site is optimized with the Yoast SEO plugin v28.4 - https:\/\/yoast.com\/product\/yoast-seo-wordpress\/ -->\n<title>\u201cEvistas\u201d atacan ambulancias con menores, agreden a m\u00e9dicos y roban equipo policial - El Diario - Bolivia<\/title>\n<meta name=\"robots\" content=\"index, follow, max-snippet:-1, max-image-preview:large, max-video-preview:-1\" \/>\n<link rel=\"canonical\" href=\"https:\/\/www.eldiario.net\/portal\/2025\/06\/06\/evistas-atacan-ambulancias-con-menores-agreden-a-medicos-y-roban-equipo-policial\/\" \/>\n<meta property=\"og:locale\" content=\"es_ES\" \/>\n<meta property=\"og:type\" content=\"article\" \/>\n<meta property=\"og:title\" content=\"\u201cEvistas\u201d atacan ambulancias con menores, agreden a m\u00e9dicos y roban equipo policial - El Diario - Bolivia\" \/>\n<meta property=\"og:description\" content=\"La violencia por parte de sectores afines al expresidente, Evo Morales, lleg\u00f3 a niveles insospechados en las \u00faltimas jornadas, tras reportarse que dos ambulancias y un veh\u00edculo con menores de edad fueron atacadas con piedras, personal m\u00e9dico fue retenido por horas y que una delegaci\u00f3n de la agencia antidrogas fue interceptada por bloqueadores que adem\u00e1s [&hellip;]\" \/>\n<meta property=\"og:url\" content=\"https:\/\/www.eldiario.net\/portal\/2025\/06\/06\/evistas-atacan-ambulancias-con-menores-agreden-a-medicos-y-roban-equipo-policial\/\" \/>\n<meta property=\"og:site_name\" content=\"El Diario - Bolivia\" \/>\n<meta property=\"article:publisher\" content=\"https:\/\/www.facebook.com\/eldiario.bolivia\/\" \/>\n<meta property=\"article:published_time\" content=\"2025-06-06T09:41:08+00:00\" \/>\n<meta property=\"article:modified_time\" content=\"2025-06-06T09:49:02+00:00\" \/>\n<meta property=\"og:image\" content=\"https:\/\/www.eldiario.net\/portal\/wp-content\/uploads\/2023\/12\/Seguridad.jpg\" \/>\n\t<meta property=\"og:image:width\" content=\"800\" \/>\n\t<meta property=\"og:image:height\" content=\"500\" \/>\n\t<meta property=\"og:image:type\" content=\"image\/jpeg\" \/>\n<meta name=\"author\" content=\"Jeanette\" \/>\n<meta name=\"twitter:card\" content=\"summary_large_image\" \/>\n<meta name=\"twitter:creator\" content=\"@eldiario_net\" \/>\n<meta name=\"twitter:site\" content=\"@eldiario_net\" \/>\n<meta name=\"twitter:label1\" content=\"Escrito por\" \/>\n\t<meta name=\"twitter:data1\" content=\"Jeanette\" \/>\n\t<meta name=\"twitter:label2\" content=\"Tiempo de lectura\" \/>\n\t<meta name=\"twitter:data2\" content=\"2 minutos\" \/>\n<script type=\"application\/ld+json\" class=\"yoast-schema-graph\">{\"@context\":\"https:\\\/\\\/schema.org\",\"@graph\":[{\"@type\":\"Article\",\"@id\":\"https:\\\/\\\/www.eldiario.net\\\/portal\\\/2025\\\/06\\\/06\\\/evistas-atacan-ambulancias-con-menores-agreden-a-medicos-y-roban-equipo-policial\\\/#article\",\"isPartOf\":{\"@id\":\"https:\\\/\\\/www.eldiario.net\\\/portal\\\/2025\\\/06\\\/06\\\/evistas-atacan-ambulancias-con-menores-agreden-a-medicos-y-roban-equipo-policial\\\/\"},\"author\":{\"name\":\"Jeanette\",\"@id\":\"https:\\\/\\\/www.eldiario.net\\\/portal\\\/#\\\/schema\\\/person\\\/f46445640444750d7d753ccd04ae01b7\"},\"headline\":\"\u201cEvistas\u201d atacan ambulancias con menores, agreden a m\u00e9dicos y roban equipo policial\",\"datePublished\":\"2025-06-06T09:41:08+00:00\",\"dateModified\":\"2025-06-06T09:49:02+00:00\",\"mainEntityOfPage\":{\"@id\":\"https:\\\/\\\/www.eldiario.net\\\/portal\\\/2025\\\/06\\\/06\\\/evistas-atacan-ambulancias-con-menores-agreden-a-medicos-y-roban-equipo-policial\\\/\"},\"wordCount\":275,\"publisher\":{\"@id\":\"https:\\\/\\\/www.eldiario.net\\\/portal\\\/#organization\"},\"image\":{\"@id\":\"https:\\\/\\\/www.eldiario.net\\\/portal\\\/2025\\\/06\\\/06\\\/evistas-atacan-ambulancias-con-menores-agreden-a-medicos-y-roban-equipo-policial\\\/#primaryimage\"},\"thumbnailUrl\":\"https:\\\/\\\/www.eldiario.net\\\/portal\\\/wp-content\\\/uploads\\\/2023\\\/12\\\/Seguridad.jpg\",\"articleSection\":[\"Sociedad - Seguridad\"],\"inLanguage\":\"es\"},{\"@type\":\"WebPage\",\"@id\":\"https:\\\/\\\/www.eldiario.net\\\/portal\\\/2025\\\/06\\\/06\\\/evistas-atacan-ambulancias-con-menores-agreden-a-medicos-y-roban-equipo-policial\\\/\",\"url\":\"https:\\\/\\\/www.eldiario.net\\\/portal\\\/2025\\\/06\\\/06\\\/evistas-atacan-ambulancias-con-menores-agreden-a-medicos-y-roban-equipo-policial\\\/\",\"name\":\"\u201cEvistas\u201d atacan ambulancias con menores, agreden a m\u00e9dicos y roban equipo policial - El Diario - Bolivia\",\"isPartOf\":{\"@id\":\"https:\\\/\\\/www.eldiario.net\\\/portal\\\/#website\"},\"primaryImageOfPage\":{\"@id\":\"https:\\\/\\\/www.eldiario.net\\\/portal\\\/2025\\\/06\\\/06\\\/evistas-atacan-ambulancias-con-menores-agreden-a-medicos-y-roban-equipo-policial\\\/#primaryimage\"},\"image\":{\"@id\":\"https:\\\/\\\/www.eldiario.net\\\/portal\\\/2025\\\/06\\\/06\\\/evistas-atacan-ambulancias-con-menores-agreden-a-medicos-y-roban-equipo-policial\\\/#primaryimage\"},\"thumbnailUrl\":\"https:\\\/\\\/www.eldiario.net\\\/portal\\\/wp-content\\\/uploads\\\/2023\\\/12\\\/Seguridad.jpg\",\"datePublished\":\"2025-06-06T09:41:08+00:00\",\"dateModified\":\"2025-06-06T09:49:02+00:00\",\"breadcrumb\":{\"@id\":\"https:\\\/\\\/www.eldiario.net\\\/portal\\\/2025\\\/06\\\/06\\\/evistas-atacan-ambulancias-con-menores-agreden-a-medicos-y-roban-equipo-policial\\\/#breadcrumb\"},\"inLanguage\":\"es\",\"potentialAction\":[{\"@type\":\"ReadAction\",\"target\":[\"https:\\\/\\\/www.eldiario.net\\\/portal\\\/2025\\\/06\\\/06\\\/evistas-atacan-ambulancias-con-menores-agreden-a-medicos-y-roban-equipo-policial\\\/\"]}]},{\"@type\":\"ImageObject\",\"inLanguage\":\"es\",\"@id\":\"https:\\\/\\\/www.eldiario.net\\\/portal\\\/2025\\\/06\\\/06\\\/evistas-atacan-ambulancias-con-menores-agreden-a-medicos-y-roban-equipo-policial\\\/#primaryimage\",\"url\":\"https:\\\/\\\/www.eldiario.net\\\/portal\\\/wp-content\\\/uploads\\\/2023\\\/12\\\/Seguridad.jpg\",\"contentUrl\":\"https:\\\/\\\/www.eldiario.net\\\/portal\\\/wp-content\\\/uploads\\\/2023\\\/12\\\/Seguridad.jpg\",\"width\":800,\"height\":500},{\"@type\":\"BreadcrumbList\",\"@id\":\"https:\\\/\\\/www.eldiario.net\\\/portal\\\/2025\\\/06\\\/06\\\/evistas-atacan-ambulancias-con-menores-agreden-a-medicos-y-roban-equipo-policial\\\/#breadcrumb\",\"itemListElement\":[{\"@type\":\"ListItem\",\"position\":1,\"name\":\"Portada\",\"item\":\"https:\\\/\\\/www.eldiario.net\\\/portal\\\/\"},{\"@type\":\"ListItem\",\"position\":2,\"name\":\"\u201cEvistas\u201d atacan ambulancias con menores, agreden a m\u00e9dicos y roban equipo policial\"}]},{\"@type\":\"WebSite\",\"@id\":\"https:\\\/\\\/www.eldiario.net\\\/portal\\\/#website\",\"url\":\"https:\\\/\\\/www.eldiario.net\\\/portal\\\/\",\"name\":\"El Diario - Decano de la prensa nacional\",\"description\":\"El Diario - Decano de la prensa nacional\",\"publisher\":{\"@id\":\"https:\\\/\\\/www.eldiario.net\\\/portal\\\/#organization\"},\"potentialAction\":[{\"@type\":\"SearchAction\",\"target\":{\"@type\":\"EntryPoint\",\"urlTemplate\":\"https:\\\/\\\/www.eldiario.net\\\/portal\\\/?s={search_term_string}\"},\"query-input\":{\"@type\":\"PropertyValueSpecification\",\"valueRequired\":true,\"valueName\":\"search_term_string\"}}],\"inLanguage\":\"es\"},{\"@type\":\"Organization\",\"@id\":\"https:\\\/\\\/www.eldiario.net\\\/portal\\\/#organization\",\"name\":\"El Diario - Decano de la prensa nacional\",\"url\":\"https:\\\/\\\/www.eldiario.net\\\/portal\\\/\",\"logo\":{\"@type\":\"ImageObject\",\"inLanguage\":\"es\",\"@id\":\"https:\\\/\\\/www.eldiario.net\\\/portal\\\/#\\\/schema\\\/logo\\\/image\\\/\",\"url\":\"https:\\\/\\\/www.eldiario.net\\\/portal\\\/wp-content\\\/uploads\\\/2023\\\/07\\\/logo_ED.jpg\",\"contentUrl\":\"https:\\\/\\\/www.eldiario.net\\\/portal\\\/wp-content\\\/uploads\\\/2023\\\/07\\\/logo_ED.jpg\",\"width\":272,\"height\":52,\"caption\":\"El Diario - Decano de la prensa nacional\"},\"image\":{\"@id\":\"https:\\\/\\\/www.eldiario.net\\\/portal\\\/#\\\/schema\\\/logo\\\/image\\\/\"},\"sameAs\":[\"https:\\\/\\\/www.facebook.com\\\/eldiario.bolivia\\\/\",\"https:\\\/\\\/x.com\\\/eldiario_net\"]},{\"@type\":\"Person\",\"@id\":\"https:\\\/\\\/www.eldiario.net\\\/portal\\\/#\\\/schema\\\/person\\\/f46445640444750d7d753ccd04ae01b7\",\"name\":\"Jeanette\",\"image\":{\"@type\":\"ImageObject\",\"inLanguage\":\"es\",\"@id\":\"https:\\\/\\\/secure.gravatar.com\\\/avatar\\\/3ea2118a5f7dad2b7138b1187a6b7ee55f160b9968b66013c3a3ef39dd7e5798?s=96&d=mm&r=g\",\"url\":\"https:\\\/\\\/secure.gravatar.com\\\/avatar\\\/3ea2118a5f7dad2b7138b1187a6b7ee55f160b9968b66013c3a3ef39dd7e5798?s=96&d=mm&r=g\",\"contentUrl\":\"https:\\\/\\\/secure.gravatar.com\\\/avatar\\\/3ea2118a5f7dad2b7138b1187a6b7ee55f160b9968b66013c3a3ef39dd7e5798?s=96&d=mm&r=g\",\"caption\":\"Jeanette\"},\"sameAs\":[\"https:\\\/\\\/www.eldiario.net\\\/portal\"],\"url\":\"https:\\\/\\\/www.eldiario.net\\\/portal\\\/author\\\/jeanette\\\/\"}]}<\/script>\n<!-- \/ Yoast SEO plugin. -->","yoast_head_json":{"title":"\u201cEvistas\u201d atacan ambulancias con menores, agreden a m\u00e9dicos y roban equipo policial - El Diario - Bolivia","robots":{"index":"index","follow":"follow","max-snippet":"max-snippet:-1","max-image-preview":"max-image-preview:large","max-video-preview":"max-video-preview:-1"},"canonical":"https:\/\/www.eldiario.net\/portal\/2025\/06\/06\/evistas-atacan-ambulancias-con-menores-agreden-a-medicos-y-roban-equipo-policial\/","og_locale":"es_ES","og_type":"article","og_title":"\u201cEvistas\u201d atacan ambulancias con menores, agreden a m\u00e9dicos y roban equipo policial - El Diario - Bolivia","og_description":"La violencia por parte de sectores afines al expresidente, Evo Morales, lleg\u00f3 a niveles insospechados en las \u00faltimas jornadas, tras reportarse que dos ambulancias y un veh\u00edculo con menores de edad fueron atacadas con piedras, personal m\u00e9dico fue retenido por horas y que una delegaci\u00f3n de la agencia antidrogas fue interceptada por bloqueadores que adem\u00e1s [&hellip;]","og_url":"https:\/\/www.eldiario.net\/portal\/2025\/06\/06\/evistas-atacan-ambulancias-con-menores-agreden-a-medicos-y-roban-equipo-policial\/","og_site_name":"El Diario - Bolivia","article_publisher":"https:\/\/www.facebook.com\/eldiario.bolivia\/","article_published_time":"2025-06-06T09:41:08+00:00","article_modified_time":"2025-06-06T09:49:02+00:00","og_image":[{"width":800,"height":500,"url":"https:\/\/www.eldiario.net\/portal\/wp-content\/uploads\/2023\/12\/Seguridad.jpg","type":"image\/jpeg"}],"author":"Jeanette","twitter_card":"summary_large_image","twitter_creator":"@eldiario_net","twitter_site":"@eldiario_net","twitter_misc":{"Escrito por":"Jeanette","Tiempo de lectura":"2 minutos"},"schema":{"@context":"https:\/\/schema.org","@graph":[{"@type":"Article","@id":"https:\/\/www.eldiario.net\/portal\/2025\/06\/06\/evistas-atacan-ambulancias-con-menores-agreden-a-medicos-y-roban-equipo-policial\/#article","isPartOf":{"@id":"https:\/\/www.eldiario.net\/portal\/2025\/06\/06\/evistas-atacan-ambulancias-con-menores-agreden-a-medicos-y-roban-equipo-policial\/"},"author":{"name":"Jeanette","@id":"https:\/\/www.eldiario.net\/portal\/#\/schema\/person\/f46445640444750d7d753ccd04ae01b7"},"headline":"\u201cEvistas\u201d atacan ambulancias con menores, agreden a m\u00e9dicos y roban equipo policial","datePublished":"2025-06-06T09:41:08+00:00","dateModified":"2025-06-06T09:49:02+00:00","mainEntityOfPage":{"@id":"https:\/\/www.eldiario.net\/portal\/2025\/06\/06\/evistas-atacan-ambulancias-con-menores-agreden-a-medicos-y-roban-equipo-policial\/"},"wordCount":275,"publisher":{"@id":"https:\/\/www.eldiario.net\/portal\/#organization"},"image":{"@id":"https:\/\/www.eldiario.net\/portal\/2025\/06\/06\/evistas-atacan-ambulancias-con-menores-agreden-a-medicos-y-roban-equipo-policial\/#primaryimage"},"thumbnailUrl":"https:\/\/www.eldiario.net\/portal\/wp-content\/uploads\/2023\/12\/Seguridad.jpg","articleSection":["Sociedad - Seguridad"],"inLanguage":"es"},{"@type":"WebPage","@id":"https:\/\/www.eldiario.net\/portal\/2025\/06\/06\/evistas-atacan-ambulancias-con-menores-agreden-a-medicos-y-roban-equipo-policial\/","url":"https:\/\/www.eldiario.net\/portal\/2025\/06\/06\/evistas-atacan-ambulancias-con-menores-agreden-a-medicos-y-roban-equipo-policial\/","name":"\u201cEvistas\u201d atacan ambulancias con menores, agreden a m\u00e9dicos y roban equipo policial - El Diario - Bolivia","isPartOf":{"@id":"https:\/\/www.eldiario.net\/portal\/#website"},"primaryImageOfPage":{"@id":"https:\/\/www.eldiario.net\/portal\/2025\/06\/06\/evistas-atacan-ambulancias-con-menores-agreden-a-medicos-y-roban-equipo-policial\/#primaryimage"},"image":{"@id":"https:\/\/www.eldiario.net\/portal\/2025\/06\/06\/evistas-atacan-ambulancias-con-menores-agreden-a-medicos-y-roban-equipo-policial\/#primaryimage"},"thumbnailUrl":"https:\/\/www.eldiario.net\/portal\/wp-content\/uploads\/2023\/12\/Seguridad.jpg","datePublished":"2025-06-06T09:41:08+00:00","dateModified":"2025-06-06T09:49:02+00:00","breadcrumb":{"@id":"https:\/\/www.eldiario.net\/portal\/2025\/06\/06\/evistas-atacan-ambulancias-con-menores-agreden-a-medicos-y-roban-equipo-policial\/#breadcrumb"},"inLanguage":"es","potentialAction":[{"@type":"ReadAction","target":["https:\/\/www.eldiario.net\/portal\/2025\/06\/06\/evistas-atacan-ambulancias-con-menores-agreden-a-medicos-y-roban-equipo-policial\/"]}]},{"@type":"ImageObject","inLanguage":"es","@id":"https:\/\/www.eldiario.net\/portal\/2025\/06\/06\/evistas-atacan-ambulancias-con-menores-agreden-a-medicos-y-roban-equipo-policial\/#primaryimage","url":"https:\/\/www.eldiario.net\/portal\/wp-content\/uploads\/2023\/12\/Seguridad.jpg","contentUrl":"https:\/\/www.eldiario.net\/portal\/wp-content\/uploads\/2023\/12\/Seguridad.jpg","width":800,"height":500},{"@type":"BreadcrumbList","@id":"https:\/\/www.eldiario.net\/portal\/2025\/06\/06\/evistas-atacan-ambulancias-con-menores-agreden-a-medicos-y-roban-equipo-policial\/#breadcrumb","itemListElement":[{"@type":"ListItem","position":1,"name":"Portada","item":"https:\/\/www.eldiario.net\/portal\/"},{"@type":"ListItem","position":2,"name":"\u201cEvistas\u201d atacan ambulancias con menores, agreden a m\u00e9dicos y roban equipo policial"}]},{"@type":"WebSite","@id":"https:\/\/www.eldiario.net\/portal\/#website","url":"https:\/\/www.eldiario.net\/portal\/","name":"El Diario - Decano de la prensa nacional","description":"El Diario - Decano de la prensa nacional","publisher":{"@id":"https:\/\/www.eldiario.net\/portal\/#organization"},"potentialAction":[{"@type":"SearchAction","target":{"@type":"EntryPoint","urlTemplate":"https:\/\/www.eldiario.net\/portal\/?s={search_term_string}"},"query-input":{"@type":"PropertyValueSpecification","valueRequired":true,"valueName":"search_term_string"}}],"inLanguage":"es"},{"@type":"Organization","@id":"https:\/\/www.eldiario.net\/portal\/#organization","name":"El Diario - Decano de la prensa nacional","url":"https:\/\/www.eldiario.net\/portal\/","logo":{"@type":"ImageObject","inLanguage":"es","@id":"https:\/\/www.eldiario.net\/portal\/#\/schema\/logo\/image\/","url":"https:\/\/www.eldiario.net\/portal\/wp-content\/uploads\/2023\/07\/logo_ED.jpg","contentUrl":"https:\/\/www.eldiario.net\/portal\/wp-content\/uploads\/2023\/07\/logo_ED.jpg","width":272,"height":52,"caption":"El Diario - Decano de la prensa nacional"},"image":{"@id":"https:\/\/www.eldiario.net\/portal\/#\/schema\/logo\/image\/"},"sameAs":["https:\/\/www.facebook.com\/eldiario.bolivia\/","https:\/\/x.com\/eldiario_net"]},{"@type":"Person","@id":"https:\/\/www.eldiario.net\/portal\/#\/schema\/person\/f46445640444750d7d753ccd04ae01b7","name":"Jeanette","image":{"@type":"ImageObject","inLanguage":"es","@id":"https:\/\/secure.gravatar.com\/avatar\/3ea2118a5f7dad2b7138b1187a6b7ee55f160b9968b66013c3a3ef39dd7e5798?s=96&d=mm&r=g","url":"https:\/\/secure.gravatar.com\/avatar\/3ea2118a5f7dad2b7138b1187a6b7ee55f160b9968b66013c3a3ef39dd7e5798?s=96&d=mm&r=g","contentUrl":"https:\/\/secure.gravatar.com\/avatar\/3ea2118a5f7dad2b7138b1187a6b7ee55f160b9968b66013c3a3ef39dd7e5798?s=96&d=mm&r=g","caption":"Jeanette"},"sameAs":["https:\/\/www.eldiario.net\/portal"],"url":"https:\/\/www.eldiario.net\/portal\/author\/jeanette\/"}]}},"_links":{"self":[{"href":"https:\/\/www.eldiario.net\/portal\/wp-json\/wp\/v2\/posts\/307677","targetHints":{"allow":["GET"]}}],"collection":[{"href":"https:\/\/www.eldiario.net\/portal\/wp-json\/wp\/v2\/posts"}],"about":[{"href":"https:\/\/www.eldiario.net\/portal\/wp-json\/wp\/v2\/types\/post"}],"author":[{"embeddable":true,"href":"https:\/\/www.eldiario.net\/portal\/wp-json\/wp\/v2\/users\/1"}],"replies":[{"embeddable":true,"href":"https:\/\/www.eldiario.net\/portal\/wp-json\/wp\/v2\/comments?post=307677"}],"version-history":[{"count":1,"href":"https:\/\/www.eldiario.net\/portal\/wp-json\/wp\/v2\/posts\/307677\/revisions"}],"predecessor-version":[{"id":307678,"href":"https:\/\/www.eldiario.net\/portal\/wp-json\/wp\/v2\/posts\/307677\/revisions\/307678"}],"wp:featuredmedia":[{"embeddable":true,"href":"https:\/\/www.eldiario.net\/portal\/wp-json\/wp\/v2\/media\/194738"}],"wp:attachment":[{"href":"https:\/\/www.eldiario.net\/portal\/wp-json\/wp\/v2\/media?parent=307677"}],"wp:term":[{"taxonomy":"category","embeddable":true,"href":"https:\/\/www.eldiario.net\/portal\/wp-json\/wp\/v2\/categories?post=307677"},{"taxonomy":"post_tag","embeddable":true,"href":"https:\/\/www.eldiario.net\/portal\/wp-json\/wp\/v2\/tags?post=307677"}],"curies":[{"name":"wp","href":"https:\/\/api.w.org\/{rel}","templated":true}]}}