{"id":307674,"date":"2025-06-06T05:42:26","date_gmt":"2025-06-06T09:42:26","guid":{"rendered":"https:\/\/www.eldiario.net\/portal\/?p=307674"},"modified":"2025-06-06T05:47:57","modified_gmt":"2025-06-06T09:47:57","slug":"simpatizante-de-evo-morales-acusa-a-la-prensa-de-distorsionar-sus-advertencias","status":"publish","type":"post","link":"https:\/\/www.eldiario.net\/portal\/2025\/06\/06\/simpatizante-de-evo-morales-acusa-a-la-prensa-de-distorsionar-sus-advertencias\/","title":{"rendered":"Simpatizante de Evo Morales acusa a la prensa de distorsionar sus advertencias"},"content":{"rendered":"<p>\u201cEn ning\u00fan momento he amenazado la integridad f\u00edsica de aquellos vocales (del Tribunal Supremo Electoral). Lamentamos mucho que la prensa est\u00e9 distorsionando esa versi\u00f3n, pero como el gobierno tiene a la prensa comprada, vendida, maldita, quieren hacer escarnio\u201d, afirm\u00f3 Enrique Mamani, dirigente y simpatizante del expresidente, Evo Morales.<\/p>\n<p>La Agencia de Noticias Fides (ANF) inform\u00f3 que el dirigente que representa a los grupos de colonizadores denominados \u201cinterculturales\u201d, neg\u00f3 que haya amenazado a los vocales del Tribunal Supremo Electoral (TSE) y descarg\u00f3 responsabilidades en los medios de informaci\u00f3n.<\/p>\n<p>\u201cPersonalmente, quieren hacerme ver como un terrorista. Yo no soy ning\u00fan terrorista; soy un ciudadano que est\u00e1 aqu\u00ed al mandato de mis organizaciones\u201d, afirm\u00f3 el mi\u00e9rcoles 4 de junio de 2025.<\/p>\n<p>Mamani conforma las agrupaciones que exigen la inscripci\u00f3n de Evo Morales como candidato a la Presidencia para las elecciones generales del 17 de agosto pr\u00f3ximo, que realizan marchas en La Paz y bloquean las principales carreteras en los departamentos de Cochabamba y Potos\u00ed.<\/p>\n<p>En una de las manifestaciones, la Polic\u00eda detuvo a 22 personas acusadas por generar violencia y Mamani exigi\u00f3 su liberaci\u00f3n con la siguiente advertencia:<\/p>\n<p>\u201cTenemos identificados a los traidores de la patria, empezando desde el TSE. Tenemos identificado al se\u00f1or \u00d3scar Hassenteufel, tambi\u00e9n tenemos \u2018identificado\u2019 su casa de Tahuichi Tahuichi Quispe (vocal del TSE). Si ustedes no liberan a nuestros compa\u00f1eros, ma\u00f1ana haremos conocer qui\u00e9nes son sus familiares\u201d, record\u00f3 ANF recurriendo a sus archivos period\u00edsticos.<\/p>\n<p>Frente a esa declaraci\u00f3n, los integrantes del TSE solicitaron medidas de protecci\u00f3n a la Comisi\u00f3n Interamericana de Derechos Humanos (CIDH) y la Polic\u00eda custodia las instalaciones departamentales de la entidad que organiza las elecciones generales.<\/p>\n<p>El 30 de mayo pasado, el portavoz de la agrupaci\u00f3n \u201cEvo Pueblo\u201d, Omar Ram\u00edrez, ofreci\u00f3 disculpas a las autoridades electorales por la advertencia de Mamani. \u201cCon esa firmeza nos estamos dirigiendo&#8230; No tengo miedo, s\u00e9 que me est\u00e1n siguiendo, s\u00e9 que el gobierno est\u00e1 desplegando a la inteligencia. Yo no voy a llorar como esos vocales maricones que se est\u00e1n quejando ante la CIDH\u201d, se\u00f1al\u00f3 seg\u00fan ANF.<\/p>\n<p>Los diarios representados por la Asociaci\u00f3n Nacional de la Prensa (ANP) rechazaron los calificativos emitidos por el dirigente de colonizadores alineados al expresidente, Evo Morales, y reclamaron el respeto a las instituciones democr\u00e1ticas, a sus autoridades, y al periodismo que registra y divulga las expresiones de actores pol\u00edticos con la responsabilidad que caracteriza a los medios independientes. (ANP)<\/p>\n","protected":false},"excerpt":{"rendered":"<p>\u201cEn ning\u00fan momento he amenazado la integridad f\u00edsica de aquellos vocales (del Tribunal Supremo Electoral). Lamentamos mucho que la prensa est\u00e9 distorsionando esa versi\u00f3n, pero como el gobierno tiene a la prensa comprada, vendida, maldita, quieren hacer escarnio\u201d, afirm\u00f3 Enrique Mamani, dirigente y simpatizante del expresidente, Evo Morales. La Agencia de Noticias Fides (ANF) inform\u00f3 [&hellip;]<\/p>\n","protected":false},"author":1,"featured_media":307675,"comment_status":"closed","ping_status":"open","sticky":false,"template":"","format":"standard","meta":{"_acf_changed":false,"footnotes":""},"categories":[39],"tags":[],"class_list":["post-307674","post","type-post","status-publish","format-standard","has-post-thumbnail","category-sociedad"],"acf":{"antetitulo":""},"yoast_head":"<!-- This site is optimized with the Yoast SEO plugin v28.4 - https:\/\/yoast.com\/product\/yoast-seo-wordpress\/ -->\n<title>Simpatizante de Evo Morales acusa a la prensa de distorsionar sus advertencias - El Diario - Bolivia<\/title>\n<meta name=\"robots\" content=\"index, follow, max-snippet:-1, max-image-preview:large, max-video-preview:-1\" \/>\n<link rel=\"canonical\" href=\"https:\/\/www.eldiario.net\/portal\/2025\/06\/06\/simpatizante-de-evo-morales-acusa-a-la-prensa-de-distorsionar-sus-advertencias\/\" \/>\n<meta property=\"og:locale\" content=\"es_ES\" \/>\n<meta property=\"og:type\" content=\"article\" \/>\n<meta property=\"og:title\" content=\"Simpatizante de Evo Morales acusa a la prensa de distorsionar sus advertencias - El Diario - Bolivia\" \/>\n<meta property=\"og:description\" content=\"\u201cEn ning\u00fan momento he amenazado la integridad f\u00edsica de aquellos vocales (del Tribunal Supremo Electoral). Lamentamos mucho que la prensa est\u00e9 distorsionando esa versi\u00f3n, pero como el gobierno tiene a la prensa comprada, vendida, maldita, quieren hacer escarnio\u201d, afirm\u00f3 Enrique Mamani, dirigente y simpatizante del expresidente, Evo Morales. La Agencia de Noticias Fides (ANF) inform\u00f3 [&hellip;]\" \/>\n<meta property=\"og:url\" content=\"https:\/\/www.eldiario.net\/portal\/2025\/06\/06\/simpatizante-de-evo-morales-acusa-a-la-prensa-de-distorsionar-sus-advertencias\/\" \/>\n<meta property=\"og:site_name\" content=\"El Diario - Bolivia\" \/>\n<meta property=\"article:publisher\" content=\"https:\/\/www.facebook.com\/eldiario.bolivia\/\" \/>\n<meta property=\"article:published_time\" content=\"2025-06-06T09:42:26+00:00\" \/>\n<meta property=\"article:modified_time\" content=\"2025-06-06T09:47:57+00:00\" \/>\n<meta property=\"og:image\" content=\"https:\/\/www.eldiario.net\/portal\/wp-content\/uploads\/2025\/06\/6-ANP.jpg\" \/>\n\t<meta property=\"og:image:width\" content=\"820\" \/>\n\t<meta property=\"og:image:height\" content=\"529\" \/>\n\t<meta property=\"og:image:type\" content=\"image\/jpeg\" \/>\n<meta name=\"author\" content=\"Jeanette\" \/>\n<meta name=\"twitter:card\" content=\"summary_large_image\" \/>\n<meta name=\"twitter:creator\" content=\"@eldiario_net\" \/>\n<meta name=\"twitter:site\" content=\"@eldiario_net\" \/>\n<meta name=\"twitter:label1\" content=\"Escrito por\" \/>\n\t<meta name=\"twitter:data1\" content=\"Jeanette\" \/>\n\t<meta name=\"twitter:label2\" content=\"Tiempo de lectura\" \/>\n\t<meta name=\"twitter:data2\" content=\"3 minutos\" \/>\n<script type=\"application\/ld+json\" class=\"yoast-schema-graph\">{\"@context\":\"https:\\\/\\\/schema.org\",\"@graph\":[{\"@type\":\"Article\",\"@id\":\"https:\\\/\\\/www.eldiario.net\\\/portal\\\/2025\\\/06\\\/06\\\/simpatizante-de-evo-morales-acusa-a-la-prensa-de-distorsionar-sus-advertencias\\\/#article\",\"isPartOf\":{\"@id\":\"https:\\\/\\\/www.eldiario.net\\\/portal\\\/2025\\\/06\\\/06\\\/simpatizante-de-evo-morales-acusa-a-la-prensa-de-distorsionar-sus-advertencias\\\/\"},\"author\":{\"name\":\"Jeanette\",\"@id\":\"https:\\\/\\\/www.eldiario.net\\\/portal\\\/#\\\/schema\\\/person\\\/f46445640444750d7d753ccd04ae01b7\"},\"headline\":\"Simpatizante de Evo Morales acusa a la prensa de distorsionar sus advertencias\",\"datePublished\":\"2025-06-06T09:42:26+00:00\",\"dateModified\":\"2025-06-06T09:47:57+00:00\",\"mainEntityOfPage\":{\"@id\":\"https:\\\/\\\/www.eldiario.net\\\/portal\\\/2025\\\/06\\\/06\\\/simpatizante-de-evo-morales-acusa-a-la-prensa-de-distorsionar-sus-advertencias\\\/\"},\"wordCount\":432,\"publisher\":{\"@id\":\"https:\\\/\\\/www.eldiario.net\\\/portal\\\/#organization\"},\"image\":{\"@id\":\"https:\\\/\\\/www.eldiario.net\\\/portal\\\/2025\\\/06\\\/06\\\/simpatizante-de-evo-morales-acusa-a-la-prensa-de-distorsionar-sus-advertencias\\\/#primaryimage\"},\"thumbnailUrl\":\"https:\\\/\\\/www.eldiario.net\\\/portal\\\/wp-content\\\/uploads\\\/2025\\\/06\\\/6-ANP.jpg\",\"articleSection\":[\"Sociedad - Seguridad\"],\"inLanguage\":\"es\"},{\"@type\":\"WebPage\",\"@id\":\"https:\\\/\\\/www.eldiario.net\\\/portal\\\/2025\\\/06\\\/06\\\/simpatizante-de-evo-morales-acusa-a-la-prensa-de-distorsionar-sus-advertencias\\\/\",\"url\":\"https:\\\/\\\/www.eldiario.net\\\/portal\\\/2025\\\/06\\\/06\\\/simpatizante-de-evo-morales-acusa-a-la-prensa-de-distorsionar-sus-advertencias\\\/\",\"name\":\"Simpatizante de Evo Morales acusa a la prensa de distorsionar sus advertencias - El Diario - Bolivia\",\"isPartOf\":{\"@id\":\"https:\\\/\\\/www.eldiario.net\\\/portal\\\/#website\"},\"primaryImageOfPage\":{\"@id\":\"https:\\\/\\\/www.eldiario.net\\\/portal\\\/2025\\\/06\\\/06\\\/simpatizante-de-evo-morales-acusa-a-la-prensa-de-distorsionar-sus-advertencias\\\/#primaryimage\"},\"image\":{\"@id\":\"https:\\\/\\\/www.eldiario.net\\\/portal\\\/2025\\\/06\\\/06\\\/simpatizante-de-evo-morales-acusa-a-la-prensa-de-distorsionar-sus-advertencias\\\/#primaryimage\"},\"thumbnailUrl\":\"https:\\\/\\\/www.eldiario.net\\\/portal\\\/wp-content\\\/uploads\\\/2025\\\/06\\\/6-ANP.jpg\",\"datePublished\":\"2025-06-06T09:42:26+00:00\",\"dateModified\":\"2025-06-06T09:47:57+00:00\",\"breadcrumb\":{\"@id\":\"https:\\\/\\\/www.eldiario.net\\\/portal\\\/2025\\\/06\\\/06\\\/simpatizante-de-evo-morales-acusa-a-la-prensa-de-distorsionar-sus-advertencias\\\/#breadcrumb\"},\"inLanguage\":\"es\",\"potentialAction\":[{\"@type\":\"ReadAction\",\"target\":[\"https:\\\/\\\/www.eldiario.net\\\/portal\\\/2025\\\/06\\\/06\\\/simpatizante-de-evo-morales-acusa-a-la-prensa-de-distorsionar-sus-advertencias\\\/\"]}]},{\"@type\":\"ImageObject\",\"inLanguage\":\"es\",\"@id\":\"https:\\\/\\\/www.eldiario.net\\\/portal\\\/2025\\\/06\\\/06\\\/simpatizante-de-evo-morales-acusa-a-la-prensa-de-distorsionar-sus-advertencias\\\/#primaryimage\",\"url\":\"https:\\\/\\\/www.eldiario.net\\\/portal\\\/wp-content\\\/uploads\\\/2025\\\/06\\\/6-ANP.jpg\",\"contentUrl\":\"https:\\\/\\\/www.eldiario.net\\\/portal\\\/wp-content\\\/uploads\\\/2025\\\/06\\\/6-ANP.jpg\",\"width\":820,\"height\":529,\"caption\":\"El dirigente simpatizante de Evo Morales, Enrique Mamani. Cr\u00e9dito: El Deber\"},{\"@type\":\"BreadcrumbList\",\"@id\":\"https:\\\/\\\/www.eldiario.net\\\/portal\\\/2025\\\/06\\\/06\\\/simpatizante-de-evo-morales-acusa-a-la-prensa-de-distorsionar-sus-advertencias\\\/#breadcrumb\",\"itemListElement\":[{\"@type\":\"ListItem\",\"position\":1,\"name\":\"Portada\",\"item\":\"https:\\\/\\\/www.eldiario.net\\\/portal\\\/\"},{\"@type\":\"ListItem\",\"position\":2,\"name\":\"Simpatizante de Evo Morales acusa a la prensa de distorsionar sus advertencias\"}]},{\"@type\":\"WebSite\",\"@id\":\"https:\\\/\\\/www.eldiario.net\\\/portal\\\/#website\",\"url\":\"https:\\\/\\\/www.eldiario.net\\\/portal\\\/\",\"name\":\"El Diario - Decano de la prensa nacional\",\"description\":\"El Diario - Decano de la prensa nacional\",\"publisher\":{\"@id\":\"https:\\\/\\\/www.eldiario.net\\\/portal\\\/#organization\"},\"potentialAction\":[{\"@type\":\"SearchAction\",\"target\":{\"@type\":\"EntryPoint\",\"urlTemplate\":\"https:\\\/\\\/www.eldiario.net\\\/portal\\\/?s={search_term_string}\"},\"query-input\":{\"@type\":\"PropertyValueSpecification\",\"valueRequired\":true,\"valueName\":\"search_term_string\"}}],\"inLanguage\":\"es\"},{\"@type\":\"Organization\",\"@id\":\"https:\\\/\\\/www.eldiario.net\\\/portal\\\/#organization\",\"name\":\"El Diario - Decano de la prensa nacional\",\"url\":\"https:\\\/\\\/www.eldiario.net\\\/portal\\\/\",\"logo\":{\"@type\":\"ImageObject\",\"inLanguage\":\"es\",\"@id\":\"https:\\\/\\\/www.eldiario.net\\\/portal\\\/#\\\/schema\\\/logo\\\/image\\\/\",\"url\":\"https:\\\/\\\/www.eldiario.net\\\/portal\\\/wp-content\\\/uploads\\\/2023\\\/07\\\/logo_ED.jpg\",\"contentUrl\":\"https:\\\/\\\/www.eldiario.net\\\/portal\\\/wp-content\\\/uploads\\\/2023\\\/07\\\/logo_ED.jpg\",\"width\":272,\"height\":52,\"caption\":\"El Diario - Decano de la prensa nacional\"},\"image\":{\"@id\":\"https:\\\/\\\/www.eldiario.net\\\/portal\\\/#\\\/schema\\\/logo\\\/image\\\/\"},\"sameAs\":[\"https:\\\/\\\/www.facebook.com\\\/eldiario.bolivia\\\/\",\"https:\\\/\\\/x.com\\\/eldiario_net\"]},{\"@type\":\"Person\",\"@id\":\"https:\\\/\\\/www.eldiario.net\\\/portal\\\/#\\\/schema\\\/person\\\/f46445640444750d7d753ccd04ae01b7\",\"name\":\"Jeanette\",\"image\":{\"@type\":\"ImageObject\",\"inLanguage\":\"es\",\"@id\":\"https:\\\/\\\/secure.gravatar.com\\\/avatar\\\/3ea2118a5f7dad2b7138b1187a6b7ee55f160b9968b66013c3a3ef39dd7e5798?s=96&d=mm&r=g\",\"url\":\"https:\\\/\\\/secure.gravatar.com\\\/avatar\\\/3ea2118a5f7dad2b7138b1187a6b7ee55f160b9968b66013c3a3ef39dd7e5798?s=96&d=mm&r=g\",\"contentUrl\":\"https:\\\/\\\/secure.gravatar.com\\\/avatar\\\/3ea2118a5f7dad2b7138b1187a6b7ee55f160b9968b66013c3a3ef39dd7e5798?s=96&d=mm&r=g\",\"caption\":\"Jeanette\"},\"sameAs\":[\"https:\\\/\\\/www.eldiario.net\\\/portal\"],\"url\":\"https:\\\/\\\/www.eldiario.net\\\/portal\\\/author\\\/jeanette\\\/\"}]}<\/script>\n<!-- \/ Yoast SEO plugin. -->","yoast_head_json":{"title":"Simpatizante de Evo Morales acusa a la prensa de distorsionar sus advertencias - El Diario - Bolivia","robots":{"index":"index","follow":"follow","max-snippet":"max-snippet:-1","max-image-preview":"max-image-preview:large","max-video-preview":"max-video-preview:-1"},"canonical":"https:\/\/www.eldiario.net\/portal\/2025\/06\/06\/simpatizante-de-evo-morales-acusa-a-la-prensa-de-distorsionar-sus-advertencias\/","og_locale":"es_ES","og_type":"article","og_title":"Simpatizante de Evo Morales acusa a la prensa de distorsionar sus advertencias - El Diario - Bolivia","og_description":"\u201cEn ning\u00fan momento he amenazado la integridad f\u00edsica de aquellos vocales (del Tribunal Supremo Electoral). Lamentamos mucho que la prensa est\u00e9 distorsionando esa versi\u00f3n, pero como el gobierno tiene a la prensa comprada, vendida, maldita, quieren hacer escarnio\u201d, afirm\u00f3 Enrique Mamani, dirigente y simpatizante del expresidente, Evo Morales. La Agencia de Noticias Fides (ANF) inform\u00f3 [&hellip;]","og_url":"https:\/\/www.eldiario.net\/portal\/2025\/06\/06\/simpatizante-de-evo-morales-acusa-a-la-prensa-de-distorsionar-sus-advertencias\/","og_site_name":"El Diario - Bolivia","article_publisher":"https:\/\/www.facebook.com\/eldiario.bolivia\/","article_published_time":"2025-06-06T09:42:26+00:00","article_modified_time":"2025-06-06T09:47:57+00:00","og_image":[{"width":820,"height":529,"url":"https:\/\/www.eldiario.net\/portal\/wp-content\/uploads\/2025\/06\/6-ANP.jpg","type":"image\/jpeg"}],"author":"Jeanette","twitter_card":"summary_large_image","twitter_creator":"@eldiario_net","twitter_site":"@eldiario_net","twitter_misc":{"Escrito por":"Jeanette","Tiempo de lectura":"3 minutos"},"schema":{"@context":"https:\/\/schema.org","@graph":[{"@type":"Article","@id":"https:\/\/www.eldiario.net\/portal\/2025\/06\/06\/simpatizante-de-evo-morales-acusa-a-la-prensa-de-distorsionar-sus-advertencias\/#article","isPartOf":{"@id":"https:\/\/www.eldiario.net\/portal\/2025\/06\/06\/simpatizante-de-evo-morales-acusa-a-la-prensa-de-distorsionar-sus-advertencias\/"},"author":{"name":"Jeanette","@id":"https:\/\/www.eldiario.net\/portal\/#\/schema\/person\/f46445640444750d7d753ccd04ae01b7"},"headline":"Simpatizante de Evo Morales acusa a la prensa de distorsionar sus advertencias","datePublished":"2025-06-06T09:42:26+00:00","dateModified":"2025-06-06T09:47:57+00:00","mainEntityOfPage":{"@id":"https:\/\/www.eldiario.net\/portal\/2025\/06\/06\/simpatizante-de-evo-morales-acusa-a-la-prensa-de-distorsionar-sus-advertencias\/"},"wordCount":432,"publisher":{"@id":"https:\/\/www.eldiario.net\/portal\/#organization"},"image":{"@id":"https:\/\/www.eldiario.net\/portal\/2025\/06\/06\/simpatizante-de-evo-morales-acusa-a-la-prensa-de-distorsionar-sus-advertencias\/#primaryimage"},"thumbnailUrl":"https:\/\/www.eldiario.net\/portal\/wp-content\/uploads\/2025\/06\/6-ANP.jpg","articleSection":["Sociedad - Seguridad"],"inLanguage":"es"},{"@type":"WebPage","@id":"https:\/\/www.eldiario.net\/portal\/2025\/06\/06\/simpatizante-de-evo-morales-acusa-a-la-prensa-de-distorsionar-sus-advertencias\/","url":"https:\/\/www.eldiario.net\/portal\/2025\/06\/06\/simpatizante-de-evo-morales-acusa-a-la-prensa-de-distorsionar-sus-advertencias\/","name":"Simpatizante de Evo Morales acusa a la prensa de distorsionar sus advertencias - El Diario - Bolivia","isPartOf":{"@id":"https:\/\/www.eldiario.net\/portal\/#website"},"primaryImageOfPage":{"@id":"https:\/\/www.eldiario.net\/portal\/2025\/06\/06\/simpatizante-de-evo-morales-acusa-a-la-prensa-de-distorsionar-sus-advertencias\/#primaryimage"},"image":{"@id":"https:\/\/www.eldiario.net\/portal\/2025\/06\/06\/simpatizante-de-evo-morales-acusa-a-la-prensa-de-distorsionar-sus-advertencias\/#primaryimage"},"thumbnailUrl":"https:\/\/www.eldiario.net\/portal\/wp-content\/uploads\/2025\/06\/6-ANP.jpg","datePublished":"2025-06-06T09:42:26+00:00","dateModified":"2025-06-06T09:47:57+00:00","breadcrumb":{"@id":"https:\/\/www.eldiario.net\/portal\/2025\/06\/06\/simpatizante-de-evo-morales-acusa-a-la-prensa-de-distorsionar-sus-advertencias\/#breadcrumb"},"inLanguage":"es","potentialAction":[{"@type":"ReadAction","target":["https:\/\/www.eldiario.net\/portal\/2025\/06\/06\/simpatizante-de-evo-morales-acusa-a-la-prensa-de-distorsionar-sus-advertencias\/"]}]},{"@type":"ImageObject","inLanguage":"es","@id":"https:\/\/www.eldiario.net\/portal\/2025\/06\/06\/simpatizante-de-evo-morales-acusa-a-la-prensa-de-distorsionar-sus-advertencias\/#primaryimage","url":"https:\/\/www.eldiario.net\/portal\/wp-content\/uploads\/2025\/06\/6-ANP.jpg","contentUrl":"https:\/\/www.eldiario.net\/portal\/wp-content\/uploads\/2025\/06\/6-ANP.jpg","width":820,"height":529,"caption":"El dirigente simpatizante de Evo Morales, Enrique Mamani. Cr\u00e9dito: El Deber"},{"@type":"BreadcrumbList","@id":"https:\/\/www.eldiario.net\/portal\/2025\/06\/06\/simpatizante-de-evo-morales-acusa-a-la-prensa-de-distorsionar-sus-advertencias\/#breadcrumb","itemListElement":[{"@type":"ListItem","position":1,"name":"Portada","item":"https:\/\/www.eldiario.net\/portal\/"},{"@type":"ListItem","position":2,"name":"Simpatizante de Evo Morales acusa a la prensa de distorsionar sus advertencias"}]},{"@type":"WebSite","@id":"https:\/\/www.eldiario.net\/portal\/#website","url":"https:\/\/www.eldiario.net\/portal\/","name":"El Diario - Decano de la prensa nacional","description":"El Diario - Decano de la prensa nacional","publisher":{"@id":"https:\/\/www.eldiario.net\/portal\/#organization"},"potentialAction":[{"@type":"SearchAction","target":{"@type":"EntryPoint","urlTemplate":"https:\/\/www.eldiario.net\/portal\/?s={search_term_string}"},"query-input":{"@type":"PropertyValueSpecification","valueRequired":true,"valueName":"search_term_string"}}],"inLanguage":"es"},{"@type":"Organization","@id":"https:\/\/www.eldiario.net\/portal\/#organization","name":"El Diario - Decano de la prensa nacional","url":"https:\/\/www.eldiario.net\/portal\/","logo":{"@type":"ImageObject","inLanguage":"es","@id":"https:\/\/www.eldiario.net\/portal\/#\/schema\/logo\/image\/","url":"https:\/\/www.eldiario.net\/portal\/wp-content\/uploads\/2023\/07\/logo_ED.jpg","contentUrl":"https:\/\/www.eldiario.net\/portal\/wp-content\/uploads\/2023\/07\/logo_ED.jpg","width":272,"height":52,"caption":"El Diario - Decano de la prensa nacional"},"image":{"@id":"https:\/\/www.eldiario.net\/portal\/#\/schema\/logo\/image\/"},"sameAs":["https:\/\/www.facebook.com\/eldiario.bolivia\/","https:\/\/x.com\/eldiario_net"]},{"@type":"Person","@id":"https:\/\/www.eldiario.net\/portal\/#\/schema\/person\/f46445640444750d7d753ccd04ae01b7","name":"Jeanette","image":{"@type":"ImageObject","inLanguage":"es","@id":"https:\/\/secure.gravatar.com\/avatar\/3ea2118a5f7dad2b7138b1187a6b7ee55f160b9968b66013c3a3ef39dd7e5798?s=96&d=mm&r=g","url":"https:\/\/secure.gravatar.com\/avatar\/3ea2118a5f7dad2b7138b1187a6b7ee55f160b9968b66013c3a3ef39dd7e5798?s=96&d=mm&r=g","contentUrl":"https:\/\/secure.gravatar.com\/avatar\/3ea2118a5f7dad2b7138b1187a6b7ee55f160b9968b66013c3a3ef39dd7e5798?s=96&d=mm&r=g","caption":"Jeanette"},"sameAs":["https:\/\/www.eldiario.net\/portal"],"url":"https:\/\/www.eldiario.net\/portal\/author\/jeanette\/"}]}},"_links":{"self":[{"href":"https:\/\/www.eldiario.net\/portal\/wp-json\/wp\/v2\/posts\/307674","targetHints":{"allow":["GET"]}}],"collection":[{"href":"https:\/\/www.eldiario.net\/portal\/wp-json\/wp\/v2\/posts"}],"about":[{"href":"https:\/\/www.eldiario.net\/portal\/wp-json\/wp\/v2\/types\/post"}],"author":[{"embeddable":true,"href":"https:\/\/www.eldiario.net\/portal\/wp-json\/wp\/v2\/users\/1"}],"replies":[{"embeddable":true,"href":"https:\/\/www.eldiario.net\/portal\/wp-json\/wp\/v2\/comments?post=307674"}],"version-history":[{"count":1,"href":"https:\/\/www.eldiario.net\/portal\/wp-json\/wp\/v2\/posts\/307674\/revisions"}],"predecessor-version":[{"id":307676,"href":"https:\/\/www.eldiario.net\/portal\/wp-json\/wp\/v2\/posts\/307674\/revisions\/307676"}],"wp:featuredmedia":[{"embeddable":true,"href":"https:\/\/www.eldiario.net\/portal\/wp-json\/wp\/v2\/media\/307675"}],"wp:attachment":[{"href":"https:\/\/www.eldiario.net\/portal\/wp-json\/wp\/v2\/media?parent=307674"}],"wp:term":[{"taxonomy":"category","embeddable":true,"href":"https:\/\/www.eldiario.net\/portal\/wp-json\/wp\/v2\/categories?post=307674"},{"taxonomy":"post_tag","embeddable":true,"href":"https:\/\/www.eldiario.net\/portal\/wp-json\/wp\/v2\/tags?post=307674"}],"curies":[{"name":"wp","href":"https:\/\/api.w.org\/{rel}","templated":true}]}}