{"id":307671,"date":"2025-06-06T05:43:00","date_gmt":"2025-06-06T09:43:00","guid":{"rendered":"https:\/\/www.eldiario.net\/portal\/?p=307671"},"modified":"2025-06-06T05:47:17","modified_gmt":"2025-06-06T09:47:17","slug":"comision-de-diputados-investiga-presunta-red-de-trata-en-unidad-educativa-crucena","status":"publish","type":"post","link":"https:\/\/www.eldiario.net\/portal\/2025\/06\/06\/comision-de-diputados-investiga-presunta-red-de-trata-en-unidad-educativa-crucena\/","title":{"rendered":"Comisi\u00f3n de Diputados investiga presunta red de trata en unidad educativa cruce\u00f1a"},"content":{"rendered":"<p>La Comisi\u00f3n de Derechos Humanos de la C\u00e1mara de Diputados investiga un posible caso de tr\u00e1fico sexual en una unidad educativa de la zona El Mechero, en Santa Cruz de la Sierra, donde al menos 20 menores de edad habr\u00edan sido v\u00edctimas de propuestas sexuales a cambio de dinero.<\/p>\n<p>La diputada que preside la Comisi\u00f3n, Betty Ya\u00f1\u00edquez (MAS), anunci\u00f3 acciones inmediatas para proteger a las v\u00edctimas y exigi\u00f3 una investigaci\u00f3n oportuna para encontrar y sancionar a los responsables que operan esta supuesta red de trata de menores.<\/p>\n<p>\u201cLa Comisi\u00f3n solicit\u00f3 de manera inmediata un informe escrito a la Defensor\u00eda de la Ni\u00f1ez y Adolescencia de Santa Cruz, al Ministerio P\u00fablico y a la Fuerza Especial de Lucha Contra el Crimen (Felcc), para conocer el avance de las investigaciones, las medidas de protecci\u00f3n que se han implementado para las v\u00edctimas y las acciones tomadas para identificar y aprehender a los presuntos responsables\u201d, afirm\u00f3.<\/p>\n<p>Ya\u00f1\u00edquez inform\u00f3 que los miembros de esta delegaci\u00f3n parlamentaria se trasladar\u00edan a la capital cruce\u00f1a para investigar a fondo las denuncias y brindar apoyo institucional a padres de familia y docentes.<\/p>\n<p>&nbsp;<\/p>\n<p>DENUNCIA<\/p>\n<p>Seg\u00fan las denuncias, algunos maestros afirmaron que al menos 20 menores de edad de sexo femenino recibieron propuestas sexuales a cambio de sumas de dinero, de las cuales dos de ellas habr\u00edan accedido a estos ofrecimientos, lo que dej\u00f3 a las v\u00edctimas con severos traumas psicol\u00f3gicos.<\/p>\n<p>Una de las denunciantes se\u00f1al\u00f3 que los agresores \u201cson personas que est\u00e1n captando a entre 20 y 30 ni\u00f1as para tener relaciones sexuales\u201d. Por otro lado, los padres de familia informaron que los miembros de esta presunta organizaci\u00f3n amenazaron al personal docente y familiar para que no intervengan en el caso.<\/p>\n","protected":false},"excerpt":{"rendered":"<p>La Comisi\u00f3n de Derechos Humanos de la C\u00e1mara de Diputados investiga un posible caso de tr\u00e1fico sexual en una unidad educativa de la zona El Mechero, en Santa Cruz de la Sierra, donde al menos 20 menores de edad habr\u00edan sido v\u00edctimas de propuestas sexuales a cambio de dinero. La diputada que preside la Comisi\u00f3n, [&hellip;]<\/p>\n","protected":false},"author":1,"featured_media":307672,"comment_status":"closed","ping_status":"open","sticky":false,"template":"","format":"standard","meta":{"_acf_changed":false,"footnotes":""},"categories":[39],"tags":[],"class_list":["post-307671","post","type-post","status-publish","format-standard","has-post-thumbnail","category-sociedad"],"acf":{"antetitulo":"Graves denuncias"},"yoast_head":"<!-- This site is optimized with the Yoast SEO plugin v28.4 - https:\/\/yoast.com\/product\/yoast-seo-wordpress\/ -->\n<title>Comisi\u00f3n de Diputados investiga presunta red de trata en unidad educativa cruce\u00f1a - El Diario - Bolivia<\/title>\n<meta name=\"robots\" content=\"index, follow, max-snippet:-1, max-image-preview:large, max-video-preview:-1\" \/>\n<link rel=\"canonical\" href=\"https:\/\/www.eldiario.net\/portal\/2025\/06\/06\/comision-de-diputados-investiga-presunta-red-de-trata-en-unidad-educativa-crucena\/\" \/>\n<meta property=\"og:locale\" content=\"es_ES\" \/>\n<meta property=\"og:type\" content=\"article\" \/>\n<meta property=\"og:title\" content=\"Comisi\u00f3n de Diputados investiga presunta red de trata en unidad educativa cruce\u00f1a - El Diario - Bolivia\" \/>\n<meta property=\"og:description\" content=\"La Comisi\u00f3n de Derechos Humanos de la C\u00e1mara de Diputados investiga un posible caso de tr\u00e1fico sexual en una unidad educativa de la zona El Mechero, en Santa Cruz de la Sierra, donde al menos 20 menores de edad habr\u00edan sido v\u00edctimas de propuestas sexuales a cambio de dinero. La diputada que preside la Comisi\u00f3n, [&hellip;]\" \/>\n<meta property=\"og:url\" content=\"https:\/\/www.eldiario.net\/portal\/2025\/06\/06\/comision-de-diputados-investiga-presunta-red-de-trata-en-unidad-educativa-crucena\/\" \/>\n<meta property=\"og:site_name\" content=\"El Diario - Bolivia\" \/>\n<meta property=\"article:publisher\" content=\"https:\/\/www.facebook.com\/eldiario.bolivia\/\" \/>\n<meta property=\"article:published_time\" content=\"2025-06-06T09:43:00+00:00\" \/>\n<meta property=\"article:modified_time\" content=\"2025-06-06T09:47:17+00:00\" \/>\n<meta property=\"og:image\" content=\"https:\/\/www.eldiario.net\/portal\/wp-content\/uploads\/2025\/06\/6-DIP.jpg\" \/>\n\t<meta property=\"og:image:width\" content=\"1172\" \/>\n\t<meta property=\"og:image:height\" content=\"776\" \/>\n\t<meta property=\"og:image:type\" content=\"image\/jpeg\" \/>\n<meta name=\"author\" content=\"Jeanette\" \/>\n<meta name=\"twitter:card\" content=\"summary_large_image\" \/>\n<meta name=\"twitter:creator\" content=\"@eldiario_net\" \/>\n<meta name=\"twitter:site\" content=\"@eldiario_net\" \/>\n<meta name=\"twitter:label1\" content=\"Escrito por\" \/>\n\t<meta name=\"twitter:data1\" content=\"Jeanette\" \/>\n\t<meta name=\"twitter:label2\" content=\"Tiempo de lectura\" \/>\n\t<meta name=\"twitter:data2\" content=\"2 minutos\" \/>\n<script type=\"application\/ld+json\" class=\"yoast-schema-graph\">{\"@context\":\"https:\\\/\\\/schema.org\",\"@graph\":[{\"@type\":\"Article\",\"@id\":\"https:\\\/\\\/www.eldiario.net\\\/portal\\\/2025\\\/06\\\/06\\\/comision-de-diputados-investiga-presunta-red-de-trata-en-unidad-educativa-crucena\\\/#article\",\"isPartOf\":{\"@id\":\"https:\\\/\\\/www.eldiario.net\\\/portal\\\/2025\\\/06\\\/06\\\/comision-de-diputados-investiga-presunta-red-de-trata-en-unidad-educativa-crucena\\\/\"},\"author\":{\"name\":\"Jeanette\",\"@id\":\"https:\\\/\\\/www.eldiario.net\\\/portal\\\/#\\\/schema\\\/person\\\/f46445640444750d7d753ccd04ae01b7\"},\"headline\":\"Comisi\u00f3n de Diputados investiga presunta red de trata en unidad educativa cruce\u00f1a\",\"datePublished\":\"2025-06-06T09:43:00+00:00\",\"dateModified\":\"2025-06-06T09:47:17+00:00\",\"mainEntityOfPage\":{\"@id\":\"https:\\\/\\\/www.eldiario.net\\\/portal\\\/2025\\\/06\\\/06\\\/comision-de-diputados-investiga-presunta-red-de-trata-en-unidad-educativa-crucena\\\/\"},\"wordCount\":319,\"publisher\":{\"@id\":\"https:\\\/\\\/www.eldiario.net\\\/portal\\\/#organization\"},\"image\":{\"@id\":\"https:\\\/\\\/www.eldiario.net\\\/portal\\\/2025\\\/06\\\/06\\\/comision-de-diputados-investiga-presunta-red-de-trata-en-unidad-educativa-crucena\\\/#primaryimage\"},\"thumbnailUrl\":\"https:\\\/\\\/www.eldiario.net\\\/portal\\\/wp-content\\\/uploads\\\/2025\\\/06\\\/6-DIP.jpg\",\"articleSection\":[\"Sociedad - Seguridad\"],\"inLanguage\":\"es\"},{\"@type\":\"WebPage\",\"@id\":\"https:\\\/\\\/www.eldiario.net\\\/portal\\\/2025\\\/06\\\/06\\\/comision-de-diputados-investiga-presunta-red-de-trata-en-unidad-educativa-crucena\\\/\",\"url\":\"https:\\\/\\\/www.eldiario.net\\\/portal\\\/2025\\\/06\\\/06\\\/comision-de-diputados-investiga-presunta-red-de-trata-en-unidad-educativa-crucena\\\/\",\"name\":\"Comisi\u00f3n de Diputados investiga presunta red de trata en unidad educativa cruce\u00f1a - El Diario - Bolivia\",\"isPartOf\":{\"@id\":\"https:\\\/\\\/www.eldiario.net\\\/portal\\\/#website\"},\"primaryImageOfPage\":{\"@id\":\"https:\\\/\\\/www.eldiario.net\\\/portal\\\/2025\\\/06\\\/06\\\/comision-de-diputados-investiga-presunta-red-de-trata-en-unidad-educativa-crucena\\\/#primaryimage\"},\"image\":{\"@id\":\"https:\\\/\\\/www.eldiario.net\\\/portal\\\/2025\\\/06\\\/06\\\/comision-de-diputados-investiga-presunta-red-de-trata-en-unidad-educativa-crucena\\\/#primaryimage\"},\"thumbnailUrl\":\"https:\\\/\\\/www.eldiario.net\\\/portal\\\/wp-content\\\/uploads\\\/2025\\\/06\\\/6-DIP.jpg\",\"datePublished\":\"2025-06-06T09:43:00+00:00\",\"dateModified\":\"2025-06-06T09:47:17+00:00\",\"breadcrumb\":{\"@id\":\"https:\\\/\\\/www.eldiario.net\\\/portal\\\/2025\\\/06\\\/06\\\/comision-de-diputados-investiga-presunta-red-de-trata-en-unidad-educativa-crucena\\\/#breadcrumb\"},\"inLanguage\":\"es\",\"potentialAction\":[{\"@type\":\"ReadAction\",\"target\":[\"https:\\\/\\\/www.eldiario.net\\\/portal\\\/2025\\\/06\\\/06\\\/comision-de-diputados-investiga-presunta-red-de-trata-en-unidad-educativa-crucena\\\/\"]}]},{\"@type\":\"ImageObject\",\"inLanguage\":\"es\",\"@id\":\"https:\\\/\\\/www.eldiario.net\\\/portal\\\/2025\\\/06\\\/06\\\/comision-de-diputados-investiga-presunta-red-de-trata-en-unidad-educativa-crucena\\\/#primaryimage\",\"url\":\"https:\\\/\\\/www.eldiario.net\\\/portal\\\/wp-content\\\/uploads\\\/2025\\\/06\\\/6-DIP.jpg\",\"contentUrl\":\"https:\\\/\\\/www.eldiario.net\\\/portal\\\/wp-content\\\/uploads\\\/2025\\\/06\\\/6-DIP.jpg\",\"width\":1172,\"height\":776,\"caption\":\"Diputada Ya\u00f1\u00edquez declara a la prensa. Foto: C\u00e1mara de Diputados\"},{\"@type\":\"BreadcrumbList\",\"@id\":\"https:\\\/\\\/www.eldiario.net\\\/portal\\\/2025\\\/06\\\/06\\\/comision-de-diputados-investiga-presunta-red-de-trata-en-unidad-educativa-crucena\\\/#breadcrumb\",\"itemListElement\":[{\"@type\":\"ListItem\",\"position\":1,\"name\":\"Portada\",\"item\":\"https:\\\/\\\/www.eldiario.net\\\/portal\\\/\"},{\"@type\":\"ListItem\",\"position\":2,\"name\":\"Comisi\u00f3n de Diputados investiga presunta red de trata en unidad educativa cruce\u00f1a\"}]},{\"@type\":\"WebSite\",\"@id\":\"https:\\\/\\\/www.eldiario.net\\\/portal\\\/#website\",\"url\":\"https:\\\/\\\/www.eldiario.net\\\/portal\\\/\",\"name\":\"El Diario - Decano de la prensa nacional\",\"description\":\"El Diario - Decano de la prensa nacional\",\"publisher\":{\"@id\":\"https:\\\/\\\/www.eldiario.net\\\/portal\\\/#organization\"},\"potentialAction\":[{\"@type\":\"SearchAction\",\"target\":{\"@type\":\"EntryPoint\",\"urlTemplate\":\"https:\\\/\\\/www.eldiario.net\\\/portal\\\/?s={search_term_string}\"},\"query-input\":{\"@type\":\"PropertyValueSpecification\",\"valueRequired\":true,\"valueName\":\"search_term_string\"}}],\"inLanguage\":\"es\"},{\"@type\":\"Organization\",\"@id\":\"https:\\\/\\\/www.eldiario.net\\\/portal\\\/#organization\",\"name\":\"El Diario - Decano de la prensa nacional\",\"url\":\"https:\\\/\\\/www.eldiario.net\\\/portal\\\/\",\"logo\":{\"@type\":\"ImageObject\",\"inLanguage\":\"es\",\"@id\":\"https:\\\/\\\/www.eldiario.net\\\/portal\\\/#\\\/schema\\\/logo\\\/image\\\/\",\"url\":\"https:\\\/\\\/www.eldiario.net\\\/portal\\\/wp-content\\\/uploads\\\/2023\\\/07\\\/logo_ED.jpg\",\"contentUrl\":\"https:\\\/\\\/www.eldiario.net\\\/portal\\\/wp-content\\\/uploads\\\/2023\\\/07\\\/logo_ED.jpg\",\"width\":272,\"height\":52,\"caption\":\"El Diario - Decano de la prensa nacional\"},\"image\":{\"@id\":\"https:\\\/\\\/www.eldiario.net\\\/portal\\\/#\\\/schema\\\/logo\\\/image\\\/\"},\"sameAs\":[\"https:\\\/\\\/www.facebook.com\\\/eldiario.bolivia\\\/\",\"https:\\\/\\\/x.com\\\/eldiario_net\"]},{\"@type\":\"Person\",\"@id\":\"https:\\\/\\\/www.eldiario.net\\\/portal\\\/#\\\/schema\\\/person\\\/f46445640444750d7d753ccd04ae01b7\",\"name\":\"Jeanette\",\"image\":{\"@type\":\"ImageObject\",\"inLanguage\":\"es\",\"@id\":\"https:\\\/\\\/secure.gravatar.com\\\/avatar\\\/3ea2118a5f7dad2b7138b1187a6b7ee55f160b9968b66013c3a3ef39dd7e5798?s=96&d=mm&r=g\",\"url\":\"https:\\\/\\\/secure.gravatar.com\\\/avatar\\\/3ea2118a5f7dad2b7138b1187a6b7ee55f160b9968b66013c3a3ef39dd7e5798?s=96&d=mm&r=g\",\"contentUrl\":\"https:\\\/\\\/secure.gravatar.com\\\/avatar\\\/3ea2118a5f7dad2b7138b1187a6b7ee55f160b9968b66013c3a3ef39dd7e5798?s=96&d=mm&r=g\",\"caption\":\"Jeanette\"},\"sameAs\":[\"https:\\\/\\\/www.eldiario.net\\\/portal\"],\"url\":\"https:\\\/\\\/www.eldiario.net\\\/portal\\\/author\\\/jeanette\\\/\"}]}<\/script>\n<!-- \/ Yoast SEO plugin. -->","yoast_head_json":{"title":"Comisi\u00f3n de Diputados investiga presunta red de trata en unidad educativa cruce\u00f1a - El Diario - Bolivia","robots":{"index":"index","follow":"follow","max-snippet":"max-snippet:-1","max-image-preview":"max-image-preview:large","max-video-preview":"max-video-preview:-1"},"canonical":"https:\/\/www.eldiario.net\/portal\/2025\/06\/06\/comision-de-diputados-investiga-presunta-red-de-trata-en-unidad-educativa-crucena\/","og_locale":"es_ES","og_type":"article","og_title":"Comisi\u00f3n de Diputados investiga presunta red de trata en unidad educativa cruce\u00f1a - El Diario - Bolivia","og_description":"La Comisi\u00f3n de Derechos Humanos de la C\u00e1mara de Diputados investiga un posible caso de tr\u00e1fico sexual en una unidad educativa de la zona El Mechero, en Santa Cruz de la Sierra, donde al menos 20 menores de edad habr\u00edan sido v\u00edctimas de propuestas sexuales a cambio de dinero. La diputada que preside la Comisi\u00f3n, [&hellip;]","og_url":"https:\/\/www.eldiario.net\/portal\/2025\/06\/06\/comision-de-diputados-investiga-presunta-red-de-trata-en-unidad-educativa-crucena\/","og_site_name":"El Diario - Bolivia","article_publisher":"https:\/\/www.facebook.com\/eldiario.bolivia\/","article_published_time":"2025-06-06T09:43:00+00:00","article_modified_time":"2025-06-06T09:47:17+00:00","og_image":[{"width":1172,"height":776,"url":"https:\/\/www.eldiario.net\/portal\/wp-content\/uploads\/2025\/06\/6-DIP.jpg","type":"image\/jpeg"}],"author":"Jeanette","twitter_card":"summary_large_image","twitter_creator":"@eldiario_net","twitter_site":"@eldiario_net","twitter_misc":{"Escrito por":"Jeanette","Tiempo de lectura":"2 minutos"},"schema":{"@context":"https:\/\/schema.org","@graph":[{"@type":"Article","@id":"https:\/\/www.eldiario.net\/portal\/2025\/06\/06\/comision-de-diputados-investiga-presunta-red-de-trata-en-unidad-educativa-crucena\/#article","isPartOf":{"@id":"https:\/\/www.eldiario.net\/portal\/2025\/06\/06\/comision-de-diputados-investiga-presunta-red-de-trata-en-unidad-educativa-crucena\/"},"author":{"name":"Jeanette","@id":"https:\/\/www.eldiario.net\/portal\/#\/schema\/person\/f46445640444750d7d753ccd04ae01b7"},"headline":"Comisi\u00f3n de Diputados investiga presunta red de trata en unidad educativa cruce\u00f1a","datePublished":"2025-06-06T09:43:00+00:00","dateModified":"2025-06-06T09:47:17+00:00","mainEntityOfPage":{"@id":"https:\/\/www.eldiario.net\/portal\/2025\/06\/06\/comision-de-diputados-investiga-presunta-red-de-trata-en-unidad-educativa-crucena\/"},"wordCount":319,"publisher":{"@id":"https:\/\/www.eldiario.net\/portal\/#organization"},"image":{"@id":"https:\/\/www.eldiario.net\/portal\/2025\/06\/06\/comision-de-diputados-investiga-presunta-red-de-trata-en-unidad-educativa-crucena\/#primaryimage"},"thumbnailUrl":"https:\/\/www.eldiario.net\/portal\/wp-content\/uploads\/2025\/06\/6-DIP.jpg","articleSection":["Sociedad - Seguridad"],"inLanguage":"es"},{"@type":"WebPage","@id":"https:\/\/www.eldiario.net\/portal\/2025\/06\/06\/comision-de-diputados-investiga-presunta-red-de-trata-en-unidad-educativa-crucena\/","url":"https:\/\/www.eldiario.net\/portal\/2025\/06\/06\/comision-de-diputados-investiga-presunta-red-de-trata-en-unidad-educativa-crucena\/","name":"Comisi\u00f3n de Diputados investiga presunta red de trata en unidad educativa cruce\u00f1a - El Diario - Bolivia","isPartOf":{"@id":"https:\/\/www.eldiario.net\/portal\/#website"},"primaryImageOfPage":{"@id":"https:\/\/www.eldiario.net\/portal\/2025\/06\/06\/comision-de-diputados-investiga-presunta-red-de-trata-en-unidad-educativa-crucena\/#primaryimage"},"image":{"@id":"https:\/\/www.eldiario.net\/portal\/2025\/06\/06\/comision-de-diputados-investiga-presunta-red-de-trata-en-unidad-educativa-crucena\/#primaryimage"},"thumbnailUrl":"https:\/\/www.eldiario.net\/portal\/wp-content\/uploads\/2025\/06\/6-DIP.jpg","datePublished":"2025-06-06T09:43:00+00:00","dateModified":"2025-06-06T09:47:17+00:00","breadcrumb":{"@id":"https:\/\/www.eldiario.net\/portal\/2025\/06\/06\/comision-de-diputados-investiga-presunta-red-de-trata-en-unidad-educativa-crucena\/#breadcrumb"},"inLanguage":"es","potentialAction":[{"@type":"ReadAction","target":["https:\/\/www.eldiario.net\/portal\/2025\/06\/06\/comision-de-diputados-investiga-presunta-red-de-trata-en-unidad-educativa-crucena\/"]}]},{"@type":"ImageObject","inLanguage":"es","@id":"https:\/\/www.eldiario.net\/portal\/2025\/06\/06\/comision-de-diputados-investiga-presunta-red-de-trata-en-unidad-educativa-crucena\/#primaryimage","url":"https:\/\/www.eldiario.net\/portal\/wp-content\/uploads\/2025\/06\/6-DIP.jpg","contentUrl":"https:\/\/www.eldiario.net\/portal\/wp-content\/uploads\/2025\/06\/6-DIP.jpg","width":1172,"height":776,"caption":"Diputada Ya\u00f1\u00edquez declara a la prensa. Foto: C\u00e1mara de Diputados"},{"@type":"BreadcrumbList","@id":"https:\/\/www.eldiario.net\/portal\/2025\/06\/06\/comision-de-diputados-investiga-presunta-red-de-trata-en-unidad-educativa-crucena\/#breadcrumb","itemListElement":[{"@type":"ListItem","position":1,"name":"Portada","item":"https:\/\/www.eldiario.net\/portal\/"},{"@type":"ListItem","position":2,"name":"Comisi\u00f3n de Diputados investiga presunta red de trata en unidad educativa cruce\u00f1a"}]},{"@type":"WebSite","@id":"https:\/\/www.eldiario.net\/portal\/#website","url":"https:\/\/www.eldiario.net\/portal\/","name":"El Diario - Decano de la prensa nacional","description":"El Diario - Decano de la prensa nacional","publisher":{"@id":"https:\/\/www.eldiario.net\/portal\/#organization"},"potentialAction":[{"@type":"SearchAction","target":{"@type":"EntryPoint","urlTemplate":"https:\/\/www.eldiario.net\/portal\/?s={search_term_string}"},"query-input":{"@type":"PropertyValueSpecification","valueRequired":true,"valueName":"search_term_string"}}],"inLanguage":"es"},{"@type":"Organization","@id":"https:\/\/www.eldiario.net\/portal\/#organization","name":"El Diario - Decano de la prensa nacional","url":"https:\/\/www.eldiario.net\/portal\/","logo":{"@type":"ImageObject","inLanguage":"es","@id":"https:\/\/www.eldiario.net\/portal\/#\/schema\/logo\/image\/","url":"https:\/\/www.eldiario.net\/portal\/wp-content\/uploads\/2023\/07\/logo_ED.jpg","contentUrl":"https:\/\/www.eldiario.net\/portal\/wp-content\/uploads\/2023\/07\/logo_ED.jpg","width":272,"height":52,"caption":"El Diario - Decano de la prensa nacional"},"image":{"@id":"https:\/\/www.eldiario.net\/portal\/#\/schema\/logo\/image\/"},"sameAs":["https:\/\/www.facebook.com\/eldiario.bolivia\/","https:\/\/x.com\/eldiario_net"]},{"@type":"Person","@id":"https:\/\/www.eldiario.net\/portal\/#\/schema\/person\/f46445640444750d7d753ccd04ae01b7","name":"Jeanette","image":{"@type":"ImageObject","inLanguage":"es","@id":"https:\/\/secure.gravatar.com\/avatar\/3ea2118a5f7dad2b7138b1187a6b7ee55f160b9968b66013c3a3ef39dd7e5798?s=96&d=mm&r=g","url":"https:\/\/secure.gravatar.com\/avatar\/3ea2118a5f7dad2b7138b1187a6b7ee55f160b9968b66013c3a3ef39dd7e5798?s=96&d=mm&r=g","contentUrl":"https:\/\/secure.gravatar.com\/avatar\/3ea2118a5f7dad2b7138b1187a6b7ee55f160b9968b66013c3a3ef39dd7e5798?s=96&d=mm&r=g","caption":"Jeanette"},"sameAs":["https:\/\/www.eldiario.net\/portal"],"url":"https:\/\/www.eldiario.net\/portal\/author\/jeanette\/"}]}},"_links":{"self":[{"href":"https:\/\/www.eldiario.net\/portal\/wp-json\/wp\/v2\/posts\/307671","targetHints":{"allow":["GET"]}}],"collection":[{"href":"https:\/\/www.eldiario.net\/portal\/wp-json\/wp\/v2\/posts"}],"about":[{"href":"https:\/\/www.eldiario.net\/portal\/wp-json\/wp\/v2\/types\/post"}],"author":[{"embeddable":true,"href":"https:\/\/www.eldiario.net\/portal\/wp-json\/wp\/v2\/users\/1"}],"replies":[{"embeddable":true,"href":"https:\/\/www.eldiario.net\/portal\/wp-json\/wp\/v2\/comments?post=307671"}],"version-history":[{"count":1,"href":"https:\/\/www.eldiario.net\/portal\/wp-json\/wp\/v2\/posts\/307671\/revisions"}],"predecessor-version":[{"id":307673,"href":"https:\/\/www.eldiario.net\/portal\/wp-json\/wp\/v2\/posts\/307671\/revisions\/307673"}],"wp:featuredmedia":[{"embeddable":true,"href":"https:\/\/www.eldiario.net\/portal\/wp-json\/wp\/v2\/media\/307672"}],"wp:attachment":[{"href":"https:\/\/www.eldiario.net\/portal\/wp-json\/wp\/v2\/media?parent=307671"}],"wp:term":[{"taxonomy":"category","embeddable":true,"href":"https:\/\/www.eldiario.net\/portal\/wp-json\/wp\/v2\/categories?post=307671"},{"taxonomy":"post_tag","embeddable":true,"href":"https:\/\/www.eldiario.net\/portal\/wp-json\/wp\/v2\/tags?post=307671"}],"curies":[{"name":"wp","href":"https:\/\/api.w.org\/{rel}","templated":true}]}}